{"id":6399,"date":"2025-06-23T12:05:35","date_gmt":"2025-06-23T16:05:35","guid":{"rendered":"https:\/\/worldvapersalliance.com\/?p=6399"},"modified":"2025-08-08T12:07:54","modified_gmt":"2025-08-08T16:07:54","slug":"there-is-a-democratic-deficit-at-the-heart-of-eu-policy-making","status":"publish","type":"post","link":"https:\/\/worldvapersalliance.com\/sv\/there-is-a-democratic-deficit-at-the-heart-of-eu-policy-making\/","title":{"rendered":"Det finns ett demokratiskt underskott i centrum f\u00f6r EU:s politik"},"content":{"rendered":"<p class=\"\">Som den\u00a0<a href=\"https:\/\/www.worldtobaccocontrol.org\/\">V\u00e4rldskonferensen om tobakskontroll<\/a>\u00a0en kraftfull visuell protest som utspelade sig i Dublin denna vecka f\u00e5ngade en grundl\u00e4ggande or\u00e4ttvisa:\u00a0<strong>konsumenter, just de m\u00e4nniskor som drabbas mest av tobakspolitiken, f\u00f6rblir systematiskt utest\u00e4ngda fr\u00e5n globalt beslutsfattande<\/strong>. Den &quot;\u201c<a href=\"https:\/\/worldvapersalliance.com\/sv\/voices-unheard-consumers-matter\/\">R\u00f6ster som inte h\u00f6rs \u2013 Konsumenter spelar roll!<\/a>\u201d-kampanjen inneh\u00f6ll en ljusshow som lyste upp konferenscentret och en tyst protest med tejpade munnar, som symboliserade hur vuxna r\u00f6kare och f\u00f6re detta r\u00f6kare nekas en plats vid bordet. Detta undantag \u00e4r inte bara ironiskt; det \u00e4r en \u00f6desdiger brist i den globala tobakskontrollen, en som kommer att n\u00e5 en krispunkt vid COP11 i Gen\u00e8ve i november om inte beslutsfattare konfronterar Michael Bloombergs och V\u00e4rldsh\u00e4lsoorganisationens ideologiskt drivna agendor direkt.<\/p>\n<p class=\"\">Den nuvarande strategin f\u00f6r tobakskontroll \u00e4r avsiktligt trasig. Medan Bloomberg satsar miljarder p\u00e5 f\u00f6rbudspolitik och WHO aggressivt driver p\u00e5\u00a0<a href=\"https:\/\/fctc.who.int\/newsroom\/news\/item\/30-05-2025-who-fctc-urges-parties-to-prohibit-ingredients-used-to-increase-product-attractiveness-and-palatability\">smakf\u00f6rbud<\/a>\u00a0och begr\u00e4nsningar av s\u00e4krare alternativ, avf\u00e4rdas de levda erfarenheterna hos miljontals m\u00e4nniskor som har slutat r\u00f6ka genom produkter med reducerad risk. Detta \u00e4r inte en olycksh\u00e4ndelse, det \u00e4r institutionaliserat utanf\u00f6rskap. WHO:s ramkonvention om tobakskontroll, som Bloombergs finansiering starkt p\u00e5verkar, s\u00e4tter uttryckligen konsumenternas r\u00f6ster och expertis inom skademinskning \u00e5t sidan. Resultatet \u00e4r en politik som Indiens vapingf\u00f6rbud fr\u00e5n 2019 \u2013 direkt f\u00f6respr\u00e5kad av Bloomberg-finansierade grupper \u2013 som eliminerar livr\u00e4ddande alternativ medan l\u00e4ttant\u00e4ndliga cigaretter f\u00f6rblir allm\u00e4nt tillg\u00e4ngliga. Det \u00e4r en pervers folkh\u00e4lsostrategi: skydda cigarettmarknaden genom att f\u00f6rbjuda konkurrens.<\/p>\n<p class=\"\"><strong>Ingenstans \u00e4r denna brist p\u00e5 samh\u00f6righet mer alarmerande \u00e4n i Europeiska unionen. I takt med att Sverige n\u00e4rmar sig &quot;r\u00f6kfri&quot; status genom pragmatisk skademinskning, flirtar EU-kommissionen med f\u00f6rbudspolitik under sin revidering av tobaksproduktdirektivet.<\/strong>\u00a0<a href=\"https:\/\/worldvapersalliance.com\/sv\/eu-turns-vapers-into-piggy-banks-lives-at-risk-as-eu-commission-pushes-for-extra-cash-instead-of-public-health\/\">L\u00e4ckta f\u00f6rslag<\/a>\u00a0f\u00f6resl\u00e5 smakf\u00f6rbud, restriktioner f\u00f6r nikotinp\u00e5sar och skatter p\u00e5 vaping \u2013 \u00e5tg\u00e4rder som oundvikligen skulle driva europ\u00e9er tillbaka till r\u00f6kning. Detta \u00e4r inte spekulation; det \u00e4r ett etablerat m\u00f6nster.<strong>\u00a0N\u00e4r World Vapers&#039; Alliance levererade\u00a0<a href=\"https:\/\/worldvapersalliance.com\/sv\/every-life-counts\/\">100 000 underskrifter<\/a>\u00a0till Europaparlamentet i protest mot dessa regressiva \u00e5tg\u00e4rder, lyfte den fram ett demokratiskt underskott<\/strong>Beslutsfattare lagstiftar mot konsumenter, inte f\u00f6r dem. EU:s anslutning till WHO:s antivetenskapliga h\u00e5llning \u2013 d\u00e4r \u201cmindre skadligt\u201d avsiktligt misstolkas som \u201cfortfarande skadligt\u201d \u2013 ignorerar \u00f6verv\u00e4ldigande bevis fr\u00e5n Public Health England och andra att vapning \u00e4r s\u00e4krare \u00e4n r\u00f6kning.<\/p>\n<p class=\"\">COP11 erbjuder en sista m\u00f6jlighet att avv\u00e4rja en politisk katastrof. \u00c4nd\u00e5 \u00e4r FCTC:s 20-\u00e5riga meritlista dyster: konsumentutest\u00e4ngning, ideologi framf\u00f6r bevis och Bloombergs skugga dominerar. FCTC-processen hindrar aktivt konsumentdeltagande och avf\u00e4rdar verkliga insikter fr\u00e5n dem som framg\u00e5ngsrikt har slutat r\u00f6ka. WHO:s krav p\u00e5\u00a0<a href=\"https:\/\/worldvapersalliance.com\/wp-content\/uploads\/2025\/06\/Briefing-WHO-Flavour-Ban.pdf\">smakf\u00f6rbud<\/a>\u00a0mots\u00e4ger data som visar att smaker \u00e4r avg\u00f6rande f\u00f6r r\u00f6kavv\u00e4njning bland vuxna. Bloomberg finansierar majoriteten av globala initiativ f\u00f6r tobakskontroll, vilket g\u00f6r hans stiftelses motst\u00e5nd mot skademinskning till i praktiken global politik.<\/p>\n<h5><strong>Prioriteten m\u00e5ste vara att r\u00e4dda liv<\/strong><\/h5>\n<p class=\"\"><strong>Detta m\u00e5ste f\u00e5 ett slut. L\u00e4nder som anammar skademinskning ser exempell\u00f6sa minskningar av r\u00f6kning: Japans upphetsade tobakskonsumtion minskade cigarettf\u00f6rs\u00e4ljningen med 42 procent p\u00e5 fem \u00e5r. Sverige och Nya Zeeland blir snart r\u00f6kfria tack vare sina progressiva metoder f\u00f6r vaping, portionsp\u00e5sar och snus.<\/strong><\/p>\n<p class=\"\">L\u00f6sningen kr\u00e4ver en grundl\u00e4ggande omstrukturering. Konsumenterna m\u00e5ste st\u00e5 i centrum f\u00f6r utformningen av policyn, inklusive f\u00f6re detta r\u00f6kare och f\u00f6respr\u00e5kare f\u00f6r skademinskning i COP11-delegationerna. Beslutsfattare b\u00f6r f\u00f6lja bevisen och reglera baserat p\u00e5 relativ risk, inte moralisk panik. Bloombergs \u00f6verdrivna agerande m\u00e5ste avvisas; folkh\u00e4lsopolitiken b\u00f6r inte dikteras av en miljard\u00e4rs personliga korst\u00e5g. FCTC m\u00e5ste modernisera och omfamna tobaksskademinskning som en k\u00e4rnstrategi, inte ett hot.<\/p>\n<p class=\"\">Protesten i Dublin (se bilden) var inte en teater, den var en varning. N\u00e4r policyer utformas i ideologins och inflytandets ekokammare misslyckas de. N\u00e4r COP11 n\u00e4rmar sig \u00e4r valet tydligt: forts\u00e4tta Bloombergs f\u00f6rbudsexperiment och d\u00f6ma miljontals till r\u00f6krelaterade d\u00f6dsfall, eller \u00e4ntligen lyssna p\u00e5 dem som har hittat s\u00e4krare v\u00e4gar bort fr\u00e5n r\u00f6kning. Framtiden f\u00f6r skademinskning h\u00e4nger p\u00e5 en v\u00e5gsk\u00e5l, och vi v\u00e4grar att tiga.<\/p>\n<p>Ursprungligen publicerad <a href=\"https:\/\/www.brusselsreport.eu\/2025\/06\/23\/there-is-a-democratic-deficit-at-the-heart-of-eu-policy-making\/\" target=\"_blank\" rel=\"noopener\">h\u00e4r<\/a><\/p>","protected":false},"excerpt":{"rendered":"<p>As the\u00a0World Conference on Tobacco Control\u00a0unfolded in Dublin this week, a powerful visual protest captured a fundamental injustice:\u00a0consumers, the very people most affected by tobacco policies, remain systematically excluded from global decision-making. The \u201cVoices Unheard \u2013 Consumers Matter!\u201d campaign featured a light show illuminating the conference centre and a silent protest with taped mouths, symbolising [&hellip;]<\/p>\n","protected":false},"author":4,"featured_media":6394,"comment_status":"open","ping_status":"open","sticky":false,"template":"","format":"standard","meta":{"footnotes":""},"categories":[15],"tags":[],"class_list":["post-6399","post","type-post","status-publish","format-standard","has-post-thumbnail","hentry","category-wva-in-the-news"],"yoast_head":"<!-- This site is optimized with the Yoast SEO plugin v27.3 - https:\/\/yoast.com\/product\/yoast-seo-wordpress\/ -->\n<title>There is a democratic deficit at the heart of EU policy making - World Vapers&#039; Alliance<\/title>\n<meta name=\"robots\" content=\"index, follow, max-snippet:-1, max-image-preview:large, max-video-preview:-1\" \/>\n<link rel=\"canonical\" href=\"https:\/\/worldvapersalliance.com\/sv\/there-is-a-democratic-deficit-at-the-heart-of-eu-policy-making\/\" \/>\n<meta property=\"og:locale\" content=\"sv_SE\" \/>\n<meta property=\"og:type\" content=\"article\" \/>\n<meta property=\"og:title\" content=\"There is a democratic deficit at the heart of EU policy making - World Vapers&#039; Alliance\" \/>\n<meta property=\"og:description\" content=\"As the\u00a0World Conference on Tobacco Control\u00a0unfolded in Dublin this week, a powerful visual protest captured a fundamental injustice:\u00a0consumers, the very people most affected by tobacco policies, remain systematically excluded from global decision-making. The \u201cVoices Unheard \u2013 Consumers Matter!\u201d campaign featured a light show illuminating the conference centre and a silent protest with taped mouths, symbolising [&hellip;]\" \/>\n<meta property=\"og:url\" content=\"https:\/\/worldvapersalliance.com\/sv\/there-is-a-democratic-deficit-at-the-heart-of-eu-policy-making\/\" \/>\n<meta property=\"og:site_name\" content=\"World Vapers&#039; Alliance\" \/>\n<meta property=\"article:published_time\" content=\"2025-06-23T16:05:35+00:00\" \/>\n<meta property=\"article:modified_time\" content=\"2025-08-08T16:07:54+00:00\" \/>\n<meta property=\"og:image\" content=\"https:\/\/worldvapersalliance.com\/wp-content\/uploads\/2025\/08\/WVA-in-the-news.png\" \/>\n\t<meta property=\"og:image:width\" content=\"1264\" \/>\n\t<meta property=\"og:image:height\" content=\"848\" \/>\n\t<meta property=\"og:image:type\" content=\"image\/png\" \/>\n<meta name=\"author\" content=\"Michael Landl\" \/>\n<meta name=\"twitter:card\" content=\"summary_large_image\" \/>\n<meta name=\"twitter:label1\" content=\"Skriven av\" \/>\n\t<meta name=\"twitter:data1\" content=\"Michael Landl\" \/>\n\t<meta name=\"twitter:label2\" content=\"Ber\u00e4knad l\u00e4stid\" \/>\n\t<meta name=\"twitter:data2\" content=\"3 minuter\" \/>\n<script type=\"application\/ld+json\" class=\"yoast-schema-graph\">{\"@context\":\"https:\\\/\\\/schema.org\",\"@graph\":[{\"@type\":\"Article\",\"@id\":\"https:\\\/\\\/worldvapersalliance.com\\\/there-is-a-democratic-deficit-at-the-heart-of-eu-policy-making\\\/#article\",\"isPartOf\":{\"@id\":\"https:\\\/\\\/worldvapersalliance.com\\\/there-is-a-democratic-deficit-at-the-heart-of-eu-policy-making\\\/\"},\"author\":{\"name\":\"Michael Landl\",\"@id\":\"https:\\\/\\\/worldvapersalliance.com\\\/#\\\/schema\\\/person\\\/05f663571d787d89a2d5c77c482a6583\"},\"headline\":\"There is a democratic deficit at the heart of EU policy making\",\"datePublished\":\"2025-06-23T16:05:35+00:00\",\"dateModified\":\"2025-08-08T16:07:54+00:00\",\"mainEntityOfPage\":{\"@id\":\"https:\\\/\\\/worldvapersalliance.com\\\/there-is-a-democratic-deficit-at-the-heart-of-eu-policy-making\\\/\"},\"wordCount\":638,\"commentCount\":0,\"publisher\":{\"@id\":\"https:\\\/\\\/worldvapersalliance.com\\\/#organization\"},\"image\":{\"@id\":\"https:\\\/\\\/worldvapersalliance.com\\\/there-is-a-democratic-deficit-at-the-heart-of-eu-policy-making\\\/#primaryimage\"},\"thumbnailUrl\":\"https:\\\/\\\/worldvapersalliance.com\\\/wp-content\\\/uploads\\\/2025\\\/08\\\/WVA-in-the-news.png\",\"articleSection\":[\"WVA in the News\"],\"inLanguage\":\"sv-SE\",\"potentialAction\":[{\"@type\":\"CommentAction\",\"name\":\"Comment\",\"target\":[\"https:\\\/\\\/worldvapersalliance.com\\\/there-is-a-democratic-deficit-at-the-heart-of-eu-policy-making\\\/#respond\"]}]},{\"@type\":\"WebPage\",\"@id\":\"https:\\\/\\\/worldvapersalliance.com\\\/there-is-a-democratic-deficit-at-the-heart-of-eu-policy-making\\\/\",\"url\":\"https:\\\/\\\/worldvapersalliance.com\\\/there-is-a-democratic-deficit-at-the-heart-of-eu-policy-making\\\/\",\"name\":\"There is a democratic deficit at the heart of EU policy making - World Vapers&#039; Alliance\",\"isPartOf\":{\"@id\":\"https:\\\/\\\/worldvapersalliance.com\\\/#website\"},\"primaryImageOfPage\":{\"@id\":\"https:\\\/\\\/worldvapersalliance.com\\\/there-is-a-democratic-deficit-at-the-heart-of-eu-policy-making\\\/#primaryimage\"},\"image\":{\"@id\":\"https:\\\/\\\/worldvapersalliance.com\\\/there-is-a-democratic-deficit-at-the-heart-of-eu-policy-making\\\/#primaryimage\"},\"thumbnailUrl\":\"https:\\\/\\\/worldvapersalliance.com\\\/wp-content\\\/uploads\\\/2025\\\/08\\\/WVA-in-the-news.png\",\"datePublished\":\"2025-06-23T16:05:35+00:00\",\"dateModified\":\"2025-08-08T16:07:54+00:00\",\"inLanguage\":\"sv-SE\",\"potentialAction\":[{\"@type\":\"ReadAction\",\"target\":[\"https:\\\/\\\/worldvapersalliance.com\\\/there-is-a-democratic-deficit-at-the-heart-of-eu-policy-making\\\/\"]}]},{\"@type\":\"ImageObject\",\"inLanguage\":\"sv-SE\",\"@id\":\"https:\\\/\\\/worldvapersalliance.com\\\/there-is-a-democratic-deficit-at-the-heart-of-eu-policy-making\\\/#primaryimage\",\"url\":\"https:\\\/\\\/worldvapersalliance.com\\\/wp-content\\\/uploads\\\/2025\\\/08\\\/WVA-in-the-news.png\",\"contentUrl\":\"https:\\\/\\\/worldvapersalliance.com\\\/wp-content\\\/uploads\\\/2025\\\/08\\\/WVA-in-the-news.png\",\"width\":1264,\"height\":848},{\"@type\":\"WebSite\",\"@id\":\"https:\\\/\\\/worldvapersalliance.com\\\/#website\",\"url\":\"https:\\\/\\\/worldvapersalliance.com\\\/\",\"name\":\"World Vapers&#039; Alliance\",\"description\":\"The largest community of vapers\",\"publisher\":{\"@id\":\"https:\\\/\\\/worldvapersalliance.com\\\/#organization\"},\"potentialAction\":[{\"@type\":\"SearchAction\",\"target\":{\"@type\":\"EntryPoint\",\"urlTemplate\":\"https:\\\/\\\/worldvapersalliance.com\\\/?s={search_term_string}\"},\"query-input\":{\"@type\":\"PropertyValueSpecification\",\"valueRequired\":true,\"valueName\":\"search_term_string\"}}],\"inLanguage\":\"sv-SE\"},{\"@type\":\"Organization\",\"@id\":\"https:\\\/\\\/worldvapersalliance.com\\\/#organization\",\"name\":\"World Vapers&#039; Alliance\",\"url\":\"https:\\\/\\\/worldvapersalliance.com\\\/\",\"logo\":{\"@type\":\"ImageObject\",\"inLanguage\":\"sv-SE\",\"@id\":\"https:\\\/\\\/worldvapersalliance.com\\\/#\\\/schema\\\/logo\\\/image\\\/\",\"url\":\"https:\\\/\\\/worldvapersalliance.com\\\/wp-content\\\/uploads\\\/2022\\\/01\\\/WVA_RB_Fist_G.png\",\"contentUrl\":\"https:\\\/\\\/worldvapersalliance.com\\\/wp-content\\\/uploads\\\/2022\\\/01\\\/WVA_RB_Fist_G.png\",\"width\":985,\"height\":1177,\"caption\":\"World Vapers&#039; Alliance\"},\"image\":{\"@id\":\"https:\\\/\\\/worldvapersalliance.com\\\/#\\\/schema\\\/logo\\\/image\\\/\"}},{\"@type\":\"Person\",\"@id\":\"https:\\\/\\\/worldvapersalliance.com\\\/#\\\/schema\\\/person\\\/05f663571d787d89a2d5c77c482a6583\",\"name\":\"Michael Landl\",\"image\":{\"@type\":\"ImageObject\",\"inLanguage\":\"sv-SE\",\"@id\":\"https:\\\/\\\/secure.gravatar.com\\\/avatar\\\/1537a11db5ae7fef0631b6c662f439d8a632c50630c980828d0e2c4de581568b?s=96&d=mm&r=g\",\"url\":\"https:\\\/\\\/secure.gravatar.com\\\/avatar\\\/1537a11db5ae7fef0631b6c662f439d8a632c50630c980828d0e2c4de581568b?s=96&d=mm&r=g\",\"contentUrl\":\"https:\\\/\\\/secure.gravatar.com\\\/avatar\\\/1537a11db5ae7fef0631b6c662f439d8a632c50630c980828d0e2c4de581568b?s=96&d=mm&r=g\",\"caption\":\"Michael Landl\"},\"url\":\"https:\\\/\\\/worldvapersalliance.com\\\/sv\\\/author\\\/michael\\\/\"}]}<\/script>\n<!-- \/ Yoast SEO plugin. -->","yoast_head_json":{"title":"Det finns ett demokratiskt underskott i centrum f\u00f6r EU:s politik - World Vapers&#039; Alliance","robots":{"index":"index","follow":"follow","max-snippet":"max-snippet:-1","max-image-preview":"max-image-preview:large","max-video-preview":"max-video-preview:-1"},"canonical":"https:\/\/worldvapersalliance.com\/sv\/there-is-a-democratic-deficit-at-the-heart-of-eu-policy-making\/","og_locale":"sv_SE","og_type":"article","og_title":"There is a democratic deficit at the heart of EU policy making - World Vapers&#039; Alliance","og_description":"As the\u00a0World Conference on Tobacco Control\u00a0unfolded in Dublin this week, a powerful visual protest captured a fundamental injustice:\u00a0consumers, the very people most affected by tobacco policies, remain systematically excluded from global decision-making. The \u201cVoices Unheard \u2013 Consumers Matter!\u201d campaign featured a light show illuminating the conference centre and a silent protest with taped mouths, symbolising [&hellip;]","og_url":"https:\/\/worldvapersalliance.com\/sv\/there-is-a-democratic-deficit-at-the-heart-of-eu-policy-making\/","og_site_name":"World Vapers&#039; Alliance","article_published_time":"2025-06-23T16:05:35+00:00","article_modified_time":"2025-08-08T16:07:54+00:00","og_image":[{"width":1264,"height":848,"url":"https:\/\/worldvapersalliance.com\/wp-content\/uploads\/2025\/08\/WVA-in-the-news.png","type":"image\/png"}],"author":"Michael Landl","twitter_card":"summary_large_image","twitter_misc":{"Skriven av":"Michael Landl","Ber\u00e4knad l\u00e4stid":"3 minuter"},"schema":{"@context":"https:\/\/schema.org","@graph":[{"@type":"Article","@id":"https:\/\/worldvapersalliance.com\/there-is-a-democratic-deficit-at-the-heart-of-eu-policy-making\/#article","isPartOf":{"@id":"https:\/\/worldvapersalliance.com\/there-is-a-democratic-deficit-at-the-heart-of-eu-policy-making\/"},"author":{"name":"Michael Landl","@id":"https:\/\/worldvapersalliance.com\/#\/schema\/person\/05f663571d787d89a2d5c77c482a6583"},"headline":"There is a democratic deficit at the heart of EU policy making","datePublished":"2025-06-23T16:05:35+00:00","dateModified":"2025-08-08T16:07:54+00:00","mainEntityOfPage":{"@id":"https:\/\/worldvapersalliance.com\/there-is-a-democratic-deficit-at-the-heart-of-eu-policy-making\/"},"wordCount":638,"commentCount":0,"publisher":{"@id":"https:\/\/worldvapersalliance.com\/#organization"},"image":{"@id":"https:\/\/worldvapersalliance.com\/there-is-a-democratic-deficit-at-the-heart-of-eu-policy-making\/#primaryimage"},"thumbnailUrl":"https:\/\/worldvapersalliance.com\/wp-content\/uploads\/2025\/08\/WVA-in-the-news.png","articleSection":["WVA in the News"],"inLanguage":"sv-SE","potentialAction":[{"@type":"CommentAction","name":"Comment","target":["https:\/\/worldvapersalliance.com\/there-is-a-democratic-deficit-at-the-heart-of-eu-policy-making\/#respond"]}]},{"@type":"WebPage","@id":"https:\/\/worldvapersalliance.com\/there-is-a-democratic-deficit-at-the-heart-of-eu-policy-making\/","url":"https:\/\/worldvapersalliance.com\/there-is-a-democratic-deficit-at-the-heart-of-eu-policy-making\/","name":"Det finns ett demokratiskt underskott i centrum f\u00f6r EU:s politik - World Vapers&#039; Alliance","isPartOf":{"@id":"https:\/\/worldvapersalliance.com\/#website"},"primaryImageOfPage":{"@id":"https:\/\/worldvapersalliance.com\/there-is-a-democratic-deficit-at-the-heart-of-eu-policy-making\/#primaryimage"},"image":{"@id":"https:\/\/worldvapersalliance.com\/there-is-a-democratic-deficit-at-the-heart-of-eu-policy-making\/#primaryimage"},"thumbnailUrl":"https:\/\/worldvapersalliance.com\/wp-content\/uploads\/2025\/08\/WVA-in-the-news.png","datePublished":"2025-06-23T16:05:35+00:00","dateModified":"2025-08-08T16:07:54+00:00","inLanguage":"sv-SE","potentialAction":[{"@type":"ReadAction","target":["https:\/\/worldvapersalliance.com\/there-is-a-democratic-deficit-at-the-heart-of-eu-policy-making\/"]}]},{"@type":"ImageObject","inLanguage":"sv-SE","@id":"https:\/\/worldvapersalliance.com\/there-is-a-democratic-deficit-at-the-heart-of-eu-policy-making\/#primaryimage","url":"https:\/\/worldvapersalliance.com\/wp-content\/uploads\/2025\/08\/WVA-in-the-news.png","contentUrl":"https:\/\/worldvapersalliance.com\/wp-content\/uploads\/2025\/08\/WVA-in-the-news.png","width":1264,"height":848},{"@type":"WebSite","@id":"https:\/\/worldvapersalliance.com\/#website","url":"https:\/\/worldvapersalliance.com\/","name":"World Vapers&#039; Alliance","description":"Den st\u00f6rsta gemenskapen av vapers","publisher":{"@id":"https:\/\/worldvapersalliance.com\/#organization"},"potentialAction":[{"@type":"SearchAction","target":{"@type":"EntryPoint","urlTemplate":"https:\/\/worldvapersalliance.com\/?s={search_term_string}"},"query-input":{"@type":"PropertyValueSpecification","valueRequired":true,"valueName":"search_term_string"}}],"inLanguage":"sv-SE"},{"@type":"Organization","@id":"https:\/\/worldvapersalliance.com\/#organization","name":"World Vapers&#039; Alliance","url":"https:\/\/worldvapersalliance.com\/","logo":{"@type":"ImageObject","inLanguage":"sv-SE","@id":"https:\/\/worldvapersalliance.com\/#\/schema\/logo\/image\/","url":"https:\/\/worldvapersalliance.com\/wp-content\/uploads\/2022\/01\/WVA_RB_Fist_G.png","contentUrl":"https:\/\/worldvapersalliance.com\/wp-content\/uploads\/2022\/01\/WVA_RB_Fist_G.png","width":985,"height":1177,"caption":"World Vapers&#039; Alliance"},"image":{"@id":"https:\/\/worldvapersalliance.com\/#\/schema\/logo\/image\/"}},{"@type":"Person","@id":"https:\/\/worldvapersalliance.com\/#\/schema\/person\/05f663571d787d89a2d5c77c482a6583","name":"Michael Landl","image":{"@type":"ImageObject","inLanguage":"sv-SE","@id":"https:\/\/secure.gravatar.com\/avatar\/1537a11db5ae7fef0631b6c662f439d8a632c50630c980828d0e2c4de581568b?s=96&d=mm&r=g","url":"https:\/\/secure.gravatar.com\/avatar\/1537a11db5ae7fef0631b6c662f439d8a632c50630c980828d0e2c4de581568b?s=96&d=mm&r=g","contentUrl":"https:\/\/secure.gravatar.com\/avatar\/1537a11db5ae7fef0631b6c662f439d8a632c50630c980828d0e2c4de581568b?s=96&d=mm&r=g","caption":"Michael Landl"},"url":"https:\/\/worldvapersalliance.com\/sv\/author\/michael\/"}]}},"_links":{"self":[{"href":"https:\/\/worldvapersalliance.com\/sv\/wp-json\/wp\/v2\/posts\/6399","targetHints":{"allow":["GET"]}}],"collection":[{"href":"https:\/\/worldvapersalliance.com\/sv\/wp-json\/wp\/v2\/posts"}],"about":[{"href":"https:\/\/worldvapersalliance.com\/sv\/wp-json\/wp\/v2\/types\/post"}],"author":[{"embeddable":true,"href":"https:\/\/worldvapersalliance.com\/sv\/wp-json\/wp\/v2\/users\/4"}],"replies":[{"embeddable":true,"href":"https:\/\/worldvapersalliance.com\/sv\/wp-json\/wp\/v2\/comments?post=6399"}],"version-history":[{"count":0,"href":"https:\/\/worldvapersalliance.com\/sv\/wp-json\/wp\/v2\/posts\/6399\/revisions"}],"wp:featuredmedia":[{"embeddable":true,"href":"https:\/\/worldvapersalliance.com\/sv\/wp-json\/wp\/v2\/media\/6394"}],"wp:attachment":[{"href":"https:\/\/worldvapersalliance.com\/sv\/wp-json\/wp\/v2\/media?parent=6399"}],"wp:term":[{"taxonomy":"category","embeddable":true,"href":"https:\/\/worldvapersalliance.com\/sv\/wp-json\/wp\/v2\/categories?post=6399"},{"taxonomy":"post_tag","embeddable":true,"href":"https:\/\/worldvapersalliance.com\/sv\/wp-json\/wp\/v2\/tags?post=6399"}],"curies":[{"name":"wp","href":"https:\/\/api.w.org\/{rel}","templated":true}]}}