{"id":618,"date":"2021-11-10T15:54:25","date_gmt":"2021-11-10T20:54:25","guid":{"rendered":"https:\/\/cccwva.wpengine.com\/?p=618"},"modified":"2022-02-05T15:04:54","modified_gmt":"2022-02-05T20:04:54","slug":"the-voices-of-vapers-take-over-the-streets-of-geneva-during-cop9","status":"publish","type":"post","link":"https:\/\/worldvapersalliance.com\/sv\/the-voices-of-vapers-take-over-the-streets-of-geneva-during-cop9\/","title":{"rendered":"Vapers r\u00f6ster tar \u00f6ver Gen\u00e8ves gator under COP9"},"content":{"rendered":"<p><strong>Gen\u00e8ve, 10.11.2021.\u00a0<\/strong>Vapares r\u00f6ster, och deras personliga ber\u00e4ttelser om hur vapning hj\u00e4lpte dem att sluta r\u00f6ka och f\u00f6r\u00e4ndra sina liv till det b\u00e4ttre, s\u00e4ndes ut \u00f6ver hela Gen\u00e8ves gator idag i samband med COP 9, den globala konferensen om tobakskontroll.<\/p>\n<p>K\u00f6r genom Gen\u00e8ve i den ikoniska elektriskt rosa &#039;Vape-bussen&#039;, <img fetchpriority=\"high\" decoding=\"async\" class=\"size-medium wp-image-619 alignleft\" src=\"https:\/\/worldvapersalliance.com\/wp-content\/uploads\/2022\/02\/vape-buses-geneva-300x200.jpeg\" alt=\"\" width=\"300\" height=\"200\" srcset=\"https:\/\/worldvapersalliance.com\/wp-content\/uploads\/2022\/02\/vape-buses-geneva-300x200.jpeg 300w, https:\/\/worldvapersalliance.com\/wp-content\/uploads\/2022\/02\/vape-buses-geneva-600x401.jpeg 600w, https:\/\/worldvapersalliance.com\/wp-content\/uploads\/2022\/02\/vape-buses-geneva-768x513.jpeg 768w, https:\/\/worldvapersalliance.com\/wp-content\/uploads\/2022\/02\/vape-buses-geneva-18x12.jpeg 18w, https:\/\/worldvapersalliance.com\/wp-content\/uploads\/2022\/02\/vape-buses-geneva.jpeg 1024w\" sizes=\"(max-width: 300px) 100vw, 300px\" \/>World Vapers&#039; Alliance (WVA), som representerar vapare v\u00e4rlden \u00f6ver, visade upp ett kraftfullt urval av sluta r\u00f6ka-ber\u00e4ttelser fr\u00e5n hela v\u00e4rlden.<a href=\"https:\/\/drive.google.com\/drive\/u\/0\/folders\/1q-ChasN8kN5RUNTkMiii6u7Ua7K-pkhB\" target=\"_blank\" rel=\"noreferrer noopener nofollow\" data-wpel-link=\"external\">H\u00e4r\u00a0<\/a>(hela videon finns) Publiken f\u00f6r demonstrationen var delegaterna till ramkonventionen om tobakskontroll (FCTC) COP 9-m\u00f6te, som \u00e4gde rum i Gen\u00e8ve och virtuellt. WHO:s FCTC har uteslutit vejpare fr\u00e5n att delta i COP 9-diskussionerna, och WVA:s demonstration kastades snabbt ut utanf\u00f6r WHO-byggnaden.<\/p>\n<p>Michael Landl, chef f\u00f6r World Vapers&#039; Alliance, sa:<\/p>\n<p><em>\u201c&quot;Vi kom hit idag f\u00f6r att se till att vapningsanv\u00e4ndares r\u00f6ster blir h\u00f6rda och att vapning st\u00e5r i framkant av r\u00f6kavv\u00e4njningspolitiken v\u00e4rlden \u00f6ver. Vapning kan r\u00e4dda 200 miljoner liv globalt, och det \u00e4r absolut n\u00f6dv\u00e4ndigt att COP9-delegaterna f\u00f6rst\u00e5r verkliga ber\u00e4ttelser om m\u00e4nniskor som har kunnat sluta r\u00f6ka tack vare vapning.&quot;.\u00a0<\/em><\/p>\n<p><em>Vi har framf\u00f6rt v\u00e5rt budskap till WHO:s d\u00f6rr och bett dem att lyssna p\u00e5 v\u00e5r r\u00f6st. COP9-delegater<\/em>\u00a0<em>har m\u00f6jlighet att skriva historia och r\u00e4dda liv OM de st\u00f6der vaping som ett verktyg f\u00f6r att besegra r\u00f6kning. V\u00e5rt budskap till dem \u00e4r tydligt: v\u00e4lj vetenskap och r\u00e4dda liv.\u201d\u00a0<\/em>tillade han.<\/p>\n<p>N\u00e4stan 200 miljoner r\u00f6kare v\u00e4rlden \u00f6ver skulle kunna byta till vaping, ett alternativ som \u00e4r mindre skadligt, om regeringar antog regler som underl\u00e4ttar och uppmuntrar vaping som ett s\u00e4tt att sluta r\u00f6ka. Regeringarna och h\u00e4lsov\u00e5rdsmyndigheterna i Storbritannien, Frankrike, Kanada och Nya Zeeland har redan gjort detta. \u00c4nd\u00e5 har WHO f\u00f6rt ett &quot;krig mot vaping&quot; och v\u00e4grat att lyssna p\u00e5 vetenskapen. World Vapers&#039; Alliance uppmanar denna vecka WHO och globala ledare att b\u00f6rja ta skademinskning av tobak p\u00e5 allvar.<\/p>\n<p><em>\u201cDet finns en risk att globala ledare vid COP 9 \u2013 under press fr\u00e5n anti-vaping-aktivister \u2013 kommer att driva p\u00e5 inf\u00f6randet av lagar som skulle behandla vaping exakt p\u00e5 samma s\u00e4tt som r\u00f6kning. Detta skulle inneb\u00e4ra katastrof f\u00f6r vapers, f\u00f6r r\u00f6kare och f\u00f6r den globala folkh\u00e4lsan. Det b\u00e4sta s\u00e4ttet att bek\u00e4mpa r\u00f6kning \u00e4r att fr\u00e4mja vaping som en del av folkh\u00e4lsopolitiken.\u201d<\/em>\u00a0Michael Landl avslutade.<\/p>\n<p><strong>SLUT<\/strong><\/p>\n<p><em>Anm\u00e4rkningar till redakt\u00f6ren:<\/em><\/p>\n<ul style=\"margin-bottom: 12px;\">\n<li>Kampanjen Back Vaping. Beat Smoking \u00e4r tillg\u00e4nglig\u00a0<a href=\"https:\/\/worldvapersalliance.com\/sv\/backvapingbeatsmoking\/\" target=\"_blank\" rel=\"noreferrer noopener\" data-wpel-link=\"internal\">h\u00e4r<\/a>.<\/li>\n<li>Mer information om Vape-bussen finns p\u00e5\u00a0<a href=\"https:\/\/worldvapersalliance.com\/sv\/vape-bus-tour-2021\/\" target=\"_blank\" rel=\"noreferrer noopener\" data-wpel-link=\"internal\">h\u00e4r.<\/a><\/li>\n<li>Mer information om hur 200 miljoner liv kan r\u00e4ddas finns tillg\u00e4nglig\u00a0<a href=\"https:\/\/worldvapersalliance.com\/sv\/from-smoking-to-vaping\/\" target=\"_blank\" rel=\"noreferrer noopener\" data-wpel-link=\"internal\">h\u00e4r.<\/a><\/li>\n<li>FCTC COP9-m\u00f6tet h\u00f6lls 8\u201313 november 2021 i Gen\u00e8ve. Rekommendationer f\u00f6r ytterligare regleringar av vaping diskuterades och trots att de inte \u00e4r bindande kommer m\u00e5nga l\u00e4nder att implementera dem.<\/li>\n<li>World Vapers&#039; Alliance (WVA) st\u00e4rker vapers r\u00f6ster runt om i v\u00e4rlden och ger dem m\u00f6jlighet att g\u00f6ra skillnad f\u00f6r sina samh\u00e4llen. V\u00e5ra medlemmar \u00e4r 26 vapersf\u00f6reningar samt \u00f6ver 15 000 individuella vapers fr\u00e5n hela v\u00e4rlden. Mer information finns p\u00e5\u00a0<a href=\"https:\/\/worldvapersalliance.com\/sv\/\" target=\"_blank\" rel=\"noreferrer noopener\" data-wpel-link=\"internal\">www.worldvapersalliance.com<\/a><\/li>\n<\/ul>\n<p><strong>Presskontakt:\u00a0<\/strong><\/p>\n<p>Michael Landl<\/p>\n<p>Direkt\u00f6r f\u00f6r World Vapers&#039; Alliance<\/p>\n<p><a href=\"mailto:michael@worldvapersalliance.com\" target=\"_blank\" rel=\"noreferrer noopener\">michael@worldvapersalliance.com<\/a><\/p>","protected":false},"excerpt":{"rendered":"<p>Geneva, 10.11.2021.\u00a0The voices of vapers, and their personal stories about how vaping helped them quit smoking and change their lives for the better, were broadcast all through the streets of Geneva today to coincide with the meeting of COP 9, the global tobacco control conference. Driving through Geneva in the iconic electric pink \u2018Vape Bus\u2019, [&hellip;]<\/p>\n","protected":false},"author":4,"featured_media":619,"comment_status":"open","ping_status":"open","sticky":false,"template":"","format":"standard","meta":{"footnotes":""},"categories":[13],"tags":[],"class_list":["post-618","post","type-post","status-publish","format-standard","has-post-thumbnail","hentry","category-press-releases"],"yoast_head":"<!-- This site is optimized with the Yoast SEO plugin v27.3 - https:\/\/yoast.com\/product\/yoast-seo-wordpress\/ -->\n<title>The voices of vapers take over the streets of Geneva during COP9 - World Vapers&#039; Alliance<\/title>\n<meta name=\"robots\" content=\"index, follow, max-snippet:-1, max-image-preview:large, max-video-preview:-1\" \/>\n<link rel=\"canonical\" href=\"https:\/\/worldvapersalliance.com\/sv\/the-voices-of-vapers-take-over-the-streets-of-geneva-during-cop9\/\" \/>\n<meta property=\"og:locale\" content=\"sv_SE\" \/>\n<meta property=\"og:type\" content=\"article\" \/>\n<meta property=\"og:title\" content=\"The voices of vapers take over the streets of Geneva during COP9 - World Vapers&#039; Alliance\" \/>\n<meta property=\"og:description\" content=\"Geneva, 10.11.2021.\u00a0The voices of vapers, and their personal stories about how vaping helped them quit smoking and change their lives for the better, were broadcast all through the streets of Geneva today to coincide with the meeting of COP 9, the global tobacco control conference. Driving through Geneva in the iconic electric pink \u2018Vape Bus\u2019, [&hellip;]\" \/>\n<meta property=\"og:url\" content=\"https:\/\/worldvapersalliance.com\/sv\/the-voices-of-vapers-take-over-the-streets-of-geneva-during-cop9\/\" \/>\n<meta property=\"og:site_name\" content=\"World Vapers&#039; Alliance\" \/>\n<meta property=\"article:published_time\" content=\"2021-11-10T20:54:25+00:00\" \/>\n<meta property=\"article:modified_time\" content=\"2022-02-05T20:04:54+00:00\" \/>\n<meta property=\"og:image\" content=\"https:\/\/worldvapersalliance.com\/wp-content\/uploads\/2022\/02\/vape-buses-geneva.jpeg\" \/>\n\t<meta property=\"og:image:width\" content=\"1024\" \/>\n\t<meta property=\"og:image:height\" content=\"684\" \/>\n\t<meta property=\"og:image:type\" content=\"image\/jpeg\" \/>\n<meta name=\"author\" content=\"Michael Landl\" \/>\n<meta name=\"twitter:card\" content=\"summary_large_image\" \/>\n<meta name=\"twitter:label1\" content=\"Skriven av\" \/>\n\t<meta name=\"twitter:data1\" content=\"Michael Landl\" \/>\n\t<meta name=\"twitter:label2\" content=\"Ber\u00e4knad l\u00e4stid\" \/>\n\t<meta name=\"twitter:data2\" content=\"3 minuter\" \/>\n<script type=\"application\/ld+json\" class=\"yoast-schema-graph\">{\"@context\":\"https:\\\/\\\/schema.org\",\"@graph\":[{\"@type\":\"Article\",\"@id\":\"https:\\\/\\\/worldvapersalliance.com\\\/the-voices-of-vapers-take-over-the-streets-of-geneva-during-cop9\\\/#article\",\"isPartOf\":{\"@id\":\"https:\\\/\\\/worldvapersalliance.com\\\/the-voices-of-vapers-take-over-the-streets-of-geneva-during-cop9\\\/\"},\"author\":{\"name\":\"Michael Landl\",\"@id\":\"https:\\\/\\\/worldvapersalliance.com\\\/#\\\/schema\\\/person\\\/05f663571d787d89a2d5c77c482a6583\"},\"headline\":\"The voices of vapers take over the streets of Geneva during COP9\",\"datePublished\":\"2021-11-10T20:54:25+00:00\",\"dateModified\":\"2022-02-05T20:04:54+00:00\",\"mainEntityOfPage\":{\"@id\":\"https:\\\/\\\/worldvapersalliance.com\\\/the-voices-of-vapers-take-over-the-streets-of-geneva-during-cop9\\\/\"},\"wordCount\":524,\"commentCount\":0,\"publisher\":{\"@id\":\"https:\\\/\\\/worldvapersalliance.com\\\/#organization\"},\"image\":{\"@id\":\"https:\\\/\\\/worldvapersalliance.com\\\/the-voices-of-vapers-take-over-the-streets-of-geneva-during-cop9\\\/#primaryimage\"},\"thumbnailUrl\":\"https:\\\/\\\/worldvapersalliance.com\\\/wp-content\\\/uploads\\\/2022\\\/02\\\/vape-buses-geneva.jpeg\",\"articleSection\":[\"Press Releases\"],\"inLanguage\":\"sv-SE\",\"potentialAction\":[{\"@type\":\"CommentAction\",\"name\":\"Comment\",\"target\":[\"https:\\\/\\\/worldvapersalliance.com\\\/the-voices-of-vapers-take-over-the-streets-of-geneva-during-cop9\\\/#respond\"]}]},{\"@type\":\"WebPage\",\"@id\":\"https:\\\/\\\/worldvapersalliance.com\\\/the-voices-of-vapers-take-over-the-streets-of-geneva-during-cop9\\\/\",\"url\":\"https:\\\/\\\/worldvapersalliance.com\\\/the-voices-of-vapers-take-over-the-streets-of-geneva-during-cop9\\\/\",\"name\":\"The voices of vapers take over the streets of Geneva during COP9 - World Vapers&#039; Alliance\",\"isPartOf\":{\"@id\":\"https:\\\/\\\/worldvapersalliance.com\\\/#website\"},\"primaryImageOfPage\":{\"@id\":\"https:\\\/\\\/worldvapersalliance.com\\\/the-voices-of-vapers-take-over-the-streets-of-geneva-during-cop9\\\/#primaryimage\"},\"image\":{\"@id\":\"https:\\\/\\\/worldvapersalliance.com\\\/the-voices-of-vapers-take-over-the-streets-of-geneva-during-cop9\\\/#primaryimage\"},\"thumbnailUrl\":\"https:\\\/\\\/worldvapersalliance.com\\\/wp-content\\\/uploads\\\/2022\\\/02\\\/vape-buses-geneva.jpeg\",\"datePublished\":\"2021-11-10T20:54:25+00:00\",\"dateModified\":\"2022-02-05T20:04:54+00:00\",\"inLanguage\":\"sv-SE\",\"potentialAction\":[{\"@type\":\"ReadAction\",\"target\":[\"https:\\\/\\\/worldvapersalliance.com\\\/the-voices-of-vapers-take-over-the-streets-of-geneva-during-cop9\\\/\"]}]},{\"@type\":\"ImageObject\",\"inLanguage\":\"sv-SE\",\"@id\":\"https:\\\/\\\/worldvapersalliance.com\\\/the-voices-of-vapers-take-over-the-streets-of-geneva-during-cop9\\\/#primaryimage\",\"url\":\"https:\\\/\\\/worldvapersalliance.com\\\/wp-content\\\/uploads\\\/2022\\\/02\\\/vape-buses-geneva.jpeg\",\"contentUrl\":\"https:\\\/\\\/worldvapersalliance.com\\\/wp-content\\\/uploads\\\/2022\\\/02\\\/vape-buses-geneva.jpeg\",\"width\":1024,\"height\":684},{\"@type\":\"WebSite\",\"@id\":\"https:\\\/\\\/worldvapersalliance.com\\\/#website\",\"url\":\"https:\\\/\\\/worldvapersalliance.com\\\/\",\"name\":\"World Vapers&#039; Alliance\",\"description\":\"The largest community of vapers\",\"publisher\":{\"@id\":\"https:\\\/\\\/worldvapersalliance.com\\\/#organization\"},\"potentialAction\":[{\"@type\":\"SearchAction\",\"target\":{\"@type\":\"EntryPoint\",\"urlTemplate\":\"https:\\\/\\\/worldvapersalliance.com\\\/?s={search_term_string}\"},\"query-input\":{\"@type\":\"PropertyValueSpecification\",\"valueRequired\":true,\"valueName\":\"search_term_string\"}}],\"inLanguage\":\"sv-SE\"},{\"@type\":\"Organization\",\"@id\":\"https:\\\/\\\/worldvapersalliance.com\\\/#organization\",\"name\":\"World Vapers&#039; Alliance\",\"url\":\"https:\\\/\\\/worldvapersalliance.com\\\/\",\"logo\":{\"@type\":\"ImageObject\",\"inLanguage\":\"sv-SE\",\"@id\":\"https:\\\/\\\/worldvapersalliance.com\\\/#\\\/schema\\\/logo\\\/image\\\/\",\"url\":\"https:\\\/\\\/worldvapersalliance.com\\\/wp-content\\\/uploads\\\/2022\\\/01\\\/WVA_RB_Fist_G.png\",\"contentUrl\":\"https:\\\/\\\/worldvapersalliance.com\\\/wp-content\\\/uploads\\\/2022\\\/01\\\/WVA_RB_Fist_G.png\",\"width\":985,\"height\":1177,\"caption\":\"World Vapers&#039; Alliance\"},\"image\":{\"@id\":\"https:\\\/\\\/worldvapersalliance.com\\\/#\\\/schema\\\/logo\\\/image\\\/\"}},{\"@type\":\"Person\",\"@id\":\"https:\\\/\\\/worldvapersalliance.com\\\/#\\\/schema\\\/person\\\/05f663571d787d89a2d5c77c482a6583\",\"name\":\"Michael Landl\",\"image\":{\"@type\":\"ImageObject\",\"inLanguage\":\"sv-SE\",\"@id\":\"https:\\\/\\\/secure.gravatar.com\\\/avatar\\\/1537a11db5ae7fef0631b6c662f439d8a632c50630c980828d0e2c4de581568b?s=96&d=mm&r=g\",\"url\":\"https:\\\/\\\/secure.gravatar.com\\\/avatar\\\/1537a11db5ae7fef0631b6c662f439d8a632c50630c980828d0e2c4de581568b?s=96&d=mm&r=g\",\"contentUrl\":\"https:\\\/\\\/secure.gravatar.com\\\/avatar\\\/1537a11db5ae7fef0631b6c662f439d8a632c50630c980828d0e2c4de581568b?s=96&d=mm&r=g\",\"caption\":\"Michael Landl\"},\"url\":\"https:\\\/\\\/worldvapersalliance.com\\\/sv\\\/author\\\/michael\\\/\"}]}<\/script>\n<!-- \/ Yoast SEO plugin. -->","yoast_head_json":{"title":"Vapers r\u00f6ster tar \u00f6ver Gen\u00e8ves gator under COP9 - World Vapers&#039; Alliance","robots":{"index":"index","follow":"follow","max-snippet":"max-snippet:-1","max-image-preview":"max-image-preview:large","max-video-preview":"max-video-preview:-1"},"canonical":"https:\/\/worldvapersalliance.com\/sv\/the-voices-of-vapers-take-over-the-streets-of-geneva-during-cop9\/","og_locale":"sv_SE","og_type":"article","og_title":"The voices of vapers take over the streets of Geneva during COP9 - World Vapers&#039; Alliance","og_description":"Geneva, 10.11.2021.\u00a0The voices of vapers, and their personal stories about how vaping helped them quit smoking and change their lives for the better, were broadcast all through the streets of Geneva today to coincide with the meeting of COP 9, the global tobacco control conference. Driving through Geneva in the iconic electric pink \u2018Vape Bus\u2019, [&hellip;]","og_url":"https:\/\/worldvapersalliance.com\/sv\/the-voices-of-vapers-take-over-the-streets-of-geneva-during-cop9\/","og_site_name":"World Vapers&#039; Alliance","article_published_time":"2021-11-10T20:54:25+00:00","article_modified_time":"2022-02-05T20:04:54+00:00","og_image":[{"width":1024,"height":684,"url":"https:\/\/worldvapersalliance.com\/wp-content\/uploads\/2022\/02\/vape-buses-geneva.jpeg","type":"image\/jpeg"}],"author":"Michael Landl","twitter_card":"summary_large_image","twitter_misc":{"Skriven av":"Michael Landl","Ber\u00e4knad l\u00e4stid":"3 minuter"},"schema":{"@context":"https:\/\/schema.org","@graph":[{"@type":"Article","@id":"https:\/\/worldvapersalliance.com\/the-voices-of-vapers-take-over-the-streets-of-geneva-during-cop9\/#article","isPartOf":{"@id":"https:\/\/worldvapersalliance.com\/the-voices-of-vapers-take-over-the-streets-of-geneva-during-cop9\/"},"author":{"name":"Michael Landl","@id":"https:\/\/worldvapersalliance.com\/#\/schema\/person\/05f663571d787d89a2d5c77c482a6583"},"headline":"The voices of vapers take over the streets of Geneva during COP9","datePublished":"2021-11-10T20:54:25+00:00","dateModified":"2022-02-05T20:04:54+00:00","mainEntityOfPage":{"@id":"https:\/\/worldvapersalliance.com\/the-voices-of-vapers-take-over-the-streets-of-geneva-during-cop9\/"},"wordCount":524,"commentCount":0,"publisher":{"@id":"https:\/\/worldvapersalliance.com\/#organization"},"image":{"@id":"https:\/\/worldvapersalliance.com\/the-voices-of-vapers-take-over-the-streets-of-geneva-during-cop9\/#primaryimage"},"thumbnailUrl":"https:\/\/worldvapersalliance.com\/wp-content\/uploads\/2022\/02\/vape-buses-geneva.jpeg","articleSection":["Press Releases"],"inLanguage":"sv-SE","potentialAction":[{"@type":"CommentAction","name":"Comment","target":["https:\/\/worldvapersalliance.com\/the-voices-of-vapers-take-over-the-streets-of-geneva-during-cop9\/#respond"]}]},{"@type":"WebPage","@id":"https:\/\/worldvapersalliance.com\/the-voices-of-vapers-take-over-the-streets-of-geneva-during-cop9\/","url":"https:\/\/worldvapersalliance.com\/the-voices-of-vapers-take-over-the-streets-of-geneva-during-cop9\/","name":"Vapers r\u00f6ster tar \u00f6ver Gen\u00e8ves gator under COP9 - World Vapers&#039; Alliance","isPartOf":{"@id":"https:\/\/worldvapersalliance.com\/#website"},"primaryImageOfPage":{"@id":"https:\/\/worldvapersalliance.com\/the-voices-of-vapers-take-over-the-streets-of-geneva-during-cop9\/#primaryimage"},"image":{"@id":"https:\/\/worldvapersalliance.com\/the-voices-of-vapers-take-over-the-streets-of-geneva-during-cop9\/#primaryimage"},"thumbnailUrl":"https:\/\/worldvapersalliance.com\/wp-content\/uploads\/2022\/02\/vape-buses-geneva.jpeg","datePublished":"2021-11-10T20:54:25+00:00","dateModified":"2022-02-05T20:04:54+00:00","inLanguage":"sv-SE","potentialAction":[{"@type":"ReadAction","target":["https:\/\/worldvapersalliance.com\/the-voices-of-vapers-take-over-the-streets-of-geneva-during-cop9\/"]}]},{"@type":"ImageObject","inLanguage":"sv-SE","@id":"https:\/\/worldvapersalliance.com\/the-voices-of-vapers-take-over-the-streets-of-geneva-during-cop9\/#primaryimage","url":"https:\/\/worldvapersalliance.com\/wp-content\/uploads\/2022\/02\/vape-buses-geneva.jpeg","contentUrl":"https:\/\/worldvapersalliance.com\/wp-content\/uploads\/2022\/02\/vape-buses-geneva.jpeg","width":1024,"height":684},{"@type":"WebSite","@id":"https:\/\/worldvapersalliance.com\/#website","url":"https:\/\/worldvapersalliance.com\/","name":"World Vapers&#039; Alliance","description":"Den st\u00f6rsta gemenskapen av vapers","publisher":{"@id":"https:\/\/worldvapersalliance.com\/#organization"},"potentialAction":[{"@type":"SearchAction","target":{"@type":"EntryPoint","urlTemplate":"https:\/\/worldvapersalliance.com\/?s={search_term_string}"},"query-input":{"@type":"PropertyValueSpecification","valueRequired":true,"valueName":"search_term_string"}}],"inLanguage":"sv-SE"},{"@type":"Organization","@id":"https:\/\/worldvapersalliance.com\/#organization","name":"World Vapers&#039; Alliance","url":"https:\/\/worldvapersalliance.com\/","logo":{"@type":"ImageObject","inLanguage":"sv-SE","@id":"https:\/\/worldvapersalliance.com\/#\/schema\/logo\/image\/","url":"https:\/\/worldvapersalliance.com\/wp-content\/uploads\/2022\/01\/WVA_RB_Fist_G.png","contentUrl":"https:\/\/worldvapersalliance.com\/wp-content\/uploads\/2022\/01\/WVA_RB_Fist_G.png","width":985,"height":1177,"caption":"World Vapers&#039; Alliance"},"image":{"@id":"https:\/\/worldvapersalliance.com\/#\/schema\/logo\/image\/"}},{"@type":"Person","@id":"https:\/\/worldvapersalliance.com\/#\/schema\/person\/05f663571d787d89a2d5c77c482a6583","name":"Michael Landl","image":{"@type":"ImageObject","inLanguage":"sv-SE","@id":"https:\/\/secure.gravatar.com\/avatar\/1537a11db5ae7fef0631b6c662f439d8a632c50630c980828d0e2c4de581568b?s=96&d=mm&r=g","url":"https:\/\/secure.gravatar.com\/avatar\/1537a11db5ae7fef0631b6c662f439d8a632c50630c980828d0e2c4de581568b?s=96&d=mm&r=g","contentUrl":"https:\/\/secure.gravatar.com\/avatar\/1537a11db5ae7fef0631b6c662f439d8a632c50630c980828d0e2c4de581568b?s=96&d=mm&r=g","caption":"Michael Landl"},"url":"https:\/\/worldvapersalliance.com\/sv\/author\/michael\/"}]}},"_links":{"self":[{"href":"https:\/\/worldvapersalliance.com\/sv\/wp-json\/wp\/v2\/posts\/618","targetHints":{"allow":["GET"]}}],"collection":[{"href":"https:\/\/worldvapersalliance.com\/sv\/wp-json\/wp\/v2\/posts"}],"about":[{"href":"https:\/\/worldvapersalliance.com\/sv\/wp-json\/wp\/v2\/types\/post"}],"author":[{"embeddable":true,"href":"https:\/\/worldvapersalliance.com\/sv\/wp-json\/wp\/v2\/users\/4"}],"replies":[{"embeddable":true,"href":"https:\/\/worldvapersalliance.com\/sv\/wp-json\/wp\/v2\/comments?post=618"}],"version-history":[{"count":0,"href":"https:\/\/worldvapersalliance.com\/sv\/wp-json\/wp\/v2\/posts\/618\/revisions"}],"wp:featuredmedia":[{"embeddable":true,"href":"https:\/\/worldvapersalliance.com\/sv\/wp-json\/wp\/v2\/media\/619"}],"wp:attachment":[{"href":"https:\/\/worldvapersalliance.com\/sv\/wp-json\/wp\/v2\/media?parent=618"}],"wp:term":[{"taxonomy":"category","embeddable":true,"href":"https:\/\/worldvapersalliance.com\/sv\/wp-json\/wp\/v2\/categories?post=618"},{"taxonomy":"post_tag","embeddable":true,"href":"https:\/\/worldvapersalliance.com\/sv\/wp-json\/wp\/v2\/tags?post=618"}],"curies":[{"name":"wp","href":"https:\/\/api.w.org\/{rel}","templated":true}]}}