{"id":5263,"date":"2023-12-12T09:15:50","date_gmt":"2023-12-12T14:15:50","guid":{"rendered":"https:\/\/worldvapersalliance.com\/?p=5263"},"modified":"2023-12-12T09:15:50","modified_gmt":"2023-12-12T14:15:50","slug":"vapers-call-on-javier-milei-to-repeal-the-ban-on-vaping-in-argentina","status":"publish","type":"post","link":"https:\/\/worldvapersalliance.com\/sv\/vapers-call-on-javier-milei-to-repeal-the-ban-on-vaping-in-argentina\/","title":{"rendered":"Vapers uppmanar Javier Milei att upph\u00e4va f\u00f6rbudet mot vaping i Argentina"},"content":{"rendered":"<p dir=\"ltr\"><strong>Buenos Aires, 12.12.2023.<\/strong> \u2013 Den argentinska vapersf\u00f6reningen Asovape Argentina och World Vapers&#039; Alliance har skickat ett <a href=\"https:\/\/link.mediaoutreach.meltwater.com\/ls\/click?upn=v2OU6mEZsrF8RQMJ1eCY0g8ZtW9ddvzmg6KflWYNU1uG2GMctboGTvJrXaWIohaKp4FSciL9iyvOQwI2obXRngQrUG88HBO2vCBiqGuzv0CFB7WLZHnMvWl6I4yA4RFmItsK45bmYiPqn1Lze6mUIg-3D-3D1DcQ_6-2BOayirWiMnL4NNJ9ivl6YavKZeo6-2F4wNJspN1hyqCqN9Iica8t3kuAqeTUsoEZyEPArUXwlTHpmuotWGUYRcpQrE8nNUswQ7G-2Fk02oN1WEWHHt54BxhdFiplpKrmGj1WspfkeIJmwJCeW9Ajq2a-2BGqXpzskyzM61Tpiy5NDKhY8MUUudBe4LiKNPv1N9Sssb-2BbHdbIske2dNoFQB49IfBD7WGGCrxQrNfJIlUVLrer8I7OmwyMARCizdX3NY5kyc9Jx-2BHRXvq84lVNizMEExO-2BMorL1WSuSmbHDbJadCoO5GL2bK6GYLk9kdG7OVSqHtypmeRhaxMXvTWTHeN6iHcnLOuydOBoWXz-2BjoYEyrGWu5iQjepPjurIgpTqnt6svbwgA5avzZY9WO9UO7mDtOA-3D-3D\" target=\"_blank\" rel=\"noopener\" data-saferedirecturl=\"https:\/\/www.google.com\/url?q=https:\/\/link.mediaoutreach.meltwater.com\/ls\/click?upn%3Dv2OU6mEZsrF8RQMJ1eCY0g8ZtW9ddvzmg6KflWYNU1uG2GMctboGTvJrXaWIohaKp4FSciL9iyvOQwI2obXRngQrUG88HBO2vCBiqGuzv0CFB7WLZHnMvWl6I4yA4RFmItsK45bmYiPqn1Lze6mUIg-3D-3D1DcQ_6-2BOayirWiMnL4NNJ9ivl6YavKZeo6-2F4wNJspN1hyqCqN9Iica8t3kuAqeTUsoEZyEPArUXwlTHpmuotWGUYRcpQrE8nNUswQ7G-2Fk02oN1WEWHHt54BxhdFiplpKrmGj1WspfkeIJmwJCeW9Ajq2a-2BGqXpzskyzM61Tpiy5NDKhY8MUUudBe4LiKNPv1N9Sssb-2BbHdbIske2dNoFQB49IfBD7WGGCrxQrNfJIlUVLrer8I7OmwyMARCizdX3NY5kyc9Jx-2BHRXvq84lVNizMEExO-2BMorL1WSuSmbHDbJadCoO5GL2bK6GYLk9kdG7OVSqHtypmeRhaxMXvTWTHeN6iHcnLOuydOBoWXz-2BjoYEyrGWu5iQjepPjurIgpTqnt6svbwgA5avzZY9WO9UO7mDtOA-3D-3D&amp;source=gmail&amp;ust=1702476422465000&amp;usg=AOvVaw1Hxt1OfLENotiEP7S23DKY\">\u00f6ppet brev<\/a> till Argentinas president Javier Milei, som kr\u00e4ver att ANMAT:s administrativa best\u00e4mmelse som f\u00f6rbjuder kommersialisering av e-cigaretter upph\u00e4vs.<\/p>\n<p dir=\"ltr\"><a href=\"https:\/\/link.mediaoutreach.meltwater.com\/ls\/click?upn=v2OU6mEZsrF8RQMJ1eCY0qTwOZ-2FQ3tKMaVW-2BmIDeTIClejWSRZL8QILrgz1s1Tt8rl0ZozMVezz8SKwXSOwW3CP-2BOM-2B5KU7OgIFj6n-2Bj8ZNBIUyHvOhz-2BWRp-2B-2Fy3CQoagM58m7R0aFZW26Nkya9GpQ-3D-3D3qt3_6-2BOayirWiMnL4NNJ9ivl6YavKZeo6-2F4wNJspN1hyqCqN9Iica8t3kuAqeTUsoEZyEPArUXwlTHpmuotWGUYRcpQrE8nNUswQ7G-2Fk02oN1WEWHHt54BxhdFiplpKrmGj1WspfkeIJmwJCeW9Ajq2a-2BGqXpzskyzM61Tpiy5NDKhY8MUUudBe4LiKNPv1N9Sssb-2BbHdbIske2dNoFQB49IfBD7WGGCrxQrNfJIlUVLrepmPk63z3fTCMHYtnYMWDMU-2F2Rmln9Srf-2Bc88EwDsjMvn0yWuZBryIvz2BM5ycjTm02X2539mhqYSLID25Sv-2B5-2FcdCna0r6XSCvMUOzaWrGCVE4wJ8h0O7ki-2FBYSHeVEpnx4rsSL541B-2BcqmJsyGuOmzVIwi7e8epkUsuS2kjc7RQ-3D-3D\" target=\"_blank\" rel=\"noopener\" data-saferedirecturl=\"https:\/\/www.google.com\/url?q=https:\/\/link.mediaoutreach.meltwater.com\/ls\/click?upn%3Dv2OU6mEZsrF8RQMJ1eCY0qTwOZ-2FQ3tKMaVW-2BmIDeTIClejWSRZL8QILrgz1s1Tt8rl0ZozMVezz8SKwXSOwW3CP-2BOM-2B5KU7OgIFj6n-2Bj8ZNBIUyHvOhz-2BWRp-2B-2Fy3CQoagM58m7R0aFZW26Nkya9GpQ-3D-3D3qt3_6-2BOayirWiMnL4NNJ9ivl6YavKZeo6-2F4wNJspN1hyqCqN9Iica8t3kuAqeTUsoEZyEPArUXwlTHpmuotWGUYRcpQrE8nNUswQ7G-2Fk02oN1WEWHHt54BxhdFiplpKrmGj1WspfkeIJmwJCeW9Ajq2a-2BGqXpzskyzM61Tpiy5NDKhY8MUUudBe4LiKNPv1N9Sssb-2BbHdbIske2dNoFQB49IfBD7WGGCrxQrNfJIlUVLrepmPk63z3fTCMHYtnYMWDMU-2F2Rmln9Srf-2Bc88EwDsjMvn0yWuZBryIvz2BM5ycjTm02X2539mhqYSLID25Sv-2B5-2FcdCna0r6XSCvMUOzaWrGCVE4wJ8h0O7ki-2FBYSHeVEpnx4rsSL541B-2BcqmJsyGuOmzVIwi7e8epkUsuS2kjc7RQ-3D-3D&amp;source=gmail&amp;ust=1702476422465000&amp;usg=AOvVaw3pMlMoQkYWAHAdlyFR6TwN\">Best\u00e4mmelse 3226\/2011<\/a> av National Administration of Medicines, Food and Medical Technology (ANMAT) f\u00f6rbj\u00f6d den 6 maj 2011 import, distribution, marknadsf\u00f6ring, reklam och marknadsf\u00f6ring av e-cigaretter.<\/p>\n<p dir=\"ltr\">De undertecknande f\u00f6reningarna f\u00f6rklarar i brevet att ett flertal studier som gjorts sedan f\u00f6rbudet tr\u00e4dde i kraft har visat p\u00e5 den betydligt l\u00e4gre riskprofilen och anv\u00e4ndbarheten f\u00f6r r\u00f6kavv\u00e4njning av dessa apparater, samt den l\u00e5ga h\u00e4lsorisken med nikotin. De h\u00e4vdar ocks\u00e5 att f\u00f6rbudet \u00e4r of\u00f6renligt med respekten f\u00f6r argentinska vuxnas individuella frihet och r\u00e4tten till fri utveckling av personlighet, information och h\u00e4lsa f\u00f6r anv\u00e4ndare och r\u00f6kare.<\/p>\n<p dir=\"ltr\"><strong>Juan Facundo Teme, ordf\u00f6rande f\u00f6r den argentinska vapersf\u00f6reningen Asovape Argentina, kommenterade:<\/strong><\/p>\n<p dir=\"ltr\"><strong><em>&quot;F\u00f6rbudet kr\u00e4nker de argentinska vuxnas r\u00e4ttigheter och friheter och b\u00f6r upph\u00e4vas. <\/em><\/strong><em>Staten \u00e4r inte den som s\u00e4ger \u00e5t argentinare hur de ska konsumera nikotin och b\u00f6r respektera besluten av individer som v\u00e4ljer att vape f\u00f6r att konsumera det p\u00e5 ett mindre skadligt s\u00e4tt. Dessutom har alla argument som l\u00e5g till grund f\u00f6r f\u00f6rbudet motbevisats.\u201d<\/em><\/p>\n<p dir=\"ltr\">Varje \u00e5r <a href=\"https:\/\/link.mediaoutreach.meltwater.com\/ls\/click?upn=v2OU6mEZsrF8RQMJ1eCY0rb4zBU4fZaSOSIDjbE84NuPcl950tltA0pb5BfXj1w9mHSK4-2F6LjYTsw9c1mvE6JX4qcCQ8BL9ZYkFnUFlj0WWkvQ-2BmTuwGkC1JpDewy5e3bIQEH95WQzeFz-2FUOdp2dg9-2FcKDbrwWmGucarNyNdr6XUizqzxBzetW6DATe1oq7X4y0w2u0NXWGkevI9zhqEbNsWplRFKUfc16LTOPXFw5AKi6QLiw8XQtkA1euqG-2BkuObgfNw-2FTjNxB-2FHKAWWKOzHeVxia5-2BZ0Jdb0GqcKSXgvOs-2BjsEk66y6KC7aWKE5djVGde_6-2BOayirWiMnL4NNJ9ivl6YavKZeo6-2F4wNJspN1hyqCqN9Iica8t3kuAqeTUsoEZyEPArUXwlTHpmuotWGUYRcpQrE8nNUswQ7G-2Fk02oN1WEWHHt54BxhdFiplpKrmGj1WspfkeIJmwJCeW9Ajq2a-2BGqXpzskyzM61Tpiy5NDKhY8MUUudBe4LiKNPv1N9Sssb-2BbHdbIske2dNoFQB49IfBD7WGGCrxQrNfJIlUVLreoyhBMVevwWAYuuK-2BVQEvNlRTUNsw8nrgXWN1FzCUqblC0IQc7H4QzKBmgwQNYPm78YAoDPMAMLvxR-2BakMRgBEL35Dpw-2BvyvEaovPOvwlIYioP9uN2NHlaYCmkTD6BjwsrrZmKFyWKRdiX0oHCkk0-2FP3ljGMkP4DgGdqYG5GuedLQ-3D-3D\" target=\"_blank\" rel=\"noopener\" data-saferedirecturl=\"https:\/\/www.google.com\/url?q=https:\/\/link.mediaoutreach.meltwater.com\/ls\/click?upn%3Dv2OU6mEZsrF8RQMJ1eCY0rb4zBU4fZaSOSIDjbE84NuPcl950tltA0pb5BfXj1w9mHSK4-2F6LjYTsw9c1mvE6JX4qcCQ8BL9ZYkFnUFlj0WWkvQ-2BmTuwGkC1JpDewy5e3bIQEH95WQzeFz-2FUOdp2dg9-2FcKDbrwWmGucarNyNdr6XUizqzxBzetW6DATe1oq7X4y0w2u0NXWGkevI9zhqEbNsWplRFKUfc16LTOPXFw5AKi6QLiw8XQtkA1euqG-2BkuObgfNw-2FTjNxB-2FHKAWWKOzHeVxia5-2BZ0Jdb0GqcKSXgvOs-2BjsEk66y6KC7aWKE5djVGde_6-2BOayirWiMnL4NNJ9ivl6YavKZeo6-2F4wNJspN1hyqCqN9Iica8t3kuAqeTUsoEZyEPArUXwlTHpmuotWGUYRcpQrE8nNUswQ7G-2Fk02oN1WEWHHt54BxhdFiplpKrmGj1WspfkeIJmwJCeW9Ajq2a-2BGqXpzskyzM61Tpiy5NDKhY8MUUudBe4LiKNPv1N9Sssb-2BbHdbIske2dNoFQB49IfBD7WGGCrxQrNfJIlUVLreoyhBMVevwWAYuuK-2BVQEvNlRTUNsw8nrgXWN1FzCUqblC0IQc7H4QzKBmgwQNYPm78YAoDPMAMLvxR-2BakMRgBEL35Dpw-2BvyvEaovPOvwlIYioP9uN2NHlaYCmkTD6BjwsrrZmKFyWKRdiX0oHCkk0-2FP3ljGMkP4DgGdqYG5GuedLQ-3D-3D&amp;source=gmail&amp;ust=1702476422465000&amp;usg=AOvVaw1HEaK12Di2q-ejkv5liw44\">225,000<\/a> Argentinare blir sjuka och n\u00e4stan <a href=\"https:\/\/link.mediaoutreach.meltwater.com\/ls\/click?upn=v2OU6mEZsrF8RQMJ1eCY0uNrTSnAmNIEOlrILvtsEXHV5Ldi7CUdHc5SszoozGXjkEPCNUxK6y9EBqxTQgUCcL0jeRImnhqoHJAWsCCRrE6bS2aRplbKcPkd4S9PFtjsrmvnLDDxYBTUMBaMVL5VGg-3D-3DqoCe_6-2BOayirWiMnL4NNJ9ivl6YavKZeo6-2F4wNJspN1hyqCqN9Iica8t3kuAqeTUsoEZyEPArUXwlTHpmuotWGUYRcpQrE8nNUswQ7G-2Fk02oN1WEWHHt54BxhdFiplpKrmGj1WspfkeIJmwJCeW9Ajq2a-2BGqXpzskyzM61Tpiy5NDKhY8MUUudBe4LiKNPv1N9Sssb-2BbHdbIske2dNoFQB49IfBD7WGGCrxQrNfJIlUVLreqpFfUYBvJ9diKl3Bw78VQgSgra0b38yHiCddrahJjSXadd0cEa0OskiBZbWZi7qZXH-2BcWQ4xbMii6MqzN8Krj5vp2uoskcmG7DlmIkRumqisW8e1W9RPOFJJK2-2FaW1-2FCTsXAjR6C-2F-2F65rliHH7mwgxuAz-2FE2T-2ByZCX-2FRC6b5e66A-3D-3D\" target=\"_blank\" rel=\"noopener\" data-saferedirecturl=\"https:\/\/www.google.com\/url?q=https:\/\/link.mediaoutreach.meltwater.com\/ls\/click?upn%3Dv2OU6mEZsrF8RQMJ1eCY0uNrTSnAmNIEOlrILvtsEXHV5Ldi7CUdHc5SszoozGXjkEPCNUxK6y9EBqxTQgUCcL0jeRImnhqoHJAWsCCRrE6bS2aRplbKcPkd4S9PFtjsrmvnLDDxYBTUMBaMVL5VGg-3D-3DqoCe_6-2BOayirWiMnL4NNJ9ivl6YavKZeo6-2F4wNJspN1hyqCqN9Iica8t3kuAqeTUsoEZyEPArUXwlTHpmuotWGUYRcpQrE8nNUswQ7G-2Fk02oN1WEWHHt54BxhdFiplpKrmGj1WspfkeIJmwJCeW9Ajq2a-2BGqXpzskyzM61Tpiy5NDKhY8MUUudBe4LiKNPv1N9Sssb-2BbHdbIske2dNoFQB49IfBD7WGGCrxQrNfJIlUVLreqpFfUYBvJ9diKl3Bw78VQgSgra0b38yHiCddrahJjSXadd0cEa0OskiBZbWZi7qZXH-2BcWQ4xbMii6MqzN8Krj5vp2uoskcmG7DlmIkRumqisW8e1W9RPOFJJK2-2FaW1-2FCTsXAjR6C-2F-2F65rliHH7mwgxuAz-2FE2T-2ByZCX-2FRC6b5e66A-3D-3D&amp;source=gmail&amp;ust=1702476422465000&amp;usg=AOvVaw3c5GP7T1pSSIaEGC-cnAtH\">60,000<\/a> Argentinare d\u00f6r av r\u00f6krelaterade sjukdomar. Argentina har en r\u00f6khastighet p\u00e5 <a href=\"https:\/\/link.mediaoutreach.meltwater.com\/ls\/click?upn=v2OU6mEZsrF8RQMJ1eCY0hZfHR2O4q0FZHAgvymYB-2FPQ2b8XGXxv38ZLwABLN5o0isAtSVj3VcdwzS4e4moNKmjPCYjGL-2Fg1UAGuVewUKi9DyMywmpc-2BQWl67-2FnynAl1TJNLtijTM2lq5tWqiAmXNVryISyrCO32KLnsieIbblo-3D5CPo_6-2BOayirWiMnL4NNJ9ivl6YavKZeo6-2F4wNJspN1hyqCqN9Iica8t3kuAqeTUsoEZyEPArUXwlTHpmuotWGUYRcpQrE8nNUswQ7G-2Fk02oN1WEWHHt54BxhdFiplpKrmGj1WspfkeIJmwJCeW9Ajq2a-2BGqXpzskyzM61Tpiy5NDKhY8MUUudBe4LiKNPv1N9Sssb-2BbHdbIske2dNoFQB49IfBD7WGGCrxQrNfJIlUVLreo3aoYz59IR81nelZk2AQyVrrTWlwCHJe3EeBTjhogn5LsY0qjbfGCbA-2B4KfuUh5Du9MTsntaMAP9HbekxTySMMs665alFLfvqfPbBr82C0sgdF1E4gtziqc7OPbB-2BX9QpIbRPrZutsTsg9MSV2gp9Y8cQnmi8yVi-2FjrtCZFV9FCw-3D-3D\" target=\"_blank\" rel=\"noopener\" data-saferedirecturl=\"https:\/\/www.google.com\/url?q=https:\/\/link.mediaoutreach.meltwater.com\/ls\/click?upn%3Dv2OU6mEZsrF8RQMJ1eCY0hZfHR2O4q0FZHAgvymYB-2FPQ2b8XGXxv38ZLwABLN5o0isAtSVj3VcdwzS4e4moNKmjPCYjGL-2Fg1UAGuVewUKi9DyMywmpc-2BQWl67-2FnynAl1TJNLtijTM2lq5tWqiAmXNVryISyrCO32KLnsieIbblo-3D5CPo_6-2BOayirWiMnL4NNJ9ivl6YavKZeo6-2F4wNJspN1hyqCqN9Iica8t3kuAqeTUsoEZyEPArUXwlTHpmuotWGUYRcpQrE8nNUswQ7G-2Fk02oN1WEWHHt54BxhdFiplpKrmGj1WspfkeIJmwJCeW9Ajq2a-2BGqXpzskyzM61Tpiy5NDKhY8MUUudBe4LiKNPv1N9Sssb-2BbHdbIske2dNoFQB49IfBD7WGGCrxQrNfJIlUVLreo3aoYz59IR81nelZk2AQyVrrTWlwCHJe3EeBTjhogn5LsY0qjbfGCbA-2B4KfuUh5Du9MTsntaMAP9HbekxTySMMs665alFLfvqfPbBr82C0sgdF1E4gtziqc7OPbB-2BX9QpIbRPrZutsTsg9MSV2gp9Y8cQnmi8yVi-2FjrtCZFV9FCw-3D-3D&amp;source=gmail&amp;ust=1702476422465000&amp;usg=AOvVaw16b1VGaum-T2ObZCBerrA7\">24.5%<\/a>, den n\u00e4st h\u00f6gsta i Latinamerika och en av de h\u00f6gsta i v\u00e4rlden.<\/p>\n<p dir=\"ltr\">Om det h\u00f6ga antalet r\u00f6kare i Argentina tillade Teme:<\/p>\n<p dir=\"ltr\"><em>&quot;R\u00f6kning \u00e4r ett stort problem f\u00f6r Argentina och f\u00f6rbudet har bara f\u00f6rv\u00e4rrat det. Det sprider missuppfattningen att vaping \u00e4r detsamma eller v\u00e4rre \u00e4n r\u00f6kning, g\u00f6r det sv\u00e5rt f\u00f6r miljontals r\u00f6kare att byta till ett s\u00e4krare alternativ och har drivit tusentals vapers tillbaka till tobak. Med tydlig information och korrekt reglering av vaping skulle vi kunna minska r\u00f6kfrekvensen snabbt och avsev\u00e4rt.&quot;<\/em><\/p>\n<p dir=\"ltr\"><strong>Alberto G\u00f3mez Hern\u00e1ndez, policychef f\u00f6r World Vapers&#039; Alliance, kommenterade:\u00a0<\/strong><\/p>\n<p dir=\"ltr\"><em><strong>&quot;Argentina \u00e4r ett av de mest restriktiva l\u00e4nderna f\u00f6r vaping i hela regionen och har f\u00f6ljaktligen en av de h\u00f6gsta r\u00f6kfrekvenserna. Det \u00e4r n\u00e4st efter Chile, som just har antagit en lag som reglerar vaping f\u00f6r att till\u00e5ta vuxna att anv\u00e4nda den f\u00f6r att sluta r\u00f6ka,<\/strong> som Brasilien ocks\u00e5 arbetar f\u00f6r att g\u00f6ra. Argentina b\u00f6r inte sl\u00e4pa efter och b\u00f6r respektera r\u00f6kare som v\u00e4ljer att konsumera nikotin p\u00e5 ett mindre skadligt s\u00e4tt.\u201d<\/em><\/p>\n<p dir=\"ltr\"><strong>Michael Landl, chef f\u00f6r World Vapers&#039; Alliance, tillade:\u00a0<\/strong><\/p>\n<p dir=\"ltr\"><em>&quot;Argentinas inst\u00e4llning till vaping \u00e4r f\u00f6r\u00e5ldrad och of\u00f6renlig med att uppr\u00e4tth\u00e5lla konsumenternas individuella frihet. <strong>Argentina har nu en stor m\u00f6jlighet att ta ledningen och anta l\u00e4nder som Sverige eller Storbritannien, som respekterar anv\u00e4ndarnas r\u00e4tt att v\u00e4lja samtidigt som folkh\u00e4lsan f\u00f6rb\u00e4ttras.<\/strong> Sverige \u00e4r p\u00e5 v\u00e4g att bli det f\u00f6rsta r\u00f6kfria landet tack vare detta tillv\u00e4gag\u00e5ngss\u00e4tt, och Storbritannien minskar snabbt sin r\u00f6kfrekvens. Vi uppmuntrar president Milei och hans regering att f\u00f6lja dessa exempel. Vaping \u00e4r inte ett brott och b\u00f6r legaliseras omedelbart.\u201d<\/em> Landl avslutade.<\/p>","protected":false},"excerpt":{"rendered":"<p>Buenos Aires, 12.12.2023. &#8211; The Argentinean vapers&#8217; association Asovape Argentina and the World Vapers&#8217; Alliance have sent an open letter to the President of Argentina, Javier Milei, calling for the repeal of the ANMAT administrative provision banning the commercialisation of e-cigarettes. Provision 3226\/2011 of the National Administration of Medicines, Food and Medical Technology (ANMAT) banned [&hellip;]<\/p>\n","protected":false},"author":11,"featured_media":3245,"comment_status":"open","ping_status":"open","sticky":false,"template":"","format":"standard","meta":{"footnotes":""},"categories":[13],"tags":[],"class_list":["post-5263","post","type-post","status-publish","format-standard","has-post-thumbnail","hentry","category-press-releases"],"yoast_head":"<!-- This site is optimized with the Yoast SEO plugin v27.3 - https:\/\/yoast.com\/product\/yoast-seo-wordpress\/ -->\n<title>Vapers call on Javier Milei to repeal the ban on vaping in Argentina - World Vapers&#039; Alliance<\/title>\n<meta name=\"robots\" content=\"index, follow, max-snippet:-1, max-image-preview:large, max-video-preview:-1\" \/>\n<link rel=\"canonical\" href=\"https:\/\/worldvapersalliance.com\/sv\/vapers-call-on-javier-milei-to-repeal-the-ban-on-vaping-in-argentina\/\" \/>\n<meta property=\"og:locale\" content=\"sv_SE\" \/>\n<meta property=\"og:type\" content=\"article\" \/>\n<meta property=\"og:title\" content=\"Vapers call on Javier Milei to repeal the ban on vaping in Argentina - World Vapers&#039; Alliance\" \/>\n<meta property=\"og:description\" content=\"Buenos Aires, 12.12.2023. &#8211; The Argentinean vapers&#8217; association Asovape Argentina and the World Vapers&#8217; Alliance have sent an open letter to the President of Argentina, Javier Milei, calling for the repeal of the ANMAT administrative provision banning the commercialisation of e-cigarettes. Provision 3226\/2011 of the National Administration of Medicines, Food and Medical Technology (ANMAT) banned [&hellip;]\" \/>\n<meta property=\"og:url\" content=\"https:\/\/worldvapersalliance.com\/sv\/vapers-call-on-javier-milei-to-repeal-the-ban-on-vaping-in-argentina\/\" \/>\n<meta property=\"og:site_name\" content=\"World Vapers&#039; Alliance\" \/>\n<meta property=\"article:published_time\" content=\"2023-12-12T14:15:50+00:00\" \/>\n<meta property=\"og:image\" content=\"https:\/\/worldvapersalliance.com\/wp-content\/uploads\/2022\/10\/WVA_Press-Release_Cover-new.png\" \/>\n\t<meta property=\"og:image:width\" content=\"4162\" \/>\n\t<meta property=\"og:image:height\" content=\"3840\" \/>\n\t<meta property=\"og:image:type\" content=\"image\/png\" \/>\n<meta name=\"author\" content=\"World Vapers&#039; Alliance\" \/>\n<meta name=\"twitter:card\" content=\"summary_large_image\" \/>\n<meta name=\"twitter:label1\" content=\"Skriven av\" \/>\n\t<meta name=\"twitter:data1\" content=\"World Vapers&#039; Alliance\" \/>\n\t<meta name=\"twitter:label2\" content=\"Ber\u00e4knad l\u00e4stid\" \/>\n\t<meta name=\"twitter:data2\" content=\"3 minuter\" \/>\n<script type=\"application\/ld+json\" class=\"yoast-schema-graph\">{\"@context\":\"https:\\\/\\\/schema.org\",\"@graph\":[{\"@type\":\"Article\",\"@id\":\"https:\\\/\\\/worldvapersalliance.com\\\/vapers-call-on-javier-milei-to-repeal-the-ban-on-vaping-in-argentina\\\/#article\",\"isPartOf\":{\"@id\":\"https:\\\/\\\/worldvapersalliance.com\\\/vapers-call-on-javier-milei-to-repeal-the-ban-on-vaping-in-argentina\\\/\"},\"author\":{\"name\":\"World Vapers' Alliance\",\"@id\":\"https:\\\/\\\/worldvapersalliance.com\\\/#\\\/schema\\\/person\\\/18484a6f20bcc6f70a2419c8babe017d\"},\"headline\":\"Vapers call on Javier Milei to repeal the ban on vaping in Argentina\",\"datePublished\":\"2023-12-12T14:15:50+00:00\",\"mainEntityOfPage\":{\"@id\":\"https:\\\/\\\/worldvapersalliance.com\\\/vapers-call-on-javier-milei-to-repeal-the-ban-on-vaping-in-argentina\\\/\"},\"wordCount\":519,\"commentCount\":0,\"publisher\":{\"@id\":\"https:\\\/\\\/worldvapersalliance.com\\\/#organization\"},\"image\":{\"@id\":\"https:\\\/\\\/worldvapersalliance.com\\\/vapers-call-on-javier-milei-to-repeal-the-ban-on-vaping-in-argentina\\\/#primaryimage\"},\"thumbnailUrl\":\"https:\\\/\\\/worldvapersalliance.com\\\/wp-content\\\/uploads\\\/2022\\\/10\\\/WVA_Press-Release_Cover-new.png\",\"articleSection\":[\"Press Releases\"],\"inLanguage\":\"sv-SE\",\"potentialAction\":[{\"@type\":\"CommentAction\",\"name\":\"Comment\",\"target\":[\"https:\\\/\\\/worldvapersalliance.com\\\/vapers-call-on-javier-milei-to-repeal-the-ban-on-vaping-in-argentina\\\/#respond\"]}]},{\"@type\":\"WebPage\",\"@id\":\"https:\\\/\\\/worldvapersalliance.com\\\/vapers-call-on-javier-milei-to-repeal-the-ban-on-vaping-in-argentina\\\/\",\"url\":\"https:\\\/\\\/worldvapersalliance.com\\\/vapers-call-on-javier-milei-to-repeal-the-ban-on-vaping-in-argentina\\\/\",\"name\":\"Vapers call on Javier Milei to repeal the ban on vaping in Argentina - World Vapers&#039; Alliance\",\"isPartOf\":{\"@id\":\"https:\\\/\\\/worldvapersalliance.com\\\/#website\"},\"primaryImageOfPage\":{\"@id\":\"https:\\\/\\\/worldvapersalliance.com\\\/vapers-call-on-javier-milei-to-repeal-the-ban-on-vaping-in-argentina\\\/#primaryimage\"},\"image\":{\"@id\":\"https:\\\/\\\/worldvapersalliance.com\\\/vapers-call-on-javier-milei-to-repeal-the-ban-on-vaping-in-argentina\\\/#primaryimage\"},\"thumbnailUrl\":\"https:\\\/\\\/worldvapersalliance.com\\\/wp-content\\\/uploads\\\/2022\\\/10\\\/WVA_Press-Release_Cover-new.png\",\"datePublished\":\"2023-12-12T14:15:50+00:00\",\"inLanguage\":\"sv-SE\",\"potentialAction\":[{\"@type\":\"ReadAction\",\"target\":[\"https:\\\/\\\/worldvapersalliance.com\\\/vapers-call-on-javier-milei-to-repeal-the-ban-on-vaping-in-argentina\\\/\"]}]},{\"@type\":\"ImageObject\",\"inLanguage\":\"sv-SE\",\"@id\":\"https:\\\/\\\/worldvapersalliance.com\\\/vapers-call-on-javier-milei-to-repeal-the-ban-on-vaping-in-argentina\\\/#primaryimage\",\"url\":\"https:\\\/\\\/worldvapersalliance.com\\\/wp-content\\\/uploads\\\/2022\\\/10\\\/WVA_Press-Release_Cover-new.png\",\"contentUrl\":\"https:\\\/\\\/worldvapersalliance.com\\\/wp-content\\\/uploads\\\/2022\\\/10\\\/WVA_Press-Release_Cover-new.png\",\"width\":4162,\"height\":3840},{\"@type\":\"WebSite\",\"@id\":\"https:\\\/\\\/worldvapersalliance.com\\\/#website\",\"url\":\"https:\\\/\\\/worldvapersalliance.com\\\/\",\"name\":\"World Vapers&#039; Alliance\",\"description\":\"The largest community of vapers\",\"publisher\":{\"@id\":\"https:\\\/\\\/worldvapersalliance.com\\\/#organization\"},\"potentialAction\":[{\"@type\":\"SearchAction\",\"target\":{\"@type\":\"EntryPoint\",\"urlTemplate\":\"https:\\\/\\\/worldvapersalliance.com\\\/?s={search_term_string}\"},\"query-input\":{\"@type\":\"PropertyValueSpecification\",\"valueRequired\":true,\"valueName\":\"search_term_string\"}}],\"inLanguage\":\"sv-SE\"},{\"@type\":\"Organization\",\"@id\":\"https:\\\/\\\/worldvapersalliance.com\\\/#organization\",\"name\":\"World Vapers&#039; Alliance\",\"url\":\"https:\\\/\\\/worldvapersalliance.com\\\/\",\"logo\":{\"@type\":\"ImageObject\",\"inLanguage\":\"sv-SE\",\"@id\":\"https:\\\/\\\/worldvapersalliance.com\\\/#\\\/schema\\\/logo\\\/image\\\/\",\"url\":\"https:\\\/\\\/worldvapersalliance.com\\\/wp-content\\\/uploads\\\/2022\\\/01\\\/WVA_RB_Fist_G.png\",\"contentUrl\":\"https:\\\/\\\/worldvapersalliance.com\\\/wp-content\\\/uploads\\\/2022\\\/01\\\/WVA_RB_Fist_G.png\",\"width\":985,\"height\":1177,\"caption\":\"World Vapers&#039; Alliance\"},\"image\":{\"@id\":\"https:\\\/\\\/worldvapersalliance.com\\\/#\\\/schema\\\/logo\\\/image\\\/\"}},{\"@type\":\"Person\",\"@id\":\"https:\\\/\\\/worldvapersalliance.com\\\/#\\\/schema\\\/person\\\/18484a6f20bcc6f70a2419c8babe017d\",\"name\":\"World Vapers' Alliance\",\"image\":{\"@type\":\"ImageObject\",\"inLanguage\":\"sv-SE\",\"@id\":\"https:\\\/\\\/secure.gravatar.com\\\/avatar\\\/456bf795c7a47c9ac527a94da4bff150aa49e48726d69bee9937f8383cffa246?s=96&d=mm&r=g\",\"url\":\"https:\\\/\\\/secure.gravatar.com\\\/avatar\\\/456bf795c7a47c9ac527a94da4bff150aa49e48726d69bee9937f8383cffa246?s=96&d=mm&r=g\",\"contentUrl\":\"https:\\\/\\\/secure.gravatar.com\\\/avatar\\\/456bf795c7a47c9ac527a94da4bff150aa49e48726d69bee9937f8383cffa246?s=96&d=mm&r=g\",\"caption\":\"World Vapers' Alliance\"},\"url\":\"https:\\\/\\\/worldvapersalliance.com\\\/sv\\\/author\\\/wva\\\/\"}]}<\/script>\n<!-- \/ Yoast SEO plugin. -->","yoast_head_json":{"title":"Vapers uppmanar Javier Milei att upph\u00e4va f\u00f6rbudet mot vaping i Argentina - World Vapers&#039; Alliance","robots":{"index":"index","follow":"follow","max-snippet":"max-snippet:-1","max-image-preview":"max-image-preview:large","max-video-preview":"max-video-preview:-1"},"canonical":"https:\/\/worldvapersalliance.com\/sv\/vapers-call-on-javier-milei-to-repeal-the-ban-on-vaping-in-argentina\/","og_locale":"sv_SE","og_type":"article","og_title":"Vapers call on Javier Milei to repeal the ban on vaping in Argentina - World Vapers&#039; Alliance","og_description":"Buenos Aires, 12.12.2023. &#8211; The Argentinean vapers&#8217; association Asovape Argentina and the World Vapers&#8217; Alliance have sent an open letter to the President of Argentina, Javier Milei, calling for the repeal of the ANMAT administrative provision banning the commercialisation of e-cigarettes. Provision 3226\/2011 of the National Administration of Medicines, Food and Medical Technology (ANMAT) banned [&hellip;]","og_url":"https:\/\/worldvapersalliance.com\/sv\/vapers-call-on-javier-milei-to-repeal-the-ban-on-vaping-in-argentina\/","og_site_name":"World Vapers&#039; Alliance","article_published_time":"2023-12-12T14:15:50+00:00","og_image":[{"width":4162,"height":3840,"url":"https:\/\/worldvapersalliance.com\/wp-content\/uploads\/2022\/10\/WVA_Press-Release_Cover-new.png","type":"image\/png"}],"author":"World Vapers' Alliance","twitter_card":"summary_large_image","twitter_misc":{"Skriven av":"World Vapers' Alliance","Ber\u00e4knad l\u00e4stid":"3 minuter"},"schema":{"@context":"https:\/\/schema.org","@graph":[{"@type":"Article","@id":"https:\/\/worldvapersalliance.com\/vapers-call-on-javier-milei-to-repeal-the-ban-on-vaping-in-argentina\/#article","isPartOf":{"@id":"https:\/\/worldvapersalliance.com\/vapers-call-on-javier-milei-to-repeal-the-ban-on-vaping-in-argentina\/"},"author":{"name":"World Vapers' Alliance","@id":"https:\/\/worldvapersalliance.com\/#\/schema\/person\/18484a6f20bcc6f70a2419c8babe017d"},"headline":"Vapers call on Javier Milei to repeal the ban on vaping in Argentina","datePublished":"2023-12-12T14:15:50+00:00","mainEntityOfPage":{"@id":"https:\/\/worldvapersalliance.com\/vapers-call-on-javier-milei-to-repeal-the-ban-on-vaping-in-argentina\/"},"wordCount":519,"commentCount":0,"publisher":{"@id":"https:\/\/worldvapersalliance.com\/#organization"},"image":{"@id":"https:\/\/worldvapersalliance.com\/vapers-call-on-javier-milei-to-repeal-the-ban-on-vaping-in-argentina\/#primaryimage"},"thumbnailUrl":"https:\/\/worldvapersalliance.com\/wp-content\/uploads\/2022\/10\/WVA_Press-Release_Cover-new.png","articleSection":["Press Releases"],"inLanguage":"sv-SE","potentialAction":[{"@type":"CommentAction","name":"Comment","target":["https:\/\/worldvapersalliance.com\/vapers-call-on-javier-milei-to-repeal-the-ban-on-vaping-in-argentina\/#respond"]}]},{"@type":"WebPage","@id":"https:\/\/worldvapersalliance.com\/vapers-call-on-javier-milei-to-repeal-the-ban-on-vaping-in-argentina\/","url":"https:\/\/worldvapersalliance.com\/vapers-call-on-javier-milei-to-repeal-the-ban-on-vaping-in-argentina\/","name":"Vapers uppmanar Javier Milei att upph\u00e4va f\u00f6rbudet mot vaping i Argentina - World Vapers&#039; Alliance","isPartOf":{"@id":"https:\/\/worldvapersalliance.com\/#website"},"primaryImageOfPage":{"@id":"https:\/\/worldvapersalliance.com\/vapers-call-on-javier-milei-to-repeal-the-ban-on-vaping-in-argentina\/#primaryimage"},"image":{"@id":"https:\/\/worldvapersalliance.com\/vapers-call-on-javier-milei-to-repeal-the-ban-on-vaping-in-argentina\/#primaryimage"},"thumbnailUrl":"https:\/\/worldvapersalliance.com\/wp-content\/uploads\/2022\/10\/WVA_Press-Release_Cover-new.png","datePublished":"2023-12-12T14:15:50+00:00","inLanguage":"sv-SE","potentialAction":[{"@type":"ReadAction","target":["https:\/\/worldvapersalliance.com\/vapers-call-on-javier-milei-to-repeal-the-ban-on-vaping-in-argentina\/"]}]},{"@type":"ImageObject","inLanguage":"sv-SE","@id":"https:\/\/worldvapersalliance.com\/vapers-call-on-javier-milei-to-repeal-the-ban-on-vaping-in-argentina\/#primaryimage","url":"https:\/\/worldvapersalliance.com\/wp-content\/uploads\/2022\/10\/WVA_Press-Release_Cover-new.png","contentUrl":"https:\/\/worldvapersalliance.com\/wp-content\/uploads\/2022\/10\/WVA_Press-Release_Cover-new.png","width":4162,"height":3840},{"@type":"WebSite","@id":"https:\/\/worldvapersalliance.com\/#website","url":"https:\/\/worldvapersalliance.com\/","name":"World Vapers&#039; Alliance","description":"Den st\u00f6rsta gemenskapen av vapers","publisher":{"@id":"https:\/\/worldvapersalliance.com\/#organization"},"potentialAction":[{"@type":"SearchAction","target":{"@type":"EntryPoint","urlTemplate":"https:\/\/worldvapersalliance.com\/?s={search_term_string}"},"query-input":{"@type":"PropertyValueSpecification","valueRequired":true,"valueName":"search_term_string"}}],"inLanguage":"sv-SE"},{"@type":"Organization","@id":"https:\/\/worldvapersalliance.com\/#organization","name":"World Vapers&#039; Alliance","url":"https:\/\/worldvapersalliance.com\/","logo":{"@type":"ImageObject","inLanguage":"sv-SE","@id":"https:\/\/worldvapersalliance.com\/#\/schema\/logo\/image\/","url":"https:\/\/worldvapersalliance.com\/wp-content\/uploads\/2022\/01\/WVA_RB_Fist_G.png","contentUrl":"https:\/\/worldvapersalliance.com\/wp-content\/uploads\/2022\/01\/WVA_RB_Fist_G.png","width":985,"height":1177,"caption":"World Vapers&#039; Alliance"},"image":{"@id":"https:\/\/worldvapersalliance.com\/#\/schema\/logo\/image\/"}},{"@type":"Person","@id":"https:\/\/worldvapersalliance.com\/#\/schema\/person\/18484a6f20bcc6f70a2419c8babe017d","name":"World Vapers&#039; Alliance","image":{"@type":"ImageObject","inLanguage":"sv-SE","@id":"https:\/\/secure.gravatar.com\/avatar\/456bf795c7a47c9ac527a94da4bff150aa49e48726d69bee9937f8383cffa246?s=96&d=mm&r=g","url":"https:\/\/secure.gravatar.com\/avatar\/456bf795c7a47c9ac527a94da4bff150aa49e48726d69bee9937f8383cffa246?s=96&d=mm&r=g","contentUrl":"https:\/\/secure.gravatar.com\/avatar\/456bf795c7a47c9ac527a94da4bff150aa49e48726d69bee9937f8383cffa246?s=96&d=mm&r=g","caption":"World Vapers' Alliance"},"url":"https:\/\/worldvapersalliance.com\/sv\/author\/wva\/"}]}},"_links":{"self":[{"href":"https:\/\/worldvapersalliance.com\/sv\/wp-json\/wp\/v2\/posts\/5263","targetHints":{"allow":["GET"]}}],"collection":[{"href":"https:\/\/worldvapersalliance.com\/sv\/wp-json\/wp\/v2\/posts"}],"about":[{"href":"https:\/\/worldvapersalliance.com\/sv\/wp-json\/wp\/v2\/types\/post"}],"author":[{"embeddable":true,"href":"https:\/\/worldvapersalliance.com\/sv\/wp-json\/wp\/v2\/users\/11"}],"replies":[{"embeddable":true,"href":"https:\/\/worldvapersalliance.com\/sv\/wp-json\/wp\/v2\/comments?post=5263"}],"version-history":[{"count":0,"href":"https:\/\/worldvapersalliance.com\/sv\/wp-json\/wp\/v2\/posts\/5263\/revisions"}],"wp:featuredmedia":[{"embeddable":true,"href":"https:\/\/worldvapersalliance.com\/sv\/wp-json\/wp\/v2\/media\/3245"}],"wp:attachment":[{"href":"https:\/\/worldvapersalliance.com\/sv\/wp-json\/wp\/v2\/media?parent=5263"}],"wp:term":[{"taxonomy":"category","embeddable":true,"href":"https:\/\/worldvapersalliance.com\/sv\/wp-json\/wp\/v2\/categories?post=5263"},{"taxonomy":"post_tag","embeddable":true,"href":"https:\/\/worldvapersalliance.com\/sv\/wp-json\/wp\/v2\/tags?post=5263"}],"curies":[{"name":"wp","href":"https:\/\/api.w.org\/{rel}","templated":true}]}}