{"id":5105,"date":"2023-11-02T08:37:39","date_gmt":"2023-11-02T12:37:39","guid":{"rendered":"https:\/\/worldvapersalliance.com\/?p=5105"},"modified":"2023-11-08T08:39:21","modified_gmt":"2023-11-08T13:39:21","slug":"belgium-urged-to-prioritise-harm-reduction","status":"publish","type":"post","link":"https:\/\/worldvapersalliance.com\/sv\/belgium-urged-to-prioritise-harm-reduction\/","title":{"rendered":"Belgien uppmanas att prioritera skademinskning"},"content":{"rendered":"<div class=\"field field-name-field-news-intro-text field-type-text-long field-label-hidden\">\n<div class=\"field-items\">\n<h4 class=\"field-item even\">\u00c5r 2022 erk\u00e4nde det belgiska h\u00e4lsor\u00e5det i en rapport till regeringen att vapning \u00e4r mindre skadligt \u00e4n r\u00f6kning och rekommenderade r\u00f6kare att byta till vapning. Nu uppmanar europeiska medlemmar av World Vapers&#039; Alliance den belgiska regeringen att prioritera skademinskning som sin h\u00e4lsoprioritet under den kommande ordf\u00f6randeskapsperioden i r\u00e5det p\u00e5 grund av bristande framsteg.<\/h4>\n<\/div>\n<\/div>\n<div class=\"field field-name-field-news-body-text field-type-text-long field-label-hidden\">\n<div class=\"field-items\">\n<div class=\"field-item even\">\n<p>F\u00f6rra veckan publicerade Politico ett arbetsprogram fr\u00e5n det belgiska ordf\u00f6randeskapet som tog upp dess fem h\u00e4lsoprioriteringar, inklusive motst\u00e5ndskraft inom h\u00e4lsa och h\u00e4lsosystem, j\u00e4mlikhet i h\u00e4lsa och en h\u00e4lsosam befolkning bland annat.<\/p>\n<p>Michael Landl, chef f\u00f6r World Vapers&#039; Alliance, sa: \u2019<i>Skademinskning av tobaksskador b\u00f6r vara h\u00f6rnstenen i EU:s h\u00e4lsoprioriteringar eftersom r\u00f6kning fortfarande \u00e4r den fr\u00e4msta f\u00f6rebyggbara d\u00f6dsorsaken i EU.<\/i><\/p>\n<p><i>\u201cDet finns \u00f6ver 1,3 miljarder m\u00e4nniskor som fortfarande r\u00f6ker, varav 88 miljoner bara i Europeiska unionen. Sverige har blivit en f\u00f6respr\u00e5kare f\u00f6r skademinskning i takt med att landet g\u00e5r mot en nationell riskbaserad politik med snus, en traditionell r\u00f6kfri tobaksprodukt, och s\u00e4nker skatten till 20%. Vi uppmanar den belgiska regeringen att f\u00f6lja det svenska exemplet och anamma skademinskning som en drivkraft mot ett r\u00f6kfritt Europa.\u201d<\/i>.<\/p>\n<p>L\u00e4s hela texten <a href=\"https:\/\/www.planetofthevapes.co.uk\/news\/vaping-news\/2023-11-02_belgium-urged-to-prioritise-harm-reduction.html\" target=\"_blank\" rel=\"noopener\">h\u00e4r<\/a><\/p>\n<\/div>\n<\/div>\n<\/div>","protected":false},"excerpt":{"rendered":"<p>In 2022, the Belgian Superior Health Council acknowledged in a report to the government that vaping is less harmful than smoking and recommended smokers switch to vaping. Now, European members of the World Vapers\u2019 Alliance are urging the Belgian government to address harm reduction as their health priority in the upcoming Council presidency term due [&hellip;]<\/p>\n","protected":false},"author":11,"featured_media":6394,"comment_status":"open","ping_status":"open","sticky":false,"template":"","format":"standard","meta":{"footnotes":""},"categories":[15],"tags":[],"class_list":["post-5105","post","type-post","status-publish","format-standard","has-post-thumbnail","hentry","category-wva-in-the-news"],"yoast_head":"<!-- This site is optimized with the Yoast SEO plugin v27.3 - https:\/\/yoast.com\/product\/yoast-seo-wordpress\/ -->\n<title>Belgium Urged to Prioritise Harm Reduction - World Vapers&#039; Alliance<\/title>\n<meta name=\"robots\" content=\"index, follow, max-snippet:-1, max-image-preview:large, max-video-preview:-1\" \/>\n<link rel=\"canonical\" href=\"https:\/\/worldvapersalliance.com\/sv\/belgium-urged-to-prioritise-harm-reduction\/\" \/>\n<meta property=\"og:locale\" content=\"sv_SE\" \/>\n<meta property=\"og:type\" content=\"article\" \/>\n<meta property=\"og:title\" content=\"Belgium Urged to Prioritise Harm Reduction - World Vapers&#039; Alliance\" \/>\n<meta property=\"og:description\" content=\"In 2022, the Belgian Superior Health Council acknowledged in a report to the government that vaping is less harmful than smoking and recommended smokers switch to vaping. Now, European members of the World Vapers\u2019 Alliance are urging the Belgian government to address harm reduction as their health priority in the upcoming Council presidency term due [&hellip;]\" \/>\n<meta property=\"og:url\" content=\"https:\/\/worldvapersalliance.com\/sv\/belgium-urged-to-prioritise-harm-reduction\/\" \/>\n<meta property=\"og:site_name\" content=\"World Vapers&#039; Alliance\" \/>\n<meta property=\"article:published_time\" content=\"2023-11-02T12:37:39+00:00\" \/>\n<meta property=\"article:modified_time\" content=\"2023-11-08T13:39:21+00:00\" \/>\n<meta property=\"og:image\" content=\"https:\/\/worldvapersalliance.com\/wp-content\/uploads\/2022\/07\/Planet-of-the-vapes.png\" \/>\n\t<meta property=\"og:image:width\" content=\"2081\" \/>\n\t<meta property=\"og:image:height\" content=\"1920\" \/>\n\t<meta property=\"og:image:type\" content=\"image\/png\" \/>\n<meta name=\"author\" content=\"World Vapers&#039; Alliance\" \/>\n<meta name=\"twitter:card\" content=\"summary_large_image\" \/>\n<meta name=\"twitter:label1\" content=\"Skriven av\" \/>\n\t<meta name=\"twitter:data1\" content=\"World Vapers&#039; Alliance\" \/>\n\t<meta name=\"twitter:label2\" content=\"Ber\u00e4knad l\u00e4stid\" \/>\n\t<meta name=\"twitter:data2\" content=\"1 minut\" \/>\n<script type=\"application\/ld+json\" class=\"yoast-schema-graph\">{\"@context\":\"https:\\\/\\\/schema.org\",\"@graph\":[{\"@type\":\"Article\",\"@id\":\"https:\\\/\\\/worldvapersalliance.com\\\/belgium-urged-to-prioritise-harm-reduction\\\/#article\",\"isPartOf\":{\"@id\":\"https:\\\/\\\/worldvapersalliance.com\\\/belgium-urged-to-prioritise-harm-reduction\\\/\"},\"author\":{\"name\":\"World Vapers' Alliance\",\"@id\":\"https:\\\/\\\/worldvapersalliance.com\\\/#\\\/schema\\\/person\\\/18484a6f20bcc6f70a2419c8babe017d\"},\"headline\":\"Belgium Urged to Prioritise Harm Reduction\",\"datePublished\":\"2023-11-02T12:37:39+00:00\",\"dateModified\":\"2023-11-08T13:39:21+00:00\",\"mainEntityOfPage\":{\"@id\":\"https:\\\/\\\/worldvapersalliance.com\\\/belgium-urged-to-prioritise-harm-reduction\\\/\"},\"wordCount\":202,\"commentCount\":0,\"publisher\":{\"@id\":\"https:\\\/\\\/worldvapersalliance.com\\\/#organization\"},\"image\":{\"@id\":\"https:\\\/\\\/worldvapersalliance.com\\\/belgium-urged-to-prioritise-harm-reduction\\\/#primaryimage\"},\"thumbnailUrl\":\"https:\\\/\\\/worldvapersalliance.com\\\/wp-content\\\/uploads\\\/2025\\\/08\\\/WVA-in-the-news.png\",\"articleSection\":[\"WVA in the News\"],\"inLanguage\":\"sv-SE\",\"potentialAction\":[{\"@type\":\"CommentAction\",\"name\":\"Comment\",\"target\":[\"https:\\\/\\\/worldvapersalliance.com\\\/belgium-urged-to-prioritise-harm-reduction\\\/#respond\"]}]},{\"@type\":\"WebPage\",\"@id\":\"https:\\\/\\\/worldvapersalliance.com\\\/belgium-urged-to-prioritise-harm-reduction\\\/\",\"url\":\"https:\\\/\\\/worldvapersalliance.com\\\/belgium-urged-to-prioritise-harm-reduction\\\/\",\"name\":\"Belgium Urged to Prioritise Harm Reduction - World Vapers&#039; Alliance\",\"isPartOf\":{\"@id\":\"https:\\\/\\\/worldvapersalliance.com\\\/#website\"},\"primaryImageOfPage\":{\"@id\":\"https:\\\/\\\/worldvapersalliance.com\\\/belgium-urged-to-prioritise-harm-reduction\\\/#primaryimage\"},\"image\":{\"@id\":\"https:\\\/\\\/worldvapersalliance.com\\\/belgium-urged-to-prioritise-harm-reduction\\\/#primaryimage\"},\"thumbnailUrl\":\"https:\\\/\\\/worldvapersalliance.com\\\/wp-content\\\/uploads\\\/2025\\\/08\\\/WVA-in-the-news.png\",\"datePublished\":\"2023-11-02T12:37:39+00:00\",\"dateModified\":\"2023-11-08T13:39:21+00:00\",\"inLanguage\":\"sv-SE\",\"potentialAction\":[{\"@type\":\"ReadAction\",\"target\":[\"https:\\\/\\\/worldvapersalliance.com\\\/belgium-urged-to-prioritise-harm-reduction\\\/\"]}]},{\"@type\":\"ImageObject\",\"inLanguage\":\"sv-SE\",\"@id\":\"https:\\\/\\\/worldvapersalliance.com\\\/belgium-urged-to-prioritise-harm-reduction\\\/#primaryimage\",\"url\":\"https:\\\/\\\/worldvapersalliance.com\\\/wp-content\\\/uploads\\\/2025\\\/08\\\/WVA-in-the-news.png\",\"contentUrl\":\"https:\\\/\\\/worldvapersalliance.com\\\/wp-content\\\/uploads\\\/2025\\\/08\\\/WVA-in-the-news.png\",\"width\":1264,\"height\":848},{\"@type\":\"WebSite\",\"@id\":\"https:\\\/\\\/worldvapersalliance.com\\\/#website\",\"url\":\"https:\\\/\\\/worldvapersalliance.com\\\/\",\"name\":\"World Vapers&#039; Alliance\",\"description\":\"The largest community of vapers\",\"publisher\":{\"@id\":\"https:\\\/\\\/worldvapersalliance.com\\\/#organization\"},\"potentialAction\":[{\"@type\":\"SearchAction\",\"target\":{\"@type\":\"EntryPoint\",\"urlTemplate\":\"https:\\\/\\\/worldvapersalliance.com\\\/?s={search_term_string}\"},\"query-input\":{\"@type\":\"PropertyValueSpecification\",\"valueRequired\":true,\"valueName\":\"search_term_string\"}}],\"inLanguage\":\"sv-SE\"},{\"@type\":\"Organization\",\"@id\":\"https:\\\/\\\/worldvapersalliance.com\\\/#organization\",\"name\":\"World Vapers&#039; Alliance\",\"url\":\"https:\\\/\\\/worldvapersalliance.com\\\/\",\"logo\":{\"@type\":\"ImageObject\",\"inLanguage\":\"sv-SE\",\"@id\":\"https:\\\/\\\/worldvapersalliance.com\\\/#\\\/schema\\\/logo\\\/image\\\/\",\"url\":\"https:\\\/\\\/worldvapersalliance.com\\\/wp-content\\\/uploads\\\/2022\\\/01\\\/WVA_RB_Fist_G.png\",\"contentUrl\":\"https:\\\/\\\/worldvapersalliance.com\\\/wp-content\\\/uploads\\\/2022\\\/01\\\/WVA_RB_Fist_G.png\",\"width\":985,\"height\":1177,\"caption\":\"World Vapers&#039; Alliance\"},\"image\":{\"@id\":\"https:\\\/\\\/worldvapersalliance.com\\\/#\\\/schema\\\/logo\\\/image\\\/\"}},{\"@type\":\"Person\",\"@id\":\"https:\\\/\\\/worldvapersalliance.com\\\/#\\\/schema\\\/person\\\/18484a6f20bcc6f70a2419c8babe017d\",\"name\":\"World Vapers' Alliance\",\"image\":{\"@type\":\"ImageObject\",\"inLanguage\":\"sv-SE\",\"@id\":\"https:\\\/\\\/secure.gravatar.com\\\/avatar\\\/456bf795c7a47c9ac527a94da4bff150aa49e48726d69bee9937f8383cffa246?s=96&d=mm&r=g\",\"url\":\"https:\\\/\\\/secure.gravatar.com\\\/avatar\\\/456bf795c7a47c9ac527a94da4bff150aa49e48726d69bee9937f8383cffa246?s=96&d=mm&r=g\",\"contentUrl\":\"https:\\\/\\\/secure.gravatar.com\\\/avatar\\\/456bf795c7a47c9ac527a94da4bff150aa49e48726d69bee9937f8383cffa246?s=96&d=mm&r=g\",\"caption\":\"World Vapers' Alliance\"},\"url\":\"https:\\\/\\\/worldvapersalliance.com\\\/sv\\\/author\\\/wva\\\/\"}]}<\/script>\n<!-- \/ Yoast SEO plugin. -->","yoast_head_json":{"title":"Belgien uppmanas att prioritera skademinskning - World Vapers&#039; Alliance","robots":{"index":"index","follow":"follow","max-snippet":"max-snippet:-1","max-image-preview":"max-image-preview:large","max-video-preview":"max-video-preview:-1"},"canonical":"https:\/\/worldvapersalliance.com\/sv\/belgium-urged-to-prioritise-harm-reduction\/","og_locale":"sv_SE","og_type":"article","og_title":"Belgium Urged to Prioritise Harm Reduction - World Vapers&#039; Alliance","og_description":"In 2022, the Belgian Superior Health Council acknowledged in a report to the government that vaping is less harmful than smoking and recommended smokers switch to vaping. Now, European members of the World Vapers\u2019 Alliance are urging the Belgian government to address harm reduction as their health priority in the upcoming Council presidency term due [&hellip;]","og_url":"https:\/\/worldvapersalliance.com\/sv\/belgium-urged-to-prioritise-harm-reduction\/","og_site_name":"World Vapers&#039; Alliance","article_published_time":"2023-11-02T12:37:39+00:00","article_modified_time":"2023-11-08T13:39:21+00:00","og_image":[{"width":2081,"height":1920,"url":"https:\/\/worldvapersalliance.com\/wp-content\/uploads\/2022\/07\/Planet-of-the-vapes.png","type":"image\/png"}],"author":"World Vapers' Alliance","twitter_card":"summary_large_image","twitter_misc":{"Skriven av":"World Vapers' Alliance","Ber\u00e4knad l\u00e4stid":"1 minut"},"schema":{"@context":"https:\/\/schema.org","@graph":[{"@type":"Article","@id":"https:\/\/worldvapersalliance.com\/belgium-urged-to-prioritise-harm-reduction\/#article","isPartOf":{"@id":"https:\/\/worldvapersalliance.com\/belgium-urged-to-prioritise-harm-reduction\/"},"author":{"name":"World Vapers' Alliance","@id":"https:\/\/worldvapersalliance.com\/#\/schema\/person\/18484a6f20bcc6f70a2419c8babe017d"},"headline":"Belgium Urged to Prioritise Harm Reduction","datePublished":"2023-11-02T12:37:39+00:00","dateModified":"2023-11-08T13:39:21+00:00","mainEntityOfPage":{"@id":"https:\/\/worldvapersalliance.com\/belgium-urged-to-prioritise-harm-reduction\/"},"wordCount":202,"commentCount":0,"publisher":{"@id":"https:\/\/worldvapersalliance.com\/#organization"},"image":{"@id":"https:\/\/worldvapersalliance.com\/belgium-urged-to-prioritise-harm-reduction\/#primaryimage"},"thumbnailUrl":"https:\/\/worldvapersalliance.com\/wp-content\/uploads\/2025\/08\/WVA-in-the-news.png","articleSection":["WVA in the News"],"inLanguage":"sv-SE","potentialAction":[{"@type":"CommentAction","name":"Comment","target":["https:\/\/worldvapersalliance.com\/belgium-urged-to-prioritise-harm-reduction\/#respond"]}]},{"@type":"WebPage","@id":"https:\/\/worldvapersalliance.com\/belgium-urged-to-prioritise-harm-reduction\/","url":"https:\/\/worldvapersalliance.com\/belgium-urged-to-prioritise-harm-reduction\/","name":"Belgien uppmanas att prioritera skademinskning - World Vapers&#039; Alliance","isPartOf":{"@id":"https:\/\/worldvapersalliance.com\/#website"},"primaryImageOfPage":{"@id":"https:\/\/worldvapersalliance.com\/belgium-urged-to-prioritise-harm-reduction\/#primaryimage"},"image":{"@id":"https:\/\/worldvapersalliance.com\/belgium-urged-to-prioritise-harm-reduction\/#primaryimage"},"thumbnailUrl":"https:\/\/worldvapersalliance.com\/wp-content\/uploads\/2025\/08\/WVA-in-the-news.png","datePublished":"2023-11-02T12:37:39+00:00","dateModified":"2023-11-08T13:39:21+00:00","inLanguage":"sv-SE","potentialAction":[{"@type":"ReadAction","target":["https:\/\/worldvapersalliance.com\/belgium-urged-to-prioritise-harm-reduction\/"]}]},{"@type":"ImageObject","inLanguage":"sv-SE","@id":"https:\/\/worldvapersalliance.com\/belgium-urged-to-prioritise-harm-reduction\/#primaryimage","url":"https:\/\/worldvapersalliance.com\/wp-content\/uploads\/2025\/08\/WVA-in-the-news.png","contentUrl":"https:\/\/worldvapersalliance.com\/wp-content\/uploads\/2025\/08\/WVA-in-the-news.png","width":1264,"height":848},{"@type":"WebSite","@id":"https:\/\/worldvapersalliance.com\/#website","url":"https:\/\/worldvapersalliance.com\/","name":"World Vapers&#039; Alliance","description":"Den st\u00f6rsta gemenskapen av vapers","publisher":{"@id":"https:\/\/worldvapersalliance.com\/#organization"},"potentialAction":[{"@type":"SearchAction","target":{"@type":"EntryPoint","urlTemplate":"https:\/\/worldvapersalliance.com\/?s={search_term_string}"},"query-input":{"@type":"PropertyValueSpecification","valueRequired":true,"valueName":"search_term_string"}}],"inLanguage":"sv-SE"},{"@type":"Organization","@id":"https:\/\/worldvapersalliance.com\/#organization","name":"World Vapers&#039; Alliance","url":"https:\/\/worldvapersalliance.com\/","logo":{"@type":"ImageObject","inLanguage":"sv-SE","@id":"https:\/\/worldvapersalliance.com\/#\/schema\/logo\/image\/","url":"https:\/\/worldvapersalliance.com\/wp-content\/uploads\/2022\/01\/WVA_RB_Fist_G.png","contentUrl":"https:\/\/worldvapersalliance.com\/wp-content\/uploads\/2022\/01\/WVA_RB_Fist_G.png","width":985,"height":1177,"caption":"World Vapers&#039; Alliance"},"image":{"@id":"https:\/\/worldvapersalliance.com\/#\/schema\/logo\/image\/"}},{"@type":"Person","@id":"https:\/\/worldvapersalliance.com\/#\/schema\/person\/18484a6f20bcc6f70a2419c8babe017d","name":"World Vapers&#039; Alliance","image":{"@type":"ImageObject","inLanguage":"sv-SE","@id":"https:\/\/secure.gravatar.com\/avatar\/456bf795c7a47c9ac527a94da4bff150aa49e48726d69bee9937f8383cffa246?s=96&d=mm&r=g","url":"https:\/\/secure.gravatar.com\/avatar\/456bf795c7a47c9ac527a94da4bff150aa49e48726d69bee9937f8383cffa246?s=96&d=mm&r=g","contentUrl":"https:\/\/secure.gravatar.com\/avatar\/456bf795c7a47c9ac527a94da4bff150aa49e48726d69bee9937f8383cffa246?s=96&d=mm&r=g","caption":"World Vapers' Alliance"},"url":"https:\/\/worldvapersalliance.com\/sv\/author\/wva\/"}]}},"_links":{"self":[{"href":"https:\/\/worldvapersalliance.com\/sv\/wp-json\/wp\/v2\/posts\/5105","targetHints":{"allow":["GET"]}}],"collection":[{"href":"https:\/\/worldvapersalliance.com\/sv\/wp-json\/wp\/v2\/posts"}],"about":[{"href":"https:\/\/worldvapersalliance.com\/sv\/wp-json\/wp\/v2\/types\/post"}],"author":[{"embeddable":true,"href":"https:\/\/worldvapersalliance.com\/sv\/wp-json\/wp\/v2\/users\/11"}],"replies":[{"embeddable":true,"href":"https:\/\/worldvapersalliance.com\/sv\/wp-json\/wp\/v2\/comments?post=5105"}],"version-history":[{"count":0,"href":"https:\/\/worldvapersalliance.com\/sv\/wp-json\/wp\/v2\/posts\/5105\/revisions"}],"wp:featuredmedia":[{"embeddable":true,"href":"https:\/\/worldvapersalliance.com\/sv\/wp-json\/wp\/v2\/media\/6394"}],"wp:attachment":[{"href":"https:\/\/worldvapersalliance.com\/sv\/wp-json\/wp\/v2\/media?parent=5105"}],"wp:term":[{"taxonomy":"category","embeddable":true,"href":"https:\/\/worldvapersalliance.com\/sv\/wp-json\/wp\/v2\/categories?post=5105"},{"taxonomy":"post_tag","embeddable":true,"href":"https:\/\/worldvapersalliance.com\/sv\/wp-json\/wp\/v2\/tags?post=5105"}],"curies":[{"name":"wp","href":"https:\/\/api.w.org\/{rel}","templated":true}]}}