{"id":4936,"date":"2023-10-23T08:05:17","date_gmt":"2023-10-23T12:05:17","guid":{"rendered":"https:\/\/worldvapersalliance.com\/?p=4936"},"modified":"2023-10-23T08:05:17","modified_gmt":"2023-10-23T12:05:17","slug":"portuguese-government-to-increase-e-liquids-taxation","status":"publish","type":"post","link":"https:\/\/worldvapersalliance.com\/sv\/portuguese-government-to-increase-e-liquids-taxation\/","title":{"rendered":"Den portugisiska regeringen h\u00f6jer beskattningen av e-v\u00e4tskor"},"content":{"rendered":"<p dir=\"ltr\"><strong>Lissabon, 23.10.2023. \u2013<\/strong> Den portugisiska regeringen presenterade sina <a href=\"https:\/\/link.mediaoutreach.meltwater.com\/ls\/click?upn=v2OU6mEZsrF8RQMJ1eCY0l4lXa-2FrafngNK9T9axX1S-2FeEzH3UFS4h1sdPpzOk6kbnegaUxgC62PdTNlAFYRfllQr7pgFmTPIlE701Zvjh3NIAOe9aKLcFIL5e54Fzgr0uIKQcss1GYgyjpWXl1FPPIkJanykOhL3kjDOlih2vzk-3DT2ZL_6-2BOayirWiMnL4NNJ9ivl6YavKZeo6-2F4wNJspN1hyqCqN9Iica8t3kuAqeTUsoEZyEPArUXwlTHpmuotWGUYRcpQrE8nNUswQ7G-2Fk02oN1WEWHHt54BxhdFiplpKrmGj1PxLu9p0ncd1qgncnak-2BmzrR6c85L2FoHjklupz56ZzGAcuU-2FHbF8mEHtLa9KAmxg9IgCNKvjrQR4LENpbwTgBA4JXxKhHBBf1tktALsLqN0Rned0S8huDOWNq4XDLHn42WqCxhuchTXQmdy06p-2BAEWYr6t-2Fe06jY6PULV9RKif2jlgWImWMMJ9rmDquHzIJAtpYcNDM2GVW49fKrM0cljBs0c-2FnP5KaRYE7hWlvz0pomaroci5AmnVkIDtL9g17iM0c1T1VgWQeHRhpzV9sO5w-3D-3D\" target=\"_blank\" rel=\"noopener\" data-saferedirecturl=\"https:\/\/www.google.com\/url?q=https:\/\/link.mediaoutreach.meltwater.com\/ls\/click?upn%3Dv2OU6mEZsrF8RQMJ1eCY0l4lXa-2FrafngNK9T9axX1S-2FeEzH3UFS4h1sdPpzOk6kbnegaUxgC62PdTNlAFYRfllQr7pgFmTPIlE701Zvjh3NIAOe9aKLcFIL5e54Fzgr0uIKQcss1GYgyjpWXl1FPPIkJanykOhL3kjDOlih2vzk-3DT2ZL_6-2BOayirWiMnL4NNJ9ivl6YavKZeo6-2F4wNJspN1hyqCqN9Iica8t3kuAqeTUsoEZyEPArUXwlTHpmuotWGUYRcpQrE8nNUswQ7G-2Fk02oN1WEWHHt54BxhdFiplpKrmGj1PxLu9p0ncd1qgncnak-2BmzrR6c85L2FoHjklupz56ZzGAcuU-2FHbF8mEHtLa9KAmxg9IgCNKvjrQR4LENpbwTgBA4JXxKhHBBf1tktALsLqN0Rned0S8huDOWNq4XDLHn42WqCxhuchTXQmdy06p-2BAEWYr6t-2Fe06jY6PULV9RKif2jlgWImWMMJ9rmDquHzIJAtpYcNDM2GVW49fKrM0cljBs0c-2FnP5KaRYE7hWlvz0pomaroci5AmnVkIDtL9g17iM0c1T1VgWQeHRhpzV9sO5w-3D-3D&amp;source=gmail&amp;ust=1698149016911000&amp;usg=AOvVaw2VjSd1ZJi3bIrGC1p9ETzs\">F\u00f6rslag till statsbudgeten f\u00f6r 2024<\/a>, vilket inkluderar flera h\u00f6jningar av punktskatten p\u00e5 e-v\u00e4tskor. Nikotinhaltiga e-v\u00e4tskor kommer att f\u00e5 sin punktskattesats h\u00f6jd med 4% upp till 0,351 euro\/ml, medan nikotinfria e-v\u00e4tskor kommer att omfattas av en punktskatt p\u00e5 0,175 euro\/ml. Godk\u00e4nnandet kommer att ha en negativ inverkan p\u00e5 Portugals anstr\u00e4ngningar att minska r\u00f6kning genom att avskr\u00e4cka fr\u00e5n vapning som ett alternativ att byta till.<\/p>\n<p dir=\"ltr\">Alberto G\u00f3mez Hern\u00e1ndez, community manager f\u00f6r World Vapers&#039; Alliance, kommenterade:<\/p>\n<p dir=\"ltr\"><em>\u201cAtt \u00f6ka beskattningen av e-v\u00e4tskor p\u00e5 ett s\u00e5dant s\u00e4tt kommer att g\u00f6ra vapning till ett mindre attraktivt alternativ f\u00f6r att konsumera nikotin och hindra l\u00e5g- och medelinkomstgrupper fr\u00e5n att f\u00e5 tillg\u00e5ng till produkterna. Det riskerar att driva vapnare tillbaka till r\u00f6kning och hindra r\u00f6kare fr\u00e5n att byta p\u00e5 grund av \u00f6verkomliga priser. Portugal b\u00f6r f\u00f6lja i samma steg som l\u00e4nder som framg\u00e5ngsrikt minskar r\u00f6kningssiffrorna genom att uppmuntra r\u00f6kare att byta, s\u00e5som Storbritannien och Sverige. Ist\u00e4llet har Portugal den h\u00f6gsta punktskattesatsen p\u00e5 vapingprodukter i EU.\u201d<\/em><\/p>\n<p dir=\"ltr\">Dessutom kommer nikotinhaltiga och nikotinfria e-v\u00e4tskor att omfattas av en minimiskatt motsvarande 25% respektive 12,5% av den skatt som g\u00e4ller f\u00f6r traditionella cigaretter.<\/p>\n<p dir=\"ltr\"><em>\u201cVaping \u00e4r mindre skadligt \u00e4n r\u00f6kning och b\u00f6r behandlas som s\u00e5dant. Den portugisiska regeringen b\u00f6r f\u00f6lja en riskbaserad strategi f\u00f6r beskattning av e-v\u00e4tskor. Eftersom risken med vaping \u00e4r l\u00e4gre, b\u00f6r skatterna ocks\u00e5 vara l\u00e4gre.\u201d<\/em> tillade G\u00f3mez Hern\u00e1ndez.<\/p>\n<p dir=\"ltr\"><em><strong>\u201c&quot;Om Portugal vill uppn\u00e5 de m\u00e5l som f\u00f6resl\u00e5s i dess <a href=\"https:\/\/link.mediaoutreach.meltwater.com\/ls\/click?upn=v2OU6mEZsrF8RQMJ1eCY0q4Lq7Sw33c4NBUDF-2F8d6Up6q9Lhvztkip-2Bckk4CuHTxKGriw1rYUfi6Y-2Bfr-2BfAAixjiWGhmOc-2BpcvhUrl3vEjp-2FFpCHjRx2dc9DGplwlmLzBuri_6-2BOayirWiMnL4NNJ9ivl6YavKZeo6-2F4wNJspN1hyqCqN9Iica8t3kuAqeTUsoEZyEPArUXwlTHpmuotWGUYRcpQrE8nNUswQ7G-2Fk02oN1WEWHHt54BxhdFiplpKrmGj1PxLu9p0ncd1qgncnak-2BmzrR6c85L2FoHjklupz56ZzGAcuU-2FHbF8mEHtLa9KAmxg9IgCNKvjrQR4LENpbwTgBA4JXxKhHBBf1tktALsLqN0xFwbMeGw4-2BYzsfXu11R01GqtJlOnF88zBGNF6NOp5ZaxqQRn2dUUqaXIw4kxl3DOunkuGChSL1vatRJAsO6Zzai54Hjo7ZLgfLj1u23ypJ02Ei6ABoT-2FrNNCajYtJfpg9e-2But3JI5ijhm1PLsDuav7uo0pPFeheB71CrmoXE1KQ-3D-3D\" target=\"_blank\" rel=\"noopener\" data-saferedirecturl=\"https:\/\/www.google.com\/url?q=https:\/\/link.mediaoutreach.meltwater.com\/ls\/click?upn%3Dv2OU6mEZsrF8RQMJ1eCY0q4Lq7Sw33c4NBUDF-2F8d6Up6q9Lhvztkip-2Bckk4CuHTxKGriw1rYUfi6Y-2Bfr-2BfAAixjiWGhmOc-2BpcvhUrl3vEjp-2FFpCHjRx2dc9DGplwlmLzBuri_6-2BOayirWiMnL4NNJ9ivl6YavKZeo6-2F4wNJspN1hyqCqN9Iica8t3kuAqeTUsoEZyEPArUXwlTHpmuotWGUYRcpQrE8nNUswQ7G-2Fk02oN1WEWHHt54BxhdFiplpKrmGj1PxLu9p0ncd1qgncnak-2BmzrR6c85L2FoHjklupz56ZzGAcuU-2FHbF8mEHtLa9KAmxg9IgCNKvjrQR4LENpbwTgBA4JXxKhHBBf1tktALsLqN0xFwbMeGw4-2BYzsfXu11R01GqtJlOnF88zBGNF6NOp5ZaxqQRn2dUUqaXIw4kxl3DOunkuGChSL1vatRJAsO6Zzai54Hjo7ZLgfLj1u23ypJ02Ei6ABoT-2FrNNCajYtJfpg9e-2But3JI5ijhm1PLsDuav7uo0pPFeheB71CrmoXE1KQ-3D-3D&amp;source=gmail&amp;ust=1698149016911000&amp;usg=AOvVaw2LcrNPZxOr2krpM8rLXprx\">Nationell plan mot cancer<\/a> och den europeiska cancerplanen, m\u00e5ste den h\u00e5lla alternativ till r\u00f6kning tillg\u00e4ngliga och \u00f6verkomliga.<\/strong> Sverige blir i \u00e5r det f\u00f6rsta r\u00f6kfria landet i v\u00e4rlden, medan Portugal fattar beslut i motsatt riktning.\u201d<\/em>avslutade G\u00f3mez Hern\u00e1ndez.<\/p>\n<p dir=\"ltr\">World Vapers&#039; Alliance uppmanar den portugisiska regeringen att f\u00f6lja en riskbaserad strategi f\u00f6r beskattning av e-v\u00e4tskor f\u00f6r att stimulera r\u00f6kare att byta.<\/p>","protected":false},"excerpt":{"rendered":"<p>Lisbon, 23.10.2023. \u2013 The Portuguese government presented its 2024 state budget proposal, which includes several excise tax increases on e-liquids. Nicotine-containing e-liquids will have their excise tax rate increased by 4% up to \u20ac0.351\/ml, while nicotine-free e-liquids will be subject to a \u20ac0.175\/ml excise tax. The approval will negatively impact Portugal\u2019s efforts to curb smoking [&hellip;]<\/p>\n","protected":false},"author":11,"featured_media":3245,"comment_status":"open","ping_status":"open","sticky":false,"template":"","format":"standard","meta":{"footnotes":""},"categories":[13],"tags":[],"class_list":["post-4936","post","type-post","status-publish","format-standard","has-post-thumbnail","hentry","category-press-releases"],"yoast_head":"<!-- This site is optimized with the Yoast SEO plugin v27.3 - https:\/\/yoast.com\/product\/yoast-seo-wordpress\/ -->\n<title>Portuguese government to increase e-liquids taxation - World Vapers&#039; Alliance<\/title>\n<meta name=\"description\" content=\"The Portuguese government presented its 2024 state budget proposal, which includes several excise tax increases on e-liquids.\" \/>\n<meta name=\"robots\" content=\"index, follow, max-snippet:-1, max-image-preview:large, max-video-preview:-1\" \/>\n<link rel=\"canonical\" href=\"https:\/\/worldvapersalliance.com\/sv\/portuguese-government-to-increase-e-liquids-taxation\/\" \/>\n<meta property=\"og:locale\" content=\"sv_SE\" \/>\n<meta property=\"og:type\" content=\"article\" \/>\n<meta property=\"og:title\" content=\"Portuguese government to increase e-liquids taxation - World Vapers&#039; Alliance\" \/>\n<meta property=\"og:description\" content=\"The Portuguese government presented its 2024 state budget proposal, which includes several excise tax increases on e-liquids.\" \/>\n<meta property=\"og:url\" content=\"https:\/\/worldvapersalliance.com\/sv\/portuguese-government-to-increase-e-liquids-taxation\/\" \/>\n<meta property=\"og:site_name\" content=\"World Vapers&#039; Alliance\" \/>\n<meta property=\"article:published_time\" content=\"2023-10-23T12:05:17+00:00\" \/>\n<meta property=\"og:image\" content=\"https:\/\/worldvapersalliance.com\/wp-content\/uploads\/2022\/10\/WVA_Press-Release_Cover-new.png\" \/>\n\t<meta property=\"og:image:width\" content=\"4162\" \/>\n\t<meta property=\"og:image:height\" content=\"3840\" \/>\n\t<meta property=\"og:image:type\" content=\"image\/png\" \/>\n<meta name=\"author\" content=\"World Vapers&#039; Alliance\" \/>\n<meta name=\"twitter:card\" content=\"summary_large_image\" \/>\n<meta name=\"twitter:label1\" content=\"Skriven av\" \/>\n\t<meta name=\"twitter:data1\" content=\"World Vapers&#039; Alliance\" \/>\n\t<meta name=\"twitter:label2\" content=\"Ber\u00e4knad l\u00e4stid\" \/>\n\t<meta name=\"twitter:data2\" content=\"2 minuter\" \/>\n<script type=\"application\/ld+json\" class=\"yoast-schema-graph\">{\"@context\":\"https:\\\/\\\/schema.org\",\"@graph\":[{\"@type\":\"Article\",\"@id\":\"https:\\\/\\\/worldvapersalliance.com\\\/portuguese-government-to-increase-e-liquids-taxation\\\/#article\",\"isPartOf\":{\"@id\":\"https:\\\/\\\/worldvapersalliance.com\\\/portuguese-government-to-increase-e-liquids-taxation\\\/\"},\"author\":{\"name\":\"World Vapers' Alliance\",\"@id\":\"https:\\\/\\\/worldvapersalliance.com\\\/#\\\/schema\\\/person\\\/18484a6f20bcc6f70a2419c8babe017d\"},\"headline\":\"Portuguese government to increase e-liquids taxation\",\"datePublished\":\"2023-10-23T12:05:17+00:00\",\"mainEntityOfPage\":{\"@id\":\"https:\\\/\\\/worldvapersalliance.com\\\/portuguese-government-to-increase-e-liquids-taxation\\\/\"},\"wordCount\":307,\"commentCount\":0,\"publisher\":{\"@id\":\"https:\\\/\\\/worldvapersalliance.com\\\/#organization\"},\"image\":{\"@id\":\"https:\\\/\\\/worldvapersalliance.com\\\/portuguese-government-to-increase-e-liquids-taxation\\\/#primaryimage\"},\"thumbnailUrl\":\"https:\\\/\\\/worldvapersalliance.com\\\/wp-content\\\/uploads\\\/2022\\\/10\\\/WVA_Press-Release_Cover-new.png\",\"articleSection\":[\"Press Releases\"],\"inLanguage\":\"sv-SE\",\"potentialAction\":[{\"@type\":\"CommentAction\",\"name\":\"Comment\",\"target\":[\"https:\\\/\\\/worldvapersalliance.com\\\/portuguese-government-to-increase-e-liquids-taxation\\\/#respond\"]}]},{\"@type\":\"WebPage\",\"@id\":\"https:\\\/\\\/worldvapersalliance.com\\\/portuguese-government-to-increase-e-liquids-taxation\\\/\",\"url\":\"https:\\\/\\\/worldvapersalliance.com\\\/portuguese-government-to-increase-e-liquids-taxation\\\/\",\"name\":\"Portuguese government to increase e-liquids taxation - World Vapers&#039; Alliance\",\"isPartOf\":{\"@id\":\"https:\\\/\\\/worldvapersalliance.com\\\/#website\"},\"primaryImageOfPage\":{\"@id\":\"https:\\\/\\\/worldvapersalliance.com\\\/portuguese-government-to-increase-e-liquids-taxation\\\/#primaryimage\"},\"image\":{\"@id\":\"https:\\\/\\\/worldvapersalliance.com\\\/portuguese-government-to-increase-e-liquids-taxation\\\/#primaryimage\"},\"thumbnailUrl\":\"https:\\\/\\\/worldvapersalliance.com\\\/wp-content\\\/uploads\\\/2022\\\/10\\\/WVA_Press-Release_Cover-new.png\",\"datePublished\":\"2023-10-23T12:05:17+00:00\",\"description\":\"The Portuguese government presented its 2024 state budget proposal, which includes several excise tax increases on e-liquids.\",\"inLanguage\":\"sv-SE\",\"potentialAction\":[{\"@type\":\"ReadAction\",\"target\":[\"https:\\\/\\\/worldvapersalliance.com\\\/portuguese-government-to-increase-e-liquids-taxation\\\/\"]}]},{\"@type\":\"ImageObject\",\"inLanguage\":\"sv-SE\",\"@id\":\"https:\\\/\\\/worldvapersalliance.com\\\/portuguese-government-to-increase-e-liquids-taxation\\\/#primaryimage\",\"url\":\"https:\\\/\\\/worldvapersalliance.com\\\/wp-content\\\/uploads\\\/2022\\\/10\\\/WVA_Press-Release_Cover-new.png\",\"contentUrl\":\"https:\\\/\\\/worldvapersalliance.com\\\/wp-content\\\/uploads\\\/2022\\\/10\\\/WVA_Press-Release_Cover-new.png\",\"width\":4162,\"height\":3840},{\"@type\":\"WebSite\",\"@id\":\"https:\\\/\\\/worldvapersalliance.com\\\/#website\",\"url\":\"https:\\\/\\\/worldvapersalliance.com\\\/\",\"name\":\"World Vapers&#039; Alliance\",\"description\":\"The largest community of vapers\",\"publisher\":{\"@id\":\"https:\\\/\\\/worldvapersalliance.com\\\/#organization\"},\"potentialAction\":[{\"@type\":\"SearchAction\",\"target\":{\"@type\":\"EntryPoint\",\"urlTemplate\":\"https:\\\/\\\/worldvapersalliance.com\\\/?s={search_term_string}\"},\"query-input\":{\"@type\":\"PropertyValueSpecification\",\"valueRequired\":true,\"valueName\":\"search_term_string\"}}],\"inLanguage\":\"sv-SE\"},{\"@type\":\"Organization\",\"@id\":\"https:\\\/\\\/worldvapersalliance.com\\\/#organization\",\"name\":\"World Vapers&#039; Alliance\",\"url\":\"https:\\\/\\\/worldvapersalliance.com\\\/\",\"logo\":{\"@type\":\"ImageObject\",\"inLanguage\":\"sv-SE\",\"@id\":\"https:\\\/\\\/worldvapersalliance.com\\\/#\\\/schema\\\/logo\\\/image\\\/\",\"url\":\"https:\\\/\\\/worldvapersalliance.com\\\/wp-content\\\/uploads\\\/2022\\\/01\\\/WVA_RB_Fist_G.png\",\"contentUrl\":\"https:\\\/\\\/worldvapersalliance.com\\\/wp-content\\\/uploads\\\/2022\\\/01\\\/WVA_RB_Fist_G.png\",\"width\":985,\"height\":1177,\"caption\":\"World Vapers&#039; Alliance\"},\"image\":{\"@id\":\"https:\\\/\\\/worldvapersalliance.com\\\/#\\\/schema\\\/logo\\\/image\\\/\"}},{\"@type\":\"Person\",\"@id\":\"https:\\\/\\\/worldvapersalliance.com\\\/#\\\/schema\\\/person\\\/18484a6f20bcc6f70a2419c8babe017d\",\"name\":\"World Vapers' Alliance\",\"image\":{\"@type\":\"ImageObject\",\"inLanguage\":\"sv-SE\",\"@id\":\"https:\\\/\\\/secure.gravatar.com\\\/avatar\\\/456bf795c7a47c9ac527a94da4bff150aa49e48726d69bee9937f8383cffa246?s=96&d=mm&r=g\",\"url\":\"https:\\\/\\\/secure.gravatar.com\\\/avatar\\\/456bf795c7a47c9ac527a94da4bff150aa49e48726d69bee9937f8383cffa246?s=96&d=mm&r=g\",\"contentUrl\":\"https:\\\/\\\/secure.gravatar.com\\\/avatar\\\/456bf795c7a47c9ac527a94da4bff150aa49e48726d69bee9937f8383cffa246?s=96&d=mm&r=g\",\"caption\":\"World Vapers' Alliance\"},\"url\":\"https:\\\/\\\/worldvapersalliance.com\\\/sv\\\/author\\\/wva\\\/\"}]}<\/script>\n<!-- \/ Yoast SEO plugin. -->","yoast_head_json":{"title":"Den portugisiska regeringen h\u00f6jer beskattningen av e-v\u00e4tskor - World Vapers&#039; Alliance","description":"Den portugisiska regeringen presenterade sitt f\u00f6rslag till statsbudget f\u00f6r 2024, vilket inkluderar flera h\u00f6jningar av punktskatterna p\u00e5 e-v\u00e4tskor.","robots":{"index":"index","follow":"follow","max-snippet":"max-snippet:-1","max-image-preview":"max-image-preview:large","max-video-preview":"max-video-preview:-1"},"canonical":"https:\/\/worldvapersalliance.com\/sv\/portuguese-government-to-increase-e-liquids-taxation\/","og_locale":"sv_SE","og_type":"article","og_title":"Portuguese government to increase e-liquids taxation - World Vapers&#039; Alliance","og_description":"The Portuguese government presented its 2024 state budget proposal, which includes several excise tax increases on e-liquids.","og_url":"https:\/\/worldvapersalliance.com\/sv\/portuguese-government-to-increase-e-liquids-taxation\/","og_site_name":"World Vapers&#039; Alliance","article_published_time":"2023-10-23T12:05:17+00:00","og_image":[{"width":4162,"height":3840,"url":"https:\/\/worldvapersalliance.com\/wp-content\/uploads\/2022\/10\/WVA_Press-Release_Cover-new.png","type":"image\/png"}],"author":"World Vapers' Alliance","twitter_card":"summary_large_image","twitter_misc":{"Skriven av":"World Vapers' Alliance","Ber\u00e4knad l\u00e4stid":"2 minuter"},"schema":{"@context":"https:\/\/schema.org","@graph":[{"@type":"Article","@id":"https:\/\/worldvapersalliance.com\/portuguese-government-to-increase-e-liquids-taxation\/#article","isPartOf":{"@id":"https:\/\/worldvapersalliance.com\/portuguese-government-to-increase-e-liquids-taxation\/"},"author":{"name":"World Vapers' Alliance","@id":"https:\/\/worldvapersalliance.com\/#\/schema\/person\/18484a6f20bcc6f70a2419c8babe017d"},"headline":"Portuguese government to increase e-liquids taxation","datePublished":"2023-10-23T12:05:17+00:00","mainEntityOfPage":{"@id":"https:\/\/worldvapersalliance.com\/portuguese-government-to-increase-e-liquids-taxation\/"},"wordCount":307,"commentCount":0,"publisher":{"@id":"https:\/\/worldvapersalliance.com\/#organization"},"image":{"@id":"https:\/\/worldvapersalliance.com\/portuguese-government-to-increase-e-liquids-taxation\/#primaryimage"},"thumbnailUrl":"https:\/\/worldvapersalliance.com\/wp-content\/uploads\/2022\/10\/WVA_Press-Release_Cover-new.png","articleSection":["Press Releases"],"inLanguage":"sv-SE","potentialAction":[{"@type":"CommentAction","name":"Comment","target":["https:\/\/worldvapersalliance.com\/portuguese-government-to-increase-e-liquids-taxation\/#respond"]}]},{"@type":"WebPage","@id":"https:\/\/worldvapersalliance.com\/portuguese-government-to-increase-e-liquids-taxation\/","url":"https:\/\/worldvapersalliance.com\/portuguese-government-to-increase-e-liquids-taxation\/","name":"Den portugisiska regeringen h\u00f6jer beskattningen av e-v\u00e4tskor - World Vapers&#039; Alliance","isPartOf":{"@id":"https:\/\/worldvapersalliance.com\/#website"},"primaryImageOfPage":{"@id":"https:\/\/worldvapersalliance.com\/portuguese-government-to-increase-e-liquids-taxation\/#primaryimage"},"image":{"@id":"https:\/\/worldvapersalliance.com\/portuguese-government-to-increase-e-liquids-taxation\/#primaryimage"},"thumbnailUrl":"https:\/\/worldvapersalliance.com\/wp-content\/uploads\/2022\/10\/WVA_Press-Release_Cover-new.png","datePublished":"2023-10-23T12:05:17+00:00","description":"Den portugisiska regeringen presenterade sitt f\u00f6rslag till statsbudget f\u00f6r 2024, vilket inkluderar flera h\u00f6jningar av punktskatterna p\u00e5 e-v\u00e4tskor.","inLanguage":"sv-SE","potentialAction":[{"@type":"ReadAction","target":["https:\/\/worldvapersalliance.com\/portuguese-government-to-increase-e-liquids-taxation\/"]}]},{"@type":"ImageObject","inLanguage":"sv-SE","@id":"https:\/\/worldvapersalliance.com\/portuguese-government-to-increase-e-liquids-taxation\/#primaryimage","url":"https:\/\/worldvapersalliance.com\/wp-content\/uploads\/2022\/10\/WVA_Press-Release_Cover-new.png","contentUrl":"https:\/\/worldvapersalliance.com\/wp-content\/uploads\/2022\/10\/WVA_Press-Release_Cover-new.png","width":4162,"height":3840},{"@type":"WebSite","@id":"https:\/\/worldvapersalliance.com\/#website","url":"https:\/\/worldvapersalliance.com\/","name":"World Vapers&#039; Alliance","description":"Den st\u00f6rsta gemenskapen av vapers","publisher":{"@id":"https:\/\/worldvapersalliance.com\/#organization"},"potentialAction":[{"@type":"SearchAction","target":{"@type":"EntryPoint","urlTemplate":"https:\/\/worldvapersalliance.com\/?s={search_term_string}"},"query-input":{"@type":"PropertyValueSpecification","valueRequired":true,"valueName":"search_term_string"}}],"inLanguage":"sv-SE"},{"@type":"Organization","@id":"https:\/\/worldvapersalliance.com\/#organization","name":"World Vapers&#039; Alliance","url":"https:\/\/worldvapersalliance.com\/","logo":{"@type":"ImageObject","inLanguage":"sv-SE","@id":"https:\/\/worldvapersalliance.com\/#\/schema\/logo\/image\/","url":"https:\/\/worldvapersalliance.com\/wp-content\/uploads\/2022\/01\/WVA_RB_Fist_G.png","contentUrl":"https:\/\/worldvapersalliance.com\/wp-content\/uploads\/2022\/01\/WVA_RB_Fist_G.png","width":985,"height":1177,"caption":"World Vapers&#039; Alliance"},"image":{"@id":"https:\/\/worldvapersalliance.com\/#\/schema\/logo\/image\/"}},{"@type":"Person","@id":"https:\/\/worldvapersalliance.com\/#\/schema\/person\/18484a6f20bcc6f70a2419c8babe017d","name":"World Vapers&#039; Alliance","image":{"@type":"ImageObject","inLanguage":"sv-SE","@id":"https:\/\/secure.gravatar.com\/avatar\/456bf795c7a47c9ac527a94da4bff150aa49e48726d69bee9937f8383cffa246?s=96&d=mm&r=g","url":"https:\/\/secure.gravatar.com\/avatar\/456bf795c7a47c9ac527a94da4bff150aa49e48726d69bee9937f8383cffa246?s=96&d=mm&r=g","contentUrl":"https:\/\/secure.gravatar.com\/avatar\/456bf795c7a47c9ac527a94da4bff150aa49e48726d69bee9937f8383cffa246?s=96&d=mm&r=g","caption":"World Vapers' Alliance"},"url":"https:\/\/worldvapersalliance.com\/sv\/author\/wva\/"}]}},"_links":{"self":[{"href":"https:\/\/worldvapersalliance.com\/sv\/wp-json\/wp\/v2\/posts\/4936","targetHints":{"allow":["GET"]}}],"collection":[{"href":"https:\/\/worldvapersalliance.com\/sv\/wp-json\/wp\/v2\/posts"}],"about":[{"href":"https:\/\/worldvapersalliance.com\/sv\/wp-json\/wp\/v2\/types\/post"}],"author":[{"embeddable":true,"href":"https:\/\/worldvapersalliance.com\/sv\/wp-json\/wp\/v2\/users\/11"}],"replies":[{"embeddable":true,"href":"https:\/\/worldvapersalliance.com\/sv\/wp-json\/wp\/v2\/comments?post=4936"}],"version-history":[{"count":0,"href":"https:\/\/worldvapersalliance.com\/sv\/wp-json\/wp\/v2\/posts\/4936\/revisions"}],"wp:featuredmedia":[{"embeddable":true,"href":"https:\/\/worldvapersalliance.com\/sv\/wp-json\/wp\/v2\/media\/3245"}],"wp:attachment":[{"href":"https:\/\/worldvapersalliance.com\/sv\/wp-json\/wp\/v2\/media?parent=4936"}],"wp:term":[{"taxonomy":"category","embeddable":true,"href":"https:\/\/worldvapersalliance.com\/sv\/wp-json\/wp\/v2\/categories?post=4936"},{"taxonomy":"post_tag","embeddable":true,"href":"https:\/\/worldvapersalliance.com\/sv\/wp-json\/wp\/v2\/tags?post=4936"}],"curies":[{"name":"wp","href":"https:\/\/api.w.org\/{rel}","templated":true}]}}