{"id":4772,"date":"2023-09-12T05:34:43","date_gmt":"2023-09-12T09:34:43","guid":{"rendered":"https:\/\/worldvapersalliance.com\/?p=4772"},"modified":"2023-09-12T05:34:43","modified_gmt":"2023-09-12T09:34:43","slug":"calls-upon-president-von-der-leyen-to-tackle-smoking","status":"publish","type":"post","link":"https:\/\/worldvapersalliance.com\/sv\/calls-upon-president-von-der-leyen-to-tackle-smoking\/","title":{"rendered":"uppmanar president von der Leyen att ta itu med r\u00f6kning"},"content":{"rendered":"<p dir=\"ltr\"><strong>Bryssel, 12 september 2023 \u2014<\/strong> Inf\u00f6r \u00e5rets State of the Union-tal p\u00e5 onsdagen i Strasbourg uppmanar World Vapers&#039; Alliance starkt president Ursula von der Leyen att ta itu med de f\u00f6r\u00f6dande effekterna av r\u00f6krelaterade sjukdomar i Europeiska unionen. F\u00f6reningen f\u00f6resl\u00e5r att EU-kommissionens ordf\u00f6rande ska anamma en sammanh\u00e4ngande EU-omfattande skademinskningsstrategi som inkluderar evidensbaserade metoder f\u00f6r vaping och nikotinp\u00e5sar, som har visat sig avsev\u00e4rt minska skadorna j\u00e4mf\u00f6rt med r\u00f6kning.<\/p>\n<p dir=\"ltr\">Michael Landl, chef f\u00f6r World Vapers&#039; Alliance, kommenterade:<\/p>\n<p dir=\"ltr\">&quot;<em>Vi ber Ursula von der Leyen att \u00e4ntligen ta itu med de l\u00e5ngtg\u00e5ende effekterna av r\u00f6kning. R\u00f6kning \u00e4r ett folkh\u00e4lsoproblem som kr\u00e4ver omedelbar uppm\u00e4rksamhet och orsakar mer \u00e4n 700 000 d\u00f6dsfall i EU \u00e5rligen. Det finns tydliga bevis f\u00f6r att alternativa nikotinprodukter som vaping och nikotinp\u00e5sar kan vara en spelomvandlare i kampen mot r\u00f6kning. Tiden f\u00f6r modigt ledarskap \u00e4r nu.<\/em>\u201c&quot;\u201c<\/p>\n<p dir=\"ltr\">Enligt World Vapers&#039; Alliance har Sverige blivit ett lysande exempel p\u00e5 att en sammanh\u00e5llen skademinskningsstrategi \u00e4r nyckeln till att framg\u00e5ngsrikt ta itu med r\u00f6krelaterade sjukdomar. Sverige \u00e4r inte bara det f\u00f6rsta landet i v\u00e4rlden att n\u00e5 r\u00f6kfri-m\u00e5let (17 \u00e5r f\u00f6re EU:s m\u00e5l), utan h\u00e5ller fast vid sitt \u00e5tagande att fr\u00e4mja skademinskning. F\u00f6rra veckan meddelade den svenska regeringen <a href=\"https:\/\/link.mediaoutreach.meltwater.com\/ls\/click?upn=v2OU6mEZsrF8RQMJ1eCY0sxhlHHaVZReqAZELaM-2BuIFvZMR7R-2FXwFSzC94A3Iijwxma9A-2FllMaA3qcXGW7Xtl9JmKDOvS6fMBZ1FCkEa-2FyyfYdZJvOXJIQL879Hrauk0NGlX_6-2BOayirWiMnL4NNJ9ivl6YavKZeo6-2F4wNJspN1hyqCqN9Iica8t3kuAqeTUsoEZyEPArUXwlTHpmuotWGUYRcpQrE8nNUswQ7G-2Fk02oN1WEWHHt54BxhdFiplpKrmGj1WZ6i2UkJrsgyDF6MlOZmaXywKflb2KDMKkgxRWgMFfesv9oAlkkHhR7dk6XGOOYVrUHnd22C8EbWuRcoLyE3MAYrdqhkH6AZqQTO2AfRAoPKAWShM1UQ0M3V47zP3-2B0UnGv7uFVrqmyTbM0-2B4veWBvIpHi9b8lIl4iCAtH8ByUkkXP-2BjprL1UQoZFM1T-2B2I9kiFT2ftrV6cPCKnaCgWCN9mvDuytl1wGd0rEISYryNvyRH8JD90ZiPXYqiJaEwoQtXBfFzgKru3xpMM2FjFkvQ-3D-3D\" target=\"_blank\" rel=\"noopener\" data-saferedirecturl=\"https:\/\/www.google.com\/url?q=https:\/\/link.mediaoutreach.meltwater.com\/ls\/click?upn%3Dv2OU6mEZsrF8RQMJ1eCY0sxhlHHaVZReqAZELaM-2BuIFvZMR7R-2FXwFSzC94A3Iijwxma9A-2FllMaA3qcXGW7Xtl9JmKDOvS6fMBZ1FCkEa-2FyyfYdZJvOXJIQL879Hrauk0NGlX_6-2BOayirWiMnL4NNJ9ivl6YavKZeo6-2F4wNJspN1hyqCqN9Iica8t3kuAqeTUsoEZyEPArUXwlTHpmuotWGUYRcpQrE8nNUswQ7G-2Fk02oN1WEWHHt54BxhdFiplpKrmGj1WZ6i2UkJrsgyDF6MlOZmaXywKflb2KDMKkgxRWgMFfesv9oAlkkHhR7dk6XGOOYVrUHnd22C8EbWuRcoLyE3MAYrdqhkH6AZqQTO2AfRAoPKAWShM1UQ0M3V47zP3-2B0UnGv7uFVrqmyTbM0-2B4veWBvIpHi9b8lIl4iCAtH8ByUkkXP-2BjprL1UQoZFM1T-2B2I9kiFT2ftrV6cPCKnaCgWCN9mvDuytl1wGd0rEISYryNvyRH8JD90ZiPXYqiJaEwoQtXBfFzgKru3xpMM2FjFkvQ-3D-3D&amp;source=gmail&amp;ust=1694597547703000&amp;usg=AOvVaw0XVuwpUUlcXR4_YGRPmxDv\">dess plan<\/a> att s\u00e4nka skatten p\u00e5 snus, en r\u00f6kfri tobaksprodukt som liknar moderna nikotinp\u00e5sar, till 20% samtidigt som skatten p\u00e5 cigaretter och r\u00f6ktobak h\u00f6js med 9%.<\/p>\n<p dir=\"ltr\">Vaping \u00e4r fortfarande en <a href=\"https:\/\/link.mediaoutreach.meltwater.com\/ls\/click?upn=v2OU6mEZsrF8RQMJ1eCY0sl-2FKyz2GKA-2BLA-2BxkKaxWOpb-2FElQ3fWqW5f3dbihHXtg-2FgQ8zg4v-2BqKRM1MP-2F6iNbByCrUBRGizCNbVXSrZc-2B3ZxRZB00wcAAbFMZ17HRBfZVu653aJgpPeF94XjwnuWRA-3D-3DLve5_6-2BOayirWiMnL4NNJ9ivl6YavKZeo6-2F4wNJspN1hyqCqN9Iica8t3kuAqeTUsoEZyEPArUXwlTHpmuotWGUYRcpQrE8nNUswQ7G-2Fk02oN1WEWHHt54BxhdFiplpKrmGj1WZ6i2UkJrsgyDF6MlOZmaXywKflb2KDMKkgxRWgMFfesv9oAlkkHhR7dk6XGOOYVrUHnd22C8EbWuRcoLyE3MAYrdqhkH6AZqQTO2AfRAoNerA8ir4mMPfd4P9Nhibcj-2FeC4QC5LZNOCkRZFC9b7N2Cn-2BTHWfCE9vhWzlWNnv56YIcmgb-2BxEIfULlwz9UrvCiKR-2B77fWZcatRkOx1z0wvEGYtB9f61-2BB0l3hq52cKPuDBKb6Yf2mk1SeSwMz-2BvJYvcZyFmsJqAqvl5Z2AcBbYQ-3D-3D\" target=\"_blank\" rel=\"noopener\" data-saferedirecturl=\"https:\/\/www.google.com\/url?q=https:\/\/link.mediaoutreach.meltwater.com\/ls\/click?upn%3Dv2OU6mEZsrF8RQMJ1eCY0sl-2FKyz2GKA-2BLA-2BxkKaxWOpb-2FElQ3fWqW5f3dbihHXtg-2FgQ8zg4v-2BqKRM1MP-2F6iNbByCrUBRGizCNbVXSrZc-2B3ZxRZB00wcAAbFMZ17HRBfZVu653aJgpPeF94XjwnuWRA-3D-3DLve5_6-2BOayirWiMnL4NNJ9ivl6YavKZeo6-2F4wNJspN1hyqCqN9Iica8t3kuAqeTUsoEZyEPArUXwlTHpmuotWGUYRcpQrE8nNUswQ7G-2Fk02oN1WEWHHt54BxhdFiplpKrmGj1WZ6i2UkJrsgyDF6MlOZmaXywKflb2KDMKkgxRWgMFfesv9oAlkkHhR7dk6XGOOYVrUHnd22C8EbWuRcoLyE3MAYrdqhkH6AZqQTO2AfRAoNerA8ir4mMPfd4P9Nhibcj-2FeC4QC5LZNOCkRZFC9b7N2Cn-2BTHWfCE9vhWzlWNnv56YIcmgb-2BxEIfULlwz9UrvCiKR-2B77fWZcatRkOx1z0wvEGYtB9f61-2BB0l3hq52cKPuDBKb6Yf2mk1SeSwMz-2BvJYvcZyFmsJqAqvl5Z2AcBbYQ-3D-3D&amp;source=gmail&amp;ust=1694597547703000&amp;usg=AOvVaw0vPlqTUl1Qm2xhVSlklvOM\">rekommenderad<\/a> s\u00e4tt att sluta r\u00f6ka i <a href=\"https:\/\/link.mediaoutreach.meltwater.com\/ls\/click?upn=v2OU6mEZsrF8RQMJ1eCY0ndH-2BDNsXs0Ey82fr8x5uR1pM937ioh16l0V6bSdYmbB31o4jE1atmL2PjNfn7ZoBw-3D-3DACHQ_6-2BOayirWiMnL4NNJ9ivl6YavKZeo6-2F4wNJspN1hyqCqN9Iica8t3kuAqeTUsoEZyEPArUXwlTHpmuotWGUYRcpQrE8nNUswQ7G-2Fk02oN1WEWHHt54BxhdFiplpKrmGj1WZ6i2UkJrsgyDF6MlOZmaXywKflb2KDMKkgxRWgMFfesv9oAlkkHhR7dk6XGOOYVrUHnd22C8EbWuRcoLyE3MAYrdqhkH6AZqQTO2AfRAoNPT01y18QQwo4Vp6yC4dtUDnM3poOl3xr4tctbj1EBora6dm-2FnKezL9znU9Rcso2W-2FixZorGGJ27JoWCMWppyX4dSYZ-2FEAYzwByEK-2Fe5HPr86JXDPITdi54ERXR0qBRJhmWGyra4NH-2FLc11h-2BovtKL0bhRF1vEy4GALsQZgNOuzw-3D-3D\" target=\"_blank\" rel=\"noopener\" data-saferedirecturl=\"https:\/\/www.google.com\/url?q=https:\/\/link.mediaoutreach.meltwater.com\/ls\/click?upn%3Dv2OU6mEZsrF8RQMJ1eCY0ndH-2BDNsXs0Ey82fr8x5uR1pM937ioh16l0V6bSdYmbB31o4jE1atmL2PjNfn7ZoBw-3D-3DACHQ_6-2BOayirWiMnL4NNJ9ivl6YavKZeo6-2F4wNJspN1hyqCqN9Iica8t3kuAqeTUsoEZyEPArUXwlTHpmuotWGUYRcpQrE8nNUswQ7G-2Fk02oN1WEWHHt54BxhdFiplpKrmGj1WZ6i2UkJrsgyDF6MlOZmaXywKflb2KDMKkgxRWgMFfesv9oAlkkHhR7dk6XGOOYVrUHnd22C8EbWuRcoLyE3MAYrdqhkH6AZqQTO2AfRAoNPT01y18QQwo4Vp6yC4dtUDnM3poOl3xr4tctbj1EBora6dm-2FnKezL9znU9Rcso2W-2FixZorGGJ27JoWCMWppyX4dSYZ-2FEAYzwByEK-2Fe5HPr86JXDPITdi54ERXR0qBRJhmWGyra4NH-2FLc11h-2BovtKL0bhRF1vEy4GALsQZgNOuzw-3D-3D&amp;source=gmail&amp;ust=1694597547703000&amp;usg=AOvVaw3v63sNW-cbygT2Pj3FTlzL\">Frankrike<\/a>, den <a href=\"https:\/\/link.mediaoutreach.meltwater.com\/ls\/click?upn=v2OU6mEZsrF8RQMJ1eCY0lzT9ZmIQHJrWuLWuvRMZkMk1CdpEtmpvWOBUOFTt7-2BmymatjoW-2BtI7DS-2BJUcHBlyOqqZZIMjl4clACfmukHbZpPhF9D7q3QKORCsWN7KyEnC7qf_6-2BOayirWiMnL4NNJ9ivl6YavKZeo6-2F4wNJspN1hyqCqN9Iica8t3kuAqeTUsoEZyEPArUXwlTHpmuotWGUYRcpQrE8nNUswQ7G-2Fk02oN1WEWHHt54BxhdFiplpKrmGj1WZ6i2UkJrsgyDF6MlOZmaXywKflb2KDMKkgxRWgMFfesv9oAlkkHhR7dk6XGOOYVrUHnd22C8EbWuRcoLyE3MAYrdqhkH6AZqQTO2AfRAoOjASuj8h8qYtMJ5tfwluPryLpAEFJTFTvJb8uQpIncYCXvGHMS-2F9AggVwJSMYf3CjSsTwA7-2BAJJlz88Ul2M0TJrkkzPutmSUoBAFvJgT1Cwn8dFli89BJ9hY2wrMPozrFwPYafdtO12BK2IzU21qgBRY4KBuyui3KCwipk6PwsbA-3D-3D\" target=\"_blank\" rel=\"noopener\" data-saferedirecturl=\"https:\/\/www.google.com\/url?q=https:\/\/link.mediaoutreach.meltwater.com\/ls\/click?upn%3Dv2OU6mEZsrF8RQMJ1eCY0lzT9ZmIQHJrWuLWuvRMZkMk1CdpEtmpvWOBUOFTt7-2BmymatjoW-2BtI7DS-2BJUcHBlyOqqZZIMjl4clACfmukHbZpPhF9D7q3QKORCsWN7KyEnC7qf_6-2BOayirWiMnL4NNJ9ivl6YavKZeo6-2F4wNJspN1hyqCqN9Iica8t3kuAqeTUsoEZyEPArUXwlTHpmuotWGUYRcpQrE8nNUswQ7G-2Fk02oN1WEWHHt54BxhdFiplpKrmGj1WZ6i2UkJrsgyDF6MlOZmaXywKflb2KDMKkgxRWgMFfesv9oAlkkHhR7dk6XGOOYVrUHnd22C8EbWuRcoLyE3MAYrdqhkH6AZqQTO2AfRAoOjASuj8h8qYtMJ5tfwluPryLpAEFJTFTvJb8uQpIncYCXvGHMS-2F9AggVwJSMYf3CjSsTwA7-2BAJJlz88Ul2M0TJrkkzPutmSUoBAFvJgT1Cwn8dFli89BJ9hY2wrMPozrFwPYafdtO12BK2IzU21qgBRY4KBuyui3KCwipk6PwsbA-3D-3D&amp;source=gmail&amp;ust=1694597547703000&amp;usg=AOvVaw2RmJfzYdgV-GyNQqkZkGAA\">Storbritannien<\/a>, <a href=\"https:\/\/link.mediaoutreach.meltwater.com\/ls\/click?upn=v2OU6mEZsrF8RQMJ1eCY0ja69Dzk0GFNRwqcAK0YmgvXU3K0F4VAXCs6hqfX8uPNM-2BxoKdzNnIuLSl-2Fnu0XQ-2FSy3afeM865qyWf3jk8VRP0FDWEo-2BP0M0SfCAHSUZaB-2F5Kx__6-2BOayirWiMnL4NNJ9ivl6YavKZeo6-2F4wNJspN1hyqCqN9Iica8t3kuAqeTUsoEZyEPArUXwlTHpmuotWGUYRcpQrE8nNUswQ7G-2Fk02oN1WEWHHt54BxhdFiplpKrmGj1WZ6i2UkJrsgyDF6MlOZmaXywKflb2KDMKkgxRWgMFfesv9oAlkkHhR7dk6XGOOYVrUHnd22C8EbWuRcoLyE3MAYrdqhkH6AZqQTO2AfRAoPAfp-2BtfKmpXsABqmnZCqAc2bLAMTcormuK-2BJV6tkv0mtWTw4UfpzqmtKxjVFzEJ1fV62g-2F42gbxMOI2FIk1mkA-2BkadsdRIAyCwkHypWFqDx9qvG2RnwhPCY3leZ-2FNRoP-2BwnSmUf3C2IiinoCPyJ0BU5FFkCRUU-2FPTbZ7a82Xp2iA-3D-3D\" target=\"_blank\" rel=\"noopener\" data-saferedirecturl=\"https:\/\/www.google.com\/url?q=https:\/\/link.mediaoutreach.meltwater.com\/ls\/click?upn%3Dv2OU6mEZsrF8RQMJ1eCY0ja69Dzk0GFNRwqcAK0YmgvXU3K0F4VAXCs6hqfX8uPNM-2BxoKdzNnIuLSl-2Fnu0XQ-2FSy3afeM865qyWf3jk8VRP0FDWEo-2BP0M0SfCAHSUZaB-2F5Kx__6-2BOayirWiMnL4NNJ9ivl6YavKZeo6-2F4wNJspN1hyqCqN9Iica8t3kuAqeTUsoEZyEPArUXwlTHpmuotWGUYRcpQrE8nNUswQ7G-2Fk02oN1WEWHHt54BxhdFiplpKrmGj1WZ6i2UkJrsgyDF6MlOZmaXywKflb2KDMKkgxRWgMFfesv9oAlkkHhR7dk6XGOOYVrUHnd22C8EbWuRcoLyE3MAYrdqhkH6AZqQTO2AfRAoPAfp-2BtfKmpXsABqmnZCqAc2bLAMTcormuK-2BJV6tkv0mtWTw4UfpzqmtKxjVFzEJ1fV62g-2F42gbxMOI2FIk1mkA-2BkadsdRIAyCwkHypWFqDx9qvG2RnwhPCY3leZ-2FNRoP-2BwnSmUf3C2IiinoCPyJ0BU5FFkCRUU-2FPTbZ7a82Xp2iA-3D-3D&amp;source=gmail&amp;ust=1694597547703000&amp;usg=AOvVaw0sNqV_-CGeuxaIFiudpvUQ\">H\u00e4lsa Kanada<\/a>, och <a href=\"https:\/\/link.mediaoutreach.meltwater.com\/ls\/click?upn=v2OU6mEZsrF8RQMJ1eCY0oZywgVHW3meRbCl-2FHkdnVDJFM86OQdf-2FPNc9QD33Y9X_w0a_6-2BOayirWiMnL4NNJ9ivl6YavKZeo6-2F4wNJspN1hyqCqN9Iica8t3kuAqeTUsoEZyEPArUXwlTHpmuotWGUYRcpQrE8nNUswQ7G-2Fk02oN1WEWHHt54BxhdFiplpKrmGj1WZ6i2UkJrsgyDF6MlOZmaXywKflb2KDMKkgxRWgMFfesv9oAlkkHhR7dk6XGOOYVrUHnd22C8EbWuRcoLyE3MAYrdqhkH6AZqQTO2AfRAoOoTEEB-2FZ44tNfHsjkLI-2FZQ-2FLWpKILQZ7CryK6Nci6g5dYbebIoYNhn-2B2wj0VqquWwvlKkRHGvN-2B9c8MjjpIPQBr9XXTjIhI78MMfPexV5P3RSNuJD3DaWzbmYuhcjeaZGKtgeh6rV1dPZrTfcO-2F3p3cux4CECmUDdlTstNmJuAPg-3D-3D\" target=\"_blank\" rel=\"noopener\" data-saferedirecturl=\"https:\/\/www.google.com\/url?q=https:\/\/link.mediaoutreach.meltwater.com\/ls\/click?upn%3Dv2OU6mEZsrF8RQMJ1eCY0oZywgVHW3meRbCl-2FHkdnVDJFM86OQdf-2FPNc9QD33Y9X_w0a_6-2BOayirWiMnL4NNJ9ivl6YavKZeo6-2F4wNJspN1hyqCqN9Iica8t3kuAqeTUsoEZyEPArUXwlTHpmuotWGUYRcpQrE8nNUswQ7G-2Fk02oN1WEWHHt54BxhdFiplpKrmGj1WZ6i2UkJrsgyDF6MlOZmaXywKflb2KDMKkgxRWgMFfesv9oAlkkHhR7dk6XGOOYVrUHnd22C8EbWuRcoLyE3MAYrdqhkH6AZqQTO2AfRAoOoTEEB-2FZ44tNfHsjkLI-2FZQ-2FLWpKILQZ7CryK6Nci6g5dYbebIoYNhn-2B2wj0VqquWwvlKkRHGvN-2B9c8MjjpIPQBr9XXTjIhI78MMfPexV5P3RSNuJD3DaWzbmYuhcjeaZGKtgeh6rV1dPZrTfcO-2F3p3cux4CECmUDdlTstNmJuAPg-3D-3D&amp;source=gmail&amp;ust=1694597547704000&amp;usg=AOvVaw3tT4gHoDTzH794T5xvVLRt\">Nya Zeeland<\/a>. I april, den brittiska regeringen <a href=\"https:\/\/link.mediaoutreach.meltwater.com\/ls\/click?upn=v2OU6mEZsrF8RQMJ1eCY0sl-2FKyz2GKA-2BLA-2BxkKaxWOppKGvgf1KLtDQcyyLRj1wcQS9ckwZGcfaw1GYyAFNJ66qT0P4jpcO-2BuUGzZv-2F6iSUOzYTXRx15VRvq0JVpMa4p5HjLEGJCOtKZ1eRiDmBPKg-3D-3DrrE2_6-2BOayirWiMnL4NNJ9ivl6YavKZeo6-2F4wNJspN1hyqCqN9Iica8t3kuAqeTUsoEZyEPArUXwlTHpmuotWGUYRcpQrE8nNUswQ7G-2Fk02oN1WEWHHt54BxhdFiplpKrmGj1WZ6i2UkJrsgyDF6MlOZmaXywKflb2KDMKkgxRWgMFfesv9oAlkkHhR7dk6XGOOYVrUHnd22C8EbWuRcoLyE3MAYrdqhkH6AZqQTO2AfRAoObD8nRtdi7YdbaTggJyMfRHHCDtI4EsEWkPTXrL1d0oCbiMVu4wRwh1uV0UKQ892i7rFyZs-2Fbeu0yVk86xFnz8r0nH2oe2SWZ7RieFfJArK4oMxjR7VyVMN6ix1NFaZysWUoPfIztEvoCfKSmIawAWyVzkzWwxVXvPtcJU-2FC18zg-3D-3D\" target=\"_blank\" rel=\"noopener\" data-saferedirecturl=\"https:\/\/www.google.com\/url?q=https:\/\/link.mediaoutreach.meltwater.com\/ls\/click?upn%3Dv2OU6mEZsrF8RQMJ1eCY0sl-2FKyz2GKA-2BLA-2BxkKaxWOppKGvgf1KLtDQcyyLRj1wcQS9ckwZGcfaw1GYyAFNJ66qT0P4jpcO-2BuUGzZv-2F6iSUOzYTXRx15VRvq0JVpMa4p5HjLEGJCOtKZ1eRiDmBPKg-3D-3DrrE2_6-2BOayirWiMnL4NNJ9ivl6YavKZeo6-2F4wNJspN1hyqCqN9Iica8t3kuAqeTUsoEZyEPArUXwlTHpmuotWGUYRcpQrE8nNUswQ7G-2Fk02oN1WEWHHt54BxhdFiplpKrmGj1WZ6i2UkJrsgyDF6MlOZmaXywKflb2KDMKkgxRWgMFfesv9oAlkkHhR7dk6XGOOYVrUHnd22C8EbWuRcoLyE3MAYrdqhkH6AZqQTO2AfRAoObD8nRtdi7YdbaTggJyMfRHHCDtI4EsEWkPTXrL1d0oCbiMVu4wRwh1uV0UKQ892i7rFyZs-2Fbeu0yVk86xFnz8r0nH2oe2SWZ7RieFfJArK4oMxjR7VyVMN6ix1NFaZysWUoPfIztEvoCfKSmIawAWyVzkzWwxVXvPtcJU-2FC18zg-3D-3D&amp;source=gmail&amp;ust=1694597547704000&amp;usg=AOvVaw29YfosVX3mf_qsrdWQom5z\">lanserade ett &quot;Swap-to-Stop&quot;-program<\/a> syftade till att uppmuntra r\u00f6kare att sluta genom att byta ut sina cigaretter mot gratis vape-enheter. Efter Sveriges senaste drag f\u00f6r att s\u00e4nka skattesatsen p\u00e5 snus baserat p\u00e5 en riskbaserad regulatorisk strategi och Storbritanniens fulla st\u00f6d f\u00f6r vaping som ett verktyg f\u00f6r r\u00f6kavv\u00e4njning, uppmanar WVA EU att f\u00f6lja deras ledning n\u00e4r det g\u00e4ller att anta en sammanh\u00e4ngande skada. minskningsstrategi.<\/p>\n<p dir=\"ltr\">\u201c&quot;\u201c<em>I Sverige och Storbritannien har vi sett den otroliga inverkan som en skadereducerande strategi kan ha f\u00f6r att minska antalet r\u00f6kare och f\u00f6rb\u00e4ttra folkh\u00e4lsan. Dessa l\u00e4nder f\u00f6reg\u00e5r med gott exempel och anv\u00e4nder en balanserad riskbaserad strategi som inkluderar vaping- och nikotinp\u00e5sar som s\u00e4krare alternativ till r\u00f6kning. Det \u00e4r dags f\u00f6r Europeiska unionen att f\u00f6lja deras ledning. President von der Leyen har en o\u00f6vertr\u00e4ffad m\u00f6jlighet att s\u00e4tta en ny kurs f\u00f6r EU i sitt State of the Union-tal \u2013 ett tal som omfattar innovativa, evidensbaserade l\u00f6sningar f\u00f6r att tackla r\u00f6kkrisen<\/em>\u201c, tillade Landl.<\/p>","protected":false},"excerpt":{"rendered":"<p>Brussels, 12 September 2023 \u2014 Ahead of this year\u2019s State of the Union address on Wednesday in Strasbourg, the World Vapers\u2019 Alliance strongly urges President Ursula von der Leyen to tackle the devastating impact of smoking-related diseases in the European Union. The association proposes the EU Commission\u2019s President to embrace a coherent EU-wide harm reduction [&hellip;]<\/p>\n","protected":false},"author":11,"featured_media":3245,"comment_status":"open","ping_status":"open","sticky":false,"template":"","format":"standard","meta":{"footnotes":""},"categories":[13],"tags":[],"class_list":["post-4772","post","type-post","status-publish","format-standard","has-post-thumbnail","hentry","category-press-releases"],"yoast_head":"<!-- This site is optimized with the Yoast SEO plugin v27.3 - https:\/\/yoast.com\/product\/yoast-seo-wordpress\/ -->\n<title>Calls upon President von der Leyen to Tackle smoking - World Vapers&#039; Alliance<\/title>\n<meta name=\"description\" content=\"WVA strongly urges President Ursula von der Leyen to tackle the devastating impact of smoking-related diseases in the European Union.\" \/>\n<meta name=\"robots\" content=\"index, follow, max-snippet:-1, max-image-preview:large, max-video-preview:-1\" \/>\n<link rel=\"canonical\" href=\"https:\/\/worldvapersalliance.com\/sv\/calls-upon-president-von-der-leyen-to-tackle-smoking\/\" \/>\n<meta property=\"og:locale\" content=\"sv_SE\" \/>\n<meta property=\"og:type\" content=\"article\" \/>\n<meta property=\"og:title\" content=\"Calls upon President von der Leyen to Tackle smoking - World Vapers&#039; Alliance\" \/>\n<meta property=\"og:description\" content=\"WVA strongly urges President Ursula von der Leyen to tackle the devastating impact of smoking-related diseases in the European Union.\" \/>\n<meta property=\"og:url\" content=\"https:\/\/worldvapersalliance.com\/sv\/calls-upon-president-von-der-leyen-to-tackle-smoking\/\" \/>\n<meta property=\"og:site_name\" content=\"World Vapers&#039; Alliance\" \/>\n<meta property=\"article:published_time\" content=\"2023-09-12T09:34:43+00:00\" \/>\n<meta property=\"og:image\" content=\"https:\/\/worldvapersalliance.com\/wp-content\/uploads\/2022\/10\/WVA_Press-Release_Cover-new.png\" \/>\n\t<meta property=\"og:image:width\" content=\"4162\" \/>\n\t<meta property=\"og:image:height\" content=\"3840\" \/>\n\t<meta property=\"og:image:type\" content=\"image\/png\" \/>\n<meta name=\"author\" content=\"World Vapers&#039; Alliance\" \/>\n<meta name=\"twitter:card\" content=\"summary_large_image\" \/>\n<meta name=\"twitter:label1\" content=\"Skriven av\" \/>\n\t<meta name=\"twitter:data1\" content=\"World Vapers&#039; Alliance\" \/>\n\t<meta name=\"twitter:label2\" content=\"Ber\u00e4knad l\u00e4stid\" \/>\n\t<meta name=\"twitter:data2\" content=\"2 minuter\" \/>\n<script type=\"application\/ld+json\" class=\"yoast-schema-graph\">{\"@context\":\"https:\\\/\\\/schema.org\",\"@graph\":[{\"@type\":\"Article\",\"@id\":\"https:\\\/\\\/worldvapersalliance.com\\\/calls-upon-president-von-der-leyen-to-tackle-smoking\\\/#article\",\"isPartOf\":{\"@id\":\"https:\\\/\\\/worldvapersalliance.com\\\/calls-upon-president-von-der-leyen-to-tackle-smoking\\\/\"},\"author\":{\"name\":\"World Vapers' Alliance\",\"@id\":\"https:\\\/\\\/worldvapersalliance.com\\\/#\\\/schema\\\/person\\\/18484a6f20bcc6f70a2419c8babe017d\"},\"headline\":\"Calls upon President von der Leyen to Tackle smoking\",\"datePublished\":\"2023-09-12T09:34:43+00:00\",\"mainEntityOfPage\":{\"@id\":\"https:\\\/\\\/worldvapersalliance.com\\\/calls-upon-president-von-der-leyen-to-tackle-smoking\\\/\"},\"wordCount\":429,\"commentCount\":1,\"publisher\":{\"@id\":\"https:\\\/\\\/worldvapersalliance.com\\\/#organization\"},\"image\":{\"@id\":\"https:\\\/\\\/worldvapersalliance.com\\\/calls-upon-president-von-der-leyen-to-tackle-smoking\\\/#primaryimage\"},\"thumbnailUrl\":\"https:\\\/\\\/worldvapersalliance.com\\\/wp-content\\\/uploads\\\/2022\\\/10\\\/WVA_Press-Release_Cover-new.png\",\"articleSection\":[\"Press Releases\"],\"inLanguage\":\"sv-SE\",\"potentialAction\":[{\"@type\":\"CommentAction\",\"name\":\"Comment\",\"target\":[\"https:\\\/\\\/worldvapersalliance.com\\\/calls-upon-president-von-der-leyen-to-tackle-smoking\\\/#respond\"]}]},{\"@type\":\"WebPage\",\"@id\":\"https:\\\/\\\/worldvapersalliance.com\\\/calls-upon-president-von-der-leyen-to-tackle-smoking\\\/\",\"url\":\"https:\\\/\\\/worldvapersalliance.com\\\/calls-upon-president-von-der-leyen-to-tackle-smoking\\\/\",\"name\":\"Calls upon President von der Leyen to Tackle smoking - World Vapers&#039; Alliance\",\"isPartOf\":{\"@id\":\"https:\\\/\\\/worldvapersalliance.com\\\/#website\"},\"primaryImageOfPage\":{\"@id\":\"https:\\\/\\\/worldvapersalliance.com\\\/calls-upon-president-von-der-leyen-to-tackle-smoking\\\/#primaryimage\"},\"image\":{\"@id\":\"https:\\\/\\\/worldvapersalliance.com\\\/calls-upon-president-von-der-leyen-to-tackle-smoking\\\/#primaryimage\"},\"thumbnailUrl\":\"https:\\\/\\\/worldvapersalliance.com\\\/wp-content\\\/uploads\\\/2022\\\/10\\\/WVA_Press-Release_Cover-new.png\",\"datePublished\":\"2023-09-12T09:34:43+00:00\",\"description\":\"WVA strongly urges President Ursula von der Leyen to tackle the devastating impact of smoking-related diseases in the European Union.\",\"inLanguage\":\"sv-SE\",\"potentialAction\":[{\"@type\":\"ReadAction\",\"target\":[\"https:\\\/\\\/worldvapersalliance.com\\\/calls-upon-president-von-der-leyen-to-tackle-smoking\\\/\"]}]},{\"@type\":\"ImageObject\",\"inLanguage\":\"sv-SE\",\"@id\":\"https:\\\/\\\/worldvapersalliance.com\\\/calls-upon-president-von-der-leyen-to-tackle-smoking\\\/#primaryimage\",\"url\":\"https:\\\/\\\/worldvapersalliance.com\\\/wp-content\\\/uploads\\\/2022\\\/10\\\/WVA_Press-Release_Cover-new.png\",\"contentUrl\":\"https:\\\/\\\/worldvapersalliance.com\\\/wp-content\\\/uploads\\\/2022\\\/10\\\/WVA_Press-Release_Cover-new.png\",\"width\":4162,\"height\":3840},{\"@type\":\"WebSite\",\"@id\":\"https:\\\/\\\/worldvapersalliance.com\\\/#website\",\"url\":\"https:\\\/\\\/worldvapersalliance.com\\\/\",\"name\":\"World Vapers&#039; Alliance\",\"description\":\"The largest community of vapers\",\"publisher\":{\"@id\":\"https:\\\/\\\/worldvapersalliance.com\\\/#organization\"},\"potentialAction\":[{\"@type\":\"SearchAction\",\"target\":{\"@type\":\"EntryPoint\",\"urlTemplate\":\"https:\\\/\\\/worldvapersalliance.com\\\/?s={search_term_string}\"},\"query-input\":{\"@type\":\"PropertyValueSpecification\",\"valueRequired\":true,\"valueName\":\"search_term_string\"}}],\"inLanguage\":\"sv-SE\"},{\"@type\":\"Organization\",\"@id\":\"https:\\\/\\\/worldvapersalliance.com\\\/#organization\",\"name\":\"World Vapers&#039; Alliance\",\"url\":\"https:\\\/\\\/worldvapersalliance.com\\\/\",\"logo\":{\"@type\":\"ImageObject\",\"inLanguage\":\"sv-SE\",\"@id\":\"https:\\\/\\\/worldvapersalliance.com\\\/#\\\/schema\\\/logo\\\/image\\\/\",\"url\":\"https:\\\/\\\/worldvapersalliance.com\\\/wp-content\\\/uploads\\\/2022\\\/01\\\/WVA_RB_Fist_G.png\",\"contentUrl\":\"https:\\\/\\\/worldvapersalliance.com\\\/wp-content\\\/uploads\\\/2022\\\/01\\\/WVA_RB_Fist_G.png\",\"width\":985,\"height\":1177,\"caption\":\"World Vapers&#039; Alliance\"},\"image\":{\"@id\":\"https:\\\/\\\/worldvapersalliance.com\\\/#\\\/schema\\\/logo\\\/image\\\/\"}},{\"@type\":\"Person\",\"@id\":\"https:\\\/\\\/worldvapersalliance.com\\\/#\\\/schema\\\/person\\\/18484a6f20bcc6f70a2419c8babe017d\",\"name\":\"World Vapers' Alliance\",\"image\":{\"@type\":\"ImageObject\",\"inLanguage\":\"sv-SE\",\"@id\":\"https:\\\/\\\/secure.gravatar.com\\\/avatar\\\/456bf795c7a47c9ac527a94da4bff150aa49e48726d69bee9937f8383cffa246?s=96&d=mm&r=g\",\"url\":\"https:\\\/\\\/secure.gravatar.com\\\/avatar\\\/456bf795c7a47c9ac527a94da4bff150aa49e48726d69bee9937f8383cffa246?s=96&d=mm&r=g\",\"contentUrl\":\"https:\\\/\\\/secure.gravatar.com\\\/avatar\\\/456bf795c7a47c9ac527a94da4bff150aa49e48726d69bee9937f8383cffa246?s=96&d=mm&r=g\",\"caption\":\"World Vapers' Alliance\"},\"url\":\"https:\\\/\\\/worldvapersalliance.com\\\/sv\\\/author\\\/wva\\\/\"}]}<\/script>\n<!-- \/ Yoast SEO plugin. -->","yoast_head_json":{"title":"Uppmanar president von der Leyen att ta itu med r\u00f6kning - World Vapers&#039; Alliance","description":"WVA uppmanar starkt president Ursula von der Leyen att ta itu med de f\u00f6r\u00f6dande effekterna av r\u00f6krelaterade sjukdomar i Europeiska unionen.","robots":{"index":"index","follow":"follow","max-snippet":"max-snippet:-1","max-image-preview":"max-image-preview:large","max-video-preview":"max-video-preview:-1"},"canonical":"https:\/\/worldvapersalliance.com\/sv\/calls-upon-president-von-der-leyen-to-tackle-smoking\/","og_locale":"sv_SE","og_type":"article","og_title":"Calls upon President von der Leyen to Tackle smoking - World Vapers&#039; Alliance","og_description":"WVA strongly urges President Ursula von der Leyen to tackle the devastating impact of smoking-related diseases in the European Union.","og_url":"https:\/\/worldvapersalliance.com\/sv\/calls-upon-president-von-der-leyen-to-tackle-smoking\/","og_site_name":"World Vapers&#039; Alliance","article_published_time":"2023-09-12T09:34:43+00:00","og_image":[{"width":4162,"height":3840,"url":"https:\/\/worldvapersalliance.com\/wp-content\/uploads\/2022\/10\/WVA_Press-Release_Cover-new.png","type":"image\/png"}],"author":"World Vapers' Alliance","twitter_card":"summary_large_image","twitter_misc":{"Skriven av":"World Vapers' Alliance","Ber\u00e4knad l\u00e4stid":"2 minuter"},"schema":{"@context":"https:\/\/schema.org","@graph":[{"@type":"Article","@id":"https:\/\/worldvapersalliance.com\/calls-upon-president-von-der-leyen-to-tackle-smoking\/#article","isPartOf":{"@id":"https:\/\/worldvapersalliance.com\/calls-upon-president-von-der-leyen-to-tackle-smoking\/"},"author":{"name":"World Vapers' Alliance","@id":"https:\/\/worldvapersalliance.com\/#\/schema\/person\/18484a6f20bcc6f70a2419c8babe017d"},"headline":"Calls upon President von der Leyen to Tackle smoking","datePublished":"2023-09-12T09:34:43+00:00","mainEntityOfPage":{"@id":"https:\/\/worldvapersalliance.com\/calls-upon-president-von-der-leyen-to-tackle-smoking\/"},"wordCount":429,"commentCount":1,"publisher":{"@id":"https:\/\/worldvapersalliance.com\/#organization"},"image":{"@id":"https:\/\/worldvapersalliance.com\/calls-upon-president-von-der-leyen-to-tackle-smoking\/#primaryimage"},"thumbnailUrl":"https:\/\/worldvapersalliance.com\/wp-content\/uploads\/2022\/10\/WVA_Press-Release_Cover-new.png","articleSection":["Press Releases"],"inLanguage":"sv-SE","potentialAction":[{"@type":"CommentAction","name":"Comment","target":["https:\/\/worldvapersalliance.com\/calls-upon-president-von-der-leyen-to-tackle-smoking\/#respond"]}]},{"@type":"WebPage","@id":"https:\/\/worldvapersalliance.com\/calls-upon-president-von-der-leyen-to-tackle-smoking\/","url":"https:\/\/worldvapersalliance.com\/calls-upon-president-von-der-leyen-to-tackle-smoking\/","name":"Uppmanar president von der Leyen att ta itu med r\u00f6kning - World Vapers&#039; Alliance","isPartOf":{"@id":"https:\/\/worldvapersalliance.com\/#website"},"primaryImageOfPage":{"@id":"https:\/\/worldvapersalliance.com\/calls-upon-president-von-der-leyen-to-tackle-smoking\/#primaryimage"},"image":{"@id":"https:\/\/worldvapersalliance.com\/calls-upon-president-von-der-leyen-to-tackle-smoking\/#primaryimage"},"thumbnailUrl":"https:\/\/worldvapersalliance.com\/wp-content\/uploads\/2022\/10\/WVA_Press-Release_Cover-new.png","datePublished":"2023-09-12T09:34:43+00:00","description":"WVA uppmanar starkt president Ursula von der Leyen att ta itu med de f\u00f6r\u00f6dande effekterna av r\u00f6krelaterade sjukdomar i Europeiska unionen.","inLanguage":"sv-SE","potentialAction":[{"@type":"ReadAction","target":["https:\/\/worldvapersalliance.com\/calls-upon-president-von-der-leyen-to-tackle-smoking\/"]}]},{"@type":"ImageObject","inLanguage":"sv-SE","@id":"https:\/\/worldvapersalliance.com\/calls-upon-president-von-der-leyen-to-tackle-smoking\/#primaryimage","url":"https:\/\/worldvapersalliance.com\/wp-content\/uploads\/2022\/10\/WVA_Press-Release_Cover-new.png","contentUrl":"https:\/\/worldvapersalliance.com\/wp-content\/uploads\/2022\/10\/WVA_Press-Release_Cover-new.png","width":4162,"height":3840},{"@type":"WebSite","@id":"https:\/\/worldvapersalliance.com\/#website","url":"https:\/\/worldvapersalliance.com\/","name":"World Vapers&#039; Alliance","description":"Den st\u00f6rsta gemenskapen av vapers","publisher":{"@id":"https:\/\/worldvapersalliance.com\/#organization"},"potentialAction":[{"@type":"SearchAction","target":{"@type":"EntryPoint","urlTemplate":"https:\/\/worldvapersalliance.com\/?s={search_term_string}"},"query-input":{"@type":"PropertyValueSpecification","valueRequired":true,"valueName":"search_term_string"}}],"inLanguage":"sv-SE"},{"@type":"Organization","@id":"https:\/\/worldvapersalliance.com\/#organization","name":"World Vapers&#039; Alliance","url":"https:\/\/worldvapersalliance.com\/","logo":{"@type":"ImageObject","inLanguage":"sv-SE","@id":"https:\/\/worldvapersalliance.com\/#\/schema\/logo\/image\/","url":"https:\/\/worldvapersalliance.com\/wp-content\/uploads\/2022\/01\/WVA_RB_Fist_G.png","contentUrl":"https:\/\/worldvapersalliance.com\/wp-content\/uploads\/2022\/01\/WVA_RB_Fist_G.png","width":985,"height":1177,"caption":"World Vapers&#039; Alliance"},"image":{"@id":"https:\/\/worldvapersalliance.com\/#\/schema\/logo\/image\/"}},{"@type":"Person","@id":"https:\/\/worldvapersalliance.com\/#\/schema\/person\/18484a6f20bcc6f70a2419c8babe017d","name":"World Vapers&#039; Alliance","image":{"@type":"ImageObject","inLanguage":"sv-SE","@id":"https:\/\/secure.gravatar.com\/avatar\/456bf795c7a47c9ac527a94da4bff150aa49e48726d69bee9937f8383cffa246?s=96&d=mm&r=g","url":"https:\/\/secure.gravatar.com\/avatar\/456bf795c7a47c9ac527a94da4bff150aa49e48726d69bee9937f8383cffa246?s=96&d=mm&r=g","contentUrl":"https:\/\/secure.gravatar.com\/avatar\/456bf795c7a47c9ac527a94da4bff150aa49e48726d69bee9937f8383cffa246?s=96&d=mm&r=g","caption":"World Vapers' Alliance"},"url":"https:\/\/worldvapersalliance.com\/sv\/author\/wva\/"}]}},"_links":{"self":[{"href":"https:\/\/worldvapersalliance.com\/sv\/wp-json\/wp\/v2\/posts\/4772","targetHints":{"allow":["GET"]}}],"collection":[{"href":"https:\/\/worldvapersalliance.com\/sv\/wp-json\/wp\/v2\/posts"}],"about":[{"href":"https:\/\/worldvapersalliance.com\/sv\/wp-json\/wp\/v2\/types\/post"}],"author":[{"embeddable":true,"href":"https:\/\/worldvapersalliance.com\/sv\/wp-json\/wp\/v2\/users\/11"}],"replies":[{"embeddable":true,"href":"https:\/\/worldvapersalliance.com\/sv\/wp-json\/wp\/v2\/comments?post=4772"}],"version-history":[{"count":0,"href":"https:\/\/worldvapersalliance.com\/sv\/wp-json\/wp\/v2\/posts\/4772\/revisions"}],"wp:featuredmedia":[{"embeddable":true,"href":"https:\/\/worldvapersalliance.com\/sv\/wp-json\/wp\/v2\/media\/3245"}],"wp:attachment":[{"href":"https:\/\/worldvapersalliance.com\/sv\/wp-json\/wp\/v2\/media?parent=4772"}],"wp:term":[{"taxonomy":"category","embeddable":true,"href":"https:\/\/worldvapersalliance.com\/sv\/wp-json\/wp\/v2\/categories?post=4772"},{"taxonomy":"post_tag","embeddable":true,"href":"https:\/\/worldvapersalliance.com\/sv\/wp-json\/wp\/v2\/tags?post=4772"}],"curies":[{"name":"wp","href":"https:\/\/api.w.org\/{rel}","templated":true}]}}