{"id":4515,"date":"2023-08-14T07:54:29","date_gmt":"2023-08-14T11:54:29","guid":{"rendered":"https:\/\/worldvapersalliance.com\/?p=4515"},"modified":"2023-08-14T07:55:06","modified_gmt":"2023-08-14T11:55:06","slug":"proposed-vaping-flavour-restrictions-in-the-eu-a-missed-opportunity-for-effective-youth-protection","status":"publish","type":"post","link":"https:\/\/worldvapersalliance.com\/sv\/proposed-vaping-flavour-restrictions-in-the-eu-a-missed-opportunity-for-effective-youth-protection\/","title":{"rendered":"En missad m\u00f6jlighet till effektivt ungdomsskydd"},"content":{"rendered":"<p dir=\"ltr\"><strong>F\u00f6reslagna begr\u00e4nsningar av vapingsmak i EU: En missad m\u00f6jlighet till effektivt ungdomsskydd<\/strong><\/p>\n<p dir=\"ltr\"><strong>Bryssel, 14 augusti 2023.<\/strong> Rapporter fr\u00e5n <a href=\"https:\/\/link.mediaoutreach.meltwater.com\/ls\/click?upn=v2OU6mEZsrF8RQMJ1eCY0k85DNuDAklJS8uJf2kXcb-2F99Onis8CLTaql-2BEvd5keQ7Du-2BKDtnwQPjMQwrMU8enSM3AW8EFVhF3dTJkpOgObyobwdeopiZkB6xfgcusZqjZ9MiOrMe2nXXB-2FK7vuzfLw-3D-3D_30F_6-2BOayirWiMnL4NNJ9ivl6YavKZeo6-2F4wNJspN1hyqCqN9Iica8t3kuAqeTUsoEZyEPArUXwlTHpmuotWGUYRcpQrE8nNUswQ7G-2Fk02oN1WEWHHt54BxhdFiplpKrmGj1iDA0-2Bv0wEOXuGSmsjibi7K0XdoWH5vg2rifRPmwPkeBBE0cnTvkcK7HVEvlUBs3f4X4oMFQ7c-2FGQqiXE-2F55Tt-2F9RNcTrlv7PGXGJ88c4nU8eczTnEeT7w6y9xCdzHBmzeQK-2BW5DezjVPYDzOVacrrOeS7DPDm1hW7plpfPBJ7RNfHV-2B7GTzbmrb2y-2FzxPCGngxaeDvFWX9o-2BX18REfWusZNzt8LRzadM0TB4nv2LJyhGdCRZw-2Bl-2Fxlet-2FhF4MagWUXlBPDA7MQrMddW1ZPlDm-2BC3-2Fb26eymQTOg8vKg-2FWI4-3D\" target=\"_blank\" rel=\"noopener\" data-saferedirecturl=\"https:\/\/www.google.com\/url?q=https:\/\/link.mediaoutreach.meltwater.com\/ls\/click?upn%3Dv2OU6mEZsrF8RQMJ1eCY0k85DNuDAklJS8uJf2kXcb-2F99Onis8CLTaql-2BEvd5keQ7Du-2BKDtnwQPjMQwrMU8enSM3AW8EFVhF3dTJkpOgObyobwdeopiZkB6xfgcusZqjZ9MiOrMe2nXXB-2FK7vuzfLw-3D-3D_30F_6-2BOayirWiMnL4NNJ9ivl6YavKZeo6-2F4wNJspN1hyqCqN9Iica8t3kuAqeTUsoEZyEPArUXwlTHpmuotWGUYRcpQrE8nNUswQ7G-2Fk02oN1WEWHHt54BxhdFiplpKrmGj1iDA0-2Bv0wEOXuGSmsjibi7K0XdoWH5vg2rifRPmwPkeBBE0cnTvkcK7HVEvlUBs3f4X4oMFQ7c-2FGQqiXE-2F55Tt-2F9RNcTrlv7PGXGJ88c4nU8eczTnEeT7w6y9xCdzHBmzeQK-2BW5DezjVPYDzOVacrrOeS7DPDm1hW7plpfPBJ7RNfHV-2B7GTzbmrb2y-2FzxPCGngxaeDvFWX9o-2BX18REfWusZNzt8LRzadM0TB4nv2LJyhGdCRZw-2Bl-2Fxlet-2FhF4MagWUXlBPDA7MQrMddW1ZPlDm-2BC3-2Fb26eymQTOg8vKg-2FWI4-3D&amp;source=gmail&amp;ust=1692100327889000&amp;usg=AOvVaw0ldxi6ikriYExIdsJMmFSO\">Politico<\/a> idag indikerar potentiella str\u00e4ngare regleringar av vaping-smaker inom Europeiska unionen. Ledam\u00f6ter och branschpersoner som n\u00e4mns i artikeln st\u00f6der str\u00e4ngare regler f\u00f6r smaker f\u00f6r att begr\u00e4nsa vaping bland unga. Denna strategi m\u00f6ter dock kritik fr\u00e5n konsumenter som fruktar begr\u00e4nsningar i valm\u00f6jligheterna, vilket \u00e4ventyrar de betydande framsteg som gjorts n\u00e4r det g\u00e4ller att minska r\u00f6kningssiffrorna.<\/p>\n<p dir=\"ltr\">Icke-tobakssmaker \u00e4r <a href=\"https:\/\/link.mediaoutreach.meltwater.com\/ls\/click?upn=v2OU6mEZsrF8RQMJ1eCY0kICK-2Bf8wE60tl8ruTe3Ns4jYmRkse9YO-2FS-2B41eh5Fh7raPZwScgn2vitG8Zg6bvTw-3D-3Db8YY_6-2BOayirWiMnL4NNJ9ivl6YavKZeo6-2F4wNJspN1hyqCqN9Iica8t3kuAqeTUsoEZyEPArUXwlTHpmuotWGUYRcpQrE8nNUswQ7G-2Fk02oN1WEWHHt54BxhdFiplpKrmGj1iDA0-2Bv0wEOXuGSmsjibi7K0XdoWH5vg2rifRPmwPkeBBE0cnTvkcK7HVEvlUBs3f4X4oMFQ7c-2FGQqiXE-2F55Tt-2F9RNcTrlv7PGXGJ88c4nU95XLOlUw3ru3M1naGjufAOv-2FEuaTdOQzFs1X5J39Dss5JbpIhUmGUiPGg2kFc1RmsYnBbQGuC3HJUCJ4z-2B9wv0DBooO1vKfPanleUeVKgHrQNUzjHUGtXCsMqZzXgy8Cdt-2B5TDfHYY8SCps2bfuh7IQ6hgABjxP1In8NfNGZz6z2XfHiUWLWexR-2F9MSuDc92s-3D\" target=\"_blank\" rel=\"noopener\" data-saferedirecturl=\"https:\/\/www.google.com\/url?q=https:\/\/link.mediaoutreach.meltwater.com\/ls\/click?upn%3Dv2OU6mEZsrF8RQMJ1eCY0kICK-2Bf8wE60tl8ruTe3Ns4jYmRkse9YO-2FS-2B41eh5Fh7raPZwScgn2vitG8Zg6bvTw-3D-3Db8YY_6-2BOayirWiMnL4NNJ9ivl6YavKZeo6-2F4wNJspN1hyqCqN9Iica8t3kuAqeTUsoEZyEPArUXwlTHpmuotWGUYRcpQrE8nNUswQ7G-2Fk02oN1WEWHHt54BxhdFiplpKrmGj1iDA0-2Bv0wEOXuGSmsjibi7K0XdoWH5vg2rifRPmwPkeBBE0cnTvkcK7HVEvlUBs3f4X4oMFQ7c-2FGQqiXE-2F55Tt-2F9RNcTrlv7PGXGJ88c4nU95XLOlUw3ru3M1naGjufAOv-2FEuaTdOQzFs1X5J39Dss5JbpIhUmGUiPGg2kFc1RmsYnBbQGuC3HJUCJ4z-2B9wv0DBooO1vKfPanleUeVKgHrQNUzjHUGtXCsMqZzXgy8Cdt-2B5TDfHYY8SCps2bfuh7IQ6hgABjxP1In8NfNGZz6z2XfHiUWLWexR-2F9MSuDc92s-3D&amp;source=gmail&amp;ust=1692100327889000&amp;usg=AOvVaw0uKEWX6_Twsgn1UrcqDSzA\">anv\u00e4nds flitigt av vapers i EU<\/a> att komma bort fr\u00e5n smaken av cigaretter, och forskning visar att deras anv\u00e4ndning kan <a href=\"https:\/\/link.mediaoutreach.meltwater.com\/ls\/click?upn=v2OU6mEZsrF8RQMJ1eCY0ol4sCLOIhOR01faC2dQDE3I7q-2F0jEr5xL2CFJTGOrk7Aa6o-2Fjwe-2BeLDYMjcHuzN1g-3D-3DITjY_6-2BOayirWiMnL4NNJ9ivl6YavKZeo6-2F4wNJspN1hyqCqN9Iica8t3kuAqeTUsoEZyEPArUXwlTHpmuotWGUYRcpQrE8nNUswQ7G-2Fk02oN1WEWHHt54BxhdFiplpKrmGj1iDA0-2Bv0wEOXuGSmsjibi7K0XdoWH5vg2rifRPmwPkeBBE0cnTvkcK7HVEvlUBs3f4X4oMFQ7c-2FGQqiXE-2F55Tt-2F9RNcTrlv7PGXGJ88c4nU-2FrylaElk9q-2BUbmeLz0gG2YypEM8jMSB1c0kM9ZsaqIOmRay4VTIIaDZKemJKZVst9Q-2BGIIaS6Sjp-2FNIhgATaC6Snk-2BPhVgnvJmc-2FTX9-2BWD6EFM8xxDJxJZHlIu5P6PxJvdf6FbOwQEqbN1osmvxWNcuXm-2BCsB8ii1U-2FPM3jhCr5PXxZ7X6YUxtjTgUlh3GQF8-3D\" target=\"_blank\" rel=\"noopener\" data-saferedirecturl=\"https:\/\/www.google.com\/url?q=https:\/\/link.mediaoutreach.meltwater.com\/ls\/click?upn%3Dv2OU6mEZsrF8RQMJ1eCY0ol4sCLOIhOR01faC2dQDE3I7q-2F0jEr5xL2CFJTGOrk7Aa6o-2Fjwe-2BeLDYMjcHuzN1g-3D-3DITjY_6-2BOayirWiMnL4NNJ9ivl6YavKZeo6-2F4wNJspN1hyqCqN9Iica8t3kuAqeTUsoEZyEPArUXwlTHpmuotWGUYRcpQrE8nNUswQ7G-2Fk02oN1WEWHHt54BxhdFiplpKrmGj1iDA0-2Bv0wEOXuGSmsjibi7K0XdoWH5vg2rifRPmwPkeBBE0cnTvkcK7HVEvlUBs3f4X4oMFQ7c-2FGQqiXE-2F55Tt-2F9RNcTrlv7PGXGJ88c4nU-2FrylaElk9q-2BUbmeLz0gG2YypEM8jMSB1c0kM9ZsaqIOmRay4VTIIaDZKemJKZVst9Q-2BGIIaS6Sjp-2FNIhgATaC6Snk-2BPhVgnvJmc-2FTX9-2BWD6EFM8xxDJxJZHlIu5P6PxJvdf6FbOwQEqbN1osmvxWNcuXm-2BCsB8ii1U-2FPM3jhCr5PXxZ7X6YUxtjTgUlh3GQF8-3D&amp;source=gmail&amp;ust=1692100327889000&amp;usg=AOvVaw0b9C7dSoMjAdJCt-mwgctV\">\u00f6ka oddsen f\u00f6r att sluta med 230%<\/a>. Att begr\u00e4nsa smakerna kommer bara att driva m\u00e5nga vejpare <a href=\"https:\/\/link.mediaoutreach.meltwater.com\/ls\/click?upn=v2OU6mEZsrF8RQMJ1eCY0ol4sCLOIhOR01faC2dQDE2pX0FiaED8ofrG1HmwnqvJGftNiX67HgUG5t-2F3yMxuig-3D-3DZjYP_6-2BOayirWiMnL4NNJ9ivl6YavKZeo6-2F4wNJspN1hyqCqN9Iica8t3kuAqeTUsoEZyEPArUXwlTHpmuotWGUYRcpQrE8nNUswQ7G-2Fk02oN1WEWHHt54BxhdFiplpKrmGj1iDA0-2Bv0wEOXuGSmsjibi7K0XdoWH5vg2rifRPmwPkeBBE0cnTvkcK7HVEvlUBs3f4X4oMFQ7c-2FGQqiXE-2F55Tt-2F9RNcTrlv7PGXGJ88c4nU-2B1cEL69etfOO4zuNTANGpatt9XPa4Vq5KUjoXRwKUuWuDkRsmNH3NaTSjpPVIy6ynmFferWjKOGKB-2FYIlYRPxzFGez7x-2FjUl0fQCJ8Gjdz5ZKffQNT8mOFuvxPlMx4k8EJ9xNBOD2j8-2BHX8pEPs6JK-2B4SsyeTAQCWk-2BZ-2ByJSXk-2B-2FV5Z0Ou8Epk4tQ2-2FmDcGS0-3D\" target=\"_blank\" rel=\"noopener\" data-saferedirecturl=\"https:\/\/www.google.com\/url?q=https:\/\/link.mediaoutreach.meltwater.com\/ls\/click?upn%3Dv2OU6mEZsrF8RQMJ1eCY0ol4sCLOIhOR01faC2dQDE2pX0FiaED8ofrG1HmwnqvJGftNiX67HgUG5t-2F3yMxuig-3D-3DZjYP_6-2BOayirWiMnL4NNJ9ivl6YavKZeo6-2F4wNJspN1hyqCqN9Iica8t3kuAqeTUsoEZyEPArUXwlTHpmuotWGUYRcpQrE8nNUswQ7G-2Fk02oN1WEWHHt54BxhdFiplpKrmGj1iDA0-2Bv0wEOXuGSmsjibi7K0XdoWH5vg2rifRPmwPkeBBE0cnTvkcK7HVEvlUBs3f4X4oMFQ7c-2FGQqiXE-2F55Tt-2F9RNcTrlv7PGXGJ88c4nU-2B1cEL69etfOO4zuNTANGpatt9XPa4Vq5KUjoXRwKUuWuDkRsmNH3NaTSjpPVIy6ynmFferWjKOGKB-2FYIlYRPxzFGez7x-2FjUl0fQCJ8Gjdz5ZKffQNT8mOFuvxPlMx4k8EJ9xNBOD2j8-2BHX8pEPs6JK-2B4SsyeTAQCWk-2BZ-2ByJSXk-2B-2FV5Z0Ou8Epk4tQ2-2FmDcGS0-3D&amp;source=gmail&amp;ust=1692100327889000&amp;usg=AOvVaw29FQPMD0LKUwy0ksmlKNBD\">till svarta marknaden eller tillbaka till r\u00f6kning<\/a>. Till exempel f\u00f6rbj\u00f6d Estland smak\u00e4mnen \u00e5r 2020, men det finns bevis f\u00f6r att <a href=\"https:\/\/link.mediaoutreach.meltwater.com\/ls\/click?upn=v2OU6mEZsrF8RQMJ1eCY0tNHDsMNbedhtRWDWy6ZOAWKIVcFOtUK8RcVqhdGkaktseB-2BIDwCdzlO2635iwFmQ8pup4-2FtHjJ8sefBOXsNPb-2Fz6t4Oqi7CZeUFNkhaHzOx4ZLg_6-2BOayirWiMnL4NNJ9ivl6YavKZeo6-2F4wNJspN1hyqCqN9Iica8t3kuAqeTUsoEZyEPArUXwlTHpmuotWGUYRcpQrE8nNUswQ7G-2Fk02oN1WEWHHt54BxhdFiplpKrmGj1iDA0-2Bv0wEOXuGSmsjibi7K0XdoWH5vg2rifRPmwPkeBBE0cnTvkcK7HVEvlUBs3f4X4oMFQ7c-2FGQqiXE-2F55Tt-2F9RNcTrlv7PGXGJ88c4nU-2FDq90LIVrNljirN73qHnFTN5zU1tBs8Q148ysq1ckZZhlRM31i7VhF12wIEb9r19qQGo-2FlQP10315sJq0rn-2BLLCNt5fLt3453-2FvnWpxQVCN3-2BgtmBCOvMjKunyZiFvvG-2BRzA9YZb-2FPAzDYUBDXuYt0Y2ZKips8kSMgZ4kiLqGwpmXoG-2FG8tJZ9DABE2-2FTTGoA-3D\" target=\"_blank\" rel=\"noopener\" data-saferedirecturl=\"https:\/\/www.google.com\/url?q=https:\/\/link.mediaoutreach.meltwater.com\/ls\/click?upn%3Dv2OU6mEZsrF8RQMJ1eCY0tNHDsMNbedhtRWDWy6ZOAWKIVcFOtUK8RcVqhdGkaktseB-2BIDwCdzlO2635iwFmQ8pup4-2FtHjJ8sefBOXsNPb-2Fz6t4Oqi7CZeUFNkhaHzOx4ZLg_6-2BOayirWiMnL4NNJ9ivl6YavKZeo6-2F4wNJspN1hyqCqN9Iica8t3kuAqeTUsoEZyEPArUXwlTHpmuotWGUYRcpQrE8nNUswQ7G-2Fk02oN1WEWHHt54BxhdFiplpKrmGj1iDA0-2Bv0wEOXuGSmsjibi7K0XdoWH5vg2rifRPmwPkeBBE0cnTvkcK7HVEvlUBs3f4X4oMFQ7c-2FGQqiXE-2F55Tt-2F9RNcTrlv7PGXGJ88c4nU-2FDq90LIVrNljirN73qHnFTN5zU1tBs8Q148ysq1ckZZhlRM31i7VhF12wIEb9r19qQGo-2FlQP10315sJq0rn-2BLLCNt5fLt3453-2FvnWpxQVCN3-2BgtmBCOvMjKunyZiFvvG-2BRzA9YZb-2FPAzDYUBDXuYt0Y2ZKips8kSMgZ4kiLqGwpmXoG-2FG8tJZ9DABE2-2FTTGoA-3D&amp;source=gmail&amp;ust=1692100327889000&amp;usg=AOvVaw2WJi6zXhBb03cu2PB52W31\">en majoritet av vapers fortsatte att anv\u00e4nda dem<\/a>, antingen genom att tillverka sina egna v\u00e4tskor eller genom att v\u00e4nda sig till den svarta marknaden.<\/p>\n<p dir=\"ltr\">Michael Landl, chef f\u00f6r World Vapers&#039; Alliance, betonade den avg\u00f6rande roll som smaker spelar f\u00f6r att hj\u00e4lpa r\u00f6kare att sluta r\u00f6ka. \u2019Det \u00e4r viktigt att erbjuda en m\u00e4ngd olika smaker f\u00f6r att r\u00f6kare ska kunna \u00f6verg\u00e5 framg\u00e5ngsrikt. Att begr\u00e4nsa alternativen till bara tre smaker skulle styra otaliga EU-konsumenter tillbaka till r\u00f6kning. Detta skulle vara ett on\u00f6digt hinder p\u00e5 v\u00e4gen mot ett r\u00f6kfritt Europa.\u201c<\/p>\n<p dir=\"ltr\">Drivkraften bakom f\u00f6rslaget \u00e4r m\u00e5let att minska vapning bland ungdomar. \u00c4ven om det \u00e4r en prioritet att f\u00f6rhindra att icke-r\u00f6kare b\u00f6rjar vapa, \u00e4r det lika viktigt att hitta en balans mellan att underl\u00e4tta r\u00f6kavv\u00e4njning f\u00f6r vuxna och att skydda ungdomar.<\/p>\n<p dir=\"ltr\">\u201cDet yttersta skyddet f\u00f6r ungdomar ligger i utbildning och meningsfulla liv f\u00f6r Europas unga. Vi m\u00e5ste lyssna p\u00e5 deras r\u00f6ster. Unders\u00f6kningar visar konsekvent att ton\u00e5ringar tenderar att \u00e4gna sig \u00e5t riskabla beteenden n\u00e4r de m\u00f6ter utmaningar som skolproblem, h\u00e4lsoproblem eller fattigdom. Samtidigt spelar smaker bara en mindre roll f\u00f6r att initiera. Om m\u00e5let \u00e4r att verkligen skydda ungdomar blir det absolut n\u00f6dv\u00e4ndigt att f\u00f6respr\u00e5ka f\u00f6rb\u00e4ttrad utbildning, h\u00e4lsov\u00e5rd och ekonomiska f\u00f6rh\u00e5llanden. Tyv\u00e4rr \u00e4r det komplext att uppn\u00e5 dessa m\u00e5l, vilket leder till att m\u00e5nga politiker v\u00e4ljer sensationell men ineffektiv politik som f\u00f6rbiser konkreta resultat\u201d, tillade Landl.<\/p>\n<p dir=\"ltr\">En ofta ignorerad f\u00f6rklaring till ungdomars uppg\u00e5ng till vapning \u00e4r en &quot;vanlig nackdel&quot;. Med andra ord, ungdomar som sannolikt vapar \u00e4r ocks\u00e5 ben\u00e4gna att r\u00f6ka \u2013 t.ex. p\u00e5 grund av<a href=\"https:\/\/link.mediaoutreach.meltwater.com\/ls\/click?upn=v2OU6mEZsrF8RQMJ1eCY0gahRbaqRzoM7P5i-2F2RPPadDhybaquEqkxM-2B9a8tfrYL0ufqceqlhJ3I-2FECAKevUXg-3D-3D3lZ__6-2BOayirWiMnL4NNJ9ivl6YavKZeo6-2F4wNJspN1hyqCqN9Iica8t3kuAqeTUsoEZyEPArUXwlTHpmuotWGUYRcpQrE8nNUswQ7G-2Fk02oN1WEWHHt54BxhdFiplpKrmGj1iDA0-2Bv0wEOXuGSmsjibi7K0XdoWH5vg2rifRPmwPkeBBE0cnTvkcK7HVEvlUBs3f4X4oMFQ7c-2FGQqiXE-2F55Tt-2F9RNcTrlv7PGXGJ88c4nU95ZgsEO0MW5bo-2FKyfxGq5aHkIIxHEOj915m5-2Bz0uu-2B3r9YXKXUfjumXE1gTowT9Da2RY7YIKWepKfUwzjeZgiORNm86UHYN34nZB3uu1b1hQOSjUDuagu5dndqCnUcx3ogn8cVHfx-2FHHj4oXYZSPelKZs2aLRyo72uTRnmA3OHVo7YC1QoeNIE7j-2BwKl2w704-3D\" target=\"_blank\" rel=\"noopener\" data-saferedirecturl=\"https:\/\/www.google.com\/url?q=https:\/\/link.mediaoutreach.meltwater.com\/ls\/click?upn%3Dv2OU6mEZsrF8RQMJ1eCY0gahRbaqRzoM7P5i-2F2RPPadDhybaquEqkxM-2B9a8tfrYL0ufqceqlhJ3I-2FECAKevUXg-3D-3D3lZ__6-2BOayirWiMnL4NNJ9ivl6YavKZeo6-2F4wNJspN1hyqCqN9Iica8t3kuAqeTUsoEZyEPArUXwlTHpmuotWGUYRcpQrE8nNUswQ7G-2Fk02oN1WEWHHt54BxhdFiplpKrmGj1iDA0-2Bv0wEOXuGSmsjibi7K0XdoWH5vg2rifRPmwPkeBBE0cnTvkcK7HVEvlUBs3f4X4oMFQ7c-2FGQqiXE-2F55Tt-2F9RNcTrlv7PGXGJ88c4nU95ZgsEO0MW5bo-2FKyfxGq5aHkIIxHEOj915m5-2Bz0uu-2B3r9YXKXUfjumXE1gTowT9Da2RY7YIKWepKfUwzjeZgiORNm86UHYN34nZB3uu1b1hQOSjUDuagu5dndqCnUcx3ogn8cVHfx-2FHHj4oXYZSPelKZs2aLRyo72uTRnmA3OHVo7YC1QoeNIE7j-2BwKl2w704-3D&amp;source=gmail&amp;ust=1692100327889000&amp;usg=AOvVaw3_kj1mdwVYU6_PKk2LbtxU\"> personlighetsdrag<\/a>,<a href=\"https:\/\/link.mediaoutreach.meltwater.com\/ls\/click?upn=v2OU6mEZsrF8RQMJ1eCY0oSj4Ts6zAqW5gZVHvaErKD3RcP-2BFm-2BykL5O2TrlAr1eF-2FWpg29f7bHxpZFSX4VUhZ6Abzc86SWbGLO6m4xbJ7RI74v-2FU3XLVWkoNZJt-2FflRB3M3_6-2BOayirWiMnL4NNJ9ivl6YavKZeo6-2F4wNJspN1hyqCqN9Iica8t3kuAqeTUsoEZyEPArUXwlTHpmuotWGUYRcpQrE8nNUswQ7G-2Fk02oN1WEWHHt54BxhdFiplpKrmGj1iDA0-2Bv0wEOXuGSmsjibi7K0XdoWH5vg2rifRPmwPkeBBE0cnTvkcK7HVEvlUBs3f4X4oMFQ7c-2FGQqiXE-2F55Tt-2F9RNcTrlv7PGXGJ88c4nU-2Bzt7-2FjVyFTx7Ar2r1JrRjIWDAHGWnSFXSGvVS2M9mIiCCC6-2BxL3glDpSU44wY2Nore6Hc3T090T8J3q8Fp5LE9F9IVPdxfFv92JXrqx2GEkjltmsIWvbI4-2B6hClMn4rdxuweJWcGbYeFZgQ1VJBsNTlNrLJ4kUfA7wKMkYIKG9qDzcqxjd6bjwRfpSZLA6J14-3D\" target=\"_blank\" rel=\"noopener\" data-saferedirecturl=\"https:\/\/www.google.com\/url?q=https:\/\/link.mediaoutreach.meltwater.com\/ls\/click?upn%3Dv2OU6mEZsrF8RQMJ1eCY0oSj4Ts6zAqW5gZVHvaErKD3RcP-2BFm-2BykL5O2TrlAr1eF-2FWpg29f7bHxpZFSX4VUhZ6Abzc86SWbGLO6m4xbJ7RI74v-2FU3XLVWkoNZJt-2FflRB3M3_6-2BOayirWiMnL4NNJ9ivl6YavKZeo6-2F4wNJspN1hyqCqN9Iica8t3kuAqeTUsoEZyEPArUXwlTHpmuotWGUYRcpQrE8nNUswQ7G-2Fk02oN1WEWHHt54BxhdFiplpKrmGj1iDA0-2Bv0wEOXuGSmsjibi7K0XdoWH5vg2rifRPmwPkeBBE0cnTvkcK7HVEvlUBs3f4X4oMFQ7c-2FGQqiXE-2F55Tt-2F9RNcTrlv7PGXGJ88c4nU-2Bzt7-2FjVyFTx7Ar2r1JrRjIWDAHGWnSFXSGvVS2M9mIiCCC6-2BxL3glDpSU44wY2Nore6Hc3T090T8J3q8Fp5LE9F9IVPdxfFv92JXrqx2GEkjltmsIWvbI4-2B6hClMn4rdxuweJWcGbYeFZgQ1VJBsNTlNrLJ4kUfA7wKMkYIKG9qDzcqxjd6bjwRfpSZLA6J14-3D&amp;source=gmail&amp;ust=1692100327889000&amp;usg=AOvVaw01uidAYdLbYGlCVGKWYd3S\"> genetisk predisposition<\/a>, eller sociala och milj\u00f6m\u00e4ssiga faktorer.<\/p>\n<p dir=\"ltr\">Smaker spelar en avg\u00f6rande roll f\u00f6r att hj\u00e4lpa konsumenter att sluta r\u00f6ka \u2013 miljontals m\u00e4nniskor i Europa har framg\u00e5ngsrikt \u00f6verg\u00e5tt till mindre skadlig vaping och det breda utbudet av smaker \u00e4r fortfarande ett ledande incitament f\u00f6r m\u00e5nga att byta till e-cigaretter och sluta r\u00f6ka, vilket ger dem ett varierat utbud.<\/p>\n<p dir=\"ltr\">World Vapers&#039; Alliance uppmanar politiker att f\u00f6lja vetenskapens utveckling och ompr\u00f6va alla planer p\u00e5 att begr\u00e4nsa utbudet eller inf\u00f6ra ett f\u00f6rbud mot vapingsmaker, medvetna om den potentiella skada s\u00e5dana f\u00f6rbud kan orsaka b\u00e5de folkh\u00e4lsan och konsumenterna.<\/p>","protected":false},"excerpt":{"rendered":"<p>Proposed Vaping Flavour Restrictions in the EU: A Missed Opportunity for Effective Youth Protection Brussels, 14 August 2023. Reports from Politico today indicate potential tighter regulations on vaping flavours within the European Union. MEPs and industry figures mentioned in the article support stricter rules on flavours to curb youth vaping. However, this approach faces criticism [&hellip;]<\/p>\n","protected":false},"author":11,"featured_media":3245,"comment_status":"open","ping_status":"open","sticky":false,"template":"","format":"standard","meta":{"footnotes":""},"categories":[13],"tags":[],"class_list":["post-4515","post","type-post","status-publish","format-standard","has-post-thumbnail","hentry","category-press-releases"],"yoast_head":"<!-- This site is optimized with the Yoast SEO plugin v27.3 - https:\/\/yoast.com\/product\/yoast-seo-wordpress\/ -->\n<title>A Missed Opportunity for Effective Youth Protection<\/title>\n<meta name=\"description\" content=\"Reports from Politico today indicate potential tighter regulations on vaping flavours within the European Union.\" \/>\n<meta name=\"robots\" content=\"index, follow, max-snippet:-1, max-image-preview:large, max-video-preview:-1\" \/>\n<link rel=\"canonical\" href=\"https:\/\/worldvapersalliance.com\/sv\/proposed-vaping-flavour-restrictions-in-the-eu-a-missed-opportunity-for-effective-youth-protection\/\" \/>\n<meta property=\"og:locale\" content=\"sv_SE\" \/>\n<meta property=\"og:type\" content=\"article\" \/>\n<meta property=\"og:title\" content=\"A Missed Opportunity for Effective Youth Protection\" \/>\n<meta property=\"og:description\" content=\"Reports from Politico today indicate potential tighter regulations on vaping flavours within the European Union.\" \/>\n<meta property=\"og:url\" content=\"https:\/\/worldvapersalliance.com\/sv\/proposed-vaping-flavour-restrictions-in-the-eu-a-missed-opportunity-for-effective-youth-protection\/\" \/>\n<meta property=\"og:site_name\" content=\"World Vapers&#039; Alliance\" \/>\n<meta property=\"article:published_time\" content=\"2023-08-14T11:54:29+00:00\" \/>\n<meta property=\"article:modified_time\" content=\"2023-08-14T11:55:06+00:00\" \/>\n<meta property=\"og:image\" content=\"https:\/\/worldvapersalliance.com\/wp-content\/uploads\/2022\/10\/WVA_Press-Release_Cover-new.png\" \/>\n\t<meta property=\"og:image:width\" content=\"4162\" \/>\n\t<meta property=\"og:image:height\" content=\"3840\" \/>\n\t<meta property=\"og:image:type\" content=\"image\/png\" \/>\n<meta name=\"author\" content=\"World Vapers&#039; Alliance\" \/>\n<meta name=\"twitter:card\" content=\"summary_large_image\" \/>\n<meta name=\"twitter:label1\" content=\"Skriven av\" \/>\n\t<meta name=\"twitter:data1\" content=\"World Vapers&#039; Alliance\" \/>\n\t<meta name=\"twitter:label2\" content=\"Ber\u00e4knad l\u00e4stid\" \/>\n\t<meta name=\"twitter:data2\" content=\"3 minuter\" \/>\n<script type=\"application\/ld+json\" class=\"yoast-schema-graph\">{\"@context\":\"https:\\\/\\\/schema.org\",\"@graph\":[{\"@type\":\"Article\",\"@id\":\"https:\\\/\\\/worldvapersalliance.com\\\/proposed-vaping-flavour-restrictions-in-the-eu-a-missed-opportunity-for-effective-youth-protection\\\/#article\",\"isPartOf\":{\"@id\":\"https:\\\/\\\/worldvapersalliance.com\\\/proposed-vaping-flavour-restrictions-in-the-eu-a-missed-opportunity-for-effective-youth-protection\\\/\"},\"author\":{\"name\":\"World Vapers' Alliance\",\"@id\":\"https:\\\/\\\/worldvapersalliance.com\\\/#\\\/schema\\\/person\\\/18484a6f20bcc6f70a2419c8babe017d\"},\"headline\":\"A Missed Opportunity for Effective Youth Protection\",\"datePublished\":\"2023-08-14T11:54:29+00:00\",\"dateModified\":\"2023-08-14T11:55:06+00:00\",\"mainEntityOfPage\":{\"@id\":\"https:\\\/\\\/worldvapersalliance.com\\\/proposed-vaping-flavour-restrictions-in-the-eu-a-missed-opportunity-for-effective-youth-protection\\\/\"},\"wordCount\":474,\"commentCount\":1,\"publisher\":{\"@id\":\"https:\\\/\\\/worldvapersalliance.com\\\/#organization\"},\"image\":{\"@id\":\"https:\\\/\\\/worldvapersalliance.com\\\/proposed-vaping-flavour-restrictions-in-the-eu-a-missed-opportunity-for-effective-youth-protection\\\/#primaryimage\"},\"thumbnailUrl\":\"https:\\\/\\\/worldvapersalliance.com\\\/wp-content\\\/uploads\\\/2022\\\/10\\\/WVA_Press-Release_Cover-new.png\",\"articleSection\":[\"Press Releases\"],\"inLanguage\":\"sv-SE\",\"potentialAction\":[{\"@type\":\"CommentAction\",\"name\":\"Comment\",\"target\":[\"https:\\\/\\\/worldvapersalliance.com\\\/proposed-vaping-flavour-restrictions-in-the-eu-a-missed-opportunity-for-effective-youth-protection\\\/#respond\"]}]},{\"@type\":\"WebPage\",\"@id\":\"https:\\\/\\\/worldvapersalliance.com\\\/proposed-vaping-flavour-restrictions-in-the-eu-a-missed-opportunity-for-effective-youth-protection\\\/\",\"url\":\"https:\\\/\\\/worldvapersalliance.com\\\/proposed-vaping-flavour-restrictions-in-the-eu-a-missed-opportunity-for-effective-youth-protection\\\/\",\"name\":\"A Missed Opportunity for Effective Youth Protection\",\"isPartOf\":{\"@id\":\"https:\\\/\\\/worldvapersalliance.com\\\/#website\"},\"primaryImageOfPage\":{\"@id\":\"https:\\\/\\\/worldvapersalliance.com\\\/proposed-vaping-flavour-restrictions-in-the-eu-a-missed-opportunity-for-effective-youth-protection\\\/#primaryimage\"},\"image\":{\"@id\":\"https:\\\/\\\/worldvapersalliance.com\\\/proposed-vaping-flavour-restrictions-in-the-eu-a-missed-opportunity-for-effective-youth-protection\\\/#primaryimage\"},\"thumbnailUrl\":\"https:\\\/\\\/worldvapersalliance.com\\\/wp-content\\\/uploads\\\/2022\\\/10\\\/WVA_Press-Release_Cover-new.png\",\"datePublished\":\"2023-08-14T11:54:29+00:00\",\"dateModified\":\"2023-08-14T11:55:06+00:00\",\"description\":\"Reports from Politico today indicate potential tighter regulations on vaping flavours within the European Union.\",\"inLanguage\":\"sv-SE\",\"potentialAction\":[{\"@type\":\"ReadAction\",\"target\":[\"https:\\\/\\\/worldvapersalliance.com\\\/proposed-vaping-flavour-restrictions-in-the-eu-a-missed-opportunity-for-effective-youth-protection\\\/\"]}]},{\"@type\":\"ImageObject\",\"inLanguage\":\"sv-SE\",\"@id\":\"https:\\\/\\\/worldvapersalliance.com\\\/proposed-vaping-flavour-restrictions-in-the-eu-a-missed-opportunity-for-effective-youth-protection\\\/#primaryimage\",\"url\":\"https:\\\/\\\/worldvapersalliance.com\\\/wp-content\\\/uploads\\\/2022\\\/10\\\/WVA_Press-Release_Cover-new.png\",\"contentUrl\":\"https:\\\/\\\/worldvapersalliance.com\\\/wp-content\\\/uploads\\\/2022\\\/10\\\/WVA_Press-Release_Cover-new.png\",\"width\":4162,\"height\":3840},{\"@type\":\"WebSite\",\"@id\":\"https:\\\/\\\/worldvapersalliance.com\\\/#website\",\"url\":\"https:\\\/\\\/worldvapersalliance.com\\\/\",\"name\":\"World Vapers&#039; Alliance\",\"description\":\"The largest community of vapers\",\"publisher\":{\"@id\":\"https:\\\/\\\/worldvapersalliance.com\\\/#organization\"},\"potentialAction\":[{\"@type\":\"SearchAction\",\"target\":{\"@type\":\"EntryPoint\",\"urlTemplate\":\"https:\\\/\\\/worldvapersalliance.com\\\/?s={search_term_string}\"},\"query-input\":{\"@type\":\"PropertyValueSpecification\",\"valueRequired\":true,\"valueName\":\"search_term_string\"}}],\"inLanguage\":\"sv-SE\"},{\"@type\":\"Organization\",\"@id\":\"https:\\\/\\\/worldvapersalliance.com\\\/#organization\",\"name\":\"World Vapers&#039; Alliance\",\"url\":\"https:\\\/\\\/worldvapersalliance.com\\\/\",\"logo\":{\"@type\":\"ImageObject\",\"inLanguage\":\"sv-SE\",\"@id\":\"https:\\\/\\\/worldvapersalliance.com\\\/#\\\/schema\\\/logo\\\/image\\\/\",\"url\":\"https:\\\/\\\/worldvapersalliance.com\\\/wp-content\\\/uploads\\\/2022\\\/01\\\/WVA_RB_Fist_G.png\",\"contentUrl\":\"https:\\\/\\\/worldvapersalliance.com\\\/wp-content\\\/uploads\\\/2022\\\/01\\\/WVA_RB_Fist_G.png\",\"width\":985,\"height\":1177,\"caption\":\"World Vapers&#039; Alliance\"},\"image\":{\"@id\":\"https:\\\/\\\/worldvapersalliance.com\\\/#\\\/schema\\\/logo\\\/image\\\/\"}},{\"@type\":\"Person\",\"@id\":\"https:\\\/\\\/worldvapersalliance.com\\\/#\\\/schema\\\/person\\\/18484a6f20bcc6f70a2419c8babe017d\",\"name\":\"World Vapers' Alliance\",\"image\":{\"@type\":\"ImageObject\",\"inLanguage\":\"sv-SE\",\"@id\":\"https:\\\/\\\/secure.gravatar.com\\\/avatar\\\/456bf795c7a47c9ac527a94da4bff150aa49e48726d69bee9937f8383cffa246?s=96&d=mm&r=g\",\"url\":\"https:\\\/\\\/secure.gravatar.com\\\/avatar\\\/456bf795c7a47c9ac527a94da4bff150aa49e48726d69bee9937f8383cffa246?s=96&d=mm&r=g\",\"contentUrl\":\"https:\\\/\\\/secure.gravatar.com\\\/avatar\\\/456bf795c7a47c9ac527a94da4bff150aa49e48726d69bee9937f8383cffa246?s=96&d=mm&r=g\",\"caption\":\"World Vapers' Alliance\"},\"url\":\"https:\\\/\\\/worldvapersalliance.com\\\/sv\\\/author\\\/wva\\\/\"}]}<\/script>\n<!-- \/ Yoast SEO plugin. -->","yoast_head_json":{"title":"En missad m\u00f6jlighet till effektivt ungdomsskydd","description":"Rapporter fr\u00e5n Politico idag tyder p\u00e5 potentiellt str\u00e4ngare regleringar av vaping-smaker inom Europeiska unionen.","robots":{"index":"index","follow":"follow","max-snippet":"max-snippet:-1","max-image-preview":"max-image-preview:large","max-video-preview":"max-video-preview:-1"},"canonical":"https:\/\/worldvapersalliance.com\/sv\/proposed-vaping-flavour-restrictions-in-the-eu-a-missed-opportunity-for-effective-youth-protection\/","og_locale":"sv_SE","og_type":"article","og_title":"A Missed Opportunity for Effective Youth Protection","og_description":"Reports from Politico today indicate potential tighter regulations on vaping flavours within the European Union.","og_url":"https:\/\/worldvapersalliance.com\/sv\/proposed-vaping-flavour-restrictions-in-the-eu-a-missed-opportunity-for-effective-youth-protection\/","og_site_name":"World Vapers&#039; Alliance","article_published_time":"2023-08-14T11:54:29+00:00","article_modified_time":"2023-08-14T11:55:06+00:00","og_image":[{"width":4162,"height":3840,"url":"https:\/\/worldvapersalliance.com\/wp-content\/uploads\/2022\/10\/WVA_Press-Release_Cover-new.png","type":"image\/png"}],"author":"World Vapers' Alliance","twitter_card":"summary_large_image","twitter_misc":{"Skriven av":"World Vapers' Alliance","Ber\u00e4knad l\u00e4stid":"3 minuter"},"schema":{"@context":"https:\/\/schema.org","@graph":[{"@type":"Article","@id":"https:\/\/worldvapersalliance.com\/proposed-vaping-flavour-restrictions-in-the-eu-a-missed-opportunity-for-effective-youth-protection\/#article","isPartOf":{"@id":"https:\/\/worldvapersalliance.com\/proposed-vaping-flavour-restrictions-in-the-eu-a-missed-opportunity-for-effective-youth-protection\/"},"author":{"name":"World Vapers' Alliance","@id":"https:\/\/worldvapersalliance.com\/#\/schema\/person\/18484a6f20bcc6f70a2419c8babe017d"},"headline":"A Missed Opportunity for Effective Youth Protection","datePublished":"2023-08-14T11:54:29+00:00","dateModified":"2023-08-14T11:55:06+00:00","mainEntityOfPage":{"@id":"https:\/\/worldvapersalliance.com\/proposed-vaping-flavour-restrictions-in-the-eu-a-missed-opportunity-for-effective-youth-protection\/"},"wordCount":474,"commentCount":1,"publisher":{"@id":"https:\/\/worldvapersalliance.com\/#organization"},"image":{"@id":"https:\/\/worldvapersalliance.com\/proposed-vaping-flavour-restrictions-in-the-eu-a-missed-opportunity-for-effective-youth-protection\/#primaryimage"},"thumbnailUrl":"https:\/\/worldvapersalliance.com\/wp-content\/uploads\/2022\/10\/WVA_Press-Release_Cover-new.png","articleSection":["Press Releases"],"inLanguage":"sv-SE","potentialAction":[{"@type":"CommentAction","name":"Comment","target":["https:\/\/worldvapersalliance.com\/proposed-vaping-flavour-restrictions-in-the-eu-a-missed-opportunity-for-effective-youth-protection\/#respond"]}]},{"@type":"WebPage","@id":"https:\/\/worldvapersalliance.com\/proposed-vaping-flavour-restrictions-in-the-eu-a-missed-opportunity-for-effective-youth-protection\/","url":"https:\/\/worldvapersalliance.com\/proposed-vaping-flavour-restrictions-in-the-eu-a-missed-opportunity-for-effective-youth-protection\/","name":"En missad m\u00f6jlighet till effektivt ungdomsskydd","isPartOf":{"@id":"https:\/\/worldvapersalliance.com\/#website"},"primaryImageOfPage":{"@id":"https:\/\/worldvapersalliance.com\/proposed-vaping-flavour-restrictions-in-the-eu-a-missed-opportunity-for-effective-youth-protection\/#primaryimage"},"image":{"@id":"https:\/\/worldvapersalliance.com\/proposed-vaping-flavour-restrictions-in-the-eu-a-missed-opportunity-for-effective-youth-protection\/#primaryimage"},"thumbnailUrl":"https:\/\/worldvapersalliance.com\/wp-content\/uploads\/2022\/10\/WVA_Press-Release_Cover-new.png","datePublished":"2023-08-14T11:54:29+00:00","dateModified":"2023-08-14T11:55:06+00:00","description":"Rapporter fr\u00e5n Politico idag tyder p\u00e5 potentiellt str\u00e4ngare regleringar av vaping-smaker inom Europeiska unionen.","inLanguage":"sv-SE","potentialAction":[{"@type":"ReadAction","target":["https:\/\/worldvapersalliance.com\/proposed-vaping-flavour-restrictions-in-the-eu-a-missed-opportunity-for-effective-youth-protection\/"]}]},{"@type":"ImageObject","inLanguage":"sv-SE","@id":"https:\/\/worldvapersalliance.com\/proposed-vaping-flavour-restrictions-in-the-eu-a-missed-opportunity-for-effective-youth-protection\/#primaryimage","url":"https:\/\/worldvapersalliance.com\/wp-content\/uploads\/2022\/10\/WVA_Press-Release_Cover-new.png","contentUrl":"https:\/\/worldvapersalliance.com\/wp-content\/uploads\/2022\/10\/WVA_Press-Release_Cover-new.png","width":4162,"height":3840},{"@type":"WebSite","@id":"https:\/\/worldvapersalliance.com\/#website","url":"https:\/\/worldvapersalliance.com\/","name":"World Vapers&#039; Alliance","description":"Den st\u00f6rsta gemenskapen av vapers","publisher":{"@id":"https:\/\/worldvapersalliance.com\/#organization"},"potentialAction":[{"@type":"SearchAction","target":{"@type":"EntryPoint","urlTemplate":"https:\/\/worldvapersalliance.com\/?s={search_term_string}"},"query-input":{"@type":"PropertyValueSpecification","valueRequired":true,"valueName":"search_term_string"}}],"inLanguage":"sv-SE"},{"@type":"Organization","@id":"https:\/\/worldvapersalliance.com\/#organization","name":"World Vapers&#039; Alliance","url":"https:\/\/worldvapersalliance.com\/","logo":{"@type":"ImageObject","inLanguage":"sv-SE","@id":"https:\/\/worldvapersalliance.com\/#\/schema\/logo\/image\/","url":"https:\/\/worldvapersalliance.com\/wp-content\/uploads\/2022\/01\/WVA_RB_Fist_G.png","contentUrl":"https:\/\/worldvapersalliance.com\/wp-content\/uploads\/2022\/01\/WVA_RB_Fist_G.png","width":985,"height":1177,"caption":"World Vapers&#039; Alliance"},"image":{"@id":"https:\/\/worldvapersalliance.com\/#\/schema\/logo\/image\/"}},{"@type":"Person","@id":"https:\/\/worldvapersalliance.com\/#\/schema\/person\/18484a6f20bcc6f70a2419c8babe017d","name":"World Vapers&#039; Alliance","image":{"@type":"ImageObject","inLanguage":"sv-SE","@id":"https:\/\/secure.gravatar.com\/avatar\/456bf795c7a47c9ac527a94da4bff150aa49e48726d69bee9937f8383cffa246?s=96&d=mm&r=g","url":"https:\/\/secure.gravatar.com\/avatar\/456bf795c7a47c9ac527a94da4bff150aa49e48726d69bee9937f8383cffa246?s=96&d=mm&r=g","contentUrl":"https:\/\/secure.gravatar.com\/avatar\/456bf795c7a47c9ac527a94da4bff150aa49e48726d69bee9937f8383cffa246?s=96&d=mm&r=g","caption":"World Vapers' Alliance"},"url":"https:\/\/worldvapersalliance.com\/sv\/author\/wva\/"}]}},"_links":{"self":[{"href":"https:\/\/worldvapersalliance.com\/sv\/wp-json\/wp\/v2\/posts\/4515","targetHints":{"allow":["GET"]}}],"collection":[{"href":"https:\/\/worldvapersalliance.com\/sv\/wp-json\/wp\/v2\/posts"}],"about":[{"href":"https:\/\/worldvapersalliance.com\/sv\/wp-json\/wp\/v2\/types\/post"}],"author":[{"embeddable":true,"href":"https:\/\/worldvapersalliance.com\/sv\/wp-json\/wp\/v2\/users\/11"}],"replies":[{"embeddable":true,"href":"https:\/\/worldvapersalliance.com\/sv\/wp-json\/wp\/v2\/comments?post=4515"}],"version-history":[{"count":0,"href":"https:\/\/worldvapersalliance.com\/sv\/wp-json\/wp\/v2\/posts\/4515\/revisions"}],"wp:featuredmedia":[{"embeddable":true,"href":"https:\/\/worldvapersalliance.com\/sv\/wp-json\/wp\/v2\/media\/3245"}],"wp:attachment":[{"href":"https:\/\/worldvapersalliance.com\/sv\/wp-json\/wp\/v2\/media?parent=4515"}],"wp:term":[{"taxonomy":"category","embeddable":true,"href":"https:\/\/worldvapersalliance.com\/sv\/wp-json\/wp\/v2\/categories?post=4515"},{"taxonomy":"post_tag","embeddable":true,"href":"https:\/\/worldvapersalliance.com\/sv\/wp-json\/wp\/v2\/tags?post=4515"}],"curies":[{"name":"wp","href":"https:\/\/api.w.org\/{rel}","templated":true}]}}