{"id":4384,"date":"2023-06-03T08:41:02","date_gmt":"2023-06-03T12:41:02","guid":{"rendered":"https:\/\/worldvapersalliance.com\/?p=4384"},"modified":"2023-06-12T08:44:07","modified_gmt":"2023-06-12T12:44:07","slug":"meps-call-for-the-eu-to-adopt-the-swedish-harm-reduction-model-2","status":"publish","type":"post","link":"https:\/\/worldvapersalliance.com\/sv\/meps-call-for-the-eu-to-adopt-the-swedish-harm-reduction-model-2\/","title":{"rendered":"Ledam\u00f6terna uppmanar EU att anta den svenska skademinskningsmodellen"},"content":{"rendered":"<h4><strong>P\u00e5 V\u00e4rldsdagen f\u00f6r r\u00f6kfria personer uttryckte ledam\u00f6ter i Europaparlamentet sin oro \u00f6ver EU:s strategi f\u00f6r r\u00f6kavv\u00e4njning och betonade behovet av en f\u00f6rnuftig, riskbaserad strategi, i linje med den svenska r\u00f6kfria politiken. Ledam\u00f6terna Charlie Weimers och Johan Nissinen efterlyste en mer \u00f6ppen strategi f\u00f6r skademinskning i EU vid presskonferensen i Bryssel, som anordnades av World Vapers&#039; Alliance.<\/strong><\/h4>\n<p>\u201cDet svenska fallet utg\u00f6r den tredje och sista avg\u00f6rande pelaren i argumentet f\u00f6r skademinskning. Vetenskapen, konsumenternas erfarenheter och nu det svenska exemplet bevisar att skademinskning fungerar f\u00f6r att uppn\u00e5 ett r\u00f6kfritt samh\u00e4lle. Nu har vi ett obestridligt argument f\u00f6r att EU-omfattande reglering m\u00e5ste vara riskbaserad och evidensbaserad\u201d, s\u00e4ger Michael Landl, chef f\u00f6r World Vapers&#039; Alliance.<\/p>\n<p>\u201cPolitiken b\u00f6r vara evidensbaserad. WHO kommer snart att klassificera Sverige som Europas f\u00f6rsta r\u00f6kfria land p\u00e5 grund av skademinskande \u00e5tg\u00e4rder och utbredd anv\u00e4ndning av snus. Sverige har ett brett utbud av skademinskande produkter: vi har snus, nikotinp\u00e5sar, vaping, etc. M\u00e4nniskor ges ett val!\u201d kommenterade ledamoten Charlie Weimers. \u201cSverige minskar skador och det fungerar mycket bra\u201d, avslutade ledamoten Weimers.<\/p>\n<p>&nbsp;<\/p>\n<p>L\u00e4s hela texten <a href=\"https:\/\/www.eureporter.co\/health\/2023\/06\/03\/meps-call-for-the-eu-to-adopt-the-swedish-harm-reduction-model\/\" target=\"_blank\" rel=\"noopener\">h\u00e4r<\/a><\/p>","protected":false},"excerpt":{"rendered":"<p>On World No Tobacco Day, Members of the European Parliament expressed their concern with the EU\u2019s approach towards smoking cessation and emphasised the need for a sensible, risk-based approach, following the Swedish smoke-free policies. MEPs Charlie Weimers and Johan Nissinen called for a more open approach towards harm reduction in the EU at the press [&hellip;]<\/p>\n","protected":false},"author":11,"featured_media":6394,"comment_status":"open","ping_status":"open","sticky":false,"template":"","format":"standard","meta":{"footnotes":""},"categories":[15],"tags":[],"class_list":["post-4384","post","type-post","status-publish","format-standard","has-post-thumbnail","hentry","category-wva-in-the-news"],"yoast_head":"<!-- This site is optimized with the Yoast SEO plugin v27.3 - https:\/\/yoast.com\/product\/yoast-seo-wordpress\/ -->\n<title>MEPs call for the EU to adopt the Swedish harm reduction model - World Vapers&#039; Alliance<\/title>\n<meta name=\"robots\" content=\"index, follow, max-snippet:-1, max-image-preview:large, max-video-preview:-1\" \/>\n<link rel=\"canonical\" href=\"https:\/\/worldvapersalliance.com\/sv\/meps-call-for-the-eu-to-adopt-the-swedish-harm-reduction-model-2\/\" \/>\n<meta property=\"og:locale\" content=\"sv_SE\" \/>\n<meta property=\"og:type\" content=\"article\" \/>\n<meta property=\"og:title\" content=\"MEPs call for the EU to adopt the Swedish harm reduction model - World Vapers&#039; Alliance\" \/>\n<meta property=\"og:description\" content=\"On World No Tobacco Day, Members of the European Parliament expressed their concern with the EU\u2019s approach towards smoking cessation and emphasised the need for a sensible, risk-based approach, following the Swedish smoke-free policies. MEPs Charlie Weimers and Johan Nissinen called for a more open approach towards harm reduction in the EU at the press [&hellip;]\" \/>\n<meta property=\"og:url\" content=\"https:\/\/worldvapersalliance.com\/sv\/meps-call-for-the-eu-to-adopt-the-swedish-harm-reduction-model-2\/\" \/>\n<meta property=\"og:site_name\" content=\"World Vapers&#039; Alliance\" \/>\n<meta property=\"article:published_time\" content=\"2023-06-03T12:41:02+00:00\" \/>\n<meta property=\"article:modified_time\" content=\"2023-06-12T12:44:07+00:00\" \/>\n<meta property=\"og:image\" content=\"https:\/\/worldvapersalliance.com\/wp-content\/uploads\/2023\/06\/EU-reporter.png\" \/>\n\t<meta property=\"og:image:width\" content=\"2081\" \/>\n\t<meta property=\"og:image:height\" content=\"1920\" \/>\n\t<meta property=\"og:image:type\" content=\"image\/png\" \/>\n<meta name=\"author\" content=\"World Vapers&#039; Alliance\" \/>\n<meta name=\"twitter:card\" content=\"summary_large_image\" \/>\n<meta name=\"twitter:label1\" content=\"Skriven av\" \/>\n\t<meta name=\"twitter:data1\" content=\"World Vapers&#039; Alliance\" \/>\n\t<meta name=\"twitter:label2\" content=\"Ber\u00e4knad l\u00e4stid\" \/>\n\t<meta name=\"twitter:data2\" content=\"1 minut\" \/>\n<script type=\"application\/ld+json\" class=\"yoast-schema-graph\">{\"@context\":\"https:\\\/\\\/schema.org\",\"@graph\":[{\"@type\":\"Article\",\"@id\":\"https:\\\/\\\/worldvapersalliance.com\\\/meps-call-for-the-eu-to-adopt-the-swedish-harm-reduction-model-2\\\/#article\",\"isPartOf\":{\"@id\":\"https:\\\/\\\/worldvapersalliance.com\\\/meps-call-for-the-eu-to-adopt-the-swedish-harm-reduction-model-2\\\/\"},\"author\":{\"name\":\"World Vapers' Alliance\",\"@id\":\"https:\\\/\\\/worldvapersalliance.com\\\/#\\\/schema\\\/person\\\/18484a6f20bcc6f70a2419c8babe017d\"},\"headline\":\"MEPs call for the EU to adopt the Swedish harm reduction model\",\"datePublished\":\"2023-06-03T12:41:02+00:00\",\"dateModified\":\"2023-06-12T12:44:07+00:00\",\"mainEntityOfPage\":{\"@id\":\"https:\\\/\\\/worldvapersalliance.com\\\/meps-call-for-the-eu-to-adopt-the-swedish-harm-reduction-model-2\\\/\"},\"wordCount\":209,\"commentCount\":0,\"publisher\":{\"@id\":\"https:\\\/\\\/worldvapersalliance.com\\\/#organization\"},\"image\":{\"@id\":\"https:\\\/\\\/worldvapersalliance.com\\\/meps-call-for-the-eu-to-adopt-the-swedish-harm-reduction-model-2\\\/#primaryimage\"},\"thumbnailUrl\":\"https:\\\/\\\/worldvapersalliance.com\\\/wp-content\\\/uploads\\\/2025\\\/08\\\/WVA-in-the-news.png\",\"articleSection\":[\"WVA in the News\"],\"inLanguage\":\"sv-SE\",\"potentialAction\":[{\"@type\":\"CommentAction\",\"name\":\"Comment\",\"target\":[\"https:\\\/\\\/worldvapersalliance.com\\\/meps-call-for-the-eu-to-adopt-the-swedish-harm-reduction-model-2\\\/#respond\"]}]},{\"@type\":\"WebPage\",\"@id\":\"https:\\\/\\\/worldvapersalliance.com\\\/meps-call-for-the-eu-to-adopt-the-swedish-harm-reduction-model-2\\\/\",\"url\":\"https:\\\/\\\/worldvapersalliance.com\\\/meps-call-for-the-eu-to-adopt-the-swedish-harm-reduction-model-2\\\/\",\"name\":\"MEPs call for the EU to adopt the Swedish harm reduction model - World Vapers&#039; Alliance\",\"isPartOf\":{\"@id\":\"https:\\\/\\\/worldvapersalliance.com\\\/#website\"},\"primaryImageOfPage\":{\"@id\":\"https:\\\/\\\/worldvapersalliance.com\\\/meps-call-for-the-eu-to-adopt-the-swedish-harm-reduction-model-2\\\/#primaryimage\"},\"image\":{\"@id\":\"https:\\\/\\\/worldvapersalliance.com\\\/meps-call-for-the-eu-to-adopt-the-swedish-harm-reduction-model-2\\\/#primaryimage\"},\"thumbnailUrl\":\"https:\\\/\\\/worldvapersalliance.com\\\/wp-content\\\/uploads\\\/2025\\\/08\\\/WVA-in-the-news.png\",\"datePublished\":\"2023-06-03T12:41:02+00:00\",\"dateModified\":\"2023-06-12T12:44:07+00:00\",\"inLanguage\":\"sv-SE\",\"potentialAction\":[{\"@type\":\"ReadAction\",\"target\":[\"https:\\\/\\\/worldvapersalliance.com\\\/meps-call-for-the-eu-to-adopt-the-swedish-harm-reduction-model-2\\\/\"]}]},{\"@type\":\"ImageObject\",\"inLanguage\":\"sv-SE\",\"@id\":\"https:\\\/\\\/worldvapersalliance.com\\\/meps-call-for-the-eu-to-adopt-the-swedish-harm-reduction-model-2\\\/#primaryimage\",\"url\":\"https:\\\/\\\/worldvapersalliance.com\\\/wp-content\\\/uploads\\\/2025\\\/08\\\/WVA-in-the-news.png\",\"contentUrl\":\"https:\\\/\\\/worldvapersalliance.com\\\/wp-content\\\/uploads\\\/2025\\\/08\\\/WVA-in-the-news.png\",\"width\":1264,\"height\":848},{\"@type\":\"WebSite\",\"@id\":\"https:\\\/\\\/worldvapersalliance.com\\\/#website\",\"url\":\"https:\\\/\\\/worldvapersalliance.com\\\/\",\"name\":\"World Vapers&#039; Alliance\",\"description\":\"The largest community of vapers\",\"publisher\":{\"@id\":\"https:\\\/\\\/worldvapersalliance.com\\\/#organization\"},\"potentialAction\":[{\"@type\":\"SearchAction\",\"target\":{\"@type\":\"EntryPoint\",\"urlTemplate\":\"https:\\\/\\\/worldvapersalliance.com\\\/?s={search_term_string}\"},\"query-input\":{\"@type\":\"PropertyValueSpecification\",\"valueRequired\":true,\"valueName\":\"search_term_string\"}}],\"inLanguage\":\"sv-SE\"},{\"@type\":\"Organization\",\"@id\":\"https:\\\/\\\/worldvapersalliance.com\\\/#organization\",\"name\":\"World Vapers&#039; Alliance\",\"url\":\"https:\\\/\\\/worldvapersalliance.com\\\/\",\"logo\":{\"@type\":\"ImageObject\",\"inLanguage\":\"sv-SE\",\"@id\":\"https:\\\/\\\/worldvapersalliance.com\\\/#\\\/schema\\\/logo\\\/image\\\/\",\"url\":\"https:\\\/\\\/worldvapersalliance.com\\\/wp-content\\\/uploads\\\/2022\\\/01\\\/WVA_RB_Fist_G.png\",\"contentUrl\":\"https:\\\/\\\/worldvapersalliance.com\\\/wp-content\\\/uploads\\\/2022\\\/01\\\/WVA_RB_Fist_G.png\",\"width\":985,\"height\":1177,\"caption\":\"World Vapers&#039; Alliance\"},\"image\":{\"@id\":\"https:\\\/\\\/worldvapersalliance.com\\\/#\\\/schema\\\/logo\\\/image\\\/\"}},{\"@type\":\"Person\",\"@id\":\"https:\\\/\\\/worldvapersalliance.com\\\/#\\\/schema\\\/person\\\/18484a6f20bcc6f70a2419c8babe017d\",\"name\":\"World Vapers' Alliance\",\"image\":{\"@type\":\"ImageObject\",\"inLanguage\":\"sv-SE\",\"@id\":\"https:\\\/\\\/secure.gravatar.com\\\/avatar\\\/456bf795c7a47c9ac527a94da4bff150aa49e48726d69bee9937f8383cffa246?s=96&d=mm&r=g\",\"url\":\"https:\\\/\\\/secure.gravatar.com\\\/avatar\\\/456bf795c7a47c9ac527a94da4bff150aa49e48726d69bee9937f8383cffa246?s=96&d=mm&r=g\",\"contentUrl\":\"https:\\\/\\\/secure.gravatar.com\\\/avatar\\\/456bf795c7a47c9ac527a94da4bff150aa49e48726d69bee9937f8383cffa246?s=96&d=mm&r=g\",\"caption\":\"World Vapers' Alliance\"},\"url\":\"https:\\\/\\\/worldvapersalliance.com\\\/sv\\\/author\\\/wva\\\/\"}]}<\/script>\n<!-- \/ Yoast SEO plugin. -->","yoast_head_json":{"title":"Ledam\u00f6terna uppmanar EU att anta den svenska skademinskningsmodellen - World Vapers&#039; Alliance","robots":{"index":"index","follow":"follow","max-snippet":"max-snippet:-1","max-image-preview":"max-image-preview:large","max-video-preview":"max-video-preview:-1"},"canonical":"https:\/\/worldvapersalliance.com\/sv\/meps-call-for-the-eu-to-adopt-the-swedish-harm-reduction-model-2\/","og_locale":"sv_SE","og_type":"article","og_title":"MEPs call for the EU to adopt the Swedish harm reduction model - World Vapers&#039; Alliance","og_description":"On World No Tobacco Day, Members of the European Parliament expressed their concern with the EU\u2019s approach towards smoking cessation and emphasised the need for a sensible, risk-based approach, following the Swedish smoke-free policies. MEPs Charlie Weimers and Johan Nissinen called for a more open approach towards harm reduction in the EU at the press [&hellip;]","og_url":"https:\/\/worldvapersalliance.com\/sv\/meps-call-for-the-eu-to-adopt-the-swedish-harm-reduction-model-2\/","og_site_name":"World Vapers&#039; Alliance","article_published_time":"2023-06-03T12:41:02+00:00","article_modified_time":"2023-06-12T12:44:07+00:00","og_image":[{"width":2081,"height":1920,"url":"https:\/\/worldvapersalliance.com\/wp-content\/uploads\/2023\/06\/EU-reporter.png","type":"image\/png"}],"author":"World Vapers' Alliance","twitter_card":"summary_large_image","twitter_misc":{"Skriven av":"World Vapers' Alliance","Ber\u00e4knad l\u00e4stid":"1 minut"},"schema":{"@context":"https:\/\/schema.org","@graph":[{"@type":"Article","@id":"https:\/\/worldvapersalliance.com\/meps-call-for-the-eu-to-adopt-the-swedish-harm-reduction-model-2\/#article","isPartOf":{"@id":"https:\/\/worldvapersalliance.com\/meps-call-for-the-eu-to-adopt-the-swedish-harm-reduction-model-2\/"},"author":{"name":"World Vapers' Alliance","@id":"https:\/\/worldvapersalliance.com\/#\/schema\/person\/18484a6f20bcc6f70a2419c8babe017d"},"headline":"MEPs call for the EU to adopt the Swedish harm reduction model","datePublished":"2023-06-03T12:41:02+00:00","dateModified":"2023-06-12T12:44:07+00:00","mainEntityOfPage":{"@id":"https:\/\/worldvapersalliance.com\/meps-call-for-the-eu-to-adopt-the-swedish-harm-reduction-model-2\/"},"wordCount":209,"commentCount":0,"publisher":{"@id":"https:\/\/worldvapersalliance.com\/#organization"},"image":{"@id":"https:\/\/worldvapersalliance.com\/meps-call-for-the-eu-to-adopt-the-swedish-harm-reduction-model-2\/#primaryimage"},"thumbnailUrl":"https:\/\/worldvapersalliance.com\/wp-content\/uploads\/2025\/08\/WVA-in-the-news.png","articleSection":["WVA in the News"],"inLanguage":"sv-SE","potentialAction":[{"@type":"CommentAction","name":"Comment","target":["https:\/\/worldvapersalliance.com\/meps-call-for-the-eu-to-adopt-the-swedish-harm-reduction-model-2\/#respond"]}]},{"@type":"WebPage","@id":"https:\/\/worldvapersalliance.com\/meps-call-for-the-eu-to-adopt-the-swedish-harm-reduction-model-2\/","url":"https:\/\/worldvapersalliance.com\/meps-call-for-the-eu-to-adopt-the-swedish-harm-reduction-model-2\/","name":"Ledam\u00f6terna uppmanar EU att anta den svenska skademinskningsmodellen - World Vapers&#039; Alliance","isPartOf":{"@id":"https:\/\/worldvapersalliance.com\/#website"},"primaryImageOfPage":{"@id":"https:\/\/worldvapersalliance.com\/meps-call-for-the-eu-to-adopt-the-swedish-harm-reduction-model-2\/#primaryimage"},"image":{"@id":"https:\/\/worldvapersalliance.com\/meps-call-for-the-eu-to-adopt-the-swedish-harm-reduction-model-2\/#primaryimage"},"thumbnailUrl":"https:\/\/worldvapersalliance.com\/wp-content\/uploads\/2025\/08\/WVA-in-the-news.png","datePublished":"2023-06-03T12:41:02+00:00","dateModified":"2023-06-12T12:44:07+00:00","inLanguage":"sv-SE","potentialAction":[{"@type":"ReadAction","target":["https:\/\/worldvapersalliance.com\/meps-call-for-the-eu-to-adopt-the-swedish-harm-reduction-model-2\/"]}]},{"@type":"ImageObject","inLanguage":"sv-SE","@id":"https:\/\/worldvapersalliance.com\/meps-call-for-the-eu-to-adopt-the-swedish-harm-reduction-model-2\/#primaryimage","url":"https:\/\/worldvapersalliance.com\/wp-content\/uploads\/2025\/08\/WVA-in-the-news.png","contentUrl":"https:\/\/worldvapersalliance.com\/wp-content\/uploads\/2025\/08\/WVA-in-the-news.png","width":1264,"height":848},{"@type":"WebSite","@id":"https:\/\/worldvapersalliance.com\/#website","url":"https:\/\/worldvapersalliance.com\/","name":"World Vapers&#039; Alliance","description":"Den st\u00f6rsta gemenskapen av vapers","publisher":{"@id":"https:\/\/worldvapersalliance.com\/#organization"},"potentialAction":[{"@type":"SearchAction","target":{"@type":"EntryPoint","urlTemplate":"https:\/\/worldvapersalliance.com\/?s={search_term_string}"},"query-input":{"@type":"PropertyValueSpecification","valueRequired":true,"valueName":"search_term_string"}}],"inLanguage":"sv-SE"},{"@type":"Organization","@id":"https:\/\/worldvapersalliance.com\/#organization","name":"World Vapers&#039; Alliance","url":"https:\/\/worldvapersalliance.com\/","logo":{"@type":"ImageObject","inLanguage":"sv-SE","@id":"https:\/\/worldvapersalliance.com\/#\/schema\/logo\/image\/","url":"https:\/\/worldvapersalliance.com\/wp-content\/uploads\/2022\/01\/WVA_RB_Fist_G.png","contentUrl":"https:\/\/worldvapersalliance.com\/wp-content\/uploads\/2022\/01\/WVA_RB_Fist_G.png","width":985,"height":1177,"caption":"World Vapers&#039; Alliance"},"image":{"@id":"https:\/\/worldvapersalliance.com\/#\/schema\/logo\/image\/"}},{"@type":"Person","@id":"https:\/\/worldvapersalliance.com\/#\/schema\/person\/18484a6f20bcc6f70a2419c8babe017d","name":"World Vapers&#039; Alliance","image":{"@type":"ImageObject","inLanguage":"sv-SE","@id":"https:\/\/secure.gravatar.com\/avatar\/456bf795c7a47c9ac527a94da4bff150aa49e48726d69bee9937f8383cffa246?s=96&d=mm&r=g","url":"https:\/\/secure.gravatar.com\/avatar\/456bf795c7a47c9ac527a94da4bff150aa49e48726d69bee9937f8383cffa246?s=96&d=mm&r=g","contentUrl":"https:\/\/secure.gravatar.com\/avatar\/456bf795c7a47c9ac527a94da4bff150aa49e48726d69bee9937f8383cffa246?s=96&d=mm&r=g","caption":"World Vapers' Alliance"},"url":"https:\/\/worldvapersalliance.com\/sv\/author\/wva\/"}]}},"_links":{"self":[{"href":"https:\/\/worldvapersalliance.com\/sv\/wp-json\/wp\/v2\/posts\/4384","targetHints":{"allow":["GET"]}}],"collection":[{"href":"https:\/\/worldvapersalliance.com\/sv\/wp-json\/wp\/v2\/posts"}],"about":[{"href":"https:\/\/worldvapersalliance.com\/sv\/wp-json\/wp\/v2\/types\/post"}],"author":[{"embeddable":true,"href":"https:\/\/worldvapersalliance.com\/sv\/wp-json\/wp\/v2\/users\/11"}],"replies":[{"embeddable":true,"href":"https:\/\/worldvapersalliance.com\/sv\/wp-json\/wp\/v2\/comments?post=4384"}],"version-history":[{"count":0,"href":"https:\/\/worldvapersalliance.com\/sv\/wp-json\/wp\/v2\/posts\/4384\/revisions"}],"wp:featuredmedia":[{"embeddable":true,"href":"https:\/\/worldvapersalliance.com\/sv\/wp-json\/wp\/v2\/media\/6394"}],"wp:attachment":[{"href":"https:\/\/worldvapersalliance.com\/sv\/wp-json\/wp\/v2\/media?parent=4384"}],"wp:term":[{"taxonomy":"category","embeddable":true,"href":"https:\/\/worldvapersalliance.com\/sv\/wp-json\/wp\/v2\/categories?post=4384"},{"taxonomy":"post_tag","embeddable":true,"href":"https:\/\/worldvapersalliance.com\/sv\/wp-json\/wp\/v2\/tags?post=4384"}],"curies":[{"name":"wp","href":"https:\/\/api.w.org\/{rel}","templated":true}]}}