{"id":1665,"date":"2022-07-03T04:18:53","date_gmt":"2022-07-03T08:18:53","guid":{"rendered":"https:\/\/worldvapersalliance.com\/?p=1665"},"modified":"2022-08-05T05:16:50","modified_gmt":"2022-08-05T09:16:50","slug":"how-is-europe-facing-the-fast-growing-e-cigarette-market","status":"publish","type":"post","link":"https:\/\/worldvapersalliance.com\/sv\/how-is-europe-facing-the-fast-growing-e-cigarette-market\/","title":{"rendered":"Hur st\u00e5r Europa inf\u00f6r den snabbt v\u00e4xande marknaden f\u00f6r e-cigaretter?"},"content":{"rendered":"<h4>Vapingskatt i Tyskland: En \u00f6kning fr\u00e5n 2022<\/h4>\n<p>I Tyskland kommer vapers att se sina <a href=\"https:\/\/cakvape.com\/\"><strong>vapingprodukter<\/strong><\/a> \u00f6ka till 2022. Med hur mycket?<\/p>\n<h5><strong>Den f\u00f6rsta \u00f6kningen p\u00e5 ett decennium<\/strong><\/h5>\n<p>I april f\u00f6rra \u00e5ret lade den tyska regeringen fram ett nytt skattef\u00f6rslag f\u00f6r tobaks- och nikotinprodukter. \u00c4ndringen, som tr\u00e4der i kraft den 1 juli 2022, kommer att uppdatera skatterna p\u00e5 tobaksprodukter, inklusive vape-produkter, f\u00f6r f\u00f6rsta g\u00e5ngen p\u00e5 ett decennium.<\/p>\n<p>Om ett \u00e5r, och fram till 2023, kommer nikotinprodukter att beskattas med 0,02 euro per milligram nikotinalkaloider och \u00e4ndras till 0,04 euro per milligram \u00e5r 2024. D\u00e4refter l\u00e4ggs 15 cent till \u00e5r 2025 och 2026.<\/p>\n<p>D\u00e4rf\u00f6r kommer en 10 ml flaska e-v\u00e4tska som f\u00f6r n\u00e4rvarande kostar 5 euro att kosta 1,60 euro mer \u00e5r 2022 och 3,20 euro \u00e5r 2026.<\/p>\n<h5><strong>En betydande risk f\u00f6r den tyska folkh\u00e4lsan<\/strong><\/h5>\n<p>Enligt den internationella f\u00f6reningen f\u00f6r f\u00f6rsvaret av vapen\u00a0<a href=\"https:\/\/worldvapersalliance.com\/sv\/\" target=\"_blank\" rel=\"noreferrer noopener nofollow\"><u><strong>V\u00e4rldsalliansen f\u00f6r vapers (WVA)<\/strong><\/u><\/a>, kan h\u00f6jningen av skatten p\u00e5 vapingprodukter avskr\u00e4cka r\u00f6kare fr\u00e5n att p\u00e5b\u00f6rja en r\u00f6kavv\u00e4njningsprocess. Dess ordf\u00f6rande, Michael Landl, anser att \u201calla som vill avsev\u00e4rt minska de folkh\u00e4lsoskador som r\u00f6kning orsakar m\u00e5ste g\u00f6ra tillg\u00e5ngen till vapingprodukter enklare, inte sv\u00e5rare. Vaping \u00e4r mindre skadligt \u00e4n r\u00f6kning och rekommenderas av h\u00e4lsov\u00e5rdsmyndigheter i Storbritannien, Frankrike och Kanada f\u00f6r r\u00f6kavv\u00e4njning. Tyskland b\u00f6r f\u00f6lja dessa l\u00e4nders exempel ist\u00e4llet f\u00f6r att starta ett krig mot vaping. Vaping kan f\u00f6rb\u00e4ttra livet f\u00f6r m\u00e5nga r\u00f6kare och d\u00e4rf\u00f6r m\u00e5ste dessa produkter forts\u00e4tta att vara \u00f6verkomliga. Ett \u00e5terfall till cigarettr\u00f6kning f\u00f6r upp till tv\u00e5 miljoner vapinganv\u00e4ndare skulle f\u00e5 d\u00f6dliga effekter p\u00e5 folkh\u00e4lsan.\u201d<\/p>\n<p>&nbsp;<\/p>\n<p>L\u00e4s hela texten <a href=\"https:\/\/cakvape.com\/how-is-europe-facing-the-fast-growing-e-cigarette-market\/\">h\u00e4r<\/a><\/p>","protected":false},"excerpt":{"rendered":"<p>Vaping Tax In Germany: An Increase From 2022 In Germany, vapers will see their vaping products increase by 2022. By how much? The First Increase In A Decade Last April, the German government tabled a new tax proposal dedicated to tobacco and nicotine products. The amendment that would come into force on July 1, 2022, [&hellip;]<\/p>\n","protected":false},"author":11,"featured_media":6394,"comment_status":"open","ping_status":"open","sticky":false,"template":"","format":"standard","meta":{"footnotes":""},"categories":[15],"tags":[],"class_list":["post-1665","post","type-post","status-publish","format-standard","has-post-thumbnail","hentry","category-wva-in-the-news"],"yoast_head":"<!-- This site is optimized with the Yoast SEO plugin v27.3 - https:\/\/yoast.com\/product\/yoast-seo-wordpress\/ -->\n<title>How is Europe Facing the Fast-Growing E-cigarette Market? - World Vapers&#039; Alliance<\/title>\n<meta name=\"robots\" content=\"index, follow, max-snippet:-1, max-image-preview:large, max-video-preview:-1\" \/>\n<link rel=\"canonical\" href=\"https:\/\/worldvapersalliance.com\/sv\/how-is-europe-facing-the-fast-growing-e-cigarette-market\/\" \/>\n<meta property=\"og:locale\" content=\"sv_SE\" \/>\n<meta property=\"og:type\" content=\"article\" \/>\n<meta property=\"og:title\" content=\"How is Europe Facing the Fast-Growing E-cigarette Market? - World Vapers&#039; Alliance\" \/>\n<meta property=\"og:description\" content=\"Vaping Tax In Germany: An Increase From 2022 In Germany, vapers will see their vaping products increase by 2022. By how much? The First Increase In A Decade Last April, the German government tabled a new tax proposal dedicated to tobacco and nicotine products. The amendment that would come into force on July 1, 2022, [&hellip;]\" \/>\n<meta property=\"og:url\" content=\"https:\/\/worldvapersalliance.com\/sv\/how-is-europe-facing-the-fast-growing-e-cigarette-market\/\" \/>\n<meta property=\"og:site_name\" content=\"World Vapers&#039; Alliance\" \/>\n<meta property=\"article:published_time\" content=\"2022-07-03T08:18:53+00:00\" \/>\n<meta property=\"article:modified_time\" content=\"2022-08-05T09:16:50+00:00\" \/>\n<meta property=\"og:image\" content=\"https:\/\/worldvapersalliance.com\/wp-content\/uploads\/2022\/08\/cak-vape.png\" \/>\n\t<meta property=\"og:image:width\" content=\"2081\" \/>\n\t<meta property=\"og:image:height\" content=\"1920\" \/>\n\t<meta property=\"og:image:type\" content=\"image\/png\" \/>\n<meta name=\"author\" content=\"World Vapers&#039; Alliance\" \/>\n<meta name=\"twitter:card\" content=\"summary_large_image\" \/>\n<meta name=\"twitter:label1\" content=\"Skriven av\" \/>\n\t<meta name=\"twitter:data1\" content=\"World Vapers&#039; Alliance\" \/>\n\t<meta name=\"twitter:label2\" content=\"Ber\u00e4knad l\u00e4stid\" \/>\n\t<meta name=\"twitter:data2\" content=\"2 minuter\" \/>\n<script type=\"application\/ld+json\" class=\"yoast-schema-graph\">{\"@context\":\"https:\\\/\\\/schema.org\",\"@graph\":[{\"@type\":\"Article\",\"@id\":\"https:\\\/\\\/worldvapersalliance.com\\\/how-is-europe-facing-the-fast-growing-e-cigarette-market\\\/#article\",\"isPartOf\":{\"@id\":\"https:\\\/\\\/worldvapersalliance.com\\\/how-is-europe-facing-the-fast-growing-e-cigarette-market\\\/\"},\"author\":{\"name\":\"World Vapers' Alliance\",\"@id\":\"https:\\\/\\\/worldvapersalliance.com\\\/#\\\/schema\\\/person\\\/18484a6f20bcc6f70a2419c8babe017d\"},\"headline\":\"How is Europe Facing the Fast-Growing E-cigarette Market?\",\"datePublished\":\"2022-07-03T08:18:53+00:00\",\"dateModified\":\"2022-08-05T09:16:50+00:00\",\"mainEntityOfPage\":{\"@id\":\"https:\\\/\\\/worldvapersalliance.com\\\/how-is-europe-facing-the-fast-growing-e-cigarette-market\\\/\"},\"wordCount\":268,\"commentCount\":0,\"publisher\":{\"@id\":\"https:\\\/\\\/worldvapersalliance.com\\\/#organization\"},\"image\":{\"@id\":\"https:\\\/\\\/worldvapersalliance.com\\\/how-is-europe-facing-the-fast-growing-e-cigarette-market\\\/#primaryimage\"},\"thumbnailUrl\":\"https:\\\/\\\/worldvapersalliance.com\\\/wp-content\\\/uploads\\\/2025\\\/08\\\/WVA-in-the-news.png\",\"articleSection\":[\"WVA in the News\"],\"inLanguage\":\"sv-SE\",\"potentialAction\":[{\"@type\":\"CommentAction\",\"name\":\"Comment\",\"target\":[\"https:\\\/\\\/worldvapersalliance.com\\\/how-is-europe-facing-the-fast-growing-e-cigarette-market\\\/#respond\"]}]},{\"@type\":\"WebPage\",\"@id\":\"https:\\\/\\\/worldvapersalliance.com\\\/how-is-europe-facing-the-fast-growing-e-cigarette-market\\\/\",\"url\":\"https:\\\/\\\/worldvapersalliance.com\\\/how-is-europe-facing-the-fast-growing-e-cigarette-market\\\/\",\"name\":\"How is Europe Facing the Fast-Growing E-cigarette Market? - World Vapers&#039; Alliance\",\"isPartOf\":{\"@id\":\"https:\\\/\\\/worldvapersalliance.com\\\/#website\"},\"primaryImageOfPage\":{\"@id\":\"https:\\\/\\\/worldvapersalliance.com\\\/how-is-europe-facing-the-fast-growing-e-cigarette-market\\\/#primaryimage\"},\"image\":{\"@id\":\"https:\\\/\\\/worldvapersalliance.com\\\/how-is-europe-facing-the-fast-growing-e-cigarette-market\\\/#primaryimage\"},\"thumbnailUrl\":\"https:\\\/\\\/worldvapersalliance.com\\\/wp-content\\\/uploads\\\/2025\\\/08\\\/WVA-in-the-news.png\",\"datePublished\":\"2022-07-03T08:18:53+00:00\",\"dateModified\":\"2022-08-05T09:16:50+00:00\",\"inLanguage\":\"sv-SE\",\"potentialAction\":[{\"@type\":\"ReadAction\",\"target\":[\"https:\\\/\\\/worldvapersalliance.com\\\/how-is-europe-facing-the-fast-growing-e-cigarette-market\\\/\"]}]},{\"@type\":\"ImageObject\",\"inLanguage\":\"sv-SE\",\"@id\":\"https:\\\/\\\/worldvapersalliance.com\\\/how-is-europe-facing-the-fast-growing-e-cigarette-market\\\/#primaryimage\",\"url\":\"https:\\\/\\\/worldvapersalliance.com\\\/wp-content\\\/uploads\\\/2025\\\/08\\\/WVA-in-the-news.png\",\"contentUrl\":\"https:\\\/\\\/worldvapersalliance.com\\\/wp-content\\\/uploads\\\/2025\\\/08\\\/WVA-in-the-news.png\",\"width\":1264,\"height\":848},{\"@type\":\"WebSite\",\"@id\":\"https:\\\/\\\/worldvapersalliance.com\\\/#website\",\"url\":\"https:\\\/\\\/worldvapersalliance.com\\\/\",\"name\":\"World Vapers&#039; Alliance\",\"description\":\"The largest community of vapers\",\"publisher\":{\"@id\":\"https:\\\/\\\/worldvapersalliance.com\\\/#organization\"},\"potentialAction\":[{\"@type\":\"SearchAction\",\"target\":{\"@type\":\"EntryPoint\",\"urlTemplate\":\"https:\\\/\\\/worldvapersalliance.com\\\/?s={search_term_string}\"},\"query-input\":{\"@type\":\"PropertyValueSpecification\",\"valueRequired\":true,\"valueName\":\"search_term_string\"}}],\"inLanguage\":\"sv-SE\"},{\"@type\":\"Organization\",\"@id\":\"https:\\\/\\\/worldvapersalliance.com\\\/#organization\",\"name\":\"World Vapers&#039; Alliance\",\"url\":\"https:\\\/\\\/worldvapersalliance.com\\\/\",\"logo\":{\"@type\":\"ImageObject\",\"inLanguage\":\"sv-SE\",\"@id\":\"https:\\\/\\\/worldvapersalliance.com\\\/#\\\/schema\\\/logo\\\/image\\\/\",\"url\":\"https:\\\/\\\/worldvapersalliance.com\\\/wp-content\\\/uploads\\\/2022\\\/01\\\/WVA_RB_Fist_G.png\",\"contentUrl\":\"https:\\\/\\\/worldvapersalliance.com\\\/wp-content\\\/uploads\\\/2022\\\/01\\\/WVA_RB_Fist_G.png\",\"width\":985,\"height\":1177,\"caption\":\"World Vapers&#039; Alliance\"},\"image\":{\"@id\":\"https:\\\/\\\/worldvapersalliance.com\\\/#\\\/schema\\\/logo\\\/image\\\/\"}},{\"@type\":\"Person\",\"@id\":\"https:\\\/\\\/worldvapersalliance.com\\\/#\\\/schema\\\/person\\\/18484a6f20bcc6f70a2419c8babe017d\",\"name\":\"World Vapers' Alliance\",\"image\":{\"@type\":\"ImageObject\",\"inLanguage\":\"sv-SE\",\"@id\":\"https:\\\/\\\/secure.gravatar.com\\\/avatar\\\/456bf795c7a47c9ac527a94da4bff150aa49e48726d69bee9937f8383cffa246?s=96&d=mm&r=g\",\"url\":\"https:\\\/\\\/secure.gravatar.com\\\/avatar\\\/456bf795c7a47c9ac527a94da4bff150aa49e48726d69bee9937f8383cffa246?s=96&d=mm&r=g\",\"contentUrl\":\"https:\\\/\\\/secure.gravatar.com\\\/avatar\\\/456bf795c7a47c9ac527a94da4bff150aa49e48726d69bee9937f8383cffa246?s=96&d=mm&r=g\",\"caption\":\"World Vapers' Alliance\"},\"url\":\"https:\\\/\\\/worldvapersalliance.com\\\/sv\\\/author\\\/wva\\\/\"}]}<\/script>\n<!-- \/ Yoast SEO plugin. -->","yoast_head_json":{"title":"Hur st\u00e5r Europa inf\u00f6r den snabbt v\u00e4xande e-cigarettmarknaden? - World Vapers&#039; Alliance","robots":{"index":"index","follow":"follow","max-snippet":"max-snippet:-1","max-image-preview":"max-image-preview:large","max-video-preview":"max-video-preview:-1"},"canonical":"https:\/\/worldvapersalliance.com\/sv\/how-is-europe-facing-the-fast-growing-e-cigarette-market\/","og_locale":"sv_SE","og_type":"article","og_title":"How is Europe Facing the Fast-Growing E-cigarette Market? - World Vapers&#039; Alliance","og_description":"Vaping Tax In Germany: An Increase From 2022 In Germany, vapers will see their vaping products increase by 2022. By how much? The First Increase In A Decade Last April, the German government tabled a new tax proposal dedicated to tobacco and nicotine products. The amendment that would come into force on July 1, 2022, [&hellip;]","og_url":"https:\/\/worldvapersalliance.com\/sv\/how-is-europe-facing-the-fast-growing-e-cigarette-market\/","og_site_name":"World Vapers&#039; Alliance","article_published_time":"2022-07-03T08:18:53+00:00","article_modified_time":"2022-08-05T09:16:50+00:00","og_image":[{"width":2081,"height":1920,"url":"https:\/\/worldvapersalliance.com\/wp-content\/uploads\/2022\/08\/cak-vape.png","type":"image\/png"}],"author":"World Vapers' Alliance","twitter_card":"summary_large_image","twitter_misc":{"Skriven av":"World Vapers' Alliance","Ber\u00e4knad l\u00e4stid":"2 minuter"},"schema":{"@context":"https:\/\/schema.org","@graph":[{"@type":"Article","@id":"https:\/\/worldvapersalliance.com\/how-is-europe-facing-the-fast-growing-e-cigarette-market\/#article","isPartOf":{"@id":"https:\/\/worldvapersalliance.com\/how-is-europe-facing-the-fast-growing-e-cigarette-market\/"},"author":{"name":"World Vapers' Alliance","@id":"https:\/\/worldvapersalliance.com\/#\/schema\/person\/18484a6f20bcc6f70a2419c8babe017d"},"headline":"How is Europe Facing the Fast-Growing E-cigarette Market?","datePublished":"2022-07-03T08:18:53+00:00","dateModified":"2022-08-05T09:16:50+00:00","mainEntityOfPage":{"@id":"https:\/\/worldvapersalliance.com\/how-is-europe-facing-the-fast-growing-e-cigarette-market\/"},"wordCount":268,"commentCount":0,"publisher":{"@id":"https:\/\/worldvapersalliance.com\/#organization"},"image":{"@id":"https:\/\/worldvapersalliance.com\/how-is-europe-facing-the-fast-growing-e-cigarette-market\/#primaryimage"},"thumbnailUrl":"https:\/\/worldvapersalliance.com\/wp-content\/uploads\/2025\/08\/WVA-in-the-news.png","articleSection":["WVA in the News"],"inLanguage":"sv-SE","potentialAction":[{"@type":"CommentAction","name":"Comment","target":["https:\/\/worldvapersalliance.com\/how-is-europe-facing-the-fast-growing-e-cigarette-market\/#respond"]}]},{"@type":"WebPage","@id":"https:\/\/worldvapersalliance.com\/how-is-europe-facing-the-fast-growing-e-cigarette-market\/","url":"https:\/\/worldvapersalliance.com\/how-is-europe-facing-the-fast-growing-e-cigarette-market\/","name":"Hur st\u00e5r Europa inf\u00f6r den snabbt v\u00e4xande e-cigarettmarknaden? - World Vapers&#039; Alliance","isPartOf":{"@id":"https:\/\/worldvapersalliance.com\/#website"},"primaryImageOfPage":{"@id":"https:\/\/worldvapersalliance.com\/how-is-europe-facing-the-fast-growing-e-cigarette-market\/#primaryimage"},"image":{"@id":"https:\/\/worldvapersalliance.com\/how-is-europe-facing-the-fast-growing-e-cigarette-market\/#primaryimage"},"thumbnailUrl":"https:\/\/worldvapersalliance.com\/wp-content\/uploads\/2025\/08\/WVA-in-the-news.png","datePublished":"2022-07-03T08:18:53+00:00","dateModified":"2022-08-05T09:16:50+00:00","inLanguage":"sv-SE","potentialAction":[{"@type":"ReadAction","target":["https:\/\/worldvapersalliance.com\/how-is-europe-facing-the-fast-growing-e-cigarette-market\/"]}]},{"@type":"ImageObject","inLanguage":"sv-SE","@id":"https:\/\/worldvapersalliance.com\/how-is-europe-facing-the-fast-growing-e-cigarette-market\/#primaryimage","url":"https:\/\/worldvapersalliance.com\/wp-content\/uploads\/2025\/08\/WVA-in-the-news.png","contentUrl":"https:\/\/worldvapersalliance.com\/wp-content\/uploads\/2025\/08\/WVA-in-the-news.png","width":1264,"height":848},{"@type":"WebSite","@id":"https:\/\/worldvapersalliance.com\/#website","url":"https:\/\/worldvapersalliance.com\/","name":"World Vapers&#039; Alliance","description":"Den st\u00f6rsta gemenskapen av vapers","publisher":{"@id":"https:\/\/worldvapersalliance.com\/#organization"},"potentialAction":[{"@type":"SearchAction","target":{"@type":"EntryPoint","urlTemplate":"https:\/\/worldvapersalliance.com\/?s={search_term_string}"},"query-input":{"@type":"PropertyValueSpecification","valueRequired":true,"valueName":"search_term_string"}}],"inLanguage":"sv-SE"},{"@type":"Organization","@id":"https:\/\/worldvapersalliance.com\/#organization","name":"World Vapers&#039; Alliance","url":"https:\/\/worldvapersalliance.com\/","logo":{"@type":"ImageObject","inLanguage":"sv-SE","@id":"https:\/\/worldvapersalliance.com\/#\/schema\/logo\/image\/","url":"https:\/\/worldvapersalliance.com\/wp-content\/uploads\/2022\/01\/WVA_RB_Fist_G.png","contentUrl":"https:\/\/worldvapersalliance.com\/wp-content\/uploads\/2022\/01\/WVA_RB_Fist_G.png","width":985,"height":1177,"caption":"World Vapers&#039; Alliance"},"image":{"@id":"https:\/\/worldvapersalliance.com\/#\/schema\/logo\/image\/"}},{"@type":"Person","@id":"https:\/\/worldvapersalliance.com\/#\/schema\/person\/18484a6f20bcc6f70a2419c8babe017d","name":"World Vapers&#039; Alliance","image":{"@type":"ImageObject","inLanguage":"sv-SE","@id":"https:\/\/secure.gravatar.com\/avatar\/456bf795c7a47c9ac527a94da4bff150aa49e48726d69bee9937f8383cffa246?s=96&d=mm&r=g","url":"https:\/\/secure.gravatar.com\/avatar\/456bf795c7a47c9ac527a94da4bff150aa49e48726d69bee9937f8383cffa246?s=96&d=mm&r=g","contentUrl":"https:\/\/secure.gravatar.com\/avatar\/456bf795c7a47c9ac527a94da4bff150aa49e48726d69bee9937f8383cffa246?s=96&d=mm&r=g","caption":"World Vapers' Alliance"},"url":"https:\/\/worldvapersalliance.com\/sv\/author\/wva\/"}]}},"_links":{"self":[{"href":"https:\/\/worldvapersalliance.com\/sv\/wp-json\/wp\/v2\/posts\/1665","targetHints":{"allow":["GET"]}}],"collection":[{"href":"https:\/\/worldvapersalliance.com\/sv\/wp-json\/wp\/v2\/posts"}],"about":[{"href":"https:\/\/worldvapersalliance.com\/sv\/wp-json\/wp\/v2\/types\/post"}],"author":[{"embeddable":true,"href":"https:\/\/worldvapersalliance.com\/sv\/wp-json\/wp\/v2\/users\/11"}],"replies":[{"embeddable":true,"href":"https:\/\/worldvapersalliance.com\/sv\/wp-json\/wp\/v2\/comments?post=1665"}],"version-history":[{"count":0,"href":"https:\/\/worldvapersalliance.com\/sv\/wp-json\/wp\/v2\/posts\/1665\/revisions"}],"wp:featuredmedia":[{"embeddable":true,"href":"https:\/\/worldvapersalliance.com\/sv\/wp-json\/wp\/v2\/media\/6394"}],"wp:attachment":[{"href":"https:\/\/worldvapersalliance.com\/sv\/wp-json\/wp\/v2\/media?parent=1665"}],"wp:term":[{"taxonomy":"category","embeddable":true,"href":"https:\/\/worldvapersalliance.com\/sv\/wp-json\/wp\/v2\/categories?post=1665"},{"taxonomy":"post_tag","embeddable":true,"href":"https:\/\/worldvapersalliance.com\/sv\/wp-json\/wp\/v2\/tags?post=1665"}],"curies":[{"name":"wp","href":"https:\/\/api.w.org\/{rel}","templated":true}]}}