{"id":1021,"date":"2022-02-28T10:58:33","date_gmt":"2022-02-28T15:58:33","guid":{"rendered":"https:\/\/cccwva.wpengine.com\/?p=1021"},"modified":"2022-04-09T03:18:12","modified_gmt":"2022-04-09T07:18:12","slug":"the-swedish-government-has-just-announced-plans-to-ban-vape-flavours","status":"publish","type":"post","link":"https:\/\/worldvapersalliance.com\/sv\/the-swedish-government-has-just-announced-plans-to-ban-vape-flavours\/","title":{"rendered":"Den svenska regeringen har precis tillk\u00e4nnagivit planer p\u00e5 att f\u00f6rbjuda vape-smaker"},"content":{"rendered":"<div class=\"edit-post-visual-editor__post-title-wrapper\">\n<div data-grammarly-part=\"button\">\n<div class=\"_1rJ5M\">\n<div class=\"_2fxoL\">\n<div><em>Sveriges socialministerium har precis tillk\u00e4nnagivit planer p\u00e5 att f\u00f6rbjuda alla vape-smaker f\u00f6rutom tobak.<\/em><\/div>\n<\/div>\n<\/div>\n<\/div>\n<\/div>\n<div class=\"is-root-container block-editor-block-list__layout\" spellcheck=\"false\" data-is-drop-zone=\"true\">\n<p id=\"block-4b82dd23-6d4a-4617-a0de-ad618c3769e4\" class=\"block-editor-rich-text__editable block-editor-block-list__block wp-block wp-block-paragraph rich-text\" tabindex=\"0\" role=\"document\" contenteditable=\"true\" aria-multiline=\"true\" aria-label=\"Styckeblock\" data-block=\"4b82dd23-6d4a-4617-a0de-ad618c3769e4\" data-type=\"core\/paragraph\" data-title=\"Paragraph\" data-empty=\"false\">Tillk\u00e4nnagivandet har s\u00e4kerligen \u00f6verraskat m\u00e5nga, s\u00e4rskilt med tanke p\u00e5 att Sverige \u00e5r 2018\u00a0<a href=\"https:\/\/www.vapingpost.com\/2018\/11\/28\/sweden-reaches-tobacco-free-target-thanks-to-snus\/\">uppn\u00e5tt r\u00f6kfri status<\/a>\u00a0genom att rekommendera anv\u00e4ndningen av en annan nikotinalternativsprodukt.<\/p>\n<p id=\"block-9c383170-5e6a-4d92-9e97-2cb1a0645fb4\" class=\"block-editor-rich-text__editable block-editor-block-list__block wp-block wp-block-paragraph rich-text\" tabindex=\"0\" role=\"document\" contenteditable=\"true\" aria-multiline=\"true\" aria-label=\"Styckeblock\" data-block=\"9c383170-5e6a-4d92-9e97-2cb1a0645fb4\" data-type=\"core\/paragraph\" data-title=\"Paragraph\" data-empty=\"false\">Ett diagram som publicerades i maj 2017 av EU som en del av en unders\u00f6kning om r\u00f6kvanor i hela unionen listade Bulgarien, Grekland och Frankrike som de l\u00e4nder med de h\u00f6gsta r\u00f6kningssiffrorna med 36%, 35% respektive 33%. L\u00e4ngst ner p\u00e5 listan l\u00e5g Nederl\u00e4nderna, Danmark och\u00a0<a href=\"https:\/\/www.vapingpost.com\/2018\/11\/21\/why-the-uks-smoking-rates-are-plummeting-faster-than-the-eus\/\">Storbritannien<\/a>, alla p\u00e5 16%, och slutligen, Sverige, p\u00e5 imponerande 5%.<\/p>\n<h2 id=\"block-fe95a75c-91c0-430f-9189-ff461cdbea5c\" class=\"block-editor-rich-text__editable block-editor-block-list__block wp-block wp-block-heading rich-text\" tabindex=\"0\" role=\"document\" contenteditable=\"true\" aria-multiline=\"true\" aria-label=\"Block: Rubrik\" data-block=\"fe95a75c-91c0-430f-9189-ff461cdbea5c\" data-type=\"core\/heading\" data-title=\"Heading\">\u00c5terupph\u00e4va dess framg\u00e5ng?<\/h2>\n<p id=\"block-f63f976f-cf02-4f9b-977e-ce95d7faa081\" class=\"block-editor-rich-text__editable block-editor-block-list__block wp-block wp-block-paragraph rich-text\" tabindex=\"0\" role=\"document\" contenteditable=\"true\" aria-multiline=\"true\" aria-label=\"Styckeblock\" data-block=\"f63f976f-cf02-4f9b-977e-ce95d7faa081\" data-type=\"core\/paragraph\" data-title=\"Paragraph\" data-empty=\"false\">Sverige \u00e4r k\u00e4nt f\u00f6r att ha uppn\u00e5tt denna status\u00a0<a href=\"https:\/\/www.vapingpost.com\/2017\/06\/28\/sweden-urged-to-own-up-to-its-successful-harm-reduction-strategy\/\">genom att anta en strategi f\u00f6r skademinskning<\/a>\u00a0till f\u00f6rm\u00e5n f\u00f6r en f\u00f6rbjudande h\u00e5llning. Den gjorde detta genom att st\u00f6dja anv\u00e4ndningen av snus f\u00f6r r\u00f6kavv\u00e4njning.<\/p>\n<p id=\"block-74bebc49-5203-4cf9-ac7b-9f6267904906\" class=\"block-editor-rich-text__editable block-editor-block-list__block wp-block wp-block-paragraph rich-text\" tabindex=\"0\" role=\"document\" contenteditable=\"true\" aria-multiline=\"true\" aria-label=\"Styckeblock\" data-block=\"74bebc49-5203-4cf9-ac7b-9f6267904906\" data-type=\"core\/paragraph\" data-title=\"Paragraph\" data-empty=\"false\">Snus \u00e4r en fuktig tobakspulverp\u00e5se som placeras under \u00f6verl\u00e4ppen under l\u00e4ngre perioder. Inom hela EU \u00e4r denna produkt endast laglig i Sverige, d\u00e4r den anses vara en effektiv skademinskande produkt. Den anv\u00e4nds dock ocks\u00e5 flitigt i Danmark och Norge. Faktum \u00e4r att snus inte bara har lett till att Sverige har de l\u00e4gsta r\u00f6kningssiffrorna i Europa, utan \u00e4nnu viktigare ocks\u00e5 till att rapportera...\u00a0<a href=\"https:\/\/www.vapingpost.com\/2022\/01\/28\/swedish-mep-criticises-eu-for-ignoring-snus-potential-to-reduce-smoking-rates\/\">l\u00e4gsta andelen lungcancer<\/a>\u00a0\u00f6ver hela kontinenten.<\/p>\n<h2 id=\"block-782785f1-acd3-407d-bbe6-32c067b8cc74\" class=\"block-editor-rich-text__editable block-editor-block-list__block wp-block wp-block-heading rich-text\" tabindex=\"0\" role=\"document\" contenteditable=\"true\" aria-multiline=\"true\" aria-label=\"Block: Rubrik\" data-block=\"782785f1-acd3-407d-bbe6-32c067b8cc74\" data-type=\"core\/heading\" data-title=\"Heading\">Ett steg bak\u00e5t<\/h2>\n<p id=\"block-116a4122-88a3-405e-b83a-8cff4767f67c\" class=\"block-editor-rich-text__editable block-editor-block-list__block wp-block wp-block-paragraph rich-text\" tabindex=\"0\" role=\"document\" contenteditable=\"true\" aria-multiline=\"true\" aria-label=\"Styckeblock\" data-block=\"116a4122-88a3-405e-b83a-8cff4767f67c\" data-type=\"core\/paragraph\" data-title=\"Paragraph\" data-empty=\"false\">I en diskussion om det planerade smakf\u00f6rbudet sa Michael Landl, chef f\u00f6r World Vapers&#039; Alliance (WVA), att om \u00e5tg\u00e4rden tr\u00e4der i kraft kan de 150 000 f\u00f6re detta r\u00f6kare i Sverige som nu vapar ist\u00e4llet...\u00a0<a href=\"https:\/\/www.vapingpost.com\/2020\/04\/20\/once-again-flavours-are-preferred-by-adults-not-just-teens\/\">tvingas byta tillbaka<\/a>\u00a0till r\u00f6kning. \u201cAtt f\u00f6rbjuda smaker skulle kunna tvinga tusentals f\u00f6re detta r\u00f6kare i Sverige att \u00e5teruppta vanan. Forskning visar att det \u00e4r mer \u00e4n dubbelt s\u00e5 sannolikt att vejpare slutar med smaker. Om de f\u00f6rbjuds skulle 150 000 vejpare \u2013 motsvarande n\u00e4stan hela Uppsalas befolkning \u2013 f\u00f6rlora sina smaker och kunna \u00e5terg\u00e5 till r\u00f6kning. Detta skulle vara ett stort bakslag i kampen mot r\u00f6kning och dess relaterade sjukdomar.\u201d<\/p>\n<p id=\"block-a99beb97-d609-43bd-bdde-f47246e6590a\" class=\"block-editor-rich-text__editable block-editor-block-list__block wp-block wp-block-paragraph rich-text\" tabindex=\"0\" role=\"document\" contenteditable=\"true\" aria-multiline=\"true\" aria-label=\"Styckeblock\" data-block=\"a99beb97-d609-43bd-bdde-f47246e6590a\" data-type=\"core\/paragraph\" data-title=\"Paragraph\" data-empty=\"false\">\u201cDet \u00e4r oroande att ett land som Sverige, k\u00e4nt f\u00f6r sin pragmatism, har en s\u00e5 h\u00e5rdh\u00e4nt inst\u00e4llning till vaping. Politikerna har tappat sitt sunda f\u00f6rnuft, och det \u00e4r vapare och r\u00f6kare som kommer att drabbas.\u201d.<\/p>\n<p id=\"block-886e6ee4-a0a2-418f-a7d0-be537f51c1bf\" class=\"block-editor-rich-text__editable block-editor-block-list__block wp-block wp-block-paragraph rich-text\" tabindex=\"0\" role=\"document\" contenteditable=\"true\" aria-multiline=\"true\" aria-label=\"Styckeblock\" data-block=\"886e6ee4-a0a2-418f-a7d0-be537f51c1bf\" data-type=\"core\/paragraph\" data-title=\"Paragraph\" data-empty=\"false\">I ett pressmeddelande fr\u00e5n Landl f\u00f6rklarades vidare att den svenska regeringen siktar p\u00e5 att inf\u00f6ra str\u00e4ngare regler f\u00f6r alternativa nikotinprodukter, inklusive vaping och nikotinp\u00e5sar. Dessa \u00e4ndringar \u00e4r planerade att tr\u00e4da i kraft den 1 augusti 2022, men delar av f\u00f6rslagen skulle tr\u00e4da i kraft den 1 januari 2023 respektive 1 januari 2024 f\u00f6r att ge intressenterna tid att anpassa sig till de nya kraven.<\/p>\n<p id=\"block-2dc36c0a-5e3b-43eb-8f38-5f94431c6ea6\" class=\"block-editor-rich-text__editable block-editor-block-list__block wp-block wp-block-paragraph rich-text\" tabindex=\"0\" role=\"document\" contenteditable=\"true\" aria-multiline=\"true\" aria-label=\"Styckeblock\" data-block=\"2dc36c0a-5e3b-43eb-8f38-5f94431c6ea6\" data-type=\"core\/paragraph\" data-title=\"Paragraph\" data-empty=\"false\"><a href=\"https:\/\/www.vapingpost.com\/2022\/02\/27\/the-swedish-government-has-just-announced-plans-to-ban-vape-flavours\/\" data-rich-text-format-boundary=\"true\">Ursprungligen publicerad h\u00e4r.<\/a><\/p>\n<\/div>","protected":false},"excerpt":{"rendered":"<p>Sweden\u2019s Ministry of Social Affairs has just announced plans to ban all vape flavours besides tobacco. The announcement has certainly taken many by surprise, especially given that in 2018 Sweden\u00a0reached a smokefree status\u00a0by endorsing the use of another nicotine alternative product. A chart published in May 2017 by the EU as part of a survey [&hellip;]<\/p>\n","protected":false},"author":7,"featured_media":6394,"comment_status":"open","ping_status":"open","sticky":false,"template":"","format":"standard","meta":{"footnotes":""},"categories":[15],"tags":[],"class_list":["post-1021","post","type-post","status-publish","format-standard","has-post-thumbnail","hentry","category-wva-in-the-news"],"yoast_head":"<!-- This site is optimized with the Yoast SEO plugin v27.3 - https:\/\/yoast.com\/product\/yoast-seo-wordpress\/ -->\n<title>The Swedish government has just announced plans to ban vape flavours - World Vapers&#039; Alliance<\/title>\n<meta name=\"robots\" content=\"index, follow, max-snippet:-1, max-image-preview:large, max-video-preview:-1\" \/>\n<link rel=\"canonical\" href=\"https:\/\/worldvapersalliance.com\/sv\/the-swedish-government-has-just-announced-plans-to-ban-vape-flavours\/\" \/>\n<meta property=\"og:locale\" content=\"sv_SE\" \/>\n<meta property=\"og:type\" content=\"article\" \/>\n<meta property=\"og:title\" content=\"The Swedish government has just announced plans to ban vape flavours - World Vapers&#039; Alliance\" \/>\n<meta property=\"og:description\" content=\"Sweden\u2019s Ministry of Social Affairs has just announced plans to ban all vape flavours besides tobacco. The announcement has certainly taken many by surprise, especially given that in 2018 Sweden\u00a0reached a smokefree status\u00a0by endorsing the use of another nicotine alternative product. A chart published in May 2017 by the EU as part of a survey [&hellip;]\" \/>\n<meta property=\"og:url\" content=\"https:\/\/worldvapersalliance.com\/sv\/the-swedish-government-has-just-announced-plans-to-ban-vape-flavours\/\" \/>\n<meta property=\"og:site_name\" content=\"World Vapers&#039; Alliance\" \/>\n<meta property=\"article:published_time\" content=\"2022-02-28T15:58:33+00:00\" \/>\n<meta property=\"article:modified_time\" content=\"2022-04-09T07:18:12+00:00\" \/>\n<meta property=\"og:image\" content=\"https:\/\/worldvapersalliance.com\/wp-content\/uploads\/2022\/03\/World_Vapers_Alliance_Logo_White_Stripes.png\" \/>\n\t<meta property=\"og:image:width\" content=\"2081\" \/>\n\t<meta property=\"og:image:height\" content=\"1920\" \/>\n\t<meta property=\"og:image:type\" content=\"image\/png\" \/>\n<meta name=\"author\" content=\"Fabio Fernandes\" \/>\n<meta name=\"twitter:card\" content=\"summary_large_image\" \/>\n<meta name=\"twitter:label1\" content=\"Skriven av\" \/>\n\t<meta name=\"twitter:data1\" content=\"Fabio Fernandes\" \/>\n\t<meta name=\"twitter:label2\" content=\"Ber\u00e4knad l\u00e4stid\" \/>\n\t<meta name=\"twitter:data2\" content=\"2 minuter\" \/>\n<script type=\"application\/ld+json\" class=\"yoast-schema-graph\">{\"@context\":\"https:\\\/\\\/schema.org\",\"@graph\":[{\"@type\":\"Article\",\"@id\":\"https:\\\/\\\/worldvapersalliance.com\\\/the-swedish-government-has-just-announced-plans-to-ban-vape-flavours\\\/#article\",\"isPartOf\":{\"@id\":\"https:\\\/\\\/worldvapersalliance.com\\\/the-swedish-government-has-just-announced-plans-to-ban-vape-flavours\\\/\"},\"author\":{\"name\":\"Fabio Fernandes\",\"@id\":\"https:\\\/\\\/worldvapersalliance.com\\\/#\\\/schema\\\/person\\\/216fd3755694b5cf40a75104b7567982\"},\"headline\":\"The Swedish government has just announced plans to ban vape flavours\",\"datePublished\":\"2022-02-28T15:58:33+00:00\",\"dateModified\":\"2022-04-09T07:18:12+00:00\",\"mainEntityOfPage\":{\"@id\":\"https:\\\/\\\/worldvapersalliance.com\\\/the-swedish-government-has-just-announced-plans-to-ban-vape-flavours\\\/\"},\"wordCount\":438,\"commentCount\":0,\"publisher\":{\"@id\":\"https:\\\/\\\/worldvapersalliance.com\\\/#organization\"},\"image\":{\"@id\":\"https:\\\/\\\/worldvapersalliance.com\\\/the-swedish-government-has-just-announced-plans-to-ban-vape-flavours\\\/#primaryimage\"},\"thumbnailUrl\":\"https:\\\/\\\/worldvapersalliance.com\\\/wp-content\\\/uploads\\\/2025\\\/08\\\/WVA-in-the-news.png\",\"articleSection\":[\"WVA in the News\"],\"inLanguage\":\"sv-SE\",\"potentialAction\":[{\"@type\":\"CommentAction\",\"name\":\"Comment\",\"target\":[\"https:\\\/\\\/worldvapersalliance.com\\\/the-swedish-government-has-just-announced-plans-to-ban-vape-flavours\\\/#respond\"]}]},{\"@type\":\"WebPage\",\"@id\":\"https:\\\/\\\/worldvapersalliance.com\\\/the-swedish-government-has-just-announced-plans-to-ban-vape-flavours\\\/\",\"url\":\"https:\\\/\\\/worldvapersalliance.com\\\/the-swedish-government-has-just-announced-plans-to-ban-vape-flavours\\\/\",\"name\":\"The Swedish government has just announced plans to ban vape flavours - World Vapers&#039; Alliance\",\"isPartOf\":{\"@id\":\"https:\\\/\\\/worldvapersalliance.com\\\/#website\"},\"primaryImageOfPage\":{\"@id\":\"https:\\\/\\\/worldvapersalliance.com\\\/the-swedish-government-has-just-announced-plans-to-ban-vape-flavours\\\/#primaryimage\"},\"image\":{\"@id\":\"https:\\\/\\\/worldvapersalliance.com\\\/the-swedish-government-has-just-announced-plans-to-ban-vape-flavours\\\/#primaryimage\"},\"thumbnailUrl\":\"https:\\\/\\\/worldvapersalliance.com\\\/wp-content\\\/uploads\\\/2025\\\/08\\\/WVA-in-the-news.png\",\"datePublished\":\"2022-02-28T15:58:33+00:00\",\"dateModified\":\"2022-04-09T07:18:12+00:00\",\"inLanguage\":\"sv-SE\",\"potentialAction\":[{\"@type\":\"ReadAction\",\"target\":[\"https:\\\/\\\/worldvapersalliance.com\\\/the-swedish-government-has-just-announced-plans-to-ban-vape-flavours\\\/\"]}]},{\"@type\":\"ImageObject\",\"inLanguage\":\"sv-SE\",\"@id\":\"https:\\\/\\\/worldvapersalliance.com\\\/the-swedish-government-has-just-announced-plans-to-ban-vape-flavours\\\/#primaryimage\",\"url\":\"https:\\\/\\\/worldvapersalliance.com\\\/wp-content\\\/uploads\\\/2025\\\/08\\\/WVA-in-the-news.png\",\"contentUrl\":\"https:\\\/\\\/worldvapersalliance.com\\\/wp-content\\\/uploads\\\/2025\\\/08\\\/WVA-in-the-news.png\",\"width\":1264,\"height\":848},{\"@type\":\"WebSite\",\"@id\":\"https:\\\/\\\/worldvapersalliance.com\\\/#website\",\"url\":\"https:\\\/\\\/worldvapersalliance.com\\\/\",\"name\":\"World Vapers&#039; Alliance\",\"description\":\"The largest community of vapers\",\"publisher\":{\"@id\":\"https:\\\/\\\/worldvapersalliance.com\\\/#organization\"},\"potentialAction\":[{\"@type\":\"SearchAction\",\"target\":{\"@type\":\"EntryPoint\",\"urlTemplate\":\"https:\\\/\\\/worldvapersalliance.com\\\/?s={search_term_string}\"},\"query-input\":{\"@type\":\"PropertyValueSpecification\",\"valueRequired\":true,\"valueName\":\"search_term_string\"}}],\"inLanguage\":\"sv-SE\"},{\"@type\":\"Organization\",\"@id\":\"https:\\\/\\\/worldvapersalliance.com\\\/#organization\",\"name\":\"World Vapers&#039; Alliance\",\"url\":\"https:\\\/\\\/worldvapersalliance.com\\\/\",\"logo\":{\"@type\":\"ImageObject\",\"inLanguage\":\"sv-SE\",\"@id\":\"https:\\\/\\\/worldvapersalliance.com\\\/#\\\/schema\\\/logo\\\/image\\\/\",\"url\":\"https:\\\/\\\/worldvapersalliance.com\\\/wp-content\\\/uploads\\\/2022\\\/01\\\/WVA_RB_Fist_G.png\",\"contentUrl\":\"https:\\\/\\\/worldvapersalliance.com\\\/wp-content\\\/uploads\\\/2022\\\/01\\\/WVA_RB_Fist_G.png\",\"width\":985,\"height\":1177,\"caption\":\"World Vapers&#039; Alliance\"},\"image\":{\"@id\":\"https:\\\/\\\/worldvapersalliance.com\\\/#\\\/schema\\\/logo\\\/image\\\/\"}},{\"@type\":\"Person\",\"@id\":\"https:\\\/\\\/worldvapersalliance.com\\\/#\\\/schema\\\/person\\\/216fd3755694b5cf40a75104b7567982\",\"name\":\"Fabio Fernandes\",\"image\":{\"@type\":\"ImageObject\",\"inLanguage\":\"sv-SE\",\"@id\":\"https:\\\/\\\/secure.gravatar.com\\\/avatar\\\/d8016ed50889fcf1724876c34d4add2dafff82d053be50f8406714cfd387b500?s=96&d=mm&r=g\",\"url\":\"https:\\\/\\\/secure.gravatar.com\\\/avatar\\\/d8016ed50889fcf1724876c34d4add2dafff82d053be50f8406714cfd387b500?s=96&d=mm&r=g\",\"contentUrl\":\"https:\\\/\\\/secure.gravatar.com\\\/avatar\\\/d8016ed50889fcf1724876c34d4add2dafff82d053be50f8406714cfd387b500?s=96&d=mm&r=g\",\"caption\":\"Fabio Fernandes\"},\"url\":\"https:\\\/\\\/worldvapersalliance.com\\\/sv\\\/author\\\/fabio\\\/\"}]}<\/script>\n<!-- \/ Yoast SEO plugin. -->","yoast_head_json":{"title":"Den svenska regeringen har precis tillk\u00e4nnagivit planer p\u00e5 att f\u00f6rbjuda vapesmaker - World Vapers&#039; Alliance","robots":{"index":"index","follow":"follow","max-snippet":"max-snippet:-1","max-image-preview":"max-image-preview:large","max-video-preview":"max-video-preview:-1"},"canonical":"https:\/\/worldvapersalliance.com\/sv\/the-swedish-government-has-just-announced-plans-to-ban-vape-flavours\/","og_locale":"sv_SE","og_type":"article","og_title":"The Swedish government has just announced plans to ban vape flavours - World Vapers&#039; Alliance","og_description":"Sweden\u2019s Ministry of Social Affairs has just announced plans to ban all vape flavours besides tobacco. The announcement has certainly taken many by surprise, especially given that in 2018 Sweden\u00a0reached a smokefree status\u00a0by endorsing the use of another nicotine alternative product. A chart published in May 2017 by the EU as part of a survey [&hellip;]","og_url":"https:\/\/worldvapersalliance.com\/sv\/the-swedish-government-has-just-announced-plans-to-ban-vape-flavours\/","og_site_name":"World Vapers&#039; Alliance","article_published_time":"2022-02-28T15:58:33+00:00","article_modified_time":"2022-04-09T07:18:12+00:00","og_image":[{"width":2081,"height":1920,"url":"https:\/\/worldvapersalliance.com\/wp-content\/uploads\/2022\/03\/World_Vapers_Alliance_Logo_White_Stripes.png","type":"image\/png"}],"author":"Fabio Fernandes","twitter_card":"summary_large_image","twitter_misc":{"Skriven av":"Fabio Fernandes","Ber\u00e4knad l\u00e4stid":"2 minuter"},"schema":{"@context":"https:\/\/schema.org","@graph":[{"@type":"Article","@id":"https:\/\/worldvapersalliance.com\/the-swedish-government-has-just-announced-plans-to-ban-vape-flavours\/#article","isPartOf":{"@id":"https:\/\/worldvapersalliance.com\/the-swedish-government-has-just-announced-plans-to-ban-vape-flavours\/"},"author":{"name":"Fabio Fernandes","@id":"https:\/\/worldvapersalliance.com\/#\/schema\/person\/216fd3755694b5cf40a75104b7567982"},"headline":"The Swedish government has just announced plans to ban vape flavours","datePublished":"2022-02-28T15:58:33+00:00","dateModified":"2022-04-09T07:18:12+00:00","mainEntityOfPage":{"@id":"https:\/\/worldvapersalliance.com\/the-swedish-government-has-just-announced-plans-to-ban-vape-flavours\/"},"wordCount":438,"commentCount":0,"publisher":{"@id":"https:\/\/worldvapersalliance.com\/#organization"},"image":{"@id":"https:\/\/worldvapersalliance.com\/the-swedish-government-has-just-announced-plans-to-ban-vape-flavours\/#primaryimage"},"thumbnailUrl":"https:\/\/worldvapersalliance.com\/wp-content\/uploads\/2025\/08\/WVA-in-the-news.png","articleSection":["WVA in the News"],"inLanguage":"sv-SE","potentialAction":[{"@type":"CommentAction","name":"Comment","target":["https:\/\/worldvapersalliance.com\/the-swedish-government-has-just-announced-plans-to-ban-vape-flavours\/#respond"]}]},{"@type":"WebPage","@id":"https:\/\/worldvapersalliance.com\/the-swedish-government-has-just-announced-plans-to-ban-vape-flavours\/","url":"https:\/\/worldvapersalliance.com\/the-swedish-government-has-just-announced-plans-to-ban-vape-flavours\/","name":"Den svenska regeringen har precis tillk\u00e4nnagivit planer p\u00e5 att f\u00f6rbjuda vapesmaker - World Vapers&#039; Alliance","isPartOf":{"@id":"https:\/\/worldvapersalliance.com\/#website"},"primaryImageOfPage":{"@id":"https:\/\/worldvapersalliance.com\/the-swedish-government-has-just-announced-plans-to-ban-vape-flavours\/#primaryimage"},"image":{"@id":"https:\/\/worldvapersalliance.com\/the-swedish-government-has-just-announced-plans-to-ban-vape-flavours\/#primaryimage"},"thumbnailUrl":"https:\/\/worldvapersalliance.com\/wp-content\/uploads\/2025\/08\/WVA-in-the-news.png","datePublished":"2022-02-28T15:58:33+00:00","dateModified":"2022-04-09T07:18:12+00:00","inLanguage":"sv-SE","potentialAction":[{"@type":"ReadAction","target":["https:\/\/worldvapersalliance.com\/the-swedish-government-has-just-announced-plans-to-ban-vape-flavours\/"]}]},{"@type":"ImageObject","inLanguage":"sv-SE","@id":"https:\/\/worldvapersalliance.com\/the-swedish-government-has-just-announced-plans-to-ban-vape-flavours\/#primaryimage","url":"https:\/\/worldvapersalliance.com\/wp-content\/uploads\/2025\/08\/WVA-in-the-news.png","contentUrl":"https:\/\/worldvapersalliance.com\/wp-content\/uploads\/2025\/08\/WVA-in-the-news.png","width":1264,"height":848},{"@type":"WebSite","@id":"https:\/\/worldvapersalliance.com\/#website","url":"https:\/\/worldvapersalliance.com\/","name":"World Vapers&#039; Alliance","description":"Den st\u00f6rsta gemenskapen av vapers","publisher":{"@id":"https:\/\/worldvapersalliance.com\/#organization"},"potentialAction":[{"@type":"SearchAction","target":{"@type":"EntryPoint","urlTemplate":"https:\/\/worldvapersalliance.com\/?s={search_term_string}"},"query-input":{"@type":"PropertyValueSpecification","valueRequired":true,"valueName":"search_term_string"}}],"inLanguage":"sv-SE"},{"@type":"Organization","@id":"https:\/\/worldvapersalliance.com\/#organization","name":"World Vapers&#039; Alliance","url":"https:\/\/worldvapersalliance.com\/","logo":{"@type":"ImageObject","inLanguage":"sv-SE","@id":"https:\/\/worldvapersalliance.com\/#\/schema\/logo\/image\/","url":"https:\/\/worldvapersalliance.com\/wp-content\/uploads\/2022\/01\/WVA_RB_Fist_G.png","contentUrl":"https:\/\/worldvapersalliance.com\/wp-content\/uploads\/2022\/01\/WVA_RB_Fist_G.png","width":985,"height":1177,"caption":"World Vapers&#039; Alliance"},"image":{"@id":"https:\/\/worldvapersalliance.com\/#\/schema\/logo\/image\/"}},{"@type":"Person","@id":"https:\/\/worldvapersalliance.com\/#\/schema\/person\/216fd3755694b5cf40a75104b7567982","name":"Fabio Fernandes","image":{"@type":"ImageObject","inLanguage":"sv-SE","@id":"https:\/\/secure.gravatar.com\/avatar\/d8016ed50889fcf1724876c34d4add2dafff82d053be50f8406714cfd387b500?s=96&d=mm&r=g","url":"https:\/\/secure.gravatar.com\/avatar\/d8016ed50889fcf1724876c34d4add2dafff82d053be50f8406714cfd387b500?s=96&d=mm&r=g","contentUrl":"https:\/\/secure.gravatar.com\/avatar\/d8016ed50889fcf1724876c34d4add2dafff82d053be50f8406714cfd387b500?s=96&d=mm&r=g","caption":"Fabio Fernandes"},"url":"https:\/\/worldvapersalliance.com\/sv\/author\/fabio\/"}]}},"_links":{"self":[{"href":"https:\/\/worldvapersalliance.com\/sv\/wp-json\/wp\/v2\/posts\/1021","targetHints":{"allow":["GET"]}}],"collection":[{"href":"https:\/\/worldvapersalliance.com\/sv\/wp-json\/wp\/v2\/posts"}],"about":[{"href":"https:\/\/worldvapersalliance.com\/sv\/wp-json\/wp\/v2\/types\/post"}],"author":[{"embeddable":true,"href":"https:\/\/worldvapersalliance.com\/sv\/wp-json\/wp\/v2\/users\/7"}],"replies":[{"embeddable":true,"href":"https:\/\/worldvapersalliance.com\/sv\/wp-json\/wp\/v2\/comments?post=1021"}],"version-history":[{"count":0,"href":"https:\/\/worldvapersalliance.com\/sv\/wp-json\/wp\/v2\/posts\/1021\/revisions"}],"wp:featuredmedia":[{"embeddable":true,"href":"https:\/\/worldvapersalliance.com\/sv\/wp-json\/wp\/v2\/media\/6394"}],"wp:attachment":[{"href":"https:\/\/worldvapersalliance.com\/sv\/wp-json\/wp\/v2\/media?parent=1021"}],"wp:term":[{"taxonomy":"category","embeddable":true,"href":"https:\/\/worldvapersalliance.com\/sv\/wp-json\/wp\/v2\/categories?post=1021"},{"taxonomy":"post_tag","embeddable":true,"href":"https:\/\/worldvapersalliance.com\/sv\/wp-json\/wp\/v2\/tags?post=1021"}],"curies":[{"name":"wp","href":"https:\/\/api.w.org\/{rel}","templated":true}]}}