{"id":6648,"date":"2025-12-24T18:39:39","date_gmt":"2025-12-24T23:39:39","guid":{"rendered":"https:\/\/worldvapersalliance.com\/?p=6648"},"modified":"2025-12-22T08:42:05","modified_gmt":"2025-12-22T13:42:05","slug":"wrapped-our-year-together-at-the-world-vapers-alliance","status":"publish","type":"post","link":"https:\/\/worldvapersalliance.com\/ro\/wrapped-our-year-together-at-the-world-vapers-alliance\/","title":{"rendered":"\u00cencheiat: Anul nostru \u00eempreun\u0103 la Alian\u021ba Mondial\u0103 a Vaperilor"},"content":{"rendered":"<p><span style=\"font-weight: 400;\">Ce an! 2025 a fost intens, dar \u0219i inspirator. A\u0219adar, a\u0219 dori s\u0103 privim \u00een urm\u0103 \u00eempreun\u0103 cu voi \u0219i s\u0103 \u00eemp\u0103rt\u0103\u0219im ce am realizat ca \u0219i comunitate, precum \u0219i unde am respins politicile gre\u0219ite \u0219i am depus eforturi pentru a \u00eendrepta lucrurile \u00een direc\u021bia corect\u0103.\u00a0\u00a0<\/span><\/p>\n<p><span style=\"font-weight: 400;\">Acesta nu este un comunicat de pres\u0103. Este un mesaj personal de mul\u021bumire din partea mea. F\u0103r\u0103 tine, nimic din toate acestea nu s-ar fi \u00eent\u00e2mplat.\u00a0\u00a0<\/span><\/p>\n<h4><b>Scrisoare deschis\u0103 c\u0103tre cele 100.000 de voci din UE pe care nu le pot ignora\u00a0\u00a0<\/b><\/h4>\n<p><span style=\"font-weight: 400;\">Unul dintre cele mai importante momente din acest an a fost al nostru <\/span><a href=\"https:\/\/worldvapersalliance.com\/ro\/wva-open-letter-100000-europeans-reject-eus-attack-on-vaping-and-pouches\/\" target=\"_blank\" rel=\"noopener\"><span style=\"font-weight: 400;\">scrisoare deschis\u0103<\/span><\/a><span style=\"font-weight: 400;\"> c\u0103tre Comisia European\u0103 \u0219i statele membre ale UE. Peste 100.000 de persoane au semnat peti\u021bia noastr\u0103 \u00eempotriva noilor restric\u021bii privind vapingul \u0219i pungile cu nicotin\u0103.\u00a0\u00a0<\/span><\/p>\n<p><span style=\"font-weight: 400;\">Mul\u021bi politicieni \u00eenc\u0103 vorbesc despre vaping \u0219i plicule\u021be ca \u0219i cum ar fi la fel ca \u021big\u0103rile. Tu \u0219i eu \u0219tim c\u0103 este gre\u0219it. Oamenii folosesc aceste produse pentru a renun\u021ba la fumat. Scrisoarea deschis\u0103 a ar\u0103tat clar acest lucru. A acuzat UE pentru ignorarea \u0219tiin\u021bei \u0219i a experien\u021bei din via\u021ba real\u0103 \u0219i pentru promovarea unor reguli care ar putea trimite oamenii \u00eenapoi la fumat sau pe pie\u021bele negre.\u00a0\u00a0<\/span><\/p>\n<p><span style=\"font-weight: 400;\">Am \u00eenceput s\u0103 str\u00e2ngem semn\u0103turi \u00een 2024 \u0219i, pentru mine personal, a fost emo\u021bionant s\u0103 v\u0103d c\u0103 num\u0103rul cre\u0219te. Fiecare semn\u0103tur\u0103 este o poveste. Un tat\u0103 care s-a l\u0103sat de fumat cu o \u021bigar\u0103 electronic\u0103. O mam\u0103 care acum urc\u0103 sc\u0103rile f\u0103r\u0103 s\u0103-\u0219i piard\u0103 suflul. A\u021bi dat greutate acestei litere. Bruxelles-ul nu poate spune c\u0103 nim\u0103nui nu-i mai pas\u0103.\u00a0\u00a0<\/span><\/p>\n<h4><b>Voci neauzite de la Dublin la Geneva\u00a0\u00a0<\/b><\/h4>\n<p><span style=\"font-weight: 400;\">Un alt pas important din acest an a fost campania noastr\u0103 <\/span><a href=\"https:\/\/worldvapersalliance.com\/ro\/voices-unheard-consumers-matter\/\" target=\"_blank\" rel=\"noopener\"><span style=\"font-weight: 400;\">Vocile consumatorilor neauzi\u021bi conteaz\u0103<\/span><\/a><span style=\"font-weight: 400;\">. L-am lansat la Conferin\u021ba Mondial\u0103 pentru Controlul Tutunului de la Dublin pentru c\u0103, \u00eenc\u0103 o dat\u0103, consumatorii au fost \u021binu\u021bi departe de \u00eenc\u0103pere \u00een timp ce oamenii luau decizii cu privire la via\u021ba noastr\u0103.\u00a0\u00a0<\/span><\/p>\n<p><span style=\"font-weight: 400;\">Ne-am dus acolo oricum. Am stat afar\u0103 \u00eentr-un protest t\u0103cut pentru a ar\u0103ta c\u0103 milioane de vaperi sunt ignora\u021bi. F\u0103r\u0103 strig\u0103te, f\u0103r\u0103 dram\u0103. Doar oameni care \u0219i-au schimbat via\u021ba cu produse mai pu\u021bin d\u0103un\u0103toare st\u00e2nd acolo, spun\u00e2nd c\u0103 exist\u0103m.\u00a0<\/span><\/p>\n<p><img fetchpriority=\"high\" decoding=\"async\" class=\"alignnone wp-image-6649\" src=\"https:\/\/worldvapersalliance.com\/wp-content\/uploads\/2025\/12\/Voices-Unheard-protest-image-300x197.png\" alt=\"\" width=\"598\" height=\"393\" srcset=\"https:\/\/worldvapersalliance.com\/wp-content\/uploads\/2025\/12\/Voices-Unheard-protest-image-300x197.png 300w, https:\/\/worldvapersalliance.com\/wp-content\/uploads\/2025\/12\/Voices-Unheard-protest-image-768x504.png 768w, https:\/\/worldvapersalliance.com\/wp-content\/uploads\/2025\/12\/Voices-Unheard-protest-image-18x12.png 18w, https:\/\/worldvapersalliance.com\/wp-content\/uploads\/2025\/12\/Voices-Unheard-protest-image-600x394.png 600w, https:\/\/worldvapersalliance.com\/wp-content\/uploads\/2025\/12\/Voices-Unheard-protest-image.png 785w\" sizes=\"(max-width: 598px) 100vw, 598px\" \/><\/p>\n<p><span style=\"font-weight: 400;\">Spectacolele de lumini au fost partea mea preferat\u0103. Am iluminat cl\u0103dirile cu mesaje care cereau ca vocile consumatorilor s\u0103 fie auzite. Mai t\u00e2rziu \u00een cursul anului, am dus aceast\u0103 idee la Geneva, \u00eenainte de COP11, unde OMS se \u00eentrunea pentru a discuta despre politica global\u0103 privind tutunul. Din nou, proiec\u021bii de lumini. Din nou, mesajul simplu: asculta\u021bi-ne.\u00a0\u00a0<\/span><\/p>\n<p><img decoding=\"async\" class=\"alignnone wp-image-6651\" src=\"https:\/\/worldvapersalliance.com\/wp-content\/uploads\/2025\/12\/Voices-Unheard-image-300x195.png\" alt=\"\" width=\"384\" height=\"249\" srcset=\"https:\/\/worldvapersalliance.com\/wp-content\/uploads\/2025\/12\/Voices-Unheard-image-300x195.png 300w, https:\/\/worldvapersalliance.com\/wp-content\/uploads\/2025\/12\/Voices-Unheard-image-18x12.png 18w, https:\/\/worldvapersalliance.com\/wp-content\/uploads\/2025\/12\/Voices-Unheard-image.png 545w\" sizes=\"(max-width: 384px) 100vw, 384px\" \/> <img decoding=\"async\" class=\"alignnone wp-image-6652\" src=\"https:\/\/worldvapersalliance.com\/wp-content\/uploads\/2025\/12\/Voices-Unheard-Lightshow-image-300x218.png\" alt=\"\" width=\"382\" height=\"278\" srcset=\"https:\/\/worldvapersalliance.com\/wp-content\/uploads\/2025\/12\/Voices-Unheard-Lightshow-image-300x218.png 300w, https:\/\/worldvapersalliance.com\/wp-content\/uploads\/2025\/12\/Voices-Unheard-Lightshow-image-18x12.png 18w, https:\/\/worldvapersalliance.com\/wp-content\/uploads\/2025\/12\/Voices-Unheard-Lightshow-image.png 528w\" sizes=\"(max-width: 382px) 100vw, 382px\" \/><\/p>\n<p><span style=\"font-weight: 400;\">Aceste ac\u021biuni pot p\u0103rea simbolice din exterior, dar factorii de decizie politic\u0103 au v\u0103zut c\u0103 nu suntem robo\u021bi sau litere. Suntem oameni reali pe str\u0103zi.\u00a0\u00a0<\/span><\/p>\n<h4><b>Campionii schimb\u0103rii transform\u0103 Bruxelles-ul \u00eentr-un stadion\u00a0\u00a0<\/b><\/h4>\n<p><span style=\"font-weight: 400;\">Vara, ne-am distrat pu\u021bin cu <\/span><a href=\"https:\/\/worldvapersalliance.com\/ro\/champions-of-change\/\" target=\"_blank\" rel=\"noopener\"><span style=\"font-weight: 400;\">Campania Campionii Schimb\u0103rii<\/span><\/a><span style=\"font-weight: 400;\">. Bruxelles-ul este de obicei gri \u0219i birocratic, a\u0219a c\u0103 am decis s\u0103-l transform\u0103m \u00eentr-un fel de aren\u0103 a Ligii Campionilor pentru reducerea daunelor provocate de tutun.\u00a0\u00a0<\/span><\/p>\n<p><span style=\"font-weight: 400;\">Am organizat o ceremonie de premiere \u00een fa\u021ba Parlamentului European \u0219i am celebrat \u021b\u0103rile care au redus efectiv fumatul prin adoptarea unor alternative mai pu\u021bin d\u0103un\u0103toare. Suedia, Republica Ceh\u0103 \u0219i Grecia au fost primele noastre echipe. Suedia are acum o rat\u0103 de fumat zilnic sub 5% \u0219i rate de cancer mult mai mici dec\u00e2t media UE. Nu este o \u00eent\u00e2mplare. Este vorba despre reducerea riscurilor care func\u021bioneaz\u0103 \u00een via\u021ba real\u0103.\u00a0\u00a0<\/span><\/p>\n<p><img loading=\"lazy\" decoding=\"async\" class=\"alignnone wp-image-6356\" src=\"https:\/\/worldvapersalliance.com\/wp-content\/uploads\/2025\/07\/Champions-blog-image-300x277.png\" alt=\"\" width=\"522\" height=\"482\" srcset=\"https:\/\/worldvapersalliance.com\/wp-content\/uploads\/2025\/07\/Champions-blog-image-300x277.png 300w, https:\/\/worldvapersalliance.com\/wp-content\/uploads\/2025\/07\/Champions-blog-image-1024x945.png 1024w, https:\/\/worldvapersalliance.com\/wp-content\/uploads\/2025\/07\/Champions-blog-image-768x709.png 768w, https:\/\/worldvapersalliance.com\/wp-content\/uploads\/2025\/07\/Champions-blog-image-1536x1417.png 1536w, https:\/\/worldvapersalliance.com\/wp-content\/uploads\/2025\/07\/Champions-blog-image-2048x1890.png 2048w, https:\/\/worldvapersalliance.com\/wp-content\/uploads\/2025\/07\/Champions-blog-image-13x12.png 13w, https:\/\/worldvapersalliance.com\/wp-content\/uploads\/2025\/07\/Champions-blog-image-600x554.png 600w\" sizes=\"(max-width: 522px) 100vw, 522px\" \/><\/p>\n<p><span style=\"font-weight: 400;\">Prin \u00eenm\u00e2narea trofeelor, am transmis un mesaj simplu politicienilor UE. Dac\u0103 vre\u021bi s\u0103 c\u00e2\u0219tiga\u021bi \u00eempotriva fumatului, copia\u021bi c\u00e2\u0219tig\u0103torii. Nu mai pedepsi\u021bi vapatul \u0219i plicule\u021bele cu nicotin\u0103, pentru c\u0103 ideologia sau dogmele vechi v\u0103 spun asta. Mul\u021bi dintre voi a\u021bi contribuit la r\u0103sp\u00e2ndirea acestui mesaj online, iar unii dintre voi a\u021bi participat la eveniment \u00een persoan\u0103. A ar\u0103tat din nou c\u0103 mi\u0219carea noastr\u0103 este creativ\u0103, nu doar plin\u0103 de furie.\u00a0\u00a0<\/span><\/p>\n<p><img loading=\"lazy\" decoding=\"async\" class=\"alignnone wp-image-6653\" src=\"https:\/\/worldvapersalliance.com\/wp-content\/uploads\/2025\/12\/Brussels-Image-300x198.png\" alt=\"\" width=\"593\" height=\"392\" srcset=\"https:\/\/worldvapersalliance.com\/wp-content\/uploads\/2025\/12\/Brussels-Image-300x198.png 300w, https:\/\/worldvapersalliance.com\/wp-content\/uploads\/2025\/12\/Brussels-Image-768x506.png 768w, https:\/\/worldvapersalliance.com\/wp-content\/uploads\/2025\/12\/Brussels-Image-18x12.png 18w, https:\/\/worldvapersalliance.com\/wp-content\/uploads\/2025\/12\/Brussels-Image.png 967w\" sizes=\"(max-width: 593px) 100vw, 593px\" \/><\/p>\n<h4><b>Informarea politicilor c\u0103tre peste o sut\u0103 de factori de decizie\u00a0\u00a0<\/b><\/h4>\n<p><span style=\"font-weight: 400;\">O mare parte din munca noastr\u0103 este public\u0103, dar o parte se desf\u0103\u0219oar\u0103 \u00een spatele u\u0219ilor \u00eenchise, la conferin\u021be de partid \u0219i \u00een s\u0103li de conferin\u021be politice. Pe parcursul anului 2025, echipa noastr\u0103 s-a \u00eent\u00e2lnit cu peste o sut\u0103 de factori de decizie politic\u0103 \u0219i membri cheie ai personalului din diverse \u021b\u0103ri din \u00eentreaga lume. Am discutat cu membri ai parlamentelor, oficiali din domeniul s\u0103n\u0103t\u0103\u021bii, grupuri parlamentare \u0219i consilieri care modeleaz\u0103 pozi\u021biile na\u021bionale \u0219i europene privind vapingul \u0219i pungile cu nicotin\u0103.\u00a0\u00a0<\/span><\/p>\n<p><span style=\"font-weight: 400;\">Conferin\u021ba partidului SPD din Germania a fost un exemplu al acestei activit\u0103\u021bi mai ample. Acolo, am discutat cu delega\u021bii \u0219i membrii despre reducerea riscurilor, \u00eentr-un moment \u00een care Germania are \u00een vedere reguli mai stricte privind aromele \u0219i marketingul.\u00a0<\/span><\/p>\n<p><img loading=\"lazy\" decoding=\"async\" class=\"alignnone wp-image-6654\" src=\"https:\/\/worldvapersalliance.com\/wp-content\/uploads\/2025\/12\/SPD-party-conference-image-300x120.png\" alt=\"\" width=\"740\" height=\"296\" srcset=\"https:\/\/worldvapersalliance.com\/wp-content\/uploads\/2025\/12\/SPD-party-conference-image-300x120.png 300w, https:\/\/worldvapersalliance.com\/wp-content\/uploads\/2025\/12\/SPD-party-conference-image-1024x410.png 1024w, https:\/\/worldvapersalliance.com\/wp-content\/uploads\/2025\/12\/SPD-party-conference-image-768x308.png 768w, https:\/\/worldvapersalliance.com\/wp-content\/uploads\/2025\/12\/SPD-party-conference-image-18x7.png 18w, https:\/\/worldvapersalliance.com\/wp-content\/uploads\/2025\/12\/SPD-party-conference-image-600x240.png 600w, https:\/\/worldvapersalliance.com\/wp-content\/uploads\/2025\/12\/SPD-party-conference-image.png 1196w\" sizes=\"(max-width: 740px) 100vw, 740px\" \/><\/p>\n<p><span style=\"font-weight: 400;\">Conversa\u021bii similare au avut loc \u0219i \u00een alte capitale. Uneori era vorba doar de a-i explica unui politician sceptic c\u0103 o \u021bigar\u0103 electronic\u0103 aromat\u0103 te-a ajutat pe tine sau pe cineva cunoscut s\u0103 renun\u021bi la fumat \u0219i c\u0103 interzicerea acesteia ar putea trimite oamenii \u00eenapoi la \u021big\u0103ri. \u00cen timp, aceste pove\u0219ti personale schimb\u0103 modul de g\u00e2ndire al factorilor de decizie politic\u0103.\u00a0\u00a0<\/span><\/p>\n<p><span style=\"font-weight: 400;\">Rela\u021bionarea cu mass-media a fost o alt\u0103 parte important\u0103 a activit\u0103\u021bii noastre din acest an. Am avut mii de men\u021biuni \u00een mass-media \u00een 2025, WVA fiind citat\u0103 sau prezentat\u0103 \u00een publica\u021bii din \u00eentreaga lume. Aceasta a \u00eensemnat c\u0103, ori de c\u00e2te ori guvernele vorbeau despre noi restric\u021bii privind vapingul sau plicule\u021bele cu nicotin\u0103, exista o \u0219ans\u0103 real\u0103 ca un jurnalist s\u0103 includ\u0103 \u0219i punctul de vedere al consumatorului \u0219i s\u0103 explice c\u0103 alternativele mai pu\u021bin d\u0103un\u0103toare \u00eei ajut\u0103 pe oameni s\u0103 renun\u021be la fumat. Aceast\u0103 vizibilitate tot mai mare ne ajut\u0103 s\u0103 contest\u0103m nara\u021biunile unilaterale \u0219i face mult mai dificil pentru factorii de decizie s\u0103 se prefac\u0103 c\u0103 comunitatea noastr\u0103 nu exist\u0103.<\/span><\/p>\n<h4><b>Responsabil Vapeo \u0219i America Latin\u0103\u00a0\u00a0<\/b><\/h4>\n<p><span style=\"font-weight: 400;\">De asemenea, ne-am intensificat activitatea \u00een America Latin\u0103. \u00cen Argentina, am lansat Vapeo Responsable, solicit\u00e2nd guvernului s\u0103 pun\u0103 cap\u0103t interdic\u021biei ira\u021bionale de vaping \u0219i s\u0103 o \u00eenlocuiasc\u0103 cu o reglementare bazat\u0103 pe bun sim\u021b.<\/span><\/p>\n<p><img loading=\"lazy\" decoding=\"async\" class=\"alignnone wp-image-6656\" src=\"https:\/\/worldvapersalliance.com\/wp-content\/uploads\/2025\/12\/Vapeo-Responsable-activation-image-300x149.png\" alt=\"\" width=\"658\" height=\"327\" \/><\/p>\n<p><img loading=\"lazy\" decoding=\"async\" class=\"alignnone wp-image-6657\" src=\"https:\/\/worldvapersalliance.com\/wp-content\/uploads\/2025\/12\/Vapeo-Responsable-Media-Hits-image-300x101.png\" alt=\"\" width=\"609\" height=\"205\" srcset=\"https:\/\/worldvapersalliance.com\/wp-content\/uploads\/2025\/12\/Vapeo-Responsable-Media-Hits-image-300x101.png 300w, https:\/\/worldvapersalliance.com\/wp-content\/uploads\/2025\/12\/Vapeo-Responsable-Media-Hits-image-1024x346.png 1024w, https:\/\/worldvapersalliance.com\/wp-content\/uploads\/2025\/12\/Vapeo-Responsable-Media-Hits-image-768x259.png 768w, https:\/\/worldvapersalliance.com\/wp-content\/uploads\/2025\/12\/Vapeo-Responsable-Media-Hits-image-18x6.png 18w, https:\/\/worldvapersalliance.com\/wp-content\/uploads\/2025\/12\/Vapeo-Responsable-Media-Hits-image-600x203.png 600w, https:\/\/worldvapersalliance.com\/wp-content\/uploads\/2025\/12\/Vapeo-Responsable-Media-Hits-image.png 1057w\" sizes=\"(max-width: 609px) 100vw, 609px\" \/><\/p>\n<p><span style=\"font-weight: 400;\">Ideea este simpl\u0103. Vapatul exist\u0103 \u00een Argentina, indiferent dac\u0103 politicienilor le place sau nu. O interdic\u021bie nu face dec\u00e2t s\u0103-l \u00eemping\u0103 \u00een clandestinitate \u0219i s\u0103-i \u021bin\u0103 pe fum\u0103tori bloca\u021bi \u00een consumul de \u021big\u0103ri. Cu Vapeo Responsable, \u00eencuraj\u0103m utilizatorii s\u0103 \u00ee\u0219i exprime opiniile, solicit\u00e2nd reguli rezonabile \u0219i demonstr\u00e2nd c\u0103 utilizatorii de \u021big\u0103ri electronice sunt preocupa\u021bi de siguran\u021b\u0103, calitate \u0219i standarde adecvate.\u00a0\u00a0<\/span><\/p>\n<p><span style=\"font-weight: 400;\">\u00cen Columbia, managerul nostru de politici, Alberto, a participat la o mas\u0103 rotund\u0103 tehnic\u0103 din Senat pe tema unui proiect de lege privind impozitarea produselor de vaping \u0219i a \u021big\u0103rilor. Acest lucru este important deoarece multe guverne \u00eenc\u0103 \u00eencearc\u0103 s\u0103 impoziteze produsele de vaping precum \u021big\u0103rile, ceea ce \u00eengreuneaz\u0103 schimbarea politicii pentru fum\u0103tori. Prin prezen\u021ba la mas\u0103, am putut explica faptul c\u0103 politica fiscal\u0103 ar trebui s\u0103 reflecte riscul, nu dogma.\u00a0\u00a0<\/span><\/p>\n<p><img loading=\"lazy\" decoding=\"async\" class=\"alignnone wp-image-6658\" src=\"https:\/\/worldvapersalliance.com\/wp-content\/uploads\/2025\/12\/Testimonial-image-300x205.png\" alt=\"\" width=\"536\" height=\"367\" srcset=\"https:\/\/worldvapersalliance.com\/wp-content\/uploads\/2025\/12\/Testimonial-image-300x205.png 300w, https:\/\/worldvapersalliance.com\/wp-content\/uploads\/2025\/12\/Testimonial-image-18x12.png 18w, https:\/\/worldvapersalliance.com\/wp-content\/uploads\/2025\/12\/Testimonial-image-600x410.png 600w, https:\/\/worldvapersalliance.com\/wp-content\/uploads\/2025\/12\/Testimonial-image.png 682w\" sizes=\"(max-width: 536px) 100vw, 536px\" \/><\/p>\n<h4><b>Planul cardiovascular al UE atunci c\u00e2nd dovezile sunt ignorate\u00a0\u00a0<\/b><\/h4>\n<p><span style=\"font-weight: 400;\">Una dintre cele mai frustrante p\u0103r\u021bi ale anului a fost Planul cardiovascular al UE (numit acum Planul Safe Hearts). La \u00eenceputul procesului, c\u00e2nd Comisia European\u0103 a desf\u0103\u0219urat consultarea public\u0103, noi... <\/span><a href=\"https:\/\/worldvapersalliance.com\/ro\/eu-consultation-shows-76-support-for-harm-reduction-in-cardiovascular-policy\/\"><span style=\"font-weight: 400;\">analizat<\/span><\/a><span style=\"font-weight: 400;\"> contribu\u021biile \u0219i au observat un sprijin puternic pentru includerea alternativelor mai pu\u021bin d\u0103un\u0103toare ca instrumente de reducere a fumatului \u0219i a bolilor de inim\u0103. Mul\u021bi cet\u0103\u021beni \u0219i exper\u021bi au sus\u021binut \u00een mod clar reducerea riscurilor.\u00a0\u00a0<\/span><\/p>\n<p><span style=\"font-weight: 400;\">Dar c\u00e2nd a fost publicat planul final, acesta a ignorat majoritatea acestor aspecte. Reducerea riscurilor a fost trecut\u0103 pe plan secund. De aceea noi... <\/span><a href=\"https:\/\/worldvapersalliance.com\/ro\/wva-attacks-eu-safe-hearts-plan-for-ignoring-harm-reduction\/\"><span style=\"font-weight: 400;\">a vorbit mai deschis<\/span><\/a><span style=\"font-weight: 400;\"> \u00eempotriva planului de ignorare a reducerii riscurilor \u0219i de irosire a unei oportunit\u0103\u021bi de a reduce bolile legate de fumat \u00eentr-un mod realist. Se pare c\u0103 Bruxelles-ul a ales din nou ideologia \u00een detrimentul a ceea ce func\u021bioneaz\u0103 de fapt pentru fum\u0103tori \u00een lumea real\u0103.\u00a0\u00a0<\/span><\/p>\n<p><span style=\"font-weight: 400;\">Pentru comunitatea noastr\u0103, acest lucru este dezam\u0103gitor, dar nu surprinz\u0103tor. Arat\u0103 c\u00e2t de important este s\u0103 continu\u0103m s\u0103 ne exprim\u0103m opiniile \u0219i s\u0103 punem presiune pe factorii de decizie. F\u0103r\u0103 noi, singurele voci pe care le aud sunt cele ale grupurilor care vor s\u0103 restric\u021bioneze totul \u0219i s\u0103 se prefac\u0103 c\u0103 nu exist\u0103 alternative mai pu\u021bin d\u0103un\u0103toare.\u00a0\u00a0<\/span><\/p>\n<h4><b>Privind \u00eenainte \u00eempreun\u0103\u00a0\u00a0<\/b><\/h4>\n<p><span style=\"font-weight: 400;\">A\u0219adar, unde ne las\u0103 toate acestea la sf\u00e2r\u0219itul anului 2025? Avem 100.000 de semn\u0103turi europene \u00een spate, campanii majore la Bruxelles, Dublin, Geneva \u0219i America Latin\u0103, dovezi mai puternice c\u0103 cet\u0103\u021benii sus\u021bin reducerea riscurilor \u0219i peste o sut\u0103 de factori de decizie politic\u0103 care au ascultat direct de la utilizatorii de \u021big\u0103ri electronice \u00een acest an.\u00a0\u00a0<\/span><\/p>\n<p><span style=\"font-weight: 400;\">\u00cen acela\u0219i timp, presiunea nu dispare. UE \u00eenc\u0103 ia \u00een considerare reguli mai stricte privind vapatul \u0219i plicule\u021bele. OMS \u00eenc\u0103 promoveaz\u0103 pozi\u021bii \u00eempotriva reducerii riscurilor. Guvernele na\u021bionale \u00eenc\u0103 se joac\u0103 cu interdic\u021biile privind aromele \u0219i taxele mari. Planul \u201eInimi sigure\u201d arat\u0103 clar c\u0103, chiar \u0219i atunci c\u00e2nd oamenii \u00ee\u0219i exprim\u0103 opiniile, factorii de decizie \u00eei pot ignora.\u00a0\u00a0<\/span><\/p>\n<p><span style=\"font-weight: 400;\">Dar anul acesta mi-a ar\u0103tat ceva important. C\u00e2nd vaperii se organizeaz\u0103 \u0219i sunt g\u0103l\u0103gio\u0219i, lucrurile \u00eencep s\u0103 se mi\u0219te. Spectacolele de lumini de la Geneva sau ceremoniile de premiere de la Bruxelles pot p\u0103rea mici \u00een compara\u021bie cu institu\u021biile mari, dar schimb\u0103 povestea. Fac mai greu pentru factorii de decizie s\u0103 ne ignore.\u00a0\u00a0<\/span><\/p>\n<p><span style=\"font-weight: 400;\">A\u0219adar, v\u0103 mul\u021bumesc. Pentru c\u0103 a\u021bi semnat. Pentru c\u0103 a\u021bi fost prezen\u021bi. Pentru c\u0103 v-a\u021bi \u00eemp\u0103rt\u0103\u0219it povestea. Pentru c\u0103 v-a\u021bi certat cu prietenii, politicienii \u0219i uneori chiar \u0219i cu medicii. \u00cen 2026, vom avea din nou nevoie de aceast\u0103 energie. WVA va continua s\u0103 lupte, dar depindem de sprijinul dumneavoastr\u0103.\u00a0\u00a0\u00a0<\/span><\/p>\n<p><span style=\"font-weight: 400;\">Suntem vapatori. \u0218tim ce a func\u021bionat pentru noi. \u0218i nu vom l\u0103sa pe nimeni s\u0103 ne ia op\u021biunile mai pu\u021bin d\u0103un\u0103toare f\u0103r\u0103 lupt\u0103. Spune\u021bi-v\u0103 p\u0103rerea oriunde pute\u021bi, continua\u021bi s\u0103 vapa\u021bi \u0219i un An Nou fericit!. <\/span><\/p>","protected":false},"excerpt":{"rendered":"<p>What a year. 2025 was intense but also inspiring. So, I&#8217;d like to look back together with you and share what we accomplished as a community, as well as where we pushed back against bad policy and made efforts to move things in the right direction.\u00a0\u00a0 This is not a press release. It is a [&hellip;]<\/p>\n","protected":false},"author":4,"featured_media":6659,"comment_status":"open","ping_status":"open","sticky":false,"template":"","format":"standard","meta":{"footnotes":""},"categories":[17],"tags":[],"class_list":["post-6648","post","type-post","status-publish","format-standard","has-post-thumbnail","hentry","category-blog"],"yoast_head":"<!-- This site is optimized with the Yoast SEO plugin v27.3 - https:\/\/yoast.com\/product\/yoast-seo-wordpress\/ -->\n<title>Wrapped: Our Year Together at the World Vapers Alliance - World Vapers&#039; Alliance<\/title>\n<meta name=\"description\" content=\"2025 was intense but also inspiring. I&#039;d like to look back and share what we accomplished together as a community.\" \/>\n<meta name=\"robots\" content=\"index, follow, max-snippet:-1, max-image-preview:large, max-video-preview:-1\" \/>\n<link rel=\"canonical\" href=\"https:\/\/worldvapersalliance.com\/ro\/wrapped-our-year-together-at-the-world-vapers-alliance\/\" \/>\n<meta property=\"og:locale\" content=\"ro_RO\" \/>\n<meta property=\"og:type\" content=\"article\" \/>\n<meta property=\"og:title\" content=\"Wrapped: Our Year Together at the World Vapers Alliance - World Vapers&#039; Alliance\" \/>\n<meta property=\"og:description\" content=\"2025 was intense but also inspiring. I&#039;d like to look back and share what we accomplished together as a community.\" \/>\n<meta property=\"og:url\" content=\"https:\/\/worldvapersalliance.com\/ro\/wrapped-our-year-together-at-the-world-vapers-alliance\/\" \/>\n<meta property=\"og:site_name\" content=\"World Vapers&#039; Alliance\" \/>\n<meta property=\"article:published_time\" content=\"2025-12-24T23:39:39+00:00\" \/>\n<meta property=\"og:image\" content=\"https:\/\/worldvapersalliance.com\/wp-content\/uploads\/2025\/12\/Year-in-review-blog-image-1024x945.png\" \/>\n\t<meta property=\"og:image:width\" content=\"1024\" \/>\n\t<meta property=\"og:image:height\" content=\"945\" \/>\n\t<meta property=\"og:image:type\" content=\"image\/png\" \/>\n<meta name=\"author\" content=\"Michael Landl\" \/>\n<meta name=\"twitter:card\" content=\"summary_large_image\" \/>\n<meta name=\"twitter:label1\" content=\"Scris de\" \/>\n\t<meta name=\"twitter:data1\" content=\"Michael Landl\" \/>\n\t<meta name=\"twitter:label2\" content=\"Timp estimat pentru citire\" \/>\n\t<meta name=\"twitter:data2\" content=\"8 minute\" \/>\n<script type=\"application\/ld+json\" class=\"yoast-schema-graph\">{\"@context\":\"https:\\\/\\\/schema.org\",\"@graph\":[{\"@type\":\"Article\",\"@id\":\"https:\\\/\\\/worldvapersalliance.com\\\/wrapped-our-year-together-at-the-world-vapers-alliance\\\/#article\",\"isPartOf\":{\"@id\":\"https:\\\/\\\/worldvapersalliance.com\\\/wrapped-our-year-together-at-the-world-vapers-alliance\\\/\"},\"author\":{\"name\":\"Michael Landl\",\"@id\":\"https:\\\/\\\/worldvapersalliance.com\\\/#\\\/schema\\\/person\\\/05f663571d787d89a2d5c77c482a6583\"},\"headline\":\"Wrapped: Our Year Together at the World Vapers Alliance\",\"datePublished\":\"2025-12-24T23:39:39+00:00\",\"mainEntityOfPage\":{\"@id\":\"https:\\\/\\\/worldvapersalliance.com\\\/wrapped-our-year-together-at-the-world-vapers-alliance\\\/\"},\"wordCount\":1361,\"commentCount\":0,\"publisher\":{\"@id\":\"https:\\\/\\\/worldvapersalliance.com\\\/#organization\"},\"image\":{\"@id\":\"https:\\\/\\\/worldvapersalliance.com\\\/wrapped-our-year-together-at-the-world-vapers-alliance\\\/#primaryimage\"},\"thumbnailUrl\":\"https:\\\/\\\/worldvapersalliance.com\\\/wp-content\\\/uploads\\\/2025\\\/12\\\/Year-in-review-blog-image.png\",\"articleSection\":[\"Blog\"],\"inLanguage\":\"ro-RO\",\"potentialAction\":[{\"@type\":\"CommentAction\",\"name\":\"Comment\",\"target\":[\"https:\\\/\\\/worldvapersalliance.com\\\/wrapped-our-year-together-at-the-world-vapers-alliance\\\/#respond\"]}]},{\"@type\":\"WebPage\",\"@id\":\"https:\\\/\\\/worldvapersalliance.com\\\/wrapped-our-year-together-at-the-world-vapers-alliance\\\/\",\"url\":\"https:\\\/\\\/worldvapersalliance.com\\\/wrapped-our-year-together-at-the-world-vapers-alliance\\\/\",\"name\":\"Wrapped: Our Year Together at the World Vapers Alliance - World Vapers&#039; Alliance\",\"isPartOf\":{\"@id\":\"https:\\\/\\\/worldvapersalliance.com\\\/#website\"},\"primaryImageOfPage\":{\"@id\":\"https:\\\/\\\/worldvapersalliance.com\\\/wrapped-our-year-together-at-the-world-vapers-alliance\\\/#primaryimage\"},\"image\":{\"@id\":\"https:\\\/\\\/worldvapersalliance.com\\\/wrapped-our-year-together-at-the-world-vapers-alliance\\\/#primaryimage\"},\"thumbnailUrl\":\"https:\\\/\\\/worldvapersalliance.com\\\/wp-content\\\/uploads\\\/2025\\\/12\\\/Year-in-review-blog-image.png\",\"datePublished\":\"2025-12-24T23:39:39+00:00\",\"description\":\"2025 was intense but also inspiring. I'd like to look back and share what we accomplished together as a community.\",\"inLanguage\":\"ro-RO\",\"potentialAction\":[{\"@type\":\"ReadAction\",\"target\":[\"https:\\\/\\\/worldvapersalliance.com\\\/wrapped-our-year-together-at-the-world-vapers-alliance\\\/\"]}]},{\"@type\":\"ImageObject\",\"inLanguage\":\"ro-RO\",\"@id\":\"https:\\\/\\\/worldvapersalliance.com\\\/wrapped-our-year-together-at-the-world-vapers-alliance\\\/#primaryimage\",\"url\":\"https:\\\/\\\/worldvapersalliance.com\\\/wp-content\\\/uploads\\\/2025\\\/12\\\/Year-in-review-blog-image.png\",\"contentUrl\":\"https:\\\/\\\/worldvapersalliance.com\\\/wp-content\\\/uploads\\\/2025\\\/12\\\/Year-in-review-blog-image.png\",\"width\":2081,\"height\":1920},{\"@type\":\"WebSite\",\"@id\":\"https:\\\/\\\/worldvapersalliance.com\\\/#website\",\"url\":\"https:\\\/\\\/worldvapersalliance.com\\\/\",\"name\":\"World Vapers&#039; Alliance\",\"description\":\"The largest community of vapers\",\"publisher\":{\"@id\":\"https:\\\/\\\/worldvapersalliance.com\\\/#organization\"},\"potentialAction\":[{\"@type\":\"SearchAction\",\"target\":{\"@type\":\"EntryPoint\",\"urlTemplate\":\"https:\\\/\\\/worldvapersalliance.com\\\/?s={search_term_string}\"},\"query-input\":{\"@type\":\"PropertyValueSpecification\",\"valueRequired\":true,\"valueName\":\"search_term_string\"}}],\"inLanguage\":\"ro-RO\"},{\"@type\":\"Organization\",\"@id\":\"https:\\\/\\\/worldvapersalliance.com\\\/#organization\",\"name\":\"World Vapers&#039; Alliance\",\"url\":\"https:\\\/\\\/worldvapersalliance.com\\\/\",\"logo\":{\"@type\":\"ImageObject\",\"inLanguage\":\"ro-RO\",\"@id\":\"https:\\\/\\\/worldvapersalliance.com\\\/#\\\/schema\\\/logo\\\/image\\\/\",\"url\":\"https:\\\/\\\/worldvapersalliance.com\\\/wp-content\\\/uploads\\\/2022\\\/01\\\/WVA_RB_Fist_G.png\",\"contentUrl\":\"https:\\\/\\\/worldvapersalliance.com\\\/wp-content\\\/uploads\\\/2022\\\/01\\\/WVA_RB_Fist_G.png\",\"width\":985,\"height\":1177,\"caption\":\"World Vapers&#039; Alliance\"},\"image\":{\"@id\":\"https:\\\/\\\/worldvapersalliance.com\\\/#\\\/schema\\\/logo\\\/image\\\/\"}},{\"@type\":\"Person\",\"@id\":\"https:\\\/\\\/worldvapersalliance.com\\\/#\\\/schema\\\/person\\\/05f663571d787d89a2d5c77c482a6583\",\"name\":\"Michael Landl\",\"image\":{\"@type\":\"ImageObject\",\"inLanguage\":\"ro-RO\",\"@id\":\"https:\\\/\\\/secure.gravatar.com\\\/avatar\\\/1537a11db5ae7fef0631b6c662f439d8a632c50630c980828d0e2c4de581568b?s=96&d=mm&r=g\",\"url\":\"https:\\\/\\\/secure.gravatar.com\\\/avatar\\\/1537a11db5ae7fef0631b6c662f439d8a632c50630c980828d0e2c4de581568b?s=96&d=mm&r=g\",\"contentUrl\":\"https:\\\/\\\/secure.gravatar.com\\\/avatar\\\/1537a11db5ae7fef0631b6c662f439d8a632c50630c980828d0e2c4de581568b?s=96&d=mm&r=g\",\"caption\":\"Michael Landl\"},\"url\":\"https:\\\/\\\/worldvapersalliance.com\\\/ro\\\/author\\\/michael\\\/\"}]}<\/script>\n<!-- \/ Yoast SEO plugin. -->","yoast_head_json":{"title":"\u00cencheiat: Anul nostru \u00eempreun\u0103 la Alian\u021ba Mondial\u0103 a Vaperilor - Alian\u021ba Mondial\u0103 a Vaperilor","description":"Anul 2025 a fost intens, dar \u0219i inspirator. A\u0219 vrea s\u0103 privesc \u00een urm\u0103 \u0219i s\u0103 \u00eemp\u0103rt\u0103\u0219esc ce am realizat \u00eempreun\u0103 ca \u0219i comunitate.","robots":{"index":"index","follow":"follow","max-snippet":"max-snippet:-1","max-image-preview":"max-image-preview:large","max-video-preview":"max-video-preview:-1"},"canonical":"https:\/\/worldvapersalliance.com\/ro\/wrapped-our-year-together-at-the-world-vapers-alliance\/","og_locale":"ro_RO","og_type":"article","og_title":"Wrapped: Our Year Together at the World Vapers Alliance - World Vapers&#039; Alliance","og_description":"2025 was intense but also inspiring. I'd like to look back and share what we accomplished together as a community.","og_url":"https:\/\/worldvapersalliance.com\/ro\/wrapped-our-year-together-at-the-world-vapers-alliance\/","og_site_name":"World Vapers&#039; Alliance","article_published_time":"2025-12-24T23:39:39+00:00","og_image":[{"width":1024,"height":945,"url":"https:\/\/worldvapersalliance.com\/wp-content\/uploads\/2025\/12\/Year-in-review-blog-image-1024x945.png","type":"image\/png"}],"author":"Michael Landl","twitter_card":"summary_large_image","twitter_misc":{"Scris de":"Michael Landl","Timp estimat pentru citire":"8 minute"},"schema":{"@context":"https:\/\/schema.org","@graph":[{"@type":"Article","@id":"https:\/\/worldvapersalliance.com\/wrapped-our-year-together-at-the-world-vapers-alliance\/#article","isPartOf":{"@id":"https:\/\/worldvapersalliance.com\/wrapped-our-year-together-at-the-world-vapers-alliance\/"},"author":{"name":"Michael Landl","@id":"https:\/\/worldvapersalliance.com\/#\/schema\/person\/05f663571d787d89a2d5c77c482a6583"},"headline":"Wrapped: Our Year Together at the World Vapers Alliance","datePublished":"2025-12-24T23:39:39+00:00","mainEntityOfPage":{"@id":"https:\/\/worldvapersalliance.com\/wrapped-our-year-together-at-the-world-vapers-alliance\/"},"wordCount":1361,"commentCount":0,"publisher":{"@id":"https:\/\/worldvapersalliance.com\/#organization"},"image":{"@id":"https:\/\/worldvapersalliance.com\/wrapped-our-year-together-at-the-world-vapers-alliance\/#primaryimage"},"thumbnailUrl":"https:\/\/worldvapersalliance.com\/wp-content\/uploads\/2025\/12\/Year-in-review-blog-image.png","articleSection":["Blog"],"inLanguage":"ro-RO","potentialAction":[{"@type":"CommentAction","name":"Comment","target":["https:\/\/worldvapersalliance.com\/wrapped-our-year-together-at-the-world-vapers-alliance\/#respond"]}]},{"@type":"WebPage","@id":"https:\/\/worldvapersalliance.com\/wrapped-our-year-together-at-the-world-vapers-alliance\/","url":"https:\/\/worldvapersalliance.com\/wrapped-our-year-together-at-the-world-vapers-alliance\/","name":"\u00cencheiat: Anul nostru \u00eempreun\u0103 la Alian\u021ba Mondial\u0103 a Vaperilor - Alian\u021ba Mondial\u0103 a Vaperilor","isPartOf":{"@id":"https:\/\/worldvapersalliance.com\/#website"},"primaryImageOfPage":{"@id":"https:\/\/worldvapersalliance.com\/wrapped-our-year-together-at-the-world-vapers-alliance\/#primaryimage"},"image":{"@id":"https:\/\/worldvapersalliance.com\/wrapped-our-year-together-at-the-world-vapers-alliance\/#primaryimage"},"thumbnailUrl":"https:\/\/worldvapersalliance.com\/wp-content\/uploads\/2025\/12\/Year-in-review-blog-image.png","datePublished":"2025-12-24T23:39:39+00:00","description":"Anul 2025 a fost intens, dar \u0219i inspirator. A\u0219 vrea s\u0103 privesc \u00een urm\u0103 \u0219i s\u0103 \u00eemp\u0103rt\u0103\u0219esc ce am realizat \u00eempreun\u0103 ca \u0219i comunitate.","inLanguage":"ro-RO","potentialAction":[{"@type":"ReadAction","target":["https:\/\/worldvapersalliance.com\/wrapped-our-year-together-at-the-world-vapers-alliance\/"]}]},{"@type":"ImageObject","inLanguage":"ro-RO","@id":"https:\/\/worldvapersalliance.com\/wrapped-our-year-together-at-the-world-vapers-alliance\/#primaryimage","url":"https:\/\/worldvapersalliance.com\/wp-content\/uploads\/2025\/12\/Year-in-review-blog-image.png","contentUrl":"https:\/\/worldvapersalliance.com\/wp-content\/uploads\/2025\/12\/Year-in-review-blog-image.png","width":2081,"height":1920},{"@type":"WebSite","@id":"https:\/\/worldvapersalliance.com\/#website","url":"https:\/\/worldvapersalliance.com\/","name":"Alian\u021ba Mondial\u0103 a Vaporatorilor","description":"Cea mai mare comunitate de vapoare","publisher":{"@id":"https:\/\/worldvapersalliance.com\/#organization"},"potentialAction":[{"@type":"SearchAction","target":{"@type":"EntryPoint","urlTemplate":"https:\/\/worldvapersalliance.com\/?s={search_term_string}"},"query-input":{"@type":"PropertyValueSpecification","valueRequired":true,"valueName":"search_term_string"}}],"inLanguage":"ro-RO"},{"@type":"Organization","@id":"https:\/\/worldvapersalliance.com\/#organization","name":"Alian\u021ba Mondial\u0103 a Vaporatorilor","url":"https:\/\/worldvapersalliance.com\/","logo":{"@type":"ImageObject","inLanguage":"ro-RO","@id":"https:\/\/worldvapersalliance.com\/#\/schema\/logo\/image\/","url":"https:\/\/worldvapersalliance.com\/wp-content\/uploads\/2022\/01\/WVA_RB_Fist_G.png","contentUrl":"https:\/\/worldvapersalliance.com\/wp-content\/uploads\/2022\/01\/WVA_RB_Fist_G.png","width":985,"height":1177,"caption":"World Vapers&#039; Alliance"},"image":{"@id":"https:\/\/worldvapersalliance.com\/#\/schema\/logo\/image\/"}},{"@type":"Person","@id":"https:\/\/worldvapersalliance.com\/#\/schema\/person\/05f663571d787d89a2d5c77c482a6583","name":"Michael Landl","image":{"@type":"ImageObject","inLanguage":"ro-RO","@id":"https:\/\/secure.gravatar.com\/avatar\/1537a11db5ae7fef0631b6c662f439d8a632c50630c980828d0e2c4de581568b?s=96&d=mm&r=g","url":"https:\/\/secure.gravatar.com\/avatar\/1537a11db5ae7fef0631b6c662f439d8a632c50630c980828d0e2c4de581568b?s=96&d=mm&r=g","contentUrl":"https:\/\/secure.gravatar.com\/avatar\/1537a11db5ae7fef0631b6c662f439d8a632c50630c980828d0e2c4de581568b?s=96&d=mm&r=g","caption":"Michael Landl"},"url":"https:\/\/worldvapersalliance.com\/ro\/author\/michael\/"}]}},"_links":{"self":[{"href":"https:\/\/worldvapersalliance.com\/ro\/wp-json\/wp\/v2\/posts\/6648","targetHints":{"allow":["GET"]}}],"collection":[{"href":"https:\/\/worldvapersalliance.com\/ro\/wp-json\/wp\/v2\/posts"}],"about":[{"href":"https:\/\/worldvapersalliance.com\/ro\/wp-json\/wp\/v2\/types\/post"}],"author":[{"embeddable":true,"href":"https:\/\/worldvapersalliance.com\/ro\/wp-json\/wp\/v2\/users\/4"}],"replies":[{"embeddable":true,"href":"https:\/\/worldvapersalliance.com\/ro\/wp-json\/wp\/v2\/comments?post=6648"}],"version-history":[{"count":0,"href":"https:\/\/worldvapersalliance.com\/ro\/wp-json\/wp\/v2\/posts\/6648\/revisions"}],"wp:featuredmedia":[{"embeddable":true,"href":"https:\/\/worldvapersalliance.com\/ro\/wp-json\/wp\/v2\/media\/6659"}],"wp:attachment":[{"href":"https:\/\/worldvapersalliance.com\/ro\/wp-json\/wp\/v2\/media?parent=6648"}],"wp:term":[{"taxonomy":"category","embeddable":true,"href":"https:\/\/worldvapersalliance.com\/ro\/wp-json\/wp\/v2\/categories?post=6648"},{"taxonomy":"post_tag","embeddable":true,"href":"https:\/\/worldvapersalliance.com\/ro\/wp-json\/wp\/v2\/tags?post=6648"}],"curies":[{"name":"wp","href":"https:\/\/api.w.org\/{rel}","templated":true}]}}