{"id":6399,"date":"2025-06-23T12:05:35","date_gmt":"2025-06-23T16:05:35","guid":{"rendered":"https:\/\/worldvapersalliance.com\/?p=6399"},"modified":"2025-08-08T12:07:54","modified_gmt":"2025-08-08T16:07:54","slug":"there-is-a-democratic-deficit-at-the-heart-of-eu-policy-making","status":"publish","type":"post","link":"https:\/\/worldvapersalliance.com\/ro\/there-is-a-democratic-deficit-at-the-heart-of-eu-policy-making\/","title":{"rendered":"Exist\u0103 un deficit democratic \u00een centrul elabor\u0103rii politicilor UE"},"content":{"rendered":"<p class=\"\">Pe m\u0103sur\u0103 ce\u00a0<a href=\"https:\/\/www.worldtobaccocontrol.org\/\">Conferin\u021ba Mondial\u0103 privind Controlul Tutunului<\/a>\u00a0desf\u0103\u0219urat la Dublin s\u0103pt\u0103m\u00e2na aceasta, un protest vizual puternic a surprins o nedreptate fundamental\u0103:\u00a0<strong>consumatorii, chiar persoanele cele mai afectate de politicile privind tutunul, r\u0103m\u00e2n sistematic exclu\u0219i din procesul decizional la nivel global<\/strong>. \u201c. Cel\u201d<a href=\"https:\/\/worldvapersalliance.com\/ro\/voices-unheard-consumers-matter\/\">Voci neauzite \u2013 Consumatorii conteaz\u0103!<\/a>\u201dCampania\u201d a inclus un spectacol de lumini care a iluminat centrul de conferin\u021be \u0219i un protest t\u0103cut cu guri lipite cu band\u0103 adeziv\u0103, simboliz\u00e2nd modul \u00een care fum\u0103torilor adul\u021bi \u0219i fo\u0219tilor fum\u0103tori li se refuz\u0103 un loc la mas\u0103. Aceast\u0103 excludere nu este doar ironic\u0103; este o eroare fatal\u0103 \u00een controlul global al tutunului, una care va atinge un punct de criz\u0103 la COP11 din noiembrie de la Geneva, dac\u0103 factorii de decizie nu se confrunt\u0103 direct cu agendele ideologice ale lui Michael Bloomberg \u0219i ale Organiza\u021biei Mondiale a S\u0103n\u0103t\u0103\u021bii.<\/p>\n<p class=\"\">Abordarea actual\u0103 a controlului tutunului este inten\u021bionat defect\u0103. \u00cen timp ce Bloomberg investe\u0219te miliarde \u00een politici prohibi\u021bioniste, iar OMS promoveaz\u0103 agresiv...\u00a0<a href=\"https:\/\/fctc.who.int\/newsroom\/news\/item\/30-05-2025-who-fctc-urges-parties-to-prohibit-ingredients-used-to-increase-product-attractiveness-and-palatability\">interdic\u021bii privind aromele<\/a>\u00a0\u0219i restric\u021biile privind alternativele mai sigure, experien\u021bele tr\u0103ite de milioane de oameni care au renun\u021bat la fumat prin produse cu risc redus sunt ignorate. Nu este un accident, ci o excludere institu\u021bionalizat\u0103. Conven\u021bia-cadru a OMS pentru controlul tutunului, pe care finan\u021barea Bloomberg o influen\u021beaz\u0103 puternic, ignor\u0103 \u00een mod explicit vocile consumatorilor \u0219i expertiza \u00een reducerea riscurilor. Rezultatul sunt politici precum interzicerea \u021big\u0103rilor electronice prin vaping \u00een India din 2019 - sus\u021binut\u0103 direct de grupuri finan\u021bate de Bloomberg - care elimin\u0103 alternativele care salveaz\u0103 vie\u021bi, \u00een timp ce \u021big\u0103rile combustibile r\u0103m\u00e2n disponibile pe scar\u0103 larg\u0103. Este o strategie pervers\u0103 de s\u0103n\u0103tate public\u0103: protejarea pie\u021bei \u021big\u0103rilor prin interzicerea concuren\u021bei.<\/p>\n<p class=\"\"><strong>Nic\u0103ieri aceast\u0103 deconectare nu este mai alarmant\u0103 dec\u00e2t \u00een Uniunea European\u0103. Pe m\u0103sur\u0103 ce Suedia se apropie de statutul de \u201cf\u0103r\u0103 fum\u201d prin reducerea pragmatic\u0103 a riscurilor, Comisia UE cocheteaz\u0103 cu politici prohibi\u021bioniste \u00een timpul revizuirii Directivei privind produsele din tutun.<\/strong>\u00a0<a href=\"https:\/\/worldvapersalliance.com\/ro\/eu-turns-vapers-into-piggy-banks-lives-at-risk-as-eu-commission-pushes-for-extra-cash-instead-of-public-health\/\">Propuneri scurse<\/a>\u00a0sugereaz\u0103 interdic\u021bii privind aromele, restric\u021bii privind pungile de nicotin\u0103 \u0219i taxe pentru vaping - m\u0103suri care i-ar \u00eempinge inevitabil pe europeni \u00eenapoi la fumat. Aceasta nu este o specula\u021bie; este un model stabilit.<strong>\u00a0C\u00e2nd Alian\u021ba Mondial\u0103 a Vaperilor a livrat\u00a0<a href=\"https:\/\/worldvapersalliance.com\/ro\/every-life-counts\/\">100.000 de semn\u0103turi<\/a>\u00a0c\u0103tre Parlamentul European care protesteaz\u0103 \u00eempotriva acestor m\u0103suri regresive, a eviden\u021biat un deficit democratic<\/strong>Factorii de decizie politic\u0103 legifereaz\u0103 \u00eempotriva consumatorilor, nu pentru ei. Alinierea UE la pozi\u021bia anti-\u0219tiin\u021bific\u0103 a OMS - unde \u201cmai pu\u021bin d\u0103un\u0103tor\u201d este interpretat gre\u0219it \u00een mod voit ca \u201c\u00eenc\u0103 d\u0103un\u0103tor\u201d - ignor\u0103 dovezile cople\u0219itoare de la Public Health England \u0219i de la al\u021bii c\u0103 vapatul este mai sigur dec\u00e2t fumatul.<\/p>\n<p class=\"\">COP11 ofer\u0103 o ultim\u0103 oportunitate de a evita dezastrul politic. Cu toate acestea, istoricul de 20 de ani al FCTC este sumbru: excluderea consumatorilor, ideologia predomin\u0103 \u00een dovezi \u0219i domina\u021bia din umbra lui Bloomberg. Procesul FCTC interzice \u00een mod activ participarea consumatorilor, resping\u00e2nd perspectivele din lumea real\u0103 ale celor care au renun\u021bat cu succes la fumat. Cererea OMS pentru\u00a0<a href=\"https:\/\/worldvapersalliance.com\/wp-content\/uploads\/2025\/06\/Briefing-WHO-Flavour-Ban.pdf\">interdic\u021bii privind aromele<\/a>\u00a0contrazice datele care arat\u0103 c\u0103 aromele sunt esen\u021biale pentru renun\u021barea la fumat la adul\u021bi. Bloomberg finan\u021beaz\u0103 majoritatea ini\u021biativelor globale de control al tutunului, ceea ce face ca opozi\u021bia funda\u021biei sale fa\u021b\u0103 de reducerea riscurilor s\u0103 fie o politic\u0103 global\u0103 de facto.<\/p>\n<h5><strong>Prioritatea trebuie s\u0103 fie salvarea de vie\u021bi omene\u0219ti<\/strong><\/h5>\n<p class=\"\"><strong>Acest lucru trebuie s\u0103 se termine. \u021a\u0103rile care adopt\u0103 metode de reducere a riscurilor \u00eenregistreaz\u0103 sc\u0103deri f\u0103r\u0103 precedent ale fumatului: adoptarea tutunului \u00eenc\u0103lzit \u00een Japonia a redus v\u00e2nz\u0103rile de \u021big\u0103ri cu 42% \u00een cinci ani. Suedia \u0219i Noua Zeeland\u0103 vor deveni \u00een cur\u00e2nd o \u021bar\u0103 f\u0103r\u0103 fumat datorit\u0103 abord\u0103rilor lor progresive privind vaping-ul, \u021big\u0103rile electronice cu plicule\u021be \u0219i snus-ul.<\/strong><\/p>\n<p class=\"\">Solu\u021bia necesit\u0103 o restructurare fundamental\u0103. Consumatorii trebuie s\u0103 fie \u00een centrul elabor\u0103rii politicilor, inclusiv fo\u0219tii fum\u0103tori \u0219i sus\u021bin\u0103torii reducerii riscurilor din delega\u021biile COP11. Factorii de decizie politic\u0103 ar trebui s\u0103 urmeze dovezile, reglement\u00e2nd pe baza riscului relativ, nu a panicii morale. Exager\u0103rile lui Bloomberg trebuie respinse; politica de s\u0103n\u0103tate public\u0103 nu ar trebui dictat\u0103 de cruciada personal\u0103 a unui miliardar. CCCT trebuie s\u0103 se modernizeze \u0219i s\u0103 adopte reducerea riscurilor provocate de tutun ca o strategie central\u0103, nu ca o amenin\u021bare.<\/p>\n<p class=\"\">Protestul de la Dublin (vezi imaginea) nu a fost un teatru, ci un avertisment. Atunci c\u00e2nd politicile sunt elaborate \u00een camere de ecou ale ideologiei \u0219i influen\u021bei, acestea e\u0219ueaz\u0103. Pe m\u0103sur\u0103 ce se apropie COP11, alegerea este clar\u0103: continuarea experimentului prohibi\u021bionist al lui Bloomberg \u0219i condamnarea a milioane de oameni la decese legate de fumat sau, \u00een sf\u00e2r\u0219it, ascultarea celor care au g\u0103sit ie\u0219iri mai sigure de la fumat. Viitorul reducerii riscurilor este \u00een joc, iar noi refuz\u0103m s\u0103 r\u0103m\u00e2nem t\u0103cu\u021bi.<\/p>\n<p>Publicat ini\u021bial <a href=\"https:\/\/www.brusselsreport.eu\/2025\/06\/23\/there-is-a-democratic-deficit-at-the-heart-of-eu-policy-making\/\" target=\"_blank\" rel=\"noopener\">Aici<\/a><\/p>","protected":false},"excerpt":{"rendered":"<p>As the\u00a0World Conference on Tobacco Control\u00a0unfolded in Dublin this week, a powerful visual protest captured a fundamental injustice:\u00a0consumers, the very people most affected by tobacco policies, remain systematically excluded from global decision-making. The \u201cVoices Unheard \u2013 Consumers Matter!\u201d campaign featured a light show illuminating the conference centre and a silent protest with taped mouths, symbolising [&hellip;]<\/p>\n","protected":false},"author":4,"featured_media":6394,"comment_status":"open","ping_status":"open","sticky":false,"template":"","format":"standard","meta":{"footnotes":""},"categories":[15],"tags":[],"class_list":["post-6399","post","type-post","status-publish","format-standard","has-post-thumbnail","hentry","category-wva-in-the-news"],"yoast_head":"<!-- This site is optimized with the Yoast SEO plugin v27.3 - https:\/\/yoast.com\/product\/yoast-seo-wordpress\/ -->\n<title>There is a democratic deficit at the heart of EU policy making - World Vapers&#039; Alliance<\/title>\n<meta name=\"robots\" content=\"index, follow, max-snippet:-1, max-image-preview:large, max-video-preview:-1\" \/>\n<link rel=\"canonical\" href=\"https:\/\/worldvapersalliance.com\/ro\/there-is-a-democratic-deficit-at-the-heart-of-eu-policy-making\/\" \/>\n<meta property=\"og:locale\" content=\"ro_RO\" \/>\n<meta property=\"og:type\" content=\"article\" \/>\n<meta property=\"og:title\" content=\"There is a democratic deficit at the heart of EU policy making - World Vapers&#039; Alliance\" \/>\n<meta property=\"og:description\" content=\"As the\u00a0World Conference on Tobacco Control\u00a0unfolded in Dublin this week, a powerful visual protest captured a fundamental injustice:\u00a0consumers, the very people most affected by tobacco policies, remain systematically excluded from global decision-making. The \u201cVoices Unheard \u2013 Consumers Matter!\u201d campaign featured a light show illuminating the conference centre and a silent protest with taped mouths, symbolising [&hellip;]\" \/>\n<meta property=\"og:url\" content=\"https:\/\/worldvapersalliance.com\/ro\/there-is-a-democratic-deficit-at-the-heart-of-eu-policy-making\/\" \/>\n<meta property=\"og:site_name\" content=\"World Vapers&#039; Alliance\" \/>\n<meta property=\"article:published_time\" content=\"2025-06-23T16:05:35+00:00\" \/>\n<meta property=\"article:modified_time\" content=\"2025-08-08T16:07:54+00:00\" \/>\n<meta property=\"og:image\" content=\"https:\/\/worldvapersalliance.com\/wp-content\/uploads\/2025\/08\/WVA-in-the-news.png\" \/>\n\t<meta property=\"og:image:width\" content=\"1264\" \/>\n\t<meta property=\"og:image:height\" content=\"848\" \/>\n\t<meta property=\"og:image:type\" content=\"image\/png\" \/>\n<meta name=\"author\" content=\"Michael Landl\" \/>\n<meta name=\"twitter:card\" content=\"summary_large_image\" \/>\n<meta name=\"twitter:label1\" content=\"Scris de\" \/>\n\t<meta name=\"twitter:data1\" content=\"Michael Landl\" \/>\n\t<meta name=\"twitter:label2\" content=\"Timp estimat pentru citire\" \/>\n\t<meta name=\"twitter:data2\" content=\"3 minute\" \/>\n<script type=\"application\/ld+json\" class=\"yoast-schema-graph\">{\"@context\":\"https:\\\/\\\/schema.org\",\"@graph\":[{\"@type\":\"Article\",\"@id\":\"https:\\\/\\\/worldvapersalliance.com\\\/there-is-a-democratic-deficit-at-the-heart-of-eu-policy-making\\\/#article\",\"isPartOf\":{\"@id\":\"https:\\\/\\\/worldvapersalliance.com\\\/there-is-a-democratic-deficit-at-the-heart-of-eu-policy-making\\\/\"},\"author\":{\"name\":\"Michael Landl\",\"@id\":\"https:\\\/\\\/worldvapersalliance.com\\\/#\\\/schema\\\/person\\\/05f663571d787d89a2d5c77c482a6583\"},\"headline\":\"There is a democratic deficit at the heart of EU policy making\",\"datePublished\":\"2025-06-23T16:05:35+00:00\",\"dateModified\":\"2025-08-08T16:07:54+00:00\",\"mainEntityOfPage\":{\"@id\":\"https:\\\/\\\/worldvapersalliance.com\\\/there-is-a-democratic-deficit-at-the-heart-of-eu-policy-making\\\/\"},\"wordCount\":638,\"commentCount\":0,\"publisher\":{\"@id\":\"https:\\\/\\\/worldvapersalliance.com\\\/#organization\"},\"image\":{\"@id\":\"https:\\\/\\\/worldvapersalliance.com\\\/there-is-a-democratic-deficit-at-the-heart-of-eu-policy-making\\\/#primaryimage\"},\"thumbnailUrl\":\"https:\\\/\\\/worldvapersalliance.com\\\/wp-content\\\/uploads\\\/2025\\\/08\\\/WVA-in-the-news.png\",\"articleSection\":[\"WVA in the News\"],\"inLanguage\":\"ro-RO\",\"potentialAction\":[{\"@type\":\"CommentAction\",\"name\":\"Comment\",\"target\":[\"https:\\\/\\\/worldvapersalliance.com\\\/there-is-a-democratic-deficit-at-the-heart-of-eu-policy-making\\\/#respond\"]}]},{\"@type\":\"WebPage\",\"@id\":\"https:\\\/\\\/worldvapersalliance.com\\\/there-is-a-democratic-deficit-at-the-heart-of-eu-policy-making\\\/\",\"url\":\"https:\\\/\\\/worldvapersalliance.com\\\/there-is-a-democratic-deficit-at-the-heart-of-eu-policy-making\\\/\",\"name\":\"There is a democratic deficit at the heart of EU policy making - World Vapers&#039; Alliance\",\"isPartOf\":{\"@id\":\"https:\\\/\\\/worldvapersalliance.com\\\/#website\"},\"primaryImageOfPage\":{\"@id\":\"https:\\\/\\\/worldvapersalliance.com\\\/there-is-a-democratic-deficit-at-the-heart-of-eu-policy-making\\\/#primaryimage\"},\"image\":{\"@id\":\"https:\\\/\\\/worldvapersalliance.com\\\/there-is-a-democratic-deficit-at-the-heart-of-eu-policy-making\\\/#primaryimage\"},\"thumbnailUrl\":\"https:\\\/\\\/worldvapersalliance.com\\\/wp-content\\\/uploads\\\/2025\\\/08\\\/WVA-in-the-news.png\",\"datePublished\":\"2025-06-23T16:05:35+00:00\",\"dateModified\":\"2025-08-08T16:07:54+00:00\",\"inLanguage\":\"ro-RO\",\"potentialAction\":[{\"@type\":\"ReadAction\",\"target\":[\"https:\\\/\\\/worldvapersalliance.com\\\/there-is-a-democratic-deficit-at-the-heart-of-eu-policy-making\\\/\"]}]},{\"@type\":\"ImageObject\",\"inLanguage\":\"ro-RO\",\"@id\":\"https:\\\/\\\/worldvapersalliance.com\\\/there-is-a-democratic-deficit-at-the-heart-of-eu-policy-making\\\/#primaryimage\",\"url\":\"https:\\\/\\\/worldvapersalliance.com\\\/wp-content\\\/uploads\\\/2025\\\/08\\\/WVA-in-the-news.png\",\"contentUrl\":\"https:\\\/\\\/worldvapersalliance.com\\\/wp-content\\\/uploads\\\/2025\\\/08\\\/WVA-in-the-news.png\",\"width\":1264,\"height\":848},{\"@type\":\"WebSite\",\"@id\":\"https:\\\/\\\/worldvapersalliance.com\\\/#website\",\"url\":\"https:\\\/\\\/worldvapersalliance.com\\\/\",\"name\":\"World Vapers&#039; Alliance\",\"description\":\"The largest community of vapers\",\"publisher\":{\"@id\":\"https:\\\/\\\/worldvapersalliance.com\\\/#organization\"},\"potentialAction\":[{\"@type\":\"SearchAction\",\"target\":{\"@type\":\"EntryPoint\",\"urlTemplate\":\"https:\\\/\\\/worldvapersalliance.com\\\/?s={search_term_string}\"},\"query-input\":{\"@type\":\"PropertyValueSpecification\",\"valueRequired\":true,\"valueName\":\"search_term_string\"}}],\"inLanguage\":\"ro-RO\"},{\"@type\":\"Organization\",\"@id\":\"https:\\\/\\\/worldvapersalliance.com\\\/#organization\",\"name\":\"World Vapers&#039; Alliance\",\"url\":\"https:\\\/\\\/worldvapersalliance.com\\\/\",\"logo\":{\"@type\":\"ImageObject\",\"inLanguage\":\"ro-RO\",\"@id\":\"https:\\\/\\\/worldvapersalliance.com\\\/#\\\/schema\\\/logo\\\/image\\\/\",\"url\":\"https:\\\/\\\/worldvapersalliance.com\\\/wp-content\\\/uploads\\\/2022\\\/01\\\/WVA_RB_Fist_G.png\",\"contentUrl\":\"https:\\\/\\\/worldvapersalliance.com\\\/wp-content\\\/uploads\\\/2022\\\/01\\\/WVA_RB_Fist_G.png\",\"width\":985,\"height\":1177,\"caption\":\"World Vapers&#039; Alliance\"},\"image\":{\"@id\":\"https:\\\/\\\/worldvapersalliance.com\\\/#\\\/schema\\\/logo\\\/image\\\/\"}},{\"@type\":\"Person\",\"@id\":\"https:\\\/\\\/worldvapersalliance.com\\\/#\\\/schema\\\/person\\\/05f663571d787d89a2d5c77c482a6583\",\"name\":\"Michael Landl\",\"image\":{\"@type\":\"ImageObject\",\"inLanguage\":\"ro-RO\",\"@id\":\"https:\\\/\\\/secure.gravatar.com\\\/avatar\\\/1537a11db5ae7fef0631b6c662f439d8a632c50630c980828d0e2c4de581568b?s=96&d=mm&r=g\",\"url\":\"https:\\\/\\\/secure.gravatar.com\\\/avatar\\\/1537a11db5ae7fef0631b6c662f439d8a632c50630c980828d0e2c4de581568b?s=96&d=mm&r=g\",\"contentUrl\":\"https:\\\/\\\/secure.gravatar.com\\\/avatar\\\/1537a11db5ae7fef0631b6c662f439d8a632c50630c980828d0e2c4de581568b?s=96&d=mm&r=g\",\"caption\":\"Michael Landl\"},\"url\":\"https:\\\/\\\/worldvapersalliance.com\\\/ro\\\/author\\\/michael\\\/\"}]}<\/script>\n<!-- \/ Yoast SEO plugin. -->","yoast_head_json":{"title":"Exist\u0103 un deficit democratic \u00een centrul elabor\u0103rii politicilor UE - Alian\u021ba Mondial\u0103 a Vaperilor","robots":{"index":"index","follow":"follow","max-snippet":"max-snippet:-1","max-image-preview":"max-image-preview:large","max-video-preview":"max-video-preview:-1"},"canonical":"https:\/\/worldvapersalliance.com\/ro\/there-is-a-democratic-deficit-at-the-heart-of-eu-policy-making\/","og_locale":"ro_RO","og_type":"article","og_title":"There is a democratic deficit at the heart of EU policy making - World Vapers&#039; Alliance","og_description":"As the\u00a0World Conference on Tobacco Control\u00a0unfolded in Dublin this week, a powerful visual protest captured a fundamental injustice:\u00a0consumers, the very people most affected by tobacco policies, remain systematically excluded from global decision-making. The \u201cVoices Unheard \u2013 Consumers Matter!\u201d campaign featured a light show illuminating the conference centre and a silent protest with taped mouths, symbolising [&hellip;]","og_url":"https:\/\/worldvapersalliance.com\/ro\/there-is-a-democratic-deficit-at-the-heart-of-eu-policy-making\/","og_site_name":"World Vapers&#039; Alliance","article_published_time":"2025-06-23T16:05:35+00:00","article_modified_time":"2025-08-08T16:07:54+00:00","og_image":[{"width":1264,"height":848,"url":"https:\/\/worldvapersalliance.com\/wp-content\/uploads\/2025\/08\/WVA-in-the-news.png","type":"image\/png"}],"author":"Michael Landl","twitter_card":"summary_large_image","twitter_misc":{"Scris de":"Michael Landl","Timp estimat pentru citire":"3 minute"},"schema":{"@context":"https:\/\/schema.org","@graph":[{"@type":"Article","@id":"https:\/\/worldvapersalliance.com\/there-is-a-democratic-deficit-at-the-heart-of-eu-policy-making\/#article","isPartOf":{"@id":"https:\/\/worldvapersalliance.com\/there-is-a-democratic-deficit-at-the-heart-of-eu-policy-making\/"},"author":{"name":"Michael Landl","@id":"https:\/\/worldvapersalliance.com\/#\/schema\/person\/05f663571d787d89a2d5c77c482a6583"},"headline":"There is a democratic deficit at the heart of EU policy making","datePublished":"2025-06-23T16:05:35+00:00","dateModified":"2025-08-08T16:07:54+00:00","mainEntityOfPage":{"@id":"https:\/\/worldvapersalliance.com\/there-is-a-democratic-deficit-at-the-heart-of-eu-policy-making\/"},"wordCount":638,"commentCount":0,"publisher":{"@id":"https:\/\/worldvapersalliance.com\/#organization"},"image":{"@id":"https:\/\/worldvapersalliance.com\/there-is-a-democratic-deficit-at-the-heart-of-eu-policy-making\/#primaryimage"},"thumbnailUrl":"https:\/\/worldvapersalliance.com\/wp-content\/uploads\/2025\/08\/WVA-in-the-news.png","articleSection":["WVA in the News"],"inLanguage":"ro-RO","potentialAction":[{"@type":"CommentAction","name":"Comment","target":["https:\/\/worldvapersalliance.com\/there-is-a-democratic-deficit-at-the-heart-of-eu-policy-making\/#respond"]}]},{"@type":"WebPage","@id":"https:\/\/worldvapersalliance.com\/there-is-a-democratic-deficit-at-the-heart-of-eu-policy-making\/","url":"https:\/\/worldvapersalliance.com\/there-is-a-democratic-deficit-at-the-heart-of-eu-policy-making\/","name":"Exist\u0103 un deficit democratic \u00een centrul elabor\u0103rii politicilor UE - Alian\u021ba Mondial\u0103 a Vaperilor","isPartOf":{"@id":"https:\/\/worldvapersalliance.com\/#website"},"primaryImageOfPage":{"@id":"https:\/\/worldvapersalliance.com\/there-is-a-democratic-deficit-at-the-heart-of-eu-policy-making\/#primaryimage"},"image":{"@id":"https:\/\/worldvapersalliance.com\/there-is-a-democratic-deficit-at-the-heart-of-eu-policy-making\/#primaryimage"},"thumbnailUrl":"https:\/\/worldvapersalliance.com\/wp-content\/uploads\/2025\/08\/WVA-in-the-news.png","datePublished":"2025-06-23T16:05:35+00:00","dateModified":"2025-08-08T16:07:54+00:00","inLanguage":"ro-RO","potentialAction":[{"@type":"ReadAction","target":["https:\/\/worldvapersalliance.com\/there-is-a-democratic-deficit-at-the-heart-of-eu-policy-making\/"]}]},{"@type":"ImageObject","inLanguage":"ro-RO","@id":"https:\/\/worldvapersalliance.com\/there-is-a-democratic-deficit-at-the-heart-of-eu-policy-making\/#primaryimage","url":"https:\/\/worldvapersalliance.com\/wp-content\/uploads\/2025\/08\/WVA-in-the-news.png","contentUrl":"https:\/\/worldvapersalliance.com\/wp-content\/uploads\/2025\/08\/WVA-in-the-news.png","width":1264,"height":848},{"@type":"WebSite","@id":"https:\/\/worldvapersalliance.com\/#website","url":"https:\/\/worldvapersalliance.com\/","name":"Alian\u021ba Mondial\u0103 a Vaporatorilor","description":"Cea mai mare comunitate de vapoare","publisher":{"@id":"https:\/\/worldvapersalliance.com\/#organization"},"potentialAction":[{"@type":"SearchAction","target":{"@type":"EntryPoint","urlTemplate":"https:\/\/worldvapersalliance.com\/?s={search_term_string}"},"query-input":{"@type":"PropertyValueSpecification","valueRequired":true,"valueName":"search_term_string"}}],"inLanguage":"ro-RO"},{"@type":"Organization","@id":"https:\/\/worldvapersalliance.com\/#organization","name":"Alian\u021ba Mondial\u0103 a Vaporatorilor","url":"https:\/\/worldvapersalliance.com\/","logo":{"@type":"ImageObject","inLanguage":"ro-RO","@id":"https:\/\/worldvapersalliance.com\/#\/schema\/logo\/image\/","url":"https:\/\/worldvapersalliance.com\/wp-content\/uploads\/2022\/01\/WVA_RB_Fist_G.png","contentUrl":"https:\/\/worldvapersalliance.com\/wp-content\/uploads\/2022\/01\/WVA_RB_Fist_G.png","width":985,"height":1177,"caption":"World Vapers&#039; Alliance"},"image":{"@id":"https:\/\/worldvapersalliance.com\/#\/schema\/logo\/image\/"}},{"@type":"Person","@id":"https:\/\/worldvapersalliance.com\/#\/schema\/person\/05f663571d787d89a2d5c77c482a6583","name":"Michael Landl","image":{"@type":"ImageObject","inLanguage":"ro-RO","@id":"https:\/\/secure.gravatar.com\/avatar\/1537a11db5ae7fef0631b6c662f439d8a632c50630c980828d0e2c4de581568b?s=96&d=mm&r=g","url":"https:\/\/secure.gravatar.com\/avatar\/1537a11db5ae7fef0631b6c662f439d8a632c50630c980828d0e2c4de581568b?s=96&d=mm&r=g","contentUrl":"https:\/\/secure.gravatar.com\/avatar\/1537a11db5ae7fef0631b6c662f439d8a632c50630c980828d0e2c4de581568b?s=96&d=mm&r=g","caption":"Michael Landl"},"url":"https:\/\/worldvapersalliance.com\/ro\/author\/michael\/"}]}},"_links":{"self":[{"href":"https:\/\/worldvapersalliance.com\/ro\/wp-json\/wp\/v2\/posts\/6399","targetHints":{"allow":["GET"]}}],"collection":[{"href":"https:\/\/worldvapersalliance.com\/ro\/wp-json\/wp\/v2\/posts"}],"about":[{"href":"https:\/\/worldvapersalliance.com\/ro\/wp-json\/wp\/v2\/types\/post"}],"author":[{"embeddable":true,"href":"https:\/\/worldvapersalliance.com\/ro\/wp-json\/wp\/v2\/users\/4"}],"replies":[{"embeddable":true,"href":"https:\/\/worldvapersalliance.com\/ro\/wp-json\/wp\/v2\/comments?post=6399"}],"version-history":[{"count":0,"href":"https:\/\/worldvapersalliance.com\/ro\/wp-json\/wp\/v2\/posts\/6399\/revisions"}],"wp:featuredmedia":[{"embeddable":true,"href":"https:\/\/worldvapersalliance.com\/ro\/wp-json\/wp\/v2\/media\/6394"}],"wp:attachment":[{"href":"https:\/\/worldvapersalliance.com\/ro\/wp-json\/wp\/v2\/media?parent=6399"}],"wp:term":[{"taxonomy":"category","embeddable":true,"href":"https:\/\/worldvapersalliance.com\/ro\/wp-json\/wp\/v2\/categories?post=6399"},{"taxonomy":"post_tag","embeddable":true,"href":"https:\/\/worldvapersalliance.com\/ro\/wp-json\/wp\/v2\/tags?post=6399"}],"curies":[{"name":"wp","href":"https:\/\/api.w.org\/{rel}","templated":true}]}}