{"id":5993,"date":"2025-01-30T02:52:47","date_gmt":"2025-01-30T07:52:47","guid":{"rendered":"https:\/\/worldvapersalliance.com\/?p=5993"},"modified":"2025-01-30T02:56:30","modified_gmt":"2025-01-30T07:56:30","slug":"the-looming-threat-of-a-flavour-ban-in-germany-a-critical-analysis","status":"publish","type":"post","link":"https:\/\/worldvapersalliance.com\/ro\/the-looming-threat-of-a-flavour-ban-in-germany-a-critical-analysis\/","title":{"rendered":"Amenin\u021barea iminent\u0103 a unei interdic\u021bii a aromelor \u00een Germania: o analiz\u0103 critic\u0103"},"content":{"rendered":"<p><span style=\"font-weight: 400;\">\u00cen timp ce Germania se preg\u0103te\u0219te pentru alegeri cruciale de luna viitoare, care vor inaugura un nou guvern, o evolu\u021bie alarmant\u0103 are loc \u00een domeniul reducerii daunelor provocate de tutun. Actualul guvern interimar, condus par\u021bial de Partidul Verde, are \u00een vedere o interdic\u021bie general\u0103 a aromelor de \u021big\u0103ri electronice printr-o directiv\u0103 executiv\u0103. Aceast\u0103 mi\u0219care, ini\u021biat\u0103 de ministrul Agriculturii, Cem \u00d6tzdemir, ar putea scoate efectiv \u00een afara legii 80% a tuturor aromelor de lichide pentru \u021big\u0103ri electronice, interzic\u00e2nd mentolul ca \u0219i compus \u00een arome.\u00a0<\/span><\/p>\n<h4><span style=\"font-weight: 400;\">Situa\u021bia actual\u0103: o interdic\u021bie ascuns\u0103 \u00een amurgul puterii<\/span><\/h4>\n<p><span style=\"font-weight: 400;\">Momentul \u0219i metoda acestei interdic\u021bii propuse sunt profund \u00eengrijor\u0103toare. Av\u00e2nd \u00een vedere c\u0103 Partidul Verde se confrunt\u0103 probabil cu o \u00eenfr\u00e2ngere la urm\u0103toarele alegeri, aceast\u0103 manevr\u0103 de ultim moment pare a fi o \u00eencercare de a impune o schimbare semnificativ\u0103 de politic\u0103 f\u0103r\u0103 un proces democratic adecvat sau implicarea p\u0103r\u021bilor interesate. Este o abatere evident\u0103 de la rolul a\u0219teptat al unui guvern interimar, care ar trebui s\u0103 fie men\u021binerea status quo-ului, mai degrab\u0103 dec\u00e2t implementarea unor reglement\u0103ri noi \u0219i de anvergur\u0103.<\/span><\/p>\n<p><span style=\"font-weight: 400;\">Partidul Verde din Germania a publicat recent Programul s\u0103u de Guvernare pentru 2025, prin care se angajeaz\u0103 s\u0103... <\/span><a href=\"https:\/\/www.tabakfreiergenuss.org\/parteien-positionieren-sich-zur-bundestagswahl-2025\/?t\" target=\"_blank\" rel=\"noopener\"><span style=\"font-weight: 400;\">interzice aromele<\/span><\/a><span style=\"font-weight: 400;\"> \u00een vape-uri. Cu toate acestea, abordarea actual\u0103 de utilizare a unei directive executive pentru a viza \u00een mod specific mentolul reprezint\u0103 o eludare \u00eengrijor\u0103toare a procesului legislativ. Aceast\u0103 strategie ar putea avea consecin\u021be de amploare, interzic\u00e2nd efectiv marea majoritate a aromelor de e-lichid din cauza utiliz\u0103rii pe scar\u0103 larg\u0103 a mentolului ca \u0219i component al aromei.<\/span><\/p>\n<h4><span style=\"font-weight: 400;\">Importan\u021ba aromelor \u00een renun\u021barea la fumat<\/span><\/h4>\n<p><span style=\"font-weight: 400;\">Rolul aromelor \u00een a-i ajuta pe fum\u0103tori s\u0103 renun\u021be la \u021big\u0103rile combustibile nu poate fi supraestimat. O interdic\u021bie general\u0103 a aromelor ar putea submina eficacitatea vapatului ca instrument de reducere a riscurilor.<\/span><\/p>\n<p><span style=\"font-weight: 400;\">Exemplele interna\u021bionale ofer\u0103 avertismente dure cu privire la poten\u021bialele consecin\u021be negative ale interdic\u021biilor privind aromele. \u00cen <\/span><a href=\"https:\/\/tholosfoundation.org\/wp-content\/uploads\/2023\/10\/Denmark-DE.pdf\" target=\"_blank\" rel=\"noopener\"><span style=\"font-weight: 400;\">Danemarca<\/span><\/a><span style=\"font-weight: 400;\">, De exemplu, o interdic\u021bie a aromelor a dus la o pia\u021b\u0103 neagr\u0103 \u00eenfloritoare, 93% de vaperi raport\u00e2nd acces facil la arome interzise, \u00een timp ce \u00een <\/span><a href=\"https:\/\/tholosfoundation.org\/wp-content\/uploads\/2022\/05\/Presentation-Estonia-.pdf\"><span style=\"font-weight: 400;\">Estonia<\/span><\/a><span style=\"font-weight: 400;\">, 60% dintre vaperi au \u00eenceput s\u0103-\u0219i fac\u0103 propriile lichide aromate sau s\u0103 le ob\u021bin\u0103 de pe pia\u021ba neagr\u0103. Acest lucru nu numai c\u0103 submineaz\u0103 beneficiile scontate pentru s\u0103n\u0103tate, dar alimenteaz\u0103 \u0219i activit\u0103\u021bile infrac\u021bionale \u0219i complic\u0103 eforturile de aplicare a legii.<\/span><\/p>\n<p><span style=\"font-weight: 400;\">\u0218i mai \u00eengrijor\u0103toare sunt poten\u021bialele impacturi asupra s\u0103n\u0103t\u0103\u021bii publice. \u00cen <\/span><a href=\"https:\/\/www.journaldemontreal.com\/2024\/06\/09\/nos-pires-scenarios-se-sont-realises-des-vapoteurs-se-rabattent-sur-la-cigarette\" target=\"_blank\" rel=\"noopener\"><span style=\"font-weight: 400;\">Quebec<\/span><\/a><span style=\"font-weight: 400;\">, \u00cen doar \u0219ase luni de la implementarea interdic\u021biei privind aromele, 36% dintre fo\u0219tii vaperi au reluat fumatul. Acest model de recidiv\u0103 la produse din tutun mai d\u0103un\u0103toare a fost observat \u0219i \u00een alte jurisdic\u021bii, cum ar fi <\/span><a href=\"https:\/\/jamanetwork.com\/journals\/jamapediatrics\/fullarticle\/2780248\" target=\"_blank\" rel=\"noopener\"><span style=\"font-weight: 400;\">California<\/span><\/a><span style=\"font-weight: 400;\"> sau <\/span><a href=\"https:\/\/www.medrxiv.org\/content\/10.1101\/2022.04.24.22274236v1\" target=\"_blank\" rel=\"noopener\"><span style=\"font-weight: 400;\">Massachusetts<\/span><\/a><span style=\"font-weight: 400;\">. Se pot a\u0219tepta consecin\u021be grave \u0219i neinten\u021bionate ale interzicerii aromelor, inclusiv cre\u0219terea fumatului prin reducerea schimb\u0103rii la \u021big\u0103ri de c\u0103tre adul\u021bi \u0219i cre\u0219terea recidivelor de la vaping la fumat, o pia\u021b\u0103 neagr\u0103 \u00een cre\u0219tere pentru produsele aromate \u0219i solu\u021bii alternative poten\u021bial periculoase pentru consumatori, cum ar fi amestecarea DIY, deoarece acest lucru... <\/span><a href=\"https:\/\/tholosfoundation.org\/wp-content\/uploads\/2023\/10\/Germany_DE.pdf\" target=\"_blank\" rel=\"noopener\"><span style=\"font-weight: 400;\">studiu<\/span><\/a><span style=\"font-weight: 400;\"> printre spectacolele vaperilor germani.\u00a0<\/span><\/p>\n<h4><span style=\"font-weight: 400;\">\u0218tiin\u021ba din spatele preferin\u021belor aromatice<\/span><\/h4>\n<p><span style=\"font-weight: 400;\">Dovezile \u0219tiin\u021bifice demonstreaz\u0103 \u00een mod constant rolul crucial pe care \u00eel joac\u0103 aromele \u00een renun\u021barea cu succes la fumat. <\/span><a href=\"https:\/\/pmc.ncbi.nlm.nih.gov\/articles\/PMC10576309\/\" target=\"_blank\" rel=\"noopener\"><span style=\"font-weight: 400;\">Studii<\/span><\/a><span style=\"font-weight: 400;\"> indic\u0103 faptul c\u0103 aromele de fructe (83,3%), aromele de desert (68,0%) \u0219i aromele de bomboane (44,5%) sunt cele mai populare printre fo\u0219tii fum\u0103tori care au trecut la vaping. \u00cen special, doar 2,1% dintre utilizatori men\u021bioneaz\u0103 aroma de tutun ca op\u021biune preferat\u0103. Peste 60% dintre <\/span><a href=\"https:\/\/tholosfoundation.org\/wp-content\/uploads\/2023\/10\/Germany_DE.pdf\" target=\"_blank\" rel=\"noopener\"><span style=\"font-weight: 400;\">german<\/span><\/a><span style=\"font-weight: 400;\"> Utilizatorii de \u021big\u0103ri electronice folosesc alte arome dec\u00e2t tutunul, aromele fructate fiind cele mai frecvente, iar 831% dintre utilizatorii de \u021big\u0103ri electronice germane spun c\u0103 aromele sunt importante sau foarte importante pentru decizia lor de a vapa, doar 81% dintre utilizatorii de \u021big\u0103ri electronice sus\u021bin\u00e2nd interzicerea aromelor. Aceste date subliniaz\u0103 importan\u021ba variet\u0103\u021bii de arome pentru a ajuta fum\u0103torii s\u0103 renun\u021be la \u021big\u0103rile tradi\u021bionale.<\/span><\/p>\n<p><span style=\"font-weight: 400;\">\u00cen plus, <\/span><a href=\"https:\/\/pubmed.ncbi.nlm.nih.gov\/32501490\/\" target=\"_blank\" rel=\"noopener\"><span style=\"font-weight: 400;\">cercetare<\/span><\/a><span style=\"font-weight: 400;\"> arat\u0103 c\u0103 disponibilitatea aromelor poate cre\u0219te probabilitatea de a renun\u021ba cu succes la fumat cu p\u00e2n\u0103 la 230%. Aceste statistici eviden\u021biaz\u0103 poten\u021bialele beneficii pentru s\u0103n\u0103tatea public\u0103 ale men\u021binerii unei game diverse de arome pentru e-lichide.<\/span><\/p>\n<h4><span style=\"font-weight: 400;\">\u00cenv\u0103\u021b\u00e2nd din pove\u0219tile de succes interna\u021bionale<\/span><\/h4>\n<p><span style=\"font-weight: 400;\">\u00cen timp ce Germania se lupt\u0103 cu ideea de a restric\u021biona aromele \u021big\u0103rilor electronice, alte \u021b\u0103ri au adoptat abord\u0103ri mai progresive \u00een ceea ce prive\u0219te reducerea daunelor provocate de tutun, cu un succes remarcabil. <\/span><a href=\"https:\/\/worldvapersalliance.com\/ro\/beat-smoking-like-the-swedes\/\" target=\"_blank\" rel=\"noopener\"><span style=\"font-weight: 400;\">Suedia<\/span><\/a><span style=\"font-weight: 400;\">, De exemplu, Suedia a atins cea mai sc\u0103zut\u0103 rat\u0103 a fumatului din UE datorit\u0103 politicilor sale inovatoare. \u00cen ultimul deceniu, Suedia a \u00eenregistrat o sc\u0103dere de 551 de trilioane de ori a ratei fumatului, decesele legate de tutun fiind cu 221 de trilioane de ori sub media UE. \u0218i mai impresionant este c\u0103 inciden\u021ba cancerului este cu 411 de trilioane de ori mai mic\u0103, iar decesele cauzate de cancer sunt cu 381 de trilioane de ori mai mici dec\u00e2t \u00een restul Europei.<\/span><\/p>\n<p><a href=\"https:\/\/clearingtheair.eu\/en\/post\/new-zealand-to-be-declared-smoke-free-thanks-to-vaping\/\" target=\"_blank\" rel=\"noopener\"><span style=\"font-weight: 400;\">Noua Zeeland\u0103<\/span><\/a><span style=\"font-weight: 400;\"> este o alt\u0103 poveste de succes, fiind pe punctul de a fi clasificat\u0103 oficial ca \u021bar\u0103 f\u0103r\u0103 fum de tutun prin reducerea ratei fumatului la sub 5%. Cheia succesului \u00een aceste \u021b\u0103ri a fost deschiderea lor c\u0103tre noi alternative la nicotin\u0103 \u0219i abordarea lor pragmatic\u0103 a reducerii riscurilor.<\/span><\/p>\n<p><span style=\"font-weight: 400;\">Produsele pe baz\u0103 de nicotin\u0103 mai sigure sunt semnificativ mai pu\u021bin d\u0103un\u0103toare dec\u00e2t \u021big\u0103rile combustibile \u0219i, prin urmare, ar trebui tratate diferit.\u00a0<\/span><\/p>\n<h4><span style=\"font-weight: 400;\">Mitul despre vaping \u00een r\u00e2ndul tinerilor<\/span><\/h4>\n<p><span style=\"font-weight: 400;\">Unul dintre principalele argumente folosite pentru a justifica interdic\u021biile privind aromele este presupusa \u201cepidemie\u201d de vaping \u00een r\u00e2ndul tinerilor. Cu toate acestea, datele recente prezint\u0103 o imagine diferit\u0103. \u00cen Germania, utilizarea \u021big\u0103rilor electronice \u00een r\u00e2ndul tinerilor cu v\u00e2rste cuprinse \u00eentre 14 \u0219i 17 ani a crescut de fapt. <\/span><a href=\"https:\/\/www.debra-study.info\/\" target=\"_blank\" rel=\"noopener\"><span style=\"font-weight: 400;\">a sc\u0103zut<\/span><\/a><span style=\"font-weight: 400;\"> de la 2,9% \u00een 2017 la 1,5% \u00een 2024 \u2013 o reducere de aproape 50%. Aceast\u0103 tendin\u021b\u0103 contrazice nara\u021biunea unei crize a consumului de \u021big\u0103ri electronice \u00een r\u00e2ndul tinerilor \u0219i sugereaz\u0103 c\u0103 interzicerea aromelor pentru adul\u021bi va face mai mult r\u0103u dec\u00e2t bine s\u0103n\u0103t\u0103\u021bii publice.<\/span><\/p>\n<p><span style=\"font-weight: 400;\">Prin urmare, este esen\u021bial s\u0103 re\u021bine\u021bi c\u0103, de\u0219i protejarea tineretului este primordial\u0103, politicile excesiv de restrictive pot avea consecin\u021be neinten\u021bionate. De exemplu, \u00een <\/span><a href=\"https:\/\/jamanetwork.com\/journals\/jamapediatrics\/fullarticle\/2780248\" target=\"_blank\" rel=\"noopener\"><span style=\"font-weight: 400;\">San Francisco<\/span><\/a><span style=\"font-weight: 400;\">, o \u00eencercare de a reduce consumul de \u021big\u0103ri electronice \u00een r\u00e2ndul tinerilor printr-o interdic\u021bie a aromelor a dus la prima cre\u0219tere a ratei fumatului \u00een r\u00e2ndul adolescen\u021bilor din ultimele decenii. Aceasta serve\u0219te drept exemplu de avertizare cu privire la poten\u021bialele efecte inverse ale unor politici bine inten\u021bionate, dar gre\u0219ite.<\/span><\/p>\n<h4><span style=\"font-weight: 400;\">Deficitul democratic<\/span><\/h4>\n<p><span style=\"font-weight: 400;\">Modul \u00een care este aplicat\u0103 aceast\u0103 poten\u021bial\u0103 interdic\u021bie a aromelor ridic\u0103 semne de \u00eentrebare serioase cu privire la procesul democratic \u0219i implicarea p\u0103r\u021bilor interesate. Este demn de remarcat faptul c\u0103 opinia public\u0103 pare s\u0103 se \u00eencline \u00eempotriva unor astfel de m\u0103suri restrictive. Mai mult dec\u00e2t <\/span><a href=\"https:\/\/worldvapersalliance.com\/ro\/every-life-counts\/\" target=\"_blank\" rel=\"noopener\"><span style=\"font-weight: 400;\">100.000 de oameni<\/span><\/a><span style=\"font-weight: 400;\"> au semnat deja o peti\u021bie a Alian\u021bei Mondiale a Vaperilor \u00eempotriva interzicerii aromelor. \u00cen plus, publicul Comisiei Europene <\/span><a href=\"https:\/\/tholosfoundation.org\/wp-content\/uploads\/2024\/05\/Tholos_Policy_Paper_v71.pdf\" target=\"_blank\" rel=\"noopener\"><span style=\"font-weight: 400;\">consultare<\/span><\/a><span style=\"font-weight: 400;\"> Raportul din 2023 privind viitoarea reglementare a tutunului \u0219i nicotinei a ar\u0103tat un sprijin majoritar pentru produsele de reducere a riscurilor, inclusiv op\u021biunile aromatizate.<\/span><\/p>\n<h4><span style=\"font-weight: 400;\">Concluzie<\/span><\/h4>\n<p><span style=\"font-weight: 400;\">Interzicerea aromelor propus\u0103 \u00een Germania reprezint\u0103 un moment critic \u00een abordarea \u021b\u0103rii privind reducerea daunelor provocate de tutun. De\u0219i inten\u021bia de a proteja s\u0103n\u0103tatea public\u0103 este l\u0103udabil\u0103, poten\u021bialele consecin\u021be negative ale unei astfel de interdic\u021bii sunt prea semnificative pentru a fi ignorate. De la a-i determina pe fo\u0219tii fum\u0103tori s\u0103 revin\u0103 la \u021big\u0103ri combustibile mai d\u0103un\u0103toare, p\u00e2n\u0103 la alimentarea pie\u021belor negre \u0219i subminarea libert\u0103\u021bilor personale, riscurile asociate cu aceast\u0103 politic\u0103 sunt substan\u021biale.<\/span><\/p>\n<p><span style=\"font-weight: 400;\">Pe m\u0103sur\u0103 ce avans\u0103m, este esen\u021bial ca toate p\u0103r\u021bile interesate \u2013 factorii de decizie politic\u0103, exper\u021bii \u00een s\u0103n\u0103tate \u0219i consumatorii \u2013 s\u0103 se angajeze \u00eentr-un dialog deschis \u0219i bazat pe dovezi. Scopul ar trebui s\u0103 fie dezvoltarea de politici care s\u0103 reduc\u0103 eficient ratele fumatului, respect\u00e2nd \u00een acela\u0219i timp alegerea adul\u021bilor \u0219i valorific\u00e2nd poten\u021bialul de reducere a riscurilor oferit de produsele alternative pe baz\u0103 de nicotin\u0103.<\/span><\/p>\n<p><span style=\"font-weight: 400;\">Pove\u0219tile de succes din \u021b\u0103ri precum Suedia \u0219i Noua Zeeland\u0103 demonstreaz\u0103 c\u0103 abord\u0103rile pragmatice, bazate pe dovezi \u0219tiin\u021bifice, privind reducerea daunelor provocate de tutun pot genera beneficii remarcabile pentru s\u0103n\u0103tatea public\u0103. Germania are ocazia s\u0103 \u00eenve\u021be din aceste exemple \u0219i s\u0103 traseze o cale care s\u0103 acorde prioritate reducerii daunelor \u00een detrimentul prohibi\u021biei.<\/span><\/p>\n<p><span style=\"font-weight: 400;\">\u00cen urm\u0103toarele s\u0103pt\u0103m\u00e2ni \u0219i luni, pe m\u0103sur\u0103 ce Germania intr\u0103 \u00een tranzi\u021bie c\u0103tre un nou guvern, va fi crucial ca cet\u0103\u021benii, grupurile de advocacy \u0219i exper\u021bii \u00een s\u0103n\u0103tate s\u0103 \u00ee\u0219i fac\u0103 vocea auzit\u0103. Viitorul reducerii daunelor provocate de tutun \u00een Germania este \u00een joc, iar deciziile luate acum vor avea implica\u021bii de amploare pentru s\u0103n\u0103tatea public\u0103 \u0219i libertatea individual\u0103 \u00een anii urm\u0103tori.<\/span><\/p>","protected":false},"excerpt":{"rendered":"<p>As Germany prepares for a pivotal election next month that will usher in a new government, an alarming development is unfolding in the realm of tobacco harm reduction. The current caretaker government, led in part by the Green Party, is contemplating a sweeping ban on e-cigarette flavours through an executive directive. This move, spearheaded by [&hellip;]<\/p>\n","protected":false},"author":4,"featured_media":5994,"comment_status":"open","ping_status":"open","sticky":false,"template":"","format":"standard","meta":{"footnotes":""},"categories":[17],"tags":[],"class_list":["post-5993","post","type-post","status-publish","format-standard","has-post-thumbnail","hentry","category-blog"],"yoast_head":"<!-- This site is optimized with the Yoast SEO plugin v27.3 - https:\/\/yoast.com\/product\/yoast-seo-wordpress\/ -->\n<title>The Looming Threat of a Flavour Ban in Germany: A Critical Analysis - World Vapers&#039; Alliance<\/title>\n<meta name=\"description\" content=\"As Germany prepares for a pivotal election next month, an alarming development is unfolding in the realm of tobacco harm reduction.\" \/>\n<meta name=\"robots\" content=\"index, follow, max-snippet:-1, max-image-preview:large, max-video-preview:-1\" \/>\n<link rel=\"canonical\" href=\"https:\/\/worldvapersalliance.com\/ro\/the-looming-threat-of-a-flavour-ban-in-germany-a-critical-analysis\/\" \/>\n<meta property=\"og:locale\" content=\"ro_RO\" \/>\n<meta property=\"og:type\" content=\"article\" \/>\n<meta property=\"og:title\" content=\"The Looming Threat of a Flavour Ban in Germany: A Critical Analysis - World Vapers&#039; Alliance\" \/>\n<meta property=\"og:description\" content=\"As Germany prepares for a pivotal election next month, an alarming development is unfolding in the realm of tobacco harm reduction.\" \/>\n<meta property=\"og:url\" content=\"https:\/\/worldvapersalliance.com\/ro\/the-looming-threat-of-a-flavour-ban-in-germany-a-critical-analysis\/\" \/>\n<meta property=\"og:site_name\" content=\"World Vapers&#039; Alliance\" \/>\n<meta property=\"article:published_time\" content=\"2025-01-30T07:52:47+00:00\" \/>\n<meta property=\"article:modified_time\" content=\"2025-01-30T07:56:30+00:00\" \/>\n<meta property=\"og:image\" content=\"https:\/\/worldvapersalliance.com\/wp-content\/uploads\/2025\/01\/vape-flavour-image-1024x945.png\" \/>\n\t<meta property=\"og:image:width\" content=\"1024\" \/>\n\t<meta property=\"og:image:height\" content=\"945\" \/>\n\t<meta property=\"og:image:type\" content=\"image\/png\" \/>\n<meta name=\"author\" content=\"Michael Landl\" \/>\n<meta name=\"twitter:card\" content=\"summary_large_image\" \/>\n<meta name=\"twitter:label1\" content=\"Scris de\" \/>\n\t<meta name=\"twitter:data1\" content=\"Michael Landl\" \/>\n\t<meta name=\"twitter:label2\" content=\"Timp estimat pentru citire\" \/>\n\t<meta name=\"twitter:data2\" content=\"6 minute\" \/>\n<script type=\"application\/ld+json\" class=\"yoast-schema-graph\">{\"@context\":\"https:\\\/\\\/schema.org\",\"@graph\":[{\"@type\":\"Article\",\"@id\":\"https:\\\/\\\/worldvapersalliance.com\\\/the-looming-threat-of-a-flavour-ban-in-germany-a-critical-analysis\\\/#article\",\"isPartOf\":{\"@id\":\"https:\\\/\\\/worldvapersalliance.com\\\/the-looming-threat-of-a-flavour-ban-in-germany-a-critical-analysis\\\/\"},\"author\":{\"name\":\"Michael Landl\",\"@id\":\"https:\\\/\\\/worldvapersalliance.com\\\/#\\\/schema\\\/person\\\/05f663571d787d89a2d5c77c482a6583\"},\"headline\":\"The Looming Threat of a Flavour Ban in Germany: A Critical Analysis\",\"datePublished\":\"2025-01-30T07:52:47+00:00\",\"dateModified\":\"2025-01-30T07:56:30+00:00\",\"mainEntityOfPage\":{\"@id\":\"https:\\\/\\\/worldvapersalliance.com\\\/the-looming-threat-of-a-flavour-ban-in-germany-a-critical-analysis\\\/\"},\"wordCount\":1148,\"commentCount\":1,\"publisher\":{\"@id\":\"https:\\\/\\\/worldvapersalliance.com\\\/#organization\"},\"image\":{\"@id\":\"https:\\\/\\\/worldvapersalliance.com\\\/the-looming-threat-of-a-flavour-ban-in-germany-a-critical-analysis\\\/#primaryimage\"},\"thumbnailUrl\":\"https:\\\/\\\/worldvapersalliance.com\\\/wp-content\\\/uploads\\\/2025\\\/01\\\/vape-flavour-image.png\",\"articleSection\":[\"Blog\"],\"inLanguage\":\"ro-RO\",\"potentialAction\":[{\"@type\":\"CommentAction\",\"name\":\"Comment\",\"target\":[\"https:\\\/\\\/worldvapersalliance.com\\\/the-looming-threat-of-a-flavour-ban-in-germany-a-critical-analysis\\\/#respond\"]}]},{\"@type\":\"WebPage\",\"@id\":\"https:\\\/\\\/worldvapersalliance.com\\\/the-looming-threat-of-a-flavour-ban-in-germany-a-critical-analysis\\\/\",\"url\":\"https:\\\/\\\/worldvapersalliance.com\\\/the-looming-threat-of-a-flavour-ban-in-germany-a-critical-analysis\\\/\",\"name\":\"The Looming Threat of a Flavour Ban in Germany: A Critical Analysis - World Vapers&#039; Alliance\",\"isPartOf\":{\"@id\":\"https:\\\/\\\/worldvapersalliance.com\\\/#website\"},\"primaryImageOfPage\":{\"@id\":\"https:\\\/\\\/worldvapersalliance.com\\\/the-looming-threat-of-a-flavour-ban-in-germany-a-critical-analysis\\\/#primaryimage\"},\"image\":{\"@id\":\"https:\\\/\\\/worldvapersalliance.com\\\/the-looming-threat-of-a-flavour-ban-in-germany-a-critical-analysis\\\/#primaryimage\"},\"thumbnailUrl\":\"https:\\\/\\\/worldvapersalliance.com\\\/wp-content\\\/uploads\\\/2025\\\/01\\\/vape-flavour-image.png\",\"datePublished\":\"2025-01-30T07:52:47+00:00\",\"dateModified\":\"2025-01-30T07:56:30+00:00\",\"description\":\"As Germany prepares for a pivotal election next month, an alarming development is unfolding in the realm of tobacco harm reduction.\",\"inLanguage\":\"ro-RO\",\"potentialAction\":[{\"@type\":\"ReadAction\",\"target\":[\"https:\\\/\\\/worldvapersalliance.com\\\/the-looming-threat-of-a-flavour-ban-in-germany-a-critical-analysis\\\/\"]}]},{\"@type\":\"ImageObject\",\"inLanguage\":\"ro-RO\",\"@id\":\"https:\\\/\\\/worldvapersalliance.com\\\/the-looming-threat-of-a-flavour-ban-in-germany-a-critical-analysis\\\/#primaryimage\",\"url\":\"https:\\\/\\\/worldvapersalliance.com\\\/wp-content\\\/uploads\\\/2025\\\/01\\\/vape-flavour-image.png\",\"contentUrl\":\"https:\\\/\\\/worldvapersalliance.com\\\/wp-content\\\/uploads\\\/2025\\\/01\\\/vape-flavour-image.png\",\"width\":2081,\"height\":1920},{\"@type\":\"WebSite\",\"@id\":\"https:\\\/\\\/worldvapersalliance.com\\\/#website\",\"url\":\"https:\\\/\\\/worldvapersalliance.com\\\/\",\"name\":\"World Vapers&#039; Alliance\",\"description\":\"The largest community of vapers\",\"publisher\":{\"@id\":\"https:\\\/\\\/worldvapersalliance.com\\\/#organization\"},\"potentialAction\":[{\"@type\":\"SearchAction\",\"target\":{\"@type\":\"EntryPoint\",\"urlTemplate\":\"https:\\\/\\\/worldvapersalliance.com\\\/?s={search_term_string}\"},\"query-input\":{\"@type\":\"PropertyValueSpecification\",\"valueRequired\":true,\"valueName\":\"search_term_string\"}}],\"inLanguage\":\"ro-RO\"},{\"@type\":\"Organization\",\"@id\":\"https:\\\/\\\/worldvapersalliance.com\\\/#organization\",\"name\":\"World Vapers&#039; Alliance\",\"url\":\"https:\\\/\\\/worldvapersalliance.com\\\/\",\"logo\":{\"@type\":\"ImageObject\",\"inLanguage\":\"ro-RO\",\"@id\":\"https:\\\/\\\/worldvapersalliance.com\\\/#\\\/schema\\\/logo\\\/image\\\/\",\"url\":\"https:\\\/\\\/worldvapersalliance.com\\\/wp-content\\\/uploads\\\/2022\\\/01\\\/WVA_RB_Fist_G.png\",\"contentUrl\":\"https:\\\/\\\/worldvapersalliance.com\\\/wp-content\\\/uploads\\\/2022\\\/01\\\/WVA_RB_Fist_G.png\",\"width\":985,\"height\":1177,\"caption\":\"World Vapers&#039; Alliance\"},\"image\":{\"@id\":\"https:\\\/\\\/worldvapersalliance.com\\\/#\\\/schema\\\/logo\\\/image\\\/\"}},{\"@type\":\"Person\",\"@id\":\"https:\\\/\\\/worldvapersalliance.com\\\/#\\\/schema\\\/person\\\/05f663571d787d89a2d5c77c482a6583\",\"name\":\"Michael Landl\",\"image\":{\"@type\":\"ImageObject\",\"inLanguage\":\"ro-RO\",\"@id\":\"https:\\\/\\\/secure.gravatar.com\\\/avatar\\\/1537a11db5ae7fef0631b6c662f439d8a632c50630c980828d0e2c4de581568b?s=96&d=mm&r=g\",\"url\":\"https:\\\/\\\/secure.gravatar.com\\\/avatar\\\/1537a11db5ae7fef0631b6c662f439d8a632c50630c980828d0e2c4de581568b?s=96&d=mm&r=g\",\"contentUrl\":\"https:\\\/\\\/secure.gravatar.com\\\/avatar\\\/1537a11db5ae7fef0631b6c662f439d8a632c50630c980828d0e2c4de581568b?s=96&d=mm&r=g\",\"caption\":\"Michael Landl\"},\"url\":\"https:\\\/\\\/worldvapersalliance.com\\\/ro\\\/author\\\/michael\\\/\"}]}<\/script>\n<!-- \/ Yoast SEO plugin. -->","yoast_head_json":{"title":"Amenin\u021barea iminent\u0103 a unei interdic\u021bii a aromelor \u00een Germania: o analiz\u0103 critic\u0103 - Alian\u021ba Mondial\u0103 a Vaperilor","description":"\u00cen timp ce Germania se preg\u0103te\u0219te pentru alegeri cruciale luna viitoare, o evolu\u021bie alarmant\u0103 are loc \u00een domeniul reducerii daunelor provocate de tutun.","robots":{"index":"index","follow":"follow","max-snippet":"max-snippet:-1","max-image-preview":"max-image-preview:large","max-video-preview":"max-video-preview:-1"},"canonical":"https:\/\/worldvapersalliance.com\/ro\/the-looming-threat-of-a-flavour-ban-in-germany-a-critical-analysis\/","og_locale":"ro_RO","og_type":"article","og_title":"The Looming Threat of a Flavour Ban in Germany: A Critical Analysis - World Vapers&#039; Alliance","og_description":"As Germany prepares for a pivotal election next month, an alarming development is unfolding in the realm of tobacco harm reduction.","og_url":"https:\/\/worldvapersalliance.com\/ro\/the-looming-threat-of-a-flavour-ban-in-germany-a-critical-analysis\/","og_site_name":"World Vapers&#039; Alliance","article_published_time":"2025-01-30T07:52:47+00:00","article_modified_time":"2025-01-30T07:56:30+00:00","og_image":[{"width":1024,"height":945,"url":"https:\/\/worldvapersalliance.com\/wp-content\/uploads\/2025\/01\/vape-flavour-image-1024x945.png","type":"image\/png"}],"author":"Michael Landl","twitter_card":"summary_large_image","twitter_misc":{"Scris de":"Michael Landl","Timp estimat pentru citire":"6 minute"},"schema":{"@context":"https:\/\/schema.org","@graph":[{"@type":"Article","@id":"https:\/\/worldvapersalliance.com\/the-looming-threat-of-a-flavour-ban-in-germany-a-critical-analysis\/#article","isPartOf":{"@id":"https:\/\/worldvapersalliance.com\/the-looming-threat-of-a-flavour-ban-in-germany-a-critical-analysis\/"},"author":{"name":"Michael Landl","@id":"https:\/\/worldvapersalliance.com\/#\/schema\/person\/05f663571d787d89a2d5c77c482a6583"},"headline":"The Looming Threat of a Flavour Ban in Germany: A Critical Analysis","datePublished":"2025-01-30T07:52:47+00:00","dateModified":"2025-01-30T07:56:30+00:00","mainEntityOfPage":{"@id":"https:\/\/worldvapersalliance.com\/the-looming-threat-of-a-flavour-ban-in-germany-a-critical-analysis\/"},"wordCount":1148,"commentCount":1,"publisher":{"@id":"https:\/\/worldvapersalliance.com\/#organization"},"image":{"@id":"https:\/\/worldvapersalliance.com\/the-looming-threat-of-a-flavour-ban-in-germany-a-critical-analysis\/#primaryimage"},"thumbnailUrl":"https:\/\/worldvapersalliance.com\/wp-content\/uploads\/2025\/01\/vape-flavour-image.png","articleSection":["Blog"],"inLanguage":"ro-RO","potentialAction":[{"@type":"CommentAction","name":"Comment","target":["https:\/\/worldvapersalliance.com\/the-looming-threat-of-a-flavour-ban-in-germany-a-critical-analysis\/#respond"]}]},{"@type":"WebPage","@id":"https:\/\/worldvapersalliance.com\/the-looming-threat-of-a-flavour-ban-in-germany-a-critical-analysis\/","url":"https:\/\/worldvapersalliance.com\/the-looming-threat-of-a-flavour-ban-in-germany-a-critical-analysis\/","name":"Amenin\u021barea iminent\u0103 a unei interdic\u021bii a aromelor \u00een Germania: o analiz\u0103 critic\u0103 - Alian\u021ba Mondial\u0103 a Vaperilor","isPartOf":{"@id":"https:\/\/worldvapersalliance.com\/#website"},"primaryImageOfPage":{"@id":"https:\/\/worldvapersalliance.com\/the-looming-threat-of-a-flavour-ban-in-germany-a-critical-analysis\/#primaryimage"},"image":{"@id":"https:\/\/worldvapersalliance.com\/the-looming-threat-of-a-flavour-ban-in-germany-a-critical-analysis\/#primaryimage"},"thumbnailUrl":"https:\/\/worldvapersalliance.com\/wp-content\/uploads\/2025\/01\/vape-flavour-image.png","datePublished":"2025-01-30T07:52:47+00:00","dateModified":"2025-01-30T07:56:30+00:00","description":"\u00cen timp ce Germania se preg\u0103te\u0219te pentru alegeri cruciale luna viitoare, o evolu\u021bie alarmant\u0103 are loc \u00een domeniul reducerii daunelor provocate de tutun.","inLanguage":"ro-RO","potentialAction":[{"@type":"ReadAction","target":["https:\/\/worldvapersalliance.com\/the-looming-threat-of-a-flavour-ban-in-germany-a-critical-analysis\/"]}]},{"@type":"ImageObject","inLanguage":"ro-RO","@id":"https:\/\/worldvapersalliance.com\/the-looming-threat-of-a-flavour-ban-in-germany-a-critical-analysis\/#primaryimage","url":"https:\/\/worldvapersalliance.com\/wp-content\/uploads\/2025\/01\/vape-flavour-image.png","contentUrl":"https:\/\/worldvapersalliance.com\/wp-content\/uploads\/2025\/01\/vape-flavour-image.png","width":2081,"height":1920},{"@type":"WebSite","@id":"https:\/\/worldvapersalliance.com\/#website","url":"https:\/\/worldvapersalliance.com\/","name":"Alian\u021ba Mondial\u0103 a Vaporatorilor","description":"Cea mai mare comunitate de vapoare","publisher":{"@id":"https:\/\/worldvapersalliance.com\/#organization"},"potentialAction":[{"@type":"SearchAction","target":{"@type":"EntryPoint","urlTemplate":"https:\/\/worldvapersalliance.com\/?s={search_term_string}"},"query-input":{"@type":"PropertyValueSpecification","valueRequired":true,"valueName":"search_term_string"}}],"inLanguage":"ro-RO"},{"@type":"Organization","@id":"https:\/\/worldvapersalliance.com\/#organization","name":"Alian\u021ba Mondial\u0103 a Vaporatorilor","url":"https:\/\/worldvapersalliance.com\/","logo":{"@type":"ImageObject","inLanguage":"ro-RO","@id":"https:\/\/worldvapersalliance.com\/#\/schema\/logo\/image\/","url":"https:\/\/worldvapersalliance.com\/wp-content\/uploads\/2022\/01\/WVA_RB_Fist_G.png","contentUrl":"https:\/\/worldvapersalliance.com\/wp-content\/uploads\/2022\/01\/WVA_RB_Fist_G.png","width":985,"height":1177,"caption":"World Vapers&#039; Alliance"},"image":{"@id":"https:\/\/worldvapersalliance.com\/#\/schema\/logo\/image\/"}},{"@type":"Person","@id":"https:\/\/worldvapersalliance.com\/#\/schema\/person\/05f663571d787d89a2d5c77c482a6583","name":"Michael Landl","image":{"@type":"ImageObject","inLanguage":"ro-RO","@id":"https:\/\/secure.gravatar.com\/avatar\/1537a11db5ae7fef0631b6c662f439d8a632c50630c980828d0e2c4de581568b?s=96&d=mm&r=g","url":"https:\/\/secure.gravatar.com\/avatar\/1537a11db5ae7fef0631b6c662f439d8a632c50630c980828d0e2c4de581568b?s=96&d=mm&r=g","contentUrl":"https:\/\/secure.gravatar.com\/avatar\/1537a11db5ae7fef0631b6c662f439d8a632c50630c980828d0e2c4de581568b?s=96&d=mm&r=g","caption":"Michael Landl"},"url":"https:\/\/worldvapersalliance.com\/ro\/author\/michael\/"}]}},"_links":{"self":[{"href":"https:\/\/worldvapersalliance.com\/ro\/wp-json\/wp\/v2\/posts\/5993","targetHints":{"allow":["GET"]}}],"collection":[{"href":"https:\/\/worldvapersalliance.com\/ro\/wp-json\/wp\/v2\/posts"}],"about":[{"href":"https:\/\/worldvapersalliance.com\/ro\/wp-json\/wp\/v2\/types\/post"}],"author":[{"embeddable":true,"href":"https:\/\/worldvapersalliance.com\/ro\/wp-json\/wp\/v2\/users\/4"}],"replies":[{"embeddable":true,"href":"https:\/\/worldvapersalliance.com\/ro\/wp-json\/wp\/v2\/comments?post=5993"}],"version-history":[{"count":0,"href":"https:\/\/worldvapersalliance.com\/ro\/wp-json\/wp\/v2\/posts\/5993\/revisions"}],"wp:featuredmedia":[{"embeddable":true,"href":"https:\/\/worldvapersalliance.com\/ro\/wp-json\/wp\/v2\/media\/5994"}],"wp:attachment":[{"href":"https:\/\/worldvapersalliance.com\/ro\/wp-json\/wp\/v2\/media?parent=5993"}],"wp:term":[{"taxonomy":"category","embeddable":true,"href":"https:\/\/worldvapersalliance.com\/ro\/wp-json\/wp\/v2\/categories?post=5993"},{"taxonomy":"post_tag","embeddable":true,"href":"https:\/\/worldvapersalliance.com\/ro\/wp-json\/wp\/v2\/tags?post=5993"}],"curies":[{"name":"wp","href":"https:\/\/api.w.org\/{rel}","templated":true}]}}