{"id":5472,"date":"2024-03-27T04:53:15","date_gmt":"2024-03-27T08:53:15","guid":{"rendered":"https:\/\/worldvapersalliance.com\/?p=5472"},"modified":"2024-04-01T04:54:22","modified_gmt":"2024-04-01T08:54:22","slug":"vapers-protest-mexico-vape-ban-as-reforms-seek-to-include-it-in-constitution","status":"publish","type":"post","link":"https:\/\/worldvapersalliance.com\/ro\/vapers-protest-mexico-vape-ban-as-reforms-seek-to-include-it-in-constitution\/","title":{"rendered":"Utilizatorii de \u021big\u0103ri electronice protesteaz\u0103 \u00eempotriva interzicerii \u021big\u0103rilor electronice \u00een Mexic, \u00een contextul reformelor care urm\u0103resc includerea lor \u00een Constitu\u021bie..."},"content":{"rendered":"<p>\u00cen 2020, Mexicul a implementat o <a href=\"https:\/\/www.vapingpost.com\/2022\/06\/14\/mexico-sets-ban-on-vaping-products\/\">interzicerea v\u00e2nz\u0103rilor de produse de vaping<\/a>, marc\u00e2nd o schimbare semnificativ\u0103 \u00een pozi\u021bia \u021b\u0103rii fa\u021b\u0103 de vaping. Reflect\u00e2nd sentimentul general transmis de mass-media global\u0103, m\u0103sura a venit \u00een contextul unor \u00eengrijor\u0103ri cresc\u00e2nde cu privire la riscurile pentru s\u0103n\u0103tate asociate cu vapingul, \u00een special \u00een r\u00e2ndul tinerilor.<\/p>\n<p>Bine\u00een\u021beles, interdic\u021bia a avut ca scop abordarea poten\u021bialelor consecin\u021be pe termen lung ale dependen\u021bei de nicotin\u0103, \u00eens\u0103 a fost \u00eent\u00e2mpinat\u0103 cu reac\u021bii mixte. \u00cen timp ce unii au sus\u021binut eforturile guvernului de a proteja s\u0103n\u0103tatea public\u0103 \u0219i de a preveni vapingul \u00een r\u00e2ndul minorilor, al\u021bii au criticat m\u0103sura, argument\u00e2nd c\u0103 aceasta... <a href=\"https:\/\/www.vapingpost.com\/2024\/02\/21\/science-keeps-indicating-the-effectivity-of-vapes-for-smoking-cessation-yet-falling-on-deaf-ears\/\">acces limitat pentru fum\u0103torii adul\u021bi<\/a> c\u0103tre o alternativ\u0103 poten\u021bial mai pu\u021bin d\u0103un\u0103toare la \u021big\u0103rile tradi\u021bionale. \u00cen plus, au existat \u00eengrijor\u0103ri cu privire la impactul interdic\u021biei asupra industriei de vaping, inclusiv asupra comercian\u021bilor cu am\u0103nuntul \u0219i a produc\u0103torilor.<\/p>\n<p>Per total, interdic\u021bia de vaping \u00een Mexic <a href=\"https:\/\/www.vapingpost.com\/2024\/01\/14\/mexicos-vape-ban-deemed-unconstitutional\/\">a st\u00e2rnit dezbateri<\/a> despre reglementarea produselor din tutun \u0219i nicotin\u0103, subliniind complexit\u0103\u021bile implicate \u00een echilibrarea preocup\u0103rilor legate de s\u0103n\u0103tatea public\u0103 cu libert\u0103\u021bile individuale \u0219i interesele economice. De asemenea, a subliniat necesitatea elabor\u0103rii de politici bazate pe dovezi \u0219i a unor abord\u0103ri cuprinz\u0103toare pentru a combate consumul de tutun \u0219i nicotin\u0103 \u00een \u021bar\u0103.<\/p>\n<p>Citi\u021bi textul integral <a href=\"https:\/\/www.vapingpost.com\/2024\/03\/27\/vapers-protests-local-vape-ban-as-reforms-seek-to-include-it-in-constitution\/\" target=\"_blank\" rel=\"noopener\">Aici<\/a><\/p>","protected":false},"excerpt":{"rendered":"<p>In 2020, Mexico implemented a ban on the sales of vaping products, marking a significant shift in the country\u2019s stance on vaping. Reflecting the general sentiment portrayed by the global media, the measure came amidst growing concerns on the health risks associated with vaping, particularly among young people. Naturally, the ban aimed to address the [&hellip;]<\/p>\n","protected":false},"author":11,"featured_media":6394,"comment_status":"open","ping_status":"open","sticky":false,"template":"","format":"standard","meta":{"footnotes":""},"categories":[15],"tags":[],"class_list":["post-5472","post","type-post","status-publish","format-standard","has-post-thumbnail","hentry","category-wva-in-the-news"],"yoast_head":"<!-- This site is optimized with the Yoast SEO plugin v27.3 - https:\/\/yoast.com\/product\/yoast-seo-wordpress\/ -->\n<title>Vapers Protest Mexico Vape Ban as Reforms Seek to Include it in Constitution - World Vapers&#039; Alliance<\/title>\n<meta name=\"robots\" content=\"index, follow, max-snippet:-1, max-image-preview:large, max-video-preview:-1\" \/>\n<link rel=\"canonical\" href=\"https:\/\/worldvapersalliance.com\/ro\/vapers-protest-mexico-vape-ban-as-reforms-seek-to-include-it-in-constitution\/\" \/>\n<meta property=\"og:locale\" content=\"ro_RO\" \/>\n<meta property=\"og:type\" content=\"article\" \/>\n<meta property=\"og:title\" content=\"Vapers Protest Mexico Vape Ban as Reforms Seek to Include it in Constitution - World Vapers&#039; Alliance\" \/>\n<meta property=\"og:description\" content=\"In 2020, Mexico implemented a ban on the sales of vaping products, marking a significant shift in the country\u2019s stance on vaping. Reflecting the general sentiment portrayed by the global media, the measure came amidst growing concerns on the health risks associated with vaping, particularly among young people. Naturally, the ban aimed to address the [&hellip;]\" \/>\n<meta property=\"og:url\" content=\"https:\/\/worldvapersalliance.com\/ro\/vapers-protest-mexico-vape-ban-as-reforms-seek-to-include-it-in-constitution\/\" \/>\n<meta property=\"og:site_name\" content=\"World Vapers&#039; Alliance\" \/>\n<meta property=\"article:published_time\" content=\"2024-03-27T08:53:15+00:00\" \/>\n<meta property=\"article:modified_time\" content=\"2024-04-01T08:54:22+00:00\" \/>\n<meta property=\"og:image\" content=\"https:\/\/worldvapersalliance.com\/wp-content\/uploads\/2022\/08\/vaping-post.png\" \/>\n\t<meta property=\"og:image:width\" content=\"2081\" \/>\n\t<meta property=\"og:image:height\" content=\"1920\" \/>\n\t<meta property=\"og:image:type\" content=\"image\/png\" \/>\n<meta name=\"author\" content=\"World Vapers&#039; Alliance\" \/>\n<meta name=\"twitter:card\" content=\"summary_large_image\" \/>\n<meta name=\"twitter:label1\" content=\"Scris de\" \/>\n\t<meta name=\"twitter:data1\" content=\"World Vapers&#039; Alliance\" \/>\n\t<meta name=\"twitter:label2\" content=\"Timp estimat pentru citire\" \/>\n\t<meta name=\"twitter:data2\" content=\"1 minut\" \/>\n<script type=\"application\/ld+json\" class=\"yoast-schema-graph\">{\"@context\":\"https:\\\/\\\/schema.org\",\"@graph\":[{\"@type\":\"Article\",\"@id\":\"https:\\\/\\\/worldvapersalliance.com\\\/vapers-protest-mexico-vape-ban-as-reforms-seek-to-include-it-in-constitution\\\/#article\",\"isPartOf\":{\"@id\":\"https:\\\/\\\/worldvapersalliance.com\\\/vapers-protest-mexico-vape-ban-as-reforms-seek-to-include-it-in-constitution\\\/\"},\"author\":{\"name\":\"World Vapers' Alliance\",\"@id\":\"https:\\\/\\\/worldvapersalliance.com\\\/#\\\/schema\\\/person\\\/18484a6f20bcc6f70a2419c8babe017d\"},\"headline\":\"Vapers Protest Mexico Vape Ban as Reforms Seek to Include it in Constitutio &hellip;\",\"datePublished\":\"2024-03-27T08:53:15+00:00\",\"dateModified\":\"2024-04-01T08:54:22+00:00\",\"mainEntityOfPage\":{\"@id\":\"https:\\\/\\\/worldvapersalliance.com\\\/vapers-protest-mexico-vape-ban-as-reforms-seek-to-include-it-in-constitution\\\/\"},\"wordCount\":190,\"commentCount\":0,\"publisher\":{\"@id\":\"https:\\\/\\\/worldvapersalliance.com\\\/#organization\"},\"image\":{\"@id\":\"https:\\\/\\\/worldvapersalliance.com\\\/vapers-protest-mexico-vape-ban-as-reforms-seek-to-include-it-in-constitution\\\/#primaryimage\"},\"thumbnailUrl\":\"https:\\\/\\\/worldvapersalliance.com\\\/wp-content\\\/uploads\\\/2025\\\/08\\\/WVA-in-the-news.png\",\"articleSection\":[\"WVA in the News\"],\"inLanguage\":\"ro-RO\",\"potentialAction\":[{\"@type\":\"CommentAction\",\"name\":\"Comment\",\"target\":[\"https:\\\/\\\/worldvapersalliance.com\\\/vapers-protest-mexico-vape-ban-as-reforms-seek-to-include-it-in-constitution\\\/#respond\"]}]},{\"@type\":\"WebPage\",\"@id\":\"https:\\\/\\\/worldvapersalliance.com\\\/vapers-protest-mexico-vape-ban-as-reforms-seek-to-include-it-in-constitution\\\/\",\"url\":\"https:\\\/\\\/worldvapersalliance.com\\\/vapers-protest-mexico-vape-ban-as-reforms-seek-to-include-it-in-constitution\\\/\",\"name\":\"Vapers Protest Mexico Vape Ban as Reforms Seek to Include it in Constitution - World Vapers&#039; Alliance\",\"isPartOf\":{\"@id\":\"https:\\\/\\\/worldvapersalliance.com\\\/#website\"},\"primaryImageOfPage\":{\"@id\":\"https:\\\/\\\/worldvapersalliance.com\\\/vapers-protest-mexico-vape-ban-as-reforms-seek-to-include-it-in-constitution\\\/#primaryimage\"},\"image\":{\"@id\":\"https:\\\/\\\/worldvapersalliance.com\\\/vapers-protest-mexico-vape-ban-as-reforms-seek-to-include-it-in-constitution\\\/#primaryimage\"},\"thumbnailUrl\":\"https:\\\/\\\/worldvapersalliance.com\\\/wp-content\\\/uploads\\\/2025\\\/08\\\/WVA-in-the-news.png\",\"datePublished\":\"2024-03-27T08:53:15+00:00\",\"dateModified\":\"2024-04-01T08:54:22+00:00\",\"inLanguage\":\"ro-RO\",\"potentialAction\":[{\"@type\":\"ReadAction\",\"target\":[\"https:\\\/\\\/worldvapersalliance.com\\\/vapers-protest-mexico-vape-ban-as-reforms-seek-to-include-it-in-constitution\\\/\"]}]},{\"@type\":\"ImageObject\",\"inLanguage\":\"ro-RO\",\"@id\":\"https:\\\/\\\/worldvapersalliance.com\\\/vapers-protest-mexico-vape-ban-as-reforms-seek-to-include-it-in-constitution\\\/#primaryimage\",\"url\":\"https:\\\/\\\/worldvapersalliance.com\\\/wp-content\\\/uploads\\\/2025\\\/08\\\/WVA-in-the-news.png\",\"contentUrl\":\"https:\\\/\\\/worldvapersalliance.com\\\/wp-content\\\/uploads\\\/2025\\\/08\\\/WVA-in-the-news.png\",\"width\":1264,\"height\":848},{\"@type\":\"WebSite\",\"@id\":\"https:\\\/\\\/worldvapersalliance.com\\\/#website\",\"url\":\"https:\\\/\\\/worldvapersalliance.com\\\/\",\"name\":\"World Vapers&#039; Alliance\",\"description\":\"The largest community of vapers\",\"publisher\":{\"@id\":\"https:\\\/\\\/worldvapersalliance.com\\\/#organization\"},\"potentialAction\":[{\"@type\":\"SearchAction\",\"target\":{\"@type\":\"EntryPoint\",\"urlTemplate\":\"https:\\\/\\\/worldvapersalliance.com\\\/?s={search_term_string}\"},\"query-input\":{\"@type\":\"PropertyValueSpecification\",\"valueRequired\":true,\"valueName\":\"search_term_string\"}}],\"inLanguage\":\"ro-RO\"},{\"@type\":\"Organization\",\"@id\":\"https:\\\/\\\/worldvapersalliance.com\\\/#organization\",\"name\":\"World Vapers&#039; Alliance\",\"url\":\"https:\\\/\\\/worldvapersalliance.com\\\/\",\"logo\":{\"@type\":\"ImageObject\",\"inLanguage\":\"ro-RO\",\"@id\":\"https:\\\/\\\/worldvapersalliance.com\\\/#\\\/schema\\\/logo\\\/image\\\/\",\"url\":\"https:\\\/\\\/worldvapersalliance.com\\\/wp-content\\\/uploads\\\/2022\\\/01\\\/WVA_RB_Fist_G.png\",\"contentUrl\":\"https:\\\/\\\/worldvapersalliance.com\\\/wp-content\\\/uploads\\\/2022\\\/01\\\/WVA_RB_Fist_G.png\",\"width\":985,\"height\":1177,\"caption\":\"World Vapers&#039; Alliance\"},\"image\":{\"@id\":\"https:\\\/\\\/worldvapersalliance.com\\\/#\\\/schema\\\/logo\\\/image\\\/\"}},{\"@type\":\"Person\",\"@id\":\"https:\\\/\\\/worldvapersalliance.com\\\/#\\\/schema\\\/person\\\/18484a6f20bcc6f70a2419c8babe017d\",\"name\":\"World Vapers' Alliance\",\"image\":{\"@type\":\"ImageObject\",\"inLanguage\":\"ro-RO\",\"@id\":\"https:\\\/\\\/secure.gravatar.com\\\/avatar\\\/456bf795c7a47c9ac527a94da4bff150aa49e48726d69bee9937f8383cffa246?s=96&d=mm&r=g\",\"url\":\"https:\\\/\\\/secure.gravatar.com\\\/avatar\\\/456bf795c7a47c9ac527a94da4bff150aa49e48726d69bee9937f8383cffa246?s=96&d=mm&r=g\",\"contentUrl\":\"https:\\\/\\\/secure.gravatar.com\\\/avatar\\\/456bf795c7a47c9ac527a94da4bff150aa49e48726d69bee9937f8383cffa246?s=96&d=mm&r=g\",\"caption\":\"World Vapers' Alliance\"},\"url\":\"https:\\\/\\\/worldvapersalliance.com\\\/ro\\\/author\\\/wva\\\/\"}]}<\/script>\n<!-- \/ Yoast SEO plugin. -->","yoast_head_json":{"title":"Utilizatorii de \u021big\u0103ri electronice protesteaz\u0103 \u00eempotriva interzicerii \u021big\u0103rilor electronice \u00een Mexic, \u00een contextul reformelor care urm\u0103resc includerea acesteia \u00een Constitu\u021bie - Alian\u021ba Mondial\u0103 a Vaperilor","robots":{"index":"index","follow":"follow","max-snippet":"max-snippet:-1","max-image-preview":"max-image-preview:large","max-video-preview":"max-video-preview:-1"},"canonical":"https:\/\/worldvapersalliance.com\/ro\/vapers-protest-mexico-vape-ban-as-reforms-seek-to-include-it-in-constitution\/","og_locale":"ro_RO","og_type":"article","og_title":"Vapers Protest Mexico Vape Ban as Reforms Seek to Include it in Constitution - World Vapers&#039; Alliance","og_description":"In 2020, Mexico implemented a ban on the sales of vaping products, marking a significant shift in the country\u2019s stance on vaping. Reflecting the general sentiment portrayed by the global media, the measure came amidst growing concerns on the health risks associated with vaping, particularly among young people. Naturally, the ban aimed to address the [&hellip;]","og_url":"https:\/\/worldvapersalliance.com\/ro\/vapers-protest-mexico-vape-ban-as-reforms-seek-to-include-it-in-constitution\/","og_site_name":"World Vapers&#039; Alliance","article_published_time":"2024-03-27T08:53:15+00:00","article_modified_time":"2024-04-01T08:54:22+00:00","og_image":[{"width":2081,"height":1920,"url":"https:\/\/worldvapersalliance.com\/wp-content\/uploads\/2022\/08\/vaping-post.png","type":"image\/png"}],"author":"World Vapers' Alliance","twitter_card":"summary_large_image","twitter_misc":{"Scris de":"World Vapers' Alliance","Timp estimat pentru citire":"1 minut"},"schema":{"@context":"https:\/\/schema.org","@graph":[{"@type":"Article","@id":"https:\/\/worldvapersalliance.com\/vapers-protest-mexico-vape-ban-as-reforms-seek-to-include-it-in-constitution\/#article","isPartOf":{"@id":"https:\/\/worldvapersalliance.com\/vapers-protest-mexico-vape-ban-as-reforms-seek-to-include-it-in-constitution\/"},"author":{"name":"World Vapers' Alliance","@id":"https:\/\/worldvapersalliance.com\/#\/schema\/person\/18484a6f20bcc6f70a2419c8babe017d"},"headline":"Vapers Protest Mexico Vape Ban as Reforms Seek to Include it in Constitutio &hellip;","datePublished":"2024-03-27T08:53:15+00:00","dateModified":"2024-04-01T08:54:22+00:00","mainEntityOfPage":{"@id":"https:\/\/worldvapersalliance.com\/vapers-protest-mexico-vape-ban-as-reforms-seek-to-include-it-in-constitution\/"},"wordCount":190,"commentCount":0,"publisher":{"@id":"https:\/\/worldvapersalliance.com\/#organization"},"image":{"@id":"https:\/\/worldvapersalliance.com\/vapers-protest-mexico-vape-ban-as-reforms-seek-to-include-it-in-constitution\/#primaryimage"},"thumbnailUrl":"https:\/\/worldvapersalliance.com\/wp-content\/uploads\/2025\/08\/WVA-in-the-news.png","articleSection":["WVA in the News"],"inLanguage":"ro-RO","potentialAction":[{"@type":"CommentAction","name":"Comment","target":["https:\/\/worldvapersalliance.com\/vapers-protest-mexico-vape-ban-as-reforms-seek-to-include-it-in-constitution\/#respond"]}]},{"@type":"WebPage","@id":"https:\/\/worldvapersalliance.com\/vapers-protest-mexico-vape-ban-as-reforms-seek-to-include-it-in-constitution\/","url":"https:\/\/worldvapersalliance.com\/vapers-protest-mexico-vape-ban-as-reforms-seek-to-include-it-in-constitution\/","name":"Utilizatorii de \u021big\u0103ri electronice protesteaz\u0103 \u00eempotriva interzicerii \u021big\u0103rilor electronice \u00een Mexic, \u00een contextul reformelor care urm\u0103resc includerea acesteia \u00een Constitu\u021bie - Alian\u021ba Mondial\u0103 a Vaperilor","isPartOf":{"@id":"https:\/\/worldvapersalliance.com\/#website"},"primaryImageOfPage":{"@id":"https:\/\/worldvapersalliance.com\/vapers-protest-mexico-vape-ban-as-reforms-seek-to-include-it-in-constitution\/#primaryimage"},"image":{"@id":"https:\/\/worldvapersalliance.com\/vapers-protest-mexico-vape-ban-as-reforms-seek-to-include-it-in-constitution\/#primaryimage"},"thumbnailUrl":"https:\/\/worldvapersalliance.com\/wp-content\/uploads\/2025\/08\/WVA-in-the-news.png","datePublished":"2024-03-27T08:53:15+00:00","dateModified":"2024-04-01T08:54:22+00:00","inLanguage":"ro-RO","potentialAction":[{"@type":"ReadAction","target":["https:\/\/worldvapersalliance.com\/vapers-protest-mexico-vape-ban-as-reforms-seek-to-include-it-in-constitution\/"]}]},{"@type":"ImageObject","inLanguage":"ro-RO","@id":"https:\/\/worldvapersalliance.com\/vapers-protest-mexico-vape-ban-as-reforms-seek-to-include-it-in-constitution\/#primaryimage","url":"https:\/\/worldvapersalliance.com\/wp-content\/uploads\/2025\/08\/WVA-in-the-news.png","contentUrl":"https:\/\/worldvapersalliance.com\/wp-content\/uploads\/2025\/08\/WVA-in-the-news.png","width":1264,"height":848},{"@type":"WebSite","@id":"https:\/\/worldvapersalliance.com\/#website","url":"https:\/\/worldvapersalliance.com\/","name":"Alian\u021ba Mondial\u0103 a Vaporatorilor","description":"Cea mai mare comunitate de vapoare","publisher":{"@id":"https:\/\/worldvapersalliance.com\/#organization"},"potentialAction":[{"@type":"SearchAction","target":{"@type":"EntryPoint","urlTemplate":"https:\/\/worldvapersalliance.com\/?s={search_term_string}"},"query-input":{"@type":"PropertyValueSpecification","valueRequired":true,"valueName":"search_term_string"}}],"inLanguage":"ro-RO"},{"@type":"Organization","@id":"https:\/\/worldvapersalliance.com\/#organization","name":"Alian\u021ba Mondial\u0103 a Vaporatorilor","url":"https:\/\/worldvapersalliance.com\/","logo":{"@type":"ImageObject","inLanguage":"ro-RO","@id":"https:\/\/worldvapersalliance.com\/#\/schema\/logo\/image\/","url":"https:\/\/worldvapersalliance.com\/wp-content\/uploads\/2022\/01\/WVA_RB_Fist_G.png","contentUrl":"https:\/\/worldvapersalliance.com\/wp-content\/uploads\/2022\/01\/WVA_RB_Fist_G.png","width":985,"height":1177,"caption":"World Vapers&#039; Alliance"},"image":{"@id":"https:\/\/worldvapersalliance.com\/#\/schema\/logo\/image\/"}},{"@type":"Person","@id":"https:\/\/worldvapersalliance.com\/#\/schema\/person\/18484a6f20bcc6f70a2419c8babe017d","name":"Alian\u021ba Mondial\u0103 a Vaporatorilor","image":{"@type":"ImageObject","inLanguage":"ro-RO","@id":"https:\/\/secure.gravatar.com\/avatar\/456bf795c7a47c9ac527a94da4bff150aa49e48726d69bee9937f8383cffa246?s=96&d=mm&r=g","url":"https:\/\/secure.gravatar.com\/avatar\/456bf795c7a47c9ac527a94da4bff150aa49e48726d69bee9937f8383cffa246?s=96&d=mm&r=g","contentUrl":"https:\/\/secure.gravatar.com\/avatar\/456bf795c7a47c9ac527a94da4bff150aa49e48726d69bee9937f8383cffa246?s=96&d=mm&r=g","caption":"World Vapers' Alliance"},"url":"https:\/\/worldvapersalliance.com\/ro\/author\/wva\/"}]}},"_links":{"self":[{"href":"https:\/\/worldvapersalliance.com\/ro\/wp-json\/wp\/v2\/posts\/5472","targetHints":{"allow":["GET"]}}],"collection":[{"href":"https:\/\/worldvapersalliance.com\/ro\/wp-json\/wp\/v2\/posts"}],"about":[{"href":"https:\/\/worldvapersalliance.com\/ro\/wp-json\/wp\/v2\/types\/post"}],"author":[{"embeddable":true,"href":"https:\/\/worldvapersalliance.com\/ro\/wp-json\/wp\/v2\/users\/11"}],"replies":[{"embeddable":true,"href":"https:\/\/worldvapersalliance.com\/ro\/wp-json\/wp\/v2\/comments?post=5472"}],"version-history":[{"count":0,"href":"https:\/\/worldvapersalliance.com\/ro\/wp-json\/wp\/v2\/posts\/5472\/revisions"}],"wp:featuredmedia":[{"embeddable":true,"href":"https:\/\/worldvapersalliance.com\/ro\/wp-json\/wp\/v2\/media\/6394"}],"wp:attachment":[{"href":"https:\/\/worldvapersalliance.com\/ro\/wp-json\/wp\/v2\/media?parent=5472"}],"wp:term":[{"taxonomy":"category","embeddable":true,"href":"https:\/\/worldvapersalliance.com\/ro\/wp-json\/wp\/v2\/categories?post=5472"},{"taxonomy":"post_tag","embeddable":true,"href":"https:\/\/worldvapersalliance.com\/ro\/wp-json\/wp\/v2\/tags?post=5472"}],"curies":[{"name":"wp","href":"https:\/\/api.w.org\/{rel}","templated":true}]}}