{"id":5463,"date":"2024-03-12T04:40:44","date_gmt":"2024-03-12T08:40:44","guid":{"rendered":"https:\/\/worldvapersalliance.com\/?p=5463"},"modified":"2024-04-01T04:43:51","modified_gmt":"2024-04-01T08:43:51","slug":"protestan-contra-propuesta-de-amlo-que-prohibe-vapeadores","status":"publish","type":"post","link":"https:\/\/worldvapersalliance.com\/ro\/protestan-contra-propuesta-de-amlo-que-prohibe-vapeadores\/","title":{"rendered":"Protestan contra propuesta de AMLO que proh\u00edbe vapeadores"},"content":{"rendered":"<h4>Manifestantes en la C\u00e1mara de Diputados piden regularizar aceste dispozitive electronice, deoarece, asigur\u0103n, son una alternativ\u0103 pentru a evita el tabaco.<\/h4>\n<p>Decenas de persons se manifestaron this marte in the Camera de Diputados contra la reforma constitucional del presidente Andr\u00e9s Manuel L\u00f3pez Obrador que caute prohibir the use of cigarros electronics or vapeadores.<\/p>\n<p>\u201cInten\u021bia este informat\u0103 asupra legislatorilor pentru c\u0103 a pus un freno a acestei ini\u021biative, care a lansat el presidente de a ridica o reform\u0103 constitu\u021bional\u0103, o prohibi\u021bie care a fost invalidat\u0103 nenum\u0103rate ori \u00een Suprema Corte\u201d, a spus Luis Felipe Gamboa, coordonator \u00een Alianza por la Libertad del Vapeo.<\/p>\n<p>Los inconformes, de organizations as Pro Vapeo, la World Vapers Alliance y \u201cYo Vapeo, Yo Voto\u201d, protestaron a favor de a se regulariza aceste dispozitive electronice, deoarece, aseveraron, son o alternative pentru a evita tabaco.<\/p>\n<p>\u201cNosotros pedimos y exigimos una regulaci\u00f3n donde haya un control de venta a menores, que nu se les vende \u0219i un control de calidad que exija la Cofepris (Comisi\u00f3n Federal para la Protecci\u00f3n Contra Riesgos Sanitarios) pentru a se da o reglementare minim\u0103, pentru a se asigura de securitatea consumatorului\u201d, a exprimat.<\/p>\n<p>Citi\u021bi textul integral <a href=\"https:\/\/www.forbes.com.mx\/protestan-contra-propuesta-de-amlo-que-prohibe-vapeadores\/\" target=\"_blank\" rel=\"noopener\">Aici<\/a><\/p>","protected":false},"excerpt":{"rendered":"<p>Manifestantes en la C\u00e1mara de Diputados piden regularizar estos dispositivos electr\u00f3nicos porque, aseguran, son una alternativa para evitar el tabaco. Decenas de personas se manifestaron este martes en la C\u00e1mara de Diputados contra la reforma constitucional del presidente Andr\u00e9s Manuel L\u00f3pez Obrador que busca prohibir el uso de cigarros electr\u00f3nicos o vapeadores. \u201cLa intenci\u00f3n es [&hellip;]<\/p>\n","protected":false},"author":11,"featured_media":6394,"comment_status":"open","ping_status":"open","sticky":false,"template":"","format":"standard","meta":{"footnotes":""},"categories":[15],"tags":[],"class_list":["post-5463","post","type-post","status-publish","format-standard","has-post-thumbnail","hentry","category-wva-in-the-news"],"yoast_head":"<!-- This site is optimized with the Yoast SEO plugin v27.3 - https:\/\/yoast.com\/product\/yoast-seo-wordpress\/ -->\n<title>Protestan contra propuesta de AMLO que proh\u00edbe vapeadores - World Vapers&#039; Alliance<\/title>\n<meta name=\"robots\" content=\"index, follow, max-snippet:-1, max-image-preview:large, max-video-preview:-1\" \/>\n<link rel=\"canonical\" href=\"https:\/\/worldvapersalliance.com\/ro\/protestan-contra-propuesta-de-amlo-que-prohibe-vapeadores\/\" \/>\n<meta property=\"og:locale\" content=\"ro_RO\" \/>\n<meta property=\"og:type\" content=\"article\" \/>\n<meta property=\"og:title\" content=\"Protestan contra propuesta de AMLO que proh\u00edbe vapeadores - World Vapers&#039; Alliance\" \/>\n<meta property=\"og:description\" content=\"Manifestantes en la C\u00e1mara de Diputados piden regularizar estos dispositivos electr\u00f3nicos porque, aseguran, son una alternativa para evitar el tabaco. Decenas de personas se manifestaron este martes en la C\u00e1mara de Diputados contra la reforma constitucional del presidente Andr\u00e9s Manuel L\u00f3pez Obrador que busca prohibir el uso de cigarros electr\u00f3nicos o vapeadores. \u201cLa intenci\u00f3n es [&hellip;]\" \/>\n<meta property=\"og:url\" content=\"https:\/\/worldvapersalliance.com\/ro\/protestan-contra-propuesta-de-amlo-que-prohibe-vapeadores\/\" \/>\n<meta property=\"og:site_name\" content=\"World Vapers&#039; Alliance\" \/>\n<meta property=\"article:published_time\" content=\"2024-03-12T08:40:44+00:00\" \/>\n<meta property=\"article:modified_time\" content=\"2024-04-01T08:43:51+00:00\" \/>\n<meta property=\"og:image\" content=\"https:\/\/worldvapersalliance.com\/wp-content\/uploads\/2024\/04\/Forbes-Mexico.png\" \/>\n\t<meta property=\"og:image:width\" content=\"2081\" \/>\n\t<meta property=\"og:image:height\" content=\"1920\" \/>\n\t<meta property=\"og:image:type\" content=\"image\/png\" \/>\n<meta name=\"author\" content=\"World Vapers&#039; Alliance\" \/>\n<meta name=\"twitter:card\" content=\"summary_large_image\" \/>\n<meta name=\"twitter:label1\" content=\"Scris de\" \/>\n\t<meta name=\"twitter:data1\" content=\"World Vapers&#039; Alliance\" \/>\n\t<meta name=\"twitter:label2\" content=\"Timp estimat pentru citire\" \/>\n\t<meta name=\"twitter:data2\" content=\"2 minute\" \/>\n<script type=\"application\/ld+json\" class=\"yoast-schema-graph\">{\"@context\":\"https:\\\/\\\/schema.org\",\"@graph\":[{\"@type\":\"Article\",\"@id\":\"https:\\\/\\\/worldvapersalliance.com\\\/protestan-contra-propuesta-de-amlo-que-prohibe-vapeadores\\\/#article\",\"isPartOf\":{\"@id\":\"https:\\\/\\\/worldvapersalliance.com\\\/protestan-contra-propuesta-de-amlo-que-prohibe-vapeadores\\\/\"},\"author\":{\"name\":\"World Vapers' Alliance\",\"@id\":\"https:\\\/\\\/worldvapersalliance.com\\\/#\\\/schema\\\/person\\\/18484a6f20bcc6f70a2419c8babe017d\"},\"headline\":\"Protestan contra propuesta de AMLO que proh\u00edbe vapeadores\",\"datePublished\":\"2024-03-12T08:40:44+00:00\",\"dateModified\":\"2024-04-01T08:43:51+00:00\",\"mainEntityOfPage\":{\"@id\":\"https:\\\/\\\/worldvapersalliance.com\\\/protestan-contra-propuesta-de-amlo-que-prohibe-vapeadores\\\/\"},\"wordCount\":214,\"commentCount\":0,\"publisher\":{\"@id\":\"https:\\\/\\\/worldvapersalliance.com\\\/#organization\"},\"image\":{\"@id\":\"https:\\\/\\\/worldvapersalliance.com\\\/protestan-contra-propuesta-de-amlo-que-prohibe-vapeadores\\\/#primaryimage\"},\"thumbnailUrl\":\"https:\\\/\\\/worldvapersalliance.com\\\/wp-content\\\/uploads\\\/2025\\\/08\\\/WVA-in-the-news.png\",\"articleSection\":[\"WVA in the News\"],\"inLanguage\":\"ro-RO\",\"potentialAction\":[{\"@type\":\"CommentAction\",\"name\":\"Comment\",\"target\":[\"https:\\\/\\\/worldvapersalliance.com\\\/protestan-contra-propuesta-de-amlo-que-prohibe-vapeadores\\\/#respond\"]}]},{\"@type\":\"WebPage\",\"@id\":\"https:\\\/\\\/worldvapersalliance.com\\\/protestan-contra-propuesta-de-amlo-que-prohibe-vapeadores\\\/\",\"url\":\"https:\\\/\\\/worldvapersalliance.com\\\/protestan-contra-propuesta-de-amlo-que-prohibe-vapeadores\\\/\",\"name\":\"Protestan contra propuesta de AMLO que proh\u00edbe vapeadores - World Vapers&#039; Alliance\",\"isPartOf\":{\"@id\":\"https:\\\/\\\/worldvapersalliance.com\\\/#website\"},\"primaryImageOfPage\":{\"@id\":\"https:\\\/\\\/worldvapersalliance.com\\\/protestan-contra-propuesta-de-amlo-que-prohibe-vapeadores\\\/#primaryimage\"},\"image\":{\"@id\":\"https:\\\/\\\/worldvapersalliance.com\\\/protestan-contra-propuesta-de-amlo-que-prohibe-vapeadores\\\/#primaryimage\"},\"thumbnailUrl\":\"https:\\\/\\\/worldvapersalliance.com\\\/wp-content\\\/uploads\\\/2025\\\/08\\\/WVA-in-the-news.png\",\"datePublished\":\"2024-03-12T08:40:44+00:00\",\"dateModified\":\"2024-04-01T08:43:51+00:00\",\"inLanguage\":\"ro-RO\",\"potentialAction\":[{\"@type\":\"ReadAction\",\"target\":[\"https:\\\/\\\/worldvapersalliance.com\\\/protestan-contra-propuesta-de-amlo-que-prohibe-vapeadores\\\/\"]}]},{\"@type\":\"ImageObject\",\"inLanguage\":\"ro-RO\",\"@id\":\"https:\\\/\\\/worldvapersalliance.com\\\/protestan-contra-propuesta-de-amlo-que-prohibe-vapeadores\\\/#primaryimage\",\"url\":\"https:\\\/\\\/worldvapersalliance.com\\\/wp-content\\\/uploads\\\/2025\\\/08\\\/WVA-in-the-news.png\",\"contentUrl\":\"https:\\\/\\\/worldvapersalliance.com\\\/wp-content\\\/uploads\\\/2025\\\/08\\\/WVA-in-the-news.png\",\"width\":1264,\"height\":848},{\"@type\":\"WebSite\",\"@id\":\"https:\\\/\\\/worldvapersalliance.com\\\/#website\",\"url\":\"https:\\\/\\\/worldvapersalliance.com\\\/\",\"name\":\"World Vapers&#039; Alliance\",\"description\":\"The largest community of vapers\",\"publisher\":{\"@id\":\"https:\\\/\\\/worldvapersalliance.com\\\/#organization\"},\"potentialAction\":[{\"@type\":\"SearchAction\",\"target\":{\"@type\":\"EntryPoint\",\"urlTemplate\":\"https:\\\/\\\/worldvapersalliance.com\\\/?s={search_term_string}\"},\"query-input\":{\"@type\":\"PropertyValueSpecification\",\"valueRequired\":true,\"valueName\":\"search_term_string\"}}],\"inLanguage\":\"ro-RO\"},{\"@type\":\"Organization\",\"@id\":\"https:\\\/\\\/worldvapersalliance.com\\\/#organization\",\"name\":\"World Vapers&#039; Alliance\",\"url\":\"https:\\\/\\\/worldvapersalliance.com\\\/\",\"logo\":{\"@type\":\"ImageObject\",\"inLanguage\":\"ro-RO\",\"@id\":\"https:\\\/\\\/worldvapersalliance.com\\\/#\\\/schema\\\/logo\\\/image\\\/\",\"url\":\"https:\\\/\\\/worldvapersalliance.com\\\/wp-content\\\/uploads\\\/2022\\\/01\\\/WVA_RB_Fist_G.png\",\"contentUrl\":\"https:\\\/\\\/worldvapersalliance.com\\\/wp-content\\\/uploads\\\/2022\\\/01\\\/WVA_RB_Fist_G.png\",\"width\":985,\"height\":1177,\"caption\":\"World Vapers&#039; Alliance\"},\"image\":{\"@id\":\"https:\\\/\\\/worldvapersalliance.com\\\/#\\\/schema\\\/logo\\\/image\\\/\"}},{\"@type\":\"Person\",\"@id\":\"https:\\\/\\\/worldvapersalliance.com\\\/#\\\/schema\\\/person\\\/18484a6f20bcc6f70a2419c8babe017d\",\"name\":\"World Vapers' Alliance\",\"image\":{\"@type\":\"ImageObject\",\"inLanguage\":\"ro-RO\",\"@id\":\"https:\\\/\\\/secure.gravatar.com\\\/avatar\\\/456bf795c7a47c9ac527a94da4bff150aa49e48726d69bee9937f8383cffa246?s=96&d=mm&r=g\",\"url\":\"https:\\\/\\\/secure.gravatar.com\\\/avatar\\\/456bf795c7a47c9ac527a94da4bff150aa49e48726d69bee9937f8383cffa246?s=96&d=mm&r=g\",\"contentUrl\":\"https:\\\/\\\/secure.gravatar.com\\\/avatar\\\/456bf795c7a47c9ac527a94da4bff150aa49e48726d69bee9937f8383cffa246?s=96&d=mm&r=g\",\"caption\":\"World Vapers' Alliance\"},\"url\":\"https:\\\/\\\/worldvapersalliance.com\\\/ro\\\/author\\\/wva\\\/\"}]}<\/script>\n<!-- \/ Yoast SEO plugin. -->","yoast_head_json":{"title":"Protestan contra propuesta de AMLO que proh\u00edbe vapeadores - World Vapers&#039; Alliance","robots":{"index":"index","follow":"follow","max-snippet":"max-snippet:-1","max-image-preview":"max-image-preview:large","max-video-preview":"max-video-preview:-1"},"canonical":"https:\/\/worldvapersalliance.com\/ro\/protestan-contra-propuesta-de-amlo-que-prohibe-vapeadores\/","og_locale":"ro_RO","og_type":"article","og_title":"Protestan contra propuesta de AMLO que proh\u00edbe vapeadores - World Vapers&#039; Alliance","og_description":"Manifestantes en la C\u00e1mara de Diputados piden regularizar estos dispositivos electr\u00f3nicos porque, aseguran, son una alternativa para evitar el tabaco. Decenas de personas se manifestaron este martes en la C\u00e1mara de Diputados contra la reforma constitucional del presidente Andr\u00e9s Manuel L\u00f3pez Obrador que busca prohibir el uso de cigarros electr\u00f3nicos o vapeadores. \u201cLa intenci\u00f3n es [&hellip;]","og_url":"https:\/\/worldvapersalliance.com\/ro\/protestan-contra-propuesta-de-amlo-que-prohibe-vapeadores\/","og_site_name":"World Vapers&#039; Alliance","article_published_time":"2024-03-12T08:40:44+00:00","article_modified_time":"2024-04-01T08:43:51+00:00","og_image":[{"width":2081,"height":1920,"url":"https:\/\/worldvapersalliance.com\/wp-content\/uploads\/2024\/04\/Forbes-Mexico.png","type":"image\/png"}],"author":"World Vapers' Alliance","twitter_card":"summary_large_image","twitter_misc":{"Scris de":"World Vapers' Alliance","Timp estimat pentru citire":"2 minute"},"schema":{"@context":"https:\/\/schema.org","@graph":[{"@type":"Article","@id":"https:\/\/worldvapersalliance.com\/protestan-contra-propuesta-de-amlo-que-prohibe-vapeadores\/#article","isPartOf":{"@id":"https:\/\/worldvapersalliance.com\/protestan-contra-propuesta-de-amlo-que-prohibe-vapeadores\/"},"author":{"name":"World Vapers' Alliance","@id":"https:\/\/worldvapersalliance.com\/#\/schema\/person\/18484a6f20bcc6f70a2419c8babe017d"},"headline":"Protestan contra propuesta de AMLO que proh\u00edbe vapeadores","datePublished":"2024-03-12T08:40:44+00:00","dateModified":"2024-04-01T08:43:51+00:00","mainEntityOfPage":{"@id":"https:\/\/worldvapersalliance.com\/protestan-contra-propuesta-de-amlo-que-prohibe-vapeadores\/"},"wordCount":214,"commentCount":0,"publisher":{"@id":"https:\/\/worldvapersalliance.com\/#organization"},"image":{"@id":"https:\/\/worldvapersalliance.com\/protestan-contra-propuesta-de-amlo-que-prohibe-vapeadores\/#primaryimage"},"thumbnailUrl":"https:\/\/worldvapersalliance.com\/wp-content\/uploads\/2025\/08\/WVA-in-the-news.png","articleSection":["WVA in the News"],"inLanguage":"ro-RO","potentialAction":[{"@type":"CommentAction","name":"Comment","target":["https:\/\/worldvapersalliance.com\/protestan-contra-propuesta-de-amlo-que-prohibe-vapeadores\/#respond"]}]},{"@type":"WebPage","@id":"https:\/\/worldvapersalliance.com\/protestan-contra-propuesta-de-amlo-que-prohibe-vapeadores\/","url":"https:\/\/worldvapersalliance.com\/protestan-contra-propuesta-de-amlo-que-prohibe-vapeadores\/","name":"Protestan contra propuesta de AMLO que proh\u00edbe vapeadores - World Vapers&#039; Alliance","isPartOf":{"@id":"https:\/\/worldvapersalliance.com\/#website"},"primaryImageOfPage":{"@id":"https:\/\/worldvapersalliance.com\/protestan-contra-propuesta-de-amlo-que-prohibe-vapeadores\/#primaryimage"},"image":{"@id":"https:\/\/worldvapersalliance.com\/protestan-contra-propuesta-de-amlo-que-prohibe-vapeadores\/#primaryimage"},"thumbnailUrl":"https:\/\/worldvapersalliance.com\/wp-content\/uploads\/2025\/08\/WVA-in-the-news.png","datePublished":"2024-03-12T08:40:44+00:00","dateModified":"2024-04-01T08:43:51+00:00","inLanguage":"ro-RO","potentialAction":[{"@type":"ReadAction","target":["https:\/\/worldvapersalliance.com\/protestan-contra-propuesta-de-amlo-que-prohibe-vapeadores\/"]}]},{"@type":"ImageObject","inLanguage":"ro-RO","@id":"https:\/\/worldvapersalliance.com\/protestan-contra-propuesta-de-amlo-que-prohibe-vapeadores\/#primaryimage","url":"https:\/\/worldvapersalliance.com\/wp-content\/uploads\/2025\/08\/WVA-in-the-news.png","contentUrl":"https:\/\/worldvapersalliance.com\/wp-content\/uploads\/2025\/08\/WVA-in-the-news.png","width":1264,"height":848},{"@type":"WebSite","@id":"https:\/\/worldvapersalliance.com\/#website","url":"https:\/\/worldvapersalliance.com\/","name":"Alian\u021ba Mondial\u0103 a Vaporatorilor","description":"Cea mai mare comunitate de vapoare","publisher":{"@id":"https:\/\/worldvapersalliance.com\/#organization"},"potentialAction":[{"@type":"SearchAction","target":{"@type":"EntryPoint","urlTemplate":"https:\/\/worldvapersalliance.com\/?s={search_term_string}"},"query-input":{"@type":"PropertyValueSpecification","valueRequired":true,"valueName":"search_term_string"}}],"inLanguage":"ro-RO"},{"@type":"Organization","@id":"https:\/\/worldvapersalliance.com\/#organization","name":"Alian\u021ba Mondial\u0103 a Vaporatorilor","url":"https:\/\/worldvapersalliance.com\/","logo":{"@type":"ImageObject","inLanguage":"ro-RO","@id":"https:\/\/worldvapersalliance.com\/#\/schema\/logo\/image\/","url":"https:\/\/worldvapersalliance.com\/wp-content\/uploads\/2022\/01\/WVA_RB_Fist_G.png","contentUrl":"https:\/\/worldvapersalliance.com\/wp-content\/uploads\/2022\/01\/WVA_RB_Fist_G.png","width":985,"height":1177,"caption":"World Vapers&#039; Alliance"},"image":{"@id":"https:\/\/worldvapersalliance.com\/#\/schema\/logo\/image\/"}},{"@type":"Person","@id":"https:\/\/worldvapersalliance.com\/#\/schema\/person\/18484a6f20bcc6f70a2419c8babe017d","name":"Alian\u021ba Mondial\u0103 a Vaporatorilor","image":{"@type":"ImageObject","inLanguage":"ro-RO","@id":"https:\/\/secure.gravatar.com\/avatar\/456bf795c7a47c9ac527a94da4bff150aa49e48726d69bee9937f8383cffa246?s=96&d=mm&r=g","url":"https:\/\/secure.gravatar.com\/avatar\/456bf795c7a47c9ac527a94da4bff150aa49e48726d69bee9937f8383cffa246?s=96&d=mm&r=g","contentUrl":"https:\/\/secure.gravatar.com\/avatar\/456bf795c7a47c9ac527a94da4bff150aa49e48726d69bee9937f8383cffa246?s=96&d=mm&r=g","caption":"World Vapers' Alliance"},"url":"https:\/\/worldvapersalliance.com\/ro\/author\/wva\/"}]}},"_links":{"self":[{"href":"https:\/\/worldvapersalliance.com\/ro\/wp-json\/wp\/v2\/posts\/5463","targetHints":{"allow":["GET"]}}],"collection":[{"href":"https:\/\/worldvapersalliance.com\/ro\/wp-json\/wp\/v2\/posts"}],"about":[{"href":"https:\/\/worldvapersalliance.com\/ro\/wp-json\/wp\/v2\/types\/post"}],"author":[{"embeddable":true,"href":"https:\/\/worldvapersalliance.com\/ro\/wp-json\/wp\/v2\/users\/11"}],"replies":[{"embeddable":true,"href":"https:\/\/worldvapersalliance.com\/ro\/wp-json\/wp\/v2\/comments?post=5463"}],"version-history":[{"count":0,"href":"https:\/\/worldvapersalliance.com\/ro\/wp-json\/wp\/v2\/posts\/5463\/revisions"}],"wp:featuredmedia":[{"embeddable":true,"href":"https:\/\/worldvapersalliance.com\/ro\/wp-json\/wp\/v2\/media\/6394"}],"wp:attachment":[{"href":"https:\/\/worldvapersalliance.com\/ro\/wp-json\/wp\/v2\/media?parent=5463"}],"wp:term":[{"taxonomy":"category","embeddable":true,"href":"https:\/\/worldvapersalliance.com\/ro\/wp-json\/wp\/v2\/categories?post=5463"},{"taxonomy":"post_tag","embeddable":true,"href":"https:\/\/worldvapersalliance.com\/ro\/wp-json\/wp\/v2\/tags?post=5463"}],"curies":[{"name":"wp","href":"https:\/\/api.w.org\/{rel}","templated":true}]}}