{"id":5265,"date":"2023-12-14T05:58:51","date_gmt":"2023-12-14T10:58:51","guid":{"rendered":"https:\/\/worldvapersalliance.com\/?p=5265"},"modified":"2023-12-14T05:59:51","modified_gmt":"2023-12-14T10:59:51","slug":"consumers-strongly-condemn-whos-proposed-ban-on-flavoured-e-cigarettes","status":"publish","type":"post","link":"https:\/\/worldvapersalliance.com\/ro\/consumers-strongly-condemn-whos-proposed-ban-on-flavoured-e-cigarettes\/","title":{"rendered":"Consumatorii condamn\u0103 ferm interzicerea propus\u0103 de OMS a \u021big\u0103rilor electronice aromate..."},"content":{"rendered":"<p dir=\"ltr\">14 decembrie 2023 \u2013<strong> Alian\u021ba Mondial\u0103 a Vaperilor (WVA) a criticat vehement ast\u0103zi Organiza\u021bia Mondial\u0103 a S\u0103n\u0103t\u0103\u021bii (OMS). <a href=\"https:\/\/link.mediaoutreach.meltwater.com\/ls\/click?upn=v2OU6mEZsrF8RQMJ1eCY0pi3IH-2B-2FsSXyKCx5tz-2FTWk7Hr7xFE65BXwFYsFJvElo6qJ6dLQyU-2FFPdpe3FbHUeAQYqbf1gxBFnwq197WD3TXkW12-2FaDbTSkvYEZ2HBmQKGw7Cct8r65BZn2PycXtFxNQtPt6TWAuCBgHBFoIlVG0Yk5YDL4wjDytoonefYEGQZOP8F_6-2BOayirWiMnL4NNJ9ivl6YavKZeo6-2F4wNJspN1hyqCqN9Iica8t3kuAqeTUsoEZyEPArUXwlTHpmuotWGUYRcpQrE8nNUswQ7G-2Fk02oN1WEWHHt54BxhdFiplpKrmGj1Wq4lrTEMZmpKkoVZnAYYy2-2FRTKVDPRi0gVKT85LWW7LTAL9R6dtMGoHvYRCISdRzyJ77t2CE6JGuWum6-2BpGXfcDnSACxk1l5uNlXvyibnw0-2F1sW0OSoTCygw4Zs5e-2FkUyFmFqu6w5pHf0-2Bqyj-2BZx8foxOaLv8kEcRL0Zyn57Wrd3eyet7ySOmujnVuLpYHUQsiT4Yve5aOR1Oj48YbcQVjxcUFXz-2F2fEbAmIunHuy-2FPV0TOV27C5DGRogfs09Fsma-2F4zePv4SyHuhv-2FWk8tBJA-3D-3D\" target=\"_blank\" rel=\"noopener\" data-saferedirecturl=\"https:\/\/www.google.com\/url?q=https:\/\/link.mediaoutreach.meltwater.com\/ls\/click?upn%3Dv2OU6mEZsrF8RQMJ1eCY0pi3IH-2B-2FsSXyKCx5tz-2FTWk7Hr7xFE65BXwFYsFJvElo6qJ6dLQyU-2FFPdpe3FbHUeAQYqbf1gxBFnwq197WD3TXkW12-2FaDbTSkvYEZ2HBmQKGw7Cct8r65BZn2PycXtFxNQtPt6TWAuCBgHBFoIlVG0Yk5YDL4wjDytoonefYEGQZOP8F_6-2BOayirWiMnL4NNJ9ivl6YavKZeo6-2F4wNJspN1hyqCqN9Iica8t3kuAqeTUsoEZyEPArUXwlTHpmuotWGUYRcpQrE8nNUswQ7G-2Fk02oN1WEWHHt54BxhdFiplpKrmGj1Wq4lrTEMZmpKkoVZnAYYy2-2FRTKVDPRi0gVKT85LWW7LTAL9R6dtMGoHvYRCISdRzyJ77t2CE6JGuWum6-2BpGXfcDnSACxk1l5uNlXvyibnw0-2F1sW0OSoTCygw4Zs5e-2FkUyFmFqu6w5pHf0-2Bqyj-2BZx8foxOaLv8kEcRL0Zyn57Wrd3eyet7ySOmujnVuLpYHUQsiT4Yve5aOR1Oj48YbcQVjxcUFXz-2F2fEbAmIunHuy-2FPV0TOV27C5DGRogfs09Fsma-2F4zePv4SyHuhv-2FWk8tBJA-3D-3D&amp;source=gmail&amp;ust=1702637892115000&amp;usg=AOvVaw3nWJFC7rzpc3Kx7tKH2RLQ\">exigent<\/a> s\u0103 interzic\u0103 la nivel global aromele de vaping<\/strong>. Aceast\u0103 mi\u0219care a OMS, care marcheaz\u0103 o escaladare a campaniei sale \u00eempotriva produselor de vaping, a fost \u00eent\u00e2mpinat\u0103 cu reac\u021bii negative severe din partea sus\u021bin\u0103torilor reducerii riscurilor \u0219i ai s\u0103n\u0103t\u0103\u021bii publice.<\/p>\n<p dir=\"ltr\">Michael Landl, directorul Alian\u021bei Mondiale a Vaperilor, \u0219i-a exprimat dezaprobarea ferm\u0103:<\/p>\n<p dir=\"ltr\"><em>\u201cCea mai recent\u0103 pozi\u021bie a OMS privind aromele de vapat nu este doar gre\u0219it\u0103, ci este periculos de rupt\u0103 de realitatea \u0219tiin\u021bific\u0103.\u201d. <strong>Prin insisten\u021ba asupra unei interdic\u021bii generale, OMS ignor\u0103 \u00een mod flagrant o multitudine de dovezi \u0219tiin\u021bifice care subliniaz\u0103 beneficiile vapatului \u00een compara\u021bie cu alternativele.<\/strong> \u021aig\u0103rile electronice aromate s-au dovedit a cre\u0219te \u0219ansele de renun\u021bare la fumat cu 230% \u00een compara\u021bie cu alternativele f\u0103r\u0103 arom\u0103. Este \u00eengrozitor s\u0103 vezi cum un instrument at\u00e2t de important de s\u0103n\u0103tate public\u0103 este ignorat de o organiza\u021bie care ar trebui s\u0103 fie \u00een avangarda reducerii riscurilor.\u201d<\/em><\/p>\n<p dir=\"ltr\">WVA subliniaz\u0103 c\u0103 vapatul este mai pu\u021bin d\u0103un\u0103tor dec\u00e2t fumatul \u0219i mai eficient \u00een renun\u021barea la fumat dec\u00e2t metodele tradi\u021bionale, cum ar fi guma \u0219i plasturii. Organiza\u021bia subliniaz\u0103 c\u0103 restric\u021bionarea sau interzicerea accesului la aromele de vapat nu numai c\u0103 va submina eforturile de s\u0103n\u0103tate public\u0103, dar va duce \u0219i la pierderi inutile de vie\u021bi omene\u0219ti.<\/p>\n<p dir=\"ltr\">Landl critic\u0103 \u00een continuare abordarea OMS:<\/p>\n<p dir=\"ltr\"><em>\u201cPropunerea OMS este o neglijare flagrant\u0103 a datoriei sale de a proteja s\u0103n\u0103tatea public\u0103. Este un deserviciu adus milioanelor de fum\u0103tori \u0219i utilizatori de \u021big\u0103ri electronice aromate care au reu\u0219it s\u0103 renun\u021be la fumat prin intermediul \u021big\u0103rilor electronice aromate.\u201d. <strong>Aceast\u0103 interdic\u021bie este o mi\u0219care regresiv\u0103 care \u00eei va \u00eempinge inevitabil pe oameni \u00eenapoi la fumat, provoc\u00e2nd mai multe daune \u0219i pierderi de vie\u021bi omene\u0219ti.<\/strong> \u201dEste timpul ca OMS s\u0103 \u00eenceap\u0103 s\u0103-\u0219i bazeze deciziile pe \u0219tiin\u021b\u0103 \u0219i dovezi din lumea real\u0103, \u00een loc s\u0103 perpetueze temeri nefondate \u0219i panic\u0103 moral\u0103.\u201d<\/em> a concluzionat Landl.<\/p>\n<p dir=\"ltr\">WVA \u00eendeamn\u0103 factorii de decizie din domeniul s\u0103n\u0103t\u0103\u021bii la nivel global s\u0103 resping\u0103 recomandarea OMS \u0219i s\u0103 adopte o abordare mai echilibrat\u0103 \u0219i bazat\u0103 pe dovezi \u00een ceea ce prive\u0219te reglementarea \u021big\u0103rilor electronice. Organiza\u021bia solicit\u0103 politici care s\u0103 respecte drepturile \u0219i alegerile fum\u0103torilor adul\u021bi, abord\u00e2nd \u00een acela\u0219i timp eficient problema fumatului \u00een r\u00e2ndul tinerilor, f\u0103r\u0103 a recurge la m\u0103suri care ar inversa progresele ob\u021binute \u00een renun\u021barea la fumat.<\/p>","protected":false},"excerpt":{"rendered":"<p>14 December 2023 \u2013 The World Vapers&#8217; Alliance (WVA) today issued vehement criticism of the World Health Organization&#8217;s (WHO) now demanding to globally ban vaping flavours. This move by the WHO, which marks an escalation in its campaign against vaping products, has been met with severe backlash from harm reduction and public health advocates. Michael [&hellip;]<\/p>\n","protected":false},"author":11,"featured_media":3245,"comment_status":"open","ping_status":"open","sticky":false,"template":"","format":"standard","meta":{"footnotes":""},"categories":[13],"tags":[],"class_list":["post-5265","post","type-post","status-publish","format-standard","has-post-thumbnail","hentry","category-press-releases"],"yoast_head":"<!-- This site is optimized with the Yoast SEO plugin v27.5 - https:\/\/yoast.com\/product\/yoast-seo-wordpress\/ -->\n<title>Consumers Strongly Condemn WHO&#039;s Proposed Ban on Flavoured E-Cigarettes - World Vapers&#039; Alliance<\/title>\n<meta name=\"description\" content=\"WVA today issued vehement criticism of the World Health Organization&#039;s (WHO) now demanding to globally ban vaping flavours.\" \/>\n<meta name=\"robots\" content=\"index, follow, max-snippet:-1, max-image-preview:large, max-video-preview:-1\" \/>\n<link rel=\"canonical\" href=\"https:\/\/worldvapersalliance.com\/ro\/consumers-strongly-condemn-whos-proposed-ban-on-flavoured-e-cigarettes\/\" \/>\n<meta property=\"og:locale\" content=\"ro_RO\" \/>\n<meta property=\"og:type\" content=\"article\" \/>\n<meta property=\"og:title\" content=\"Consumers Strongly Condemn WHO&#039;s Proposed Ban on Flavoured E-Cigarettes - World Vapers&#039; Alliance\" \/>\n<meta property=\"og:description\" content=\"WVA today issued vehement criticism of the World Health Organization&#039;s (WHO) now demanding to globally ban vaping flavours.\" \/>\n<meta property=\"og:url\" content=\"https:\/\/worldvapersalliance.com\/ro\/consumers-strongly-condemn-whos-proposed-ban-on-flavoured-e-cigarettes\/\" \/>\n<meta property=\"og:site_name\" content=\"World Vapers&#039; Alliance\" \/>\n<meta property=\"article:published_time\" content=\"2023-12-14T10:58:51+00:00\" \/>\n<meta property=\"article:modified_time\" content=\"2023-12-14T10:59:51+00:00\" \/>\n<meta property=\"og:image\" content=\"https:\/\/worldvapersalliance.com\/wp-content\/uploads\/2022\/10\/WVA_Press-Release_Cover-new.png\" \/>\n\t<meta property=\"og:image:width\" content=\"4162\" \/>\n\t<meta property=\"og:image:height\" content=\"3840\" \/>\n\t<meta property=\"og:image:type\" content=\"image\/png\" \/>\n<meta name=\"author\" content=\"World Vapers&#039; Alliance\" \/>\n<meta name=\"twitter:card\" content=\"summary_large_image\" \/>\n<meta name=\"twitter:label1\" content=\"Scris de\" \/>\n\t<meta name=\"twitter:data1\" content=\"World Vapers&#039; Alliance\" \/>\n\t<meta name=\"twitter:label2\" content=\"Timp estimat pentru citire\" \/>\n\t<meta name=\"twitter:data2\" content=\"2 minute\" \/>\n<script type=\"application\/ld+json\" class=\"yoast-schema-graph\">{\"@context\":\"https:\\\/\\\/schema.org\",\"@graph\":[{\"@type\":\"Article\",\"@id\":\"https:\\\/\\\/worldvapersalliance.com\\\/consumers-strongly-condemn-whos-proposed-ban-on-flavoured-e-cigarettes\\\/#article\",\"isPartOf\":{\"@id\":\"https:\\\/\\\/worldvapersalliance.com\\\/consumers-strongly-condemn-whos-proposed-ban-on-flavoured-e-cigarettes\\\/\"},\"author\":{\"name\":\"World Vapers' Alliance\",\"@id\":\"https:\\\/\\\/worldvapersalliance.com\\\/#\\\/schema\\\/person\\\/18484a6f20bcc6f70a2419c8babe017d\"},\"headline\":\"Consumers Strongly Condemn WHO&#8217;s Proposed Ban on Flavoured E-Cigarett &hellip;\",\"datePublished\":\"2023-12-14T10:58:51+00:00\",\"dateModified\":\"2023-12-14T10:59:51+00:00\",\"mainEntityOfPage\":{\"@id\":\"https:\\\/\\\/worldvapersalliance.com\\\/consumers-strongly-condemn-whos-proposed-ban-on-flavoured-e-cigarettes\\\/\"},\"wordCount\":357,\"commentCount\":1,\"publisher\":{\"@id\":\"https:\\\/\\\/worldvapersalliance.com\\\/#organization\"},\"image\":{\"@id\":\"https:\\\/\\\/worldvapersalliance.com\\\/consumers-strongly-condemn-whos-proposed-ban-on-flavoured-e-cigarettes\\\/#primaryimage\"},\"thumbnailUrl\":\"https:\\\/\\\/worldvapersalliance.com\\\/wp-content\\\/uploads\\\/2022\\\/10\\\/WVA_Press-Release_Cover-new.png\",\"articleSection\":[\"Press Releases\"],\"inLanguage\":\"ro-RO\",\"potentialAction\":[{\"@type\":\"CommentAction\",\"name\":\"Comment\",\"target\":[\"https:\\\/\\\/worldvapersalliance.com\\\/consumers-strongly-condemn-whos-proposed-ban-on-flavoured-e-cigarettes\\\/#respond\"]}]},{\"@type\":\"WebPage\",\"@id\":\"https:\\\/\\\/worldvapersalliance.com\\\/consumers-strongly-condemn-whos-proposed-ban-on-flavoured-e-cigarettes\\\/\",\"url\":\"https:\\\/\\\/worldvapersalliance.com\\\/consumers-strongly-condemn-whos-proposed-ban-on-flavoured-e-cigarettes\\\/\",\"name\":\"Consumers Strongly Condemn WHO's Proposed Ban on Flavoured E-Cigarettes - World Vapers&#039; Alliance\",\"isPartOf\":{\"@id\":\"https:\\\/\\\/worldvapersalliance.com\\\/#website\"},\"primaryImageOfPage\":{\"@id\":\"https:\\\/\\\/worldvapersalliance.com\\\/consumers-strongly-condemn-whos-proposed-ban-on-flavoured-e-cigarettes\\\/#primaryimage\"},\"image\":{\"@id\":\"https:\\\/\\\/worldvapersalliance.com\\\/consumers-strongly-condemn-whos-proposed-ban-on-flavoured-e-cigarettes\\\/#primaryimage\"},\"thumbnailUrl\":\"https:\\\/\\\/worldvapersalliance.com\\\/wp-content\\\/uploads\\\/2022\\\/10\\\/WVA_Press-Release_Cover-new.png\",\"datePublished\":\"2023-12-14T10:58:51+00:00\",\"dateModified\":\"2023-12-14T10:59:51+00:00\",\"description\":\"WVA today issued vehement criticism of the World Health Organization's (WHO) now demanding to globally ban vaping flavours.\",\"inLanguage\":\"ro-RO\",\"potentialAction\":[{\"@type\":\"ReadAction\",\"target\":[\"https:\\\/\\\/worldvapersalliance.com\\\/consumers-strongly-condemn-whos-proposed-ban-on-flavoured-e-cigarettes\\\/\"]}]},{\"@type\":\"ImageObject\",\"inLanguage\":\"ro-RO\",\"@id\":\"https:\\\/\\\/worldvapersalliance.com\\\/consumers-strongly-condemn-whos-proposed-ban-on-flavoured-e-cigarettes\\\/#primaryimage\",\"url\":\"https:\\\/\\\/worldvapersalliance.com\\\/wp-content\\\/uploads\\\/2022\\\/10\\\/WVA_Press-Release_Cover-new.png\",\"contentUrl\":\"https:\\\/\\\/worldvapersalliance.com\\\/wp-content\\\/uploads\\\/2022\\\/10\\\/WVA_Press-Release_Cover-new.png\",\"width\":4162,\"height\":3840},{\"@type\":\"WebSite\",\"@id\":\"https:\\\/\\\/worldvapersalliance.com\\\/#website\",\"url\":\"https:\\\/\\\/worldvapersalliance.com\\\/\",\"name\":\"World Vapers&#039; Alliance\",\"description\":\"The largest community of vapers\",\"publisher\":{\"@id\":\"https:\\\/\\\/worldvapersalliance.com\\\/#organization\"},\"potentialAction\":[{\"@type\":\"SearchAction\",\"target\":{\"@type\":\"EntryPoint\",\"urlTemplate\":\"https:\\\/\\\/worldvapersalliance.com\\\/?s={search_term_string}\"},\"query-input\":{\"@type\":\"PropertyValueSpecification\",\"valueRequired\":true,\"valueName\":\"search_term_string\"}}],\"inLanguage\":\"ro-RO\"},{\"@type\":\"Organization\",\"@id\":\"https:\\\/\\\/worldvapersalliance.com\\\/#organization\",\"name\":\"World Vapers&#039; Alliance\",\"url\":\"https:\\\/\\\/worldvapersalliance.com\\\/\",\"logo\":{\"@type\":\"ImageObject\",\"inLanguage\":\"ro-RO\",\"@id\":\"https:\\\/\\\/worldvapersalliance.com\\\/#\\\/schema\\\/logo\\\/image\\\/\",\"url\":\"https:\\\/\\\/worldvapersalliance.com\\\/wp-content\\\/uploads\\\/2022\\\/01\\\/WVA_RB_Fist_G.png\",\"contentUrl\":\"https:\\\/\\\/worldvapersalliance.com\\\/wp-content\\\/uploads\\\/2022\\\/01\\\/WVA_RB_Fist_G.png\",\"width\":985,\"height\":1177,\"caption\":\"World Vapers&#039; Alliance\"},\"image\":{\"@id\":\"https:\\\/\\\/worldvapersalliance.com\\\/#\\\/schema\\\/logo\\\/image\\\/\"}},{\"@type\":\"Person\",\"@id\":\"https:\\\/\\\/worldvapersalliance.com\\\/#\\\/schema\\\/person\\\/18484a6f20bcc6f70a2419c8babe017d\",\"name\":\"World Vapers' Alliance\",\"image\":{\"@type\":\"ImageObject\",\"inLanguage\":\"ro-RO\",\"@id\":\"https:\\\/\\\/secure.gravatar.com\\\/avatar\\\/456bf795c7a47c9ac527a94da4bff150aa49e48726d69bee9937f8383cffa246?s=96&d=mm&r=g\",\"url\":\"https:\\\/\\\/secure.gravatar.com\\\/avatar\\\/456bf795c7a47c9ac527a94da4bff150aa49e48726d69bee9937f8383cffa246?s=96&d=mm&r=g\",\"contentUrl\":\"https:\\\/\\\/secure.gravatar.com\\\/avatar\\\/456bf795c7a47c9ac527a94da4bff150aa49e48726d69bee9937f8383cffa246?s=96&d=mm&r=g\",\"caption\":\"World Vapers' Alliance\"},\"url\":\"https:\\\/\\\/worldvapersalliance.com\\\/ro\\\/author\\\/wva\\\/\"}]}<\/script>\n<!-- \/ Yoast SEO plugin. -->","yoast_head_json":{"title":"Consumatorii condamn\u0103 ferm interzicerea propus\u0103 de OMS a \u021big\u0103rilor electronice aromate - Alian\u021ba Mondial\u0103 a Vaperilor","description":"WVA a criticat vehement ast\u0103zi Organiza\u021bia Mondial\u0103 a S\u0103n\u0103t\u0103\u021bii (OMS) pentru a cere interzicerea la nivel global aromelor pentru \u021big\u0103rile electronice.","robots":{"index":"index","follow":"follow","max-snippet":"max-snippet:-1","max-image-preview":"max-image-preview:large","max-video-preview":"max-video-preview:-1"},"canonical":"https:\/\/worldvapersalliance.com\/ro\/consumers-strongly-condemn-whos-proposed-ban-on-flavoured-e-cigarettes\/","og_locale":"ro_RO","og_type":"article","og_title":"Consumers Strongly Condemn WHO's Proposed Ban on Flavoured E-Cigarettes - World Vapers&#039; Alliance","og_description":"WVA today issued vehement criticism of the World Health Organization's (WHO) now demanding to globally ban vaping flavours.","og_url":"https:\/\/worldvapersalliance.com\/ro\/consumers-strongly-condemn-whos-proposed-ban-on-flavoured-e-cigarettes\/","og_site_name":"World Vapers&#039; Alliance","article_published_time":"2023-12-14T10:58:51+00:00","article_modified_time":"2023-12-14T10:59:51+00:00","og_image":[{"width":4162,"height":3840,"url":"https:\/\/worldvapersalliance.com\/wp-content\/uploads\/2022\/10\/WVA_Press-Release_Cover-new.png","type":"image\/png"}],"author":"World Vapers' Alliance","twitter_card":"summary_large_image","twitter_misc":{"Scris de":"World Vapers' Alliance","Timp estimat pentru citire":"2 minute"},"schema":{"@context":"https:\/\/schema.org","@graph":[{"@type":"Article","@id":"https:\/\/worldvapersalliance.com\/consumers-strongly-condemn-whos-proposed-ban-on-flavoured-e-cigarettes\/#article","isPartOf":{"@id":"https:\/\/worldvapersalliance.com\/consumers-strongly-condemn-whos-proposed-ban-on-flavoured-e-cigarettes\/"},"author":{"name":"World Vapers' Alliance","@id":"https:\/\/worldvapersalliance.com\/#\/schema\/person\/18484a6f20bcc6f70a2419c8babe017d"},"headline":"Consumers Strongly Condemn WHO&#8217;s Proposed Ban on Flavoured E-Cigarett &hellip;","datePublished":"2023-12-14T10:58:51+00:00","dateModified":"2023-12-14T10:59:51+00:00","mainEntityOfPage":{"@id":"https:\/\/worldvapersalliance.com\/consumers-strongly-condemn-whos-proposed-ban-on-flavoured-e-cigarettes\/"},"wordCount":357,"commentCount":1,"publisher":{"@id":"https:\/\/worldvapersalliance.com\/#organization"},"image":{"@id":"https:\/\/worldvapersalliance.com\/consumers-strongly-condemn-whos-proposed-ban-on-flavoured-e-cigarettes\/#primaryimage"},"thumbnailUrl":"https:\/\/worldvapersalliance.com\/wp-content\/uploads\/2022\/10\/WVA_Press-Release_Cover-new.png","articleSection":["Press Releases"],"inLanguage":"ro-RO","potentialAction":[{"@type":"CommentAction","name":"Comment","target":["https:\/\/worldvapersalliance.com\/consumers-strongly-condemn-whos-proposed-ban-on-flavoured-e-cigarettes\/#respond"]}]},{"@type":"WebPage","@id":"https:\/\/worldvapersalliance.com\/consumers-strongly-condemn-whos-proposed-ban-on-flavoured-e-cigarettes\/","url":"https:\/\/worldvapersalliance.com\/consumers-strongly-condemn-whos-proposed-ban-on-flavoured-e-cigarettes\/","name":"Consumatorii condamn\u0103 ferm interzicerea propus\u0103 de OMS a \u021big\u0103rilor electronice aromate - Alian\u021ba Mondial\u0103 a Vaperilor","isPartOf":{"@id":"https:\/\/worldvapersalliance.com\/#website"},"primaryImageOfPage":{"@id":"https:\/\/worldvapersalliance.com\/consumers-strongly-condemn-whos-proposed-ban-on-flavoured-e-cigarettes\/#primaryimage"},"image":{"@id":"https:\/\/worldvapersalliance.com\/consumers-strongly-condemn-whos-proposed-ban-on-flavoured-e-cigarettes\/#primaryimage"},"thumbnailUrl":"https:\/\/worldvapersalliance.com\/wp-content\/uploads\/2022\/10\/WVA_Press-Release_Cover-new.png","datePublished":"2023-12-14T10:58:51+00:00","dateModified":"2023-12-14T10:59:51+00:00","description":"WVA a criticat vehement ast\u0103zi Organiza\u021bia Mondial\u0103 a S\u0103n\u0103t\u0103\u021bii (OMS) pentru a cere interzicerea la nivel global aromelor pentru \u021big\u0103rile electronice.","inLanguage":"ro-RO","potentialAction":[{"@type":"ReadAction","target":["https:\/\/worldvapersalliance.com\/consumers-strongly-condemn-whos-proposed-ban-on-flavoured-e-cigarettes\/"]}]},{"@type":"ImageObject","inLanguage":"ro-RO","@id":"https:\/\/worldvapersalliance.com\/consumers-strongly-condemn-whos-proposed-ban-on-flavoured-e-cigarettes\/#primaryimage","url":"https:\/\/worldvapersalliance.com\/wp-content\/uploads\/2022\/10\/WVA_Press-Release_Cover-new.png","contentUrl":"https:\/\/worldvapersalliance.com\/wp-content\/uploads\/2022\/10\/WVA_Press-Release_Cover-new.png","width":4162,"height":3840},{"@type":"WebSite","@id":"https:\/\/worldvapersalliance.com\/#website","url":"https:\/\/worldvapersalliance.com\/","name":"Alian\u021ba Mondial\u0103 a Vaporatorilor","description":"Cea mai mare comunitate de vapoare","publisher":{"@id":"https:\/\/worldvapersalliance.com\/#organization"},"potentialAction":[{"@type":"SearchAction","target":{"@type":"EntryPoint","urlTemplate":"https:\/\/worldvapersalliance.com\/?s={search_term_string}"},"query-input":{"@type":"PropertyValueSpecification","valueRequired":true,"valueName":"search_term_string"}}],"inLanguage":"ro-RO"},{"@type":"Organization","@id":"https:\/\/worldvapersalliance.com\/#organization","name":"Alian\u021ba Mondial\u0103 a Vaporatorilor","url":"https:\/\/worldvapersalliance.com\/","logo":{"@type":"ImageObject","inLanguage":"ro-RO","@id":"https:\/\/worldvapersalliance.com\/#\/schema\/logo\/image\/","url":"https:\/\/worldvapersalliance.com\/wp-content\/uploads\/2022\/01\/WVA_RB_Fist_G.png","contentUrl":"https:\/\/worldvapersalliance.com\/wp-content\/uploads\/2022\/01\/WVA_RB_Fist_G.png","width":985,"height":1177,"caption":"World Vapers&#039; Alliance"},"image":{"@id":"https:\/\/worldvapersalliance.com\/#\/schema\/logo\/image\/"}},{"@type":"Person","@id":"https:\/\/worldvapersalliance.com\/#\/schema\/person\/18484a6f20bcc6f70a2419c8babe017d","name":"Alian\u021ba Mondial\u0103 a Vaporatorilor","image":{"@type":"ImageObject","inLanguage":"ro-RO","@id":"https:\/\/secure.gravatar.com\/avatar\/456bf795c7a47c9ac527a94da4bff150aa49e48726d69bee9937f8383cffa246?s=96&d=mm&r=g","url":"https:\/\/secure.gravatar.com\/avatar\/456bf795c7a47c9ac527a94da4bff150aa49e48726d69bee9937f8383cffa246?s=96&d=mm&r=g","contentUrl":"https:\/\/secure.gravatar.com\/avatar\/456bf795c7a47c9ac527a94da4bff150aa49e48726d69bee9937f8383cffa246?s=96&d=mm&r=g","caption":"World Vapers' Alliance"},"url":"https:\/\/worldvapersalliance.com\/ro\/author\/wva\/"}]}},"_links":{"self":[{"href":"https:\/\/worldvapersalliance.com\/ro\/wp-json\/wp\/v2\/posts\/5265","targetHints":{"allow":["GET"]}}],"collection":[{"href":"https:\/\/worldvapersalliance.com\/ro\/wp-json\/wp\/v2\/posts"}],"about":[{"href":"https:\/\/worldvapersalliance.com\/ro\/wp-json\/wp\/v2\/types\/post"}],"author":[{"embeddable":true,"href":"https:\/\/worldvapersalliance.com\/ro\/wp-json\/wp\/v2\/users\/11"}],"replies":[{"embeddable":true,"href":"https:\/\/worldvapersalliance.com\/ro\/wp-json\/wp\/v2\/comments?post=5265"}],"version-history":[{"count":0,"href":"https:\/\/worldvapersalliance.com\/ro\/wp-json\/wp\/v2\/posts\/5265\/revisions"}],"wp:featuredmedia":[{"embeddable":true,"href":"https:\/\/worldvapersalliance.com\/ro\/wp-json\/wp\/v2\/media\/3245"}],"wp:attachment":[{"href":"https:\/\/worldvapersalliance.com\/ro\/wp-json\/wp\/v2\/media?parent=5265"}],"wp:term":[{"taxonomy":"category","embeddable":true,"href":"https:\/\/worldvapersalliance.com\/ro\/wp-json\/wp\/v2\/categories?post=5265"},{"taxonomy":"post_tag","embeddable":true,"href":"https:\/\/worldvapersalliance.com\/ro\/wp-json\/wp\/v2\/tags?post=5265"}],"curies":[{"name":"wp","href":"https:\/\/api.w.org\/{rel}","templated":true}]}}