{"id":5233,"date":"2023-11-29T05:23:54","date_gmt":"2023-11-29T10:23:54","guid":{"rendered":"https:\/\/worldvapersalliance.com\/?p=5233"},"modified":"2023-11-29T05:24:21","modified_gmt":"2023-11-29T10:24:21","slug":"france-concerns-over-vaping-restrictions-remain-national-tobacco-control-program","status":"publish","type":"post","link":"https:\/\/worldvapersalliance.com\/ro\/france-concerns-over-vaping-restrictions-remain-national-tobacco-control-program\/","title":{"rendered":"\u00cengrijor\u0103rile legate de restric\u021biile privind vapatul r\u0103m\u00e2n - Programul Na\u021bional de Control al Tutunului"},"content":{"rendered":"<p dir=\"ltr\"><strong>Paris, 29 noiembrie 2023<\/strong> \u2013 \u00cen urma anun\u021b\u0103rii noii ini\u021biative a Fran\u021bei <a href=\"https:\/\/link.mediaoutreach.meltwater.com\/ls\/click?upn=v2OU6mEZsrF8RQMJ1eCY0tm8OY1Yf3kxJwVmSM60FpaFwCbgBFf8FtccYcfbS8aZ-2FlQURWpun0vKec70p7-2BRzEpcG6l0DCN6jzUDEwKwnTFdshPFfFDyEVJXtiJqcqR5UUhI8m3dVDZ1oyoVTktPEgMb9Twt1C-2F9mUbLf1EDoeGlq4r6EdLj6kOeWuwBIWidPp7n_6-2BOayirWiMnL4NNJ9ivl6YavKZeo6-2F4wNJspN1hyqCqN9Iica8t3kuAqeTUsoEZyEPArUXwlTHpmuotWGUYRcpQrE8nNUswQ7G-2Fk02oN1WEWHHt54BxhdFiplpKrmGj1nZ-2BhmK76J1mV8-2FIzb8y50PIUSsN1YEt7D5GIuQnLCFkBmHGdSVf8l7zFWoY13upXqUL0-2BSIw56aS7-2Bo-2F-2BdntaFRI5EzzcItx9ziyVk2o99OvsBZ9B7vgLrOvgacoWKllb6IjVCqfuNBIHa6sAseHw5F0rMC7tuc-2BYydJelrliKL6rsYQ7gBt-2FsL3nwu5JuwURenUj3Wo2ahL7GpnqiiEcHyBIQxaJEg8vkuNW3B1OygPsIs-2FPPvdRFlp4he-2F4UWEkMeq2OxkgvOCSVO47iW-2BCQ-3D-3D\" target=\"_blank\" rel=\"noopener\" data-saferedirecturl=\"https:\/\/www.google.com\/url?q=https:\/\/link.mediaoutreach.meltwater.com\/ls\/click?upn%3Dv2OU6mEZsrF8RQMJ1eCY0tm8OY1Yf3kxJwVmSM60FpaFwCbgBFf8FtccYcfbS8aZ-2FlQURWpun0vKec70p7-2BRzEpcG6l0DCN6jzUDEwKwnTFdshPFfFDyEVJXtiJqcqR5UUhI8m3dVDZ1oyoVTktPEgMb9Twt1C-2F9mUbLf1EDoeGlq4r6EdLj6kOeWuwBIWidPp7n_6-2BOayirWiMnL4NNJ9ivl6YavKZeo6-2F4wNJspN1hyqCqN9Iica8t3kuAqeTUsoEZyEPArUXwlTHpmuotWGUYRcpQrE8nNUswQ7G-2Fk02oN1WEWHHt54BxhdFiplpKrmGj1nZ-2BhmK76J1mV8-2FIzb8y50PIUSsN1YEt7D5GIuQnLCFkBmHGdSVf8l7zFWoY13upXqUL0-2BSIw56aS7-2Bo-2F-2BdntaFRI5EzzcItx9ziyVk2o99OvsBZ9B7vgLrOvgacoWKllb6IjVCqfuNBIHa6sAseHw5F0rMC7tuc-2BYydJelrliKL6rsYQ7gBt-2FsL3nwu5JuwURenUj3Wo2ahL7GpnqiiEcHyBIQxaJEg8vkuNW3B1OygPsIs-2FPPvdRFlp4he-2F4UWEkMeq2OxkgvOCSVO47iW-2BCQ-3D-3D&amp;source=gmail&amp;ust=1701339551204000&amp;usg=AOvVaw3AP8xgkEMog8a8PpX0EQmn\">Programul Na\u021bional de Control al Tutunului (PNLT) pentru perioada 2023-2027<\/a> Conform ministrului S\u0103n\u0103t\u0103\u021bii, Aur\u00e9lien Rousseau, Alian\u021ba Mondial\u0103 a Vaperilor (WVA) recunoa\u0219te pa\u0219ii pozitivi \u00een direc\u021bia eradic\u0103rii fumatului, \u00eens\u0103 \u00ee\u0219i exprim\u0103 \u00eengrijorarea cu privire la lipsa unei strategii cuprinz\u0103toare de reducere a riscurilor.<\/p>\n<p dir=\"ltr\">Planul PNLT include m\u0103suri precum limitarea accesibilit\u0103\u021bii la produsele din tutun prin cre\u0219terea pre\u021burilor la \u021big\u0103ri, introducerea ambalajelor simple pentru \u021big\u0103ri \u0219i produse de vaping \u0219i extinderea zonelor f\u0103r\u0103 fum\u0103tori. Programul include puncte care vizeaz\u0103 ajutarea fum\u0103torilor s\u0103 renun\u021be la \u021big\u0103ri prin oferirea de sprijin personalizat prin intermediul centrelor de apel \u0219i prin consolidarea accesibilit\u0103\u021bii la terapiile de \u00eenlocuire a nicotinei (NRT).<\/p>\n<p dir=\"ltr\">Michael Landl, directorul Alian\u021bei Mondiale a Vaperilor, avertizeaz\u0103 asupra poten\u021bialelor capcane ale lipsei unei abord\u0103ri de reducere a riscurilor \u00een cadrul acestor m\u0103suri:<\/p>\n<p dir=\"ltr\"><em><strong>\u201cProgramul nu recunoa\u0219te rolul reducerii riscurilor. Terapiile de substitu\u021bie a nicotinei (NRT) sunt benefice pentru unii, dar nu reprezint\u0103 singura solu\u021bie. Mul\u021bi fum\u0103tori le consider\u0103 ineficiente, spre deosebire de alternative precum vaping-ul, plicule\u021bele cu nicotin\u0103 \u0219i produsele care nu ard tutunul. Aceste alternative au jucat un rol esen\u021bial \u00een reducerea ratelor de fumat \u0219i ar trebui s\u0103 fie un element cheie al oric\u0103rei strategii de control al tutunului.\u201d<\/strong><\/em><\/p>\n<p dir=\"ltr\">Interzicerea propus\u0103 de program a \u021big\u0103rilor electronice de unic\u0103 folosin\u021b\u0103 \u0219i restric\u021biile privind aromele de vapat sunt deosebit de \u00eengrijor\u0103toare. Aceste m\u0103suri ar putea contracara progresele \u00eenregistrate \u00een renun\u021barea la fumat prin vaping, avertizeaz\u0103 Alian\u021ba Mondial\u0103 a Vaperilor.<\/p>\n<p dir=\"ltr\">Michael Landl a ad\u0103ugat: <em><strong>\u201cInterzicerea \u021big\u0103rilor electronice de unic\u0103 folosin\u021b\u0103 \u0219i restric\u021bionarea aromelor reprezint\u0103 pa\u0219i \u00eenapoi \u00een lupta \u00eempotriva fumatului. Astfel de interdic\u021bii nu fac dec\u00e2t s\u0103-i \u00eemping\u0103 pe consumatori fie \u00eenapoi la fumat, fie pe pie\u021bele negre. Am v\u0103zut de nenum\u0103rate ori c\u0103 interdic\u021bia nu func\u021bioneaz\u0103. Fran\u021ba ar trebui s\u0103 se uite la \u021b\u0103ri precum Suedia, unde o abordare echilibrat\u0103 a reducerii riscurilor a dus la c\u00e2\u0219tiguri semnificative \u00een ceea ce prive\u0219te s\u0103n\u0103tatea public\u0103. Guvernul francez trebuie s\u0103 recunoasc\u0103 importan\u021ba oferirii unei variet\u0103\u021bi de alternative mai pu\u021bin d\u0103un\u0103toare fum\u0103torilor.\u201d<\/strong><\/em><\/p>\n<p dir=\"ltr\">Politica propus\u0103 trebuie \u00eenc\u0103 s\u0103 fie adoptat\u0103 \u00een lege. WVA \u00eendeamn\u0103 autorit\u0103\u021bile franceze s\u0103 reconsidere aceste aspecte ale programului \u0219i s\u0103 adopte o abordare mai holistic\u0103 de reducere a riscurilor. Proced\u00e2nd astfel, Fran\u021ba poate fi cu adev\u0103rat un exemplu \u00een controlul tutunului \u0219i s\u0103n\u0103tatea public\u0103.<\/p>","protected":false},"excerpt":{"rendered":"<p>Paris, 29 November 2023 \u2013 Following the announcement of France&#8217;s new National Tobacco Control Program (PNLT) for 2023-2027 by Health Minister Aur\u00e9lien Rousseau, the World Vapers&#8217; Alliance (WVA) acknowledges the positive steps towards ending tobacco smoking, however, expresses concern over the lack of a comprehensive harm reduction strategy. The PNLT plan includes measures such as [&hellip;]<\/p>\n","protected":false},"author":11,"featured_media":3245,"comment_status":"open","ping_status":"open","sticky":false,"template":"","format":"standard","meta":{"footnotes":""},"categories":[13],"tags":[],"class_list":["post-5233","post","type-post","status-publish","format-standard","has-post-thumbnail","hentry","category-press-releases"],"yoast_head":"<!-- This site is optimized with the Yoast SEO plugin v27.3 - https:\/\/yoast.com\/product\/yoast-seo-wordpress\/ -->\n<title>France: Concerns Over Vaping Restrictions Remain<\/title>\n<meta name=\"description\" content=\"WVA expresses concern over the lack of a comprehensive harm reduction strategy in new National Tobacco Control Program of France.\" \/>\n<meta name=\"robots\" content=\"index, follow, max-snippet:-1, max-image-preview:large, max-video-preview:-1\" \/>\n<link rel=\"canonical\" href=\"https:\/\/worldvapersalliance.com\/ro\/france-concerns-over-vaping-restrictions-remain-national-tobacco-control-program\/\" \/>\n<meta property=\"og:locale\" content=\"ro_RO\" \/>\n<meta property=\"og:type\" content=\"article\" \/>\n<meta property=\"og:title\" content=\"France: Concerns Over Vaping Restrictions Remain\" \/>\n<meta property=\"og:description\" content=\"WVA expresses concern over the lack of a comprehensive harm reduction strategy in new National Tobacco Control Program of France.\" \/>\n<meta property=\"og:url\" content=\"https:\/\/worldvapersalliance.com\/ro\/france-concerns-over-vaping-restrictions-remain-national-tobacco-control-program\/\" \/>\n<meta property=\"og:site_name\" content=\"World Vapers&#039; Alliance\" \/>\n<meta property=\"article:published_time\" content=\"2023-11-29T10:23:54+00:00\" \/>\n<meta property=\"article:modified_time\" content=\"2023-11-29T10:24:21+00:00\" \/>\n<meta property=\"og:image\" content=\"https:\/\/worldvapersalliance.com\/wp-content\/uploads\/2022\/10\/WVA_Press-Release_Cover-new.png\" \/>\n\t<meta property=\"og:image:width\" content=\"4162\" \/>\n\t<meta property=\"og:image:height\" content=\"3840\" \/>\n\t<meta property=\"og:image:type\" content=\"image\/png\" \/>\n<meta name=\"author\" content=\"World Vapers&#039; Alliance\" \/>\n<meta name=\"twitter:card\" content=\"summary_large_image\" \/>\n<meta name=\"twitter:label1\" content=\"Scris de\" \/>\n\t<meta name=\"twitter:data1\" content=\"World Vapers&#039; Alliance\" \/>\n\t<meta name=\"twitter:label2\" content=\"Timp estimat pentru citire\" \/>\n\t<meta name=\"twitter:data2\" content=\"2 minute\" \/>\n<script type=\"application\/ld+json\" class=\"yoast-schema-graph\">{\"@context\":\"https:\\\/\\\/schema.org\",\"@graph\":[{\"@type\":\"Article\",\"@id\":\"https:\\\/\\\/worldvapersalliance.com\\\/france-concerns-over-vaping-restrictions-remain-national-tobacco-control-program\\\/#article\",\"isPartOf\":{\"@id\":\"https:\\\/\\\/worldvapersalliance.com\\\/france-concerns-over-vaping-restrictions-remain-national-tobacco-control-program\\\/\"},\"author\":{\"name\":\"World Vapers' Alliance\",\"@id\":\"https:\\\/\\\/worldvapersalliance.com\\\/#\\\/schema\\\/person\\\/18484a6f20bcc6f70a2419c8babe017d\"},\"headline\":\"Concerns Over Vaping Restrictions Remain- National Tobacco Control Program\",\"datePublished\":\"2023-11-29T10:23:54+00:00\",\"dateModified\":\"2023-11-29T10:24:21+00:00\",\"mainEntityOfPage\":{\"@id\":\"https:\\\/\\\/worldvapersalliance.com\\\/france-concerns-over-vaping-restrictions-remain-national-tobacco-control-program\\\/\"},\"wordCount\":352,\"commentCount\":0,\"publisher\":{\"@id\":\"https:\\\/\\\/worldvapersalliance.com\\\/#organization\"},\"image\":{\"@id\":\"https:\\\/\\\/worldvapersalliance.com\\\/france-concerns-over-vaping-restrictions-remain-national-tobacco-control-program\\\/#primaryimage\"},\"thumbnailUrl\":\"https:\\\/\\\/worldvapersalliance.com\\\/wp-content\\\/uploads\\\/2022\\\/10\\\/WVA_Press-Release_Cover-new.png\",\"articleSection\":[\"Press Releases\"],\"inLanguage\":\"ro-RO\",\"potentialAction\":[{\"@type\":\"CommentAction\",\"name\":\"Comment\",\"target\":[\"https:\\\/\\\/worldvapersalliance.com\\\/france-concerns-over-vaping-restrictions-remain-national-tobacco-control-program\\\/#respond\"]}]},{\"@type\":\"WebPage\",\"@id\":\"https:\\\/\\\/worldvapersalliance.com\\\/france-concerns-over-vaping-restrictions-remain-national-tobacco-control-program\\\/\",\"url\":\"https:\\\/\\\/worldvapersalliance.com\\\/france-concerns-over-vaping-restrictions-remain-national-tobacco-control-program\\\/\",\"name\":\"France: Concerns Over Vaping Restrictions Remain\",\"isPartOf\":{\"@id\":\"https:\\\/\\\/worldvapersalliance.com\\\/#website\"},\"primaryImageOfPage\":{\"@id\":\"https:\\\/\\\/worldvapersalliance.com\\\/france-concerns-over-vaping-restrictions-remain-national-tobacco-control-program\\\/#primaryimage\"},\"image\":{\"@id\":\"https:\\\/\\\/worldvapersalliance.com\\\/france-concerns-over-vaping-restrictions-remain-national-tobacco-control-program\\\/#primaryimage\"},\"thumbnailUrl\":\"https:\\\/\\\/worldvapersalliance.com\\\/wp-content\\\/uploads\\\/2022\\\/10\\\/WVA_Press-Release_Cover-new.png\",\"datePublished\":\"2023-11-29T10:23:54+00:00\",\"dateModified\":\"2023-11-29T10:24:21+00:00\",\"description\":\"WVA expresses concern over the lack of a comprehensive harm reduction strategy in new National Tobacco Control Program of France.\",\"inLanguage\":\"ro-RO\",\"potentialAction\":[{\"@type\":\"ReadAction\",\"target\":[\"https:\\\/\\\/worldvapersalliance.com\\\/france-concerns-over-vaping-restrictions-remain-national-tobacco-control-program\\\/\"]}]},{\"@type\":\"ImageObject\",\"inLanguage\":\"ro-RO\",\"@id\":\"https:\\\/\\\/worldvapersalliance.com\\\/france-concerns-over-vaping-restrictions-remain-national-tobacco-control-program\\\/#primaryimage\",\"url\":\"https:\\\/\\\/worldvapersalliance.com\\\/wp-content\\\/uploads\\\/2022\\\/10\\\/WVA_Press-Release_Cover-new.png\",\"contentUrl\":\"https:\\\/\\\/worldvapersalliance.com\\\/wp-content\\\/uploads\\\/2022\\\/10\\\/WVA_Press-Release_Cover-new.png\",\"width\":4162,\"height\":3840},{\"@type\":\"WebSite\",\"@id\":\"https:\\\/\\\/worldvapersalliance.com\\\/#website\",\"url\":\"https:\\\/\\\/worldvapersalliance.com\\\/\",\"name\":\"World Vapers&#039; Alliance\",\"description\":\"The largest community of vapers\",\"publisher\":{\"@id\":\"https:\\\/\\\/worldvapersalliance.com\\\/#organization\"},\"potentialAction\":[{\"@type\":\"SearchAction\",\"target\":{\"@type\":\"EntryPoint\",\"urlTemplate\":\"https:\\\/\\\/worldvapersalliance.com\\\/?s={search_term_string}\"},\"query-input\":{\"@type\":\"PropertyValueSpecification\",\"valueRequired\":true,\"valueName\":\"search_term_string\"}}],\"inLanguage\":\"ro-RO\"},{\"@type\":\"Organization\",\"@id\":\"https:\\\/\\\/worldvapersalliance.com\\\/#organization\",\"name\":\"World Vapers&#039; Alliance\",\"url\":\"https:\\\/\\\/worldvapersalliance.com\\\/\",\"logo\":{\"@type\":\"ImageObject\",\"inLanguage\":\"ro-RO\",\"@id\":\"https:\\\/\\\/worldvapersalliance.com\\\/#\\\/schema\\\/logo\\\/image\\\/\",\"url\":\"https:\\\/\\\/worldvapersalliance.com\\\/wp-content\\\/uploads\\\/2022\\\/01\\\/WVA_RB_Fist_G.png\",\"contentUrl\":\"https:\\\/\\\/worldvapersalliance.com\\\/wp-content\\\/uploads\\\/2022\\\/01\\\/WVA_RB_Fist_G.png\",\"width\":985,\"height\":1177,\"caption\":\"World Vapers&#039; Alliance\"},\"image\":{\"@id\":\"https:\\\/\\\/worldvapersalliance.com\\\/#\\\/schema\\\/logo\\\/image\\\/\"}},{\"@type\":\"Person\",\"@id\":\"https:\\\/\\\/worldvapersalliance.com\\\/#\\\/schema\\\/person\\\/18484a6f20bcc6f70a2419c8babe017d\",\"name\":\"World Vapers' Alliance\",\"image\":{\"@type\":\"ImageObject\",\"inLanguage\":\"ro-RO\",\"@id\":\"https:\\\/\\\/secure.gravatar.com\\\/avatar\\\/456bf795c7a47c9ac527a94da4bff150aa49e48726d69bee9937f8383cffa246?s=96&d=mm&r=g\",\"url\":\"https:\\\/\\\/secure.gravatar.com\\\/avatar\\\/456bf795c7a47c9ac527a94da4bff150aa49e48726d69bee9937f8383cffa246?s=96&d=mm&r=g\",\"contentUrl\":\"https:\\\/\\\/secure.gravatar.com\\\/avatar\\\/456bf795c7a47c9ac527a94da4bff150aa49e48726d69bee9937f8383cffa246?s=96&d=mm&r=g\",\"caption\":\"World Vapers' Alliance\"},\"url\":\"https:\\\/\\\/worldvapersalliance.com\\\/ro\\\/author\\\/wva\\\/\"}]}<\/script>\n<!-- \/ Yoast SEO plugin. -->","yoast_head_json":{"title":"Fran\u021ba: Persist\u0103 \u00eengrijor\u0103rile legate de restric\u021biile privind vapingul","description":"WVA \u00ee\u0219i exprim\u0103 \u00eengrijorarea cu privire la lipsa unei strategii cuprinz\u0103toare de reducere a riscurilor \u00een noul Program Na\u021bional de Control al Tutunului din Fran\u021ba.","robots":{"index":"index","follow":"follow","max-snippet":"max-snippet:-1","max-image-preview":"max-image-preview:large","max-video-preview":"max-video-preview:-1"},"canonical":"https:\/\/worldvapersalliance.com\/ro\/france-concerns-over-vaping-restrictions-remain-national-tobacco-control-program\/","og_locale":"ro_RO","og_type":"article","og_title":"France: Concerns Over Vaping Restrictions Remain","og_description":"WVA expresses concern over the lack of a comprehensive harm reduction strategy in new National Tobacco Control Program of France.","og_url":"https:\/\/worldvapersalliance.com\/ro\/france-concerns-over-vaping-restrictions-remain-national-tobacco-control-program\/","og_site_name":"World Vapers&#039; Alliance","article_published_time":"2023-11-29T10:23:54+00:00","article_modified_time":"2023-11-29T10:24:21+00:00","og_image":[{"width":4162,"height":3840,"url":"https:\/\/worldvapersalliance.com\/wp-content\/uploads\/2022\/10\/WVA_Press-Release_Cover-new.png","type":"image\/png"}],"author":"World Vapers' Alliance","twitter_card":"summary_large_image","twitter_misc":{"Scris de":"World Vapers' Alliance","Timp estimat pentru citire":"2 minute"},"schema":{"@context":"https:\/\/schema.org","@graph":[{"@type":"Article","@id":"https:\/\/worldvapersalliance.com\/france-concerns-over-vaping-restrictions-remain-national-tobacco-control-program\/#article","isPartOf":{"@id":"https:\/\/worldvapersalliance.com\/france-concerns-over-vaping-restrictions-remain-national-tobacco-control-program\/"},"author":{"name":"World Vapers' Alliance","@id":"https:\/\/worldvapersalliance.com\/#\/schema\/person\/18484a6f20bcc6f70a2419c8babe017d"},"headline":"Concerns Over Vaping Restrictions Remain- National Tobacco Control Program","datePublished":"2023-11-29T10:23:54+00:00","dateModified":"2023-11-29T10:24:21+00:00","mainEntityOfPage":{"@id":"https:\/\/worldvapersalliance.com\/france-concerns-over-vaping-restrictions-remain-national-tobacco-control-program\/"},"wordCount":352,"commentCount":0,"publisher":{"@id":"https:\/\/worldvapersalliance.com\/#organization"},"image":{"@id":"https:\/\/worldvapersalliance.com\/france-concerns-over-vaping-restrictions-remain-national-tobacco-control-program\/#primaryimage"},"thumbnailUrl":"https:\/\/worldvapersalliance.com\/wp-content\/uploads\/2022\/10\/WVA_Press-Release_Cover-new.png","articleSection":["Press Releases"],"inLanguage":"ro-RO","potentialAction":[{"@type":"CommentAction","name":"Comment","target":["https:\/\/worldvapersalliance.com\/france-concerns-over-vaping-restrictions-remain-national-tobacco-control-program\/#respond"]}]},{"@type":"WebPage","@id":"https:\/\/worldvapersalliance.com\/france-concerns-over-vaping-restrictions-remain-national-tobacco-control-program\/","url":"https:\/\/worldvapersalliance.com\/france-concerns-over-vaping-restrictions-remain-national-tobacco-control-program\/","name":"Fran\u021ba: Persist\u0103 \u00eengrijor\u0103rile legate de restric\u021biile privind vapingul","isPartOf":{"@id":"https:\/\/worldvapersalliance.com\/#website"},"primaryImageOfPage":{"@id":"https:\/\/worldvapersalliance.com\/france-concerns-over-vaping-restrictions-remain-national-tobacco-control-program\/#primaryimage"},"image":{"@id":"https:\/\/worldvapersalliance.com\/france-concerns-over-vaping-restrictions-remain-national-tobacco-control-program\/#primaryimage"},"thumbnailUrl":"https:\/\/worldvapersalliance.com\/wp-content\/uploads\/2022\/10\/WVA_Press-Release_Cover-new.png","datePublished":"2023-11-29T10:23:54+00:00","dateModified":"2023-11-29T10:24:21+00:00","description":"WVA \u00ee\u0219i exprim\u0103 \u00eengrijorarea cu privire la lipsa unei strategii cuprinz\u0103toare de reducere a riscurilor \u00een noul Program Na\u021bional de Control al Tutunului din Fran\u021ba.","inLanguage":"ro-RO","potentialAction":[{"@type":"ReadAction","target":["https:\/\/worldvapersalliance.com\/france-concerns-over-vaping-restrictions-remain-national-tobacco-control-program\/"]}]},{"@type":"ImageObject","inLanguage":"ro-RO","@id":"https:\/\/worldvapersalliance.com\/france-concerns-over-vaping-restrictions-remain-national-tobacco-control-program\/#primaryimage","url":"https:\/\/worldvapersalliance.com\/wp-content\/uploads\/2022\/10\/WVA_Press-Release_Cover-new.png","contentUrl":"https:\/\/worldvapersalliance.com\/wp-content\/uploads\/2022\/10\/WVA_Press-Release_Cover-new.png","width":4162,"height":3840},{"@type":"WebSite","@id":"https:\/\/worldvapersalliance.com\/#website","url":"https:\/\/worldvapersalliance.com\/","name":"Alian\u021ba Mondial\u0103 a Vaporatorilor","description":"Cea mai mare comunitate de vapoare","publisher":{"@id":"https:\/\/worldvapersalliance.com\/#organization"},"potentialAction":[{"@type":"SearchAction","target":{"@type":"EntryPoint","urlTemplate":"https:\/\/worldvapersalliance.com\/?s={search_term_string}"},"query-input":{"@type":"PropertyValueSpecification","valueRequired":true,"valueName":"search_term_string"}}],"inLanguage":"ro-RO"},{"@type":"Organization","@id":"https:\/\/worldvapersalliance.com\/#organization","name":"Alian\u021ba Mondial\u0103 a Vaporatorilor","url":"https:\/\/worldvapersalliance.com\/","logo":{"@type":"ImageObject","inLanguage":"ro-RO","@id":"https:\/\/worldvapersalliance.com\/#\/schema\/logo\/image\/","url":"https:\/\/worldvapersalliance.com\/wp-content\/uploads\/2022\/01\/WVA_RB_Fist_G.png","contentUrl":"https:\/\/worldvapersalliance.com\/wp-content\/uploads\/2022\/01\/WVA_RB_Fist_G.png","width":985,"height":1177,"caption":"World Vapers&#039; Alliance"},"image":{"@id":"https:\/\/worldvapersalliance.com\/#\/schema\/logo\/image\/"}},{"@type":"Person","@id":"https:\/\/worldvapersalliance.com\/#\/schema\/person\/18484a6f20bcc6f70a2419c8babe017d","name":"Alian\u021ba Mondial\u0103 a Vaporatorilor","image":{"@type":"ImageObject","inLanguage":"ro-RO","@id":"https:\/\/secure.gravatar.com\/avatar\/456bf795c7a47c9ac527a94da4bff150aa49e48726d69bee9937f8383cffa246?s=96&d=mm&r=g","url":"https:\/\/secure.gravatar.com\/avatar\/456bf795c7a47c9ac527a94da4bff150aa49e48726d69bee9937f8383cffa246?s=96&d=mm&r=g","contentUrl":"https:\/\/secure.gravatar.com\/avatar\/456bf795c7a47c9ac527a94da4bff150aa49e48726d69bee9937f8383cffa246?s=96&d=mm&r=g","caption":"World Vapers' Alliance"},"url":"https:\/\/worldvapersalliance.com\/ro\/author\/wva\/"}]}},"_links":{"self":[{"href":"https:\/\/worldvapersalliance.com\/ro\/wp-json\/wp\/v2\/posts\/5233","targetHints":{"allow":["GET"]}}],"collection":[{"href":"https:\/\/worldvapersalliance.com\/ro\/wp-json\/wp\/v2\/posts"}],"about":[{"href":"https:\/\/worldvapersalliance.com\/ro\/wp-json\/wp\/v2\/types\/post"}],"author":[{"embeddable":true,"href":"https:\/\/worldvapersalliance.com\/ro\/wp-json\/wp\/v2\/users\/11"}],"replies":[{"embeddable":true,"href":"https:\/\/worldvapersalliance.com\/ro\/wp-json\/wp\/v2\/comments?post=5233"}],"version-history":[{"count":0,"href":"https:\/\/worldvapersalliance.com\/ro\/wp-json\/wp\/v2\/posts\/5233\/revisions"}],"wp:featuredmedia":[{"embeddable":true,"href":"https:\/\/worldvapersalliance.com\/ro\/wp-json\/wp\/v2\/media\/3245"}],"wp:attachment":[{"href":"https:\/\/worldvapersalliance.com\/ro\/wp-json\/wp\/v2\/media?parent=5233"}],"wp:term":[{"taxonomy":"category","embeddable":true,"href":"https:\/\/worldvapersalliance.com\/ro\/wp-json\/wp\/v2\/categories?post=5233"},{"taxonomy":"post_tag","embeddable":true,"href":"https:\/\/worldvapersalliance.com\/ro\/wp-json\/wp\/v2\/tags?post=5233"}],"curies":[{"name":"wp","href":"https:\/\/api.w.org\/{rel}","templated":true}]}}