{"id":5120,"date":"2023-11-16T09:12:40","date_gmt":"2023-11-16T14:12:40","guid":{"rendered":"https:\/\/worldvapersalliance.com\/?p=5120"},"modified":"2023-11-16T09:12:40","modified_gmt":"2023-11-16T14:12:40","slug":"france-nicotine-and-tobacco-policy-risks-pushing-people-towards-cigarettes","status":"publish","type":"post","link":"https:\/\/worldvapersalliance.com\/ro\/france-nicotine-and-tobacco-policy-risks-pushing-people-towards-cigarettes\/","title":{"rendered":"Politica francez\u0103 privind nicotina \u0219i tutunul risc\u0103 s\u0103-i determine pe oameni s\u0103 se destind\u0103 de \u021big\u0103ri"},"content":{"rendered":"<p dir=\"ltr\"><strong>Paris, Fran\u021ba \u2014<\/strong> Ultimele evolu\u021bii privind politica privind nicotina \u0219i tutunul din Fran\u021ba risc\u0103 s\u0103-i \u00eemping\u0103 pe fo\u0219tii fum\u0103tori \u00eenapoi la fumat, spune organiza\u021bia de ap\u0103rare a consumatorilor World Vapers&#039; Alliance. Mar\u021bi, 14 noiembrie, ministrul francez al S\u0103n\u0103t\u0103\u021bii, Aur\u00e9lien Rousseau, a participat la o emisiune la Sud Radio. <a href=\"https:\/\/link.mediaoutreach.meltwater.com\/ls\/click?upn=v2OU6mEZsrF8RQMJ1eCY0mgWc6Lh-2B-2BA1cCnAmpymX6ediAWMntGsJg-2B9GjpUF7vrnMrUyW3cPQUNm5QZHM8wjIOI9NIbRHJzLTwHY9dAds0X0WQH0kJnsewZJoVisppXjsIc7YkbiPF4dYqp6RqopJ7g5Pz-2FLy9-2BvbK4XxrFgp6LtKoyRb0hbAxlKcuMfFnw_bsU_6-2BOayirWiMnL4NNJ9ivl6YavKZeo6-2F4wNJspN1hyqCqN9Iica8t3kuAqeTUsoEZyEPArUXwlTHpmuotWGUYRcpQrE8nNUswQ7G-2Fk02oN1WEWHHt54BxhdFiplpKrmGj1G1UeMi9V5vik5ouN-2FYqqXpnaFef5HOf-2B1BRK9b5-2FlHOz-2BKhOOz8PT4OLKrOUcKpbog7OOuRVjWgG452U65aWzbZan-2BRcVj-2FcuXOyJ18-2BLiTDg9tA1K4Ph8nBYv4u-2BPOsneuj-2FKf7l-2Ffd0Tr6ja80RE3vb54s5oUQgNdsOtqgjSW8-2FJ4PROSkLiV6wfuulUNrHZQ8du7N2xVNOC9JTARQ4ZHcRlPMFgzWvB8kpMCe0veYmnvX-2FRZ13JvdxOUaw1RdvNOXK5wyPumzwEOt8-2FYMhw-3D-3D\" target=\"_blank\" rel=\"noopener\" data-saferedirecturl=\"https:\/\/www.google.com\/url?q=https:\/\/link.mediaoutreach.meltwater.com\/ls\/click?upn%3Dv2OU6mEZsrF8RQMJ1eCY0mgWc6Lh-2B-2BA1cCnAmpymX6ediAWMntGsJg-2B9GjpUF7vrnMrUyW3cPQUNm5QZHM8wjIOI9NIbRHJzLTwHY9dAds0X0WQH0kJnsewZJoVisppXjsIc7YkbiPF4dYqp6RqopJ7g5Pz-2FLy9-2BvbK4XxrFgp6LtKoyRb0hbAxlKcuMfFnw_bsU_6-2BOayirWiMnL4NNJ9ivl6YavKZeo6-2F4wNJspN1hyqCqN9Iica8t3kuAqeTUsoEZyEPArUXwlTHpmuotWGUYRcpQrE8nNUswQ7G-2Fk02oN1WEWHHt54BxhdFiplpKrmGj1G1UeMi9V5vik5ouN-2FYqqXpnaFef5HOf-2B1BRK9b5-2FlHOz-2BKhOOz8PT4OLKrOUcKpbog7OOuRVjWgG452U65aWzbZan-2BRcVj-2FcuXOyJ18-2BLiTDg9tA1K4Ph8nBYv4u-2BPOsneuj-2FKf7l-2Ffd0Tr6ja80RE3vb54s5oUQgNdsOtqgjSW8-2FJ4PROSkLiV6wfuulUNrHZQ8du7N2xVNOC9JTARQ4ZHcRlPMFgzWvB8kpMCe0veYmnvX-2FRZ13JvdxOUaw1RdvNOXK5wyPumzwEOt8-2FYMhw-3D-3D&amp;source=gmail&amp;ust=1700230028123000&amp;usg=AOvVaw1OyrMxkhV3KjH3OLiOsrPh\">deschis<\/a> u\u0219a c\u0103tre o posibil\u0103 interdic\u021bie a v\u00e2nz\u0103rii de plicule\u021be cu nicotin\u0103 \u00een Fran\u021ba.<\/p>\n<p dir=\"ltr\">Ministrul S\u0103n\u0103t\u0103\u021bii elaboreaz\u0103 \u00een prezent un nou Cadru de control al tutunului pentru a combate fumatul \u00een Fran\u021ba \u0219i colaboreaz\u0103 cu guvernul la interzicerea \u021big\u0103rilor electronice de unic\u0103 folosin\u021b\u0103.<\/p>\n<p dir=\"ltr\">\u00a0\u201e<em>Foarte des, \u00een \u00eencerc\u0103rile de a combate fumatul, factorii de decizie politic\u0103 cred \u00een mod eronat c\u0103 nicotina este cauza principal\u0103. Cu toate acestea, mai multe studii realizate de organiza\u021bii de cercetare medical\u0103 au confirmat c\u0103, de\u0219i nicotina este o component\u0103 a \u021big\u0103rilor care d\u0103 dependen\u021b\u0103, aceasta nu este cancerigen\u0103. Arderea din tutun este. <strong>Interzic\u00e2nd produsele de reducere a riscurilor, cum ar fi \u021big\u0103rile electronice de unic\u0103 folosin\u021b\u0103 sau plicule\u021bele cu nicotin\u0103, care nu con\u021bin tutun, politicienii francezi nu vor rezolva problema a 12 milioane de fum\u0103tori.\u201d<\/strong><\/em> spune Julia Kril, manager de rela\u021bii publice al Alian\u021bei Mondiale a Vaperilor.<\/p>\n<p dir=\"ltr\"><em>\u201c\u00cen timp ce Fran\u021ba \u00eencearc\u0103 s\u0103 abordeze problema fumatului, ar trebui s\u0103 ia \u00een considerare exemple de succes, cum ar fi Suedia. Suedia a ob\u021binut statutul de \u021bar\u0103 f\u0103r\u0103 fum de tutun deoarece sus\u021bine snusul, un produs care func\u021bioneaz\u0103 similar cu plicule\u021bele de nicotin\u0103. Suedia are o reglementare bazat\u0103 pe riscuri, iar Ministerul S\u0103n\u0103t\u0103\u021bii din Fran\u021ba ar trebui s\u0103 fac\u0103 acela\u0219i lucru.\u201d. <strong>Interzicerea alternativelor mai pu\u021bin d\u0103un\u0103toare, cum ar fi \u021big\u0103rile electronice sau plicule\u021bele de nicotin\u0103, va duce doar la o cre\u0219tere brusc\u0103 a num\u0103rului de fum\u0103tori din Fran\u021ba.\u201d<\/strong><\/em> a ad\u0103ugat Kril.<\/p>\n<p dir=\"ltr\"><em>\u201c\u00cen Fran\u021ba exist\u0103 12 milioane de fum\u0103tori, peste 30.140 de milioane din popula\u021bia sa. Cele 12 milioane de persoane merit\u0103 o gam\u0103 larg\u0103 de oportunit\u0103\u021bi de a se l\u0103sa de fumat, iar trecerea la alternative mai pu\u021bin d\u0103un\u0103toare, \u00een locul renun\u021b\u0103rii complete, s-a dovedit a fi mult mai eficient\u0103.\u201d. <strong>\u201dCeea ce face Ministerul S\u0103n\u0103t\u0103\u021bii din Fran\u021ba este s\u0103-i \u00eemping\u0103 pe francezi s\u0103 fumeze din nou.\u201d <\/strong><\/em>a concluzionat Kril.<\/p>\n<p dir=\"ltr\">La \u00eenceputul acestui an, Suedia <a href=\"https:\/\/link.mediaoutreach.meltwater.com\/ls\/click?upn=v2OU6mEZsrF8RQMJ1eCY0g8ZtW9ddvzmg6KflWYNU1uetxbjfwa-2BwicoYDyAGyyGVzjzS8e1k2vznWty8IOsxzUoYIxGbfHXycUz9tnQ3Y0-3D930I_6-2BOayirWiMnL4NNJ9ivl6YavKZeo6-2F4wNJspN1hyqCqN9Iica8t3kuAqeTUsoEZyEPArUXwlTHpmuotWGUYRcpQrE8nNUswQ7G-2Fk02oN1WEWHHt54BxhdFiplpKrmGj1G1UeMi9V5vik5ouN-2FYqqXpnaFef5HOf-2B1BRK9b5-2FlHOz-2BKhOOz8PT4OLKrOUcKpbog7OOuRVjWgG452U65aWzbZan-2BRcVj-2FcuXOyJ18-2BLiRiJT9C7rK2-2BNuzlX8CBbk-2Bfd5E9yqB1ElAP9ezOYRC3C9CcgRXuhAHsnMbZRbxKswIRPhPqJvAkLH9opsDHeipyvL7UaQo2YnGAi9oXgok18ONtJsiXOp9llYklhdhQpgnXZo1HPUkk14HkTzD3fppm05vDXjupPteAa8H-2FS9Yqw-3D-3D\" target=\"_blank\" rel=\"noopener\" data-saferedirecturl=\"https:\/\/www.google.com\/url?q=https:\/\/link.mediaoutreach.meltwater.com\/ls\/click?upn%3Dv2OU6mEZsrF8RQMJ1eCY0g8ZtW9ddvzmg6KflWYNU1uetxbjfwa-2BwicoYDyAGyyGVzjzS8e1k2vznWty8IOsxzUoYIxGbfHXycUz9tnQ3Y0-3D930I_6-2BOayirWiMnL4NNJ9ivl6YavKZeo6-2F4wNJspN1hyqCqN9Iica8t3kuAqeTUsoEZyEPArUXwlTHpmuotWGUYRcpQrE8nNUswQ7G-2Fk02oN1WEWHHt54BxhdFiplpKrmGj1G1UeMi9V5vik5ouN-2FYqqXpnaFef5HOf-2B1BRK9b5-2FlHOz-2BKhOOz8PT4OLKrOUcKpbog7OOuRVjWgG452U65aWzbZan-2BRcVj-2FcuXOyJ18-2BLiRiJT9C7rK2-2BNuzlX8CBbk-2Bfd5E9yqB1ElAP9ezOYRC3C9CcgRXuhAHsnMbZRbxKswIRPhPqJvAkLH9opsDHeipyvL7UaQo2YnGAi9oXgok18ONtJsiXOp9llYklhdhQpgnXZo1HPUkk14HkTzD3fppm05vDXjupPteAa8H-2FS9Yqw-3D-3D&amp;source=gmail&amp;ust=1700230028124000&amp;usg=AOvVaw1iY9ekfi5qI1_1zl5-yRv3\">a anun\u0163at<\/a> un program de reducere a taxelor pe snus \u0219i pungi cu nicotin\u0103, \u00een timp ce cre\u0219te semnificativ taxa pe \u021big\u0103ri.<\/p>\n<p dir=\"ltr\">Alian\u021ba Mondial\u0103 a Vapers a publicat o fi\u0219\u0103 informativ\u0103 extins\u0103 despre reducerea daunelor provocate de vaping \u0219i tutun, care este disponibil\u0103... <a href=\"https:\/\/link.mediaoutreach.meltwater.com\/ls\/click?upn=v2OU6mEZsrF8RQMJ1eCY0g8ZtW9ddvzmg6KflWYNU1vqD5UTAad7hdqLnvzRVgQn0rESJQAbGQa73LkeNbwXTl9FFQxPGmKtlqGHHOEElA0-3DYk64_6-2BOayirWiMnL4NNJ9ivl6YavKZeo6-2F4wNJspN1hyqCqN9Iica8t3kuAqeTUsoEZyEPArUXwlTHpmuotWGUYRcpQrE8nNUswQ7G-2Fk02oN1WEWHHt54BxhdFiplpKrmGj1G1UeMi9V5vik5ouN-2FYqqXpnaFef5HOf-2B1BRK9b5-2FlHOz-2BKhOOz8PT4OLKrOUcKpbog7OOuRVjWgG452U65aWzbZan-2BRcVj-2FcuXOyJ18-2BLiQg-2FvfzCWhG4-2FH-2FriWFXKBG8yrWHzlhVwhF7ft5ulqb3wIoRKStpbkxuFY1ftFhWRnk9HKY0iiPtvzp0e8jtWC1o6MYAb0SPjgHxdRAB5MvyxjOHtKgzTeQFRc1zw686RapONIx44GOfqlymrTglxrdqMx0bdcGQF6VT1sloeUS0A-3D-3D\" target=\"_blank\" rel=\"noopener\" data-saferedirecturl=\"https:\/\/www.google.com\/url?q=https:\/\/link.mediaoutreach.meltwater.com\/ls\/click?upn%3Dv2OU6mEZsrF8RQMJ1eCY0g8ZtW9ddvzmg6KflWYNU1vqD5UTAad7hdqLnvzRVgQn0rESJQAbGQa73LkeNbwXTl9FFQxPGmKtlqGHHOEElA0-3DYk64_6-2BOayirWiMnL4NNJ9ivl6YavKZeo6-2F4wNJspN1hyqCqN9Iica8t3kuAqeTUsoEZyEPArUXwlTHpmuotWGUYRcpQrE8nNUswQ7G-2Fk02oN1WEWHHt54BxhdFiplpKrmGj1G1UeMi9V5vik5ouN-2FYqqXpnaFef5HOf-2B1BRK9b5-2FlHOz-2BKhOOz8PT4OLKrOUcKpbog7OOuRVjWgG452U65aWzbZan-2BRcVj-2FcuXOyJ18-2BLiQg-2FvfzCWhG4-2FH-2FriWFXKBG8yrWHzlhVwhF7ft5ulqb3wIoRKStpbkxuFY1ftFhWRnk9HKY0iiPtvzp0e8jtWC1o6MYAb0SPjgHxdRAB5MvyxjOHtKgzTeQFRc1zw686RapONIx44GOfqlymrTglxrdqMx0bdcGQF6VT1sloeUS0A-3D-3D&amp;source=gmail&amp;ust=1700230028124000&amp;usg=AOvVaw2i9Y29segJvkNWh_hCqH8p\">Aici<\/a>.<\/p>","protected":false},"excerpt":{"rendered":"<p>Paris, France \u2014 Latest developments on the nicotine and tobacco policy in France risk pushing former smokers back to smoking, says consumer advocacy organisation World Vapers\u2019 Alliance. On Tuesday, 14 November, French Health Minister Aur\u00e9lien Rousseau in a talk show on Sud Radio opened the door to a possible ban on the sale of nicotine [&hellip;]<\/p>\n","protected":false},"author":11,"featured_media":3245,"comment_status":"open","ping_status":"open","sticky":false,"template":"","format":"standard","meta":{"footnotes":""},"categories":[13],"tags":[],"class_list":["post-5120","post","type-post","status-publish","format-standard","has-post-thumbnail","hentry","category-press-releases"],"yoast_head":"<!-- This site is optimized with the Yoast SEO plugin v27.3 - https:\/\/yoast.com\/product\/yoast-seo-wordpress\/ -->\n<title>France nicotine and tobacco policy risks pushing people towards cigarettes - World Vapers&#039; Alliance<\/title>\n<meta name=\"robots\" content=\"index, follow, max-snippet:-1, max-image-preview:large, max-video-preview:-1\" \/>\n<link rel=\"canonical\" href=\"https:\/\/worldvapersalliance.com\/ro\/france-nicotine-and-tobacco-policy-risks-pushing-people-towards-cigarettes\/\" \/>\n<meta property=\"og:locale\" content=\"ro_RO\" \/>\n<meta property=\"og:type\" content=\"article\" \/>\n<meta property=\"og:title\" content=\"France nicotine and tobacco policy risks pushing people towards cigarettes - World Vapers&#039; Alliance\" \/>\n<meta property=\"og:description\" content=\"Paris, France \u2014 Latest developments on the nicotine and tobacco policy in France risk pushing former smokers back to smoking, says consumer advocacy organisation World Vapers\u2019 Alliance. On Tuesday, 14 November, French Health Minister Aur\u00e9lien Rousseau in a talk show on Sud Radio opened the door to a possible ban on the sale of nicotine [&hellip;]\" \/>\n<meta property=\"og:url\" content=\"https:\/\/worldvapersalliance.com\/ro\/france-nicotine-and-tobacco-policy-risks-pushing-people-towards-cigarettes\/\" \/>\n<meta property=\"og:site_name\" content=\"World Vapers&#039; Alliance\" \/>\n<meta property=\"article:published_time\" content=\"2023-11-16T14:12:40+00:00\" \/>\n<meta property=\"og:image\" content=\"https:\/\/worldvapersalliance.com\/wp-content\/uploads\/2022\/10\/WVA_Press-Release_Cover-new.png\" \/>\n\t<meta property=\"og:image:width\" content=\"4162\" \/>\n\t<meta property=\"og:image:height\" content=\"3840\" \/>\n\t<meta property=\"og:image:type\" content=\"image\/png\" \/>\n<meta name=\"author\" content=\"World Vapers&#039; Alliance\" \/>\n<meta name=\"twitter:card\" content=\"summary_large_image\" \/>\n<meta name=\"twitter:label1\" content=\"Scris de\" \/>\n\t<meta name=\"twitter:data1\" content=\"World Vapers&#039; Alliance\" \/>\n\t<meta name=\"twitter:label2\" content=\"Timp estimat pentru citire\" \/>\n\t<meta name=\"twitter:data2\" content=\"2 minute\" \/>\n<script type=\"application\/ld+json\" class=\"yoast-schema-graph\">{\"@context\":\"https:\\\/\\\/schema.org\",\"@graph\":[{\"@type\":\"Article\",\"@id\":\"https:\\\/\\\/worldvapersalliance.com\\\/france-nicotine-and-tobacco-policy-risks-pushing-people-towards-cigarettes\\\/#article\",\"isPartOf\":{\"@id\":\"https:\\\/\\\/worldvapersalliance.com\\\/france-nicotine-and-tobacco-policy-risks-pushing-people-towards-cigarettes\\\/\"},\"author\":{\"name\":\"World Vapers' Alliance\",\"@id\":\"https:\\\/\\\/worldvapersalliance.com\\\/#\\\/schema\\\/person\\\/18484a6f20bcc6f70a2419c8babe017d\"},\"headline\":\"France nicotine and tobacco policy risks pushing people towards cigarettes\",\"datePublished\":\"2023-11-16T14:12:40+00:00\",\"mainEntityOfPage\":{\"@id\":\"https:\\\/\\\/worldvapersalliance.com\\\/france-nicotine-and-tobacco-policy-risks-pushing-people-towards-cigarettes\\\/\"},\"wordCount\":344,\"commentCount\":0,\"publisher\":{\"@id\":\"https:\\\/\\\/worldvapersalliance.com\\\/#organization\"},\"image\":{\"@id\":\"https:\\\/\\\/worldvapersalliance.com\\\/france-nicotine-and-tobacco-policy-risks-pushing-people-towards-cigarettes\\\/#primaryimage\"},\"thumbnailUrl\":\"https:\\\/\\\/worldvapersalliance.com\\\/wp-content\\\/uploads\\\/2022\\\/10\\\/WVA_Press-Release_Cover-new.png\",\"articleSection\":[\"Press Releases\"],\"inLanguage\":\"ro-RO\",\"potentialAction\":[{\"@type\":\"CommentAction\",\"name\":\"Comment\",\"target\":[\"https:\\\/\\\/worldvapersalliance.com\\\/france-nicotine-and-tobacco-policy-risks-pushing-people-towards-cigarettes\\\/#respond\"]}]},{\"@type\":\"WebPage\",\"@id\":\"https:\\\/\\\/worldvapersalliance.com\\\/france-nicotine-and-tobacco-policy-risks-pushing-people-towards-cigarettes\\\/\",\"url\":\"https:\\\/\\\/worldvapersalliance.com\\\/france-nicotine-and-tobacco-policy-risks-pushing-people-towards-cigarettes\\\/\",\"name\":\"France nicotine and tobacco policy risks pushing people towards cigarettes - World Vapers&#039; Alliance\",\"isPartOf\":{\"@id\":\"https:\\\/\\\/worldvapersalliance.com\\\/#website\"},\"primaryImageOfPage\":{\"@id\":\"https:\\\/\\\/worldvapersalliance.com\\\/france-nicotine-and-tobacco-policy-risks-pushing-people-towards-cigarettes\\\/#primaryimage\"},\"image\":{\"@id\":\"https:\\\/\\\/worldvapersalliance.com\\\/france-nicotine-and-tobacco-policy-risks-pushing-people-towards-cigarettes\\\/#primaryimage\"},\"thumbnailUrl\":\"https:\\\/\\\/worldvapersalliance.com\\\/wp-content\\\/uploads\\\/2022\\\/10\\\/WVA_Press-Release_Cover-new.png\",\"datePublished\":\"2023-11-16T14:12:40+00:00\",\"inLanguage\":\"ro-RO\",\"potentialAction\":[{\"@type\":\"ReadAction\",\"target\":[\"https:\\\/\\\/worldvapersalliance.com\\\/france-nicotine-and-tobacco-policy-risks-pushing-people-towards-cigarettes\\\/\"]}]},{\"@type\":\"ImageObject\",\"inLanguage\":\"ro-RO\",\"@id\":\"https:\\\/\\\/worldvapersalliance.com\\\/france-nicotine-and-tobacco-policy-risks-pushing-people-towards-cigarettes\\\/#primaryimage\",\"url\":\"https:\\\/\\\/worldvapersalliance.com\\\/wp-content\\\/uploads\\\/2022\\\/10\\\/WVA_Press-Release_Cover-new.png\",\"contentUrl\":\"https:\\\/\\\/worldvapersalliance.com\\\/wp-content\\\/uploads\\\/2022\\\/10\\\/WVA_Press-Release_Cover-new.png\",\"width\":4162,\"height\":3840},{\"@type\":\"WebSite\",\"@id\":\"https:\\\/\\\/worldvapersalliance.com\\\/#website\",\"url\":\"https:\\\/\\\/worldvapersalliance.com\\\/\",\"name\":\"World Vapers&#039; Alliance\",\"description\":\"The largest community of vapers\",\"publisher\":{\"@id\":\"https:\\\/\\\/worldvapersalliance.com\\\/#organization\"},\"potentialAction\":[{\"@type\":\"SearchAction\",\"target\":{\"@type\":\"EntryPoint\",\"urlTemplate\":\"https:\\\/\\\/worldvapersalliance.com\\\/?s={search_term_string}\"},\"query-input\":{\"@type\":\"PropertyValueSpecification\",\"valueRequired\":true,\"valueName\":\"search_term_string\"}}],\"inLanguage\":\"ro-RO\"},{\"@type\":\"Organization\",\"@id\":\"https:\\\/\\\/worldvapersalliance.com\\\/#organization\",\"name\":\"World Vapers&#039; Alliance\",\"url\":\"https:\\\/\\\/worldvapersalliance.com\\\/\",\"logo\":{\"@type\":\"ImageObject\",\"inLanguage\":\"ro-RO\",\"@id\":\"https:\\\/\\\/worldvapersalliance.com\\\/#\\\/schema\\\/logo\\\/image\\\/\",\"url\":\"https:\\\/\\\/worldvapersalliance.com\\\/wp-content\\\/uploads\\\/2022\\\/01\\\/WVA_RB_Fist_G.png\",\"contentUrl\":\"https:\\\/\\\/worldvapersalliance.com\\\/wp-content\\\/uploads\\\/2022\\\/01\\\/WVA_RB_Fist_G.png\",\"width\":985,\"height\":1177,\"caption\":\"World Vapers&#039; Alliance\"},\"image\":{\"@id\":\"https:\\\/\\\/worldvapersalliance.com\\\/#\\\/schema\\\/logo\\\/image\\\/\"}},{\"@type\":\"Person\",\"@id\":\"https:\\\/\\\/worldvapersalliance.com\\\/#\\\/schema\\\/person\\\/18484a6f20bcc6f70a2419c8babe017d\",\"name\":\"World Vapers' Alliance\",\"image\":{\"@type\":\"ImageObject\",\"inLanguage\":\"ro-RO\",\"@id\":\"https:\\\/\\\/secure.gravatar.com\\\/avatar\\\/456bf795c7a47c9ac527a94da4bff150aa49e48726d69bee9937f8383cffa246?s=96&d=mm&r=g\",\"url\":\"https:\\\/\\\/secure.gravatar.com\\\/avatar\\\/456bf795c7a47c9ac527a94da4bff150aa49e48726d69bee9937f8383cffa246?s=96&d=mm&r=g\",\"contentUrl\":\"https:\\\/\\\/secure.gravatar.com\\\/avatar\\\/456bf795c7a47c9ac527a94da4bff150aa49e48726d69bee9937f8383cffa246?s=96&d=mm&r=g\",\"caption\":\"World Vapers' Alliance\"},\"url\":\"https:\\\/\\\/worldvapersalliance.com\\\/ro\\\/author\\\/wva\\\/\"}]}<\/script>\n<!-- \/ Yoast SEO plugin. -->","yoast_head_json":{"title":"Politica francez\u0103 privind nicotina \u0219i tutunul risc\u0103 s\u0103-i \u00eemping\u0103 pe oameni c\u0103tre \u021big\u0103ri - Alian\u021ba Mondial\u0103 a Vaperilor","robots":{"index":"index","follow":"follow","max-snippet":"max-snippet:-1","max-image-preview":"max-image-preview:large","max-video-preview":"max-video-preview:-1"},"canonical":"https:\/\/worldvapersalliance.com\/ro\/france-nicotine-and-tobacco-policy-risks-pushing-people-towards-cigarettes\/","og_locale":"ro_RO","og_type":"article","og_title":"France nicotine and tobacco policy risks pushing people towards cigarettes - World Vapers&#039; Alliance","og_description":"Paris, France \u2014 Latest developments on the nicotine and tobacco policy in France risk pushing former smokers back to smoking, says consumer advocacy organisation World Vapers\u2019 Alliance. On Tuesday, 14 November, French Health Minister Aur\u00e9lien Rousseau in a talk show on Sud Radio opened the door to a possible ban on the sale of nicotine [&hellip;]","og_url":"https:\/\/worldvapersalliance.com\/ro\/france-nicotine-and-tobacco-policy-risks-pushing-people-towards-cigarettes\/","og_site_name":"World Vapers&#039; Alliance","article_published_time":"2023-11-16T14:12:40+00:00","og_image":[{"width":4162,"height":3840,"url":"https:\/\/worldvapersalliance.com\/wp-content\/uploads\/2022\/10\/WVA_Press-Release_Cover-new.png","type":"image\/png"}],"author":"World Vapers' Alliance","twitter_card":"summary_large_image","twitter_misc":{"Scris de":"World Vapers' Alliance","Timp estimat pentru citire":"2 minute"},"schema":{"@context":"https:\/\/schema.org","@graph":[{"@type":"Article","@id":"https:\/\/worldvapersalliance.com\/france-nicotine-and-tobacco-policy-risks-pushing-people-towards-cigarettes\/#article","isPartOf":{"@id":"https:\/\/worldvapersalliance.com\/france-nicotine-and-tobacco-policy-risks-pushing-people-towards-cigarettes\/"},"author":{"name":"World Vapers' Alliance","@id":"https:\/\/worldvapersalliance.com\/#\/schema\/person\/18484a6f20bcc6f70a2419c8babe017d"},"headline":"France nicotine and tobacco policy risks pushing people towards cigarettes","datePublished":"2023-11-16T14:12:40+00:00","mainEntityOfPage":{"@id":"https:\/\/worldvapersalliance.com\/france-nicotine-and-tobacco-policy-risks-pushing-people-towards-cigarettes\/"},"wordCount":344,"commentCount":0,"publisher":{"@id":"https:\/\/worldvapersalliance.com\/#organization"},"image":{"@id":"https:\/\/worldvapersalliance.com\/france-nicotine-and-tobacco-policy-risks-pushing-people-towards-cigarettes\/#primaryimage"},"thumbnailUrl":"https:\/\/worldvapersalliance.com\/wp-content\/uploads\/2022\/10\/WVA_Press-Release_Cover-new.png","articleSection":["Press Releases"],"inLanguage":"ro-RO","potentialAction":[{"@type":"CommentAction","name":"Comment","target":["https:\/\/worldvapersalliance.com\/france-nicotine-and-tobacco-policy-risks-pushing-people-towards-cigarettes\/#respond"]}]},{"@type":"WebPage","@id":"https:\/\/worldvapersalliance.com\/france-nicotine-and-tobacco-policy-risks-pushing-people-towards-cigarettes\/","url":"https:\/\/worldvapersalliance.com\/france-nicotine-and-tobacco-policy-risks-pushing-people-towards-cigarettes\/","name":"Politica francez\u0103 privind nicotina \u0219i tutunul risc\u0103 s\u0103-i \u00eemping\u0103 pe oameni c\u0103tre \u021big\u0103ri - Alian\u021ba Mondial\u0103 a Vaperilor","isPartOf":{"@id":"https:\/\/worldvapersalliance.com\/#website"},"primaryImageOfPage":{"@id":"https:\/\/worldvapersalliance.com\/france-nicotine-and-tobacco-policy-risks-pushing-people-towards-cigarettes\/#primaryimage"},"image":{"@id":"https:\/\/worldvapersalliance.com\/france-nicotine-and-tobacco-policy-risks-pushing-people-towards-cigarettes\/#primaryimage"},"thumbnailUrl":"https:\/\/worldvapersalliance.com\/wp-content\/uploads\/2022\/10\/WVA_Press-Release_Cover-new.png","datePublished":"2023-11-16T14:12:40+00:00","inLanguage":"ro-RO","potentialAction":[{"@type":"ReadAction","target":["https:\/\/worldvapersalliance.com\/france-nicotine-and-tobacco-policy-risks-pushing-people-towards-cigarettes\/"]}]},{"@type":"ImageObject","inLanguage":"ro-RO","@id":"https:\/\/worldvapersalliance.com\/france-nicotine-and-tobacco-policy-risks-pushing-people-towards-cigarettes\/#primaryimage","url":"https:\/\/worldvapersalliance.com\/wp-content\/uploads\/2022\/10\/WVA_Press-Release_Cover-new.png","contentUrl":"https:\/\/worldvapersalliance.com\/wp-content\/uploads\/2022\/10\/WVA_Press-Release_Cover-new.png","width":4162,"height":3840},{"@type":"WebSite","@id":"https:\/\/worldvapersalliance.com\/#website","url":"https:\/\/worldvapersalliance.com\/","name":"Alian\u021ba Mondial\u0103 a Vaporatorilor","description":"Cea mai mare comunitate de vapoare","publisher":{"@id":"https:\/\/worldvapersalliance.com\/#organization"},"potentialAction":[{"@type":"SearchAction","target":{"@type":"EntryPoint","urlTemplate":"https:\/\/worldvapersalliance.com\/?s={search_term_string}"},"query-input":{"@type":"PropertyValueSpecification","valueRequired":true,"valueName":"search_term_string"}}],"inLanguage":"ro-RO"},{"@type":"Organization","@id":"https:\/\/worldvapersalliance.com\/#organization","name":"Alian\u021ba Mondial\u0103 a Vaporatorilor","url":"https:\/\/worldvapersalliance.com\/","logo":{"@type":"ImageObject","inLanguage":"ro-RO","@id":"https:\/\/worldvapersalliance.com\/#\/schema\/logo\/image\/","url":"https:\/\/worldvapersalliance.com\/wp-content\/uploads\/2022\/01\/WVA_RB_Fist_G.png","contentUrl":"https:\/\/worldvapersalliance.com\/wp-content\/uploads\/2022\/01\/WVA_RB_Fist_G.png","width":985,"height":1177,"caption":"World Vapers&#039; Alliance"},"image":{"@id":"https:\/\/worldvapersalliance.com\/#\/schema\/logo\/image\/"}},{"@type":"Person","@id":"https:\/\/worldvapersalliance.com\/#\/schema\/person\/18484a6f20bcc6f70a2419c8babe017d","name":"Alian\u021ba Mondial\u0103 a Vaporatorilor","image":{"@type":"ImageObject","inLanguage":"ro-RO","@id":"https:\/\/secure.gravatar.com\/avatar\/456bf795c7a47c9ac527a94da4bff150aa49e48726d69bee9937f8383cffa246?s=96&d=mm&r=g","url":"https:\/\/secure.gravatar.com\/avatar\/456bf795c7a47c9ac527a94da4bff150aa49e48726d69bee9937f8383cffa246?s=96&d=mm&r=g","contentUrl":"https:\/\/secure.gravatar.com\/avatar\/456bf795c7a47c9ac527a94da4bff150aa49e48726d69bee9937f8383cffa246?s=96&d=mm&r=g","caption":"World Vapers' Alliance"},"url":"https:\/\/worldvapersalliance.com\/ro\/author\/wva\/"}]}},"_links":{"self":[{"href":"https:\/\/worldvapersalliance.com\/ro\/wp-json\/wp\/v2\/posts\/5120","targetHints":{"allow":["GET"]}}],"collection":[{"href":"https:\/\/worldvapersalliance.com\/ro\/wp-json\/wp\/v2\/posts"}],"about":[{"href":"https:\/\/worldvapersalliance.com\/ro\/wp-json\/wp\/v2\/types\/post"}],"author":[{"embeddable":true,"href":"https:\/\/worldvapersalliance.com\/ro\/wp-json\/wp\/v2\/users\/11"}],"replies":[{"embeddable":true,"href":"https:\/\/worldvapersalliance.com\/ro\/wp-json\/wp\/v2\/comments?post=5120"}],"version-history":[{"count":0,"href":"https:\/\/worldvapersalliance.com\/ro\/wp-json\/wp\/v2\/posts\/5120\/revisions"}],"wp:featuredmedia":[{"embeddable":true,"href":"https:\/\/worldvapersalliance.com\/ro\/wp-json\/wp\/v2\/media\/3245"}],"wp:attachment":[{"href":"https:\/\/worldvapersalliance.com\/ro\/wp-json\/wp\/v2\/media?parent=5120"}],"wp:term":[{"taxonomy":"category","embeddable":true,"href":"https:\/\/worldvapersalliance.com\/ro\/wp-json\/wp\/v2\/categories?post=5120"},{"taxonomy":"post_tag","embeddable":true,"href":"https:\/\/worldvapersalliance.com\/ro\/wp-json\/wp\/v2\/tags?post=5120"}],"curies":[{"name":"wp","href":"https:\/\/api.w.org\/{rel}","templated":true}]}}