{"id":1557,"date":"2022-06-26T18:08:42","date_gmt":"2022-06-26T22:08:42","guid":{"rendered":"https:\/\/worldvapersalliance.com\/?p=1557"},"modified":"2022-06-28T18:09:41","modified_gmt":"2022-06-28T22:09:41","slug":"the-swedish-parliament-votes-against-the-ban","status":"publish","type":"post","link":"https:\/\/worldvapersalliance.com\/ro\/the-swedish-parliament-votes-against-the-ban\/","title":{"rendered":"Parlamentul suedez voteaz\u0103 \u00eempotriva interdic\u021biei"},"content":{"rendered":"<p>\u00cen februarie anul trecut, Ministerul Afacerilor Sociale din Suedia a anun\u021bat planuri de interzicere a aromelor pentru \u021big\u0103rile electronice. Anun\u021bul cu siguran\u021b\u0103 i-a surprins pe mul\u021bi, mai ales av\u00e2nd \u00een vedere c\u0103 \u00een 2018 Suedia a ob\u021binut statutul de \u201ef\u0103r\u0103 fum\u0103tor\u201d prin sus\u021binerea utiliz\u0103rii unui alt produs alternativ la nicotin\u0103. Bine\u00een\u021beles, exper\u021bii \u0219i grupurile \u00een reducerea riscurilor cauzate de tutun au protestat \u00eempotriva interdic\u021biei, subliniind repercusiunile pe care aceasta le-ar avea asupra fo\u0219tilor fum\u0103tori.<\/p>\n<p>Directorul Alian\u021bei Mondiale a Vaperilor (WVA), Michael Landl, a sus\u021binut c\u0103, dac\u0103 m\u0103sura ar intra \u00een vigoare, cei 150.000 de fo\u0219ti fum\u0103tori din Suedia care \u00een prezent vapeaz\u0103 ar putea fi for\u021ba\u021bi s\u0103 se \u00eentoarc\u0103 la fumat. \u2019Interzicerea aromelor ar putea for\u021ba mii de fo\u0219ti fum\u0103tori din Suedia s\u0103 reia acest obicei. Cercet\u0103rile arat\u0103 c\u0103 utilizatorii de \u021big\u0103ri electronice au o probabilitate de peste dou\u0103 ori mai mare s\u0103 renun\u021be la fumat odat\u0103 cu utilizarea aromelor. Dac\u0103 li se interzice, 150.000 de utilizatori de \u021big\u0103ri electronice \u2013 echivalentul aproape \u00eentregii popula\u021bii a ora\u0219ului Uppsala \u2013 \u0219i-ar pierde aromele \u0219i s-ar putea \u00eentoarce la fumat. Acesta ar fi un regres major \u00een lupta \u00eempotriva fumatului \u0219i a bolilor asociate acestuia.\u201c<\/p>\n<p>Citi\u021bi textul integral <a href=\"https:\/\/vapemonitor.com\/the-swedish-parliament-votes-against-the-ban\/\" target=\"_blank\" rel=\"noopener\">Aici<\/a><\/p>","protected":false},"excerpt":{"rendered":"<p>Last February Sweden\u2019s Ministry of Social Affairs announced plans of a vape flavour ban. The announcement certainly took many by surprise, especially given that in 2018 Sweden reached a Smokefree status by endorsing the use of another nicotine alternative product.\u00a0 Naturally tobacco harm reduction experts and groups protested against the ban, highlighting the repercussions that [&hellip;]<\/p>\n","protected":false},"author":11,"featured_media":6394,"comment_status":"open","ping_status":"open","sticky":false,"template":"","format":"standard","meta":{"footnotes":""},"categories":[15],"tags":[],"class_list":["post-1557","post","type-post","status-publish","format-standard","has-post-thumbnail","hentry","category-wva-in-the-news"],"yoast_head":"<!-- This site is optimized with the Yoast SEO plugin v27.3 - https:\/\/yoast.com\/product\/yoast-seo-wordpress\/ -->\n<title>The Swedish Parliament Votes Against The Ban - World Vapers&#039; Alliance<\/title>\n<meta name=\"robots\" content=\"index, follow, max-snippet:-1, max-image-preview:large, max-video-preview:-1\" \/>\n<link rel=\"canonical\" href=\"https:\/\/worldvapersalliance.com\/ro\/the-swedish-parliament-votes-against-the-ban\/\" \/>\n<meta property=\"og:locale\" content=\"ro_RO\" \/>\n<meta property=\"og:type\" content=\"article\" \/>\n<meta property=\"og:title\" content=\"The Swedish Parliament Votes Against The Ban - World Vapers&#039; Alliance\" \/>\n<meta property=\"og:description\" content=\"Last February Sweden\u2019s Ministry of Social Affairs announced plans of a vape flavour ban. The announcement certainly took many by surprise, especially given that in 2018 Sweden reached a Smokefree status by endorsing the use of another nicotine alternative product.\u00a0 Naturally tobacco harm reduction experts and groups protested against the ban, highlighting the repercussions that [&hellip;]\" \/>\n<meta property=\"og:url\" content=\"https:\/\/worldvapersalliance.com\/ro\/the-swedish-parliament-votes-against-the-ban\/\" \/>\n<meta property=\"og:site_name\" content=\"World Vapers&#039; Alliance\" \/>\n<meta property=\"article:published_time\" content=\"2022-06-26T22:08:42+00:00\" \/>\n<meta property=\"article:modified_time\" content=\"2022-06-28T22:09:41+00:00\" \/>\n<meta property=\"og:image\" content=\"https:\/\/worldvapersalliance.com\/wp-content\/uploads\/2022\/03\/World_Vapers_Alliance_Logo_White_Stripes.png\" \/>\n\t<meta property=\"og:image:width\" content=\"2081\" \/>\n\t<meta property=\"og:image:height\" content=\"1920\" \/>\n\t<meta property=\"og:image:type\" content=\"image\/png\" \/>\n<meta name=\"author\" content=\"World Vapers&#039; Alliance\" \/>\n<meta name=\"twitter:card\" content=\"summary_large_image\" \/>\n<meta name=\"twitter:label1\" content=\"Scris de\" \/>\n\t<meta name=\"twitter:data1\" content=\"World Vapers&#039; Alliance\" \/>\n\t<meta name=\"twitter:label2\" content=\"Timp estimat pentru citire\" \/>\n\t<meta name=\"twitter:data2\" content=\"1 minut\" \/>\n<script type=\"application\/ld+json\" class=\"yoast-schema-graph\">{\"@context\":\"https:\\\/\\\/schema.org\",\"@graph\":[{\"@type\":\"Article\",\"@id\":\"https:\\\/\\\/worldvapersalliance.com\\\/the-swedish-parliament-votes-against-the-ban\\\/#article\",\"isPartOf\":{\"@id\":\"https:\\\/\\\/worldvapersalliance.com\\\/the-swedish-parliament-votes-against-the-ban\\\/\"},\"author\":{\"name\":\"World Vapers' Alliance\",\"@id\":\"https:\\\/\\\/worldvapersalliance.com\\\/#\\\/schema\\\/person\\\/18484a6f20bcc6f70a2419c8babe017d\"},\"headline\":\"The Swedish Parliament Votes Against The Ban\",\"datePublished\":\"2022-06-26T22:08:42+00:00\",\"dateModified\":\"2022-06-28T22:09:41+00:00\",\"mainEntityOfPage\":{\"@id\":\"https:\\\/\\\/worldvapersalliance.com\\\/the-swedish-parliament-votes-against-the-ban\\\/\"},\"wordCount\":178,\"commentCount\":0,\"publisher\":{\"@id\":\"https:\\\/\\\/worldvapersalliance.com\\\/#organization\"},\"image\":{\"@id\":\"https:\\\/\\\/worldvapersalliance.com\\\/the-swedish-parliament-votes-against-the-ban\\\/#primaryimage\"},\"thumbnailUrl\":\"https:\\\/\\\/worldvapersalliance.com\\\/wp-content\\\/uploads\\\/2025\\\/08\\\/WVA-in-the-news.png\",\"articleSection\":[\"WVA in the News\"],\"inLanguage\":\"ro-RO\",\"potentialAction\":[{\"@type\":\"CommentAction\",\"name\":\"Comment\",\"target\":[\"https:\\\/\\\/worldvapersalliance.com\\\/the-swedish-parliament-votes-against-the-ban\\\/#respond\"]}]},{\"@type\":\"WebPage\",\"@id\":\"https:\\\/\\\/worldvapersalliance.com\\\/the-swedish-parliament-votes-against-the-ban\\\/\",\"url\":\"https:\\\/\\\/worldvapersalliance.com\\\/the-swedish-parliament-votes-against-the-ban\\\/\",\"name\":\"The Swedish Parliament Votes Against The Ban - World Vapers&#039; Alliance\",\"isPartOf\":{\"@id\":\"https:\\\/\\\/worldvapersalliance.com\\\/#website\"},\"primaryImageOfPage\":{\"@id\":\"https:\\\/\\\/worldvapersalliance.com\\\/the-swedish-parliament-votes-against-the-ban\\\/#primaryimage\"},\"image\":{\"@id\":\"https:\\\/\\\/worldvapersalliance.com\\\/the-swedish-parliament-votes-against-the-ban\\\/#primaryimage\"},\"thumbnailUrl\":\"https:\\\/\\\/worldvapersalliance.com\\\/wp-content\\\/uploads\\\/2025\\\/08\\\/WVA-in-the-news.png\",\"datePublished\":\"2022-06-26T22:08:42+00:00\",\"dateModified\":\"2022-06-28T22:09:41+00:00\",\"inLanguage\":\"ro-RO\",\"potentialAction\":[{\"@type\":\"ReadAction\",\"target\":[\"https:\\\/\\\/worldvapersalliance.com\\\/the-swedish-parliament-votes-against-the-ban\\\/\"]}]},{\"@type\":\"ImageObject\",\"inLanguage\":\"ro-RO\",\"@id\":\"https:\\\/\\\/worldvapersalliance.com\\\/the-swedish-parliament-votes-against-the-ban\\\/#primaryimage\",\"url\":\"https:\\\/\\\/worldvapersalliance.com\\\/wp-content\\\/uploads\\\/2025\\\/08\\\/WVA-in-the-news.png\",\"contentUrl\":\"https:\\\/\\\/worldvapersalliance.com\\\/wp-content\\\/uploads\\\/2025\\\/08\\\/WVA-in-the-news.png\",\"width\":1264,\"height\":848},{\"@type\":\"WebSite\",\"@id\":\"https:\\\/\\\/worldvapersalliance.com\\\/#website\",\"url\":\"https:\\\/\\\/worldvapersalliance.com\\\/\",\"name\":\"World Vapers&#039; Alliance\",\"description\":\"The largest community of vapers\",\"publisher\":{\"@id\":\"https:\\\/\\\/worldvapersalliance.com\\\/#organization\"},\"potentialAction\":[{\"@type\":\"SearchAction\",\"target\":{\"@type\":\"EntryPoint\",\"urlTemplate\":\"https:\\\/\\\/worldvapersalliance.com\\\/?s={search_term_string}\"},\"query-input\":{\"@type\":\"PropertyValueSpecification\",\"valueRequired\":true,\"valueName\":\"search_term_string\"}}],\"inLanguage\":\"ro-RO\"},{\"@type\":\"Organization\",\"@id\":\"https:\\\/\\\/worldvapersalliance.com\\\/#organization\",\"name\":\"World Vapers&#039; Alliance\",\"url\":\"https:\\\/\\\/worldvapersalliance.com\\\/\",\"logo\":{\"@type\":\"ImageObject\",\"inLanguage\":\"ro-RO\",\"@id\":\"https:\\\/\\\/worldvapersalliance.com\\\/#\\\/schema\\\/logo\\\/image\\\/\",\"url\":\"https:\\\/\\\/worldvapersalliance.com\\\/wp-content\\\/uploads\\\/2022\\\/01\\\/WVA_RB_Fist_G.png\",\"contentUrl\":\"https:\\\/\\\/worldvapersalliance.com\\\/wp-content\\\/uploads\\\/2022\\\/01\\\/WVA_RB_Fist_G.png\",\"width\":985,\"height\":1177,\"caption\":\"World Vapers&#039; Alliance\"},\"image\":{\"@id\":\"https:\\\/\\\/worldvapersalliance.com\\\/#\\\/schema\\\/logo\\\/image\\\/\"}},{\"@type\":\"Person\",\"@id\":\"https:\\\/\\\/worldvapersalliance.com\\\/#\\\/schema\\\/person\\\/18484a6f20bcc6f70a2419c8babe017d\",\"name\":\"World Vapers' Alliance\",\"image\":{\"@type\":\"ImageObject\",\"inLanguage\":\"ro-RO\",\"@id\":\"https:\\\/\\\/secure.gravatar.com\\\/avatar\\\/456bf795c7a47c9ac527a94da4bff150aa49e48726d69bee9937f8383cffa246?s=96&d=mm&r=g\",\"url\":\"https:\\\/\\\/secure.gravatar.com\\\/avatar\\\/456bf795c7a47c9ac527a94da4bff150aa49e48726d69bee9937f8383cffa246?s=96&d=mm&r=g\",\"contentUrl\":\"https:\\\/\\\/secure.gravatar.com\\\/avatar\\\/456bf795c7a47c9ac527a94da4bff150aa49e48726d69bee9937f8383cffa246?s=96&d=mm&r=g\",\"caption\":\"World Vapers' Alliance\"},\"url\":\"https:\\\/\\\/worldvapersalliance.com\\\/ro\\\/author\\\/wva\\\/\"}]}<\/script>\n<!-- \/ Yoast SEO plugin. -->","yoast_head_json":{"title":"Parlamentul suedez voteaz\u0103 \u00eempotriva interdic\u021biei - Alian\u021ba Mondial\u0103 a Vaperilor","robots":{"index":"index","follow":"follow","max-snippet":"max-snippet:-1","max-image-preview":"max-image-preview:large","max-video-preview":"max-video-preview:-1"},"canonical":"https:\/\/worldvapersalliance.com\/ro\/the-swedish-parliament-votes-against-the-ban\/","og_locale":"ro_RO","og_type":"article","og_title":"The Swedish Parliament Votes Against The Ban - World Vapers&#039; Alliance","og_description":"Last February Sweden\u2019s Ministry of Social Affairs announced plans of a vape flavour ban. The announcement certainly took many by surprise, especially given that in 2018 Sweden reached a Smokefree status by endorsing the use of another nicotine alternative product.\u00a0 Naturally tobacco harm reduction experts and groups protested against the ban, highlighting the repercussions that [&hellip;]","og_url":"https:\/\/worldvapersalliance.com\/ro\/the-swedish-parliament-votes-against-the-ban\/","og_site_name":"World Vapers&#039; Alliance","article_published_time":"2022-06-26T22:08:42+00:00","article_modified_time":"2022-06-28T22:09:41+00:00","og_image":[{"width":2081,"height":1920,"url":"https:\/\/worldvapersalliance.com\/wp-content\/uploads\/2022\/03\/World_Vapers_Alliance_Logo_White_Stripes.png","type":"image\/png"}],"author":"World Vapers' Alliance","twitter_card":"summary_large_image","twitter_misc":{"Scris de":"World Vapers' Alliance","Timp estimat pentru citire":"1 minut"},"schema":{"@context":"https:\/\/schema.org","@graph":[{"@type":"Article","@id":"https:\/\/worldvapersalliance.com\/the-swedish-parliament-votes-against-the-ban\/#article","isPartOf":{"@id":"https:\/\/worldvapersalliance.com\/the-swedish-parliament-votes-against-the-ban\/"},"author":{"name":"World Vapers' Alliance","@id":"https:\/\/worldvapersalliance.com\/#\/schema\/person\/18484a6f20bcc6f70a2419c8babe017d"},"headline":"The Swedish Parliament Votes Against The Ban","datePublished":"2022-06-26T22:08:42+00:00","dateModified":"2022-06-28T22:09:41+00:00","mainEntityOfPage":{"@id":"https:\/\/worldvapersalliance.com\/the-swedish-parliament-votes-against-the-ban\/"},"wordCount":178,"commentCount":0,"publisher":{"@id":"https:\/\/worldvapersalliance.com\/#organization"},"image":{"@id":"https:\/\/worldvapersalliance.com\/the-swedish-parliament-votes-against-the-ban\/#primaryimage"},"thumbnailUrl":"https:\/\/worldvapersalliance.com\/wp-content\/uploads\/2025\/08\/WVA-in-the-news.png","articleSection":["WVA in the News"],"inLanguage":"ro-RO","potentialAction":[{"@type":"CommentAction","name":"Comment","target":["https:\/\/worldvapersalliance.com\/the-swedish-parliament-votes-against-the-ban\/#respond"]}]},{"@type":"WebPage","@id":"https:\/\/worldvapersalliance.com\/the-swedish-parliament-votes-against-the-ban\/","url":"https:\/\/worldvapersalliance.com\/the-swedish-parliament-votes-against-the-ban\/","name":"Parlamentul suedez voteaz\u0103 \u00eempotriva interdic\u021biei - Alian\u021ba Mondial\u0103 a Vaperilor","isPartOf":{"@id":"https:\/\/worldvapersalliance.com\/#website"},"primaryImageOfPage":{"@id":"https:\/\/worldvapersalliance.com\/the-swedish-parliament-votes-against-the-ban\/#primaryimage"},"image":{"@id":"https:\/\/worldvapersalliance.com\/the-swedish-parliament-votes-against-the-ban\/#primaryimage"},"thumbnailUrl":"https:\/\/worldvapersalliance.com\/wp-content\/uploads\/2025\/08\/WVA-in-the-news.png","datePublished":"2022-06-26T22:08:42+00:00","dateModified":"2022-06-28T22:09:41+00:00","inLanguage":"ro-RO","potentialAction":[{"@type":"ReadAction","target":["https:\/\/worldvapersalliance.com\/the-swedish-parliament-votes-against-the-ban\/"]}]},{"@type":"ImageObject","inLanguage":"ro-RO","@id":"https:\/\/worldvapersalliance.com\/the-swedish-parliament-votes-against-the-ban\/#primaryimage","url":"https:\/\/worldvapersalliance.com\/wp-content\/uploads\/2025\/08\/WVA-in-the-news.png","contentUrl":"https:\/\/worldvapersalliance.com\/wp-content\/uploads\/2025\/08\/WVA-in-the-news.png","width":1264,"height":848},{"@type":"WebSite","@id":"https:\/\/worldvapersalliance.com\/#website","url":"https:\/\/worldvapersalliance.com\/","name":"Alian\u021ba Mondial\u0103 a Vaporatorilor","description":"Cea mai mare comunitate de vapoare","publisher":{"@id":"https:\/\/worldvapersalliance.com\/#organization"},"potentialAction":[{"@type":"SearchAction","target":{"@type":"EntryPoint","urlTemplate":"https:\/\/worldvapersalliance.com\/?s={search_term_string}"},"query-input":{"@type":"PropertyValueSpecification","valueRequired":true,"valueName":"search_term_string"}}],"inLanguage":"ro-RO"},{"@type":"Organization","@id":"https:\/\/worldvapersalliance.com\/#organization","name":"Alian\u021ba Mondial\u0103 a Vaporatorilor","url":"https:\/\/worldvapersalliance.com\/","logo":{"@type":"ImageObject","inLanguage":"ro-RO","@id":"https:\/\/worldvapersalliance.com\/#\/schema\/logo\/image\/","url":"https:\/\/worldvapersalliance.com\/wp-content\/uploads\/2022\/01\/WVA_RB_Fist_G.png","contentUrl":"https:\/\/worldvapersalliance.com\/wp-content\/uploads\/2022\/01\/WVA_RB_Fist_G.png","width":985,"height":1177,"caption":"World Vapers&#039; Alliance"},"image":{"@id":"https:\/\/worldvapersalliance.com\/#\/schema\/logo\/image\/"}},{"@type":"Person","@id":"https:\/\/worldvapersalliance.com\/#\/schema\/person\/18484a6f20bcc6f70a2419c8babe017d","name":"Alian\u021ba Mondial\u0103 a Vaporatorilor","image":{"@type":"ImageObject","inLanguage":"ro-RO","@id":"https:\/\/secure.gravatar.com\/avatar\/456bf795c7a47c9ac527a94da4bff150aa49e48726d69bee9937f8383cffa246?s=96&d=mm&r=g","url":"https:\/\/secure.gravatar.com\/avatar\/456bf795c7a47c9ac527a94da4bff150aa49e48726d69bee9937f8383cffa246?s=96&d=mm&r=g","contentUrl":"https:\/\/secure.gravatar.com\/avatar\/456bf795c7a47c9ac527a94da4bff150aa49e48726d69bee9937f8383cffa246?s=96&d=mm&r=g","caption":"World Vapers' Alliance"},"url":"https:\/\/worldvapersalliance.com\/ro\/author\/wva\/"}]}},"_links":{"self":[{"href":"https:\/\/worldvapersalliance.com\/ro\/wp-json\/wp\/v2\/posts\/1557","targetHints":{"allow":["GET"]}}],"collection":[{"href":"https:\/\/worldvapersalliance.com\/ro\/wp-json\/wp\/v2\/posts"}],"about":[{"href":"https:\/\/worldvapersalliance.com\/ro\/wp-json\/wp\/v2\/types\/post"}],"author":[{"embeddable":true,"href":"https:\/\/worldvapersalliance.com\/ro\/wp-json\/wp\/v2\/users\/11"}],"replies":[{"embeddable":true,"href":"https:\/\/worldvapersalliance.com\/ro\/wp-json\/wp\/v2\/comments?post=1557"}],"version-history":[{"count":0,"href":"https:\/\/worldvapersalliance.com\/ro\/wp-json\/wp\/v2\/posts\/1557\/revisions"}],"wp:featuredmedia":[{"embeddable":true,"href":"https:\/\/worldvapersalliance.com\/ro\/wp-json\/wp\/v2\/media\/6394"}],"wp:attachment":[{"href":"https:\/\/worldvapersalliance.com\/ro\/wp-json\/wp\/v2\/media?parent=1557"}],"wp:term":[{"taxonomy":"category","embeddable":true,"href":"https:\/\/worldvapersalliance.com\/ro\/wp-json\/wp\/v2\/categories?post=1557"},{"taxonomy":"post_tag","embeddable":true,"href":"https:\/\/worldvapersalliance.com\/ro\/wp-json\/wp\/v2\/tags?post=1557"}],"curies":[{"name":"wp","href":"https:\/\/api.w.org\/{rel}","templated":true}]}}