{"id":1031,"date":"2022-02-03T14:26:01","date_gmt":"2022-02-03T19:26:01","guid":{"rendered":"https:\/\/cccwva.wpengine.com\/?p=1031"},"modified":"2022-04-08T06:29:15","modified_gmt":"2022-04-08T10:29:15","slug":"espana-el-vapeo-en-el-punto-de-mira-de-los-legisladores","status":"publish","type":"post","link":"https:\/\/worldvapersalliance.com\/ro\/espana-el-vapeo-en-el-punto-de-mira-de-los-legisladores\/","title":{"rendered":"Espa\u00f1a: el vapeo en el punto de mira de los legisladores"},"content":{"rendered":"<p>El Gobierno espa\u00f1ol se afl\u0103 \u00een punctul de a \u00eenregistra o mare eroare suport\u00e2nd inutil regulamentul asupra vapeului. De transportse a cabo los planes del Ministerio de Sanidad, fumatorii vor avea s\u0103 sortear m\u00e1s obst\u00e1culos pentru a dejar el tabaco \u0219i la s\u0103n\u0103tate public\u0103 se va resentida.<\/p>\r\n\r\n\r\n\r\n<p><strong>El Plan de Prevenci\u00f3n \u0219i Control del Tabaquismo \u2013 mai bine, el Plan de Protecci\u00f3n del Tabaquismo\u00a0<\/strong><\/p>\r\n\r\n\r\n\r\n<p>Publicat \u00een decembrie 2021, el borrador del llamado\u00a0<em>\u201cPlan Integral de Preven\u021bie \u0219i Control del Tabaquismo 2021-2025\u201d<\/em>sample que el Gobierno de Espa\u00f1a pretinde trata al vapeo del mismo modo que al tabaco. Pentru ello, argumenta c\u0103 el vapeo are un efect negativ asupra s\u0103n\u0103t\u0103\u021bii \u00een el corto plazo \u0219i care, pentru mul\u021bi tineri, este el pas anterior la tabaquismo.<\/p>\r\n\r\n\r\n\r\n<p><strong>Un plan bazat en sesgos y que ignora a la ciencia<\/strong><\/p>\r\n\r\n\r\n\r\n<p>El borrador legal de aceasta ley prezint\u0103 un claro sesgo anti-vapeo. Cita \u00fanicamente studii tendenciosos (algunos de ellos refutados) despre los efecte adversos del vapeo \u0219i nu men\u021biona\u021bi las\u00a0<a href=\"https:\/\/www.gov.uk\/government\/news\/e-cigarettes-around-95-less-harmful-than-tobacco-estimates-landmark-review\">concluziile atinse de la agen\u021bia de s\u0103n\u0103tate a Guvernului britanic Public Health England<\/a>\u00a0\u2013 concretamente, que vapear es un 95% menos da\u00f1ino que fumar \u2013, ni su importancia como herramienta para reducir el consumo de tabaco fumado. De hecho, se estimeaz\u0103 c\u0103 \u00een Espa\u00f1a el vapeo ya cuenta cu m\u00e1s de medio mill\u00f3n de utilizatori, dintre cei care mul\u021bi folosesc pentru a l\u0103sa fumar tabaco. Acordul cu estim\u0103rile Consumer Choice Center \u0219i World Vapers&#039; Alliance, ar putea salva mai mult de 2 milioane de vie\u021bi doar \u00een Spania, mul\u021bumit\u0103 acestui schimb. El vapeo este unul de los avances m\u00e1s importantes del siglo pasado en materia de salud p\u00fablica y ar trebui s\u0103 fie celebrat \u00een fiecare dat\u0103 de perseguido.<\/p>\r\n\r\n\r\n\r\n<p><strong>Nu \u00een\u021beleg importan\u021ba gusturilor<\/strong><\/p>\r\n\r\n\r\n\r\n<p>La ministra de sanidad Carolina Darias a asigurat c\u0103 mul\u021bumit\u0103 disponibilitatea online, el bajo cost \u0219i el gran surtido de sabores, forme \u0219i culori care se afl\u0103 pe pia\u021b\u0103, el vapeo se a convertit \u00eentr-o op\u021biune foarte accesibil\u0103 \u0219i atractiv\u0103 pentru tinerii, care se ini\u021biaz\u0103 \u00een tabaquismo prin vaping \u2013 o afirma\u021bie c\u0103 eviden\u021ba a fost rechazat\u0103. Pentru a preveni acest lucru, el Guvernul vrea s\u0103 restric\u021bioneze la v\u00e2nzare \u0219i distribu\u021bie de produse de vapeo, pentru a putea s\u0103-\u0219i interzic\u0103 v\u00e2nzarea online \u0219i s\u0103 permit\u0103 numai \u00een sta\u021biuni \u0219i institu\u021bii specializate. Subir los pre\u021burile acestor produse \u0219i limitarea disponibilit\u0103\u021bii va avea un cost ridicat pentru fumatorii \u0219i vapeatorii adul\u021bi, mai mult se beneficiaz\u0103 de poten\u021bialul de reducere a daunelor care are el vapeo.<\/p>\r\n\r\n\r\n\r\n<p>Pero las intentiones del Gobierno nu vor fi aici. Pretende\u021bi s\u0103 interzice\u021bi toate aromele (excepto el tabaco) \u0219i s\u0103 impune\u021bi el empaquetado gen\u00e9rico \u00een dispozitive \u0219i cartuchos. Am v\u0103zut fracasul de m\u0103suri similare \u00een alte \u021b\u0103ri. \u00cen San Francisco, de exemplu, la prohibici\u00f3n de los sabores a f\u0103cut c\u0103 se dispar\u0103 num\u0103rul de fumatori. Rezultatele similare \u00een alte p\u0103r\u021bi din lume arat\u0103 c\u0103 restric\u021biile masive vor avea un consum mai mare de cigarrillos.<\/p>\r\n\r\n\r\n\r\n<p>Am vorbit multe ori despre gusturile (<a href=\"https:\/\/worldvapersalliance.com\/ro\/why-vape-flavours-matter\/\">po\u021bi s\u0103 leer nuestro informe aici<\/a>), la clave es evidente: los sabores son la principal raz\u00f3n por la que el vapeo funciona. Permite\u021bi s\u0103 fuma\u021bi pentru adul\u021bi olvidarse del sabor de cigarillos. C\u00e2nd se impie de uz, este foarte probabil c\u0103 esos vapeadores vuelvan a caer en el tabaco.<\/p>\r\n\r\n\r\n\r\n<p><strong>Subir los impuestos al vapeo y otras formas de disparar el tabaquismo<\/strong><\/p>\r\n\r\n\r\n\r\n<p>\u00centre toate aceste m\u0103suri, Guvernul \u00ee\u0219i asum\u0103 de asemenea posibilitatea de a \u00eencasa taxele la vapeo pentru echiparea cu tabaco, f\u0103c\u00e2ndu-se mai pu\u021bin asem\u0103n\u0103toare.\u00a0\u00a0<a href=\"https:\/\/www.ncbi.nlm.nih.gov\/pmc\/articles\/PMC7880200\/\">dovezi<\/a>\u00a0sugiere que las subidas de impuestos sobre estos productos empujan a la gente hacia el tabaquismo.<\/p>\r\n\r\n\r\n\r\n<p>\u00cen plus, vrei s\u0103 m\u0103reasc\u0103 num\u0103rul de spa\u021bii libere de humos, inclusiv al vapeo \u00een aceast\u0103 categorie \u0219i echiparea cu tabaco. Aseguran que los aerosoles emitidos por los dispozitive de vapeo sunt peligrosos nu numai pentru utilizatorii, dar \u0219i pentru to\u021bi cei expu\u0219i. Nu sunt mai multe lejos de la realitate, pues un recent estudio muestra que\u00a0<a href=\"http:\/\/www.openscienceonline.com\/journal\/archive2?journalId=718&amp;paperId=4979#:~:text=Specifically%2C%20at%20a%20distance%20of,use%20of%20the%20e%2Dcigarettes.\">andar por una calle de Madrid expune a m\u00e1s t\u00f3xicos que inhalar un cigarrillo electr\u00f3nico<\/a>\u00a0y concluye que los \u201cvapeadores pasivos\u201d nu exist\u0103.<\/p>\r\n\r\n\r\n\r\n<p><strong>Los pol\u00edticos est\u00e1n equivocados \u2013 los vapeadores deben guiarlos<\/strong><\/p>\r\n\r\n\r\n\r\n<p>\u00cen resumidas cuentas, el borrador del Gobierno demuestra el escaso conocimiento de los politician espa\u00f1oles \u00een materia de reducere a da\u00f1os and pone de manifiesto la necesita de que los vapeadores les presionen and les cuenten sus historias. Las leys de salud p\u00fablica trebuie s\u0103 se bazeze \u00een ciencia \u0219i nu \u00een estigmas del pasado. Para ello, la organizaci\u00f3n de vapeadores espa\u00f1oles ANESVAP a organizat un\u00a0<a href=\"https:\/\/www.youtube.com\/watch?v=zYFe3lmzk7Q\">eveniment<\/a>o y est\u00e1 recogiendo firmas para hacer llegar a los pol\u00edticos una\u00a0<a href=\"https:\/\/www.change.org\/p\/el-vapeo-salva-vidas-firma-nuestra-petici%C3%B3n?recruiter=71824789&amp;recruited_by_id=4d7cdbde-8659-445c-8b33-3d96a6c0884c&amp;utm_source=share_petition&amp;utm_medium=copylink&amp;utm_campaign=petition_dashboard\">peti\u021bie<\/a>\u00a0cu urm\u0103toarele cerin\u021be:<\/p>\r\n\r\n\r\n\r\n<p>\u2013 Que se mantengan los precios asequibles pentru to\u021bi, evit\u00e2nd impozitele punitive.<\/p>\r\n\r\n\r\n\r\n<p>\u2013 Que se garanteaz\u0103 distribu\u021bia legal\u0103 \u0219i controlat\u0103 de produsele de vapeo \u00een magazinele fizice \u0219i online.<\/p>\r\n\r\n\r\n\r\n<p>\u2013 Que la regulaci\u00f3n de los espacios libres de humos no se aplique de la misma manera a los vapeadores.<\/p>\r\n\r\n\r\n\r\n<p>\u2013 Este disponibil\u0103 o varietate adecvat\u0103 de arome de vapeo, care permit s\u0103 o olvidase vapeatorii din sabor del tabaco.<\/p>\r\n\r\n\r\n\r\n<p>La WVA condena las restricciones propuestas and anima a los vapeadores espa\u00f1oles a\u00a0<a href=\"https:\/\/www.change.org\/p\/el-vapeo-salva-vidas-firma-nuestra-petici%C3%B3n?recruiter=71824789&amp;recruited_by_id=4d7cdbde-8659-445c-8b33-3d96a6c0884c&amp;utm_source=share_petition&amp;utm_medium=copylink&amp;utm_campaign=petition_dashboard\">a confirma peti\u021bia de la<\/a>\u00a0<a href=\"https:\/\/www.change.org\/p\/el-vapeo-salva-vidas-firma-nuestra-petici%C3%B3n?recruiter=71824789&amp;recruited_by_id=4d7cdbde-8659-445c-8b33-3d96a6c0884c&amp;utm_source=share_petition&amp;utm_medium=copylink&amp;utm_campaign=petition_dashboard\">ANESVAP<\/a>\u00a0pentru a proteja drepturile pe care le-a\u021bi \u00eemp\u0103r\u021bit cu noi \u00een istoria. Los pol\u00edticos espa\u00f1oles necesitan cunoa\u0219te cum vapeo a \u00eembun\u0103t\u0103\u021bit s\u0103n\u0103tatea milelor cet\u0103\u021benilor. Alcemos la voce! Hay muchas vidas en joc.<\/p>","protected":false},"excerpt":{"rendered":"<p>El Gobierno espa\u00f1ol est\u00e1 a punto de cometer un gran error endureciendo innecesariamente la regulaci\u00f3n sobre el vapeo. De llevarse a cabo los planes del Ministerio de Sanidad, los fumadores tendr\u00e1n que sortear m\u00e1s obst\u00e1culos para dejar el tabaco y la salud p\u00fablica se ver\u00e1 resentida. El Plan de Prevenci\u00f3n y Control del Tabaquismo \u2013 [&hellip;]<\/p>\n","protected":false},"author":4,"featured_media":1037,"comment_status":"open","ping_status":"open","sticky":false,"template":"","format":"standard","meta":{"footnotes":""},"categories":[17],"tags":[],"class_list":["post-1031","post","type-post","status-publish","format-standard","has-post-thumbnail","hentry","category-blog"],"yoast_head":"<!-- This site is optimized with the Yoast SEO plugin v27.3 - https:\/\/yoast.com\/product\/yoast-seo-wordpress\/ -->\n<title>Espa\u00f1a: el vapeo en el punto de mira de los legisladores - World Vapers&#039; Alliance<\/title>\n<meta name=\"robots\" content=\"index, follow, max-snippet:-1, max-image-preview:large, max-video-preview:-1\" \/>\n<link rel=\"canonical\" href=\"https:\/\/worldvapersalliance.com\/ro\/espana-el-vapeo-en-el-punto-de-mira-de-los-legisladores\/\" \/>\n<meta property=\"og:locale\" content=\"ro_RO\" \/>\n<meta property=\"og:type\" content=\"article\" \/>\n<meta property=\"og:title\" content=\"Espa\u00f1a: el vapeo en el punto de mira de los legisladores - World Vapers&#039; Alliance\" \/>\n<meta property=\"og:description\" content=\"El Gobierno espa\u00f1ol est\u00e1 a punto de cometer un gran error endureciendo innecesariamente la regulaci\u00f3n sobre el vapeo. De llevarse a cabo los planes del Ministerio de Sanidad, los fumadores tendr\u00e1n que sortear m\u00e1s obst\u00e1culos para dejar el tabaco y la salud p\u00fablica se ver\u00e1 resentida. El Plan de Prevenci\u00f3n y Control del Tabaquismo \u2013 [&hellip;]\" \/>\n<meta property=\"og:url\" content=\"https:\/\/worldvapersalliance.com\/ro\/espana-el-vapeo-en-el-punto-de-mira-de-los-legisladores\/\" \/>\n<meta property=\"og:site_name\" content=\"World Vapers&#039; Alliance\" \/>\n<meta property=\"article:published_time\" content=\"2022-02-03T19:26:01+00:00\" \/>\n<meta property=\"article:modified_time\" content=\"2022-04-08T10:29:15+00:00\" \/>\n<meta property=\"og:image\" content=\"https:\/\/worldvapersalliance.com\/wp-content\/uploads\/2022\/02\/Back_Vaping_Beat_Smoking_Barcelona_Launch-1024x945.png\" \/>\n\t<meta property=\"og:image:width\" content=\"1024\" \/>\n\t<meta property=\"og:image:height\" content=\"945\" \/>\n\t<meta property=\"og:image:type\" content=\"image\/png\" \/>\n<meta name=\"author\" content=\"Michael Landl\" \/>\n<meta name=\"twitter:card\" content=\"summary_large_image\" \/>\n<meta name=\"twitter:label1\" content=\"Scris de\" \/>\n\t<meta name=\"twitter:data1\" content=\"Michael Landl\" \/>\n\t<meta name=\"twitter:label2\" content=\"Timp estimat pentru citire\" \/>\n\t<meta name=\"twitter:data2\" content=\"5 minute\" \/>\n<script type=\"application\/ld+json\" class=\"yoast-schema-graph\">{\"@context\":\"https:\\\/\\\/schema.org\",\"@graph\":[{\"@type\":\"Article\",\"@id\":\"https:\\\/\\\/worldvapersalliance.com\\\/espana-el-vapeo-en-el-punto-de-mira-de-los-legisladores\\\/#article\",\"isPartOf\":{\"@id\":\"https:\\\/\\\/worldvapersalliance.com\\\/espana-el-vapeo-en-el-punto-de-mira-de-los-legisladores\\\/\"},\"author\":{\"name\":\"Michael Landl\",\"@id\":\"https:\\\/\\\/worldvapersalliance.com\\\/#\\\/schema\\\/person\\\/05f663571d787d89a2d5c77c482a6583\"},\"headline\":\"Espa\u00f1a: el vapeo en el punto de mira de los legisladores\",\"datePublished\":\"2022-02-03T19:26:01+00:00\",\"dateModified\":\"2022-04-08T10:29:15+00:00\",\"mainEntityOfPage\":{\"@id\":\"https:\\\/\\\/worldvapersalliance.com\\\/espana-el-vapeo-en-el-punto-de-mira-de-los-legisladores\\\/\"},\"wordCount\":984,\"commentCount\":0,\"publisher\":{\"@id\":\"https:\\\/\\\/worldvapersalliance.com\\\/#organization\"},\"image\":{\"@id\":\"https:\\\/\\\/worldvapersalliance.com\\\/espana-el-vapeo-en-el-punto-de-mira-de-los-legisladores\\\/#primaryimage\"},\"thumbnailUrl\":\"https:\\\/\\\/worldvapersalliance.com\\\/wp-content\\\/uploads\\\/2022\\\/02\\\/Back_Vaping_Beat_Smoking_Barcelona_Launch.png\",\"articleSection\":[\"Blog\"],\"inLanguage\":\"ro-RO\",\"potentialAction\":[{\"@type\":\"CommentAction\",\"name\":\"Comment\",\"target\":[\"https:\\\/\\\/worldvapersalliance.com\\\/espana-el-vapeo-en-el-punto-de-mira-de-los-legisladores\\\/#respond\"]}]},{\"@type\":\"WebPage\",\"@id\":\"https:\\\/\\\/worldvapersalliance.com\\\/espana-el-vapeo-en-el-punto-de-mira-de-los-legisladores\\\/\",\"url\":\"https:\\\/\\\/worldvapersalliance.com\\\/espana-el-vapeo-en-el-punto-de-mira-de-los-legisladores\\\/\",\"name\":\"Espa\u00f1a: el vapeo en el punto de mira de los legisladores - World Vapers&#039; Alliance\",\"isPartOf\":{\"@id\":\"https:\\\/\\\/worldvapersalliance.com\\\/#website\"},\"primaryImageOfPage\":{\"@id\":\"https:\\\/\\\/worldvapersalliance.com\\\/espana-el-vapeo-en-el-punto-de-mira-de-los-legisladores\\\/#primaryimage\"},\"image\":{\"@id\":\"https:\\\/\\\/worldvapersalliance.com\\\/espana-el-vapeo-en-el-punto-de-mira-de-los-legisladores\\\/#primaryimage\"},\"thumbnailUrl\":\"https:\\\/\\\/worldvapersalliance.com\\\/wp-content\\\/uploads\\\/2022\\\/02\\\/Back_Vaping_Beat_Smoking_Barcelona_Launch.png\",\"datePublished\":\"2022-02-03T19:26:01+00:00\",\"dateModified\":\"2022-04-08T10:29:15+00:00\",\"inLanguage\":\"ro-RO\",\"potentialAction\":[{\"@type\":\"ReadAction\",\"target\":[\"https:\\\/\\\/worldvapersalliance.com\\\/espana-el-vapeo-en-el-punto-de-mira-de-los-legisladores\\\/\"]}]},{\"@type\":\"ImageObject\",\"inLanguage\":\"ro-RO\",\"@id\":\"https:\\\/\\\/worldvapersalliance.com\\\/espana-el-vapeo-en-el-punto-de-mira-de-los-legisladores\\\/#primaryimage\",\"url\":\"https:\\\/\\\/worldvapersalliance.com\\\/wp-content\\\/uploads\\\/2022\\\/02\\\/Back_Vaping_Beat_Smoking_Barcelona_Launch.png\",\"contentUrl\":\"https:\\\/\\\/worldvapersalliance.com\\\/wp-content\\\/uploads\\\/2022\\\/02\\\/Back_Vaping_Beat_Smoking_Barcelona_Launch.png\",\"width\":2081,\"height\":1920},{\"@type\":\"WebSite\",\"@id\":\"https:\\\/\\\/worldvapersalliance.com\\\/#website\",\"url\":\"https:\\\/\\\/worldvapersalliance.com\\\/\",\"name\":\"World Vapers&#039; Alliance\",\"description\":\"The largest community of vapers\",\"publisher\":{\"@id\":\"https:\\\/\\\/worldvapersalliance.com\\\/#organization\"},\"potentialAction\":[{\"@type\":\"SearchAction\",\"target\":{\"@type\":\"EntryPoint\",\"urlTemplate\":\"https:\\\/\\\/worldvapersalliance.com\\\/?s={search_term_string}\"},\"query-input\":{\"@type\":\"PropertyValueSpecification\",\"valueRequired\":true,\"valueName\":\"search_term_string\"}}],\"inLanguage\":\"ro-RO\"},{\"@type\":\"Organization\",\"@id\":\"https:\\\/\\\/worldvapersalliance.com\\\/#organization\",\"name\":\"World Vapers&#039; Alliance\",\"url\":\"https:\\\/\\\/worldvapersalliance.com\\\/\",\"logo\":{\"@type\":\"ImageObject\",\"inLanguage\":\"ro-RO\",\"@id\":\"https:\\\/\\\/worldvapersalliance.com\\\/#\\\/schema\\\/logo\\\/image\\\/\",\"url\":\"https:\\\/\\\/worldvapersalliance.com\\\/wp-content\\\/uploads\\\/2022\\\/01\\\/WVA_RB_Fist_G.png\",\"contentUrl\":\"https:\\\/\\\/worldvapersalliance.com\\\/wp-content\\\/uploads\\\/2022\\\/01\\\/WVA_RB_Fist_G.png\",\"width\":985,\"height\":1177,\"caption\":\"World Vapers&#039; Alliance\"},\"image\":{\"@id\":\"https:\\\/\\\/worldvapersalliance.com\\\/#\\\/schema\\\/logo\\\/image\\\/\"}},{\"@type\":\"Person\",\"@id\":\"https:\\\/\\\/worldvapersalliance.com\\\/#\\\/schema\\\/person\\\/05f663571d787d89a2d5c77c482a6583\",\"name\":\"Michael Landl\",\"image\":{\"@type\":\"ImageObject\",\"inLanguage\":\"ro-RO\",\"@id\":\"https:\\\/\\\/secure.gravatar.com\\\/avatar\\\/1537a11db5ae7fef0631b6c662f439d8a632c50630c980828d0e2c4de581568b?s=96&d=mm&r=g\",\"url\":\"https:\\\/\\\/secure.gravatar.com\\\/avatar\\\/1537a11db5ae7fef0631b6c662f439d8a632c50630c980828d0e2c4de581568b?s=96&d=mm&r=g\",\"contentUrl\":\"https:\\\/\\\/secure.gravatar.com\\\/avatar\\\/1537a11db5ae7fef0631b6c662f439d8a632c50630c980828d0e2c4de581568b?s=96&d=mm&r=g\",\"caption\":\"Michael Landl\"},\"url\":\"https:\\\/\\\/worldvapersalliance.com\\\/ro\\\/author\\\/michael\\\/\"}]}<\/script>\n<!-- \/ Yoast SEO plugin. -->","yoast_head_json":{"title":"Espa\u00f1a: el vapeo en el punto de mira de los legisladores - World Vapers&#039; Alliance","robots":{"index":"index","follow":"follow","max-snippet":"max-snippet:-1","max-image-preview":"max-image-preview:large","max-video-preview":"max-video-preview:-1"},"canonical":"https:\/\/worldvapersalliance.com\/ro\/espana-el-vapeo-en-el-punto-de-mira-de-los-legisladores\/","og_locale":"ro_RO","og_type":"article","og_title":"Espa\u00f1a: el vapeo en el punto de mira de los legisladores - World Vapers&#039; Alliance","og_description":"El Gobierno espa\u00f1ol est\u00e1 a punto de cometer un gran error endureciendo innecesariamente la regulaci\u00f3n sobre el vapeo. De llevarse a cabo los planes del Ministerio de Sanidad, los fumadores tendr\u00e1n que sortear m\u00e1s obst\u00e1culos para dejar el tabaco y la salud p\u00fablica se ver\u00e1 resentida. El Plan de Prevenci\u00f3n y Control del Tabaquismo \u2013 [&hellip;]","og_url":"https:\/\/worldvapersalliance.com\/ro\/espana-el-vapeo-en-el-punto-de-mira-de-los-legisladores\/","og_site_name":"World Vapers&#039; Alliance","article_published_time":"2022-02-03T19:26:01+00:00","article_modified_time":"2022-04-08T10:29:15+00:00","og_image":[{"width":1024,"height":945,"url":"https:\/\/worldvapersalliance.com\/wp-content\/uploads\/2022\/02\/Back_Vaping_Beat_Smoking_Barcelona_Launch-1024x945.png","type":"image\/png"}],"author":"Michael Landl","twitter_card":"summary_large_image","twitter_misc":{"Scris de":"Michael Landl","Timp estimat pentru citire":"5 minute"},"schema":{"@context":"https:\/\/schema.org","@graph":[{"@type":"Article","@id":"https:\/\/worldvapersalliance.com\/espana-el-vapeo-en-el-punto-de-mira-de-los-legisladores\/#article","isPartOf":{"@id":"https:\/\/worldvapersalliance.com\/espana-el-vapeo-en-el-punto-de-mira-de-los-legisladores\/"},"author":{"name":"Michael Landl","@id":"https:\/\/worldvapersalliance.com\/#\/schema\/person\/05f663571d787d89a2d5c77c482a6583"},"headline":"Espa\u00f1a: el vapeo en el punto de mira de los legisladores","datePublished":"2022-02-03T19:26:01+00:00","dateModified":"2022-04-08T10:29:15+00:00","mainEntityOfPage":{"@id":"https:\/\/worldvapersalliance.com\/espana-el-vapeo-en-el-punto-de-mira-de-los-legisladores\/"},"wordCount":984,"commentCount":0,"publisher":{"@id":"https:\/\/worldvapersalliance.com\/#organization"},"image":{"@id":"https:\/\/worldvapersalliance.com\/espana-el-vapeo-en-el-punto-de-mira-de-los-legisladores\/#primaryimage"},"thumbnailUrl":"https:\/\/worldvapersalliance.com\/wp-content\/uploads\/2022\/02\/Back_Vaping_Beat_Smoking_Barcelona_Launch.png","articleSection":["Blog"],"inLanguage":"ro-RO","potentialAction":[{"@type":"CommentAction","name":"Comment","target":["https:\/\/worldvapersalliance.com\/espana-el-vapeo-en-el-punto-de-mira-de-los-legisladores\/#respond"]}]},{"@type":"WebPage","@id":"https:\/\/worldvapersalliance.com\/espana-el-vapeo-en-el-punto-de-mira-de-los-legisladores\/","url":"https:\/\/worldvapersalliance.com\/espana-el-vapeo-en-el-punto-de-mira-de-los-legisladores\/","name":"Espa\u00f1a: el vapeo en el punto de mira de los legisladores - World Vapers&#039; Alliance","isPartOf":{"@id":"https:\/\/worldvapersalliance.com\/#website"},"primaryImageOfPage":{"@id":"https:\/\/worldvapersalliance.com\/espana-el-vapeo-en-el-punto-de-mira-de-los-legisladores\/#primaryimage"},"image":{"@id":"https:\/\/worldvapersalliance.com\/espana-el-vapeo-en-el-punto-de-mira-de-los-legisladores\/#primaryimage"},"thumbnailUrl":"https:\/\/worldvapersalliance.com\/wp-content\/uploads\/2022\/02\/Back_Vaping_Beat_Smoking_Barcelona_Launch.png","datePublished":"2022-02-03T19:26:01+00:00","dateModified":"2022-04-08T10:29:15+00:00","inLanguage":"ro-RO","potentialAction":[{"@type":"ReadAction","target":["https:\/\/worldvapersalliance.com\/espana-el-vapeo-en-el-punto-de-mira-de-los-legisladores\/"]}]},{"@type":"ImageObject","inLanguage":"ro-RO","@id":"https:\/\/worldvapersalliance.com\/espana-el-vapeo-en-el-punto-de-mira-de-los-legisladores\/#primaryimage","url":"https:\/\/worldvapersalliance.com\/wp-content\/uploads\/2022\/02\/Back_Vaping_Beat_Smoking_Barcelona_Launch.png","contentUrl":"https:\/\/worldvapersalliance.com\/wp-content\/uploads\/2022\/02\/Back_Vaping_Beat_Smoking_Barcelona_Launch.png","width":2081,"height":1920},{"@type":"WebSite","@id":"https:\/\/worldvapersalliance.com\/#website","url":"https:\/\/worldvapersalliance.com\/","name":"Alian\u021ba Mondial\u0103 a Vaporatorilor","description":"Cea mai mare comunitate de vapoare","publisher":{"@id":"https:\/\/worldvapersalliance.com\/#organization"},"potentialAction":[{"@type":"SearchAction","target":{"@type":"EntryPoint","urlTemplate":"https:\/\/worldvapersalliance.com\/?s={search_term_string}"},"query-input":{"@type":"PropertyValueSpecification","valueRequired":true,"valueName":"search_term_string"}}],"inLanguage":"ro-RO"},{"@type":"Organization","@id":"https:\/\/worldvapersalliance.com\/#organization","name":"Alian\u021ba Mondial\u0103 a Vaporatorilor","url":"https:\/\/worldvapersalliance.com\/","logo":{"@type":"ImageObject","inLanguage":"ro-RO","@id":"https:\/\/worldvapersalliance.com\/#\/schema\/logo\/image\/","url":"https:\/\/worldvapersalliance.com\/wp-content\/uploads\/2022\/01\/WVA_RB_Fist_G.png","contentUrl":"https:\/\/worldvapersalliance.com\/wp-content\/uploads\/2022\/01\/WVA_RB_Fist_G.png","width":985,"height":1177,"caption":"World Vapers&#039; Alliance"},"image":{"@id":"https:\/\/worldvapersalliance.com\/#\/schema\/logo\/image\/"}},{"@type":"Person","@id":"https:\/\/worldvapersalliance.com\/#\/schema\/person\/05f663571d787d89a2d5c77c482a6583","name":"Michael Landl","image":{"@type":"ImageObject","inLanguage":"ro-RO","@id":"https:\/\/secure.gravatar.com\/avatar\/1537a11db5ae7fef0631b6c662f439d8a632c50630c980828d0e2c4de581568b?s=96&d=mm&r=g","url":"https:\/\/secure.gravatar.com\/avatar\/1537a11db5ae7fef0631b6c662f439d8a632c50630c980828d0e2c4de581568b?s=96&d=mm&r=g","contentUrl":"https:\/\/secure.gravatar.com\/avatar\/1537a11db5ae7fef0631b6c662f439d8a632c50630c980828d0e2c4de581568b?s=96&d=mm&r=g","caption":"Michael Landl"},"url":"https:\/\/worldvapersalliance.com\/ro\/author\/michael\/"}]}},"_links":{"self":[{"href":"https:\/\/worldvapersalliance.com\/ro\/wp-json\/wp\/v2\/posts\/1031","targetHints":{"allow":["GET"]}}],"collection":[{"href":"https:\/\/worldvapersalliance.com\/ro\/wp-json\/wp\/v2\/posts"}],"about":[{"href":"https:\/\/worldvapersalliance.com\/ro\/wp-json\/wp\/v2\/types\/post"}],"author":[{"embeddable":true,"href":"https:\/\/worldvapersalliance.com\/ro\/wp-json\/wp\/v2\/users\/4"}],"replies":[{"embeddable":true,"href":"https:\/\/worldvapersalliance.com\/ro\/wp-json\/wp\/v2\/comments?post=1031"}],"version-history":[{"count":0,"href":"https:\/\/worldvapersalliance.com\/ro\/wp-json\/wp\/v2\/posts\/1031\/revisions"}],"wp:featuredmedia":[{"embeddable":true,"href":"https:\/\/worldvapersalliance.com\/ro\/wp-json\/wp\/v2\/media\/1037"}],"wp:attachment":[{"href":"https:\/\/worldvapersalliance.com\/ro\/wp-json\/wp\/v2\/media?parent=1031"}],"wp:term":[{"taxonomy":"category","embeddable":true,"href":"https:\/\/worldvapersalliance.com\/ro\/wp-json\/wp\/v2\/categories?post=1031"},{"taxonomy":"post_tag","embeddable":true,"href":"https:\/\/worldvapersalliance.com\/ro\/wp-json\/wp\/v2\/tags?post=1031"}],"curies":[{"name":"wp","href":"https:\/\/api.w.org\/{rel}","templated":true}]}}