{"id":1024,"date":"2022-02-22T14:32:58","date_gmt":"2022-02-22T19:32:58","guid":{"rendered":"https:\/\/cccwva.wpengine.com\/?p=1024"},"modified":"2022-04-09T03:19:47","modified_gmt":"2022-04-09T07:19:47","slug":"the-eu-endorses-vapes-as-part-of-europes-beating-cancer-plan","status":"publish","type":"post","link":"https:\/\/worldvapersalliance.com\/ro\/the-eu-endorses-vapes-as-part-of-europes-beating-cancer-plan\/","title":{"rendered":"UE sus\u021bine utilizarea \u021big\u0103rilor electronice ca parte a Planului european de combatere a cancerului"},"content":{"rendered":"<p><em>S\u0103pt\u0103m\u00e2na trecut\u0103, Parlamentul European a votat pentru adoptarea Planului european de combatere a cancerului, a\u0219a cum a fost propus de Comitetul special pentru combaterea cancerului.\u00a0<\/em><\/p>\r\n\r\n\r\n\r\n<p>Votul a avut loc pe 16 februarie \u0219i este prima dat\u0103 c\u00e2nd institu\u021bia european\u0103 a recunoscut public poten\u021bialul produselor de vaping ca instrumente pentru renun\u021barea la fumat. Pe de alt\u0103 parte, a eviden\u021biat un comunicat de pres\u0103 al\u00a0<a href=\"https:\/\/www.vapingpost.com\/2021\/05\/03\/wva-urges-policymakers-to-differentiate-between-vaping-and-smoking\/\">Alian\u021ba Mondial\u0103 a Vaporatorilor<\/a>\u00a0(WVA), deputa\u021bii europeni nu au exclus posibile interdic\u021bii viitoare privind aromele. Aceasta \u00een ciuda faptului c\u0103 \u0219tiin\u021ba a dovedit c\u0103 produsele aromate sunt esen\u021biale \u00een atragerea fum\u0103torilor s\u0103 treac\u0103 de la \u021big\u0103ri la alternative mai sigure.<\/p>\r\n\r\n\r\n\r\n<p>Coment\u00e2nd aceast\u0103 evolu\u021bie, directorul WVA, Michael Landl, a declarat c\u0103 acest prim pas este esen\u021bial \u00een crearea unei schimb\u0103ri c\u0103tre reducerea daunelor cauzate de tutun. \u201c\u00cen sf\u00e2r\u0219it, o institu\u021bie a UE recunoa\u0219te c\u0103 vapatul \u00eei ajut\u0103 pe fum\u0103tori s\u0103 renun\u021be. Acesta este un pas semnificativ \u00eenainte \u00een lupta noastr\u0103 de a salva vie\u021bi prin reducerea daunelor cauzate de fumat. Aceasta demonstreaz\u0103 puterea vocii consumatorilor individuali care se unesc. Acum este r\u00e2ndul Comisiei s\u0103 nu mai ignore \u0219tiin\u021ba \u0219i experien\u021ba a milioane de consumatori.\u201d<\/p>\r\n\r\n\r\n\r\n<h2 class=\"wp-block-heading\" id=\"will-this-vote-influence-the-tpd\">Va influen\u021ba acest vot TPD?<\/h2>\r\n\r\n\r\n\r\n<p>Discut\u00e2nd faptul c\u0103 deputa\u021bii europeni au solicitat ca produsele aromate s\u0103 fie etichetate ca fiind \u201catr\u0103g\u0103toare pentru copii\u201d, pre\u0219edintele<a href=\"https:\/\/www.anpvu.it\/\">\u00a0ANPVU Italia<\/a>\u00a0\u0218i membrul Consiliului Consultativ al WVA, Carmine Canino, a declarat c\u0103 datele au ar\u0103tat clar consecin\u021bele interdic\u021biilor privind aromele. \u201cOamenii de \u0219tiin\u021b\u0103, exper\u021bii \u00een reducerea riscurilor, precum \u0219i consumatorii au fost clari \u00een ceea ce prive\u0219te consecin\u021bele negative ale interzicerii sau chiar restric\u021bion\u0103rii aromelor. Cercet\u0103rile au ar\u0103tat \u00een repetate r\u00e2nduri c\u0103 aromele sunt esen\u021biale pentru reducerea fumatului \u00een r\u00e2ndul adul\u021bilor. Avem nevoie ca factorii no\u0219tri de decizie s\u0103 asculte \u0219i s\u0103 ac\u021bioneze.\u201d<\/p>\r\n\r\n\r\n\r\n<p>Landl a ad\u0103ugat c\u0103 acestea sunt \u00eenc\u0103 la \u00eenceput \u0219i c\u0103 r\u0103m\u00e2ne de v\u0103zut dac\u0103 acest vot va avea vreun impact asupra...\u00a0<a href=\"https:\/\/www.vapingpost.com\/2021\/12\/09\/eu-tpd-ignores-swedens-successful-strategy-which-led-to-a-smokefree-nation\/\">Directiva privind produsele din tutun<\/a>\u00a0(TPD). \u201cEste esen\u021bial ca exper\u021bii \u0219i consumatorii s\u0103 continue s\u0103 \u00ee\u0219i fac\u0103 auzite vocile. Sper\u0103m c\u0103 viitoarele propuneri ale Comisiei vor recunoa\u0219te reducerea riscurilor. Vom continua s\u0103 pled\u0103m pentru membrii no\u0219tri, asigur\u00e2ndu-ne c\u0103 vocile lor sunt auzite\u201d, a concluzionat Landl.<\/p>\r\n\r\n\r\n\r\n<p><a href=\"https:\/\/www.vapingpost.com\/2022\/02\/22\/the-eu-endorses-vapes-as-part-of-europes-beating-cancer-plan\/\">Publicat ini\u021bial aici.<\/a><\/p>","protected":false},"excerpt":{"rendered":"<p>Last week, the European Parliament voted to adopt Europe\u2019s Beating Cancer Plan as proposed by the Special Committee on Beating Cancer.\u00a0 The voting took place on the 16th of February and this is the first time that the European institution has publicly acknowledged the potential of vaping products as smoking cessation tools. On the other [&hellip;]<\/p>\n","protected":false},"author":7,"featured_media":6394,"comment_status":"open","ping_status":"open","sticky":false,"template":"","format":"standard","meta":{"footnotes":""},"categories":[15],"tags":[],"class_list":["post-1024","post","type-post","status-publish","format-standard","has-post-thumbnail","hentry","category-wva-in-the-news"],"yoast_head":"<!-- This site is optimized with the Yoast SEO plugin v27.3 - https:\/\/yoast.com\/product\/yoast-seo-wordpress\/ -->\n<title>The EU endorses vapes as part of Europe&#039;s Beating Cancer Plan - World Vapers&#039; Alliance<\/title>\n<meta name=\"robots\" content=\"index, follow, max-snippet:-1, max-image-preview:large, max-video-preview:-1\" \/>\n<link rel=\"canonical\" href=\"https:\/\/worldvapersalliance.com\/ro\/the-eu-endorses-vapes-as-part-of-europes-beating-cancer-plan\/\" \/>\n<meta property=\"og:locale\" content=\"ro_RO\" \/>\n<meta property=\"og:type\" content=\"article\" \/>\n<meta property=\"og:title\" content=\"The EU endorses vapes as part of Europe&#039;s Beating Cancer Plan - World Vapers&#039; Alliance\" \/>\n<meta property=\"og:description\" content=\"Last week, the European Parliament voted to adopt Europe\u2019s Beating Cancer Plan as proposed by the Special Committee on Beating Cancer.\u00a0 The voting took place on the 16th of February and this is the first time that the European institution has publicly acknowledged the potential of vaping products as smoking cessation tools. On the other [&hellip;]\" \/>\n<meta property=\"og:url\" content=\"https:\/\/worldvapersalliance.com\/ro\/the-eu-endorses-vapes-as-part-of-europes-beating-cancer-plan\/\" \/>\n<meta property=\"og:site_name\" content=\"World Vapers&#039; Alliance\" \/>\n<meta property=\"article:published_time\" content=\"2022-02-22T19:32:58+00:00\" \/>\n<meta property=\"article:modified_time\" content=\"2022-04-09T07:19:47+00:00\" \/>\n<meta property=\"og:image\" content=\"https:\/\/worldvapersalliance.com\/wp-content\/uploads\/2022\/03\/World_Vapers_Alliance_Logo_White_Stripes.png\" \/>\n\t<meta property=\"og:image:width\" content=\"2081\" \/>\n\t<meta property=\"og:image:height\" content=\"1920\" \/>\n\t<meta property=\"og:image:type\" content=\"image\/png\" \/>\n<meta name=\"author\" content=\"Fabio Fernandes\" \/>\n<meta name=\"twitter:card\" content=\"summary_large_image\" \/>\n<meta name=\"twitter:label1\" content=\"Scris de\" \/>\n\t<meta name=\"twitter:data1\" content=\"Fabio Fernandes\" \/>\n\t<meta name=\"twitter:label2\" content=\"Timp estimat pentru citire\" \/>\n\t<meta name=\"twitter:data2\" content=\"2 minute\" \/>\n<script type=\"application\/ld+json\" class=\"yoast-schema-graph\">{\"@context\":\"https:\\\/\\\/schema.org\",\"@graph\":[{\"@type\":\"Article\",\"@id\":\"https:\\\/\\\/worldvapersalliance.com\\\/the-eu-endorses-vapes-as-part-of-europes-beating-cancer-plan\\\/#article\",\"isPartOf\":{\"@id\":\"https:\\\/\\\/worldvapersalliance.com\\\/the-eu-endorses-vapes-as-part-of-europes-beating-cancer-plan\\\/\"},\"author\":{\"name\":\"Fabio Fernandes\",\"@id\":\"https:\\\/\\\/worldvapersalliance.com\\\/#\\\/schema\\\/person\\\/216fd3755694b5cf40a75104b7567982\"},\"headline\":\"The EU endorses vapes as part of Europe&#8217;s Beating Cancer Plan\",\"datePublished\":\"2022-02-22T19:32:58+00:00\",\"dateModified\":\"2022-04-09T07:19:47+00:00\",\"mainEntityOfPage\":{\"@id\":\"https:\\\/\\\/worldvapersalliance.com\\\/the-eu-endorses-vapes-as-part-of-europes-beating-cancer-plan\\\/\"},\"wordCount\":351,\"commentCount\":0,\"publisher\":{\"@id\":\"https:\\\/\\\/worldvapersalliance.com\\\/#organization\"},\"image\":{\"@id\":\"https:\\\/\\\/worldvapersalliance.com\\\/the-eu-endorses-vapes-as-part-of-europes-beating-cancer-plan\\\/#primaryimage\"},\"thumbnailUrl\":\"https:\\\/\\\/worldvapersalliance.com\\\/wp-content\\\/uploads\\\/2025\\\/08\\\/WVA-in-the-news.png\",\"articleSection\":[\"WVA in the News\"],\"inLanguage\":\"ro-RO\",\"potentialAction\":[{\"@type\":\"CommentAction\",\"name\":\"Comment\",\"target\":[\"https:\\\/\\\/worldvapersalliance.com\\\/the-eu-endorses-vapes-as-part-of-europes-beating-cancer-plan\\\/#respond\"]}]},{\"@type\":\"WebPage\",\"@id\":\"https:\\\/\\\/worldvapersalliance.com\\\/the-eu-endorses-vapes-as-part-of-europes-beating-cancer-plan\\\/\",\"url\":\"https:\\\/\\\/worldvapersalliance.com\\\/the-eu-endorses-vapes-as-part-of-europes-beating-cancer-plan\\\/\",\"name\":\"The EU endorses vapes as part of Europe's Beating Cancer Plan - World Vapers&#039; Alliance\",\"isPartOf\":{\"@id\":\"https:\\\/\\\/worldvapersalliance.com\\\/#website\"},\"primaryImageOfPage\":{\"@id\":\"https:\\\/\\\/worldvapersalliance.com\\\/the-eu-endorses-vapes-as-part-of-europes-beating-cancer-plan\\\/#primaryimage\"},\"image\":{\"@id\":\"https:\\\/\\\/worldvapersalliance.com\\\/the-eu-endorses-vapes-as-part-of-europes-beating-cancer-plan\\\/#primaryimage\"},\"thumbnailUrl\":\"https:\\\/\\\/worldvapersalliance.com\\\/wp-content\\\/uploads\\\/2025\\\/08\\\/WVA-in-the-news.png\",\"datePublished\":\"2022-02-22T19:32:58+00:00\",\"dateModified\":\"2022-04-09T07:19:47+00:00\",\"inLanguage\":\"ro-RO\",\"potentialAction\":[{\"@type\":\"ReadAction\",\"target\":[\"https:\\\/\\\/worldvapersalliance.com\\\/the-eu-endorses-vapes-as-part-of-europes-beating-cancer-plan\\\/\"]}]},{\"@type\":\"ImageObject\",\"inLanguage\":\"ro-RO\",\"@id\":\"https:\\\/\\\/worldvapersalliance.com\\\/the-eu-endorses-vapes-as-part-of-europes-beating-cancer-plan\\\/#primaryimage\",\"url\":\"https:\\\/\\\/worldvapersalliance.com\\\/wp-content\\\/uploads\\\/2025\\\/08\\\/WVA-in-the-news.png\",\"contentUrl\":\"https:\\\/\\\/worldvapersalliance.com\\\/wp-content\\\/uploads\\\/2025\\\/08\\\/WVA-in-the-news.png\",\"width\":1264,\"height\":848},{\"@type\":\"WebSite\",\"@id\":\"https:\\\/\\\/worldvapersalliance.com\\\/#website\",\"url\":\"https:\\\/\\\/worldvapersalliance.com\\\/\",\"name\":\"World Vapers&#039; Alliance\",\"description\":\"The largest community of vapers\",\"publisher\":{\"@id\":\"https:\\\/\\\/worldvapersalliance.com\\\/#organization\"},\"potentialAction\":[{\"@type\":\"SearchAction\",\"target\":{\"@type\":\"EntryPoint\",\"urlTemplate\":\"https:\\\/\\\/worldvapersalliance.com\\\/?s={search_term_string}\"},\"query-input\":{\"@type\":\"PropertyValueSpecification\",\"valueRequired\":true,\"valueName\":\"search_term_string\"}}],\"inLanguage\":\"ro-RO\"},{\"@type\":\"Organization\",\"@id\":\"https:\\\/\\\/worldvapersalliance.com\\\/#organization\",\"name\":\"World Vapers&#039; Alliance\",\"url\":\"https:\\\/\\\/worldvapersalliance.com\\\/\",\"logo\":{\"@type\":\"ImageObject\",\"inLanguage\":\"ro-RO\",\"@id\":\"https:\\\/\\\/worldvapersalliance.com\\\/#\\\/schema\\\/logo\\\/image\\\/\",\"url\":\"https:\\\/\\\/worldvapersalliance.com\\\/wp-content\\\/uploads\\\/2022\\\/01\\\/WVA_RB_Fist_G.png\",\"contentUrl\":\"https:\\\/\\\/worldvapersalliance.com\\\/wp-content\\\/uploads\\\/2022\\\/01\\\/WVA_RB_Fist_G.png\",\"width\":985,\"height\":1177,\"caption\":\"World Vapers&#039; Alliance\"},\"image\":{\"@id\":\"https:\\\/\\\/worldvapersalliance.com\\\/#\\\/schema\\\/logo\\\/image\\\/\"}},{\"@type\":\"Person\",\"@id\":\"https:\\\/\\\/worldvapersalliance.com\\\/#\\\/schema\\\/person\\\/216fd3755694b5cf40a75104b7567982\",\"name\":\"Fabio Fernandes\",\"image\":{\"@type\":\"ImageObject\",\"inLanguage\":\"ro-RO\",\"@id\":\"https:\\\/\\\/secure.gravatar.com\\\/avatar\\\/d8016ed50889fcf1724876c34d4add2dafff82d053be50f8406714cfd387b500?s=96&d=mm&r=g\",\"url\":\"https:\\\/\\\/secure.gravatar.com\\\/avatar\\\/d8016ed50889fcf1724876c34d4add2dafff82d053be50f8406714cfd387b500?s=96&d=mm&r=g\",\"contentUrl\":\"https:\\\/\\\/secure.gravatar.com\\\/avatar\\\/d8016ed50889fcf1724876c34d4add2dafff82d053be50f8406714cfd387b500?s=96&d=mm&r=g\",\"caption\":\"Fabio Fernandes\"},\"url\":\"https:\\\/\\\/worldvapersalliance.com\\\/ro\\\/author\\\/fabio\\\/\"}]}<\/script>\n<!-- \/ Yoast SEO plugin. -->","yoast_head_json":{"title":"UE sus\u021bine utilizarea \u021big\u0103rilor electronice (vape) ca parte a Planului European de Combatere a Cancerului - Alian\u021ba Mondial\u0103 a Vapers","robots":{"index":"index","follow":"follow","max-snippet":"max-snippet:-1","max-image-preview":"max-image-preview:large","max-video-preview":"max-video-preview:-1"},"canonical":"https:\/\/worldvapersalliance.com\/ro\/the-eu-endorses-vapes-as-part-of-europes-beating-cancer-plan\/","og_locale":"ro_RO","og_type":"article","og_title":"The EU endorses vapes as part of Europe's Beating Cancer Plan - World Vapers&#039; Alliance","og_description":"Last week, the European Parliament voted to adopt Europe\u2019s Beating Cancer Plan as proposed by the Special Committee on Beating Cancer.\u00a0 The voting took place on the 16th of February and this is the first time that the European institution has publicly acknowledged the potential of vaping products as smoking cessation tools. On the other [&hellip;]","og_url":"https:\/\/worldvapersalliance.com\/ro\/the-eu-endorses-vapes-as-part-of-europes-beating-cancer-plan\/","og_site_name":"World Vapers&#039; Alliance","article_published_time":"2022-02-22T19:32:58+00:00","article_modified_time":"2022-04-09T07:19:47+00:00","og_image":[{"width":2081,"height":1920,"url":"https:\/\/worldvapersalliance.com\/wp-content\/uploads\/2022\/03\/World_Vapers_Alliance_Logo_White_Stripes.png","type":"image\/png"}],"author":"Fabio Fernandes","twitter_card":"summary_large_image","twitter_misc":{"Scris de":"Fabio Fernandes","Timp estimat pentru citire":"2 minute"},"schema":{"@context":"https:\/\/schema.org","@graph":[{"@type":"Article","@id":"https:\/\/worldvapersalliance.com\/the-eu-endorses-vapes-as-part-of-europes-beating-cancer-plan\/#article","isPartOf":{"@id":"https:\/\/worldvapersalliance.com\/the-eu-endorses-vapes-as-part-of-europes-beating-cancer-plan\/"},"author":{"name":"Fabio Fernandes","@id":"https:\/\/worldvapersalliance.com\/#\/schema\/person\/216fd3755694b5cf40a75104b7567982"},"headline":"The EU endorses vapes as part of Europe&#8217;s Beating Cancer Plan","datePublished":"2022-02-22T19:32:58+00:00","dateModified":"2022-04-09T07:19:47+00:00","mainEntityOfPage":{"@id":"https:\/\/worldvapersalliance.com\/the-eu-endorses-vapes-as-part-of-europes-beating-cancer-plan\/"},"wordCount":351,"commentCount":0,"publisher":{"@id":"https:\/\/worldvapersalliance.com\/#organization"},"image":{"@id":"https:\/\/worldvapersalliance.com\/the-eu-endorses-vapes-as-part-of-europes-beating-cancer-plan\/#primaryimage"},"thumbnailUrl":"https:\/\/worldvapersalliance.com\/wp-content\/uploads\/2025\/08\/WVA-in-the-news.png","articleSection":["WVA in the News"],"inLanguage":"ro-RO","potentialAction":[{"@type":"CommentAction","name":"Comment","target":["https:\/\/worldvapersalliance.com\/the-eu-endorses-vapes-as-part-of-europes-beating-cancer-plan\/#respond"]}]},{"@type":"WebPage","@id":"https:\/\/worldvapersalliance.com\/the-eu-endorses-vapes-as-part-of-europes-beating-cancer-plan\/","url":"https:\/\/worldvapersalliance.com\/the-eu-endorses-vapes-as-part-of-europes-beating-cancer-plan\/","name":"UE sus\u021bine utilizarea \u021big\u0103rilor electronice (vape) ca parte a Planului European de Combatere a Cancerului - Alian\u021ba Mondial\u0103 a Vapers","isPartOf":{"@id":"https:\/\/worldvapersalliance.com\/#website"},"primaryImageOfPage":{"@id":"https:\/\/worldvapersalliance.com\/the-eu-endorses-vapes-as-part-of-europes-beating-cancer-plan\/#primaryimage"},"image":{"@id":"https:\/\/worldvapersalliance.com\/the-eu-endorses-vapes-as-part-of-europes-beating-cancer-plan\/#primaryimage"},"thumbnailUrl":"https:\/\/worldvapersalliance.com\/wp-content\/uploads\/2025\/08\/WVA-in-the-news.png","datePublished":"2022-02-22T19:32:58+00:00","dateModified":"2022-04-09T07:19:47+00:00","inLanguage":"ro-RO","potentialAction":[{"@type":"ReadAction","target":["https:\/\/worldvapersalliance.com\/the-eu-endorses-vapes-as-part-of-europes-beating-cancer-plan\/"]}]},{"@type":"ImageObject","inLanguage":"ro-RO","@id":"https:\/\/worldvapersalliance.com\/the-eu-endorses-vapes-as-part-of-europes-beating-cancer-plan\/#primaryimage","url":"https:\/\/worldvapersalliance.com\/wp-content\/uploads\/2025\/08\/WVA-in-the-news.png","contentUrl":"https:\/\/worldvapersalliance.com\/wp-content\/uploads\/2025\/08\/WVA-in-the-news.png","width":1264,"height":848},{"@type":"WebSite","@id":"https:\/\/worldvapersalliance.com\/#website","url":"https:\/\/worldvapersalliance.com\/","name":"Alian\u021ba Mondial\u0103 a Vaporatorilor","description":"Cea mai mare comunitate de vapoare","publisher":{"@id":"https:\/\/worldvapersalliance.com\/#organization"},"potentialAction":[{"@type":"SearchAction","target":{"@type":"EntryPoint","urlTemplate":"https:\/\/worldvapersalliance.com\/?s={search_term_string}"},"query-input":{"@type":"PropertyValueSpecification","valueRequired":true,"valueName":"search_term_string"}}],"inLanguage":"ro-RO"},{"@type":"Organization","@id":"https:\/\/worldvapersalliance.com\/#organization","name":"Alian\u021ba Mondial\u0103 a Vaporatorilor","url":"https:\/\/worldvapersalliance.com\/","logo":{"@type":"ImageObject","inLanguage":"ro-RO","@id":"https:\/\/worldvapersalliance.com\/#\/schema\/logo\/image\/","url":"https:\/\/worldvapersalliance.com\/wp-content\/uploads\/2022\/01\/WVA_RB_Fist_G.png","contentUrl":"https:\/\/worldvapersalliance.com\/wp-content\/uploads\/2022\/01\/WVA_RB_Fist_G.png","width":985,"height":1177,"caption":"World Vapers&#039; Alliance"},"image":{"@id":"https:\/\/worldvapersalliance.com\/#\/schema\/logo\/image\/"}},{"@type":"Person","@id":"https:\/\/worldvapersalliance.com\/#\/schema\/person\/216fd3755694b5cf40a75104b7567982","name":"Fabio Fernandes","image":{"@type":"ImageObject","inLanguage":"ro-RO","@id":"https:\/\/secure.gravatar.com\/avatar\/d8016ed50889fcf1724876c34d4add2dafff82d053be50f8406714cfd387b500?s=96&d=mm&r=g","url":"https:\/\/secure.gravatar.com\/avatar\/d8016ed50889fcf1724876c34d4add2dafff82d053be50f8406714cfd387b500?s=96&d=mm&r=g","contentUrl":"https:\/\/secure.gravatar.com\/avatar\/d8016ed50889fcf1724876c34d4add2dafff82d053be50f8406714cfd387b500?s=96&d=mm&r=g","caption":"Fabio Fernandes"},"url":"https:\/\/worldvapersalliance.com\/ro\/author\/fabio\/"}]}},"_links":{"self":[{"href":"https:\/\/worldvapersalliance.com\/ro\/wp-json\/wp\/v2\/posts\/1024","targetHints":{"allow":["GET"]}}],"collection":[{"href":"https:\/\/worldvapersalliance.com\/ro\/wp-json\/wp\/v2\/posts"}],"about":[{"href":"https:\/\/worldvapersalliance.com\/ro\/wp-json\/wp\/v2\/types\/post"}],"author":[{"embeddable":true,"href":"https:\/\/worldvapersalliance.com\/ro\/wp-json\/wp\/v2\/users\/7"}],"replies":[{"embeddable":true,"href":"https:\/\/worldvapersalliance.com\/ro\/wp-json\/wp\/v2\/comments?post=1024"}],"version-history":[{"count":0,"href":"https:\/\/worldvapersalliance.com\/ro\/wp-json\/wp\/v2\/posts\/1024\/revisions"}],"wp:featuredmedia":[{"embeddable":true,"href":"https:\/\/worldvapersalliance.com\/ro\/wp-json\/wp\/v2\/media\/6394"}],"wp:attachment":[{"href":"https:\/\/worldvapersalliance.com\/ro\/wp-json\/wp\/v2\/media?parent=1024"}],"wp:term":[{"taxonomy":"category","embeddable":true,"href":"https:\/\/worldvapersalliance.com\/ro\/wp-json\/wp\/v2\/categories?post=1024"},{"taxonomy":"post_tag","embeddable":true,"href":"https:\/\/worldvapersalliance.com\/ro\/wp-json\/wp\/v2\/tags?post=1024"}],"curies":[{"name":"wp","href":"https:\/\/api.w.org\/{rel}","templated":true}]}}