{"id":6731,"date":"2026-02-05T07:34:27","date_gmt":"2026-02-05T12:34:27","guid":{"rendered":"https:\/\/worldvapersalliance.com\/?p=6731"},"modified":"2026-02-05T07:34:27","modified_gmt":"2026-02-05T12:34:27","slug":"does-the-eu-commission-think-your-opinion-doesnt-count","status":"publish","type":"post","link":"https:\/\/worldvapersalliance.com\/pt\/does-the-eu-commission-think-your-opinion-doesnt-count\/","title":{"rendered":"Ser\u00e1 que a Comiss\u00e3o Europeia acha que a sua opini\u00e3o n\u00e3o conta?"},"content":{"rendered":"<p><span style=\"font-weight: 400;\">Quando a Comiss\u00e3o Europeia fala sobre \u201c<\/span><a href=\"https:\/\/commission.europa.eu\/law\/law-making-process\/better-regulation\/better-regulation-guidelines-and-toolbox_en\" target=\"_blank\" rel=\"noopener\"><span style=\"font-weight: 400;\">Melhor regulamenta\u00e7\u00e3o<\/span><\/a><span style=\"font-weight: 400;\">,A proposta promete leis mais inteligentes, maior transpar\u00eancia e um papel central para os cidad\u00e3os. Na pr\u00e1tica, por\u00e9m, as pessoas comuns que dedicam tempo a participar das consultas da UE muitas vezes descobrem algo bem diferente: suas vozes s\u00e3o marginalizadas, desacreditadas ou simplesmente ignoradas. A Alian\u00e7a Mundial dos Cigarros Eletr\u00f4nicos (WVA) acaba de responder \u00e0 proposta da Comiss\u00e3o. <\/span><a href=\"https:\/\/ec.europa.eu\/info\/law\/better-regulation\/have-your-say\/initiatives\/16232-Communication-on-better-regulation\/F33370929_en\" target=\"_blank\" rel=\"noopener\"><span style=\"font-weight: 400;\">apelo por provas<\/span><\/a><span style=\"font-weight: 400;\"> Em suas diretrizes para uma melhor regulamenta\u00e7\u00e3o, o objetivo \u00e9 destacar uma mensagem simples: n\u00e3o se pode chamar algo de &quot;melhor&quot; se voc\u00ea excluir as pessoas que vivem com as consequ\u00eancias.<\/span><\/p>\n<p><b>Os cidad\u00e3os n\u00e3o s\u00e3o uma caixinha para marcar.<\/b><\/p>\n<p><span style=\"font-weight: 400;\">Como movimento de consumidores, a WVA representa dezenas de milhares de usu\u00e1rios de produtos de nicotina menos nocivos em toda a Europa. Muitos deles trocaram o cigarro pelo vape ou pelas bolsas de nicotina e querem que sua experi\u00eancia influencie a formula\u00e7\u00e3o de pol\u00edticas da UE. Eles respondem a consultas p\u00fablicas, escrevem para seus eurodeputados e participam de campanhas porque a UE convida explicitamente os cidad\u00e3os a participar.<\/span><\/p>\n<p><span style=\"font-weight: 400;\">No entanto, h\u00e1 uma crescente sensa\u00e7\u00e3o de que esses esfor\u00e7os s\u00e3o tratados como uma mera formalidade. Consultas p\u00fablicas e pedidos de informa\u00e7\u00f5es s\u00e3o, com muita frequ\u00eancia, tratados como etapas administrativas a serem cumpridas, em vez de uma tentativa genu\u00edna de ouvir a opini\u00e3o dos cidad\u00e3os. Quando as respostas est\u00e3o alinhadas com o que a Comiss\u00e3o j\u00e1 pretendia fazer, s\u00e3o recebidas como &quot;apoio&quot;. Quando n\u00e3o est\u00e3o, s\u00e3o discretamente descartadas ou reformuladas como se fossem de alguma forma menos leg\u00edtimas.<\/span><\/p>\n<p><span style=\"font-weight: 400;\">Para a WVA, isso n\u00e3o \u00e9 um detalhe processual \u2013 \u00e9 um problema democr\u00e1tico. Se as pessoas investem tempo e energia participando, apenas para verem suas opini\u00f5es descartadas por serem consideradas inconvenientes, por que continuariam a se engajar? Um sistema de Melhor Regulamenta\u00e7\u00e3o que desmotiva os cidad\u00e3os est\u00e1 falhando em sua fun\u00e7\u00e3o mais b\u00e1sica.<\/span><\/p>\n<p><b>Da consulta \u00e0 aprova\u00e7\u00e3o final<\/b><\/p>\n<p><span style=\"font-weight: 400;\">Nossa experi\u00eancia em pol\u00edticas sobre tabaco e nicotina demonstra como isso se reflete na pr\u00e1tica. Consultas p\u00fablicas, avalia\u00e7\u00f5es de impacto e relat\u00f3rios de avalia\u00e7\u00e3o s\u00e3o etapas obrigat\u00f3rias que a Comiss\u00e3o Europeia precisa seguir, e deveriam moldar as op\u00e7\u00f5es pol\u00edticas. Em vez disso, muitas vezes parecem ser elaborados depois que as principais decis\u00f5es pol\u00edticas j\u00e1 foram tomadas e usados para justificar uma linha j\u00e1 definida, em vez de question\u00e1-la.<\/span><\/p>\n<p><span style=\"font-weight: 400;\">Em diversos processos relacionados ao tabaco e \u00e0 nicotina, cidad\u00e3os e grupos de consumidores enviaram um grande n\u00famero de respostas contr\u00e1rias a restri\u00e7\u00f5es mais severas a alternativas menos nocivas, como cigarros eletr\u00f4nicos e sach\u00eas de nicotina. Em vez de provocar uma reconsidera\u00e7\u00e3o, essa oposi\u00e7\u00e3o \u00e9 frequentemente ignorada: os respondentes s\u00e3o rotulados como &quot;apoiadores da ind\u00fastria&quot;, falsos ou rob\u00f4s, suas experi\u00eancias de abandono do tabagismo s\u00e3o tratadas como aned\u00f3ticas e as propostas seguem adiante praticamente sem altera\u00e7\u00f5es.\u00a0<\/span><\/p>\n<p><span style=\"font-weight: 400;\">O processo formal permanece, mas seu esp\u00edrito est\u00e1 esvaziado. O que deveria ser uma b\u00fassola torna-se um carimbo.<\/span><\/p>\n<p><b>Difamar cidad\u00e3os para silenci\u00e1-los.<\/b><\/p>\n<p><span style=\"font-weight: 400;\">Um desenvolvimento particularmente preocupante \u00e9 a forma como alguns intervenientes tentaram desacreditar grupos inteiros de respondentes. Na consulta sobre a Diretiva de Imposto sobre o Tabaco, milhares de europeus utilizaram os canais oficiais da UE para afirmar que impostos mais elevados sobre produtos de nicotina mais seguros prejudicariam a sa\u00fade p\u00fablica, levando as pessoas a voltarem a fumar cigarros ou a recorrerem a mercados il\u00edcitos. Um bom resumo das respostas pode ser encontrado em [link]. <\/span><a href=\"https:\/\/pfsaunier.com\/euconsultation\/\" target=\"_blank\" rel=\"noopener\"><span style=\"font-weight: 400;\">aqui.<\/span><\/a><span style=\"font-weight: 400;\">.<\/span><\/p>\n<p><span style=\"font-weight: 400;\">No entanto, em vez de se engajar seriamente com esses argumentos, surgiu uma narrativa de que muitas dessas respostas eram &quot;falsas&quot;, orquestradas ou ileg\u00edtimas.<\/span><\/p>\n<p><span style=\"font-weight: 400;\">UM <\/span><a href=\"https:\/\/clearingtheair.eu\/en\/post\/investigation-how-a-mysterious-ngo-is-smearing-ordinary-people-2\/\" target=\"_blank\" rel=\"noopener\"><span style=\"font-weight: 400;\">Investiga\u00e7\u00e3o &quot;Esclarecendo as Coisas&quot;<\/span><\/a><span style=\"font-weight: 400;\"> Revelou-se como uma ONG pouco conhecida ajudou a cultivar essa narrativa, rotulando cidad\u00e3os comuns como fachada ou &quot;laranjas da ind\u00fastria&quot; simplesmente por se oporem \u00e0 dire\u00e7\u00e3o da Comiss\u00e3o. Essa campanha difamat\u00f3ria n\u00e3o apenas insultou indiv\u00edduos; ela forneceu uma desculpa conveniente para desconsiderar suas opini\u00f5es, e parece que a Comiss\u00e3o Europeia est\u00e1 acreditando nisso. Uma vez que as pessoas podem ser rotuladas como marionetes, n\u00e3o \u00e9 mais necess\u00e1rio ouvir o que elas realmente disseram.<\/span><\/p>\n<p><b>O que significa uma melhor regulamenta\u00e7\u00e3o?<\/b><\/p>\n<p><span style=\"font-weight: 400;\">Em nossa contribui\u00e7\u00e3o \u00e0 Comiss\u00e3o, argumentamos que as diretrizes para uma melhor regulamenta\u00e7\u00e3o precisam ser reconduzidas ao seu prop\u00f3sito fundamental: tornar o direito da UE mais eficaz e mais democr\u00e1tico. Isso exige maior participa\u00e7\u00e3o cidad\u00e3, e n\u00e3o menor.<\/span><\/p>\n<p><span style=\"font-weight: 400;\">Para os usu\u00e1rios de cigarros eletr\u00f4nicos e outros produtos de nicotina de risco reduzido, essas quest\u00f5es processuais t\u00eam consequ\u00eancias muito reais. Quando os cidad\u00e3os s\u00e3o exclu\u00eddos, as pol\u00edticas sobre cigarros eletr\u00f4nicos, sach\u00eas ou produtos de tabaco aquecido s\u00e3o moldadas por aqueles que nunca os usaram \u2013 ou que se op\u00f5em a eles ideologicamente. \u00c9 assim que acabamos com proibi\u00e7\u00f5es de sabores, impostos excessivos e restri\u00e7\u00f5es que ignoram a experi\u00eancia vivida por milh\u00f5es de pessoas que pararam de fumar gra\u00e7as a essas alternativas.<\/span><\/p>\n<p><span style=\"font-weight: 400;\">Mas n\u00e3o se trata apenas de nicotina. Se a participa\u00e7\u00e3o p\u00fablica pode ser descartada em uma \u00e1rea, pode ser descartada em outras. Hoje pode ser a redu\u00e7\u00e3o de danos; amanh\u00e3 pode ser a alimenta\u00e7\u00e3o, o \u00e1lcool, o transporte ou os direitos digitais. Um sistema de Melhor Regulamenta\u00e7\u00e3o que permite \u00e0s institui\u00e7\u00f5es escolherem a dedo quais cidad\u00e3os ser\u00e3o considerados \u00e9 perigoso para todos.<\/span><\/p>\n<p><span style=\"font-weight: 400;\">A Alian\u00e7a Mundial dos Cigarros Eletr\u00f4nicos continuar\u00e1 amplificando as vozes dos consumidores e defendendo seu direito de serem ouvidos sobre as pol\u00edticas que moldam suas vidas. \u00c0 medida que avan\u00e7amos para a pr\u00f3xima rodada de regulamenta\u00e7\u00f5es sobre tabaco e nicotina sob a Diretiva de Produtos de Tabaco (TPD), \u00e9 hora de a Comiss\u00e3o provar que &quot;d\u00ea a sua opini\u00e3o&quot; \u00e9 mais do que um slogan e que est\u00e1 pronta para ouvir, mesmo quando os cidad\u00e3os ousam discordar.<\/span><\/p>","protected":false},"excerpt":{"rendered":"<p>When the European Commission talks about \u201cBetter Regulation,\u201d it promises smarter laws, more transparency, and a central role for citizens. In practice, however, ordinary people who take the time to engage with EU consultations often discover something very different: their voices are sidelined, discredited, or simply ignored. The World Vapers\u2019 Alliance (WVA) has just responded [&hellip;]<\/p>\n","protected":false},"author":14,"featured_media":6732,"comment_status":"open","ping_status":"open","sticky":false,"template":"","format":"standard","meta":{"footnotes":""},"categories":[17],"tags":[],"class_list":["post-6731","post","type-post","status-publish","format-standard","has-post-thumbnail","hentry","category-blog"],"yoast_head":"<!-- This site is optimized with the Yoast SEO plugin v28.4 - https:\/\/yoast.com\/product\/yoast-seo-wordpress\/ -->\n<title>Does the EU Commission Think Your Opinion Doesn\u2019t Count? - World Vapers&#039; Alliance<\/title>\n<meta name=\"description\" content=\"When the European Commission talks about \u201cBetter Regulation,\u201d it promises smarter laws, more transparency, and a central role for citizens.\" \/>\n<meta name=\"robots\" content=\"index, follow, max-snippet:-1, max-image-preview:large, max-video-preview:-1\" \/>\n<link rel=\"canonical\" href=\"https:\/\/worldvapersalliance.com\/pt\/does-the-eu-commission-think-your-opinion-doesnt-count\/\" \/>\n<meta property=\"og:locale\" content=\"pt_PT\" \/>\n<meta property=\"og:type\" content=\"article\" \/>\n<meta property=\"og:title\" content=\"Does the EU Commission Think Your Opinion Doesn\u2019t Count? - World Vapers&#039; Alliance\" \/>\n<meta property=\"og:description\" content=\"When the European Commission talks about \u201cBetter Regulation,\u201d it promises smarter laws, more transparency, and a central role for citizens.\" \/>\n<meta property=\"og:url\" content=\"https:\/\/worldvapersalliance.com\/pt\/does-the-eu-commission-think-your-opinion-doesnt-count\/\" \/>\n<meta property=\"og:site_name\" content=\"World Vapers&#039; Alliance\" \/>\n<meta property=\"article:published_time\" content=\"2026-02-05T12:34:27+00:00\" \/>\n<meta property=\"og:image\" content=\"https:\/\/worldvapersalliance.com\/wp-content\/uploads\/2026\/02\/EU-flag-blog-image-dark-1024x945.png\" \/>\n\t<meta property=\"og:image:width\" content=\"1024\" \/>\n\t<meta property=\"og:image:height\" content=\"945\" \/>\n\t<meta property=\"og:image:type\" content=\"image\/png\" \/>\n<meta name=\"author\" content=\"Alberto Hernandez\" \/>\n<meta name=\"twitter:card\" content=\"summary_large_image\" \/>\n<meta name=\"twitter:label1\" content=\"Escrito por\" \/>\n\t<meta name=\"twitter:data1\" content=\"Alberto Hernandez\" \/>\n\t<meta name=\"twitter:label2\" content=\"Tempo estimado de leitura\" \/>\n\t<meta name=\"twitter:data2\" content=\"4 minutos\" \/>\n<script type=\"application\/ld+json\" class=\"yoast-schema-graph\">{\"@context\":\"https:\\\/\\\/schema.org\",\"@graph\":[{\"@type\":\"Article\",\"@id\":\"https:\\\/\\\/worldvapersalliance.com\\\/does-the-eu-commission-think-your-opinion-doesnt-count\\\/#article\",\"isPartOf\":{\"@id\":\"https:\\\/\\\/worldvapersalliance.com\\\/does-the-eu-commission-think-your-opinion-doesnt-count\\\/\"},\"author\":{\"name\":\"Alberto Hernandez\",\"@id\":\"https:\\\/\\\/worldvapersalliance.com\\\/#\\\/schema\\\/person\\\/9b81eefe507e68fb5ab671aa0ab2bfb6\"},\"headline\":\"Does the EU Commission Think Your Opinion Doesn\u2019t Count?\",\"datePublished\":\"2026-02-05T12:34:27+00:00\",\"mainEntityOfPage\":{\"@id\":\"https:\\\/\\\/worldvapersalliance.com\\\/does-the-eu-commission-think-your-opinion-doesnt-count\\\/\"},\"wordCount\":843,\"commentCount\":0,\"publisher\":{\"@id\":\"https:\\\/\\\/worldvapersalliance.com\\\/#organization\"},\"image\":{\"@id\":\"https:\\\/\\\/worldvapersalliance.com\\\/does-the-eu-commission-think-your-opinion-doesnt-count\\\/#primaryimage\"},\"thumbnailUrl\":\"https:\\\/\\\/worldvapersalliance.com\\\/wp-content\\\/uploads\\\/2026\\\/02\\\/EU-flag-blog-image-dark.png\",\"articleSection\":[\"Blog\"],\"inLanguage\":\"pt-PT\",\"potentialAction\":[{\"@type\":\"CommentAction\",\"name\":\"Comment\",\"target\":[\"https:\\\/\\\/worldvapersalliance.com\\\/does-the-eu-commission-think-your-opinion-doesnt-count\\\/#respond\"]}]},{\"@type\":\"WebPage\",\"@id\":\"https:\\\/\\\/worldvapersalliance.com\\\/does-the-eu-commission-think-your-opinion-doesnt-count\\\/\",\"url\":\"https:\\\/\\\/worldvapersalliance.com\\\/does-the-eu-commission-think-your-opinion-doesnt-count\\\/\",\"name\":\"Does the EU Commission Think Your Opinion Doesn\u2019t Count? - World Vapers&#039; Alliance\",\"isPartOf\":{\"@id\":\"https:\\\/\\\/worldvapersalliance.com\\\/#website\"},\"primaryImageOfPage\":{\"@id\":\"https:\\\/\\\/worldvapersalliance.com\\\/does-the-eu-commission-think-your-opinion-doesnt-count\\\/#primaryimage\"},\"image\":{\"@id\":\"https:\\\/\\\/worldvapersalliance.com\\\/does-the-eu-commission-think-your-opinion-doesnt-count\\\/#primaryimage\"},\"thumbnailUrl\":\"https:\\\/\\\/worldvapersalliance.com\\\/wp-content\\\/uploads\\\/2026\\\/02\\\/EU-flag-blog-image-dark.png\",\"datePublished\":\"2026-02-05T12:34:27+00:00\",\"description\":\"When the European Commission talks about \u201cBetter Regulation,\u201d it promises smarter laws, more transparency, and a central role for citizens.\",\"inLanguage\":\"pt-PT\",\"potentialAction\":[{\"@type\":\"ReadAction\",\"target\":[\"https:\\\/\\\/worldvapersalliance.com\\\/does-the-eu-commission-think-your-opinion-doesnt-count\\\/\"]}]},{\"@type\":\"ImageObject\",\"inLanguage\":\"pt-PT\",\"@id\":\"https:\\\/\\\/worldvapersalliance.com\\\/does-the-eu-commission-think-your-opinion-doesnt-count\\\/#primaryimage\",\"url\":\"https:\\\/\\\/worldvapersalliance.com\\\/wp-content\\\/uploads\\\/2026\\\/02\\\/EU-flag-blog-image-dark.png\",\"contentUrl\":\"https:\\\/\\\/worldvapersalliance.com\\\/wp-content\\\/uploads\\\/2026\\\/02\\\/EU-flag-blog-image-dark.png\",\"width\":2081,\"height\":1920},{\"@type\":\"WebSite\",\"@id\":\"https:\\\/\\\/worldvapersalliance.com\\\/#website\",\"url\":\"https:\\\/\\\/worldvapersalliance.com\\\/\",\"name\":\"World Vapers&#039; Alliance\",\"description\":\"The largest community of vapers\",\"publisher\":{\"@id\":\"https:\\\/\\\/worldvapersalliance.com\\\/#organization\"},\"potentialAction\":[{\"@type\":\"SearchAction\",\"target\":{\"@type\":\"EntryPoint\",\"urlTemplate\":\"https:\\\/\\\/worldvapersalliance.com\\\/?s={search_term_string}\"},\"query-input\":{\"@type\":\"PropertyValueSpecification\",\"valueRequired\":true,\"valueName\":\"search_term_string\"}}],\"inLanguage\":\"pt-PT\"},{\"@type\":\"Organization\",\"@id\":\"https:\\\/\\\/worldvapersalliance.com\\\/#organization\",\"name\":\"World Vapers&#039; Alliance\",\"url\":\"https:\\\/\\\/worldvapersalliance.com\\\/\",\"logo\":{\"@type\":\"ImageObject\",\"inLanguage\":\"pt-PT\",\"@id\":\"https:\\\/\\\/worldvapersalliance.com\\\/#\\\/schema\\\/logo\\\/image\\\/\",\"url\":\"https:\\\/\\\/worldvapersalliance.com\\\/wp-content\\\/uploads\\\/2022\\\/01\\\/WVA_RB_Fist_G.png\",\"contentUrl\":\"https:\\\/\\\/worldvapersalliance.com\\\/wp-content\\\/uploads\\\/2022\\\/01\\\/WVA_RB_Fist_G.png\",\"width\":985,\"height\":1177,\"caption\":\"World Vapers&#039; Alliance\"},\"image\":{\"@id\":\"https:\\\/\\\/worldvapersalliance.com\\\/#\\\/schema\\\/logo\\\/image\\\/\"}},{\"@type\":\"Person\",\"@id\":\"https:\\\/\\\/worldvapersalliance.com\\\/#\\\/schema\\\/person\\\/9b81eefe507e68fb5ab671aa0ab2bfb6\",\"name\":\"Alberto Hernandez\",\"image\":{\"@type\":\"ImageObject\",\"inLanguage\":\"pt-PT\",\"@id\":\"https:\\\/\\\/secure.gravatar.com\\\/avatar\\\/124dc1dd8c5f9c9f352af940db00418f1add423008d32a51d5497b5de2c9ff35?s=96&d=mm&r=g\",\"url\":\"https:\\\/\\\/secure.gravatar.com\\\/avatar\\\/124dc1dd8c5f9c9f352af940db00418f1add423008d32a51d5497b5de2c9ff35?s=96&d=mm&r=g\",\"contentUrl\":\"https:\\\/\\\/secure.gravatar.com\\\/avatar\\\/124dc1dd8c5f9c9f352af940db00418f1add423008d32a51d5497b5de2c9ff35?s=96&d=mm&r=g\",\"caption\":\"Alberto Hernandez\"},\"url\":\"https:\\\/\\\/worldvapersalliance.com\\\/pt\\\/author\\\/alberto\\\/\"}]}<\/script>\n<!-- \/ Yoast SEO plugin. -->","yoast_head_json":{"title":"Ser\u00e1 que a Comiss\u00e3o Europeia acha que a sua opini\u00e3o n\u00e3o conta? - Alian\u00e7a Mundial dos Vapers","description":"Quando a Comiss\u00e3o Europeia fala em &quot;Melhor Regulamenta\u00e7\u00e3o&quot;, promete leis mais inteligentes, mais transpar\u00eancia e um papel central para os cidad\u00e3os.","robots":{"index":"index","follow":"follow","max-snippet":"max-snippet:-1","max-image-preview":"max-image-preview:large","max-video-preview":"max-video-preview:-1"},"canonical":"https:\/\/worldvapersalliance.com\/pt\/does-the-eu-commission-think-your-opinion-doesnt-count\/","og_locale":"pt_PT","og_type":"article","og_title":"Does the EU Commission Think Your Opinion Doesn\u2019t Count? - World Vapers&#039; Alliance","og_description":"When the European Commission talks about \u201cBetter Regulation,\u201d it promises smarter laws, more transparency, and a central role for citizens.","og_url":"https:\/\/worldvapersalliance.com\/pt\/does-the-eu-commission-think-your-opinion-doesnt-count\/","og_site_name":"World Vapers&#039; Alliance","article_published_time":"2026-02-05T12:34:27+00:00","og_image":[{"width":1024,"height":945,"url":"https:\/\/worldvapersalliance.com\/wp-content\/uploads\/2026\/02\/EU-flag-blog-image-dark-1024x945.png","type":"image\/png"}],"author":"Alberto Hernandez","twitter_card":"summary_large_image","twitter_misc":{"Escrito por":"Alberto Hernandez","Tempo estimado de leitura":"4 minutos"},"schema":{"@context":"https:\/\/schema.org","@graph":[{"@type":"Article","@id":"https:\/\/worldvapersalliance.com\/does-the-eu-commission-think-your-opinion-doesnt-count\/#article","isPartOf":{"@id":"https:\/\/worldvapersalliance.com\/does-the-eu-commission-think-your-opinion-doesnt-count\/"},"author":{"name":"Alberto Hernandez","@id":"https:\/\/worldvapersalliance.com\/#\/schema\/person\/9b81eefe507e68fb5ab671aa0ab2bfb6"},"headline":"Does the EU Commission Think Your Opinion Doesn\u2019t Count?","datePublished":"2026-02-05T12:34:27+00:00","mainEntityOfPage":{"@id":"https:\/\/worldvapersalliance.com\/does-the-eu-commission-think-your-opinion-doesnt-count\/"},"wordCount":843,"commentCount":0,"publisher":{"@id":"https:\/\/worldvapersalliance.com\/#organization"},"image":{"@id":"https:\/\/worldvapersalliance.com\/does-the-eu-commission-think-your-opinion-doesnt-count\/#primaryimage"},"thumbnailUrl":"https:\/\/worldvapersalliance.com\/wp-content\/uploads\/2026\/02\/EU-flag-blog-image-dark.png","articleSection":["Blog"],"inLanguage":"pt-PT","potentialAction":[{"@type":"CommentAction","name":"Comment","target":["https:\/\/worldvapersalliance.com\/does-the-eu-commission-think-your-opinion-doesnt-count\/#respond"]}]},{"@type":"WebPage","@id":"https:\/\/worldvapersalliance.com\/does-the-eu-commission-think-your-opinion-doesnt-count\/","url":"https:\/\/worldvapersalliance.com\/does-the-eu-commission-think-your-opinion-doesnt-count\/","name":"Ser\u00e1 que a Comiss\u00e3o Europeia acha que a sua opini\u00e3o n\u00e3o conta? - Alian\u00e7a Mundial dos Vapers","isPartOf":{"@id":"https:\/\/worldvapersalliance.com\/#website"},"primaryImageOfPage":{"@id":"https:\/\/worldvapersalliance.com\/does-the-eu-commission-think-your-opinion-doesnt-count\/#primaryimage"},"image":{"@id":"https:\/\/worldvapersalliance.com\/does-the-eu-commission-think-your-opinion-doesnt-count\/#primaryimage"},"thumbnailUrl":"https:\/\/worldvapersalliance.com\/wp-content\/uploads\/2026\/02\/EU-flag-blog-image-dark.png","datePublished":"2026-02-05T12:34:27+00:00","description":"Quando a Comiss\u00e3o Europeia fala em &quot;Melhor Regulamenta\u00e7\u00e3o&quot;, promete leis mais inteligentes, mais transpar\u00eancia e um papel central para os cidad\u00e3os.","inLanguage":"pt-PT","potentialAction":[{"@type":"ReadAction","target":["https:\/\/worldvapersalliance.com\/does-the-eu-commission-think-your-opinion-doesnt-count\/"]}]},{"@type":"ImageObject","inLanguage":"pt-PT","@id":"https:\/\/worldvapersalliance.com\/does-the-eu-commission-think-your-opinion-doesnt-count\/#primaryimage","url":"https:\/\/worldvapersalliance.com\/wp-content\/uploads\/2026\/02\/EU-flag-blog-image-dark.png","contentUrl":"https:\/\/worldvapersalliance.com\/wp-content\/uploads\/2026\/02\/EU-flag-blog-image-dark.png","width":2081,"height":1920},{"@type":"WebSite","@id":"https:\/\/worldvapersalliance.com\/#website","url":"https:\/\/worldvapersalliance.com\/","name":"Alian\u00e7a Mundial de Vapers","description":"A maior comunidade de vapers","publisher":{"@id":"https:\/\/worldvapersalliance.com\/#organization"},"potentialAction":[{"@type":"SearchAction","target":{"@type":"EntryPoint","urlTemplate":"https:\/\/worldvapersalliance.com\/?s={search_term_string}"},"query-input":{"@type":"PropertyValueSpecification","valueRequired":true,"valueName":"search_term_string"}}],"inLanguage":"pt-PT"},{"@type":"Organization","@id":"https:\/\/worldvapersalliance.com\/#organization","name":"Alian\u00e7a Mundial de Vapers","url":"https:\/\/worldvapersalliance.com\/","logo":{"@type":"ImageObject","inLanguage":"pt-PT","@id":"https:\/\/worldvapersalliance.com\/#\/schema\/logo\/image\/","url":"https:\/\/worldvapersalliance.com\/wp-content\/uploads\/2022\/01\/WVA_RB_Fist_G.png","contentUrl":"https:\/\/worldvapersalliance.com\/wp-content\/uploads\/2022\/01\/WVA_RB_Fist_G.png","width":985,"height":1177,"caption":"World Vapers&#039; Alliance"},"image":{"@id":"https:\/\/worldvapersalliance.com\/#\/schema\/logo\/image\/"}},{"@type":"Person","@id":"https:\/\/worldvapersalliance.com\/#\/schema\/person\/9b81eefe507e68fb5ab671aa0ab2bfb6","name":"Alberto Hernandez","image":{"@type":"ImageObject","inLanguage":"pt-PT","@id":"https:\/\/secure.gravatar.com\/avatar\/124dc1dd8c5f9c9f352af940db00418f1add423008d32a51d5497b5de2c9ff35?s=96&d=mm&r=g","url":"https:\/\/secure.gravatar.com\/avatar\/124dc1dd8c5f9c9f352af940db00418f1add423008d32a51d5497b5de2c9ff35?s=96&d=mm&r=g","contentUrl":"https:\/\/secure.gravatar.com\/avatar\/124dc1dd8c5f9c9f352af940db00418f1add423008d32a51d5497b5de2c9ff35?s=96&d=mm&r=g","caption":"Alberto Hernandez"},"url":"https:\/\/worldvapersalliance.com\/pt\/author\/alberto\/"}]}},"_links":{"self":[{"href":"https:\/\/worldvapersalliance.com\/pt\/wp-json\/wp\/v2\/posts\/6731","targetHints":{"allow":["GET"]}}],"collection":[{"href":"https:\/\/worldvapersalliance.com\/pt\/wp-json\/wp\/v2\/posts"}],"about":[{"href":"https:\/\/worldvapersalliance.com\/pt\/wp-json\/wp\/v2\/types\/post"}],"author":[{"embeddable":true,"href":"https:\/\/worldvapersalliance.com\/pt\/wp-json\/wp\/v2\/users\/14"}],"replies":[{"embeddable":true,"href":"https:\/\/worldvapersalliance.com\/pt\/wp-json\/wp\/v2\/comments?post=6731"}],"version-history":[{"count":0,"href":"https:\/\/worldvapersalliance.com\/pt\/wp-json\/wp\/v2\/posts\/6731\/revisions"}],"wp:featuredmedia":[{"embeddable":true,"href":"https:\/\/worldvapersalliance.com\/pt\/wp-json\/wp\/v2\/media\/6732"}],"wp:attachment":[{"href":"https:\/\/worldvapersalliance.com\/pt\/wp-json\/wp\/v2\/media?parent=6731"}],"wp:term":[{"taxonomy":"category","embeddable":true,"href":"https:\/\/worldvapersalliance.com\/pt\/wp-json\/wp\/v2\/categories?post=6731"},{"taxonomy":"post_tag","embeddable":true,"href":"https:\/\/worldvapersalliance.com\/pt\/wp-json\/wp\/v2\/tags?post=6731"}],"curies":[{"name":"wp","href":"https:\/\/api.w.org\/{rel}","templated":true}]}}