{"id":6648,"date":"2025-12-24T18:39:39","date_gmt":"2025-12-24T23:39:39","guid":{"rendered":"https:\/\/worldvapersalliance.com\/?p=6648"},"modified":"2025-12-22T08:42:05","modified_gmt":"2025-12-22T13:42:05","slug":"wrapped-our-year-together-at-the-world-vapers-alliance","status":"publish","type":"post","link":"https:\/\/worldvapersalliance.com\/pt\/wrapped-our-year-together-at-the-world-vapers-alliance\/","title":{"rendered":"Resumo: Nosso ano juntos na World Vapers Alliance"},"content":{"rendered":"<p><span style=\"font-weight: 400;\">Que ano! 2025 foi intenso, mas tamb\u00e9m inspirador. Por isso, gostaria de relembrar com voc\u00eas o que conquistamos como comunidade, bem como os momentos em que nos opusemos a pol\u00edticas equivocadas e nos empenh\u00e1mos para avan\u00e7ar na dire\u00e7\u00e3o certa.\u00a0\u00a0<\/span><\/p>\n<p><span style=\"font-weight: 400;\">Isto n\u00e3o \u00e9 um comunicado de imprensa. \u00c9 um agradecimento pessoal meu para voc\u00ea. Sem voc\u00ea, nada disso teria acontecido.\u00a0\u00a0<\/span><\/p>\n<h4><b>Carta aberta \u00e0 UE: 100 mil vozes que n\u00e3o podem ser ignoradas\u00a0\u00a0<\/b><\/h4>\n<p><span style=\"font-weight: 400;\">Um dos momentos mais marcantes deste ano foi o nosso <\/span><a href=\"https:\/\/worldvapersalliance.com\/pt\/wva-open-letter-100000-europeans-reject-eus-attack-on-vaping-and-pouches\/\" target=\"_blank\" rel=\"noopener\"><span style=\"font-weight: 400;\">carta aberta<\/span><\/a><span style=\"font-weight: 400;\"> \u00c0 Comiss\u00e3o Europeia e aos Estados-Membros da UE. Mais de 100.000 pessoas assinaram nossa peti\u00e7\u00e3o contra as novas restri\u00e7\u00f5es ao vaping e \u00e0s bolsas de nicotina.\u00a0\u00a0<\/span><\/p>\n<p><span style=\"font-weight: 400;\">Muitos pol\u00edticos ainda falam sobre vaporizadores e sach\u00eas como se fossem a mesma coisa que cigarros. Voc\u00ea e eu sabemos que isso est\u00e1 errado. As pessoas usam esses produtos para deixar de fumar. A carta aberta deixou isso claro. Ela criticou a Uni\u00e3o Europeia por ignorar a ci\u00eancia e a experi\u00eancia da vida real e por impor regras que podem levar as pessoas de volta ao cigarro ou ao mercado negro.\u00a0\u00a0<\/span><\/p>\n<p><span style=\"font-weight: 400;\">Come\u00e7amos a coletar assinaturas em 2024 e, para mim, pessoalmente, ver esse n\u00famero crescer foi emocionante. Cada assinatura \u00e9 uma hist\u00f3ria. Um pai que parou de fumar com um cigarro eletr\u00f4nico. Uma m\u00e3e que agora sobe as escadas sem ficar sem f\u00f4lego. Voc\u00eas deram peso a esta carta. Bruxelas n\u00e3o pode mais dizer que ningu\u00e9m se importa.\u00a0\u00a0<\/span><\/p>\n<h4><b>Vozes silenciadas de Dublin a Genebra\u00a0\u00a0<\/b><\/h4>\n<p><span style=\"font-weight: 400;\">Outro grande passo dado este ano foi a nossa campanha. <\/span><a href=\"https:\/\/worldvapersalliance.com\/pt\/voices-unheard-consumers-matter\/\" target=\"_blank\" rel=\"noopener\"><span style=\"font-weight: 400;\">Vozes silenciadas: consumidores importam<\/span><\/a><span style=\"font-weight: 400;\">. Lan\u00e7amos o produto na Confer\u00eancia Mundial sobre o Controle do Tabaco em Dublin porque, mais uma vez, os consumidores foram mantidos fora do processo decis\u00f3rio sobre nossas vidas.\u00a0\u00a0<\/span><\/p>\n<p><span style=\"font-weight: 400;\">Mesmo assim, fomos at\u00e9 l\u00e1. Ficamos do lado de fora em um protesto silencioso para mostrar que milh\u00f5es de usu\u00e1rios de cigarros eletr\u00f4nicos s\u00e3o ignorados. Sem gritos, sem drama. Apenas pessoas que mudaram suas vidas com produtos menos nocivos, ali presentes, dizendo: &quot;N\u00f3s existimos&quot;.\u00a0<\/span><\/p>\n<p><img fetchpriority=\"high\" decoding=\"async\" class=\"alignnone wp-image-6649\" src=\"https:\/\/worldvapersalliance.com\/wp-content\/uploads\/2025\/12\/Voices-Unheard-protest-image-300x197.png\" alt=\"\" width=\"598\" height=\"393\" srcset=\"https:\/\/worldvapersalliance.com\/wp-content\/uploads\/2025\/12\/Voices-Unheard-protest-image-300x197.png 300w, https:\/\/worldvapersalliance.com\/wp-content\/uploads\/2025\/12\/Voices-Unheard-protest-image-768x504.png 768w, https:\/\/worldvapersalliance.com\/wp-content\/uploads\/2025\/12\/Voices-Unheard-protest-image-18x12.png 18w, https:\/\/worldvapersalliance.com\/wp-content\/uploads\/2025\/12\/Voices-Unheard-protest-image-600x394.png 600w, https:\/\/worldvapersalliance.com\/wp-content\/uploads\/2025\/12\/Voices-Unheard-protest-image.png 785w\" sizes=\"(max-width: 598px) 100vw, 598px\" \/><\/p>\n<p><span style=\"font-weight: 400;\">Os espet\u00e1culos de luzes eram a minha parte favorita. Ilumin\u00e1vamos edif\u00edcios com mensagens que clamavam para que as vozes dos consumidores fossem ouvidas. Mais tarde, nesse mesmo ano, levamos essa ideia para Genebra, antes da COP11, onde a OMS se reunia para discutir a pol\u00edtica global sobre o tabaco. Novamente, proje\u00e7\u00f5es de luz. Novamente, a mensagem simples: ou\u00e7am-nos.\u00a0\u00a0<\/span><\/p>\n<p><img decoding=\"async\" class=\"alignnone wp-image-6651\" src=\"https:\/\/worldvapersalliance.com\/wp-content\/uploads\/2025\/12\/Voices-Unheard-image-300x195.png\" alt=\"\" width=\"384\" height=\"249\" srcset=\"https:\/\/worldvapersalliance.com\/wp-content\/uploads\/2025\/12\/Voices-Unheard-image-300x195.png 300w, https:\/\/worldvapersalliance.com\/wp-content\/uploads\/2025\/12\/Voices-Unheard-image-18x12.png 18w, https:\/\/worldvapersalliance.com\/wp-content\/uploads\/2025\/12\/Voices-Unheard-image.png 545w\" sizes=\"(max-width: 384px) 100vw, 384px\" \/> <img decoding=\"async\" class=\"alignnone wp-image-6652\" src=\"https:\/\/worldvapersalliance.com\/wp-content\/uploads\/2025\/12\/Voices-Unheard-Lightshow-image-300x218.png\" alt=\"\" width=\"382\" height=\"278\" srcset=\"https:\/\/worldvapersalliance.com\/wp-content\/uploads\/2025\/12\/Voices-Unheard-Lightshow-image-300x218.png 300w, https:\/\/worldvapersalliance.com\/wp-content\/uploads\/2025\/12\/Voices-Unheard-Lightshow-image-18x12.png 18w, https:\/\/worldvapersalliance.com\/wp-content\/uploads\/2025\/12\/Voices-Unheard-Lightshow-image.png 528w\" sizes=\"(max-width: 382px) 100vw, 382px\" \/><\/p>\n<p><span style=\"font-weight: 400;\">Essas a\u00e7\u00f5es podem parecer simb\u00f3licas para quem v\u00ea de fora, mas os legisladores perceberam que n\u00e3o somos rob\u00f4s nem cartas. Somos pessoas reais nas ruas.\u00a0\u00a0<\/span><\/p>\n<h4><b>Campe\u00f5es da Mudan\u00e7a transformam Bruxelas em um est\u00e1dio.\u00a0\u00a0<\/b><\/h4>\n<p><span style=\"font-weight: 400;\">No ver\u00e3o, nos divertimos bastante com o <\/span><a href=\"https:\/\/worldvapersalliance.com\/pt\/champions-of-change\/\" target=\"_blank\" rel=\"noopener\"><span style=\"font-weight: 400;\">Campanha Campe\u00f5es da Mudan\u00e7a<\/span><\/a><span style=\"font-weight: 400;\">. Bruxelas costuma ser cinzenta e burocr\u00e1tica, ent\u00e3o decidimos transform\u00e1-la numa esp\u00e9cie de arena da Liga dos Campe\u00f5es para a redu\u00e7\u00e3o dos danos causados pelo tabaco.\u00a0\u00a0<\/span><\/p>\n<p><span style=\"font-weight: 400;\">Organizamos uma cerim\u00f4nia de entrega de trof\u00e9us em frente ao Parlamento Europeu e homenageamos os pa\u00edses que de fato reduziram o tabagismo adotando alternativas menos nocivas. Su\u00e9cia, Rep\u00fablica Tcheca e Gr\u00e9cia foram as nossas equipes vencedoras. A Su\u00e9cia agora tem menos de 5% de fumantes di\u00e1rios e taxas de c\u00e2ncer muito menores do que a m\u00e9dia da UE. Isso n\u00e3o \u00e9 por acaso. \u00c9 a redu\u00e7\u00e3o de danos funcionando na vida real.\u00a0\u00a0<\/span><\/p>\n<p><img loading=\"lazy\" decoding=\"async\" class=\"alignnone wp-image-6356\" src=\"https:\/\/worldvapersalliance.com\/wp-content\/uploads\/2025\/07\/Champions-blog-image-300x277.png\" alt=\"\" width=\"522\" height=\"482\" srcset=\"https:\/\/worldvapersalliance.com\/wp-content\/uploads\/2025\/07\/Champions-blog-image-300x277.png 300w, https:\/\/worldvapersalliance.com\/wp-content\/uploads\/2025\/07\/Champions-blog-image-1024x945.png 1024w, https:\/\/worldvapersalliance.com\/wp-content\/uploads\/2025\/07\/Champions-blog-image-768x709.png 768w, https:\/\/worldvapersalliance.com\/wp-content\/uploads\/2025\/07\/Champions-blog-image-1536x1417.png 1536w, https:\/\/worldvapersalliance.com\/wp-content\/uploads\/2025\/07\/Champions-blog-image-2048x1890.png 2048w, https:\/\/worldvapersalliance.com\/wp-content\/uploads\/2025\/07\/Champions-blog-image-13x12.png 13w, https:\/\/worldvapersalliance.com\/wp-content\/uploads\/2025\/07\/Champions-blog-image-600x554.png 600w\" sizes=\"(max-width: 522px) 100vw, 522px\" \/><\/p>\n<p><span style=\"font-weight: 400;\">Ao entregarmos os trof\u00e9us, enviamos uma mensagem simples aos pol\u00edticos da UE. Se querem vencer a luta contra o tabagismo, sigam o exemplo dos vencedores. Parem de punir o vaping e as bolsas de nicotina s\u00f3 porque a ideologia ou o dogma antigo assim o ditam. Muitos de voc\u00eas ajudaram a divulgar esta mensagem online e alguns participaram no evento presencialmente. Isso mostrou, mais uma vez, que o nosso movimento \u00e9 criativo, e n\u00e3o apenas raivoso.\u00a0\u00a0<\/span><\/p>\n<p><img loading=\"lazy\" decoding=\"async\" class=\"alignnone wp-image-6653\" src=\"https:\/\/worldvapersalliance.com\/wp-content\/uploads\/2025\/12\/Brussels-Image-300x198.png\" alt=\"\" width=\"593\" height=\"392\" srcset=\"https:\/\/worldvapersalliance.com\/wp-content\/uploads\/2025\/12\/Brussels-Image-300x198.png 300w, https:\/\/worldvapersalliance.com\/wp-content\/uploads\/2025\/12\/Brussels-Image-768x506.png 768w, https:\/\/worldvapersalliance.com\/wp-content\/uploads\/2025\/12\/Brussels-Image-18x12.png 18w, https:\/\/worldvapersalliance.com\/wp-content\/uploads\/2025\/12\/Brussels-Image.png 967w\" sizes=\"(max-width: 593px) 100vw, 593px\" \/><\/p>\n<h4><b>Divulga\u00e7\u00e3o de pol\u00edticas para mais de uma centena de tomadores de decis\u00e3o.\u00a0\u00a0<\/b><\/h4>\n<p><span style=\"font-weight: 400;\">Grande parte do nosso trabalho \u00e9 p\u00fablico, mas parte dele ocorre a portas fechadas em confer\u00eancias partid\u00e1rias e nos bastidores da pol\u00edtica. Ao longo de 2025, nossa equipe se reuniu com mais de cem formuladores de pol\u00edticas e membros importantes de suas equipes em diversos pa\u00edses do mundo. Conversamos com parlamentares, autoridades de sa\u00fade, grupos parlamentares e assessores que definem as posi\u00e7\u00f5es nacionais e europeias sobre o uso de cigarros eletr\u00f4nicos e sach\u00eas de nicotina.\u00a0\u00a0<\/span><\/p>\n<p><span style=\"font-weight: 400;\">A confer\u00eancia do partido SPD na Alemanha foi um exemplo dessa divulga\u00e7\u00e3o mais ampla. L\u00e1, discutimos a redu\u00e7\u00e3o de danos com delegados e membros em um momento em que a Alemanha est\u00e1 considerando regras mais r\u00edgidas sobre sabores e marketing.\u00a0<\/span><\/p>\n<p><img loading=\"lazy\" decoding=\"async\" class=\"alignnone wp-image-6654\" src=\"https:\/\/worldvapersalliance.com\/wp-content\/uploads\/2025\/12\/SPD-party-conference-image-300x120.png\" alt=\"\" width=\"740\" height=\"296\" srcset=\"https:\/\/worldvapersalliance.com\/wp-content\/uploads\/2025\/12\/SPD-party-conference-image-300x120.png 300w, https:\/\/worldvapersalliance.com\/wp-content\/uploads\/2025\/12\/SPD-party-conference-image-1024x410.png 1024w, https:\/\/worldvapersalliance.com\/wp-content\/uploads\/2025\/12\/SPD-party-conference-image-768x308.png 768w, https:\/\/worldvapersalliance.com\/wp-content\/uploads\/2025\/12\/SPD-party-conference-image-18x7.png 18w, https:\/\/worldvapersalliance.com\/wp-content\/uploads\/2025\/12\/SPD-party-conference-image-600x240.png 600w, https:\/\/worldvapersalliance.com\/wp-content\/uploads\/2025\/12\/SPD-party-conference-image.png 1196w\" sizes=\"(max-width: 740px) 100vw, 740px\" \/><\/p>\n<p><span style=\"font-weight: 400;\">Conversas semelhantes aconteceram em outras capitais. \u00c0s vezes, tratava-se apenas de explicar a um pol\u00edtico c\u00e9tico que um cigarro eletr\u00f4nico com sabor ajudou voc\u00ea ou algu\u00e9m que voc\u00ea conhece a parar de fumar e que proibi-lo poderia fazer com que as pessoas voltassem a fumar cigarros. Com o tempo, essas hist\u00f3rias pessoais mudam a forma como os formuladores de pol\u00edticas pensam.\u00a0\u00a0<\/span><\/p>\n<p><span style=\"font-weight: 400;\">A comunica\u00e7\u00e3o com a m\u00eddia foi outra parte importante do nosso trabalho este ano. Tivemos milhares de men\u00e7\u00f5es na m\u00eddia em 2025, com a WVA sendo citada ou apresentada em ve\u00edculos de comunica\u00e7\u00e3o do mundo todo. Isso significa que, sempre que governos discutiam novas restri\u00e7\u00f5es ao vaping ou \u00e0s bolsas de nicotina, havia uma chance real de um jornalista tamb\u00e9m incluir a perspectiva do consumidor e explicar que alternativas menos nocivas ajudam as pessoas a deixarem de fumar. Essa crescente visibilidade nos ajuda a contestar narrativas unilaterais e torna muito mais dif\u00edcil para os tomadores de decis\u00e3o fingirem que nossa comunidade n\u00e3o existe.<\/span><\/p>\n<h4><b>Vapeo Respons\u00e1vel e Am\u00e9rica Latina\u00a0\u00a0<\/b><\/h4>\n<p><span style=\"font-weight: 400;\">Tamb\u00e9m intensificamos nosso trabalho na Am\u00e9rica Latina. Na Argentina, lan\u00e7amos a Vapeo Respons\u00e1vel, que pede ao governo que acabe com a proibi\u00e7\u00e3o irracional do uso de cigarros eletr\u00f4nicos e a substitua por uma regulamenta\u00e7\u00e3o sensata.<\/span><\/p>\n<p><img loading=\"lazy\" decoding=\"async\" class=\"alignnone wp-image-6656\" src=\"https:\/\/worldvapersalliance.com\/wp-content\/uploads\/2025\/12\/Vapeo-Responsable-activation-image-300x149.png\" alt=\"\" width=\"658\" height=\"327\" \/><\/p>\n<p><img loading=\"lazy\" decoding=\"async\" class=\"alignnone wp-image-6657\" src=\"https:\/\/worldvapersalliance.com\/wp-content\/uploads\/2025\/12\/Vapeo-Responsable-Media-Hits-image-300x101.png\" alt=\"\" width=\"609\" height=\"205\" srcset=\"https:\/\/worldvapersalliance.com\/wp-content\/uploads\/2025\/12\/Vapeo-Responsable-Media-Hits-image-300x101.png 300w, https:\/\/worldvapersalliance.com\/wp-content\/uploads\/2025\/12\/Vapeo-Responsable-Media-Hits-image-1024x346.png 1024w, https:\/\/worldvapersalliance.com\/wp-content\/uploads\/2025\/12\/Vapeo-Responsable-Media-Hits-image-768x259.png 768w, https:\/\/worldvapersalliance.com\/wp-content\/uploads\/2025\/12\/Vapeo-Responsable-Media-Hits-image-18x6.png 18w, https:\/\/worldvapersalliance.com\/wp-content\/uploads\/2025\/12\/Vapeo-Responsable-Media-Hits-image-600x203.png 600w, https:\/\/worldvapersalliance.com\/wp-content\/uploads\/2025\/12\/Vapeo-Responsable-Media-Hits-image.png 1057w\" sizes=\"(max-width: 609px) 100vw, 609px\" \/><\/p>\n<p><span style=\"font-weight: 400;\">A ideia \u00e9 simples. O vaping existe na Argentina, quer os pol\u00edticos gostem ou n\u00e3o. Uma proibi\u00e7\u00e3o s\u00f3 o empurra para a clandestinidade e mant\u00e9m os fumantes presos aos cigarros. Com o Vapeo Responsable, incentivamos os usu\u00e1rios a se manifestarem, a exigirem regras razo\u00e1veis e a mostrarem que os vapers se importam com a seguran\u00e7a, a qualidade e os padr\u00f5es adequados.\u00a0\u00a0<\/span><\/p>\n<p><span style=\"font-weight: 400;\">Na Col\u00f4mbia, nosso gerente de pol\u00edticas, Alberto, participou de uma mesa-redonda t\u00e9cnica no Senado sobre um projeto de lei referente \u00e0 tributa\u00e7\u00e3o de produtos de vaporiza\u00e7\u00e3o e cigarros. Isso \u00e9 importante porque muitos governos ainda tentam tributar os cigarros eletr\u00f4nicos da mesma forma que os cigarros convencionais, o que dificulta a transi\u00e7\u00e3o dos fumantes para o vape. Ao participar da discuss\u00e3o, pudemos explicar que a pol\u00edtica tribut\u00e1ria deve refletir o risco, e n\u00e3o o dogma.\u00a0\u00a0<\/span><\/p>\n<p><img loading=\"lazy\" decoding=\"async\" class=\"alignnone wp-image-6658\" src=\"https:\/\/worldvapersalliance.com\/wp-content\/uploads\/2025\/12\/Testimonial-image-300x205.png\" alt=\"\" width=\"536\" height=\"367\" srcset=\"https:\/\/worldvapersalliance.com\/wp-content\/uploads\/2025\/12\/Testimonial-image-300x205.png 300w, https:\/\/worldvapersalliance.com\/wp-content\/uploads\/2025\/12\/Testimonial-image-18x12.png 18w, https:\/\/worldvapersalliance.com\/wp-content\/uploads\/2025\/12\/Testimonial-image-600x410.png 600w, https:\/\/worldvapersalliance.com\/wp-content\/uploads\/2025\/12\/Testimonial-image.png 682w\" sizes=\"(max-width: 536px) 100vw, 536px\" \/><\/p>\n<h4><b>Plano cardiovascular da UE quando as evid\u00eancias s\u00e3o ignoradas\u00a0\u00a0<\/b><\/h4>\n<p><span style=\"font-weight: 400;\">Uma das partes mais frustrantes do ano foi o Plano Cardiovascular da UE (agora chamado de Plano Cora\u00e7\u00f5es Seguros). No in\u00edcio do processo, quando a Comiss\u00e3o Europeia realizou sua consulta p\u00fablica, n\u00f3s <\/span><a href=\"https:\/\/worldvapersalliance.com\/pt\/eu-consultation-shows-76-support-for-harm-reduction-in-cardiovascular-policy\/\"><span style=\"font-weight: 400;\">analisado<\/span><\/a><span style=\"font-weight: 400;\"> A pesquisa revelou um forte apoio \u00e0 inclus\u00e3o de alternativas menos nocivas como ferramentas para reduzir o tabagismo e as doen\u00e7as card\u00edacas. Muitos cidad\u00e3os e especialistas apoiaram claramente a redu\u00e7\u00e3o de danos.\u00a0\u00a0<\/span><\/p>\n<p><span style=\"font-weight: 400;\">Mas quando o plano final foi publicado, ignorou a maior parte disso. A redu\u00e7\u00e3o de danos foi deixada de lado. \u00c9 por isso que n\u00f3s <\/span><a href=\"https:\/\/worldvapersalliance.com\/pt\/wva-attacks-eu-safe-hearts-plan-for-ignoring-harm-reduction\/\"><span style=\"font-weight: 400;\">falou<\/span><\/a><span style=\"font-weight: 400;\"> O plano \u00e9 contr\u00e1rio \u00e0 ideia de ignorar a redu\u00e7\u00e3o de danos e desperdi\u00e7ar uma oportunidade de reduzir as doen\u00e7as relacionadas ao tabagismo de forma realista. Parece que Bruxelas, mais uma vez, priorizou a ideologia em detrimento do que realmente funciona para os fumantes no mundo real.\u00a0\u00a0<\/span><\/p>\n<p><span style=\"font-weight: 400;\">Para a nossa comunidade, isso \u00e9 decepcionante, mas n\u00e3o surpreendente. Mostra como \u00e9 importante continuarmos a nos manifestar e a pressionar os tomadores de decis\u00e3o. Sem n\u00f3s, as \u00fanicas vozes que eles ouvem s\u00e3o as de grupos que querem restringir tudo e fingir que alternativas menos prejudiciais n\u00e3o existem.\u00a0\u00a0<\/span><\/p>\n<h4><b>Olhando juntos para o futuro.\u00a0\u00a0<\/b><\/h4>\n<p><span style=\"font-weight: 400;\">Ent\u00e3o, onde isso nos deixa no final de 2025? Temos 100.000 assinaturas europeias a nosso favor, grandes campanhas em Bruxelas, Dublin, Genebra e na Am\u00e9rica Latina, evid\u00eancias mais fortes de que os cidad\u00e3os apoiam a redu\u00e7\u00e3o de danos e mais de cem legisladores que ouviram diretamente os usu\u00e1rios de cigarros eletr\u00f4nicos este ano.\u00a0\u00a0<\/span><\/p>\n<p><span style=\"font-weight: 400;\">Ao mesmo tempo, a press\u00e3o n\u00e3o diminui. A UE ainda considera regras mais r\u00edgidas sobre vaporizadores e sach\u00eas. A OMS continua a defender posi\u00e7\u00f5es contr\u00e1rias \u00e0 redu\u00e7\u00e3o de danos. Os governos nacionais ainda cogitam proibir sabores e aumentar os impostos. O plano Safe Hearts demonstra claramente que, mesmo quando as pessoas se manifestam, os tomadores de decis\u00e3o ainda podem ignor\u00e1-las.\u00a0\u00a0<\/span><\/p>\n<p><span style=\"font-weight: 400;\">Mas este ano me mostrou algo importante. Quando os vapers se organizam e fazem barulho, as coisas come\u00e7am a mudar. Shows de luzes em Genebra ou cerim\u00f4nias de entrega de trof\u00e9us em Bruxelas podem parecer pequenos em compara\u00e7\u00e3o com grandes institui\u00e7\u00f5es, mas mudam a narrativa. Tornam mais dif\u00edcil para os tomadores de decis\u00e3o nos ignorarem.\u00a0\u00a0<\/span><\/p>\n<p><span style=\"font-weight: 400;\">Ent\u00e3o, muito obrigado. Por assinarem. Por comparecerem. Por compartilharem suas hist\u00f3rias. Por debaterem com amigos, pol\u00edticos e, \u00e0s vezes, at\u00e9 com m\u00e9dicos. Em 2026, precisaremos dessa energia novamente. A WVA continuar\u00e1 lutando, mas dependemos do seu apoio.\u00a0\u00a0\u00a0<\/span><\/p>\n<p><span style=\"font-weight: 400;\">N\u00f3s somos vapers. Sabemos o que funciona para n\u00f3s. E n\u00e3o vamos deixar ningu\u00e9m tirar de n\u00f3s op\u00e7\u00f5es menos nocivas sem lutar. Manifeste-se sempre que puder, continue vapeando e feliz ano novo. <\/span><\/p>","protected":false},"excerpt":{"rendered":"<p>What a year. 2025 was intense but also inspiring. So, I&#8217;d like to look back together with you and share what we accomplished as a community, as well as where we pushed back against bad policy and made efforts to move things in the right direction.\u00a0\u00a0 This is not a press release. It is a [&hellip;]<\/p>\n","protected":false},"author":4,"featured_media":6659,"comment_status":"open","ping_status":"open","sticky":false,"template":"","format":"standard","meta":{"footnotes":""},"categories":[17],"tags":[],"class_list":["post-6648","post","type-post","status-publish","format-standard","has-post-thumbnail","hentry","category-blog"],"yoast_head":"<!-- This site is optimized with the Yoast SEO plugin v27.3 - https:\/\/yoast.com\/product\/yoast-seo-wordpress\/ -->\n<title>Wrapped: Our Year Together at the World Vapers Alliance - World Vapers&#039; Alliance<\/title>\n<meta name=\"description\" content=\"2025 was intense but also inspiring. I&#039;d like to look back and share what we accomplished together as a community.\" \/>\n<meta name=\"robots\" content=\"index, follow, max-snippet:-1, max-image-preview:large, max-video-preview:-1\" \/>\n<link rel=\"canonical\" href=\"https:\/\/worldvapersalliance.com\/pt\/wrapped-our-year-together-at-the-world-vapers-alliance\/\" \/>\n<meta property=\"og:locale\" content=\"pt_PT\" \/>\n<meta property=\"og:type\" content=\"article\" \/>\n<meta property=\"og:title\" content=\"Wrapped: Our Year Together at the World Vapers Alliance - World Vapers&#039; Alliance\" \/>\n<meta property=\"og:description\" content=\"2025 was intense but also inspiring. I&#039;d like to look back and share what we accomplished together as a community.\" \/>\n<meta property=\"og:url\" content=\"https:\/\/worldvapersalliance.com\/pt\/wrapped-our-year-together-at-the-world-vapers-alliance\/\" \/>\n<meta property=\"og:site_name\" content=\"World Vapers&#039; Alliance\" \/>\n<meta property=\"article:published_time\" content=\"2025-12-24T23:39:39+00:00\" \/>\n<meta property=\"og:image\" content=\"https:\/\/worldvapersalliance.com\/wp-content\/uploads\/2025\/12\/Year-in-review-blog-image-1024x945.png\" \/>\n\t<meta property=\"og:image:width\" content=\"1024\" \/>\n\t<meta property=\"og:image:height\" content=\"945\" \/>\n\t<meta property=\"og:image:type\" content=\"image\/png\" \/>\n<meta name=\"author\" content=\"Michael Landl\" \/>\n<meta name=\"twitter:card\" content=\"summary_large_image\" \/>\n<meta name=\"twitter:label1\" content=\"Escrito por\" \/>\n\t<meta name=\"twitter:data1\" content=\"Michael Landl\" \/>\n\t<meta name=\"twitter:label2\" content=\"Tempo estimado de leitura\" \/>\n\t<meta name=\"twitter:data2\" content=\"8 minutos\" \/>\n<script type=\"application\/ld+json\" class=\"yoast-schema-graph\">{\"@context\":\"https:\\\/\\\/schema.org\",\"@graph\":[{\"@type\":\"Article\",\"@id\":\"https:\\\/\\\/worldvapersalliance.com\\\/wrapped-our-year-together-at-the-world-vapers-alliance\\\/#article\",\"isPartOf\":{\"@id\":\"https:\\\/\\\/worldvapersalliance.com\\\/wrapped-our-year-together-at-the-world-vapers-alliance\\\/\"},\"author\":{\"name\":\"Michael Landl\",\"@id\":\"https:\\\/\\\/worldvapersalliance.com\\\/#\\\/schema\\\/person\\\/05f663571d787d89a2d5c77c482a6583\"},\"headline\":\"Wrapped: Our Year Together at the World Vapers Alliance\",\"datePublished\":\"2025-12-24T23:39:39+00:00\",\"mainEntityOfPage\":{\"@id\":\"https:\\\/\\\/worldvapersalliance.com\\\/wrapped-our-year-together-at-the-world-vapers-alliance\\\/\"},\"wordCount\":1361,\"commentCount\":0,\"publisher\":{\"@id\":\"https:\\\/\\\/worldvapersalliance.com\\\/#organization\"},\"image\":{\"@id\":\"https:\\\/\\\/worldvapersalliance.com\\\/wrapped-our-year-together-at-the-world-vapers-alliance\\\/#primaryimage\"},\"thumbnailUrl\":\"https:\\\/\\\/worldvapersalliance.com\\\/wp-content\\\/uploads\\\/2025\\\/12\\\/Year-in-review-blog-image.png\",\"articleSection\":[\"Blog\"],\"inLanguage\":\"pt-PT\",\"potentialAction\":[{\"@type\":\"CommentAction\",\"name\":\"Comment\",\"target\":[\"https:\\\/\\\/worldvapersalliance.com\\\/wrapped-our-year-together-at-the-world-vapers-alliance\\\/#respond\"]}]},{\"@type\":\"WebPage\",\"@id\":\"https:\\\/\\\/worldvapersalliance.com\\\/wrapped-our-year-together-at-the-world-vapers-alliance\\\/\",\"url\":\"https:\\\/\\\/worldvapersalliance.com\\\/wrapped-our-year-together-at-the-world-vapers-alliance\\\/\",\"name\":\"Wrapped: Our Year Together at the World Vapers Alliance - World Vapers&#039; Alliance\",\"isPartOf\":{\"@id\":\"https:\\\/\\\/worldvapersalliance.com\\\/#website\"},\"primaryImageOfPage\":{\"@id\":\"https:\\\/\\\/worldvapersalliance.com\\\/wrapped-our-year-together-at-the-world-vapers-alliance\\\/#primaryimage\"},\"image\":{\"@id\":\"https:\\\/\\\/worldvapersalliance.com\\\/wrapped-our-year-together-at-the-world-vapers-alliance\\\/#primaryimage\"},\"thumbnailUrl\":\"https:\\\/\\\/worldvapersalliance.com\\\/wp-content\\\/uploads\\\/2025\\\/12\\\/Year-in-review-blog-image.png\",\"datePublished\":\"2025-12-24T23:39:39+00:00\",\"description\":\"2025 was intense but also inspiring. I'd like to look back and share what we accomplished together as a community.\",\"inLanguage\":\"pt-PT\",\"potentialAction\":[{\"@type\":\"ReadAction\",\"target\":[\"https:\\\/\\\/worldvapersalliance.com\\\/wrapped-our-year-together-at-the-world-vapers-alliance\\\/\"]}]},{\"@type\":\"ImageObject\",\"inLanguage\":\"pt-PT\",\"@id\":\"https:\\\/\\\/worldvapersalliance.com\\\/wrapped-our-year-together-at-the-world-vapers-alliance\\\/#primaryimage\",\"url\":\"https:\\\/\\\/worldvapersalliance.com\\\/wp-content\\\/uploads\\\/2025\\\/12\\\/Year-in-review-blog-image.png\",\"contentUrl\":\"https:\\\/\\\/worldvapersalliance.com\\\/wp-content\\\/uploads\\\/2025\\\/12\\\/Year-in-review-blog-image.png\",\"width\":2081,\"height\":1920},{\"@type\":\"WebSite\",\"@id\":\"https:\\\/\\\/worldvapersalliance.com\\\/#website\",\"url\":\"https:\\\/\\\/worldvapersalliance.com\\\/\",\"name\":\"World Vapers&#039; Alliance\",\"description\":\"The largest community of vapers\",\"publisher\":{\"@id\":\"https:\\\/\\\/worldvapersalliance.com\\\/#organization\"},\"potentialAction\":[{\"@type\":\"SearchAction\",\"target\":{\"@type\":\"EntryPoint\",\"urlTemplate\":\"https:\\\/\\\/worldvapersalliance.com\\\/?s={search_term_string}\"},\"query-input\":{\"@type\":\"PropertyValueSpecification\",\"valueRequired\":true,\"valueName\":\"search_term_string\"}}],\"inLanguage\":\"pt-PT\"},{\"@type\":\"Organization\",\"@id\":\"https:\\\/\\\/worldvapersalliance.com\\\/#organization\",\"name\":\"World Vapers&#039; Alliance\",\"url\":\"https:\\\/\\\/worldvapersalliance.com\\\/\",\"logo\":{\"@type\":\"ImageObject\",\"inLanguage\":\"pt-PT\",\"@id\":\"https:\\\/\\\/worldvapersalliance.com\\\/#\\\/schema\\\/logo\\\/image\\\/\",\"url\":\"https:\\\/\\\/worldvapersalliance.com\\\/wp-content\\\/uploads\\\/2022\\\/01\\\/WVA_RB_Fist_G.png\",\"contentUrl\":\"https:\\\/\\\/worldvapersalliance.com\\\/wp-content\\\/uploads\\\/2022\\\/01\\\/WVA_RB_Fist_G.png\",\"width\":985,\"height\":1177,\"caption\":\"World Vapers&#039; Alliance\"},\"image\":{\"@id\":\"https:\\\/\\\/worldvapersalliance.com\\\/#\\\/schema\\\/logo\\\/image\\\/\"}},{\"@type\":\"Person\",\"@id\":\"https:\\\/\\\/worldvapersalliance.com\\\/#\\\/schema\\\/person\\\/05f663571d787d89a2d5c77c482a6583\",\"name\":\"Michael Landl\",\"image\":{\"@type\":\"ImageObject\",\"inLanguage\":\"pt-PT\",\"@id\":\"https:\\\/\\\/secure.gravatar.com\\\/avatar\\\/1537a11db5ae7fef0631b6c662f439d8a632c50630c980828d0e2c4de581568b?s=96&d=mm&r=g\",\"url\":\"https:\\\/\\\/secure.gravatar.com\\\/avatar\\\/1537a11db5ae7fef0631b6c662f439d8a632c50630c980828d0e2c4de581568b?s=96&d=mm&r=g\",\"contentUrl\":\"https:\\\/\\\/secure.gravatar.com\\\/avatar\\\/1537a11db5ae7fef0631b6c662f439d8a632c50630c980828d0e2c4de581568b?s=96&d=mm&r=g\",\"caption\":\"Michael Landl\"},\"url\":\"https:\\\/\\\/worldvapersalliance.com\\\/pt\\\/author\\\/michael\\\/\"}]}<\/script>\n<!-- \/ Yoast SEO plugin. -->","yoast_head_json":{"title":"Resumo: Nosso ano juntos na World Vapers Alliance - World Vapers&#039; Alliance","description":"2025 foi um ano intenso, mas tamb\u00e9m inspirador. Gostaria de olhar para tr\u00e1s e compartilhar o que conquistamos juntos como comunidade.","robots":{"index":"index","follow":"follow","max-snippet":"max-snippet:-1","max-image-preview":"max-image-preview:large","max-video-preview":"max-video-preview:-1"},"canonical":"https:\/\/worldvapersalliance.com\/pt\/wrapped-our-year-together-at-the-world-vapers-alliance\/","og_locale":"pt_PT","og_type":"article","og_title":"Wrapped: Our Year Together at the World Vapers Alliance - World Vapers&#039; Alliance","og_description":"2025 was intense but also inspiring. I'd like to look back and share what we accomplished together as a community.","og_url":"https:\/\/worldvapersalliance.com\/pt\/wrapped-our-year-together-at-the-world-vapers-alliance\/","og_site_name":"World Vapers&#039; Alliance","article_published_time":"2025-12-24T23:39:39+00:00","og_image":[{"width":1024,"height":945,"url":"https:\/\/worldvapersalliance.com\/wp-content\/uploads\/2025\/12\/Year-in-review-blog-image-1024x945.png","type":"image\/png"}],"author":"Michael Landl","twitter_card":"summary_large_image","twitter_misc":{"Escrito por":"Michael Landl","Tempo estimado de leitura":"8 minutos"},"schema":{"@context":"https:\/\/schema.org","@graph":[{"@type":"Article","@id":"https:\/\/worldvapersalliance.com\/wrapped-our-year-together-at-the-world-vapers-alliance\/#article","isPartOf":{"@id":"https:\/\/worldvapersalliance.com\/wrapped-our-year-together-at-the-world-vapers-alliance\/"},"author":{"name":"Michael Landl","@id":"https:\/\/worldvapersalliance.com\/#\/schema\/person\/05f663571d787d89a2d5c77c482a6583"},"headline":"Wrapped: Our Year Together at the World Vapers Alliance","datePublished":"2025-12-24T23:39:39+00:00","mainEntityOfPage":{"@id":"https:\/\/worldvapersalliance.com\/wrapped-our-year-together-at-the-world-vapers-alliance\/"},"wordCount":1361,"commentCount":0,"publisher":{"@id":"https:\/\/worldvapersalliance.com\/#organization"},"image":{"@id":"https:\/\/worldvapersalliance.com\/wrapped-our-year-together-at-the-world-vapers-alliance\/#primaryimage"},"thumbnailUrl":"https:\/\/worldvapersalliance.com\/wp-content\/uploads\/2025\/12\/Year-in-review-blog-image.png","articleSection":["Blog"],"inLanguage":"pt-PT","potentialAction":[{"@type":"CommentAction","name":"Comment","target":["https:\/\/worldvapersalliance.com\/wrapped-our-year-together-at-the-world-vapers-alliance\/#respond"]}]},{"@type":"WebPage","@id":"https:\/\/worldvapersalliance.com\/wrapped-our-year-together-at-the-world-vapers-alliance\/","url":"https:\/\/worldvapersalliance.com\/wrapped-our-year-together-at-the-world-vapers-alliance\/","name":"Resumo: Nosso ano juntos na World Vapers Alliance - World Vapers&#039; Alliance","isPartOf":{"@id":"https:\/\/worldvapersalliance.com\/#website"},"primaryImageOfPage":{"@id":"https:\/\/worldvapersalliance.com\/wrapped-our-year-together-at-the-world-vapers-alliance\/#primaryimage"},"image":{"@id":"https:\/\/worldvapersalliance.com\/wrapped-our-year-together-at-the-world-vapers-alliance\/#primaryimage"},"thumbnailUrl":"https:\/\/worldvapersalliance.com\/wp-content\/uploads\/2025\/12\/Year-in-review-blog-image.png","datePublished":"2025-12-24T23:39:39+00:00","description":"2025 foi um ano intenso, mas tamb\u00e9m inspirador. Gostaria de olhar para tr\u00e1s e compartilhar o que conquistamos juntos como comunidade.","inLanguage":"pt-PT","potentialAction":[{"@type":"ReadAction","target":["https:\/\/worldvapersalliance.com\/wrapped-our-year-together-at-the-world-vapers-alliance\/"]}]},{"@type":"ImageObject","inLanguage":"pt-PT","@id":"https:\/\/worldvapersalliance.com\/wrapped-our-year-together-at-the-world-vapers-alliance\/#primaryimage","url":"https:\/\/worldvapersalliance.com\/wp-content\/uploads\/2025\/12\/Year-in-review-blog-image.png","contentUrl":"https:\/\/worldvapersalliance.com\/wp-content\/uploads\/2025\/12\/Year-in-review-blog-image.png","width":2081,"height":1920},{"@type":"WebSite","@id":"https:\/\/worldvapersalliance.com\/#website","url":"https:\/\/worldvapersalliance.com\/","name":"Alian\u00e7a Mundial de Vapers","description":"A maior comunidade de vapers","publisher":{"@id":"https:\/\/worldvapersalliance.com\/#organization"},"potentialAction":[{"@type":"SearchAction","target":{"@type":"EntryPoint","urlTemplate":"https:\/\/worldvapersalliance.com\/?s={search_term_string}"},"query-input":{"@type":"PropertyValueSpecification","valueRequired":true,"valueName":"search_term_string"}}],"inLanguage":"pt-PT"},{"@type":"Organization","@id":"https:\/\/worldvapersalliance.com\/#organization","name":"Alian\u00e7a Mundial de Vapers","url":"https:\/\/worldvapersalliance.com\/","logo":{"@type":"ImageObject","inLanguage":"pt-PT","@id":"https:\/\/worldvapersalliance.com\/#\/schema\/logo\/image\/","url":"https:\/\/worldvapersalliance.com\/wp-content\/uploads\/2022\/01\/WVA_RB_Fist_G.png","contentUrl":"https:\/\/worldvapersalliance.com\/wp-content\/uploads\/2022\/01\/WVA_RB_Fist_G.png","width":985,"height":1177,"caption":"World Vapers&#039; Alliance"},"image":{"@id":"https:\/\/worldvapersalliance.com\/#\/schema\/logo\/image\/"}},{"@type":"Person","@id":"https:\/\/worldvapersalliance.com\/#\/schema\/person\/05f663571d787d89a2d5c77c482a6583","name":"Michael Landl","image":{"@type":"ImageObject","inLanguage":"pt-PT","@id":"https:\/\/secure.gravatar.com\/avatar\/1537a11db5ae7fef0631b6c662f439d8a632c50630c980828d0e2c4de581568b?s=96&d=mm&r=g","url":"https:\/\/secure.gravatar.com\/avatar\/1537a11db5ae7fef0631b6c662f439d8a632c50630c980828d0e2c4de581568b?s=96&d=mm&r=g","contentUrl":"https:\/\/secure.gravatar.com\/avatar\/1537a11db5ae7fef0631b6c662f439d8a632c50630c980828d0e2c4de581568b?s=96&d=mm&r=g","caption":"Michael Landl"},"url":"https:\/\/worldvapersalliance.com\/pt\/author\/michael\/"}]}},"_links":{"self":[{"href":"https:\/\/worldvapersalliance.com\/pt\/wp-json\/wp\/v2\/posts\/6648","targetHints":{"allow":["GET"]}}],"collection":[{"href":"https:\/\/worldvapersalliance.com\/pt\/wp-json\/wp\/v2\/posts"}],"about":[{"href":"https:\/\/worldvapersalliance.com\/pt\/wp-json\/wp\/v2\/types\/post"}],"author":[{"embeddable":true,"href":"https:\/\/worldvapersalliance.com\/pt\/wp-json\/wp\/v2\/users\/4"}],"replies":[{"embeddable":true,"href":"https:\/\/worldvapersalliance.com\/pt\/wp-json\/wp\/v2\/comments?post=6648"}],"version-history":[{"count":0,"href":"https:\/\/worldvapersalliance.com\/pt\/wp-json\/wp\/v2\/posts\/6648\/revisions"}],"wp:featuredmedia":[{"embeddable":true,"href":"https:\/\/worldvapersalliance.com\/pt\/wp-json\/wp\/v2\/media\/6659"}],"wp:attachment":[{"href":"https:\/\/worldvapersalliance.com\/pt\/wp-json\/wp\/v2\/media?parent=6648"}],"wp:term":[{"taxonomy":"category","embeddable":true,"href":"https:\/\/worldvapersalliance.com\/pt\/wp-json\/wp\/v2\/categories?post=6648"},{"taxonomy":"post_tag","embeddable":true,"href":"https:\/\/worldvapersalliance.com\/pt\/wp-json\/wp\/v2\/tags?post=6648"}],"curies":[{"name":"wp","href":"https:\/\/api.w.org\/{rel}","templated":true}]}}