{"id":6309,"date":"2025-05-30T09:08:07","date_gmt":"2025-05-30T13:08:07","guid":{"rendered":"https:\/\/worldvapersalliance.com\/?p=6309"},"modified":"2025-06-17T09:10:47","modified_gmt":"2025-06-17T13:10:47","slug":"por-que-hoy-30-de-mayo-es-dia-mundial-del-vapeo-esta-es-la-razon-de-su-origen-te-sorprendera-la-respuesta","status":"publish","type":"post","link":"https:\/\/worldvapersalliance.com\/pt\/por-que-hoy-30-de-mayo-es-dia-mundial-del-vapeo-esta-es-la-razon-de-su-origen-te-sorprendera-la-respuesta\/","title":{"rendered":"Por que hoje 30 de maio \u00e9 o Dia Mundial do Vapeo? Esta \u00e9 a raz\u00e3o de ser\u2026"},"content":{"rendered":"<p class=\"paragraph\">No dia 30 de maio, a comunidade global do\u00a0<b>vapeo<\/b>\u00a0comemorar\u00e1 d\u00e9cadas de avan\u00e7o na redu\u00e7\u00e3o de danos relacionados ao tabaquismo. Segundo informou\u00a0<b>Alian\u00e7a Mundial de Vapers<\/b>, esta data, conhecida como o D\u00eda Mundial del Vapeo, \u00e9 celebrada estrategicamente um dia antes do D\u00eda Mundial Sem Tabaco, proclamado pela Organiza\u00e7\u00e3o Mundial da Sa\u00fade (OMS).<\/p>\n<p class=\"paragraph\">O objetivo \u00e9 destacar o papel da cigarrilha eletr\u00f4nica e outras ferramentas de redu\u00e7\u00e3o de danos como m\u00e9todos eficazes para ajudar os fumadores a abandonar o consumo de cigarrilhas tradicionais.<\/p>\n<p class=\"paragraph\">Seg\u00fan detall\u00f3 la\u00a0<b>Alian\u00e7a Mundial de Vapers<\/b>, os avan\u00e7os em seguran\u00e7a, sabores e acessibilidade se transformaram no vapor em uma chave herramienta para reduzir os danos associados ao tabaquismo. Nas \u00faltimas d\u00e9cadas, milh\u00f5es de pessoas deixaram de fumar gra\u00e7as a esta alternativa, o que refutou o lema da organiza\u00e7\u00e3o: \u201cO vapor funciona, o vapor salva vidas\u201d.<\/p>\n<p>Leia o texto completo <a href=\"https:\/\/www.infobae.com\/mexico\/2025\/05\/30\/30-de-mayo-dia-mundial-del-vapeo\/\" target=\"_blank\" rel=\"noopener\">aqui.<\/a><\/p>","protected":false},"excerpt":{"rendered":"<p>El 30 de mayo, la comunidad global del\u00a0vapeo\u00a0conmemorar\u00e1 dos d\u00e9cadas de avances en la reducci\u00f3n de da\u00f1os relacionados con el tabaquismo. Seg\u00fan inform\u00f3 la\u00a0World Vapers\u2019 Alliance, esta fecha, conocida como el D\u00eda Mundial del Vapeo, se celebra estrat\u00e9gicamente un d\u00eda antes del D\u00eda Mundial Sin Tabaco, proclamado por la Organizaci\u00f3n Mundial de la Salud (OMS). [&hellip;]<\/p>\n","protected":false},"author":11,"featured_media":6394,"comment_status":"open","ping_status":"open","sticky":false,"template":"","format":"standard","meta":{"footnotes":""},"categories":[15],"tags":[],"class_list":["post-6309","post","type-post","status-publish","format-standard","has-post-thumbnail","hentry","category-wva-in-the-news"],"yoast_head":"<!-- This site is optimized with the Yoast SEO plugin v27.3 - https:\/\/yoast.com\/product\/yoast-seo-wordpress\/ -->\n<title>\u00bfPor qu\u00e9 hoy 30 de mayo es D\u00eda Mundial del Vapeo? Esta es la raz\u00f3n de su origen, te sorprender\u00e1 la respuesta - World Vapers&#039; Alliance<\/title>\n<meta name=\"robots\" content=\"index, follow, max-snippet:-1, max-image-preview:large, max-video-preview:-1\" \/>\n<link rel=\"canonical\" href=\"https:\/\/worldvapersalliance.com\/pt\/por-que-hoy-30-de-mayo-es-dia-mundial-del-vapeo-esta-es-la-razon-de-su-origen-te-sorprendera-la-respuesta\/\" \/>\n<meta property=\"og:locale\" content=\"pt_PT\" \/>\n<meta property=\"og:type\" content=\"article\" \/>\n<meta property=\"og:title\" content=\"\u00bfPor qu\u00e9 hoy 30 de mayo es D\u00eda Mundial del Vapeo? Esta es la raz\u00f3n de su origen, te sorprender\u00e1 la respuesta - World Vapers&#039; Alliance\" \/>\n<meta property=\"og:description\" content=\"El 30 de mayo, la comunidad global del\u00a0vapeo\u00a0conmemorar\u00e1 dos d\u00e9cadas de avances en la reducci\u00f3n de da\u00f1os relacionados con el tabaquismo. Seg\u00fan inform\u00f3 la\u00a0World Vapers\u2019 Alliance, esta fecha, conocida como el D\u00eda Mundial del Vapeo, se celebra estrat\u00e9gicamente un d\u00eda antes del D\u00eda Mundial Sin Tabaco, proclamado por la Organizaci\u00f3n Mundial de la Salud (OMS). [&hellip;]\" \/>\n<meta property=\"og:url\" content=\"https:\/\/worldvapersalliance.com\/pt\/por-que-hoy-30-de-mayo-es-dia-mundial-del-vapeo-esta-es-la-razon-de-su-origen-te-sorprendera-la-respuesta\/\" \/>\n<meta property=\"og:site_name\" content=\"World Vapers&#039; Alliance\" \/>\n<meta property=\"article:published_time\" content=\"2025-05-30T13:08:07+00:00\" \/>\n<meta property=\"article:modified_time\" content=\"2025-06-17T13:10:47+00:00\" \/>\n<meta property=\"og:image\" content=\"https:\/\/worldvapersalliance.com\/wp-content\/uploads\/2025\/06\/Infobae.png\" \/>\n\t<meta property=\"og:image:width\" content=\"940\" \/>\n\t<meta property=\"og:image:height\" content=\"788\" \/>\n\t<meta property=\"og:image:type\" content=\"image\/png\" \/>\n<meta name=\"author\" content=\"World Vapers&#039; Alliance\" \/>\n<meta name=\"twitter:card\" content=\"summary_large_image\" \/>\n<meta name=\"twitter:label1\" content=\"Escrito por\" \/>\n\t<meta name=\"twitter:data1\" content=\"World Vapers&#039; Alliance\" \/>\n\t<meta name=\"twitter:label2\" content=\"Tempo estimado de leitura\" \/>\n\t<meta name=\"twitter:data2\" content=\"1 minuto\" \/>\n<script type=\"application\/ld+json\" class=\"yoast-schema-graph\">{\"@context\":\"https:\\\/\\\/schema.org\",\"@graph\":[{\"@type\":\"Article\",\"@id\":\"https:\\\/\\\/worldvapersalliance.com\\\/por-que-hoy-30-de-mayo-es-dia-mundial-del-vapeo-esta-es-la-razon-de-su-origen-te-sorprendera-la-respuesta\\\/#article\",\"isPartOf\":{\"@id\":\"https:\\\/\\\/worldvapersalliance.com\\\/por-que-hoy-30-de-mayo-es-dia-mundial-del-vapeo-esta-es-la-razon-de-su-origen-te-sorprendera-la-respuesta\\\/\"},\"author\":{\"name\":\"World Vapers' Alliance\",\"@id\":\"https:\\\/\\\/worldvapersalliance.com\\\/#\\\/schema\\\/person\\\/18484a6f20bcc6f70a2419c8babe017d\"},\"headline\":\"\u00bfPor qu\u00e9 hoy 30 de mayo es D\u00eda Mundial del Vapeo? Esta es la raz\u00f3n de s &hellip;\",\"datePublished\":\"2025-05-30T13:08:07+00:00\",\"dateModified\":\"2025-06-17T13:10:47+00:00\",\"mainEntityOfPage\":{\"@id\":\"https:\\\/\\\/worldvapersalliance.com\\\/por-que-hoy-30-de-mayo-es-dia-mundial-del-vapeo-esta-es-la-razon-de-su-origen-te-sorprendera-la-respuesta\\\/\"},\"wordCount\":192,\"commentCount\":0,\"publisher\":{\"@id\":\"https:\\\/\\\/worldvapersalliance.com\\\/#organization\"},\"image\":{\"@id\":\"https:\\\/\\\/worldvapersalliance.com\\\/por-que-hoy-30-de-mayo-es-dia-mundial-del-vapeo-esta-es-la-razon-de-su-origen-te-sorprendera-la-respuesta\\\/#primaryimage\"},\"thumbnailUrl\":\"https:\\\/\\\/worldvapersalliance.com\\\/wp-content\\\/uploads\\\/2025\\\/08\\\/WVA-in-the-news.png\",\"articleSection\":[\"WVA in the News\"],\"inLanguage\":\"pt-PT\",\"potentialAction\":[{\"@type\":\"CommentAction\",\"name\":\"Comment\",\"target\":[\"https:\\\/\\\/worldvapersalliance.com\\\/por-que-hoy-30-de-mayo-es-dia-mundial-del-vapeo-esta-es-la-razon-de-su-origen-te-sorprendera-la-respuesta\\\/#respond\"]}]},{\"@type\":\"WebPage\",\"@id\":\"https:\\\/\\\/worldvapersalliance.com\\\/por-que-hoy-30-de-mayo-es-dia-mundial-del-vapeo-esta-es-la-razon-de-su-origen-te-sorprendera-la-respuesta\\\/\",\"url\":\"https:\\\/\\\/worldvapersalliance.com\\\/por-que-hoy-30-de-mayo-es-dia-mundial-del-vapeo-esta-es-la-razon-de-su-origen-te-sorprendera-la-respuesta\\\/\",\"name\":\"\u00bfPor qu\u00e9 hoy 30 de mayo es D\u00eda Mundial del Vapeo? Esta es la raz\u00f3n de su origen, te sorprender\u00e1 la respuesta - World Vapers&#039; Alliance\",\"isPartOf\":{\"@id\":\"https:\\\/\\\/worldvapersalliance.com\\\/#website\"},\"primaryImageOfPage\":{\"@id\":\"https:\\\/\\\/worldvapersalliance.com\\\/por-que-hoy-30-de-mayo-es-dia-mundial-del-vapeo-esta-es-la-razon-de-su-origen-te-sorprendera-la-respuesta\\\/#primaryimage\"},\"image\":{\"@id\":\"https:\\\/\\\/worldvapersalliance.com\\\/por-que-hoy-30-de-mayo-es-dia-mundial-del-vapeo-esta-es-la-razon-de-su-origen-te-sorprendera-la-respuesta\\\/#primaryimage\"},\"thumbnailUrl\":\"https:\\\/\\\/worldvapersalliance.com\\\/wp-content\\\/uploads\\\/2025\\\/08\\\/WVA-in-the-news.png\",\"datePublished\":\"2025-05-30T13:08:07+00:00\",\"dateModified\":\"2025-06-17T13:10:47+00:00\",\"inLanguage\":\"pt-PT\",\"potentialAction\":[{\"@type\":\"ReadAction\",\"target\":[\"https:\\\/\\\/worldvapersalliance.com\\\/por-que-hoy-30-de-mayo-es-dia-mundial-del-vapeo-esta-es-la-razon-de-su-origen-te-sorprendera-la-respuesta\\\/\"]}]},{\"@type\":\"ImageObject\",\"inLanguage\":\"pt-PT\",\"@id\":\"https:\\\/\\\/worldvapersalliance.com\\\/por-que-hoy-30-de-mayo-es-dia-mundial-del-vapeo-esta-es-la-razon-de-su-origen-te-sorprendera-la-respuesta\\\/#primaryimage\",\"url\":\"https:\\\/\\\/worldvapersalliance.com\\\/wp-content\\\/uploads\\\/2025\\\/08\\\/WVA-in-the-news.png\",\"contentUrl\":\"https:\\\/\\\/worldvapersalliance.com\\\/wp-content\\\/uploads\\\/2025\\\/08\\\/WVA-in-the-news.png\",\"width\":1264,\"height\":848},{\"@type\":\"WebSite\",\"@id\":\"https:\\\/\\\/worldvapersalliance.com\\\/#website\",\"url\":\"https:\\\/\\\/worldvapersalliance.com\\\/\",\"name\":\"World Vapers&#039; Alliance\",\"description\":\"The largest community of vapers\",\"publisher\":{\"@id\":\"https:\\\/\\\/worldvapersalliance.com\\\/#organization\"},\"potentialAction\":[{\"@type\":\"SearchAction\",\"target\":{\"@type\":\"EntryPoint\",\"urlTemplate\":\"https:\\\/\\\/worldvapersalliance.com\\\/?s={search_term_string}\"},\"query-input\":{\"@type\":\"PropertyValueSpecification\",\"valueRequired\":true,\"valueName\":\"search_term_string\"}}],\"inLanguage\":\"pt-PT\"},{\"@type\":\"Organization\",\"@id\":\"https:\\\/\\\/worldvapersalliance.com\\\/#organization\",\"name\":\"World Vapers&#039; Alliance\",\"url\":\"https:\\\/\\\/worldvapersalliance.com\\\/\",\"logo\":{\"@type\":\"ImageObject\",\"inLanguage\":\"pt-PT\",\"@id\":\"https:\\\/\\\/worldvapersalliance.com\\\/#\\\/schema\\\/logo\\\/image\\\/\",\"url\":\"https:\\\/\\\/worldvapersalliance.com\\\/wp-content\\\/uploads\\\/2022\\\/01\\\/WVA_RB_Fist_G.png\",\"contentUrl\":\"https:\\\/\\\/worldvapersalliance.com\\\/wp-content\\\/uploads\\\/2022\\\/01\\\/WVA_RB_Fist_G.png\",\"width\":985,\"height\":1177,\"caption\":\"World Vapers&#039; Alliance\"},\"image\":{\"@id\":\"https:\\\/\\\/worldvapersalliance.com\\\/#\\\/schema\\\/logo\\\/image\\\/\"}},{\"@type\":\"Person\",\"@id\":\"https:\\\/\\\/worldvapersalliance.com\\\/#\\\/schema\\\/person\\\/18484a6f20bcc6f70a2419c8babe017d\",\"name\":\"World Vapers' Alliance\",\"image\":{\"@type\":\"ImageObject\",\"inLanguage\":\"pt-PT\",\"@id\":\"https:\\\/\\\/secure.gravatar.com\\\/avatar\\\/456bf795c7a47c9ac527a94da4bff150aa49e48726d69bee9937f8383cffa246?s=96&d=mm&r=g\",\"url\":\"https:\\\/\\\/secure.gravatar.com\\\/avatar\\\/456bf795c7a47c9ac527a94da4bff150aa49e48726d69bee9937f8383cffa246?s=96&d=mm&r=g\",\"contentUrl\":\"https:\\\/\\\/secure.gravatar.com\\\/avatar\\\/456bf795c7a47c9ac527a94da4bff150aa49e48726d69bee9937f8383cffa246?s=96&d=mm&r=g\",\"caption\":\"World Vapers' Alliance\"},\"url\":\"https:\\\/\\\/worldvapersalliance.com\\\/pt\\\/author\\\/wva\\\/\"}]}<\/script>\n<!-- \/ Yoast SEO plugin. -->","yoast_head_json":{"title":"Por que hoje 30 de maio \u00e9 o Dia Mundial do Vapeo? Esta \u00e9 a raz\u00e3o de sua origem, voc\u00ea surpreender\u00e1 a resposta - World Vapers&#039; Alliance","robots":{"index":"index","follow":"follow","max-snippet":"max-snippet:-1","max-image-preview":"max-image-preview:large","max-video-preview":"max-video-preview:-1"},"canonical":"https:\/\/worldvapersalliance.com\/pt\/por-que-hoy-30-de-mayo-es-dia-mundial-del-vapeo-esta-es-la-razon-de-su-origen-te-sorprendera-la-respuesta\/","og_locale":"pt_PT","og_type":"article","og_title":"\u00bfPor qu\u00e9 hoy 30 de mayo es D\u00eda Mundial del Vapeo? Esta es la raz\u00f3n de su origen, te sorprender\u00e1 la respuesta - World Vapers&#039; Alliance","og_description":"El 30 de mayo, la comunidad global del\u00a0vapeo\u00a0conmemorar\u00e1 dos d\u00e9cadas de avances en la reducci\u00f3n de da\u00f1os relacionados con el tabaquismo. Seg\u00fan inform\u00f3 la\u00a0World Vapers\u2019 Alliance, esta fecha, conocida como el D\u00eda Mundial del Vapeo, se celebra estrat\u00e9gicamente un d\u00eda antes del D\u00eda Mundial Sin Tabaco, proclamado por la Organizaci\u00f3n Mundial de la Salud (OMS). [&hellip;]","og_url":"https:\/\/worldvapersalliance.com\/pt\/por-que-hoy-30-de-mayo-es-dia-mundial-del-vapeo-esta-es-la-razon-de-su-origen-te-sorprendera-la-respuesta\/","og_site_name":"World Vapers&#039; Alliance","article_published_time":"2025-05-30T13:08:07+00:00","article_modified_time":"2025-06-17T13:10:47+00:00","og_image":[{"width":940,"height":788,"url":"https:\/\/worldvapersalliance.com\/wp-content\/uploads\/2025\/06\/Infobae.png","type":"image\/png"}],"author":"World Vapers' Alliance","twitter_card":"summary_large_image","twitter_misc":{"Escrito por":"World Vapers' Alliance","Tempo estimado de leitura":"1 minuto"},"schema":{"@context":"https:\/\/schema.org","@graph":[{"@type":"Article","@id":"https:\/\/worldvapersalliance.com\/por-que-hoy-30-de-mayo-es-dia-mundial-del-vapeo-esta-es-la-razon-de-su-origen-te-sorprendera-la-respuesta\/#article","isPartOf":{"@id":"https:\/\/worldvapersalliance.com\/por-que-hoy-30-de-mayo-es-dia-mundial-del-vapeo-esta-es-la-razon-de-su-origen-te-sorprendera-la-respuesta\/"},"author":{"name":"World Vapers' Alliance","@id":"https:\/\/worldvapersalliance.com\/#\/schema\/person\/18484a6f20bcc6f70a2419c8babe017d"},"headline":"\u00bfPor qu\u00e9 hoy 30 de mayo es D\u00eda Mundial del Vapeo? Esta es la raz\u00f3n de s &hellip;","datePublished":"2025-05-30T13:08:07+00:00","dateModified":"2025-06-17T13:10:47+00:00","mainEntityOfPage":{"@id":"https:\/\/worldvapersalliance.com\/por-que-hoy-30-de-mayo-es-dia-mundial-del-vapeo-esta-es-la-razon-de-su-origen-te-sorprendera-la-respuesta\/"},"wordCount":192,"commentCount":0,"publisher":{"@id":"https:\/\/worldvapersalliance.com\/#organization"},"image":{"@id":"https:\/\/worldvapersalliance.com\/por-que-hoy-30-de-mayo-es-dia-mundial-del-vapeo-esta-es-la-razon-de-su-origen-te-sorprendera-la-respuesta\/#primaryimage"},"thumbnailUrl":"https:\/\/worldvapersalliance.com\/wp-content\/uploads\/2025\/08\/WVA-in-the-news.png","articleSection":["WVA in the News"],"inLanguage":"pt-PT","potentialAction":[{"@type":"CommentAction","name":"Comment","target":["https:\/\/worldvapersalliance.com\/por-que-hoy-30-de-mayo-es-dia-mundial-del-vapeo-esta-es-la-razon-de-su-origen-te-sorprendera-la-respuesta\/#respond"]}]},{"@type":"WebPage","@id":"https:\/\/worldvapersalliance.com\/por-que-hoy-30-de-mayo-es-dia-mundial-del-vapeo-esta-es-la-razon-de-su-origen-te-sorprendera-la-respuesta\/","url":"https:\/\/worldvapersalliance.com\/por-que-hoy-30-de-mayo-es-dia-mundial-del-vapeo-esta-es-la-razon-de-su-origen-te-sorprendera-la-respuesta\/","name":"Por que hoje 30 de maio \u00e9 o Dia Mundial do Vapeo? Esta \u00e9 a raz\u00e3o de sua origem, voc\u00ea surpreender\u00e1 a resposta - World Vapers&#039; Alliance","isPartOf":{"@id":"https:\/\/worldvapersalliance.com\/#website"},"primaryImageOfPage":{"@id":"https:\/\/worldvapersalliance.com\/por-que-hoy-30-de-mayo-es-dia-mundial-del-vapeo-esta-es-la-razon-de-su-origen-te-sorprendera-la-respuesta\/#primaryimage"},"image":{"@id":"https:\/\/worldvapersalliance.com\/por-que-hoy-30-de-mayo-es-dia-mundial-del-vapeo-esta-es-la-razon-de-su-origen-te-sorprendera-la-respuesta\/#primaryimage"},"thumbnailUrl":"https:\/\/worldvapersalliance.com\/wp-content\/uploads\/2025\/08\/WVA-in-the-news.png","datePublished":"2025-05-30T13:08:07+00:00","dateModified":"2025-06-17T13:10:47+00:00","inLanguage":"pt-PT","potentialAction":[{"@type":"ReadAction","target":["https:\/\/worldvapersalliance.com\/por-que-hoy-30-de-mayo-es-dia-mundial-del-vapeo-esta-es-la-razon-de-su-origen-te-sorprendera-la-respuesta\/"]}]},{"@type":"ImageObject","inLanguage":"pt-PT","@id":"https:\/\/worldvapersalliance.com\/por-que-hoy-30-de-mayo-es-dia-mundial-del-vapeo-esta-es-la-razon-de-su-origen-te-sorprendera-la-respuesta\/#primaryimage","url":"https:\/\/worldvapersalliance.com\/wp-content\/uploads\/2025\/08\/WVA-in-the-news.png","contentUrl":"https:\/\/worldvapersalliance.com\/wp-content\/uploads\/2025\/08\/WVA-in-the-news.png","width":1264,"height":848},{"@type":"WebSite","@id":"https:\/\/worldvapersalliance.com\/#website","url":"https:\/\/worldvapersalliance.com\/","name":"Alian\u00e7a Mundial de Vapers","description":"A maior comunidade de vapers","publisher":{"@id":"https:\/\/worldvapersalliance.com\/#organization"},"potentialAction":[{"@type":"SearchAction","target":{"@type":"EntryPoint","urlTemplate":"https:\/\/worldvapersalliance.com\/?s={search_term_string}"},"query-input":{"@type":"PropertyValueSpecification","valueRequired":true,"valueName":"search_term_string"}}],"inLanguage":"pt-PT"},{"@type":"Organization","@id":"https:\/\/worldvapersalliance.com\/#organization","name":"Alian\u00e7a Mundial de Vapers","url":"https:\/\/worldvapersalliance.com\/","logo":{"@type":"ImageObject","inLanguage":"pt-PT","@id":"https:\/\/worldvapersalliance.com\/#\/schema\/logo\/image\/","url":"https:\/\/worldvapersalliance.com\/wp-content\/uploads\/2022\/01\/WVA_RB_Fist_G.png","contentUrl":"https:\/\/worldvapersalliance.com\/wp-content\/uploads\/2022\/01\/WVA_RB_Fist_G.png","width":985,"height":1177,"caption":"World Vapers&#039; Alliance"},"image":{"@id":"https:\/\/worldvapersalliance.com\/#\/schema\/logo\/image\/"}},{"@type":"Person","@id":"https:\/\/worldvapersalliance.com\/#\/schema\/person\/18484a6f20bcc6f70a2419c8babe017d","name":"Alian\u00e7a Mundial de Vapers","image":{"@type":"ImageObject","inLanguage":"pt-PT","@id":"https:\/\/secure.gravatar.com\/avatar\/456bf795c7a47c9ac527a94da4bff150aa49e48726d69bee9937f8383cffa246?s=96&d=mm&r=g","url":"https:\/\/secure.gravatar.com\/avatar\/456bf795c7a47c9ac527a94da4bff150aa49e48726d69bee9937f8383cffa246?s=96&d=mm&r=g","contentUrl":"https:\/\/secure.gravatar.com\/avatar\/456bf795c7a47c9ac527a94da4bff150aa49e48726d69bee9937f8383cffa246?s=96&d=mm&r=g","caption":"World Vapers' Alliance"},"url":"https:\/\/worldvapersalliance.com\/pt\/author\/wva\/"}]}},"_links":{"self":[{"href":"https:\/\/worldvapersalliance.com\/pt\/wp-json\/wp\/v2\/posts\/6309","targetHints":{"allow":["GET"]}}],"collection":[{"href":"https:\/\/worldvapersalliance.com\/pt\/wp-json\/wp\/v2\/posts"}],"about":[{"href":"https:\/\/worldvapersalliance.com\/pt\/wp-json\/wp\/v2\/types\/post"}],"author":[{"embeddable":true,"href":"https:\/\/worldvapersalliance.com\/pt\/wp-json\/wp\/v2\/users\/11"}],"replies":[{"embeddable":true,"href":"https:\/\/worldvapersalliance.com\/pt\/wp-json\/wp\/v2\/comments?post=6309"}],"version-history":[{"count":0,"href":"https:\/\/worldvapersalliance.com\/pt\/wp-json\/wp\/v2\/posts\/6309\/revisions"}],"wp:featuredmedia":[{"embeddable":true,"href":"https:\/\/worldvapersalliance.com\/pt\/wp-json\/wp\/v2\/media\/6394"}],"wp:attachment":[{"href":"https:\/\/worldvapersalliance.com\/pt\/wp-json\/wp\/v2\/media?parent=6309"}],"wp:term":[{"taxonomy":"category","embeddable":true,"href":"https:\/\/worldvapersalliance.com\/pt\/wp-json\/wp\/v2\/categories?post=6309"},{"taxonomy":"post_tag","embeddable":true,"href":"https:\/\/worldvapersalliance.com\/pt\/wp-json\/wp\/v2\/tags?post=6309"}],"curies":[{"name":"wp","href":"https:\/\/api.w.org\/{rel}","templated":true}]}}