{"id":5927,"date":"2024-11-21T07:14:54","date_gmt":"2024-11-21T12:14:54","guid":{"rendered":"https:\/\/worldvapersalliance.com\/?p=5927"},"modified":"2024-12-06T07:16:23","modified_gmt":"2024-12-06T12:16:23","slug":"el-nuevo-cargo-de-monica-garcia-en-la-oms-un-premio-por-ignorar-la-ciencia-y-castigar-a-los-ciudadanos-en-medio-de-un-escandalo","status":"publish","type":"post","link":"https:\/\/worldvapersalliance.com\/pt\/el-nuevo-cargo-de-monica-garcia-en-la-oms-un-premio-por-ignorar-la-ciencia-y-castigar-a-los-ciudadanos-en-medio-de-un-escandalo\/","title":{"rendered":"A nova carga de M\u00f3nica Garc\u00eda na OMS: Um pr\u00eamio por ignorar a ci\u00eancia \u2026"},"content":{"rendered":"<p>El recente <a href=\"https:\/\/herculesdiario.es\/salud-hercules\/la-oms-ficha-a-monica-garcia-como-representante-de-europa-la-primera-mujer-espanola-en-20-anos\/\">nombramiento<\/a> de M\u00f3nica Garc\u00eda, ministra da Sa\u00fade de Espanha, como representante da Europa no Comit\u00e9 Executivo da Organiza\u00e7\u00e3o Mundial da Sa\u00fade (OMS) \u00e9 um exemplo claro de como <strong>a organiza\u00e7\u00e3o premia os pol\u00edticos que implementam pol\u00edticas proibicionistas e paternalistas, embora sejam carezcan de base cient\u00edfica<\/strong>. Em vez de reconhecer estrat\u00e9gias baseadas na evid\u00eancia, como a redu\u00e7\u00e3o de danos do tabaquismo, <strong>a OMS recompensa a quem promete medidas que perjudicam os cidad\u00e3os e retrocedem na luta contra o tabaquismo.<\/strong><\/p>\n<h4 class=\"wp-block-heading has-medium-font-size\"><strong>Um nome no meio da pol\u00eamica<\/strong><\/h4>\n<p>O contexto da nomea\u00e7\u00e3o de Garc\u00eda n\u00e3o poderia ser mais inc\u00f4modo. A diminui\u00e7\u00e3o de \u00cd\u00f1igo Errej\u00f3n, um dos l\u00edderes chave de Sumar, por den\u00fancias de atos sexuais e comportamentos machistas, foi golpeada duramente no partido. A pr\u00f3pria M\u00f3nica Garc\u00eda <a href=\"https:\/\/okdiario.com\/espana\/monica-garcia-admite-que-conocia-denuncia-agresion-sexual-errejon-julio-2023-13717242\">admitido<\/a> Eu conhe\u00e7o essas acusa\u00e7\u00f5es desde julho de 2023, mas optei pelo sil\u00eancio e pela ina\u00e7\u00e3o. Este caso, que foi relegado mediaticamente atr\u00e1s do desastre da DANA que azotou a Espanha, segue sem esclarec\u00ea-lo por completo, deixando um manto de dudas sobre a responsabilidade de Garc\u00eda e seu partido. No entanto, houve uma demonstra\u00e7\u00e3o da incapacidade do minist\u00e9rio de administrar uma crise interna de seu partido. Seu sil\u00eancio e ina\u00e7\u00e3o evidenciam sua falta de lideran\u00e7a e de princ\u00edpios. M\u00e1xime quando a ex-companheira de partido Tania S\u00e1nchez admitiu que desde o partido preferido n\u00e3o dava import\u00e2ncia aos hechos e rumores de que o comportamento de Errej\u00f3n foi levado porque \u201cera um grande valor pol\u00edtico\u201d.<\/p>\n<p>Al\u00e9m disso, seu hist\u00f3rico pessoal est\u00e1 marcado para casos que questionam sua integridade. Desde que recebi um <a href=\"https:\/\/www.eldebate.com\/espana\/madrid\/20231121\/polemica-salario-doble-monica-garcia-empana-labor-como-ministra-sanidad_155184.html\">sal\u00e1rio duplo<\/a> p\u00fablico durante a desculpa de um \u00aberro administrativo\u00bb, at\u00e9 que sua fam\u00edlia <a href=\"https:\/\/gaceta.es\/uncategorized\/la-familia-de-monica-garcia-cobra-el-bono-social-termico-destinado-a-familias-vulnerables-al-que-dijo-haber-renunciado-20240620-1334\/\">cobrara<\/a> um bono social t\u00e9rmico destinado a fam\u00edlias vulner\u00e1veis, a pesar de sua promessa de renunciar a ele. Por si foi pouco, <strong>seu chal\u00e9 em Cercedilla enfrenta uma possibilidade <a href=\"https:\/\/herculesdiario.es\/madrid\/monica-garcia-tendra-que-abandonar-su-chalet-ilegal-en-cercedilla-en-los-proximos-meses\/\">desahucio<\/a> por irregularidades legais. Esses casos no solo da\u00f1an su imagen<\/strong>, mas tamb\u00e9m gerou d\u00favidas sobre sua capacidade de representar a Europa em um organismo como o OMS.<\/p>\n<h4 class=\"wp-block-heading has-medium-font-size\"><strong>Promovendo pol\u00edticas fracassadas no estilo da OMS<\/strong><\/h4>\n<p>O Minist\u00e9rio da Sa\u00fade, abaixo da lideran\u00e7a de Garc\u00eda, adotou um <strong>abordagem prohibicionista alinhada com as diretrizes da OMS, ignorando as evid\u00eancias cient\u00edficas e os modelos existentes de outros pa\u00edses.<\/strong> Suas propostas para proibir os sabores nos l\u00edquidos de vapor e nos dispositivos destac\u00e1veis s\u00e3o um claro reflexo dessa estrat\u00e9gia falhada. A OMS tentou impor essas medidas erradas na COP10 do Marco da Conven\u00e7\u00e3o para o Controle do Tabaco, e agora encontrou Garc\u00eda como um defensor fiel de suas pol\u00edticas.<\/p>\n<p>O vaporizador \u00e9 uma ferramenta chave para reduzir danos. <a href=\"https:\/\/worldvapersalliance.com\/pt\/harm-reduction-vaping-fact-sheet\/\">Estudos<\/a> parece que \u00e9 um 95% menos prejudicial ao fumo, que elimina a combust\u00e3o e reduz drasticamente a exposi\u00e7\u00e3o a toxinas. Al\u00e9m disso, o vapor \u00e9 mais eficaz do que as terapias tradicionais para deixar de fumar, ajudando milh\u00f5es de pessoas a abandonar o tabaco. Pa\u00edses como <a href=\"https:\/\/worldvapersalliance.com\/pt\/sweden-reduces-smoking-further-an-example-the-eu-can-no-longer-ignore\/\">Suecia<\/a> han demostrurado que <strong>Uma estrat\u00e9gia baseada na redu\u00e7\u00e3o de danos, promovendo alternativas como o snus e o vapeo, pode reduzir as tarifas de fumantes para n\u00edveis m\u00ednimos.<\/strong> Suecia \u00e9 agora o primeiro pa\u00eds do mundo considerado livre de humor, com menos de 5% de sua popula\u00e7\u00e3o fumando.<\/p>\n<p>Em contraste, as pol\u00edticas de Garc\u00eda ignoram estas li\u00e7\u00f5es. <strong>A proibi\u00e7\u00e3o de sabores e dispositivos descart\u00e1veis n\u00e3o reduzir\u00e1 o tabaquismo, mas fomentar\u00e1 o crescimento do mercado negro, como ocorreu em v\u00e1rios pa\u00edses<\/strong>. Al\u00e9m disso, essas medidas s\u00e3o dirigidas aos fumadores que buscam alternativas menos prejudiciais e pequenos neg\u00f3cios que dependem da venda de produtos de vapor.<\/p>\n<h4 class=\"wp-block-heading has-medium-font-size\"><strong>O incentivo perverso da OMS<\/strong><\/h4>\n<p><strong>O nome de Garc\u00eda por parte da OMS envia uma mensagem alarmante: os pol\u00edticos que implementam pol\u00edticas sem base cient\u00edfica, mas alinhados com os dogmas proibicionistas da organiza\u00e7\u00e3o, ser\u00e3o recompensados com prestigiosos cargos internacionais<\/strong>. Este incentivo perverso poderia animar outros l\u00edderes a seguirem diretrizes que, deixando de proteger a sa\u00fade p\u00fablica, socavam os esfor\u00e7os para reduzir o tabaquismo e melhorar a vida dos cidad\u00e3os.<\/p>\n<p>Em vez de lan\u00e7ar pol\u00edticas impulsivas paternalistas e judiciais, a OMS deveria reconhecer e promover modelos exitosos como o de Suecia, que salvam vidas atrav\u00e9s da redu\u00e7\u00e3o de danos. Sem embargo, o caso de M\u00f3nica Garc\u00eda demonstra que<strong> a organiza\u00e7\u00e3o parece mais interessada em impor sua agenda do que em buscar solu\u00e7\u00f5es reais e baseadas na ci\u00eancia.<\/strong><\/p>\n<p>A ascens\u00e3o de M\u00f3nica Garc\u00eda a uma carga na OMS n\u00e3o \u00e9 um reconhecimento de sua gest\u00e3o, mas um <strong>pr\u00eamio por sua obedi\u00eancia a pol\u00edticas equivocadas que ignoram as evid\u00eancias e prejudicam os cidad\u00e3os.<\/strong> Enquanto Suecia liderava o caminho para um futuro livre de humor com estrat\u00e9gias reais, a Espanha se tornou um modelo proibicionista que p\u00f5e em risco a sa\u00fade p\u00fablica e os direitos dos consumidores. A OMS deve replantar o tipo de l\u00edder que deseja promover, porque seguir premiando o fracasso s\u00f3 perpetuar\u00e1 os erros.<\/p>\n<p>Originalmente publicado <a href=\"https:\/\/herculesdiario.es\/nacional\/el-nuevo-cargo-de-monica-garcia-en-la-oms-un-premio-por-ignorar-la-ciencia-y-castigar-a-los-ciudadanos-en-medio-de-un-escandalo\/\" target=\"_blank\" rel=\"noopener\">aqui.<\/a><\/p>\n<p>&nbsp;<\/p>","protected":false},"excerpt":{"rendered":"<p>El reciente nombramiento de M\u00f3nica Garc\u00eda, ministra de Sanidad de Espa\u00f1a, como representante de Europa en el Comit\u00e9 Ejecutivo de la Organizaci\u00f3n Mundial de la Salud (OMS) es un claro ejemplo de c\u00f3mo la organizaci\u00f3n premia a los pol\u00edticos que implementan pol\u00edticas prohibicionistas y paternalistas, aunque \u00e9stas carezcan de base cient\u00edfica. En lugar de reconocer [&hellip;]<\/p>\n","protected":false},"author":14,"featured_media":6394,"comment_status":"open","ping_status":"open","sticky":false,"template":"","format":"standard","meta":{"footnotes":""},"categories":[15],"tags":[],"class_list":["post-5927","post","type-post","status-publish","format-standard","has-post-thumbnail","hentry","category-wva-in-the-news"],"yoast_head":"<!-- This site is optimized with the Yoast SEO plugin v27.3 - https:\/\/yoast.com\/product\/yoast-seo-wordpress\/ -->\n<title>El nuevo cargo de M\u00f3nica Garc\u00eda en la OMS: Un premio por ignorar la ciencia y castigar a los ciudadanos en medio de un esc\u00e1ndalo - World Vapers&#039; Alliance<\/title>\n<meta name=\"robots\" content=\"index, follow, max-snippet:-1, max-image-preview:large, max-video-preview:-1\" \/>\n<link rel=\"canonical\" href=\"https:\/\/worldvapersalliance.com\/pt\/el-nuevo-cargo-de-monica-garcia-en-la-oms-un-premio-por-ignorar-la-ciencia-y-castigar-a-los-ciudadanos-en-medio-de-un-escandalo\/\" \/>\n<meta property=\"og:locale\" content=\"pt_PT\" \/>\n<meta property=\"og:type\" content=\"article\" \/>\n<meta property=\"og:title\" content=\"El nuevo cargo de M\u00f3nica Garc\u00eda en la OMS: Un premio por ignorar la ciencia y castigar a los ciudadanos en medio de un esc\u00e1ndalo - World Vapers&#039; Alliance\" \/>\n<meta property=\"og:description\" content=\"El reciente nombramiento de M\u00f3nica Garc\u00eda, ministra de Sanidad de Espa\u00f1a, como representante de Europa en el Comit\u00e9 Ejecutivo de la Organizaci\u00f3n Mundial de la Salud (OMS) es un claro ejemplo de c\u00f3mo la organizaci\u00f3n premia a los pol\u00edticos que implementan pol\u00edticas prohibicionistas y paternalistas, aunque \u00e9stas carezcan de base cient\u00edfica. En lugar de reconocer [&hellip;]\" \/>\n<meta property=\"og:url\" content=\"https:\/\/worldvapersalliance.com\/pt\/el-nuevo-cargo-de-monica-garcia-en-la-oms-un-premio-por-ignorar-la-ciencia-y-castigar-a-los-ciudadanos-en-medio-de-un-escandalo\/\" \/>\n<meta property=\"og:site_name\" content=\"World Vapers&#039; Alliance\" \/>\n<meta property=\"article:published_time\" content=\"2024-11-21T12:14:54+00:00\" \/>\n<meta property=\"article:modified_time\" content=\"2024-12-06T12:16:23+00:00\" \/>\n<meta property=\"og:image\" content=\"https:\/\/worldvapersalliance.com\/wp-content\/uploads\/2024\/12\/Hercules.png\" \/>\n\t<meta property=\"og:image:width\" content=\"940\" \/>\n\t<meta property=\"og:image:height\" content=\"788\" \/>\n\t<meta property=\"og:image:type\" content=\"image\/png\" \/>\n<meta name=\"author\" content=\"Alberto Hernandez\" \/>\n<meta name=\"twitter:card\" content=\"summary_large_image\" \/>\n<meta name=\"twitter:label1\" content=\"Escrito por\" \/>\n\t<meta name=\"twitter:data1\" content=\"Alberto Hernandez\" \/>\n\t<meta name=\"twitter:label2\" content=\"Tempo estimado de leitura\" \/>\n\t<meta name=\"twitter:data2\" content=\"4 minutos\" \/>\n<script type=\"application\/ld+json\" class=\"yoast-schema-graph\">{\"@context\":\"https:\\\/\\\/schema.org\",\"@graph\":[{\"@type\":\"Article\",\"@id\":\"https:\\\/\\\/worldvapersalliance.com\\\/el-nuevo-cargo-de-monica-garcia-en-la-oms-un-premio-por-ignorar-la-ciencia-y-castigar-a-los-ciudadanos-en-medio-de-un-escandalo\\\/#article\",\"isPartOf\":{\"@id\":\"https:\\\/\\\/worldvapersalliance.com\\\/el-nuevo-cargo-de-monica-garcia-en-la-oms-un-premio-por-ignorar-la-ciencia-y-castigar-a-los-ciudadanos-en-medio-de-un-escandalo\\\/\"},\"author\":{\"name\":\"Alberto Hernandez\",\"@id\":\"https:\\\/\\\/worldvapersalliance.com\\\/#\\\/schema\\\/person\\\/9b81eefe507e68fb5ab671aa0ab2bfb6\"},\"headline\":\"El nuevo cargo de M\u00f3nica Garc\u00eda en la OMS: Un premio por ignorar la cienc &hellip;\",\"datePublished\":\"2024-11-21T12:14:54+00:00\",\"dateModified\":\"2024-12-06T12:16:23+00:00\",\"mainEntityOfPage\":{\"@id\":\"https:\\\/\\\/worldvapersalliance.com\\\/el-nuevo-cargo-de-monica-garcia-en-la-oms-un-premio-por-ignorar-la-ciencia-y-castigar-a-los-ciudadanos-en-medio-de-un-escandalo\\\/\"},\"wordCount\":944,\"commentCount\":0,\"publisher\":{\"@id\":\"https:\\\/\\\/worldvapersalliance.com\\\/#organization\"},\"image\":{\"@id\":\"https:\\\/\\\/worldvapersalliance.com\\\/el-nuevo-cargo-de-monica-garcia-en-la-oms-un-premio-por-ignorar-la-ciencia-y-castigar-a-los-ciudadanos-en-medio-de-un-escandalo\\\/#primaryimage\"},\"thumbnailUrl\":\"https:\\\/\\\/worldvapersalliance.com\\\/wp-content\\\/uploads\\\/2025\\\/08\\\/WVA-in-the-news.png\",\"articleSection\":[\"WVA in the News\"],\"inLanguage\":\"pt-PT\",\"potentialAction\":[{\"@type\":\"CommentAction\",\"name\":\"Comment\",\"target\":[\"https:\\\/\\\/worldvapersalliance.com\\\/el-nuevo-cargo-de-monica-garcia-en-la-oms-un-premio-por-ignorar-la-ciencia-y-castigar-a-los-ciudadanos-en-medio-de-un-escandalo\\\/#respond\"]}]},{\"@type\":\"WebPage\",\"@id\":\"https:\\\/\\\/worldvapersalliance.com\\\/el-nuevo-cargo-de-monica-garcia-en-la-oms-un-premio-por-ignorar-la-ciencia-y-castigar-a-los-ciudadanos-en-medio-de-un-escandalo\\\/\",\"url\":\"https:\\\/\\\/worldvapersalliance.com\\\/el-nuevo-cargo-de-monica-garcia-en-la-oms-un-premio-por-ignorar-la-ciencia-y-castigar-a-los-ciudadanos-en-medio-de-un-escandalo\\\/\",\"name\":\"El nuevo cargo de M\u00f3nica Garc\u00eda en la OMS: Un premio por ignorar la ciencia y castigar a los ciudadanos en medio de un esc\u00e1ndalo - World Vapers&#039; Alliance\",\"isPartOf\":{\"@id\":\"https:\\\/\\\/worldvapersalliance.com\\\/#website\"},\"primaryImageOfPage\":{\"@id\":\"https:\\\/\\\/worldvapersalliance.com\\\/el-nuevo-cargo-de-monica-garcia-en-la-oms-un-premio-por-ignorar-la-ciencia-y-castigar-a-los-ciudadanos-en-medio-de-un-escandalo\\\/#primaryimage\"},\"image\":{\"@id\":\"https:\\\/\\\/worldvapersalliance.com\\\/el-nuevo-cargo-de-monica-garcia-en-la-oms-un-premio-por-ignorar-la-ciencia-y-castigar-a-los-ciudadanos-en-medio-de-un-escandalo\\\/#primaryimage\"},\"thumbnailUrl\":\"https:\\\/\\\/worldvapersalliance.com\\\/wp-content\\\/uploads\\\/2025\\\/08\\\/WVA-in-the-news.png\",\"datePublished\":\"2024-11-21T12:14:54+00:00\",\"dateModified\":\"2024-12-06T12:16:23+00:00\",\"inLanguage\":\"pt-PT\",\"potentialAction\":[{\"@type\":\"ReadAction\",\"target\":[\"https:\\\/\\\/worldvapersalliance.com\\\/el-nuevo-cargo-de-monica-garcia-en-la-oms-un-premio-por-ignorar-la-ciencia-y-castigar-a-los-ciudadanos-en-medio-de-un-escandalo\\\/\"]}]},{\"@type\":\"ImageObject\",\"inLanguage\":\"pt-PT\",\"@id\":\"https:\\\/\\\/worldvapersalliance.com\\\/el-nuevo-cargo-de-monica-garcia-en-la-oms-un-premio-por-ignorar-la-ciencia-y-castigar-a-los-ciudadanos-en-medio-de-un-escandalo\\\/#primaryimage\",\"url\":\"https:\\\/\\\/worldvapersalliance.com\\\/wp-content\\\/uploads\\\/2025\\\/08\\\/WVA-in-the-news.png\",\"contentUrl\":\"https:\\\/\\\/worldvapersalliance.com\\\/wp-content\\\/uploads\\\/2025\\\/08\\\/WVA-in-the-news.png\",\"width\":1264,\"height\":848},{\"@type\":\"WebSite\",\"@id\":\"https:\\\/\\\/worldvapersalliance.com\\\/#website\",\"url\":\"https:\\\/\\\/worldvapersalliance.com\\\/\",\"name\":\"World Vapers&#039; Alliance\",\"description\":\"The largest community of vapers\",\"publisher\":{\"@id\":\"https:\\\/\\\/worldvapersalliance.com\\\/#organization\"},\"potentialAction\":[{\"@type\":\"SearchAction\",\"target\":{\"@type\":\"EntryPoint\",\"urlTemplate\":\"https:\\\/\\\/worldvapersalliance.com\\\/?s={search_term_string}\"},\"query-input\":{\"@type\":\"PropertyValueSpecification\",\"valueRequired\":true,\"valueName\":\"search_term_string\"}}],\"inLanguage\":\"pt-PT\"},{\"@type\":\"Organization\",\"@id\":\"https:\\\/\\\/worldvapersalliance.com\\\/#organization\",\"name\":\"World Vapers&#039; Alliance\",\"url\":\"https:\\\/\\\/worldvapersalliance.com\\\/\",\"logo\":{\"@type\":\"ImageObject\",\"inLanguage\":\"pt-PT\",\"@id\":\"https:\\\/\\\/worldvapersalliance.com\\\/#\\\/schema\\\/logo\\\/image\\\/\",\"url\":\"https:\\\/\\\/worldvapersalliance.com\\\/wp-content\\\/uploads\\\/2022\\\/01\\\/WVA_RB_Fist_G.png\",\"contentUrl\":\"https:\\\/\\\/worldvapersalliance.com\\\/wp-content\\\/uploads\\\/2022\\\/01\\\/WVA_RB_Fist_G.png\",\"width\":985,\"height\":1177,\"caption\":\"World Vapers&#039; Alliance\"},\"image\":{\"@id\":\"https:\\\/\\\/worldvapersalliance.com\\\/#\\\/schema\\\/logo\\\/image\\\/\"}},{\"@type\":\"Person\",\"@id\":\"https:\\\/\\\/worldvapersalliance.com\\\/#\\\/schema\\\/person\\\/9b81eefe507e68fb5ab671aa0ab2bfb6\",\"name\":\"Alberto Hernandez\",\"image\":{\"@type\":\"ImageObject\",\"inLanguage\":\"pt-PT\",\"@id\":\"https:\\\/\\\/secure.gravatar.com\\\/avatar\\\/124dc1dd8c5f9c9f352af940db00418f1add423008d32a51d5497b5de2c9ff35?s=96&d=mm&r=g\",\"url\":\"https:\\\/\\\/secure.gravatar.com\\\/avatar\\\/124dc1dd8c5f9c9f352af940db00418f1add423008d32a51d5497b5de2c9ff35?s=96&d=mm&r=g\",\"contentUrl\":\"https:\\\/\\\/secure.gravatar.com\\\/avatar\\\/124dc1dd8c5f9c9f352af940db00418f1add423008d32a51d5497b5de2c9ff35?s=96&d=mm&r=g\",\"caption\":\"Alberto Hernandez\"},\"url\":\"https:\\\/\\\/worldvapersalliance.com\\\/pt\\\/author\\\/alberto\\\/\"}]}<\/script>\n<!-- \/ Yoast SEO plugin. -->","yoast_head_json":{"title":"A nova carga de M\u00f3nica Garc\u00eda na OMS: Um pr\u00eamio por ignorar a ci\u00eancia e castigar os cidad\u00e3os no meio de um esc\u00e2ndalo - World Vapers&#039; Alliance","robots":{"index":"index","follow":"follow","max-snippet":"max-snippet:-1","max-image-preview":"max-image-preview:large","max-video-preview":"max-video-preview:-1"},"canonical":"https:\/\/worldvapersalliance.com\/pt\/el-nuevo-cargo-de-monica-garcia-en-la-oms-un-premio-por-ignorar-la-ciencia-y-castigar-a-los-ciudadanos-en-medio-de-un-escandalo\/","og_locale":"pt_PT","og_type":"article","og_title":"El nuevo cargo de M\u00f3nica Garc\u00eda en la OMS: Un premio por ignorar la ciencia y castigar a los ciudadanos en medio de un esc\u00e1ndalo - World Vapers&#039; Alliance","og_description":"El reciente nombramiento de M\u00f3nica Garc\u00eda, ministra de Sanidad de Espa\u00f1a, como representante de Europa en el Comit\u00e9 Ejecutivo de la Organizaci\u00f3n Mundial de la Salud (OMS) es un claro ejemplo de c\u00f3mo la organizaci\u00f3n premia a los pol\u00edticos que implementan pol\u00edticas prohibicionistas y paternalistas, aunque \u00e9stas carezcan de base cient\u00edfica. En lugar de reconocer [&hellip;]","og_url":"https:\/\/worldvapersalliance.com\/pt\/el-nuevo-cargo-de-monica-garcia-en-la-oms-un-premio-por-ignorar-la-ciencia-y-castigar-a-los-ciudadanos-en-medio-de-un-escandalo\/","og_site_name":"World Vapers&#039; Alliance","article_published_time":"2024-11-21T12:14:54+00:00","article_modified_time":"2024-12-06T12:16:23+00:00","og_image":[{"width":940,"height":788,"url":"https:\/\/worldvapersalliance.com\/wp-content\/uploads\/2024\/12\/Hercules.png","type":"image\/png"}],"author":"Alberto Hernandez","twitter_card":"summary_large_image","twitter_misc":{"Escrito por":"Alberto Hernandez","Tempo estimado de leitura":"4 minutos"},"schema":{"@context":"https:\/\/schema.org","@graph":[{"@type":"Article","@id":"https:\/\/worldvapersalliance.com\/el-nuevo-cargo-de-monica-garcia-en-la-oms-un-premio-por-ignorar-la-ciencia-y-castigar-a-los-ciudadanos-en-medio-de-un-escandalo\/#article","isPartOf":{"@id":"https:\/\/worldvapersalliance.com\/el-nuevo-cargo-de-monica-garcia-en-la-oms-un-premio-por-ignorar-la-ciencia-y-castigar-a-los-ciudadanos-en-medio-de-un-escandalo\/"},"author":{"name":"Alberto Hernandez","@id":"https:\/\/worldvapersalliance.com\/#\/schema\/person\/9b81eefe507e68fb5ab671aa0ab2bfb6"},"headline":"El nuevo cargo de M\u00f3nica Garc\u00eda en la OMS: Un premio por ignorar la cienc &hellip;","datePublished":"2024-11-21T12:14:54+00:00","dateModified":"2024-12-06T12:16:23+00:00","mainEntityOfPage":{"@id":"https:\/\/worldvapersalliance.com\/el-nuevo-cargo-de-monica-garcia-en-la-oms-un-premio-por-ignorar-la-ciencia-y-castigar-a-los-ciudadanos-en-medio-de-un-escandalo\/"},"wordCount":944,"commentCount":0,"publisher":{"@id":"https:\/\/worldvapersalliance.com\/#organization"},"image":{"@id":"https:\/\/worldvapersalliance.com\/el-nuevo-cargo-de-monica-garcia-en-la-oms-un-premio-por-ignorar-la-ciencia-y-castigar-a-los-ciudadanos-en-medio-de-un-escandalo\/#primaryimage"},"thumbnailUrl":"https:\/\/worldvapersalliance.com\/wp-content\/uploads\/2025\/08\/WVA-in-the-news.png","articleSection":["WVA in the News"],"inLanguage":"pt-PT","potentialAction":[{"@type":"CommentAction","name":"Comment","target":["https:\/\/worldvapersalliance.com\/el-nuevo-cargo-de-monica-garcia-en-la-oms-un-premio-por-ignorar-la-ciencia-y-castigar-a-los-ciudadanos-en-medio-de-un-escandalo\/#respond"]}]},{"@type":"WebPage","@id":"https:\/\/worldvapersalliance.com\/el-nuevo-cargo-de-monica-garcia-en-la-oms-un-premio-por-ignorar-la-ciencia-y-castigar-a-los-ciudadanos-en-medio-de-un-escandalo\/","url":"https:\/\/worldvapersalliance.com\/el-nuevo-cargo-de-monica-garcia-en-la-oms-un-premio-por-ignorar-la-ciencia-y-castigar-a-los-ciudadanos-en-medio-de-un-escandalo\/","name":"A nova carga de M\u00f3nica Garc\u00eda na OMS: Um pr\u00eamio por ignorar a ci\u00eancia e castigar os cidad\u00e3os no meio de um esc\u00e2ndalo - World Vapers&#039; Alliance","isPartOf":{"@id":"https:\/\/worldvapersalliance.com\/#website"},"primaryImageOfPage":{"@id":"https:\/\/worldvapersalliance.com\/el-nuevo-cargo-de-monica-garcia-en-la-oms-un-premio-por-ignorar-la-ciencia-y-castigar-a-los-ciudadanos-en-medio-de-un-escandalo\/#primaryimage"},"image":{"@id":"https:\/\/worldvapersalliance.com\/el-nuevo-cargo-de-monica-garcia-en-la-oms-un-premio-por-ignorar-la-ciencia-y-castigar-a-los-ciudadanos-en-medio-de-un-escandalo\/#primaryimage"},"thumbnailUrl":"https:\/\/worldvapersalliance.com\/wp-content\/uploads\/2025\/08\/WVA-in-the-news.png","datePublished":"2024-11-21T12:14:54+00:00","dateModified":"2024-12-06T12:16:23+00:00","inLanguage":"pt-PT","potentialAction":[{"@type":"ReadAction","target":["https:\/\/worldvapersalliance.com\/el-nuevo-cargo-de-monica-garcia-en-la-oms-un-premio-por-ignorar-la-ciencia-y-castigar-a-los-ciudadanos-en-medio-de-un-escandalo\/"]}]},{"@type":"ImageObject","inLanguage":"pt-PT","@id":"https:\/\/worldvapersalliance.com\/el-nuevo-cargo-de-monica-garcia-en-la-oms-un-premio-por-ignorar-la-ciencia-y-castigar-a-los-ciudadanos-en-medio-de-un-escandalo\/#primaryimage","url":"https:\/\/worldvapersalliance.com\/wp-content\/uploads\/2025\/08\/WVA-in-the-news.png","contentUrl":"https:\/\/worldvapersalliance.com\/wp-content\/uploads\/2025\/08\/WVA-in-the-news.png","width":1264,"height":848},{"@type":"WebSite","@id":"https:\/\/worldvapersalliance.com\/#website","url":"https:\/\/worldvapersalliance.com\/","name":"Alian\u00e7a Mundial de Vapers","description":"A maior comunidade de vapers","publisher":{"@id":"https:\/\/worldvapersalliance.com\/#organization"},"potentialAction":[{"@type":"SearchAction","target":{"@type":"EntryPoint","urlTemplate":"https:\/\/worldvapersalliance.com\/?s={search_term_string}"},"query-input":{"@type":"PropertyValueSpecification","valueRequired":true,"valueName":"search_term_string"}}],"inLanguage":"pt-PT"},{"@type":"Organization","@id":"https:\/\/worldvapersalliance.com\/#organization","name":"Alian\u00e7a Mundial de Vapers","url":"https:\/\/worldvapersalliance.com\/","logo":{"@type":"ImageObject","inLanguage":"pt-PT","@id":"https:\/\/worldvapersalliance.com\/#\/schema\/logo\/image\/","url":"https:\/\/worldvapersalliance.com\/wp-content\/uploads\/2022\/01\/WVA_RB_Fist_G.png","contentUrl":"https:\/\/worldvapersalliance.com\/wp-content\/uploads\/2022\/01\/WVA_RB_Fist_G.png","width":985,"height":1177,"caption":"World Vapers&#039; Alliance"},"image":{"@id":"https:\/\/worldvapersalliance.com\/#\/schema\/logo\/image\/"}},{"@type":"Person","@id":"https:\/\/worldvapersalliance.com\/#\/schema\/person\/9b81eefe507e68fb5ab671aa0ab2bfb6","name":"Alberto Hernandez","image":{"@type":"ImageObject","inLanguage":"pt-PT","@id":"https:\/\/secure.gravatar.com\/avatar\/124dc1dd8c5f9c9f352af940db00418f1add423008d32a51d5497b5de2c9ff35?s=96&d=mm&r=g","url":"https:\/\/secure.gravatar.com\/avatar\/124dc1dd8c5f9c9f352af940db00418f1add423008d32a51d5497b5de2c9ff35?s=96&d=mm&r=g","contentUrl":"https:\/\/secure.gravatar.com\/avatar\/124dc1dd8c5f9c9f352af940db00418f1add423008d32a51d5497b5de2c9ff35?s=96&d=mm&r=g","caption":"Alberto Hernandez"},"url":"https:\/\/worldvapersalliance.com\/pt\/author\/alberto\/"}]}},"_links":{"self":[{"href":"https:\/\/worldvapersalliance.com\/pt\/wp-json\/wp\/v2\/posts\/5927","targetHints":{"allow":["GET"]}}],"collection":[{"href":"https:\/\/worldvapersalliance.com\/pt\/wp-json\/wp\/v2\/posts"}],"about":[{"href":"https:\/\/worldvapersalliance.com\/pt\/wp-json\/wp\/v2\/types\/post"}],"author":[{"embeddable":true,"href":"https:\/\/worldvapersalliance.com\/pt\/wp-json\/wp\/v2\/users\/14"}],"replies":[{"embeddable":true,"href":"https:\/\/worldvapersalliance.com\/pt\/wp-json\/wp\/v2\/comments?post=5927"}],"version-history":[{"count":0,"href":"https:\/\/worldvapersalliance.com\/pt\/wp-json\/wp\/v2\/posts\/5927\/revisions"}],"wp:featuredmedia":[{"embeddable":true,"href":"https:\/\/worldvapersalliance.com\/pt\/wp-json\/wp\/v2\/media\/6394"}],"wp:attachment":[{"href":"https:\/\/worldvapersalliance.com\/pt\/wp-json\/wp\/v2\/media?parent=5927"}],"wp:term":[{"taxonomy":"category","embeddable":true,"href":"https:\/\/worldvapersalliance.com\/pt\/wp-json\/wp\/v2\/categories?post=5927"},{"taxonomy":"post_tag","embeddable":true,"href":"https:\/\/worldvapersalliance.com\/pt\/wp-json\/wp\/v2\/tags?post=5927"}],"curies":[{"name":"wp","href":"https:\/\/api.w.org\/{rel}","templated":true}]}}