{"id":4859,"date":"2023-10-04T05:38:49","date_gmt":"2023-10-04T09:38:49","guid":{"rendered":"https:\/\/worldvapersalliance.com\/?p=4859"},"modified":"2023-10-11T05:40:05","modified_gmt":"2023-10-11T09:40:05","slug":"mixed-response-to-pms-smoking-and-vaping-announcements","status":"publish","type":"post","link":"https:\/\/worldvapersalliance.com\/pt\/mixed-response-to-pms-smoking-and-vaping-announcements\/","title":{"rendered":"Rea\u00e7\u00f5es mistas aos an\u00fancios do primeiro-ministro sobre fumo e cigarros eletr\u00f4nicos."},"content":{"rendered":"<p>Em seu discurso para o CPC em Manchester hoje, o primeiro-ministro Rishi Sunak anunciou planos futuros do governo para alterar a lei sobre a venda de tabaco, de modo que a idade m\u00ednima para a compra aumente um ano a cada ano.<\/p>\n<p>Sunak disse: \u201cIsso significa que um jovem de 14 anos hoje nunca poder\u00e1 comprar um cigarro legalmente e que sua gera\u00e7\u00e3o crescer\u00e1 livre do fumo.\u201c<\/p>\n<p>Pol\u00edticas semelhantes j\u00e1 est\u00e3o em vigor na Nova Zel\u00e2ndia.<\/p>\n<p>O primeiro-ministro afirmou que a vota\u00e7\u00e3o ser\u00e1 livre e n\u00e3o estar\u00e1 sujeita \u00e0 disciplina partid\u00e1ria do governo.<\/p>\n<p>Ele tamb\u00e9m expressou suas preocupa\u00e7\u00f5es sobre a categoria de cigarros eletr\u00f4nicos e o impacto dos vapes descart\u00e1veis, afirmando que deseja &quot;apresentar medidas para restringir o acesso de vapes \u00e0s nossas crian\u00e7as... analisando sabores, embalagens, displays e vapes descart\u00e1veis&quot;.\u2018<\/p>\n<p>Sobre a legisla\u00e7\u00e3o do tabaco, <a href=\"https:\/\/www.acs.org.uk\/\" target=\"_blank\" rel=\"nofollow noopener\">ACS<\/a> O diretor executivo, James Lowman, disse: \u201cTrabalharemos com o governo sobre como essa pol\u00edtica ser\u00e1 implementada e fiscalizada. Nosso setor tem um hist\u00f3rico de sucesso na preven\u00e7\u00e3o de compras por menores de idade e continuaremos a fornecer aos nossos membros a orienta\u00e7\u00e3o necess\u00e1ria para que cumpram qualquer pol\u00edtica de restri\u00e7\u00e3o de idade que o parlamento decidir aprovar.\u201d<\/p>\n<p>Leia o texto completo <a href=\"https:\/\/www.talkingretail.com\/news\/industry-news\/pms-smoking-and-vaping-announcements-mostly-well-received-04-10-2023\/\" target=\"_blank\" rel=\"noopener\">aqui.<\/a><\/p>","protected":false},"excerpt":{"rendered":"<p>In his speech to CPC in Manchester today, prime minister Rishi Sunak announced future government plans to change the law on the sale of tobacco so that the age of sale rises by one year, every year. Sunak said: \u201c\u201cThat means a 14-year-old today will never legally be sold a cigarette and that their generation [&hellip;]<\/p>\n","protected":false},"author":11,"featured_media":6394,"comment_status":"open","ping_status":"open","sticky":false,"template":"","format":"standard","meta":{"footnotes":""},"categories":[15],"tags":[],"class_list":["post-4859","post","type-post","status-publish","format-standard","has-post-thumbnail","hentry","category-wva-in-the-news"],"yoast_head":"<!-- This site is optimized with the Yoast SEO plugin v28.3 - https:\/\/yoast.com\/product\/yoast-seo-wordpress\/ -->\n<title>Mixed response to PM\u2019s smoking and vaping announcements - World Vapers&#039; Alliance<\/title>\n<meta name=\"robots\" content=\"index, follow, max-snippet:-1, max-image-preview:large, max-video-preview:-1\" \/>\n<link rel=\"canonical\" href=\"https:\/\/worldvapersalliance.com\/pt\/mixed-response-to-pms-smoking-and-vaping-announcements\/\" \/>\n<meta property=\"og:locale\" content=\"pt_PT\" \/>\n<meta property=\"og:type\" content=\"article\" \/>\n<meta property=\"og:title\" content=\"Mixed response to PM\u2019s smoking and vaping announcements - World Vapers&#039; Alliance\" \/>\n<meta property=\"og:description\" content=\"In his speech to CPC in Manchester today, prime minister Rishi Sunak announced future government plans to change the law on the sale of tobacco so that the age of sale rises by one year, every year. Sunak said: \u201c\u201cThat means a 14-year-old today will never legally be sold a cigarette and that their generation [&hellip;]\" \/>\n<meta property=\"og:url\" content=\"https:\/\/worldvapersalliance.com\/pt\/mixed-response-to-pms-smoking-and-vaping-announcements\/\" \/>\n<meta property=\"og:site_name\" content=\"World Vapers&#039; Alliance\" \/>\n<meta property=\"article:published_time\" content=\"2023-10-04T09:38:49+00:00\" \/>\n<meta property=\"article:modified_time\" content=\"2023-10-11T09:40:05+00:00\" \/>\n<meta property=\"og:image\" content=\"https:\/\/worldvapersalliance.com\/wp-content\/uploads\/2023\/09\/Talking-Retail.png\" \/>\n\t<meta property=\"og:image:width\" content=\"2081\" \/>\n\t<meta property=\"og:image:height\" content=\"1920\" \/>\n\t<meta property=\"og:image:type\" content=\"image\/png\" \/>\n<meta name=\"author\" content=\"World Vapers&#039; Alliance\" \/>\n<meta name=\"twitter:card\" content=\"summary_large_image\" \/>\n<meta name=\"twitter:label1\" content=\"Escrito por\" \/>\n\t<meta name=\"twitter:data1\" content=\"World Vapers&#039; Alliance\" \/>\n\t<meta name=\"twitter:label2\" content=\"Tempo estimado de leitura\" \/>\n\t<meta name=\"twitter:data2\" content=\"1 minuto\" \/>\n<script type=\"application\/ld+json\" class=\"yoast-schema-graph\">{\"@context\":\"https:\\\/\\\/schema.org\",\"@graph\":[{\"@type\":\"Article\",\"@id\":\"https:\\\/\\\/worldvapersalliance.com\\\/mixed-response-to-pms-smoking-and-vaping-announcements\\\/#article\",\"isPartOf\":{\"@id\":\"https:\\\/\\\/worldvapersalliance.com\\\/mixed-response-to-pms-smoking-and-vaping-announcements\\\/\"},\"author\":{\"name\":\"World Vapers' Alliance\",\"@id\":\"https:\\\/\\\/worldvapersalliance.com\\\/#\\\/schema\\\/person\\\/18484a6f20bcc6f70a2419c8babe017d\"},\"headline\":\"Mixed response to PM\u2019s smoking and vaping announcements\",\"datePublished\":\"2023-10-04T09:38:49+00:00\",\"dateModified\":\"2023-10-11T09:40:05+00:00\",\"mainEntityOfPage\":{\"@id\":\"https:\\\/\\\/worldvapersalliance.com\\\/mixed-response-to-pms-smoking-and-vaping-announcements\\\/\"},\"wordCount\":199,\"commentCount\":0,\"publisher\":{\"@id\":\"https:\\\/\\\/worldvapersalliance.com\\\/#organization\"},\"image\":{\"@id\":\"https:\\\/\\\/worldvapersalliance.com\\\/mixed-response-to-pms-smoking-and-vaping-announcements\\\/#primaryimage\"},\"thumbnailUrl\":\"https:\\\/\\\/worldvapersalliance.com\\\/wp-content\\\/uploads\\\/2025\\\/08\\\/WVA-in-the-news.png\",\"articleSection\":[\"WVA in the News\"],\"inLanguage\":\"pt-PT\",\"potentialAction\":[{\"@type\":\"CommentAction\",\"name\":\"Comment\",\"target\":[\"https:\\\/\\\/worldvapersalliance.com\\\/mixed-response-to-pms-smoking-and-vaping-announcements\\\/#respond\"]}]},{\"@type\":\"WebPage\",\"@id\":\"https:\\\/\\\/worldvapersalliance.com\\\/mixed-response-to-pms-smoking-and-vaping-announcements\\\/\",\"url\":\"https:\\\/\\\/worldvapersalliance.com\\\/mixed-response-to-pms-smoking-and-vaping-announcements\\\/\",\"name\":\"Mixed response to PM\u2019s smoking and vaping announcements - World Vapers&#039; Alliance\",\"isPartOf\":{\"@id\":\"https:\\\/\\\/worldvapersalliance.com\\\/#website\"},\"primaryImageOfPage\":{\"@id\":\"https:\\\/\\\/worldvapersalliance.com\\\/mixed-response-to-pms-smoking-and-vaping-announcements\\\/#primaryimage\"},\"image\":{\"@id\":\"https:\\\/\\\/worldvapersalliance.com\\\/mixed-response-to-pms-smoking-and-vaping-announcements\\\/#primaryimage\"},\"thumbnailUrl\":\"https:\\\/\\\/worldvapersalliance.com\\\/wp-content\\\/uploads\\\/2025\\\/08\\\/WVA-in-the-news.png\",\"datePublished\":\"2023-10-04T09:38:49+00:00\",\"dateModified\":\"2023-10-11T09:40:05+00:00\",\"inLanguage\":\"pt-PT\",\"potentialAction\":[{\"@type\":\"ReadAction\",\"target\":[\"https:\\\/\\\/worldvapersalliance.com\\\/mixed-response-to-pms-smoking-and-vaping-announcements\\\/\"]}]},{\"@type\":\"ImageObject\",\"inLanguage\":\"pt-PT\",\"@id\":\"https:\\\/\\\/worldvapersalliance.com\\\/mixed-response-to-pms-smoking-and-vaping-announcements\\\/#primaryimage\",\"url\":\"https:\\\/\\\/worldvapersalliance.com\\\/wp-content\\\/uploads\\\/2025\\\/08\\\/WVA-in-the-news.png\",\"contentUrl\":\"https:\\\/\\\/worldvapersalliance.com\\\/wp-content\\\/uploads\\\/2025\\\/08\\\/WVA-in-the-news.png\",\"width\":1264,\"height\":848},{\"@type\":\"WebSite\",\"@id\":\"https:\\\/\\\/worldvapersalliance.com\\\/#website\",\"url\":\"https:\\\/\\\/worldvapersalliance.com\\\/\",\"name\":\"World Vapers&#039; Alliance\",\"description\":\"The largest community of vapers\",\"publisher\":{\"@id\":\"https:\\\/\\\/worldvapersalliance.com\\\/#organization\"},\"potentialAction\":[{\"@type\":\"SearchAction\",\"target\":{\"@type\":\"EntryPoint\",\"urlTemplate\":\"https:\\\/\\\/worldvapersalliance.com\\\/?s={search_term_string}\"},\"query-input\":{\"@type\":\"PropertyValueSpecification\",\"valueRequired\":true,\"valueName\":\"search_term_string\"}}],\"inLanguage\":\"pt-PT\"},{\"@type\":\"Organization\",\"@id\":\"https:\\\/\\\/worldvapersalliance.com\\\/#organization\",\"name\":\"World Vapers&#039; Alliance\",\"url\":\"https:\\\/\\\/worldvapersalliance.com\\\/\",\"logo\":{\"@type\":\"ImageObject\",\"inLanguage\":\"pt-PT\",\"@id\":\"https:\\\/\\\/worldvapersalliance.com\\\/#\\\/schema\\\/logo\\\/image\\\/\",\"url\":\"https:\\\/\\\/worldvapersalliance.com\\\/wp-content\\\/uploads\\\/2022\\\/01\\\/WVA_RB_Fist_G.png\",\"contentUrl\":\"https:\\\/\\\/worldvapersalliance.com\\\/wp-content\\\/uploads\\\/2022\\\/01\\\/WVA_RB_Fist_G.png\",\"width\":985,\"height\":1177,\"caption\":\"World Vapers&#039; Alliance\"},\"image\":{\"@id\":\"https:\\\/\\\/worldvapersalliance.com\\\/#\\\/schema\\\/logo\\\/image\\\/\"}},{\"@type\":\"Person\",\"@id\":\"https:\\\/\\\/worldvapersalliance.com\\\/#\\\/schema\\\/person\\\/18484a6f20bcc6f70a2419c8babe017d\",\"name\":\"World Vapers' Alliance\",\"image\":{\"@type\":\"ImageObject\",\"inLanguage\":\"pt-PT\",\"@id\":\"https:\\\/\\\/secure.gravatar.com\\\/avatar\\\/456bf795c7a47c9ac527a94da4bff150aa49e48726d69bee9937f8383cffa246?s=96&d=mm&r=g\",\"url\":\"https:\\\/\\\/secure.gravatar.com\\\/avatar\\\/456bf795c7a47c9ac527a94da4bff150aa49e48726d69bee9937f8383cffa246?s=96&d=mm&r=g\",\"contentUrl\":\"https:\\\/\\\/secure.gravatar.com\\\/avatar\\\/456bf795c7a47c9ac527a94da4bff150aa49e48726d69bee9937f8383cffa246?s=96&d=mm&r=g\",\"caption\":\"World Vapers' Alliance\"},\"url\":\"https:\\\/\\\/worldvapersalliance.com\\\/pt\\\/author\\\/wva\\\/\"}]}<\/script>\n<!-- \/ Yoast SEO plugin. -->","yoast_head_json":{"title":"Rea\u00e7\u00f5es mistas aos an\u00fancios do primeiro-ministro sobre fumo e vaporizadores - Alian\u00e7a Mundial de Vaporizadores","robots":{"index":"index","follow":"follow","max-snippet":"max-snippet:-1","max-image-preview":"max-image-preview:large","max-video-preview":"max-video-preview:-1"},"canonical":"https:\/\/worldvapersalliance.com\/pt\/mixed-response-to-pms-smoking-and-vaping-announcements\/","og_locale":"pt_PT","og_type":"article","og_title":"Mixed response to PM\u2019s smoking and vaping announcements - World Vapers&#039; Alliance","og_description":"In his speech to CPC in Manchester today, prime minister Rishi Sunak announced future government plans to change the law on the sale of tobacco so that the age of sale rises by one year, every year. Sunak said: \u201c\u201cThat means a 14-year-old today will never legally be sold a cigarette and that their generation [&hellip;]","og_url":"https:\/\/worldvapersalliance.com\/pt\/mixed-response-to-pms-smoking-and-vaping-announcements\/","og_site_name":"World Vapers&#039; Alliance","article_published_time":"2023-10-04T09:38:49+00:00","article_modified_time":"2023-10-11T09:40:05+00:00","og_image":[{"width":2081,"height":1920,"url":"https:\/\/worldvapersalliance.com\/wp-content\/uploads\/2023\/09\/Talking-Retail.png","type":"image\/png"}],"author":"World Vapers' Alliance","twitter_card":"summary_large_image","twitter_misc":{"Escrito por":"World Vapers' Alliance","Tempo estimado de leitura":"1 minuto"},"schema":{"@context":"https:\/\/schema.org","@graph":[{"@type":"Article","@id":"https:\/\/worldvapersalliance.com\/mixed-response-to-pms-smoking-and-vaping-announcements\/#article","isPartOf":{"@id":"https:\/\/worldvapersalliance.com\/mixed-response-to-pms-smoking-and-vaping-announcements\/"},"author":{"name":"World Vapers' Alliance","@id":"https:\/\/worldvapersalliance.com\/#\/schema\/person\/18484a6f20bcc6f70a2419c8babe017d"},"headline":"Mixed response to PM\u2019s smoking and vaping announcements","datePublished":"2023-10-04T09:38:49+00:00","dateModified":"2023-10-11T09:40:05+00:00","mainEntityOfPage":{"@id":"https:\/\/worldvapersalliance.com\/mixed-response-to-pms-smoking-and-vaping-announcements\/"},"wordCount":199,"commentCount":0,"publisher":{"@id":"https:\/\/worldvapersalliance.com\/#organization"},"image":{"@id":"https:\/\/worldvapersalliance.com\/mixed-response-to-pms-smoking-and-vaping-announcements\/#primaryimage"},"thumbnailUrl":"https:\/\/worldvapersalliance.com\/wp-content\/uploads\/2025\/08\/WVA-in-the-news.png","articleSection":["WVA in the News"],"inLanguage":"pt-PT","potentialAction":[{"@type":"CommentAction","name":"Comment","target":["https:\/\/worldvapersalliance.com\/mixed-response-to-pms-smoking-and-vaping-announcements\/#respond"]}]},{"@type":"WebPage","@id":"https:\/\/worldvapersalliance.com\/mixed-response-to-pms-smoking-and-vaping-announcements\/","url":"https:\/\/worldvapersalliance.com\/mixed-response-to-pms-smoking-and-vaping-announcements\/","name":"Rea\u00e7\u00f5es mistas aos an\u00fancios do primeiro-ministro sobre fumo e vaporizadores - Alian\u00e7a Mundial de Vaporizadores","isPartOf":{"@id":"https:\/\/worldvapersalliance.com\/#website"},"primaryImageOfPage":{"@id":"https:\/\/worldvapersalliance.com\/mixed-response-to-pms-smoking-and-vaping-announcements\/#primaryimage"},"image":{"@id":"https:\/\/worldvapersalliance.com\/mixed-response-to-pms-smoking-and-vaping-announcements\/#primaryimage"},"thumbnailUrl":"https:\/\/worldvapersalliance.com\/wp-content\/uploads\/2025\/08\/WVA-in-the-news.png","datePublished":"2023-10-04T09:38:49+00:00","dateModified":"2023-10-11T09:40:05+00:00","inLanguage":"pt-PT","potentialAction":[{"@type":"ReadAction","target":["https:\/\/worldvapersalliance.com\/mixed-response-to-pms-smoking-and-vaping-announcements\/"]}]},{"@type":"ImageObject","inLanguage":"pt-PT","@id":"https:\/\/worldvapersalliance.com\/mixed-response-to-pms-smoking-and-vaping-announcements\/#primaryimage","url":"https:\/\/worldvapersalliance.com\/wp-content\/uploads\/2025\/08\/WVA-in-the-news.png","contentUrl":"https:\/\/worldvapersalliance.com\/wp-content\/uploads\/2025\/08\/WVA-in-the-news.png","width":1264,"height":848},{"@type":"WebSite","@id":"https:\/\/worldvapersalliance.com\/#website","url":"https:\/\/worldvapersalliance.com\/","name":"Alian\u00e7a Mundial de Vapers","description":"A maior comunidade de vapers","publisher":{"@id":"https:\/\/worldvapersalliance.com\/#organization"},"potentialAction":[{"@type":"SearchAction","target":{"@type":"EntryPoint","urlTemplate":"https:\/\/worldvapersalliance.com\/?s={search_term_string}"},"query-input":{"@type":"PropertyValueSpecification","valueRequired":true,"valueName":"search_term_string"}}],"inLanguage":"pt-PT"},{"@type":"Organization","@id":"https:\/\/worldvapersalliance.com\/#organization","name":"Alian\u00e7a Mundial de Vapers","url":"https:\/\/worldvapersalliance.com\/","logo":{"@type":"ImageObject","inLanguage":"pt-PT","@id":"https:\/\/worldvapersalliance.com\/#\/schema\/logo\/image\/","url":"https:\/\/worldvapersalliance.com\/wp-content\/uploads\/2022\/01\/WVA_RB_Fist_G.png","contentUrl":"https:\/\/worldvapersalliance.com\/wp-content\/uploads\/2022\/01\/WVA_RB_Fist_G.png","width":985,"height":1177,"caption":"World Vapers&#039; Alliance"},"image":{"@id":"https:\/\/worldvapersalliance.com\/#\/schema\/logo\/image\/"}},{"@type":"Person","@id":"https:\/\/worldvapersalliance.com\/#\/schema\/person\/18484a6f20bcc6f70a2419c8babe017d","name":"Alian\u00e7a Mundial de Vapers","image":{"@type":"ImageObject","inLanguage":"pt-PT","@id":"https:\/\/secure.gravatar.com\/avatar\/456bf795c7a47c9ac527a94da4bff150aa49e48726d69bee9937f8383cffa246?s=96&d=mm&r=g","url":"https:\/\/secure.gravatar.com\/avatar\/456bf795c7a47c9ac527a94da4bff150aa49e48726d69bee9937f8383cffa246?s=96&d=mm&r=g","contentUrl":"https:\/\/secure.gravatar.com\/avatar\/456bf795c7a47c9ac527a94da4bff150aa49e48726d69bee9937f8383cffa246?s=96&d=mm&r=g","caption":"World Vapers' Alliance"},"url":"https:\/\/worldvapersalliance.com\/pt\/author\/wva\/"}]}},"_links":{"self":[{"href":"https:\/\/worldvapersalliance.com\/pt\/wp-json\/wp\/v2\/posts\/4859","targetHints":{"allow":["GET"]}}],"collection":[{"href":"https:\/\/worldvapersalliance.com\/pt\/wp-json\/wp\/v2\/posts"}],"about":[{"href":"https:\/\/worldvapersalliance.com\/pt\/wp-json\/wp\/v2\/types\/post"}],"author":[{"embeddable":true,"href":"https:\/\/worldvapersalliance.com\/pt\/wp-json\/wp\/v2\/users\/11"}],"replies":[{"embeddable":true,"href":"https:\/\/worldvapersalliance.com\/pt\/wp-json\/wp\/v2\/comments?post=4859"}],"version-history":[{"count":0,"href":"https:\/\/worldvapersalliance.com\/pt\/wp-json\/wp\/v2\/posts\/4859\/revisions"}],"wp:featuredmedia":[{"embeddable":true,"href":"https:\/\/worldvapersalliance.com\/pt\/wp-json\/wp\/v2\/media\/6394"}],"wp:attachment":[{"href":"https:\/\/worldvapersalliance.com\/pt\/wp-json\/wp\/v2\/media?parent=4859"}],"wp:term":[{"taxonomy":"category","embeddable":true,"href":"https:\/\/worldvapersalliance.com\/pt\/wp-json\/wp\/v2\/categories?post=4859"},{"taxonomy":"post_tag","embeddable":true,"href":"https:\/\/worldvapersalliance.com\/pt\/wp-json\/wp\/v2\/tags?post=4859"}],"curies":[{"name":"wp","href":"https:\/\/api.w.org\/{rel}","templated":true}]}}