{"id":6339,"date":"2025-06-23T02:30:37","date_gmt":"2025-06-23T06:30:37","guid":{"rendered":"https:\/\/worldvapersalliance.com\/?p=6339"},"modified":"2025-06-23T02:30:37","modified_gmt":"2025-06-23T06:30:37","slug":"bloombergs-war-on-harm-reduction-faces-consumer-backlash-at-tobacco-conference","status":"publish","type":"post","link":"https:\/\/worldvapersalliance.com\/pl\/bloombergs-war-on-harm-reduction-faces-consumer-backlash-at-tobacco-conference\/","title":{"rendered":"Wojna Bloomberga o redukcj\u0119 szk\u00f3d spotyka si\u0119 z negatywn\u0105 reakcj\u0105 konsument\u00f3w na konferencji Tobacco \u2026"},"content":{"rendered":"<p><strong>Dublin, 23 czerwca 2025 r.<\/strong> \u2013 Jako <a href=\"https:\/\/link.mediaoutreach.meltwater.com\/ls\/click?upn=u001.kkA-2B5AE43OxWPGlc5bDzqLsjRbruXS48R9P8wlRlv8vu5EQ2LeM-2ByMpLQlkTeLglS-QI_EHy7tFOGs40gVcYn37LlHB4LH7beuJx4SJAbMI-2FNlfkwhj-2FQYzYY45KYKypHva6I1tReIGTC-2F9uofjPB6G1W8Z5yfAA4M5nDR1OxL4yWRazKlUaNgNPNqmnJJzpn28lsFwBQoe-2BNVbJhny2mZvx2UntjZM8bE4rUWDauDJXx80OVxtQVTqJ3TWxO7cbuQwgvEoOY6ftd6Mp3t0vrRsDJIkjFzOZMPeEVChiYd3PcFi3gcaXicS389O0sET0ZsFH4Am2wXBpizVsgZauOlUwkrJ-2FULc-2FLyT40rJPgBieaOjEXYK5TlF89rrpYdtyJkJrS2sV7NrpvuoDWRVt57h2-2FZdYNznIPI53l-2FqpmRQN2BYMdkgF-2B4H4seXoEPwxE5YgUu4AORZEbUAtAylWNfuAidQ-3D-3D\" target=\"_blank\" rel=\"noopener\" data-saferedirecturl=\"https:\/\/www.google.com\/url?q=https:\/\/link.mediaoutreach.meltwater.com\/ls\/click?upn%3Du001.kkA-2B5AE43OxWPGlc5bDzqLsjRbruXS48R9P8wlRlv8vu5EQ2LeM-2ByMpLQlkTeLglS-QI_EHy7tFOGs40gVcYn37LlHB4LH7beuJx4SJAbMI-2FNlfkwhj-2FQYzYY45KYKypHva6I1tReIGTC-2F9uofjPB6G1W8Z5yfAA4M5nDR1OxL4yWRazKlUaNgNPNqmnJJzpn28lsFwBQoe-2BNVbJhny2mZvx2UntjZM8bE4rUWDauDJXx80OVxtQVTqJ3TWxO7cbuQwgvEoOY6ftd6Mp3t0vrRsDJIkjFzOZMPeEVChiYd3PcFi3gcaXicS389O0sET0ZsFH4Am2wXBpizVsgZauOlUwkrJ-2FULc-2FLyT40rJPgBieaOjEXYK5TlF89rrpYdtyJkJrS2sV7NrpvuoDWRVt57h2-2FZdYNznIPI53l-2FqpmRQN2BYMdkgF-2B4H4seXoEPwxE5YgUu4AORZEbUAtAylWNfuAidQ-3D-3D&amp;source=gmail&amp;ust=1750745727680000&amp;usg=AOvVaw0OeMmpN6TKaxxRT2spw45Y\">\u015awiatowa Konferencja na temat Kontroli Tytoniu<\/a> (WCTC) otwiera swoje podwoje w Dublinie. Pokaz \u015bwietlny roz\u015bwietli\u0142 dzi\u015b wieczorem centrum konferencyjne, wizualnie oddaj\u0105c g\u0142osy milion\u00f3w konsument\u00f3w, kt\u00f3rych g\u0142os pozostaje nies\u0142yszany i niereprezentowany w globalnych dyskusjach na temat kontroli tytoniu. Kampania \u201cG\u0142osy nies\u0142yszane \u2013 Konsumenci maj\u0105 znaczenie!\u201d zosta\u0142a zainicjowana przez World Vapers&#039; Alliance, aby rzuci\u0107 wyzwanie ci\u0105g\u0142emu wykluczaniu perspektyw konsument\u00f3w z debat na temat kontroli tytoniu.<\/p>\n<p><img fetchpriority=\"high\" decoding=\"async\" class=\"alignnone  wp-image-6329\" src=\"https:\/\/worldvapersalliance.com\/wp-content\/uploads\/2025\/06\/light-show-WVA-2-200x300.jpg\" alt=\"\" width=\"238\" height=\"357\" srcset=\"https:\/\/worldvapersalliance.com\/wp-content\/uploads\/2025\/06\/light-show-WVA-2-200x300.jpg 200w, https:\/\/worldvapersalliance.com\/wp-content\/uploads\/2025\/06\/light-show-WVA-2-683x1024.jpg 683w, https:\/\/worldvapersalliance.com\/wp-content\/uploads\/2025\/06\/light-show-WVA-2-768x1152.jpg 768w, https:\/\/worldvapersalliance.com\/wp-content\/uploads\/2025\/06\/light-show-WVA-2-1024x1536.jpg 1024w, https:\/\/worldvapersalliance.com\/wp-content\/uploads\/2025\/06\/light-show-WVA-2-1365x2048.jpg 1365w, https:\/\/worldvapersalliance.com\/wp-content\/uploads\/2025\/06\/light-show-WVA-2-8x12.jpg 8w, https:\/\/worldvapersalliance.com\/wp-content\/uploads\/2025\/06\/light-show-WVA-2-600x900.jpg 600w, https:\/\/worldvapersalliance.com\/wp-content\/uploads\/2025\/06\/light-show-WVA-2-scaled.jpg 1707w\" sizes=\"(max-width: 238px) 100vw, 238px\" \/> <img decoding=\"async\" class=\"alignnone  wp-image-6336\" src=\"https:\/\/worldvapersalliance.com\/wp-content\/uploads\/2025\/06\/light-show-WVA-4-200x300.jpg\" alt=\"\" width=\"241\" height=\"362\" srcset=\"https:\/\/worldvapersalliance.com\/wp-content\/uploads\/2025\/06\/light-show-WVA-4-200x300.jpg 200w, https:\/\/worldvapersalliance.com\/wp-content\/uploads\/2025\/06\/light-show-WVA-4-683x1024.jpg 683w, https:\/\/worldvapersalliance.com\/wp-content\/uploads\/2025\/06\/light-show-WVA-4-768x1152.jpg 768w, https:\/\/worldvapersalliance.com\/wp-content\/uploads\/2025\/06\/light-show-WVA-4-1024x1536.jpg 1024w, https:\/\/worldvapersalliance.com\/wp-content\/uploads\/2025\/06\/light-show-WVA-4-1365x2048.jpg 1365w, https:\/\/worldvapersalliance.com\/wp-content\/uploads\/2025\/06\/light-show-WVA-4-8x12.jpg 8w, https:\/\/worldvapersalliance.com\/wp-content\/uploads\/2025\/06\/light-show-WVA-4-600x900.jpg 600w, https:\/\/worldvapersalliance.com\/wp-content\/uploads\/2025\/06\/light-show-WVA-4-scaled.jpg 1707w\" sizes=\"(max-width: 241px) 100vw, 241px\" \/> <img decoding=\"async\" class=\"alignnone  wp-image-6337\" src=\"https:\/\/worldvapersalliance.com\/wp-content\/uploads\/2025\/06\/light-show-WVA-5-200x300.jpg\" alt=\"\" width=\"239\" height=\"359\" srcset=\"https:\/\/worldvapersalliance.com\/wp-content\/uploads\/2025\/06\/light-show-WVA-5-200x300.jpg 200w, https:\/\/worldvapersalliance.com\/wp-content\/uploads\/2025\/06\/light-show-WVA-5-683x1024.jpg 683w, https:\/\/worldvapersalliance.com\/wp-content\/uploads\/2025\/06\/light-show-WVA-5-768x1152.jpg 768w, https:\/\/worldvapersalliance.com\/wp-content\/uploads\/2025\/06\/light-show-WVA-5-1024x1536.jpg 1024w, https:\/\/worldvapersalliance.com\/wp-content\/uploads\/2025\/06\/light-show-WVA-5-1365x2048.jpg 1365w, https:\/\/worldvapersalliance.com\/wp-content\/uploads\/2025\/06\/light-show-WVA-5-8x12.jpg 8w, https:\/\/worldvapersalliance.com\/wp-content\/uploads\/2025\/06\/light-show-WVA-5-600x900.jpg 600w, https:\/\/worldvapersalliance.com\/wp-content\/uploads\/2025\/06\/light-show-WVA-5-scaled.jpg 1707w\" sizes=\"(max-width: 239px) 100vw, 239px\" \/><\/p>\n<p>Michael Landl, dyrektor World Vapers&#039; Alliance, stwierdza:<\/p>\n<p><em>\u201cPodczas gdy decydenci debatuj\u0105 za zamkni\u0119tymi drzwiami, miliony konsument\u00f3w pozostaj\u0105 w niepewno\u015bci. Nasz g\u0142os ma znaczenie i nie mo\u017cna go ignorowa\u0107. <\/em><strong><em>Pot\u0119\u017cne grupy interesu, takie jak Michael Bloomberg, nadal naciskaj\u0105 na wprowadzenie zakaz\u00f3w, kt\u00f3re usun\u0105 z rynku bezpieczniejsze alternatywy.<\/em><\/strong><em> Podej\u015bcie to ignoruje dowody naukowe i rzeczywiste do\u015bwiadczenia milion\u00f3w doros\u0142ych, kt\u00f3rym uda\u0142o si\u0119 rzuci\u0107 palenie dzi\u0119ki produktom o obni\u017conym ryzyku. <\/em><strong><em>Decydenci musz\u0105 s\u0142ucha\u0107 konsument\u00f3w i opiera\u0107 swoje decyzje na faktach, a nie ideologii lub wp\u0142ywie bogatych darczy\u0144c\u00f3w.<\/em><\/strong><em>\u201d<br \/>\n<\/em><\/p>\n<p>W zwi\u0105zku ze zbli\u017caj\u0105c\u0105 si\u0119 konferencj\u0105 COP11 w Genewie, kt\u00f3ra odb\u0119dzie si\u0119 jeszcze w tym roku, wa\u017cniejsze ni\u017c kiedykolwiek jest uwzgl\u0119dnienie w procesie decyzyjnym g\u0142os\u00f3w os\u00f3b najbardziej dotkni\u0119tych polityk\u0105 tytoniow\u0105 i nikotynow\u0105. Podczas gdy setki decydent\u00f3w zbieraj\u0105 si\u0119, aby dyskutowa\u0107 o kontroli tytoniu, konsumenci \u2013 osoby najbardziej dotkni\u0119te polityk\u0105 \u2013 znajduj\u0105 si\u0119 na marginesie. Pokaz \u015bwiate\u0142 symbolizuje ich uciszenie, przekazuj\u0105c dobitny przekaz: \u201cJeste\u015bmy tu, ale wy nie s\u0142uchacie\u201d. Kampania wzywa do autentycznej integracji i miejsca przy stole dla tych, kt\u00f3rzy codziennie ponosz\u0105 konsekwencje decyzji politycznych.<\/p>\n<p>Kampania rozpocz\u0119\u0142a si\u0119 w okresie ponownych atak\u00f3w \u015awiatowej Organizacji Zdrowia (WHO) na redukcj\u0119 szk\u00f3d, w tym niedawnego <a href=\"https:\/\/link.mediaoutreach.meltwater.com\/ls\/click?upn=u001.kkA-2B5AE43OxWPGlc5bDzqC-2BUKk8uVKk79qE8c29OGxV-2BIXcW713NTiyY-2FFFPjC8wGfpf-2Fxz6xD-2BxUMJ5OoehfjU6rEnBXhzz99MovXRs6UxRIw8ptP2CjzUHixsLI9o8UX-2BUac9uPXlLTmGXUTPZ4EU20rTFc3YKfE-2BRY6NGR-2FRZqcMyz6dR1DkOrPKSazu6at6wEHHaoseYZlV3fh48L8eCL8uzxWIQ-2F6KhuhVLdVU-3DBvX7_EHy7tFOGs40gVcYn37LlHB4LH7beuJx4SJAbMI-2FNlfkwhj-2FQYzYY45KYKypHva6I1tReIGTC-2F9uofjPB6G1W8Z5yfAA4M5nDR1OxL4yWRazKlUaNgNPNqmnJJzpn28lsFwBQoe-2BNVbJhny2mZvx2UntjZM8bE4rUWDauDJXx80OVxtQVTqJ3TWxO7cbuQwgvEoOY6ftd6Mp3t0vrRsDJIkjFzOZMPeEVChiYd3PcFi134Dqt-2BpI9ibC8rQ-2FPY99CV4n1Q0x6cWIwwM-2F1kDgETk8DkT6-2BT-2FT-2BnZTXZFoksf-2F77HLM47OmYoNk1KCK6pgCSvV5Yibl6iCDceP-2Blgk2yYL4dQHz-2BVqP60xuacxXZgZwMjBcXQvRCNWFSqbZY41LJ9YdlBlw5alq45qyrAAuDA-3D-3D\" target=\"_blank\" rel=\"noopener\" data-saferedirecturl=\"https:\/\/www.google.com\/url?q=https:\/\/link.mediaoutreach.meltwater.com\/ls\/click?upn%3Du001.kkA-2B5AE43OxWPGlc5bDzqC-2BUKk8uVKk79qE8c29OGxV-2BIXcW713NTiyY-2FFFPjC8wGfpf-2Fxz6xD-2BxUMJ5OoehfjU6rEnBXhzz99MovXRs6UxRIw8ptP2CjzUHixsLI9o8UX-2BUac9uPXlLTmGXUTPZ4EU20rTFc3YKfE-2BRY6NGR-2FRZqcMyz6dR1DkOrPKSazu6at6wEHHaoseYZlV3fh48L8eCL8uzxWIQ-2F6KhuhVLdVU-3DBvX7_EHy7tFOGs40gVcYn37LlHB4LH7beuJx4SJAbMI-2FNlfkwhj-2FQYzYY45KYKypHva6I1tReIGTC-2F9uofjPB6G1W8Z5yfAA4M5nDR1OxL4yWRazKlUaNgNPNqmnJJzpn28lsFwBQoe-2BNVbJhny2mZvx2UntjZM8bE4rUWDauDJXx80OVxtQVTqJ3TWxO7cbuQwgvEoOY6ftd6Mp3t0vrRsDJIkjFzOZMPeEVChiYd3PcFi134Dqt-2BpI9ibC8rQ-2FPY99CV4n1Q0x6cWIwwM-2F1kDgETk8DkT6-2BT-2FT-2BnZTXZFoksf-2F77HLM47OmYoNk1KCK6pgCSvV5Yibl6iCDceP-2Blgk2yYL4dQHz-2BVqP60xuacxXZgZwMjBcXQvRCNWFSqbZY41LJ9YdlBlw5alq45qyrAAuDA-3D-3D&amp;source=gmail&amp;ust=1750745727680000&amp;usg=AOvVaw2TExL7cahBj4USS9OHUO0h\">apel o zakaz wszystkich aromatyzowanych produkt\u00f3w nikotynowych<\/a>, w tym e-papierosy i woreczki nikotynowe.<\/p>\n<p>Alberto G\u00f3mez Hern\u00e1ndez, kierownik ds. polityki i rzecznictwa WVA, komentuje:<\/p>\n<p><em>\u201cZakaz stosowania aromat\u00f3w nie ma na celu ochrony, lecz pozbawienie doros\u0142ych narz\u0119dzi, kt\u00f3rych potrzebuj\u0105, aby rzuci\u0107 palenie. <\/em><strong><em>Podej\u015bcie WHO jest oderwane od rzeczywisto\u015bci i nara\u017ca ludzkie \u017cycie. Nauka i konsumenci musz\u0105 przesta\u0107 milcze\u0107.<\/em><\/strong><em>\u201d<\/em><\/p>\n<p>Kampania b\u0119dzie kontynuowana przez ca\u0142y rok, promuj\u0105c polityk\u0119 ograniczania szk\u00f3d opart\u0105 na dowodach naukowych i kwestionuj\u0105c status quo, kt\u00f3ry pozbawia konsument\u00f3w g\u0142osu w czasie, gdy \u015bwiat przygotowuje si\u0119 do COP11 w Genewie.<\/p>","protected":false},"excerpt":{"rendered":"<p>Dublin, 23 June 2025 \u2013 As the World Conference on Tobacco Control (WCTC) opens its doors in Dublin, a light show illuminated the conference centre tonight, visually representing the voices of millions of consumers who remain unheard and unrepresented in global tobacco control discussions. The campaign, \u201cVoices Unheard \u2013 Consumers Matter!\u201d, is launched by the [&hellip;]<\/p>\n","protected":false},"author":11,"featured_media":3245,"comment_status":"open","ping_status":"open","sticky":false,"template":"","format":"standard","meta":{"footnotes":""},"categories":[13],"tags":[],"class_list":["post-6339","post","type-post","status-publish","format-standard","has-post-thumbnail","hentry","category-press-releases"],"yoast_head":"<!-- This site is optimized with the Yoast SEO plugin v27.3 - https:\/\/yoast.com\/product\/yoast-seo-wordpress\/ -->\n<title>Bloomberg\u2019s War on Harm Reduction Faces Consumer Backlash at Tobacco Conference - World Vapers&#039; Alliance<\/title>\n<meta name=\"robots\" content=\"index, follow, max-snippet:-1, max-image-preview:large, max-video-preview:-1\" \/>\n<link rel=\"canonical\" href=\"https:\/\/worldvapersalliance.com\/pl\/bloombergs-war-on-harm-reduction-faces-consumer-backlash-at-tobacco-conference\/\" \/>\n<meta property=\"og:locale\" content=\"pl_PL\" \/>\n<meta property=\"og:type\" content=\"article\" \/>\n<meta property=\"og:title\" content=\"Bloomberg\u2019s War on Harm Reduction Faces Consumer Backlash at Tobacco Conference - World Vapers&#039; Alliance\" \/>\n<meta property=\"og:description\" content=\"Dublin, 23 June 2025 \u2013 As the World Conference on Tobacco Control (WCTC) opens its doors in Dublin, a light show illuminated the conference centre tonight, visually representing the voices of millions of consumers who remain unheard and unrepresented in global tobacco control discussions. The campaign, \u201cVoices Unheard \u2013 Consumers Matter!\u201d, is launched by the [&hellip;]\" \/>\n<meta property=\"og:url\" content=\"https:\/\/worldvapersalliance.com\/pl\/bloombergs-war-on-harm-reduction-faces-consumer-backlash-at-tobacco-conference\/\" \/>\n<meta property=\"og:site_name\" content=\"World Vapers&#039; Alliance\" \/>\n<meta property=\"article:published_time\" content=\"2025-06-23T06:30:37+00:00\" \/>\n<meta property=\"og:image\" content=\"https:\/\/worldvapersalliance.com\/wp-content\/uploads\/2022\/10\/WVA_Press-Release_Cover-new.png\" \/>\n\t<meta property=\"og:image:width\" content=\"4162\" \/>\n\t<meta property=\"og:image:height\" content=\"3840\" \/>\n\t<meta property=\"og:image:type\" content=\"image\/png\" \/>\n<meta name=\"author\" content=\"World Vapers&#039; Alliance\" \/>\n<meta name=\"twitter:card\" content=\"summary_large_image\" \/>\n<meta name=\"twitter:label1\" content=\"Napisane przez\" \/>\n\t<meta name=\"twitter:data1\" content=\"World Vapers&#039; Alliance\" \/>\n\t<meta name=\"twitter:label2\" content=\"Szacowany czas czytania\" \/>\n\t<meta name=\"twitter:data2\" content=\"3 minuty\" \/>\n<script type=\"application\/ld+json\" class=\"yoast-schema-graph\">{\"@context\":\"https:\\\/\\\/schema.org\",\"@graph\":[{\"@type\":\"Article\",\"@id\":\"https:\\\/\\\/worldvapersalliance.com\\\/bloombergs-war-on-harm-reduction-faces-consumer-backlash-at-tobacco-conference\\\/#article\",\"isPartOf\":{\"@id\":\"https:\\\/\\\/worldvapersalliance.com\\\/bloombergs-war-on-harm-reduction-faces-consumer-backlash-at-tobacco-conference\\\/\"},\"author\":{\"name\":\"World Vapers' Alliance\",\"@id\":\"https:\\\/\\\/worldvapersalliance.com\\\/#\\\/schema\\\/person\\\/18484a6f20bcc6f70a2419c8babe017d\"},\"headline\":\"Bloomberg\u2019s War on Harm Reduction Faces Consumer Backlash at Tobacco Conf &hellip;\",\"datePublished\":\"2025-06-23T06:30:37+00:00\",\"mainEntityOfPage\":{\"@id\":\"https:\\\/\\\/worldvapersalliance.com\\\/bloombergs-war-on-harm-reduction-faces-consumer-backlash-at-tobacco-conference\\\/\"},\"wordCount\":376,\"commentCount\":1,\"publisher\":{\"@id\":\"https:\\\/\\\/worldvapersalliance.com\\\/#organization\"},\"image\":{\"@id\":\"https:\\\/\\\/worldvapersalliance.com\\\/bloombergs-war-on-harm-reduction-faces-consumer-backlash-at-tobacco-conference\\\/#primaryimage\"},\"thumbnailUrl\":\"https:\\\/\\\/worldvapersalliance.com\\\/wp-content\\\/uploads\\\/2022\\\/10\\\/WVA_Press-Release_Cover-new.png\",\"articleSection\":[\"Press Releases\"],\"inLanguage\":\"pl-PL\",\"potentialAction\":[{\"@type\":\"CommentAction\",\"name\":\"Comment\",\"target\":[\"https:\\\/\\\/worldvapersalliance.com\\\/bloombergs-war-on-harm-reduction-faces-consumer-backlash-at-tobacco-conference\\\/#respond\"]}]},{\"@type\":\"WebPage\",\"@id\":\"https:\\\/\\\/worldvapersalliance.com\\\/bloombergs-war-on-harm-reduction-faces-consumer-backlash-at-tobacco-conference\\\/\",\"url\":\"https:\\\/\\\/worldvapersalliance.com\\\/bloombergs-war-on-harm-reduction-faces-consumer-backlash-at-tobacco-conference\\\/\",\"name\":\"Bloomberg\u2019s War on Harm Reduction Faces Consumer Backlash at Tobacco Conference - World Vapers&#039; Alliance\",\"isPartOf\":{\"@id\":\"https:\\\/\\\/worldvapersalliance.com\\\/#website\"},\"primaryImageOfPage\":{\"@id\":\"https:\\\/\\\/worldvapersalliance.com\\\/bloombergs-war-on-harm-reduction-faces-consumer-backlash-at-tobacco-conference\\\/#primaryimage\"},\"image\":{\"@id\":\"https:\\\/\\\/worldvapersalliance.com\\\/bloombergs-war-on-harm-reduction-faces-consumer-backlash-at-tobacco-conference\\\/#primaryimage\"},\"thumbnailUrl\":\"https:\\\/\\\/worldvapersalliance.com\\\/wp-content\\\/uploads\\\/2022\\\/10\\\/WVA_Press-Release_Cover-new.png\",\"datePublished\":\"2025-06-23T06:30:37+00:00\",\"inLanguage\":\"pl-PL\",\"potentialAction\":[{\"@type\":\"ReadAction\",\"target\":[\"https:\\\/\\\/worldvapersalliance.com\\\/bloombergs-war-on-harm-reduction-faces-consumer-backlash-at-tobacco-conference\\\/\"]}]},{\"@type\":\"ImageObject\",\"inLanguage\":\"pl-PL\",\"@id\":\"https:\\\/\\\/worldvapersalliance.com\\\/bloombergs-war-on-harm-reduction-faces-consumer-backlash-at-tobacco-conference\\\/#primaryimage\",\"url\":\"https:\\\/\\\/worldvapersalliance.com\\\/wp-content\\\/uploads\\\/2022\\\/10\\\/WVA_Press-Release_Cover-new.png\",\"contentUrl\":\"https:\\\/\\\/worldvapersalliance.com\\\/wp-content\\\/uploads\\\/2022\\\/10\\\/WVA_Press-Release_Cover-new.png\",\"width\":4162,\"height\":3840},{\"@type\":\"WebSite\",\"@id\":\"https:\\\/\\\/worldvapersalliance.com\\\/#website\",\"url\":\"https:\\\/\\\/worldvapersalliance.com\\\/\",\"name\":\"World Vapers&#039; Alliance\",\"description\":\"The largest community of vapers\",\"publisher\":{\"@id\":\"https:\\\/\\\/worldvapersalliance.com\\\/#organization\"},\"potentialAction\":[{\"@type\":\"SearchAction\",\"target\":{\"@type\":\"EntryPoint\",\"urlTemplate\":\"https:\\\/\\\/worldvapersalliance.com\\\/?s={search_term_string}\"},\"query-input\":{\"@type\":\"PropertyValueSpecification\",\"valueRequired\":true,\"valueName\":\"search_term_string\"}}],\"inLanguage\":\"pl-PL\"},{\"@type\":\"Organization\",\"@id\":\"https:\\\/\\\/worldvapersalliance.com\\\/#organization\",\"name\":\"World Vapers&#039; Alliance\",\"url\":\"https:\\\/\\\/worldvapersalliance.com\\\/\",\"logo\":{\"@type\":\"ImageObject\",\"inLanguage\":\"pl-PL\",\"@id\":\"https:\\\/\\\/worldvapersalliance.com\\\/#\\\/schema\\\/logo\\\/image\\\/\",\"url\":\"https:\\\/\\\/worldvapersalliance.com\\\/wp-content\\\/uploads\\\/2022\\\/01\\\/WVA_RB_Fist_G.png\",\"contentUrl\":\"https:\\\/\\\/worldvapersalliance.com\\\/wp-content\\\/uploads\\\/2022\\\/01\\\/WVA_RB_Fist_G.png\",\"width\":985,\"height\":1177,\"caption\":\"World Vapers&#039; Alliance\"},\"image\":{\"@id\":\"https:\\\/\\\/worldvapersalliance.com\\\/#\\\/schema\\\/logo\\\/image\\\/\"}},{\"@type\":\"Person\",\"@id\":\"https:\\\/\\\/worldvapersalliance.com\\\/#\\\/schema\\\/person\\\/18484a6f20bcc6f70a2419c8babe017d\",\"name\":\"World Vapers' Alliance\",\"image\":{\"@type\":\"ImageObject\",\"inLanguage\":\"pl-PL\",\"@id\":\"https:\\\/\\\/secure.gravatar.com\\\/avatar\\\/456bf795c7a47c9ac527a94da4bff150aa49e48726d69bee9937f8383cffa246?s=96&d=mm&r=g\",\"url\":\"https:\\\/\\\/secure.gravatar.com\\\/avatar\\\/456bf795c7a47c9ac527a94da4bff150aa49e48726d69bee9937f8383cffa246?s=96&d=mm&r=g\",\"contentUrl\":\"https:\\\/\\\/secure.gravatar.com\\\/avatar\\\/456bf795c7a47c9ac527a94da4bff150aa49e48726d69bee9937f8383cffa246?s=96&d=mm&r=g\",\"caption\":\"World Vapers' Alliance\"},\"url\":\"https:\\\/\\\/worldvapersalliance.com\\\/pl\\\/author\\\/wva\\\/\"}]}<\/script>\n<!-- \/ Yoast SEO plugin. -->","yoast_head_json":{"title":"Wojna Bloomberga z redukcj\u0105 szk\u00f3d spotyka si\u0119 z negatywn\u0105 reakcj\u0105 konsument\u00f3w na konferencji tytoniowej - World Vapers&#039; Alliance","robots":{"index":"index","follow":"follow","max-snippet":"max-snippet:-1","max-image-preview":"max-image-preview:large","max-video-preview":"max-video-preview:-1"},"canonical":"https:\/\/worldvapersalliance.com\/pl\/bloombergs-war-on-harm-reduction-faces-consumer-backlash-at-tobacco-conference\/","og_locale":"pl_PL","og_type":"article","og_title":"Bloomberg\u2019s War on Harm Reduction Faces Consumer Backlash at Tobacco Conference - World Vapers&#039; Alliance","og_description":"Dublin, 23 June 2025 \u2013 As the World Conference on Tobacco Control (WCTC) opens its doors in Dublin, a light show illuminated the conference centre tonight, visually representing the voices of millions of consumers who remain unheard and unrepresented in global tobacco control discussions. The campaign, \u201cVoices Unheard \u2013 Consumers Matter!\u201d, is launched by the [&hellip;]","og_url":"https:\/\/worldvapersalliance.com\/pl\/bloombergs-war-on-harm-reduction-faces-consumer-backlash-at-tobacco-conference\/","og_site_name":"World Vapers&#039; Alliance","article_published_time":"2025-06-23T06:30:37+00:00","og_image":[{"width":4162,"height":3840,"url":"https:\/\/worldvapersalliance.com\/wp-content\/uploads\/2022\/10\/WVA_Press-Release_Cover-new.png","type":"image\/png"}],"author":"World Vapers' Alliance","twitter_card":"summary_large_image","twitter_misc":{"Napisane przez":"World Vapers' Alliance","Szacowany czas czytania":"3 minuty"},"schema":{"@context":"https:\/\/schema.org","@graph":[{"@type":"Article","@id":"https:\/\/worldvapersalliance.com\/bloombergs-war-on-harm-reduction-faces-consumer-backlash-at-tobacco-conference\/#article","isPartOf":{"@id":"https:\/\/worldvapersalliance.com\/bloombergs-war-on-harm-reduction-faces-consumer-backlash-at-tobacco-conference\/"},"author":{"name":"World Vapers' Alliance","@id":"https:\/\/worldvapersalliance.com\/#\/schema\/person\/18484a6f20bcc6f70a2419c8babe017d"},"headline":"Bloomberg\u2019s War on Harm Reduction Faces Consumer Backlash at Tobacco Conf &hellip;","datePublished":"2025-06-23T06:30:37+00:00","mainEntityOfPage":{"@id":"https:\/\/worldvapersalliance.com\/bloombergs-war-on-harm-reduction-faces-consumer-backlash-at-tobacco-conference\/"},"wordCount":376,"commentCount":1,"publisher":{"@id":"https:\/\/worldvapersalliance.com\/#organization"},"image":{"@id":"https:\/\/worldvapersalliance.com\/bloombergs-war-on-harm-reduction-faces-consumer-backlash-at-tobacco-conference\/#primaryimage"},"thumbnailUrl":"https:\/\/worldvapersalliance.com\/wp-content\/uploads\/2022\/10\/WVA_Press-Release_Cover-new.png","articleSection":["Press Releases"],"inLanguage":"pl-PL","potentialAction":[{"@type":"CommentAction","name":"Comment","target":["https:\/\/worldvapersalliance.com\/bloombergs-war-on-harm-reduction-faces-consumer-backlash-at-tobacco-conference\/#respond"]}]},{"@type":"WebPage","@id":"https:\/\/worldvapersalliance.com\/bloombergs-war-on-harm-reduction-faces-consumer-backlash-at-tobacco-conference\/","url":"https:\/\/worldvapersalliance.com\/bloombergs-war-on-harm-reduction-faces-consumer-backlash-at-tobacco-conference\/","name":"Wojna Bloomberga z redukcj\u0105 szk\u00f3d spotyka si\u0119 z negatywn\u0105 reakcj\u0105 konsument\u00f3w na konferencji tytoniowej - World Vapers&#039; Alliance","isPartOf":{"@id":"https:\/\/worldvapersalliance.com\/#website"},"primaryImageOfPage":{"@id":"https:\/\/worldvapersalliance.com\/bloombergs-war-on-harm-reduction-faces-consumer-backlash-at-tobacco-conference\/#primaryimage"},"image":{"@id":"https:\/\/worldvapersalliance.com\/bloombergs-war-on-harm-reduction-faces-consumer-backlash-at-tobacco-conference\/#primaryimage"},"thumbnailUrl":"https:\/\/worldvapersalliance.com\/wp-content\/uploads\/2022\/10\/WVA_Press-Release_Cover-new.png","datePublished":"2025-06-23T06:30:37+00:00","inLanguage":"pl-PL","potentialAction":[{"@type":"ReadAction","target":["https:\/\/worldvapersalliance.com\/bloombergs-war-on-harm-reduction-faces-consumer-backlash-at-tobacco-conference\/"]}]},{"@type":"ImageObject","inLanguage":"pl-PL","@id":"https:\/\/worldvapersalliance.com\/bloombergs-war-on-harm-reduction-faces-consumer-backlash-at-tobacco-conference\/#primaryimage","url":"https:\/\/worldvapersalliance.com\/wp-content\/uploads\/2022\/10\/WVA_Press-Release_Cover-new.png","contentUrl":"https:\/\/worldvapersalliance.com\/wp-content\/uploads\/2022\/10\/WVA_Press-Release_Cover-new.png","width":4162,"height":3840},{"@type":"WebSite","@id":"https:\/\/worldvapersalliance.com\/#website","url":"https:\/\/worldvapersalliance.com\/","name":"\u015awiatowy Sojusz Vaper\u00f3w","description":"Najwi\u0119ksza spo\u0142eczno\u015b\u0107 vaper\u00f3w","publisher":{"@id":"https:\/\/worldvapersalliance.com\/#organization"},"potentialAction":[{"@type":"SearchAction","target":{"@type":"EntryPoint","urlTemplate":"https:\/\/worldvapersalliance.com\/?s={search_term_string}"},"query-input":{"@type":"PropertyValueSpecification","valueRequired":true,"valueName":"search_term_string"}}],"inLanguage":"pl-PL"},{"@type":"Organization","@id":"https:\/\/worldvapersalliance.com\/#organization","name":"\u015awiatowy Sojusz Vaper\u00f3w","url":"https:\/\/worldvapersalliance.com\/","logo":{"@type":"ImageObject","inLanguage":"pl-PL","@id":"https:\/\/worldvapersalliance.com\/#\/schema\/logo\/image\/","url":"https:\/\/worldvapersalliance.com\/wp-content\/uploads\/2022\/01\/WVA_RB_Fist_G.png","contentUrl":"https:\/\/worldvapersalliance.com\/wp-content\/uploads\/2022\/01\/WVA_RB_Fist_G.png","width":985,"height":1177,"caption":"World Vapers&#039; Alliance"},"image":{"@id":"https:\/\/worldvapersalliance.com\/#\/schema\/logo\/image\/"}},{"@type":"Person","@id":"https:\/\/worldvapersalliance.com\/#\/schema\/person\/18484a6f20bcc6f70a2419c8babe017d","name":"\u015awiatowy Sojusz Vaper\u00f3w","image":{"@type":"ImageObject","inLanguage":"pl-PL","@id":"https:\/\/secure.gravatar.com\/avatar\/456bf795c7a47c9ac527a94da4bff150aa49e48726d69bee9937f8383cffa246?s=96&d=mm&r=g","url":"https:\/\/secure.gravatar.com\/avatar\/456bf795c7a47c9ac527a94da4bff150aa49e48726d69bee9937f8383cffa246?s=96&d=mm&r=g","contentUrl":"https:\/\/secure.gravatar.com\/avatar\/456bf795c7a47c9ac527a94da4bff150aa49e48726d69bee9937f8383cffa246?s=96&d=mm&r=g","caption":"World Vapers' Alliance"},"url":"https:\/\/worldvapersalliance.com\/pl\/author\/wva\/"}]}},"_links":{"self":[{"href":"https:\/\/worldvapersalliance.com\/pl\/wp-json\/wp\/v2\/posts\/6339","targetHints":{"allow":["GET"]}}],"collection":[{"href":"https:\/\/worldvapersalliance.com\/pl\/wp-json\/wp\/v2\/posts"}],"about":[{"href":"https:\/\/worldvapersalliance.com\/pl\/wp-json\/wp\/v2\/types\/post"}],"author":[{"embeddable":true,"href":"https:\/\/worldvapersalliance.com\/pl\/wp-json\/wp\/v2\/users\/11"}],"replies":[{"embeddable":true,"href":"https:\/\/worldvapersalliance.com\/pl\/wp-json\/wp\/v2\/comments?post=6339"}],"version-history":[{"count":0,"href":"https:\/\/worldvapersalliance.com\/pl\/wp-json\/wp\/v2\/posts\/6339\/revisions"}],"wp:featuredmedia":[{"embeddable":true,"href":"https:\/\/worldvapersalliance.com\/pl\/wp-json\/wp\/v2\/media\/3245"}],"wp:attachment":[{"href":"https:\/\/worldvapersalliance.com\/pl\/wp-json\/wp\/v2\/media?parent=6339"}],"wp:term":[{"taxonomy":"category","embeddable":true,"href":"https:\/\/worldvapersalliance.com\/pl\/wp-json\/wp\/v2\/categories?post=6339"},{"taxonomy":"post_tag","embeddable":true,"href":"https:\/\/worldvapersalliance.com\/pl\/wp-json\/wp\/v2\/tags?post=6339"}],"curies":[{"name":"wp","href":"https:\/\/api.w.org\/{rel}","templated":true}]}}