{"id":618,"date":"2021-11-10T15:54:25","date_gmt":"2021-11-10T20:54:25","guid":{"rendered":"https:\/\/cccwva.wpengine.com\/?p=618"},"modified":"2022-02-05T15:04:54","modified_gmt":"2022-02-05T20:04:54","slug":"the-voices-of-vapers-take-over-the-streets-of-geneva-during-cop9","status":"publish","type":"post","link":"https:\/\/worldvapersalliance.com\/pl\/the-voices-of-vapers-take-over-the-streets-of-geneva-during-cop9\/","title":{"rendered":"G\u0142osy palaczy e-papieros\u00f3w przej\u0119\u0142y ulice Genewy podczas COP9"},"content":{"rendered":"<p><strong>Genewa, 10.11.2021.\u00a0<\/strong>G\u0142osy palaczy e-papieros\u00f3w i ich osobiste historie o tym, jak wapowanie pomog\u0142o im rzuci\u0107 palenie i zmieni\u0107 swoje \u017cycie na lepsze, by\u0142y dzi\u015b transmitowane na ulicach Genewy z okazji spotkania COP 9, \u015bwiatowej konferencji po\u015bwi\u0119conej kontroli tytoniu.<\/p>\n<p>Jazda przez Genew\u0119 w kultowym, elektrycznor\u00f3\u017cowym \u201eVape Busie\u201d, <img fetchpriority=\"high\" decoding=\"async\" class=\"size-medium wp-image-619 alignleft\" src=\"https:\/\/worldvapersalliance.com\/wp-content\/uploads\/2022\/02\/vape-buses-geneva-300x200.jpeg\" alt=\"\" width=\"300\" height=\"200\" srcset=\"https:\/\/worldvapersalliance.com\/wp-content\/uploads\/2022\/02\/vape-buses-geneva-300x200.jpeg 300w, https:\/\/worldvapersalliance.com\/wp-content\/uploads\/2022\/02\/vape-buses-geneva-600x401.jpeg 600w, https:\/\/worldvapersalliance.com\/wp-content\/uploads\/2022\/02\/vape-buses-geneva-768x513.jpeg 768w, https:\/\/worldvapersalliance.com\/wp-content\/uploads\/2022\/02\/vape-buses-geneva-18x12.jpeg 18w, https:\/\/worldvapersalliance.com\/wp-content\/uploads\/2022\/02\/vape-buses-geneva.jpeg 1024w\" sizes=\"(max-width: 300px) 100vw, 300px\" \/>World Vapers&#039; Alliance (WVA), organizacja reprezentuj\u0105ca u\u017cytkownik\u00f3w waper\u00f3w na ca\u0142ym \u015bwiecie, zaprezentowa\u0142a bogaty wyb\u00f3r historii os\u00f3b, kt\u00f3re rzuci\u0142y palenie, na ca\u0142ym \u015bwiecie.<a href=\"https:\/\/drive.google.com\/drive\/u\/0\/folders\/1q-ChasN8kN5RUNTkMiii6u7Ua7K-pkhB\" target=\"_blank\" rel=\"noreferrer noopener nofollow\" data-wpel-link=\"external\">Tutaj\u00a0<\/a>pe\u0142ny film mo\u017cna znale\u017a\u0107) Publiczno\u015bci\u0105 demonstracji byli delegaci spotkania COP 9 Ramowej Konwencji o Ograniczeniu Wyrob\u00f3w Tytoniowych (FCTC), kt\u00f3re odby\u0142o si\u0119 w Genewie i by\u0142o wirtualne. WHO FCTC wykluczy\u0142a vaper\u00f3w z udzia\u0142u w dyskusjach COP 9, a demonstracja WVA zosta\u0142a szybko wyrzucona sprzed budynku WHO.<\/p>\n<p>Michael Landl, dyrektor World Vapers&#039; Alliance, powiedzia\u0142:<\/p>\n<p><em>\u201ePrzybyli\u015bmy tu dzisiaj, aby upewni\u0107 si\u0119, \u017ce g\u0142osy vaper\u00f3w zostan\u0105 wys\u0142uchane i \u017ce wapowanie jest na czele polityki rzucania palenia na ca\u0142ym \u015bwiecie. Wapowanie mo\u017ce uratowa\u0107 200 milion\u00f3w istnie\u0144 ludzkich na ca\u0142ym \u015bwiecie, a delegaci COP9 musz\u0105 zrozumie\u0107 prawdziwe historie os\u00f3b, kt\u00f3rym uda\u0142o si\u0119 rzuci\u0107 palenie dzi\u0119ki wapowaniu.\u00a0<\/em><\/p>\n<p><em>Dotarli\u015bmy z naszym przes\u0142aniem do drzwi WHO i poprosili\u015bmy, aby wys\u0142uchali naszego g\u0142osu. Delegaci COP9<\/em>\u00a0<em>maj\u0105 szans\u0119 tworzy\u0107 histori\u0119 i ratowa\u0107 \u017cycie, JE\u015aLI popr\u0105 wapowanie jako narz\u0119dzie do pokonania palenia. Nasz przekaz do nich jest jasny: wybierzcie nauk\u0119 i ratujcie \u017cycie\u201d,\u00a0<\/em>doda\u0142.<\/p>\n<p>Prawie 200 milion\u00f3w palaczy na ca\u0142ym \u015bwiecie mog\u0142oby przej\u015b\u0107 na wapowanie, alternatyw\u0119, kt\u00f3ra jest 95% mniej szkodliwa, gdyby rz\u0105dy przyj\u0119\u0142y przepisy u\u0142atwiaj\u0105ce i zach\u0119caj\u0105ce do wapowania jako sposobu na rzucenie palenia. Rz\u0105dy i organy ochrony zdrowia Wielkiej Brytanii, Francji, Kanady i Nowej Zelandii ju\u017c to zrobi\u0142y. Jednak WHO wypowiedzia\u0142a \u201ewojn\u0119 wapowaniu\u201d, odmawiaj\u0105c wys\u0142uchania nauki. World Vapers&#039; Alliance wzywa w tym tygodniu WHO i \u015bwiatowych lider\u00f3w, aby zacz\u0119li powa\u017cnie traktowa\u0107 redukcj\u0119 szk\u00f3d wyrz\u0105dzanych przez tyto\u0144.<\/p>\n<p><em>\u201eIstnieje ryzyko, \u017ce \u015bwiatowi liderzy na COP 9 \u2013 pod presj\u0105 aktywist\u00f3w antyvapingowych \u2013 b\u0119d\u0105 naciska\u0107 na wprowadzenie przepis\u00f3w, kt\u00f3re traktowa\u0142yby wapowanie dok\u0142adnie tak samo jak palenie. To oznacza\u0142oby katastrof\u0119 dla waper\u00f3w, palaczy i globalnego zdrowia publicznego. Najlepszym sposobem na pokonanie palenia jest promowanie wapowania jako cz\u0119\u015bci polityki zdrowia publicznego\u201d<\/em>\u00a0Michael Landl podsumowa\u0142.<\/p>\n<p><strong>KONIEC<\/strong><\/p>\n<p><em>Uwagi dla redaktora:<\/em><\/p>\n<ul style=\"margin-bottom: 12px;\">\n<li>Centrum kampanii Back Vaping. Beat Smoking jest dost\u0119pne\u00a0<a href=\"https:\/\/worldvapersalliance.com\/pl\/backvapingbeatsmoking\/\" target=\"_blank\" rel=\"noreferrer noopener\" data-wpel-link=\"internal\">Tutaj<\/a>.<\/li>\n<li>Wi\u0119cej informacji na temat Vape Bus mo\u017cna znale\u017a\u0107\u00a0<a href=\"https:\/\/worldvapersalliance.com\/pl\/vape-bus-tour-2021\/\" target=\"_blank\" rel=\"noreferrer noopener\" data-wpel-link=\"internal\">Tutaj.<\/a><\/li>\n<li>Wi\u0119cej szczeg\u00f3\u0142\u00f3w na temat tego, jak mo\u017cna uratowa\u0107 200 milion\u00f3w istnie\u0144 ludzkich, jest dost\u0119pnych\u00a0<a href=\"https:\/\/worldvapersalliance.com\/pl\/from-smoking-to-vaping\/\" target=\"_blank\" rel=\"noreferrer noopener\" data-wpel-link=\"internal\">Tutaj.<\/a><\/li>\n<li>Spotkanie FCTC COP9 odby\u0142o si\u0119 w dniach 8\u201313 listopada 2021 r. w Genewie. Om\u00f3wiono zalecenia dotycz\u0105ce dalszych przepis\u00f3w dotycz\u0105cych wapowania i pomimo \u017ce nie s\u0105 wi\u0105\u017c\u0105ce, wiele kraj\u00f3w je wdro\u017cy.<\/li>\n<li>World Vapers&#039; Alliance (WVA) wzmacnia g\u0142os vaper\u00f3w na ca\u0142ym \u015bwiecie i daje im mo\u017cliwo\u015b\u0107 zrobienia czego\u015b dobrego dla swoich spo\u0142eczno\u015bci. Naszymi cz\u0142onkami jest 26 stowarzysze\u0144 vaper\u00f3w, a tak\u017ce ponad 15 000 indywidualnych vaper\u00f3w z ca\u0142ego \u015bwiata. Wi\u0119cej informacji na temat\u00a0<a href=\"https:\/\/worldvapersalliance.com\/pl\/\" target=\"_blank\" rel=\"noreferrer noopener\" data-wpel-link=\"internal\">www.worldvapersalliance.com<\/a><\/li>\n<\/ul>\n<p><strong>Kontakt dla prasy:\u00a0<\/strong><\/p>\n<p>Micha\u0142 Landl<\/p>\n<p>Dyrektor \u015awiatowego Sojuszu Vaper\u00f3w<\/p>\n<p><a href=\"mailto:michael@worldvapersalliance.com\" target=\"_blank\" rel=\"noreferrer noopener\">michael@worldvapersalliance.com<\/a><\/p>","protected":false},"excerpt":{"rendered":"<p>Geneva, 10.11.2021.\u00a0The voices of vapers, and their personal stories about how vaping helped them quit smoking and change their lives for the better, were broadcast all through the streets of Geneva today to coincide with the meeting of COP 9, the global tobacco control conference. Driving through Geneva in the iconic electric pink \u2018Vape Bus\u2019, [&hellip;]<\/p>\n","protected":false},"author":4,"featured_media":619,"comment_status":"open","ping_status":"open","sticky":false,"template":"","format":"standard","meta":{"footnotes":""},"categories":[13],"tags":[],"class_list":["post-618","post","type-post","status-publish","format-standard","has-post-thumbnail","hentry","category-press-releases"],"yoast_head":"<!-- This site is optimized with the Yoast SEO plugin v27.3 - https:\/\/yoast.com\/product\/yoast-seo-wordpress\/ -->\n<title>The voices of vapers take over the streets of Geneva during COP9 - World Vapers&#039; Alliance<\/title>\n<meta name=\"robots\" content=\"index, follow, max-snippet:-1, max-image-preview:large, max-video-preview:-1\" \/>\n<link rel=\"canonical\" href=\"https:\/\/worldvapersalliance.com\/pl\/the-voices-of-vapers-take-over-the-streets-of-geneva-during-cop9\/\" \/>\n<meta property=\"og:locale\" content=\"pl_PL\" \/>\n<meta property=\"og:type\" content=\"article\" \/>\n<meta property=\"og:title\" content=\"The voices of vapers take over the streets of Geneva during COP9 - World Vapers&#039; Alliance\" \/>\n<meta property=\"og:description\" content=\"Geneva, 10.11.2021.\u00a0The voices of vapers, and their personal stories about how vaping helped them quit smoking and change their lives for the better, were broadcast all through the streets of Geneva today to coincide with the meeting of COP 9, the global tobacco control conference. Driving through Geneva in the iconic electric pink \u2018Vape Bus\u2019, [&hellip;]\" \/>\n<meta property=\"og:url\" content=\"https:\/\/worldvapersalliance.com\/pl\/the-voices-of-vapers-take-over-the-streets-of-geneva-during-cop9\/\" \/>\n<meta property=\"og:site_name\" content=\"World Vapers&#039; Alliance\" \/>\n<meta property=\"article:published_time\" content=\"2021-11-10T20:54:25+00:00\" \/>\n<meta property=\"article:modified_time\" content=\"2022-02-05T20:04:54+00:00\" \/>\n<meta property=\"og:image\" content=\"https:\/\/worldvapersalliance.com\/wp-content\/uploads\/2022\/02\/vape-buses-geneva.jpeg\" \/>\n\t<meta property=\"og:image:width\" content=\"1024\" \/>\n\t<meta property=\"og:image:height\" content=\"684\" \/>\n\t<meta property=\"og:image:type\" content=\"image\/jpeg\" \/>\n<meta name=\"author\" content=\"Michael Landl\" \/>\n<meta name=\"twitter:card\" content=\"summary_large_image\" \/>\n<meta name=\"twitter:label1\" content=\"Napisane przez\" \/>\n\t<meta name=\"twitter:data1\" content=\"Michael Landl\" \/>\n\t<meta name=\"twitter:label2\" content=\"Szacowany czas czytania\" \/>\n\t<meta name=\"twitter:data2\" content=\"3 minuty\" \/>\n<script type=\"application\/ld+json\" class=\"yoast-schema-graph\">{\"@context\":\"https:\\\/\\\/schema.org\",\"@graph\":[{\"@type\":\"Article\",\"@id\":\"https:\\\/\\\/worldvapersalliance.com\\\/the-voices-of-vapers-take-over-the-streets-of-geneva-during-cop9\\\/#article\",\"isPartOf\":{\"@id\":\"https:\\\/\\\/worldvapersalliance.com\\\/the-voices-of-vapers-take-over-the-streets-of-geneva-during-cop9\\\/\"},\"author\":{\"name\":\"Michael Landl\",\"@id\":\"https:\\\/\\\/worldvapersalliance.com\\\/#\\\/schema\\\/person\\\/05f663571d787d89a2d5c77c482a6583\"},\"headline\":\"The voices of vapers take over the streets of Geneva during COP9\",\"datePublished\":\"2021-11-10T20:54:25+00:00\",\"dateModified\":\"2022-02-05T20:04:54+00:00\",\"mainEntityOfPage\":{\"@id\":\"https:\\\/\\\/worldvapersalliance.com\\\/the-voices-of-vapers-take-over-the-streets-of-geneva-during-cop9\\\/\"},\"wordCount\":524,\"commentCount\":0,\"publisher\":{\"@id\":\"https:\\\/\\\/worldvapersalliance.com\\\/#organization\"},\"image\":{\"@id\":\"https:\\\/\\\/worldvapersalliance.com\\\/the-voices-of-vapers-take-over-the-streets-of-geneva-during-cop9\\\/#primaryimage\"},\"thumbnailUrl\":\"https:\\\/\\\/worldvapersalliance.com\\\/wp-content\\\/uploads\\\/2022\\\/02\\\/vape-buses-geneva.jpeg\",\"articleSection\":[\"Press Releases\"],\"inLanguage\":\"pl-PL\",\"potentialAction\":[{\"@type\":\"CommentAction\",\"name\":\"Comment\",\"target\":[\"https:\\\/\\\/worldvapersalliance.com\\\/the-voices-of-vapers-take-over-the-streets-of-geneva-during-cop9\\\/#respond\"]}]},{\"@type\":\"WebPage\",\"@id\":\"https:\\\/\\\/worldvapersalliance.com\\\/the-voices-of-vapers-take-over-the-streets-of-geneva-during-cop9\\\/\",\"url\":\"https:\\\/\\\/worldvapersalliance.com\\\/the-voices-of-vapers-take-over-the-streets-of-geneva-during-cop9\\\/\",\"name\":\"The voices of vapers take over the streets of Geneva during COP9 - World Vapers&#039; Alliance\",\"isPartOf\":{\"@id\":\"https:\\\/\\\/worldvapersalliance.com\\\/#website\"},\"primaryImageOfPage\":{\"@id\":\"https:\\\/\\\/worldvapersalliance.com\\\/the-voices-of-vapers-take-over-the-streets-of-geneva-during-cop9\\\/#primaryimage\"},\"image\":{\"@id\":\"https:\\\/\\\/worldvapersalliance.com\\\/the-voices-of-vapers-take-over-the-streets-of-geneva-during-cop9\\\/#primaryimage\"},\"thumbnailUrl\":\"https:\\\/\\\/worldvapersalliance.com\\\/wp-content\\\/uploads\\\/2022\\\/02\\\/vape-buses-geneva.jpeg\",\"datePublished\":\"2021-11-10T20:54:25+00:00\",\"dateModified\":\"2022-02-05T20:04:54+00:00\",\"inLanguage\":\"pl-PL\",\"potentialAction\":[{\"@type\":\"ReadAction\",\"target\":[\"https:\\\/\\\/worldvapersalliance.com\\\/the-voices-of-vapers-take-over-the-streets-of-geneva-during-cop9\\\/\"]}]},{\"@type\":\"ImageObject\",\"inLanguage\":\"pl-PL\",\"@id\":\"https:\\\/\\\/worldvapersalliance.com\\\/the-voices-of-vapers-take-over-the-streets-of-geneva-during-cop9\\\/#primaryimage\",\"url\":\"https:\\\/\\\/worldvapersalliance.com\\\/wp-content\\\/uploads\\\/2022\\\/02\\\/vape-buses-geneva.jpeg\",\"contentUrl\":\"https:\\\/\\\/worldvapersalliance.com\\\/wp-content\\\/uploads\\\/2022\\\/02\\\/vape-buses-geneva.jpeg\",\"width\":1024,\"height\":684},{\"@type\":\"WebSite\",\"@id\":\"https:\\\/\\\/worldvapersalliance.com\\\/#website\",\"url\":\"https:\\\/\\\/worldvapersalliance.com\\\/\",\"name\":\"World Vapers&#039; Alliance\",\"description\":\"The largest community of vapers\",\"publisher\":{\"@id\":\"https:\\\/\\\/worldvapersalliance.com\\\/#organization\"},\"potentialAction\":[{\"@type\":\"SearchAction\",\"target\":{\"@type\":\"EntryPoint\",\"urlTemplate\":\"https:\\\/\\\/worldvapersalliance.com\\\/?s={search_term_string}\"},\"query-input\":{\"@type\":\"PropertyValueSpecification\",\"valueRequired\":true,\"valueName\":\"search_term_string\"}}],\"inLanguage\":\"pl-PL\"},{\"@type\":\"Organization\",\"@id\":\"https:\\\/\\\/worldvapersalliance.com\\\/#organization\",\"name\":\"World Vapers&#039; Alliance\",\"url\":\"https:\\\/\\\/worldvapersalliance.com\\\/\",\"logo\":{\"@type\":\"ImageObject\",\"inLanguage\":\"pl-PL\",\"@id\":\"https:\\\/\\\/worldvapersalliance.com\\\/#\\\/schema\\\/logo\\\/image\\\/\",\"url\":\"https:\\\/\\\/worldvapersalliance.com\\\/wp-content\\\/uploads\\\/2022\\\/01\\\/WVA_RB_Fist_G.png\",\"contentUrl\":\"https:\\\/\\\/worldvapersalliance.com\\\/wp-content\\\/uploads\\\/2022\\\/01\\\/WVA_RB_Fist_G.png\",\"width\":985,\"height\":1177,\"caption\":\"World Vapers&#039; Alliance\"},\"image\":{\"@id\":\"https:\\\/\\\/worldvapersalliance.com\\\/#\\\/schema\\\/logo\\\/image\\\/\"}},{\"@type\":\"Person\",\"@id\":\"https:\\\/\\\/worldvapersalliance.com\\\/#\\\/schema\\\/person\\\/05f663571d787d89a2d5c77c482a6583\",\"name\":\"Michael Landl\",\"image\":{\"@type\":\"ImageObject\",\"inLanguage\":\"pl-PL\",\"@id\":\"https:\\\/\\\/secure.gravatar.com\\\/avatar\\\/1537a11db5ae7fef0631b6c662f439d8a632c50630c980828d0e2c4de581568b?s=96&d=mm&r=g\",\"url\":\"https:\\\/\\\/secure.gravatar.com\\\/avatar\\\/1537a11db5ae7fef0631b6c662f439d8a632c50630c980828d0e2c4de581568b?s=96&d=mm&r=g\",\"contentUrl\":\"https:\\\/\\\/secure.gravatar.com\\\/avatar\\\/1537a11db5ae7fef0631b6c662f439d8a632c50630c980828d0e2c4de581568b?s=96&d=mm&r=g\",\"caption\":\"Michael Landl\"},\"url\":\"https:\\\/\\\/worldvapersalliance.com\\\/pl\\\/author\\\/michael\\\/\"}]}<\/script>\n<!-- \/ Yoast SEO plugin. -->","yoast_head_json":{"title":"G\u0142osy vaper\u00f3w przejmuj\u0105 ulice Genewy podczas COP9 - World Vapers&#039; Alliance","robots":{"index":"index","follow":"follow","max-snippet":"max-snippet:-1","max-image-preview":"max-image-preview:large","max-video-preview":"max-video-preview:-1"},"canonical":"https:\/\/worldvapersalliance.com\/pl\/the-voices-of-vapers-take-over-the-streets-of-geneva-during-cop9\/","og_locale":"pl_PL","og_type":"article","og_title":"The voices of vapers take over the streets of Geneva during COP9 - World Vapers&#039; Alliance","og_description":"Geneva, 10.11.2021.\u00a0The voices of vapers, and their personal stories about how vaping helped them quit smoking and change their lives for the better, were broadcast all through the streets of Geneva today to coincide with the meeting of COP 9, the global tobacco control conference. Driving through Geneva in the iconic electric pink \u2018Vape Bus\u2019, [&hellip;]","og_url":"https:\/\/worldvapersalliance.com\/pl\/the-voices-of-vapers-take-over-the-streets-of-geneva-during-cop9\/","og_site_name":"World Vapers&#039; Alliance","article_published_time":"2021-11-10T20:54:25+00:00","article_modified_time":"2022-02-05T20:04:54+00:00","og_image":[{"width":1024,"height":684,"url":"https:\/\/worldvapersalliance.com\/wp-content\/uploads\/2022\/02\/vape-buses-geneva.jpeg","type":"image\/jpeg"}],"author":"Michael Landl","twitter_card":"summary_large_image","twitter_misc":{"Napisane przez":"Michael Landl","Szacowany czas czytania":"3 minuty"},"schema":{"@context":"https:\/\/schema.org","@graph":[{"@type":"Article","@id":"https:\/\/worldvapersalliance.com\/the-voices-of-vapers-take-over-the-streets-of-geneva-during-cop9\/#article","isPartOf":{"@id":"https:\/\/worldvapersalliance.com\/the-voices-of-vapers-take-over-the-streets-of-geneva-during-cop9\/"},"author":{"name":"Michael Landl","@id":"https:\/\/worldvapersalliance.com\/#\/schema\/person\/05f663571d787d89a2d5c77c482a6583"},"headline":"The voices of vapers take over the streets of Geneva during COP9","datePublished":"2021-11-10T20:54:25+00:00","dateModified":"2022-02-05T20:04:54+00:00","mainEntityOfPage":{"@id":"https:\/\/worldvapersalliance.com\/the-voices-of-vapers-take-over-the-streets-of-geneva-during-cop9\/"},"wordCount":524,"commentCount":0,"publisher":{"@id":"https:\/\/worldvapersalliance.com\/#organization"},"image":{"@id":"https:\/\/worldvapersalliance.com\/the-voices-of-vapers-take-over-the-streets-of-geneva-during-cop9\/#primaryimage"},"thumbnailUrl":"https:\/\/worldvapersalliance.com\/wp-content\/uploads\/2022\/02\/vape-buses-geneva.jpeg","articleSection":["Press Releases"],"inLanguage":"pl-PL","potentialAction":[{"@type":"CommentAction","name":"Comment","target":["https:\/\/worldvapersalliance.com\/the-voices-of-vapers-take-over-the-streets-of-geneva-during-cop9\/#respond"]}]},{"@type":"WebPage","@id":"https:\/\/worldvapersalliance.com\/the-voices-of-vapers-take-over-the-streets-of-geneva-during-cop9\/","url":"https:\/\/worldvapersalliance.com\/the-voices-of-vapers-take-over-the-streets-of-geneva-during-cop9\/","name":"G\u0142osy vaper\u00f3w przejmuj\u0105 ulice Genewy podczas COP9 - World Vapers&#039; Alliance","isPartOf":{"@id":"https:\/\/worldvapersalliance.com\/#website"},"primaryImageOfPage":{"@id":"https:\/\/worldvapersalliance.com\/the-voices-of-vapers-take-over-the-streets-of-geneva-during-cop9\/#primaryimage"},"image":{"@id":"https:\/\/worldvapersalliance.com\/the-voices-of-vapers-take-over-the-streets-of-geneva-during-cop9\/#primaryimage"},"thumbnailUrl":"https:\/\/worldvapersalliance.com\/wp-content\/uploads\/2022\/02\/vape-buses-geneva.jpeg","datePublished":"2021-11-10T20:54:25+00:00","dateModified":"2022-02-05T20:04:54+00:00","inLanguage":"pl-PL","potentialAction":[{"@type":"ReadAction","target":["https:\/\/worldvapersalliance.com\/the-voices-of-vapers-take-over-the-streets-of-geneva-during-cop9\/"]}]},{"@type":"ImageObject","inLanguage":"pl-PL","@id":"https:\/\/worldvapersalliance.com\/the-voices-of-vapers-take-over-the-streets-of-geneva-during-cop9\/#primaryimage","url":"https:\/\/worldvapersalliance.com\/wp-content\/uploads\/2022\/02\/vape-buses-geneva.jpeg","contentUrl":"https:\/\/worldvapersalliance.com\/wp-content\/uploads\/2022\/02\/vape-buses-geneva.jpeg","width":1024,"height":684},{"@type":"WebSite","@id":"https:\/\/worldvapersalliance.com\/#website","url":"https:\/\/worldvapersalliance.com\/","name":"\u015awiatowy Sojusz Vaper\u00f3w","description":"Najwi\u0119ksza spo\u0142eczno\u015b\u0107 vaper\u00f3w","publisher":{"@id":"https:\/\/worldvapersalliance.com\/#organization"},"potentialAction":[{"@type":"SearchAction","target":{"@type":"EntryPoint","urlTemplate":"https:\/\/worldvapersalliance.com\/?s={search_term_string}"},"query-input":{"@type":"PropertyValueSpecification","valueRequired":true,"valueName":"search_term_string"}}],"inLanguage":"pl-PL"},{"@type":"Organization","@id":"https:\/\/worldvapersalliance.com\/#organization","name":"\u015awiatowy Sojusz Vaper\u00f3w","url":"https:\/\/worldvapersalliance.com\/","logo":{"@type":"ImageObject","inLanguage":"pl-PL","@id":"https:\/\/worldvapersalliance.com\/#\/schema\/logo\/image\/","url":"https:\/\/worldvapersalliance.com\/wp-content\/uploads\/2022\/01\/WVA_RB_Fist_G.png","contentUrl":"https:\/\/worldvapersalliance.com\/wp-content\/uploads\/2022\/01\/WVA_RB_Fist_G.png","width":985,"height":1177,"caption":"World Vapers&#039; Alliance"},"image":{"@id":"https:\/\/worldvapersalliance.com\/#\/schema\/logo\/image\/"}},{"@type":"Person","@id":"https:\/\/worldvapersalliance.com\/#\/schema\/person\/05f663571d787d89a2d5c77c482a6583","name":"Micha\u0142 Landl","image":{"@type":"ImageObject","inLanguage":"pl-PL","@id":"https:\/\/secure.gravatar.com\/avatar\/1537a11db5ae7fef0631b6c662f439d8a632c50630c980828d0e2c4de581568b?s=96&d=mm&r=g","url":"https:\/\/secure.gravatar.com\/avatar\/1537a11db5ae7fef0631b6c662f439d8a632c50630c980828d0e2c4de581568b?s=96&d=mm&r=g","contentUrl":"https:\/\/secure.gravatar.com\/avatar\/1537a11db5ae7fef0631b6c662f439d8a632c50630c980828d0e2c4de581568b?s=96&d=mm&r=g","caption":"Michael Landl"},"url":"https:\/\/worldvapersalliance.com\/pl\/author\/michael\/"}]}},"_links":{"self":[{"href":"https:\/\/worldvapersalliance.com\/pl\/wp-json\/wp\/v2\/posts\/618","targetHints":{"allow":["GET"]}}],"collection":[{"href":"https:\/\/worldvapersalliance.com\/pl\/wp-json\/wp\/v2\/posts"}],"about":[{"href":"https:\/\/worldvapersalliance.com\/pl\/wp-json\/wp\/v2\/types\/post"}],"author":[{"embeddable":true,"href":"https:\/\/worldvapersalliance.com\/pl\/wp-json\/wp\/v2\/users\/4"}],"replies":[{"embeddable":true,"href":"https:\/\/worldvapersalliance.com\/pl\/wp-json\/wp\/v2\/comments?post=618"}],"version-history":[{"count":0,"href":"https:\/\/worldvapersalliance.com\/pl\/wp-json\/wp\/v2\/posts\/618\/revisions"}],"wp:featuredmedia":[{"embeddable":true,"href":"https:\/\/worldvapersalliance.com\/pl\/wp-json\/wp\/v2\/media\/619"}],"wp:attachment":[{"href":"https:\/\/worldvapersalliance.com\/pl\/wp-json\/wp\/v2\/media?parent=618"}],"wp:term":[{"taxonomy":"category","embeddable":true,"href":"https:\/\/worldvapersalliance.com\/pl\/wp-json\/wp\/v2\/categories?post=618"},{"taxonomy":"post_tag","embeddable":true,"href":"https:\/\/worldvapersalliance.com\/pl\/wp-json\/wp\/v2\/tags?post=618"}],"curies":[{"name":"wp","href":"https:\/\/api.w.org\/{rel}","templated":true}]}}