{"id":6078,"date":"2025-02-24T09:08:18","date_gmt":"2025-02-24T14:08:18","guid":{"rendered":"https:\/\/worldvapersalliance.com\/?p=6078"},"modified":"2025-03-03T09:10:57","modified_gmt":"2025-03-03T14:10:57","slug":"la-prohibicion-de-los-sabores-de-vapeo-en-espana-aumentaria-el-tabaquismo-afirma-world-vapers-alliance","status":"publish","type":"post","link":"https:\/\/worldvapersalliance.com\/pl\/la-prohibicion-de-los-sabores-de-vapeo-en-espana-aumentaria-el-tabaquismo-afirma-world-vapers-alliance\/","title":{"rendered":"La prohibici\u00f3n de los sabores de vapeo en Espa\u00f1a aumentar\u00eda el tabaquism \u2026"},"content":{"rendered":"<p class=\"titulo\">La prohibici\u00f3n de los sabores de vapeo en Espa\u00f1a aumentar\u00eda el tabaquismo, afirma World Vapers&#039; Alliance<\/p>\n<p class=\"titulo\">Organizacja vapeadores World Vapers&#039; Alliance (WVA) przedstawia losowe wyniki studia realizowanego przez niezale\u017cn\u0105 dynat\u0119, kt\u00f3ra potwierdza wa\u017cne informacje o vapeo como herramienta de reducci\u00f3n de da\u00f1os i obja\u015bnia co mo\u017ce by\u0107 zakazem los sabores podr\u00eda comprometer su efectividad.<\/p>\n<p class=\"titulo\">\nPrzeczytaj ca\u0142y tekst <a href=\"https:\/\/www.europapress.es\/comunicados\/sociedad-00909\/noticia-comunicado-prohibicion-sabores-vapeo-espana-aumentaria-tabaquismo-afirma-world-vapers-alliance-20250224105717.html\" target=\"_blank\" rel=\"noopener\">Tutaj<\/a><\/p>","protected":false},"excerpt":{"rendered":"<p>La prohibici\u00f3n de los sabores de vapeo en Espa\u00f1a aumentar\u00eda el tabaquismo, afirma World Vapers\u2019 Alliance La organizaci\u00f3n de vapeadores World Vapers\u2019 Alliance (WVA) ha presentado los resultados de un estudio realizado por la encuestadora independiente Dynata que confirma la importancia del vapeo como herramienta de reducci\u00f3n de da\u00f1os y explica c\u00f3mo la prohibici\u00f3n de [&hellip;]<\/p>\n","protected":false},"author":11,"featured_media":6394,"comment_status":"open","ping_status":"open","sticky":false,"template":"","format":"standard","meta":{"footnotes":""},"categories":[15],"tags":[],"class_list":["post-6078","post","type-post","status-publish","format-standard","has-post-thumbnail","hentry","category-wva-in-the-news"],"yoast_head":"<!-- This site is optimized with the Yoast SEO plugin v27.3 - https:\/\/yoast.com\/product\/yoast-seo-wordpress\/ -->\n<title>La prohibici\u00f3n de los sabores de vapeo en Espa\u00f1a aumentar\u00eda el tabaquismo, afirma World Vapers\u2019 Alliance - World Vapers&#039; Alliance<\/title>\n<meta name=\"robots\" content=\"index, follow, max-snippet:-1, max-image-preview:large, max-video-preview:-1\" \/>\n<link rel=\"canonical\" href=\"https:\/\/worldvapersalliance.com\/pl\/la-prohibicion-de-los-sabores-de-vapeo-en-espana-aumentaria-el-tabaquismo-afirma-world-vapers-alliance\/\" \/>\n<meta property=\"og:locale\" content=\"pl_PL\" \/>\n<meta property=\"og:type\" content=\"article\" \/>\n<meta property=\"og:title\" content=\"La prohibici\u00f3n de los sabores de vapeo en Espa\u00f1a aumentar\u00eda el tabaquismo, afirma World Vapers\u2019 Alliance - World Vapers&#039; Alliance\" \/>\n<meta property=\"og:description\" content=\"La prohibici\u00f3n de los sabores de vapeo en Espa\u00f1a aumentar\u00eda el tabaquismo, afirma World Vapers\u2019 Alliance La organizaci\u00f3n de vapeadores World Vapers\u2019 Alliance (WVA) ha presentado los resultados de un estudio realizado por la encuestadora independiente Dynata que confirma la importancia del vapeo como herramienta de reducci\u00f3n de da\u00f1os y explica c\u00f3mo la prohibici\u00f3n de [&hellip;]\" \/>\n<meta property=\"og:url\" content=\"https:\/\/worldvapersalliance.com\/pl\/la-prohibicion-de-los-sabores-de-vapeo-en-espana-aumentaria-el-tabaquismo-afirma-world-vapers-alliance\/\" \/>\n<meta property=\"og:site_name\" content=\"World Vapers&#039; Alliance\" \/>\n<meta property=\"article:published_time\" content=\"2025-02-24T14:08:18+00:00\" \/>\n<meta property=\"article:modified_time\" content=\"2025-03-03T14:10:57+00:00\" \/>\n<meta property=\"og:image\" content=\"https:\/\/worldvapersalliance.com\/wp-content\/uploads\/2025\/03\/Europa-press.png\" \/>\n\t<meta property=\"og:image:width\" content=\"940\" \/>\n\t<meta property=\"og:image:height\" content=\"788\" \/>\n\t<meta property=\"og:image:type\" content=\"image\/png\" \/>\n<meta name=\"author\" content=\"World Vapers&#039; Alliance\" \/>\n<meta name=\"twitter:card\" content=\"summary_large_image\" \/>\n<meta name=\"twitter:label1\" content=\"Napisane przez\" \/>\n\t<meta name=\"twitter:data1\" content=\"World Vapers&#039; Alliance\" \/>\n\t<meta name=\"twitter:label2\" content=\"Szacowany czas czytania\" \/>\n\t<meta name=\"twitter:data2\" content=\"1 minuta\" \/>\n<script type=\"application\/ld+json\" class=\"yoast-schema-graph\">{\"@context\":\"https:\\\/\\\/schema.org\",\"@graph\":[{\"@type\":\"Article\",\"@id\":\"https:\\\/\\\/worldvapersalliance.com\\\/la-prohibicion-de-los-sabores-de-vapeo-en-espana-aumentaria-el-tabaquismo-afirma-world-vapers-alliance\\\/#article\",\"isPartOf\":{\"@id\":\"https:\\\/\\\/worldvapersalliance.com\\\/la-prohibicion-de-los-sabores-de-vapeo-en-espana-aumentaria-el-tabaquismo-afirma-world-vapers-alliance\\\/\"},\"author\":{\"name\":\"World Vapers' Alliance\",\"@id\":\"https:\\\/\\\/worldvapersalliance.com\\\/#\\\/schema\\\/person\\\/18484a6f20bcc6f70a2419c8babe017d\"},\"headline\":\"La prohibici\u00f3n de los sabores de vapeo en Espa\u00f1a aumentar\u00eda el tabaquism &hellip;\",\"datePublished\":\"2025-02-24T14:08:18+00:00\",\"dateModified\":\"2025-03-03T14:10:57+00:00\",\"mainEntityOfPage\":{\"@id\":\"https:\\\/\\\/worldvapersalliance.com\\\/la-prohibicion-de-los-sabores-de-vapeo-en-espana-aumentaria-el-tabaquismo-afirma-world-vapers-alliance\\\/\"},\"wordCount\":94,\"commentCount\":0,\"publisher\":{\"@id\":\"https:\\\/\\\/worldvapersalliance.com\\\/#organization\"},\"image\":{\"@id\":\"https:\\\/\\\/worldvapersalliance.com\\\/la-prohibicion-de-los-sabores-de-vapeo-en-espana-aumentaria-el-tabaquismo-afirma-world-vapers-alliance\\\/#primaryimage\"},\"thumbnailUrl\":\"https:\\\/\\\/worldvapersalliance.com\\\/wp-content\\\/uploads\\\/2025\\\/08\\\/WVA-in-the-news.png\",\"articleSection\":[\"WVA in the News\"],\"inLanguage\":\"pl-PL\",\"potentialAction\":[{\"@type\":\"CommentAction\",\"name\":\"Comment\",\"target\":[\"https:\\\/\\\/worldvapersalliance.com\\\/la-prohibicion-de-los-sabores-de-vapeo-en-espana-aumentaria-el-tabaquismo-afirma-world-vapers-alliance\\\/#respond\"]}]},{\"@type\":\"WebPage\",\"@id\":\"https:\\\/\\\/worldvapersalliance.com\\\/la-prohibicion-de-los-sabores-de-vapeo-en-espana-aumentaria-el-tabaquismo-afirma-world-vapers-alliance\\\/\",\"url\":\"https:\\\/\\\/worldvapersalliance.com\\\/la-prohibicion-de-los-sabores-de-vapeo-en-espana-aumentaria-el-tabaquismo-afirma-world-vapers-alliance\\\/\",\"name\":\"La prohibici\u00f3n de los sabores de vapeo en Espa\u00f1a aumentar\u00eda el tabaquismo, afirma World Vapers\u2019 Alliance - World Vapers&#039; Alliance\",\"isPartOf\":{\"@id\":\"https:\\\/\\\/worldvapersalliance.com\\\/#website\"},\"primaryImageOfPage\":{\"@id\":\"https:\\\/\\\/worldvapersalliance.com\\\/la-prohibicion-de-los-sabores-de-vapeo-en-espana-aumentaria-el-tabaquismo-afirma-world-vapers-alliance\\\/#primaryimage\"},\"image\":{\"@id\":\"https:\\\/\\\/worldvapersalliance.com\\\/la-prohibicion-de-los-sabores-de-vapeo-en-espana-aumentaria-el-tabaquismo-afirma-world-vapers-alliance\\\/#primaryimage\"},\"thumbnailUrl\":\"https:\\\/\\\/worldvapersalliance.com\\\/wp-content\\\/uploads\\\/2025\\\/08\\\/WVA-in-the-news.png\",\"datePublished\":\"2025-02-24T14:08:18+00:00\",\"dateModified\":\"2025-03-03T14:10:57+00:00\",\"inLanguage\":\"pl-PL\",\"potentialAction\":[{\"@type\":\"ReadAction\",\"target\":[\"https:\\\/\\\/worldvapersalliance.com\\\/la-prohibicion-de-los-sabores-de-vapeo-en-espana-aumentaria-el-tabaquismo-afirma-world-vapers-alliance\\\/\"]}]},{\"@type\":\"ImageObject\",\"inLanguage\":\"pl-PL\",\"@id\":\"https:\\\/\\\/worldvapersalliance.com\\\/la-prohibicion-de-los-sabores-de-vapeo-en-espana-aumentaria-el-tabaquismo-afirma-world-vapers-alliance\\\/#primaryimage\",\"url\":\"https:\\\/\\\/worldvapersalliance.com\\\/wp-content\\\/uploads\\\/2025\\\/08\\\/WVA-in-the-news.png\",\"contentUrl\":\"https:\\\/\\\/worldvapersalliance.com\\\/wp-content\\\/uploads\\\/2025\\\/08\\\/WVA-in-the-news.png\",\"width\":1264,\"height\":848},{\"@type\":\"WebSite\",\"@id\":\"https:\\\/\\\/worldvapersalliance.com\\\/#website\",\"url\":\"https:\\\/\\\/worldvapersalliance.com\\\/\",\"name\":\"World Vapers&#039; Alliance\",\"description\":\"The largest community of vapers\",\"publisher\":{\"@id\":\"https:\\\/\\\/worldvapersalliance.com\\\/#organization\"},\"potentialAction\":[{\"@type\":\"SearchAction\",\"target\":{\"@type\":\"EntryPoint\",\"urlTemplate\":\"https:\\\/\\\/worldvapersalliance.com\\\/?s={search_term_string}\"},\"query-input\":{\"@type\":\"PropertyValueSpecification\",\"valueRequired\":true,\"valueName\":\"search_term_string\"}}],\"inLanguage\":\"pl-PL\"},{\"@type\":\"Organization\",\"@id\":\"https:\\\/\\\/worldvapersalliance.com\\\/#organization\",\"name\":\"World Vapers&#039; Alliance\",\"url\":\"https:\\\/\\\/worldvapersalliance.com\\\/\",\"logo\":{\"@type\":\"ImageObject\",\"inLanguage\":\"pl-PL\",\"@id\":\"https:\\\/\\\/worldvapersalliance.com\\\/#\\\/schema\\\/logo\\\/image\\\/\",\"url\":\"https:\\\/\\\/worldvapersalliance.com\\\/wp-content\\\/uploads\\\/2022\\\/01\\\/WVA_RB_Fist_G.png\",\"contentUrl\":\"https:\\\/\\\/worldvapersalliance.com\\\/wp-content\\\/uploads\\\/2022\\\/01\\\/WVA_RB_Fist_G.png\",\"width\":985,\"height\":1177,\"caption\":\"World Vapers&#039; Alliance\"},\"image\":{\"@id\":\"https:\\\/\\\/worldvapersalliance.com\\\/#\\\/schema\\\/logo\\\/image\\\/\"}},{\"@type\":\"Person\",\"@id\":\"https:\\\/\\\/worldvapersalliance.com\\\/#\\\/schema\\\/person\\\/18484a6f20bcc6f70a2419c8babe017d\",\"name\":\"World Vapers' Alliance\",\"image\":{\"@type\":\"ImageObject\",\"inLanguage\":\"pl-PL\",\"@id\":\"https:\\\/\\\/secure.gravatar.com\\\/avatar\\\/456bf795c7a47c9ac527a94da4bff150aa49e48726d69bee9937f8383cffa246?s=96&d=mm&r=g\",\"url\":\"https:\\\/\\\/secure.gravatar.com\\\/avatar\\\/456bf795c7a47c9ac527a94da4bff150aa49e48726d69bee9937f8383cffa246?s=96&d=mm&r=g\",\"contentUrl\":\"https:\\\/\\\/secure.gravatar.com\\\/avatar\\\/456bf795c7a47c9ac527a94da4bff150aa49e48726d69bee9937f8383cffa246?s=96&d=mm&r=g\",\"caption\":\"World Vapers' Alliance\"},\"url\":\"https:\\\/\\\/worldvapersalliance.com\\\/pl\\\/author\\\/wva\\\/\"}]}<\/script>\n<!-- \/ Yoast SEO plugin. -->","yoast_head_json":{"title":"La prohibici\u00f3n de los sabores de vapeo en Espa\u00f1a aumentar\u00eda el tabaquismo, afirma World Vapers&#039; Alliance - World Vapers&#039; Alliance","robots":{"index":"index","follow":"follow","max-snippet":"max-snippet:-1","max-image-preview":"max-image-preview:large","max-video-preview":"max-video-preview:-1"},"canonical":"https:\/\/worldvapersalliance.com\/pl\/la-prohibicion-de-los-sabores-de-vapeo-en-espana-aumentaria-el-tabaquismo-afirma-world-vapers-alliance\/","og_locale":"pl_PL","og_type":"article","og_title":"La prohibici\u00f3n de los sabores de vapeo en Espa\u00f1a aumentar\u00eda el tabaquismo, afirma World Vapers\u2019 Alliance - World Vapers&#039; Alliance","og_description":"La prohibici\u00f3n de los sabores de vapeo en Espa\u00f1a aumentar\u00eda el tabaquismo, afirma World Vapers\u2019 Alliance La organizaci\u00f3n de vapeadores World Vapers\u2019 Alliance (WVA) ha presentado los resultados de un estudio realizado por la encuestadora independiente Dynata que confirma la importancia del vapeo como herramienta de reducci\u00f3n de da\u00f1os y explica c\u00f3mo la prohibici\u00f3n de [&hellip;]","og_url":"https:\/\/worldvapersalliance.com\/pl\/la-prohibicion-de-los-sabores-de-vapeo-en-espana-aumentaria-el-tabaquismo-afirma-world-vapers-alliance\/","og_site_name":"World Vapers&#039; Alliance","article_published_time":"2025-02-24T14:08:18+00:00","article_modified_time":"2025-03-03T14:10:57+00:00","og_image":[{"width":940,"height":788,"url":"https:\/\/worldvapersalliance.com\/wp-content\/uploads\/2025\/03\/Europa-press.png","type":"image\/png"}],"author":"World Vapers' Alliance","twitter_card":"summary_large_image","twitter_misc":{"Napisane przez":"World Vapers' Alliance","Szacowany czas czytania":"1 minuta"},"schema":{"@context":"https:\/\/schema.org","@graph":[{"@type":"Article","@id":"https:\/\/worldvapersalliance.com\/la-prohibicion-de-los-sabores-de-vapeo-en-espana-aumentaria-el-tabaquismo-afirma-world-vapers-alliance\/#article","isPartOf":{"@id":"https:\/\/worldvapersalliance.com\/la-prohibicion-de-los-sabores-de-vapeo-en-espana-aumentaria-el-tabaquismo-afirma-world-vapers-alliance\/"},"author":{"name":"World Vapers' Alliance","@id":"https:\/\/worldvapersalliance.com\/#\/schema\/person\/18484a6f20bcc6f70a2419c8babe017d"},"headline":"La prohibici\u00f3n de los sabores de vapeo en Espa\u00f1a aumentar\u00eda el tabaquism &hellip;","datePublished":"2025-02-24T14:08:18+00:00","dateModified":"2025-03-03T14:10:57+00:00","mainEntityOfPage":{"@id":"https:\/\/worldvapersalliance.com\/la-prohibicion-de-los-sabores-de-vapeo-en-espana-aumentaria-el-tabaquismo-afirma-world-vapers-alliance\/"},"wordCount":94,"commentCount":0,"publisher":{"@id":"https:\/\/worldvapersalliance.com\/#organization"},"image":{"@id":"https:\/\/worldvapersalliance.com\/la-prohibicion-de-los-sabores-de-vapeo-en-espana-aumentaria-el-tabaquismo-afirma-world-vapers-alliance\/#primaryimage"},"thumbnailUrl":"https:\/\/worldvapersalliance.com\/wp-content\/uploads\/2025\/08\/WVA-in-the-news.png","articleSection":["WVA in the News"],"inLanguage":"pl-PL","potentialAction":[{"@type":"CommentAction","name":"Comment","target":["https:\/\/worldvapersalliance.com\/la-prohibicion-de-los-sabores-de-vapeo-en-espana-aumentaria-el-tabaquismo-afirma-world-vapers-alliance\/#respond"]}]},{"@type":"WebPage","@id":"https:\/\/worldvapersalliance.com\/la-prohibicion-de-los-sabores-de-vapeo-en-espana-aumentaria-el-tabaquismo-afirma-world-vapers-alliance\/","url":"https:\/\/worldvapersalliance.com\/la-prohibicion-de-los-sabores-de-vapeo-en-espana-aumentaria-el-tabaquismo-afirma-world-vapers-alliance\/","name":"La prohibici\u00f3n de los sabores de vapeo en Espa\u00f1a aumentar\u00eda el tabaquismo, afirma World Vapers&#039; Alliance - World Vapers&#039; Alliance","isPartOf":{"@id":"https:\/\/worldvapersalliance.com\/#website"},"primaryImageOfPage":{"@id":"https:\/\/worldvapersalliance.com\/la-prohibicion-de-los-sabores-de-vapeo-en-espana-aumentaria-el-tabaquismo-afirma-world-vapers-alliance\/#primaryimage"},"image":{"@id":"https:\/\/worldvapersalliance.com\/la-prohibicion-de-los-sabores-de-vapeo-en-espana-aumentaria-el-tabaquismo-afirma-world-vapers-alliance\/#primaryimage"},"thumbnailUrl":"https:\/\/worldvapersalliance.com\/wp-content\/uploads\/2025\/08\/WVA-in-the-news.png","datePublished":"2025-02-24T14:08:18+00:00","dateModified":"2025-03-03T14:10:57+00:00","inLanguage":"pl-PL","potentialAction":[{"@type":"ReadAction","target":["https:\/\/worldvapersalliance.com\/la-prohibicion-de-los-sabores-de-vapeo-en-espana-aumentaria-el-tabaquismo-afirma-world-vapers-alliance\/"]}]},{"@type":"ImageObject","inLanguage":"pl-PL","@id":"https:\/\/worldvapersalliance.com\/la-prohibicion-de-los-sabores-de-vapeo-en-espana-aumentaria-el-tabaquismo-afirma-world-vapers-alliance\/#primaryimage","url":"https:\/\/worldvapersalliance.com\/wp-content\/uploads\/2025\/08\/WVA-in-the-news.png","contentUrl":"https:\/\/worldvapersalliance.com\/wp-content\/uploads\/2025\/08\/WVA-in-the-news.png","width":1264,"height":848},{"@type":"WebSite","@id":"https:\/\/worldvapersalliance.com\/#website","url":"https:\/\/worldvapersalliance.com\/","name":"\u015awiatowy Sojusz Vaper\u00f3w","description":"Najwi\u0119ksza spo\u0142eczno\u015b\u0107 vaper\u00f3w","publisher":{"@id":"https:\/\/worldvapersalliance.com\/#organization"},"potentialAction":[{"@type":"SearchAction","target":{"@type":"EntryPoint","urlTemplate":"https:\/\/worldvapersalliance.com\/?s={search_term_string}"},"query-input":{"@type":"PropertyValueSpecification","valueRequired":true,"valueName":"search_term_string"}}],"inLanguage":"pl-PL"},{"@type":"Organization","@id":"https:\/\/worldvapersalliance.com\/#organization","name":"\u015awiatowy Sojusz Vaper\u00f3w","url":"https:\/\/worldvapersalliance.com\/","logo":{"@type":"ImageObject","inLanguage":"pl-PL","@id":"https:\/\/worldvapersalliance.com\/#\/schema\/logo\/image\/","url":"https:\/\/worldvapersalliance.com\/wp-content\/uploads\/2022\/01\/WVA_RB_Fist_G.png","contentUrl":"https:\/\/worldvapersalliance.com\/wp-content\/uploads\/2022\/01\/WVA_RB_Fist_G.png","width":985,"height":1177,"caption":"World Vapers&#039; Alliance"},"image":{"@id":"https:\/\/worldvapersalliance.com\/#\/schema\/logo\/image\/"}},{"@type":"Person","@id":"https:\/\/worldvapersalliance.com\/#\/schema\/person\/18484a6f20bcc6f70a2419c8babe017d","name":"\u015awiatowy Sojusz Vaper\u00f3w","image":{"@type":"ImageObject","inLanguage":"pl-PL","@id":"https:\/\/secure.gravatar.com\/avatar\/456bf795c7a47c9ac527a94da4bff150aa49e48726d69bee9937f8383cffa246?s=96&d=mm&r=g","url":"https:\/\/secure.gravatar.com\/avatar\/456bf795c7a47c9ac527a94da4bff150aa49e48726d69bee9937f8383cffa246?s=96&d=mm&r=g","contentUrl":"https:\/\/secure.gravatar.com\/avatar\/456bf795c7a47c9ac527a94da4bff150aa49e48726d69bee9937f8383cffa246?s=96&d=mm&r=g","caption":"World Vapers' Alliance"},"url":"https:\/\/worldvapersalliance.com\/pl\/author\/wva\/"}]}},"_links":{"self":[{"href":"https:\/\/worldvapersalliance.com\/pl\/wp-json\/wp\/v2\/posts\/6078","targetHints":{"allow":["GET"]}}],"collection":[{"href":"https:\/\/worldvapersalliance.com\/pl\/wp-json\/wp\/v2\/posts"}],"about":[{"href":"https:\/\/worldvapersalliance.com\/pl\/wp-json\/wp\/v2\/types\/post"}],"author":[{"embeddable":true,"href":"https:\/\/worldvapersalliance.com\/pl\/wp-json\/wp\/v2\/users\/11"}],"replies":[{"embeddable":true,"href":"https:\/\/worldvapersalliance.com\/pl\/wp-json\/wp\/v2\/comments?post=6078"}],"version-history":[{"count":0,"href":"https:\/\/worldvapersalliance.com\/pl\/wp-json\/wp\/v2\/posts\/6078\/revisions"}],"wp:featuredmedia":[{"embeddable":true,"href":"https:\/\/worldvapersalliance.com\/pl\/wp-json\/wp\/v2\/media\/6394"}],"wp:attachment":[{"href":"https:\/\/worldvapersalliance.com\/pl\/wp-json\/wp\/v2\/media?parent=6078"}],"wp:term":[{"taxonomy":"category","embeddable":true,"href":"https:\/\/worldvapersalliance.com\/pl\/wp-json\/wp\/v2\/categories?post=6078"},{"taxonomy":"post_tag","embeddable":true,"href":"https:\/\/worldvapersalliance.com\/pl\/wp-json\/wp\/v2\/tags?post=6078"}],"curies":[{"name":"wp","href":"https:\/\/api.w.org\/{rel}","templated":true}]}}