{"id":5528,"date":"2024-04-02T07:28:58","date_gmt":"2024-04-02T11:28:58","guid":{"rendered":"https:\/\/worldvapersalliance.com\/?p=5528"},"modified":"2024-04-16T07:33:19","modified_gmt":"2024-04-16T11:33:19","slug":"el-vapeo-una-moda-que-dana-pulmones","status":"publish","type":"post","link":"https:\/\/worldvapersalliance.com\/pl\/el-vapeo-una-moda-que-dana-pulmones\/","title":{"rendered":"El vapeo, una moda que da\u00f1a pulmones"},"content":{"rendered":"<p class=\"ei-articleBody__StyledText-sc-1wmd47a-1 bbbVrh body-paragraph ei-article-body-text\">Tijuana BC.- El verse eleganckie y el sabor a chicle sedujeron a Brenda de un <b>cigarrillo electronico<\/b>, conocido tambi\u00e9n como <a href=\"https:\/\/www.elimparcial.com\/tags\/vapeadores\/\" target=\"_blank\" rel=\"noopener\"><b>vapeador<\/b><\/a>, sin imaginar las consecuencias.<\/p>\n<p class=\"ei-articleBody__StyledText-sc-1wmd47a-1 bbbVrh body-paragraph ei-article-body-text\">Hoy tiene 40 a\u00f1os, pero <b>desde los siete fum\u00f3 cigarros de tabaco<\/b> ya los 35 empez\u00f3 a vapear todos los d\u00edas.<\/p>\n<p>En los \u00faltimos cinco a\u00f1os se le desataron los da\u00f1os por el <b>tabaquismo y vapeador<\/b>: taquicardias, dolor de cabeza, ansiedad e infecciones respiratorias, entre ellas una bronquitis aguda.<\/p>\n<h4 class=\"ei-articleBodyHeading__StyledHeading-sc-11axkf8-0 dpQogE ei-heading\">Prohibici\u00f3n de circulaci\u00f3n<\/h4>\n<p class=\"ei-articleBody__StyledText-sc-1wmd47a-1 bbbVrh body-paragraph ei-article-body-text\">En M\u00e9xico en Mayo de 2022 se decret\u00f3 en el <b>Diario Oficial de la Federaci\u00f3n<\/b> la prohibici\u00f3n de la circulaci\u00f3n i komercjalizacja de los sistemas electronicos de administraci\u00f3n de nicotina, sistemas likees sin nicotina, sistemas alternativos de consumo de nicotina, cigarrillos electronicos i dispositivos vaporizadores con usos podobne i las rozwi\u0105zania i mezclas utilizadas en dichos sistemas, debido a los da\u00f1os a la salud humana y ambiental.<\/p>\n<p class=\"ei-articleBody__StyledText-sc-1wmd47a-1 bbbVrh body-paragraph ei-article-body-text\">Sin embargo, siguen a la venta en establecimientos, puestos ambulantes y redes sociales.<\/p>\n<p class=\"ei-articleBody__StyledText-sc-1wmd47a-1 bbbVrh body-paragraph ei-article-body-text\">Octavio Castro M\u00e9ndez, prze\u0142o\u017cony medyczny medycyny znanej del <b>IMSS<\/b>, inform\u00f3 que las neumon\u00edas que presentan los pacientes j\u00f3venes y Adultos est\u00e1n relacionadas al <b>vapeador <\/b>debido a lacombinaci\u00f3n de sustancias y uso frecuente.<\/p>\n<p>Przeczytaj ca\u0142y tekst <a href=\"https:\/\/www.elimparcial.com\/tij\/tijuana\/2024\/04\/02\/el-vapeo-una-moda-que-dana-pulmones\/\" target=\"_blank\" rel=\"noopener\">Tutaj<\/a><\/p>","protected":false},"excerpt":{"rendered":"<p>Tijuana BC.- El verse elegante y el sabor a chicle sedujeron a Brenda de un cigarrillo electr\u00f3nico, conocido tambi\u00e9n como vapeador, sin imaginar las consecuencias. Hoy tiene 40 a\u00f1os, pero desde los siete fum\u00f3 cigarros de tabaco y a los 35 empez\u00f3 a vapear todos los d\u00edas. En los \u00faltimos cinco a\u00f1os se le desataron [&hellip;]<\/p>\n","protected":false},"author":11,"featured_media":6394,"comment_status":"open","ping_status":"open","sticky":false,"template":"","format":"standard","meta":{"footnotes":""},"categories":[15],"tags":[],"class_list":["post-5528","post","type-post","status-publish","format-standard","has-post-thumbnail","hentry","category-wva-in-the-news"],"yoast_head":"<!-- This site is optimized with the Yoast SEO plugin v27.3 - https:\/\/yoast.com\/product\/yoast-seo-wordpress\/ -->\n<title>El vapeo, una moda que da\u00f1a pulmones - World Vapers&#039; Alliance<\/title>\n<meta name=\"robots\" content=\"index, follow, max-snippet:-1, max-image-preview:large, max-video-preview:-1\" \/>\n<link rel=\"canonical\" href=\"https:\/\/worldvapersalliance.com\/pl\/el-vapeo-una-moda-que-dana-pulmones\/\" \/>\n<meta property=\"og:locale\" content=\"pl_PL\" \/>\n<meta property=\"og:type\" content=\"article\" \/>\n<meta property=\"og:title\" content=\"El vapeo, una moda que da\u00f1a pulmones - World Vapers&#039; Alliance\" \/>\n<meta property=\"og:description\" content=\"Tijuana BC.- El verse elegante y el sabor a chicle sedujeron a Brenda de un cigarrillo electr\u00f3nico, conocido tambi\u00e9n como vapeador, sin imaginar las consecuencias. Hoy tiene 40 a\u00f1os, pero desde los siete fum\u00f3 cigarros de tabaco y a los 35 empez\u00f3 a vapear todos los d\u00edas. En los \u00faltimos cinco a\u00f1os se le desataron [&hellip;]\" \/>\n<meta property=\"og:url\" content=\"https:\/\/worldvapersalliance.com\/pl\/el-vapeo-una-moda-que-dana-pulmones\/\" \/>\n<meta property=\"og:site_name\" content=\"World Vapers&#039; Alliance\" \/>\n<meta property=\"article:published_time\" content=\"2024-04-02T11:28:58+00:00\" \/>\n<meta property=\"article:modified_time\" content=\"2024-04-16T11:33:19+00:00\" \/>\n<meta property=\"og:image\" content=\"https:\/\/worldvapersalliance.com\/wp-content\/uploads\/2024\/04\/El-Imparcial.png\" \/>\n\t<meta property=\"og:image:width\" content=\"2081\" \/>\n\t<meta property=\"og:image:height\" content=\"1920\" \/>\n\t<meta property=\"og:image:type\" content=\"image\/png\" \/>\n<meta name=\"author\" content=\"World Vapers&#039; Alliance\" \/>\n<meta name=\"twitter:card\" content=\"summary_large_image\" \/>\n<meta name=\"twitter:label1\" content=\"Napisane przez\" \/>\n\t<meta name=\"twitter:data1\" content=\"World Vapers&#039; Alliance\" \/>\n\t<meta name=\"twitter:label2\" content=\"Szacowany czas czytania\" \/>\n\t<meta name=\"twitter:data2\" content=\"1 minuta\" \/>\n<script type=\"application\/ld+json\" class=\"yoast-schema-graph\">{\"@context\":\"https:\\\/\\\/schema.org\",\"@graph\":[{\"@type\":\"Article\",\"@id\":\"https:\\\/\\\/worldvapersalliance.com\\\/el-vapeo-una-moda-que-dana-pulmones\\\/#article\",\"isPartOf\":{\"@id\":\"https:\\\/\\\/worldvapersalliance.com\\\/el-vapeo-una-moda-que-dana-pulmones\\\/\"},\"author\":{\"name\":\"World Vapers' Alliance\",\"@id\":\"https:\\\/\\\/worldvapersalliance.com\\\/#\\\/schema\\\/person\\\/18484a6f20bcc6f70a2419c8babe017d\"},\"headline\":\"El vapeo, una moda que da\u00f1a pulmones\",\"datePublished\":\"2024-04-02T11:28:58+00:00\",\"dateModified\":\"2024-04-16T11:33:19+00:00\",\"mainEntityOfPage\":{\"@id\":\"https:\\\/\\\/worldvapersalliance.com\\\/el-vapeo-una-moda-que-dana-pulmones\\\/\"},\"wordCount\":226,\"commentCount\":0,\"publisher\":{\"@id\":\"https:\\\/\\\/worldvapersalliance.com\\\/#organization\"},\"image\":{\"@id\":\"https:\\\/\\\/worldvapersalliance.com\\\/el-vapeo-una-moda-que-dana-pulmones\\\/#primaryimage\"},\"thumbnailUrl\":\"https:\\\/\\\/worldvapersalliance.com\\\/wp-content\\\/uploads\\\/2025\\\/08\\\/WVA-in-the-news.png\",\"articleSection\":[\"WVA in the News\"],\"inLanguage\":\"pl-PL\",\"potentialAction\":[{\"@type\":\"CommentAction\",\"name\":\"Comment\",\"target\":[\"https:\\\/\\\/worldvapersalliance.com\\\/el-vapeo-una-moda-que-dana-pulmones\\\/#respond\"]}]},{\"@type\":\"WebPage\",\"@id\":\"https:\\\/\\\/worldvapersalliance.com\\\/el-vapeo-una-moda-que-dana-pulmones\\\/\",\"url\":\"https:\\\/\\\/worldvapersalliance.com\\\/el-vapeo-una-moda-que-dana-pulmones\\\/\",\"name\":\"El vapeo, una moda que da\u00f1a pulmones - World Vapers&#039; Alliance\",\"isPartOf\":{\"@id\":\"https:\\\/\\\/worldvapersalliance.com\\\/#website\"},\"primaryImageOfPage\":{\"@id\":\"https:\\\/\\\/worldvapersalliance.com\\\/el-vapeo-una-moda-que-dana-pulmones\\\/#primaryimage\"},\"image\":{\"@id\":\"https:\\\/\\\/worldvapersalliance.com\\\/el-vapeo-una-moda-que-dana-pulmones\\\/#primaryimage\"},\"thumbnailUrl\":\"https:\\\/\\\/worldvapersalliance.com\\\/wp-content\\\/uploads\\\/2025\\\/08\\\/WVA-in-the-news.png\",\"datePublished\":\"2024-04-02T11:28:58+00:00\",\"dateModified\":\"2024-04-16T11:33:19+00:00\",\"inLanguage\":\"pl-PL\",\"potentialAction\":[{\"@type\":\"ReadAction\",\"target\":[\"https:\\\/\\\/worldvapersalliance.com\\\/el-vapeo-una-moda-que-dana-pulmones\\\/\"]}]},{\"@type\":\"ImageObject\",\"inLanguage\":\"pl-PL\",\"@id\":\"https:\\\/\\\/worldvapersalliance.com\\\/el-vapeo-una-moda-que-dana-pulmones\\\/#primaryimage\",\"url\":\"https:\\\/\\\/worldvapersalliance.com\\\/wp-content\\\/uploads\\\/2025\\\/08\\\/WVA-in-the-news.png\",\"contentUrl\":\"https:\\\/\\\/worldvapersalliance.com\\\/wp-content\\\/uploads\\\/2025\\\/08\\\/WVA-in-the-news.png\",\"width\":1264,\"height\":848},{\"@type\":\"WebSite\",\"@id\":\"https:\\\/\\\/worldvapersalliance.com\\\/#website\",\"url\":\"https:\\\/\\\/worldvapersalliance.com\\\/\",\"name\":\"World Vapers&#039; Alliance\",\"description\":\"The largest community of vapers\",\"publisher\":{\"@id\":\"https:\\\/\\\/worldvapersalliance.com\\\/#organization\"},\"potentialAction\":[{\"@type\":\"SearchAction\",\"target\":{\"@type\":\"EntryPoint\",\"urlTemplate\":\"https:\\\/\\\/worldvapersalliance.com\\\/?s={search_term_string}\"},\"query-input\":{\"@type\":\"PropertyValueSpecification\",\"valueRequired\":true,\"valueName\":\"search_term_string\"}}],\"inLanguage\":\"pl-PL\"},{\"@type\":\"Organization\",\"@id\":\"https:\\\/\\\/worldvapersalliance.com\\\/#organization\",\"name\":\"World Vapers&#039; Alliance\",\"url\":\"https:\\\/\\\/worldvapersalliance.com\\\/\",\"logo\":{\"@type\":\"ImageObject\",\"inLanguage\":\"pl-PL\",\"@id\":\"https:\\\/\\\/worldvapersalliance.com\\\/#\\\/schema\\\/logo\\\/image\\\/\",\"url\":\"https:\\\/\\\/worldvapersalliance.com\\\/wp-content\\\/uploads\\\/2022\\\/01\\\/WVA_RB_Fist_G.png\",\"contentUrl\":\"https:\\\/\\\/worldvapersalliance.com\\\/wp-content\\\/uploads\\\/2022\\\/01\\\/WVA_RB_Fist_G.png\",\"width\":985,\"height\":1177,\"caption\":\"World Vapers&#039; Alliance\"},\"image\":{\"@id\":\"https:\\\/\\\/worldvapersalliance.com\\\/#\\\/schema\\\/logo\\\/image\\\/\"}},{\"@type\":\"Person\",\"@id\":\"https:\\\/\\\/worldvapersalliance.com\\\/#\\\/schema\\\/person\\\/18484a6f20bcc6f70a2419c8babe017d\",\"name\":\"World Vapers' Alliance\",\"image\":{\"@type\":\"ImageObject\",\"inLanguage\":\"pl-PL\",\"@id\":\"https:\\\/\\\/secure.gravatar.com\\\/avatar\\\/456bf795c7a47c9ac527a94da4bff150aa49e48726d69bee9937f8383cffa246?s=96&d=mm&r=g\",\"url\":\"https:\\\/\\\/secure.gravatar.com\\\/avatar\\\/456bf795c7a47c9ac527a94da4bff150aa49e48726d69bee9937f8383cffa246?s=96&d=mm&r=g\",\"contentUrl\":\"https:\\\/\\\/secure.gravatar.com\\\/avatar\\\/456bf795c7a47c9ac527a94da4bff150aa49e48726d69bee9937f8383cffa246?s=96&d=mm&r=g\",\"caption\":\"World Vapers' Alliance\"},\"url\":\"https:\\\/\\\/worldvapersalliance.com\\\/pl\\\/author\\\/wva\\\/\"}]}<\/script>\n<!-- \/ Yoast SEO plugin. -->","yoast_head_json":{"title":"El vapeo, una moda que da\u00f1a pulmones - \u015awiatowy Sojusz Vaper\u00f3w","robots":{"index":"index","follow":"follow","max-snippet":"max-snippet:-1","max-image-preview":"max-image-preview:large","max-video-preview":"max-video-preview:-1"},"canonical":"https:\/\/worldvapersalliance.com\/pl\/el-vapeo-una-moda-que-dana-pulmones\/","og_locale":"pl_PL","og_type":"article","og_title":"El vapeo, una moda que da\u00f1a pulmones - World Vapers&#039; Alliance","og_description":"Tijuana BC.- El verse elegante y el sabor a chicle sedujeron a Brenda de un cigarrillo electr\u00f3nico, conocido tambi\u00e9n como vapeador, sin imaginar las consecuencias. Hoy tiene 40 a\u00f1os, pero desde los siete fum\u00f3 cigarros de tabaco y a los 35 empez\u00f3 a vapear todos los d\u00edas. En los \u00faltimos cinco a\u00f1os se le desataron [&hellip;]","og_url":"https:\/\/worldvapersalliance.com\/pl\/el-vapeo-una-moda-que-dana-pulmones\/","og_site_name":"World Vapers&#039; Alliance","article_published_time":"2024-04-02T11:28:58+00:00","article_modified_time":"2024-04-16T11:33:19+00:00","og_image":[{"width":2081,"height":1920,"url":"https:\/\/worldvapersalliance.com\/wp-content\/uploads\/2024\/04\/El-Imparcial.png","type":"image\/png"}],"author":"World Vapers' Alliance","twitter_card":"summary_large_image","twitter_misc":{"Napisane przez":"World Vapers' Alliance","Szacowany czas czytania":"1 minuta"},"schema":{"@context":"https:\/\/schema.org","@graph":[{"@type":"Article","@id":"https:\/\/worldvapersalliance.com\/el-vapeo-una-moda-que-dana-pulmones\/#article","isPartOf":{"@id":"https:\/\/worldvapersalliance.com\/el-vapeo-una-moda-que-dana-pulmones\/"},"author":{"name":"World Vapers' Alliance","@id":"https:\/\/worldvapersalliance.com\/#\/schema\/person\/18484a6f20bcc6f70a2419c8babe017d"},"headline":"El vapeo, una moda que da\u00f1a pulmones","datePublished":"2024-04-02T11:28:58+00:00","dateModified":"2024-04-16T11:33:19+00:00","mainEntityOfPage":{"@id":"https:\/\/worldvapersalliance.com\/el-vapeo-una-moda-que-dana-pulmones\/"},"wordCount":226,"commentCount":0,"publisher":{"@id":"https:\/\/worldvapersalliance.com\/#organization"},"image":{"@id":"https:\/\/worldvapersalliance.com\/el-vapeo-una-moda-que-dana-pulmones\/#primaryimage"},"thumbnailUrl":"https:\/\/worldvapersalliance.com\/wp-content\/uploads\/2025\/08\/WVA-in-the-news.png","articleSection":["WVA in the News"],"inLanguage":"pl-PL","potentialAction":[{"@type":"CommentAction","name":"Comment","target":["https:\/\/worldvapersalliance.com\/el-vapeo-una-moda-que-dana-pulmones\/#respond"]}]},{"@type":"WebPage","@id":"https:\/\/worldvapersalliance.com\/el-vapeo-una-moda-que-dana-pulmones\/","url":"https:\/\/worldvapersalliance.com\/el-vapeo-una-moda-que-dana-pulmones\/","name":"El vapeo, una moda que da\u00f1a pulmones - \u015awiatowy Sojusz Vaper\u00f3w","isPartOf":{"@id":"https:\/\/worldvapersalliance.com\/#website"},"primaryImageOfPage":{"@id":"https:\/\/worldvapersalliance.com\/el-vapeo-una-moda-que-dana-pulmones\/#primaryimage"},"image":{"@id":"https:\/\/worldvapersalliance.com\/el-vapeo-una-moda-que-dana-pulmones\/#primaryimage"},"thumbnailUrl":"https:\/\/worldvapersalliance.com\/wp-content\/uploads\/2025\/08\/WVA-in-the-news.png","datePublished":"2024-04-02T11:28:58+00:00","dateModified":"2024-04-16T11:33:19+00:00","inLanguage":"pl-PL","potentialAction":[{"@type":"ReadAction","target":["https:\/\/worldvapersalliance.com\/el-vapeo-una-moda-que-dana-pulmones\/"]}]},{"@type":"ImageObject","inLanguage":"pl-PL","@id":"https:\/\/worldvapersalliance.com\/el-vapeo-una-moda-que-dana-pulmones\/#primaryimage","url":"https:\/\/worldvapersalliance.com\/wp-content\/uploads\/2025\/08\/WVA-in-the-news.png","contentUrl":"https:\/\/worldvapersalliance.com\/wp-content\/uploads\/2025\/08\/WVA-in-the-news.png","width":1264,"height":848},{"@type":"WebSite","@id":"https:\/\/worldvapersalliance.com\/#website","url":"https:\/\/worldvapersalliance.com\/","name":"\u015awiatowy Sojusz Vaper\u00f3w","description":"Najwi\u0119ksza spo\u0142eczno\u015b\u0107 vaper\u00f3w","publisher":{"@id":"https:\/\/worldvapersalliance.com\/#organization"},"potentialAction":[{"@type":"SearchAction","target":{"@type":"EntryPoint","urlTemplate":"https:\/\/worldvapersalliance.com\/?s={search_term_string}"},"query-input":{"@type":"PropertyValueSpecification","valueRequired":true,"valueName":"search_term_string"}}],"inLanguage":"pl-PL"},{"@type":"Organization","@id":"https:\/\/worldvapersalliance.com\/#organization","name":"\u015awiatowy Sojusz Vaper\u00f3w","url":"https:\/\/worldvapersalliance.com\/","logo":{"@type":"ImageObject","inLanguage":"pl-PL","@id":"https:\/\/worldvapersalliance.com\/#\/schema\/logo\/image\/","url":"https:\/\/worldvapersalliance.com\/wp-content\/uploads\/2022\/01\/WVA_RB_Fist_G.png","contentUrl":"https:\/\/worldvapersalliance.com\/wp-content\/uploads\/2022\/01\/WVA_RB_Fist_G.png","width":985,"height":1177,"caption":"World Vapers&#039; Alliance"},"image":{"@id":"https:\/\/worldvapersalliance.com\/#\/schema\/logo\/image\/"}},{"@type":"Person","@id":"https:\/\/worldvapersalliance.com\/#\/schema\/person\/18484a6f20bcc6f70a2419c8babe017d","name":"\u015awiatowy Sojusz Vaper\u00f3w","image":{"@type":"ImageObject","inLanguage":"pl-PL","@id":"https:\/\/secure.gravatar.com\/avatar\/456bf795c7a47c9ac527a94da4bff150aa49e48726d69bee9937f8383cffa246?s=96&d=mm&r=g","url":"https:\/\/secure.gravatar.com\/avatar\/456bf795c7a47c9ac527a94da4bff150aa49e48726d69bee9937f8383cffa246?s=96&d=mm&r=g","contentUrl":"https:\/\/secure.gravatar.com\/avatar\/456bf795c7a47c9ac527a94da4bff150aa49e48726d69bee9937f8383cffa246?s=96&d=mm&r=g","caption":"World Vapers' Alliance"},"url":"https:\/\/worldvapersalliance.com\/pl\/author\/wva\/"}]}},"_links":{"self":[{"href":"https:\/\/worldvapersalliance.com\/pl\/wp-json\/wp\/v2\/posts\/5528","targetHints":{"allow":["GET"]}}],"collection":[{"href":"https:\/\/worldvapersalliance.com\/pl\/wp-json\/wp\/v2\/posts"}],"about":[{"href":"https:\/\/worldvapersalliance.com\/pl\/wp-json\/wp\/v2\/types\/post"}],"author":[{"embeddable":true,"href":"https:\/\/worldvapersalliance.com\/pl\/wp-json\/wp\/v2\/users\/11"}],"replies":[{"embeddable":true,"href":"https:\/\/worldvapersalliance.com\/pl\/wp-json\/wp\/v2\/comments?post=5528"}],"version-history":[{"count":0,"href":"https:\/\/worldvapersalliance.com\/pl\/wp-json\/wp\/v2\/posts\/5528\/revisions"}],"wp:featuredmedia":[{"embeddable":true,"href":"https:\/\/worldvapersalliance.com\/pl\/wp-json\/wp\/v2\/media\/6394"}],"wp:attachment":[{"href":"https:\/\/worldvapersalliance.com\/pl\/wp-json\/wp\/v2\/media?parent=5528"}],"wp:term":[{"taxonomy":"category","embeddable":true,"href":"https:\/\/worldvapersalliance.com\/pl\/wp-json\/wp\/v2\/categories?post=5528"},{"taxonomy":"post_tag","embeddable":true,"href":"https:\/\/worldvapersalliance.com\/pl\/wp-json\/wp\/v2\/tags?post=5528"}],"curies":[{"name":"wp","href":"https:\/\/api.w.org\/{rel}","templated":true}]}}