{"id":5263,"date":"2023-12-12T09:15:50","date_gmt":"2023-12-12T14:15:50","guid":{"rendered":"https:\/\/worldvapersalliance.com\/?p=5263"},"modified":"2023-12-12T09:15:50","modified_gmt":"2023-12-12T14:15:50","slug":"vapers-call-on-javier-milei-to-repeal-the-ban-on-vaping-in-argentina","status":"publish","type":"post","link":"https:\/\/worldvapersalliance.com\/pl\/vapers-call-on-javier-milei-to-repeal-the-ban-on-vaping-in-argentina\/","title":{"rendered":"Mi\u0142o\u015bnicy e-papieros\u00f3w wzywaj\u0105 Javiera Mileia do uchylenia zakazu wapowania w Argentynie"},"content":{"rendered":"<p dir=\"ltr\"><strong>Buenos Aires, 12.12.2023.<\/strong> \u2013 Argenty\u0144skie stowarzyszenie vaper\u00f3w Asovape Argentina i World Vapers\u2019 Alliance wys\u0142a\u0142y <a href=\"https:\/\/link.mediaoutreach.meltwater.com\/ls\/click?upn=v2OU6mEZsrF8RQMJ1eCY0g8ZtW9ddvzmg6KflWYNU1uG2GMctboGTvJrXaWIohaKp4FSciL9iyvOQwI2obXRngQrUG88HBO2vCBiqGuzv0CFB7WLZHnMvWl6I4yA4RFmItsK45bmYiPqn1Lze6mUIg-3D-3D1DcQ_6-2BOayirWiMnL4NNJ9ivl6YavKZeo6-2F4wNJspN1hyqCqN9Iica8t3kuAqeTUsoEZyEPArUXwlTHpmuotWGUYRcpQrE8nNUswQ7G-2Fk02oN1WEWHHt54BxhdFiplpKrmGj1WspfkeIJmwJCeW9Ajq2a-2BGqXpzskyzM61Tpiy5NDKhY8MUUudBe4LiKNPv1N9Sssb-2BbHdbIske2dNoFQB49IfBD7WGGCrxQrNfJIlUVLrer8I7OmwyMARCizdX3NY5kyc9Jx-2BHRXvq84lVNizMEExO-2BMorL1WSuSmbHDbJadCoO5GL2bK6GYLk9kdG7OVSqHtypmeRhaxMXvTWTHeN6iHcnLOuydOBoWXz-2BjoYEyrGWu5iQjepPjurIgpTqnt6svbwgA5avzZY9WO9UO7mDtOA-3D-3D\" target=\"_blank\" rel=\"noopener\" data-saferedirecturl=\"https:\/\/www.google.com\/url?q=https:\/\/link.mediaoutreach.meltwater.com\/ls\/click?upn%3Dv2OU6mEZsrF8RQMJ1eCY0g8ZtW9ddvzmg6KflWYNU1uG2GMctboGTvJrXaWIohaKp4FSciL9iyvOQwI2obXRngQrUG88HBO2vCBiqGuzv0CFB7WLZHnMvWl6I4yA4RFmItsK45bmYiPqn1Lze6mUIg-3D-3D1DcQ_6-2BOayirWiMnL4NNJ9ivl6YavKZeo6-2F4wNJspN1hyqCqN9Iica8t3kuAqeTUsoEZyEPArUXwlTHpmuotWGUYRcpQrE8nNUswQ7G-2Fk02oN1WEWHHt54BxhdFiplpKrmGj1WspfkeIJmwJCeW9Ajq2a-2BGqXpzskyzM61Tpiy5NDKhY8MUUudBe4LiKNPv1N9Sssb-2BbHdbIske2dNoFQB49IfBD7WGGCrxQrNfJIlUVLrer8I7OmwyMARCizdX3NY5kyc9Jx-2BHRXvq84lVNizMEExO-2BMorL1WSuSmbHDbJadCoO5GL2bK6GYLk9kdG7OVSqHtypmeRhaxMXvTWTHeN6iHcnLOuydOBoWXz-2BjoYEyrGWu5iQjepPjurIgpTqnt6svbwgA5avzZY9WO9UO7mDtOA-3D-3D&amp;source=gmail&amp;ust=1702476422465000&amp;usg=AOvVaw1Hxt1OfLENotiEP7S23DKY\">list otwarty<\/a> do prezydenta Argentyny, Javiera Milei, wzywaj\u0105c do uchylenia rozporz\u0105dzenia administracyjnego ANMAT zakazuj\u0105cego sprzeda\u017cy e-papieros\u00f3w.<\/p>\n<p dir=\"ltr\"><a href=\"https:\/\/link.mediaoutreach.meltwater.com\/ls\/click?upn=v2OU6mEZsrF8RQMJ1eCY0qTwOZ-2FQ3tKMaVW-2BmIDeTIClejWSRZL8QILrgz1s1Tt8rl0ZozMVezz8SKwXSOwW3CP-2BOM-2B5KU7OgIFj6n-2Bj8ZNBIUyHvOhz-2BWRp-2B-2Fy3CQoagM58m7R0aFZW26Nkya9GpQ-3D-3D3qt3_6-2BOayirWiMnL4NNJ9ivl6YavKZeo6-2F4wNJspN1hyqCqN9Iica8t3kuAqeTUsoEZyEPArUXwlTHpmuotWGUYRcpQrE8nNUswQ7G-2Fk02oN1WEWHHt54BxhdFiplpKrmGj1WspfkeIJmwJCeW9Ajq2a-2BGqXpzskyzM61Tpiy5NDKhY8MUUudBe4LiKNPv1N9Sssb-2BbHdbIske2dNoFQB49IfBD7WGGCrxQrNfJIlUVLrepmPk63z3fTCMHYtnYMWDMU-2F2Rmln9Srf-2Bc88EwDsjMvn0yWuZBryIvz2BM5ycjTm02X2539mhqYSLID25Sv-2B5-2FcdCna0r6XSCvMUOzaWrGCVE4wJ8h0O7ki-2FBYSHeVEpnx4rsSL541B-2BcqmJsyGuOmzVIwi7e8epkUsuS2kjc7RQ-3D-3D\" target=\"_blank\" rel=\"noopener\" data-saferedirecturl=\"https:\/\/www.google.com\/url?q=https:\/\/link.mediaoutreach.meltwater.com\/ls\/click?upn%3Dv2OU6mEZsrF8RQMJ1eCY0qTwOZ-2FQ3tKMaVW-2BmIDeTIClejWSRZL8QILrgz1s1Tt8rl0ZozMVezz8SKwXSOwW3CP-2BOM-2B5KU7OgIFj6n-2Bj8ZNBIUyHvOhz-2BWRp-2B-2Fy3CQoagM58m7R0aFZW26Nkya9GpQ-3D-3D3qt3_6-2BOayirWiMnL4NNJ9ivl6YavKZeo6-2F4wNJspN1hyqCqN9Iica8t3kuAqeTUsoEZyEPArUXwlTHpmuotWGUYRcpQrE8nNUswQ7G-2Fk02oN1WEWHHt54BxhdFiplpKrmGj1WspfkeIJmwJCeW9Ajq2a-2BGqXpzskyzM61Tpiy5NDKhY8MUUudBe4LiKNPv1N9Sssb-2BbHdbIske2dNoFQB49IfBD7WGGCrxQrNfJIlUVLrepmPk63z3fTCMHYtnYMWDMU-2F2Rmln9Srf-2Bc88EwDsjMvn0yWuZBryIvz2BM5ycjTm02X2539mhqYSLID25Sv-2B5-2FcdCna0r6XSCvMUOzaWrGCVE4wJ8h0O7ki-2FBYSHeVEpnx4rsSL541B-2BcqmJsyGuOmzVIwi7e8epkUsuS2kjc7RQ-3D-3D&amp;source=gmail&amp;ust=1702476422465000&amp;usg=AOvVaw3pMlMoQkYWAHAdlyFR6TwN\">Postanowienie 3226\/2011<\/a> Krajowa Administracja Lek\u00f3w, \u017bywno\u015bci i Technologii Medycznej (ANMAT) wyda\u0142a 6 maja 2011 r. zakaz importu, dystrybucji, marketingu, reklamy i promocji e-papieros\u00f3w.<\/p>\n<p dir=\"ltr\">Stowarzyszenia sygnatariuszy wyja\u015bniaj\u0105 w li\u015bcie, \u017ce liczne badania przeprowadzone od czasu wej\u015bcia w \u017cycie zakazu wykaza\u0142y znacznie ni\u017csze ryzyko i przydatno\u015b\u0107 tych urz\u0105dze\u0144 w rzucaniu palenia, a tak\u017ce niskie ryzyko zdrowotne zwi\u0105zane z nikotyn\u0105. Argumentuj\u0105 r\u00f3wnie\u017c, \u017ce zakaz jest niezgodny z poszanowaniem wolno\u015bci osobistej doros\u0142ych Argenty\u0144czyk\u00f3w oraz prawami do swobodnego rozwoju osobowo\u015bci, informacji i zdrowia u\u017cytkownik\u00f3w i palaczy.<\/p>\n<p dir=\"ltr\"><strong>Juan Facundo Teme, prezes argenty\u0144skiego stowarzyszenia vaper\u00f3w Asovape Argentina, skomentowa\u0142:<\/strong><\/p>\n<p dir=\"ltr\"><strong><em>\u201cZakaz narusza prawa i wolno\u015bci doros\u0142ych Argenty\u0144czyk\u00f3w i powinien zosta\u0107 uchylony. <\/em><\/strong><em>Pa\u0144stwo nie jest uprawnione do dyktowania Argenty\u0144czykom, jak spo\u017cywa\u0107 nikotyn\u0119, i powinno szanowa\u0107 decyzje os\u00f3b, kt\u00f3re decyduj\u0105 si\u0119 na wapowanie, aby m\u00f3c spo\u017cywa\u0107 je w spos\u00f3b mniej szkodliwy. Co wi\u0119cej, wszystkie argumenty, na kt\u00f3rych oparto zakaz, zosta\u0142y obalone.\u201d<\/em><\/p>\n<p dir=\"ltr\">Ka\u017cdego roku <a href=\"https:\/\/link.mediaoutreach.meltwater.com\/ls\/click?upn=v2OU6mEZsrF8RQMJ1eCY0rb4zBU4fZaSOSIDjbE84NuPcl950tltA0pb5BfXj1w9mHSK4-2F6LjYTsw9c1mvE6JX4qcCQ8BL9ZYkFnUFlj0WWkvQ-2BmTuwGkC1JpDewy5e3bIQEH95WQzeFz-2FUOdp2dg9-2FcKDbrwWmGucarNyNdr6XUizqzxBzetW6DATe1oq7X4y0w2u0NXWGkevI9zhqEbNsWplRFKUfc16LTOPXFw5AKi6QLiw8XQtkA1euqG-2BkuObgfNw-2FTjNxB-2FHKAWWKOzHeVxia5-2BZ0Jdb0GqcKSXgvOs-2BjsEk66y6KC7aWKE5djVGde_6-2BOayirWiMnL4NNJ9ivl6YavKZeo6-2F4wNJspN1hyqCqN9Iica8t3kuAqeTUsoEZyEPArUXwlTHpmuotWGUYRcpQrE8nNUswQ7G-2Fk02oN1WEWHHt54BxhdFiplpKrmGj1WspfkeIJmwJCeW9Ajq2a-2BGqXpzskyzM61Tpiy5NDKhY8MUUudBe4LiKNPv1N9Sssb-2BbHdbIske2dNoFQB49IfBD7WGGCrxQrNfJIlUVLreoyhBMVevwWAYuuK-2BVQEvNlRTUNsw8nrgXWN1FzCUqblC0IQc7H4QzKBmgwQNYPm78YAoDPMAMLvxR-2BakMRgBEL35Dpw-2BvyvEaovPOvwlIYioP9uN2NHlaYCmkTD6BjwsrrZmKFyWKRdiX0oHCkk0-2FP3ljGMkP4DgGdqYG5GuedLQ-3D-3D\" target=\"_blank\" rel=\"noopener\" data-saferedirecturl=\"https:\/\/www.google.com\/url?q=https:\/\/link.mediaoutreach.meltwater.com\/ls\/click?upn%3Dv2OU6mEZsrF8RQMJ1eCY0rb4zBU4fZaSOSIDjbE84NuPcl950tltA0pb5BfXj1w9mHSK4-2F6LjYTsw9c1mvE6JX4qcCQ8BL9ZYkFnUFlj0WWkvQ-2BmTuwGkC1JpDewy5e3bIQEH95WQzeFz-2FUOdp2dg9-2FcKDbrwWmGucarNyNdr6XUizqzxBzetW6DATe1oq7X4y0w2u0NXWGkevI9zhqEbNsWplRFKUfc16LTOPXFw5AKi6QLiw8XQtkA1euqG-2BkuObgfNw-2FTjNxB-2FHKAWWKOzHeVxia5-2BZ0Jdb0GqcKSXgvOs-2BjsEk66y6KC7aWKE5djVGde_6-2BOayirWiMnL4NNJ9ivl6YavKZeo6-2F4wNJspN1hyqCqN9Iica8t3kuAqeTUsoEZyEPArUXwlTHpmuotWGUYRcpQrE8nNUswQ7G-2Fk02oN1WEWHHt54BxhdFiplpKrmGj1WspfkeIJmwJCeW9Ajq2a-2BGqXpzskyzM61Tpiy5NDKhY8MUUudBe4LiKNPv1N9Sssb-2BbHdbIske2dNoFQB49IfBD7WGGCrxQrNfJIlUVLreoyhBMVevwWAYuuK-2BVQEvNlRTUNsw8nrgXWN1FzCUqblC0IQc7H4QzKBmgwQNYPm78YAoDPMAMLvxR-2BakMRgBEL35Dpw-2BvyvEaovPOvwlIYioP9uN2NHlaYCmkTD6BjwsrrZmKFyWKRdiX0oHCkk0-2FP3ljGMkP4DgGdqYG5GuedLQ-3D-3D&amp;source=gmail&amp;ust=1702476422465000&amp;usg=AOvVaw1HEaK12Di2q-ejkv5liw44\">225,000<\/a> Argenty\u0144czycy zachorowali i prawie <a href=\"https:\/\/link.mediaoutreach.meltwater.com\/ls\/click?upn=v2OU6mEZsrF8RQMJ1eCY0uNrTSnAmNIEOlrILvtsEXHV5Ldi7CUdHc5SszoozGXjkEPCNUxK6y9EBqxTQgUCcL0jeRImnhqoHJAWsCCRrE6bS2aRplbKcPkd4S9PFtjsrmvnLDDxYBTUMBaMVL5VGg-3D-3DqoCe_6-2BOayirWiMnL4NNJ9ivl6YavKZeo6-2F4wNJspN1hyqCqN9Iica8t3kuAqeTUsoEZyEPArUXwlTHpmuotWGUYRcpQrE8nNUswQ7G-2Fk02oN1WEWHHt54BxhdFiplpKrmGj1WspfkeIJmwJCeW9Ajq2a-2BGqXpzskyzM61Tpiy5NDKhY8MUUudBe4LiKNPv1N9Sssb-2BbHdbIske2dNoFQB49IfBD7WGGCrxQrNfJIlUVLreqpFfUYBvJ9diKl3Bw78VQgSgra0b38yHiCddrahJjSXadd0cEa0OskiBZbWZi7qZXH-2BcWQ4xbMii6MqzN8Krj5vp2uoskcmG7DlmIkRumqisW8e1W9RPOFJJK2-2FaW1-2FCTsXAjR6C-2F-2F65rliHH7mwgxuAz-2FE2T-2ByZCX-2FRC6b5e66A-3D-3D\" target=\"_blank\" rel=\"noopener\" data-saferedirecturl=\"https:\/\/www.google.com\/url?q=https:\/\/link.mediaoutreach.meltwater.com\/ls\/click?upn%3Dv2OU6mEZsrF8RQMJ1eCY0uNrTSnAmNIEOlrILvtsEXHV5Ldi7CUdHc5SszoozGXjkEPCNUxK6y9EBqxTQgUCcL0jeRImnhqoHJAWsCCRrE6bS2aRplbKcPkd4S9PFtjsrmvnLDDxYBTUMBaMVL5VGg-3D-3DqoCe_6-2BOayirWiMnL4NNJ9ivl6YavKZeo6-2F4wNJspN1hyqCqN9Iica8t3kuAqeTUsoEZyEPArUXwlTHpmuotWGUYRcpQrE8nNUswQ7G-2Fk02oN1WEWHHt54BxhdFiplpKrmGj1WspfkeIJmwJCeW9Ajq2a-2BGqXpzskyzM61Tpiy5NDKhY8MUUudBe4LiKNPv1N9Sssb-2BbHdbIske2dNoFQB49IfBD7WGGCrxQrNfJIlUVLreqpFfUYBvJ9diKl3Bw78VQgSgra0b38yHiCddrahJjSXadd0cEa0OskiBZbWZi7qZXH-2BcWQ4xbMii6MqzN8Krj5vp2uoskcmG7DlmIkRumqisW8e1W9RPOFJJK2-2FaW1-2FCTsXAjR6C-2F-2F65rliHH7mwgxuAz-2FE2T-2ByZCX-2FRC6b5e66A-3D-3D&amp;source=gmail&amp;ust=1702476422465000&amp;usg=AOvVaw3c5GP7T1pSSIaEGC-cnAtH\">60,000<\/a> Argenty\u0144czycy umieraj\u0105 z powodu chor\u00f3b zwi\u0105zanych z paleniem. W Argentynie wska\u017anik palenia wynosi <a href=\"https:\/\/link.mediaoutreach.meltwater.com\/ls\/click?upn=v2OU6mEZsrF8RQMJ1eCY0hZfHR2O4q0FZHAgvymYB-2FPQ2b8XGXxv38ZLwABLN5o0isAtSVj3VcdwzS4e4moNKmjPCYjGL-2Fg1UAGuVewUKi9DyMywmpc-2BQWl67-2FnynAl1TJNLtijTM2lq5tWqiAmXNVryISyrCO32KLnsieIbblo-3D5CPo_6-2BOayirWiMnL4NNJ9ivl6YavKZeo6-2F4wNJspN1hyqCqN9Iica8t3kuAqeTUsoEZyEPArUXwlTHpmuotWGUYRcpQrE8nNUswQ7G-2Fk02oN1WEWHHt54BxhdFiplpKrmGj1WspfkeIJmwJCeW9Ajq2a-2BGqXpzskyzM61Tpiy5NDKhY8MUUudBe4LiKNPv1N9Sssb-2BbHdbIske2dNoFQB49IfBD7WGGCrxQrNfJIlUVLreo3aoYz59IR81nelZk2AQyVrrTWlwCHJe3EeBTjhogn5LsY0qjbfGCbA-2B4KfuUh5Du9MTsntaMAP9HbekxTySMMs665alFLfvqfPbBr82C0sgdF1E4gtziqc7OPbB-2BX9QpIbRPrZutsTsg9MSV2gp9Y8cQnmi8yVi-2FjrtCZFV9FCw-3D-3D\" target=\"_blank\" rel=\"noopener\" data-saferedirecturl=\"https:\/\/www.google.com\/url?q=https:\/\/link.mediaoutreach.meltwater.com\/ls\/click?upn%3Dv2OU6mEZsrF8RQMJ1eCY0hZfHR2O4q0FZHAgvymYB-2FPQ2b8XGXxv38ZLwABLN5o0isAtSVj3VcdwzS4e4moNKmjPCYjGL-2Fg1UAGuVewUKi9DyMywmpc-2BQWl67-2FnynAl1TJNLtijTM2lq5tWqiAmXNVryISyrCO32KLnsieIbblo-3D5CPo_6-2BOayirWiMnL4NNJ9ivl6YavKZeo6-2F4wNJspN1hyqCqN9Iica8t3kuAqeTUsoEZyEPArUXwlTHpmuotWGUYRcpQrE8nNUswQ7G-2Fk02oN1WEWHHt54BxhdFiplpKrmGj1WspfkeIJmwJCeW9Ajq2a-2BGqXpzskyzM61Tpiy5NDKhY8MUUudBe4LiKNPv1N9Sssb-2BbHdbIske2dNoFQB49IfBD7WGGCrxQrNfJIlUVLreo3aoYz59IR81nelZk2AQyVrrTWlwCHJe3EeBTjhogn5LsY0qjbfGCbA-2B4KfuUh5Du9MTsntaMAP9HbekxTySMMs665alFLfvqfPbBr82C0sgdF1E4gtziqc7OPbB-2BX9QpIbRPrZutsTsg9MSV2gp9Y8cQnmi8yVi-2FjrtCZFV9FCw-3D-3D&amp;source=gmail&amp;ust=1702476422465000&amp;usg=AOvVaw16b1VGaum-T2ObZCBerrA7\">24.5%<\/a>, drugi co do wysoko\u015bci w Ameryce \u0141aci\u0144skiej i jeden z najwy\u017cszych na \u015bwiecie.<\/p>\n<p dir=\"ltr\">Odnosz\u0105c si\u0119 do du\u017cej liczby palaczy w Argentynie, Teme doda\u0142:<\/p>\n<p dir=\"ltr\"><em>\u201cPalenie stanowi ogromny problem dla Argentyny, a zakaz tylko go zaostrzy\u0142. Upowszechnia b\u0142\u0119dne przekonanie, \u017ce wapowanie jest takie samo lub gorsze od palenia, utrudnia milionom palaczy przej\u015bcie na bezpieczniejsz\u0105 alternatyw\u0119 i zmusi\u0142 tysi\u0105ce waper\u00f3w do powrotu do tytoniu. Dzi\u0119ki jasnym informacjom i odpowiednim regulacjom dotycz\u0105cym wapowania mogliby\u015bmy szybko i znacz\u0105co zmniejszy\u0107 liczb\u0119 palaczy\u201d.\u201d<\/em><\/p>\n<p dir=\"ltr\"><strong>Alberto G\u00f3mez Hern\u00e1ndez, kierownik ds. polityki w World Vapers&#039; Alliance, skomentowa\u0142 to nast\u0119puj\u0105co:\u00a0<\/strong><\/p>\n<p dir=\"ltr\"><em><strong>\u201cArgentyna jest jednym z najbardziej restrykcyjnych kraj\u00f3w w ca\u0142ym regionie pod wzgl\u0119dem waporyzacji, a co za tym idzie, ma jeden z najwy\u017cszych wska\u017anik\u00f3w palenia. Ust\u0119puje tylko Chile, kt\u00f3re w\u0142a\u015bnie uchwali\u0142o ustaw\u0119 reguluj\u0105c\u0105 waporyzacj\u0119, aby umo\u017cliwi\u0107 doros\u0142ym rzucenie palenia.,<\/strong> tak jak Brazylia r\u00f3wnie\u017c nad tym pracuje. Argentyna nie powinna pozostawa\u0107 w tyle i powinna uszanowa\u0107 palaczy, kt\u00f3rzy wybieraj\u0105 spo\u017cywanie nikotyny w mniej szkodliwy spos\u00f3b\u201d.\u201d<\/em><\/p>\n<p dir=\"ltr\"><strong>Michael Landl, dyrektor World Vapers&#039; Alliance, doda\u0142:\u00a0<\/strong><\/p>\n<p dir=\"ltr\"><em>\u201cArgenty\u0144skie podej\u015bcie do waporyzacji jest przestarza\u0142e i nie da si\u0119 pogodzi\u0107 z ochron\u0105 wolno\u015bci konsument\u00f3w. <strong>Argentyna ma teraz wielk\u0105 szans\u0119 obj\u0105\u0107 inicjatyw\u0119 i przyj\u0105\u0107 podej\u015bcie stosowane w takich krajach jak Szwecja czy Wielka Brytania, kt\u00f3re szanuj\u0105 prawo u\u017cytkownik\u00f3w do wyboru, a jednocze\u015bnie przyczyniaj\u0105 si\u0119 do poprawy zdrowia publicznego.<\/strong> Dzi\u0119ki temu podej\u015bciu Szwecja jest o krok od stania si\u0119 pierwszym krajem wolnym od dymu tytoniowego, a Wielka Brytania szybko zmniejsza liczb\u0119 palaczy. Zach\u0119camy prezydenta Mileia i jego rz\u0105d do p\u00f3j\u015bcia w ich \u015blady. Wapowanie nie jest przest\u0119pstwem i powinno zosta\u0107 natychmiast zalegalizowane.\u201d<\/em> Landl podsumowa\u0142.<\/p>","protected":false},"excerpt":{"rendered":"<p>Buenos Aires, 12.12.2023. &#8211; The Argentinean vapers&#8217; association Asovape Argentina and the World Vapers&#8217; Alliance have sent an open letter to the President of Argentina, Javier Milei, calling for the repeal of the ANMAT administrative provision banning the commercialisation of e-cigarettes. Provision 3226\/2011 of the National Administration of Medicines, Food and Medical Technology (ANMAT) banned [&hellip;]<\/p>\n","protected":false},"author":11,"featured_media":3245,"comment_status":"open","ping_status":"open","sticky":false,"template":"","format":"standard","meta":{"footnotes":""},"categories":[13],"tags":[],"class_list":["post-5263","post","type-post","status-publish","format-standard","has-post-thumbnail","hentry","category-press-releases"],"yoast_head":"<!-- This site is optimized with the Yoast SEO plugin v27.3 - https:\/\/yoast.com\/product\/yoast-seo-wordpress\/ -->\n<title>Vapers call on Javier Milei to repeal the ban on vaping in Argentina - World Vapers&#039; Alliance<\/title>\n<meta name=\"robots\" content=\"index, follow, max-snippet:-1, max-image-preview:large, max-video-preview:-1\" \/>\n<link rel=\"canonical\" href=\"https:\/\/worldvapersalliance.com\/pl\/vapers-call-on-javier-milei-to-repeal-the-ban-on-vaping-in-argentina\/\" \/>\n<meta property=\"og:locale\" content=\"pl_PL\" \/>\n<meta property=\"og:type\" content=\"article\" \/>\n<meta property=\"og:title\" content=\"Vapers call on Javier Milei to repeal the ban on vaping in Argentina - World Vapers&#039; Alliance\" \/>\n<meta property=\"og:description\" content=\"Buenos Aires, 12.12.2023. &#8211; The Argentinean vapers&#8217; association Asovape Argentina and the World Vapers&#8217; Alliance have sent an open letter to the President of Argentina, Javier Milei, calling for the repeal of the ANMAT administrative provision banning the commercialisation of e-cigarettes. Provision 3226\/2011 of the National Administration of Medicines, Food and Medical Technology (ANMAT) banned [&hellip;]\" \/>\n<meta property=\"og:url\" content=\"https:\/\/worldvapersalliance.com\/pl\/vapers-call-on-javier-milei-to-repeal-the-ban-on-vaping-in-argentina\/\" \/>\n<meta property=\"og:site_name\" content=\"World Vapers&#039; Alliance\" \/>\n<meta property=\"article:published_time\" content=\"2023-12-12T14:15:50+00:00\" \/>\n<meta property=\"og:image\" content=\"https:\/\/worldvapersalliance.com\/wp-content\/uploads\/2022\/10\/WVA_Press-Release_Cover-new.png\" \/>\n\t<meta property=\"og:image:width\" content=\"4162\" \/>\n\t<meta property=\"og:image:height\" content=\"3840\" \/>\n\t<meta property=\"og:image:type\" content=\"image\/png\" \/>\n<meta name=\"author\" content=\"World Vapers&#039; Alliance\" \/>\n<meta name=\"twitter:card\" content=\"summary_large_image\" \/>\n<meta name=\"twitter:label1\" content=\"Napisane przez\" \/>\n\t<meta name=\"twitter:data1\" content=\"World Vapers&#039; Alliance\" \/>\n\t<meta name=\"twitter:label2\" content=\"Szacowany czas czytania\" \/>\n\t<meta name=\"twitter:data2\" content=\"3 minuty\" \/>\n<script type=\"application\/ld+json\" class=\"yoast-schema-graph\">{\"@context\":\"https:\\\/\\\/schema.org\",\"@graph\":[{\"@type\":\"Article\",\"@id\":\"https:\\\/\\\/worldvapersalliance.com\\\/vapers-call-on-javier-milei-to-repeal-the-ban-on-vaping-in-argentina\\\/#article\",\"isPartOf\":{\"@id\":\"https:\\\/\\\/worldvapersalliance.com\\\/vapers-call-on-javier-milei-to-repeal-the-ban-on-vaping-in-argentina\\\/\"},\"author\":{\"name\":\"World Vapers' Alliance\",\"@id\":\"https:\\\/\\\/worldvapersalliance.com\\\/#\\\/schema\\\/person\\\/18484a6f20bcc6f70a2419c8babe017d\"},\"headline\":\"Vapers call on Javier Milei to repeal the ban on vaping in Argentina\",\"datePublished\":\"2023-12-12T14:15:50+00:00\",\"mainEntityOfPage\":{\"@id\":\"https:\\\/\\\/worldvapersalliance.com\\\/vapers-call-on-javier-milei-to-repeal-the-ban-on-vaping-in-argentina\\\/\"},\"wordCount\":519,\"commentCount\":0,\"publisher\":{\"@id\":\"https:\\\/\\\/worldvapersalliance.com\\\/#organization\"},\"image\":{\"@id\":\"https:\\\/\\\/worldvapersalliance.com\\\/vapers-call-on-javier-milei-to-repeal-the-ban-on-vaping-in-argentina\\\/#primaryimage\"},\"thumbnailUrl\":\"https:\\\/\\\/worldvapersalliance.com\\\/wp-content\\\/uploads\\\/2022\\\/10\\\/WVA_Press-Release_Cover-new.png\",\"articleSection\":[\"Press Releases\"],\"inLanguage\":\"pl-PL\",\"potentialAction\":[{\"@type\":\"CommentAction\",\"name\":\"Comment\",\"target\":[\"https:\\\/\\\/worldvapersalliance.com\\\/vapers-call-on-javier-milei-to-repeal-the-ban-on-vaping-in-argentina\\\/#respond\"]}]},{\"@type\":\"WebPage\",\"@id\":\"https:\\\/\\\/worldvapersalliance.com\\\/vapers-call-on-javier-milei-to-repeal-the-ban-on-vaping-in-argentina\\\/\",\"url\":\"https:\\\/\\\/worldvapersalliance.com\\\/vapers-call-on-javier-milei-to-repeal-the-ban-on-vaping-in-argentina\\\/\",\"name\":\"Vapers call on Javier Milei to repeal the ban on vaping in Argentina - World Vapers&#039; Alliance\",\"isPartOf\":{\"@id\":\"https:\\\/\\\/worldvapersalliance.com\\\/#website\"},\"primaryImageOfPage\":{\"@id\":\"https:\\\/\\\/worldvapersalliance.com\\\/vapers-call-on-javier-milei-to-repeal-the-ban-on-vaping-in-argentina\\\/#primaryimage\"},\"image\":{\"@id\":\"https:\\\/\\\/worldvapersalliance.com\\\/vapers-call-on-javier-milei-to-repeal-the-ban-on-vaping-in-argentina\\\/#primaryimage\"},\"thumbnailUrl\":\"https:\\\/\\\/worldvapersalliance.com\\\/wp-content\\\/uploads\\\/2022\\\/10\\\/WVA_Press-Release_Cover-new.png\",\"datePublished\":\"2023-12-12T14:15:50+00:00\",\"inLanguage\":\"pl-PL\",\"potentialAction\":[{\"@type\":\"ReadAction\",\"target\":[\"https:\\\/\\\/worldvapersalliance.com\\\/vapers-call-on-javier-milei-to-repeal-the-ban-on-vaping-in-argentina\\\/\"]}]},{\"@type\":\"ImageObject\",\"inLanguage\":\"pl-PL\",\"@id\":\"https:\\\/\\\/worldvapersalliance.com\\\/vapers-call-on-javier-milei-to-repeal-the-ban-on-vaping-in-argentina\\\/#primaryimage\",\"url\":\"https:\\\/\\\/worldvapersalliance.com\\\/wp-content\\\/uploads\\\/2022\\\/10\\\/WVA_Press-Release_Cover-new.png\",\"contentUrl\":\"https:\\\/\\\/worldvapersalliance.com\\\/wp-content\\\/uploads\\\/2022\\\/10\\\/WVA_Press-Release_Cover-new.png\",\"width\":4162,\"height\":3840},{\"@type\":\"WebSite\",\"@id\":\"https:\\\/\\\/worldvapersalliance.com\\\/#website\",\"url\":\"https:\\\/\\\/worldvapersalliance.com\\\/\",\"name\":\"World Vapers&#039; Alliance\",\"description\":\"The largest community of vapers\",\"publisher\":{\"@id\":\"https:\\\/\\\/worldvapersalliance.com\\\/#organization\"},\"potentialAction\":[{\"@type\":\"SearchAction\",\"target\":{\"@type\":\"EntryPoint\",\"urlTemplate\":\"https:\\\/\\\/worldvapersalliance.com\\\/?s={search_term_string}\"},\"query-input\":{\"@type\":\"PropertyValueSpecification\",\"valueRequired\":true,\"valueName\":\"search_term_string\"}}],\"inLanguage\":\"pl-PL\"},{\"@type\":\"Organization\",\"@id\":\"https:\\\/\\\/worldvapersalliance.com\\\/#organization\",\"name\":\"World Vapers&#039; Alliance\",\"url\":\"https:\\\/\\\/worldvapersalliance.com\\\/\",\"logo\":{\"@type\":\"ImageObject\",\"inLanguage\":\"pl-PL\",\"@id\":\"https:\\\/\\\/worldvapersalliance.com\\\/#\\\/schema\\\/logo\\\/image\\\/\",\"url\":\"https:\\\/\\\/worldvapersalliance.com\\\/wp-content\\\/uploads\\\/2022\\\/01\\\/WVA_RB_Fist_G.png\",\"contentUrl\":\"https:\\\/\\\/worldvapersalliance.com\\\/wp-content\\\/uploads\\\/2022\\\/01\\\/WVA_RB_Fist_G.png\",\"width\":985,\"height\":1177,\"caption\":\"World Vapers&#039; Alliance\"},\"image\":{\"@id\":\"https:\\\/\\\/worldvapersalliance.com\\\/#\\\/schema\\\/logo\\\/image\\\/\"}},{\"@type\":\"Person\",\"@id\":\"https:\\\/\\\/worldvapersalliance.com\\\/#\\\/schema\\\/person\\\/18484a6f20bcc6f70a2419c8babe017d\",\"name\":\"World Vapers' Alliance\",\"image\":{\"@type\":\"ImageObject\",\"inLanguage\":\"pl-PL\",\"@id\":\"https:\\\/\\\/secure.gravatar.com\\\/avatar\\\/456bf795c7a47c9ac527a94da4bff150aa49e48726d69bee9937f8383cffa246?s=96&d=mm&r=g\",\"url\":\"https:\\\/\\\/secure.gravatar.com\\\/avatar\\\/456bf795c7a47c9ac527a94da4bff150aa49e48726d69bee9937f8383cffa246?s=96&d=mm&r=g\",\"contentUrl\":\"https:\\\/\\\/secure.gravatar.com\\\/avatar\\\/456bf795c7a47c9ac527a94da4bff150aa49e48726d69bee9937f8383cffa246?s=96&d=mm&r=g\",\"caption\":\"World Vapers' Alliance\"},\"url\":\"https:\\\/\\\/worldvapersalliance.com\\\/pl\\\/author\\\/wva\\\/\"}]}<\/script>\n<!-- \/ Yoast SEO plugin. -->","yoast_head_json":{"title":"Mi\u0142o\u015bnicy e-papieros\u00f3w wzywaj\u0105 Javiera Mileia do uchylenia zakazu wapowania w Argentynie - World Vapers&#039; Alliance","robots":{"index":"index","follow":"follow","max-snippet":"max-snippet:-1","max-image-preview":"max-image-preview:large","max-video-preview":"max-video-preview:-1"},"canonical":"https:\/\/worldvapersalliance.com\/pl\/vapers-call-on-javier-milei-to-repeal-the-ban-on-vaping-in-argentina\/","og_locale":"pl_PL","og_type":"article","og_title":"Vapers call on Javier Milei to repeal the ban on vaping in Argentina - World Vapers&#039; Alliance","og_description":"Buenos Aires, 12.12.2023. &#8211; The Argentinean vapers&#8217; association Asovape Argentina and the World Vapers&#8217; Alliance have sent an open letter to the President of Argentina, Javier Milei, calling for the repeal of the ANMAT administrative provision banning the commercialisation of e-cigarettes. Provision 3226\/2011 of the National Administration of Medicines, Food and Medical Technology (ANMAT) banned [&hellip;]","og_url":"https:\/\/worldvapersalliance.com\/pl\/vapers-call-on-javier-milei-to-repeal-the-ban-on-vaping-in-argentina\/","og_site_name":"World Vapers&#039; Alliance","article_published_time":"2023-12-12T14:15:50+00:00","og_image":[{"width":4162,"height":3840,"url":"https:\/\/worldvapersalliance.com\/wp-content\/uploads\/2022\/10\/WVA_Press-Release_Cover-new.png","type":"image\/png"}],"author":"World Vapers' Alliance","twitter_card":"summary_large_image","twitter_misc":{"Napisane przez":"World Vapers' Alliance","Szacowany czas czytania":"3 minuty"},"schema":{"@context":"https:\/\/schema.org","@graph":[{"@type":"Article","@id":"https:\/\/worldvapersalliance.com\/vapers-call-on-javier-milei-to-repeal-the-ban-on-vaping-in-argentina\/#article","isPartOf":{"@id":"https:\/\/worldvapersalliance.com\/vapers-call-on-javier-milei-to-repeal-the-ban-on-vaping-in-argentina\/"},"author":{"name":"World Vapers' Alliance","@id":"https:\/\/worldvapersalliance.com\/#\/schema\/person\/18484a6f20bcc6f70a2419c8babe017d"},"headline":"Vapers call on Javier Milei to repeal the ban on vaping in Argentina","datePublished":"2023-12-12T14:15:50+00:00","mainEntityOfPage":{"@id":"https:\/\/worldvapersalliance.com\/vapers-call-on-javier-milei-to-repeal-the-ban-on-vaping-in-argentina\/"},"wordCount":519,"commentCount":0,"publisher":{"@id":"https:\/\/worldvapersalliance.com\/#organization"},"image":{"@id":"https:\/\/worldvapersalliance.com\/vapers-call-on-javier-milei-to-repeal-the-ban-on-vaping-in-argentina\/#primaryimage"},"thumbnailUrl":"https:\/\/worldvapersalliance.com\/wp-content\/uploads\/2022\/10\/WVA_Press-Release_Cover-new.png","articleSection":["Press Releases"],"inLanguage":"pl-PL","potentialAction":[{"@type":"CommentAction","name":"Comment","target":["https:\/\/worldvapersalliance.com\/vapers-call-on-javier-milei-to-repeal-the-ban-on-vaping-in-argentina\/#respond"]}]},{"@type":"WebPage","@id":"https:\/\/worldvapersalliance.com\/vapers-call-on-javier-milei-to-repeal-the-ban-on-vaping-in-argentina\/","url":"https:\/\/worldvapersalliance.com\/vapers-call-on-javier-milei-to-repeal-the-ban-on-vaping-in-argentina\/","name":"Mi\u0142o\u015bnicy e-papieros\u00f3w wzywaj\u0105 Javiera Mileia do uchylenia zakazu wapowania w Argentynie - World Vapers&#039; Alliance","isPartOf":{"@id":"https:\/\/worldvapersalliance.com\/#website"},"primaryImageOfPage":{"@id":"https:\/\/worldvapersalliance.com\/vapers-call-on-javier-milei-to-repeal-the-ban-on-vaping-in-argentina\/#primaryimage"},"image":{"@id":"https:\/\/worldvapersalliance.com\/vapers-call-on-javier-milei-to-repeal-the-ban-on-vaping-in-argentina\/#primaryimage"},"thumbnailUrl":"https:\/\/worldvapersalliance.com\/wp-content\/uploads\/2022\/10\/WVA_Press-Release_Cover-new.png","datePublished":"2023-12-12T14:15:50+00:00","inLanguage":"pl-PL","potentialAction":[{"@type":"ReadAction","target":["https:\/\/worldvapersalliance.com\/vapers-call-on-javier-milei-to-repeal-the-ban-on-vaping-in-argentina\/"]}]},{"@type":"ImageObject","inLanguage":"pl-PL","@id":"https:\/\/worldvapersalliance.com\/vapers-call-on-javier-milei-to-repeal-the-ban-on-vaping-in-argentina\/#primaryimage","url":"https:\/\/worldvapersalliance.com\/wp-content\/uploads\/2022\/10\/WVA_Press-Release_Cover-new.png","contentUrl":"https:\/\/worldvapersalliance.com\/wp-content\/uploads\/2022\/10\/WVA_Press-Release_Cover-new.png","width":4162,"height":3840},{"@type":"WebSite","@id":"https:\/\/worldvapersalliance.com\/#website","url":"https:\/\/worldvapersalliance.com\/","name":"\u015awiatowy Sojusz Vaper\u00f3w","description":"Najwi\u0119ksza spo\u0142eczno\u015b\u0107 vaper\u00f3w","publisher":{"@id":"https:\/\/worldvapersalliance.com\/#organization"},"potentialAction":[{"@type":"SearchAction","target":{"@type":"EntryPoint","urlTemplate":"https:\/\/worldvapersalliance.com\/?s={search_term_string}"},"query-input":{"@type":"PropertyValueSpecification","valueRequired":true,"valueName":"search_term_string"}}],"inLanguage":"pl-PL"},{"@type":"Organization","@id":"https:\/\/worldvapersalliance.com\/#organization","name":"\u015awiatowy Sojusz Vaper\u00f3w","url":"https:\/\/worldvapersalliance.com\/","logo":{"@type":"ImageObject","inLanguage":"pl-PL","@id":"https:\/\/worldvapersalliance.com\/#\/schema\/logo\/image\/","url":"https:\/\/worldvapersalliance.com\/wp-content\/uploads\/2022\/01\/WVA_RB_Fist_G.png","contentUrl":"https:\/\/worldvapersalliance.com\/wp-content\/uploads\/2022\/01\/WVA_RB_Fist_G.png","width":985,"height":1177,"caption":"World Vapers&#039; Alliance"},"image":{"@id":"https:\/\/worldvapersalliance.com\/#\/schema\/logo\/image\/"}},{"@type":"Person","@id":"https:\/\/worldvapersalliance.com\/#\/schema\/person\/18484a6f20bcc6f70a2419c8babe017d","name":"\u015awiatowy Sojusz Vaper\u00f3w","image":{"@type":"ImageObject","inLanguage":"pl-PL","@id":"https:\/\/secure.gravatar.com\/avatar\/456bf795c7a47c9ac527a94da4bff150aa49e48726d69bee9937f8383cffa246?s=96&d=mm&r=g","url":"https:\/\/secure.gravatar.com\/avatar\/456bf795c7a47c9ac527a94da4bff150aa49e48726d69bee9937f8383cffa246?s=96&d=mm&r=g","contentUrl":"https:\/\/secure.gravatar.com\/avatar\/456bf795c7a47c9ac527a94da4bff150aa49e48726d69bee9937f8383cffa246?s=96&d=mm&r=g","caption":"World Vapers' Alliance"},"url":"https:\/\/worldvapersalliance.com\/pl\/author\/wva\/"}]}},"_links":{"self":[{"href":"https:\/\/worldvapersalliance.com\/pl\/wp-json\/wp\/v2\/posts\/5263","targetHints":{"allow":["GET"]}}],"collection":[{"href":"https:\/\/worldvapersalliance.com\/pl\/wp-json\/wp\/v2\/posts"}],"about":[{"href":"https:\/\/worldvapersalliance.com\/pl\/wp-json\/wp\/v2\/types\/post"}],"author":[{"embeddable":true,"href":"https:\/\/worldvapersalliance.com\/pl\/wp-json\/wp\/v2\/users\/11"}],"replies":[{"embeddable":true,"href":"https:\/\/worldvapersalliance.com\/pl\/wp-json\/wp\/v2\/comments?post=5263"}],"version-history":[{"count":0,"href":"https:\/\/worldvapersalliance.com\/pl\/wp-json\/wp\/v2\/posts\/5263\/revisions"}],"wp:featuredmedia":[{"embeddable":true,"href":"https:\/\/worldvapersalliance.com\/pl\/wp-json\/wp\/v2\/media\/3245"}],"wp:attachment":[{"href":"https:\/\/worldvapersalliance.com\/pl\/wp-json\/wp\/v2\/media?parent=5263"}],"wp:term":[{"taxonomy":"category","embeddable":true,"href":"https:\/\/worldvapersalliance.com\/pl\/wp-json\/wp\/v2\/categories?post=5263"},{"taxonomy":"post_tag","embeddable":true,"href":"https:\/\/worldvapersalliance.com\/pl\/wp-json\/wp\/v2\/tags?post=5263"}],"curies":[{"name":"wp","href":"https:\/\/api.w.org\/{rel}","templated":true}]}}