{"id":371,"date":"2021-11-02T14:36:14","date_gmt":"2021-11-02T18:36:14","guid":{"rendered":"https:\/\/cccwva.wpengine.com\/?p=371"},"modified":"2022-02-05T16:54:06","modified_gmt":"2022-02-05T21:54:06","slug":"ohms-do-vapor-joins-the-world-vapers-alliance","status":"publish","type":"post","link":"https:\/\/worldvapersalliance.com\/pl\/ohms-do-vapor-joins-the-world-vapers-alliance\/","title":{"rendered":"Ohms do Vapor do\u0142\u0105cza do \u015awiatowego Sojuszu Vaper\u00f3w"},"content":{"rendered":"<p class=\"has-text-align-left\"><strong>\u015awiatowy Sojusz Vaper\u00f3w z rado\u015bci\u0105 og\u0142asza nowe partnerstwo z\u00a0<a href=\"https:\/\/ohmsdovapor.pt\/\" target=\"_blank\" rel=\"noreferrer noopener nofollow\" data-wpel-link=\"external\">Ohmy paruj\u0105<\/a>, grupy promuj\u0105cej waporyzacj\u0119 z siedzib\u0105 w Portugalii.\u00a0<\/strong><\/p>\n<div class=\"wp-block-image\"><img fetchpriority=\"high\" decoding=\"async\" class=\"alignleft wp-image-372 size-medium\" src=\"https:\/\/worldvapersalliance.com\/wp-content\/uploads\/2022\/01\/unnamed-2-300x300.png\" alt=\"\" width=\"300\" height=\"300\" srcset=\"https:\/\/worldvapersalliance.com\/wp-content\/uploads\/2022\/01\/unnamed-2-300x300.png 300w, https:\/\/worldvapersalliance.com\/wp-content\/uploads\/2022\/01\/unnamed-2-100x100.png 100w, https:\/\/worldvapersalliance.com\/wp-content\/uploads\/2022\/01\/unnamed-2-150x150.png 150w, https:\/\/worldvapersalliance.com\/wp-content\/uploads\/2022\/01\/unnamed-2-12x12.png 12w, https:\/\/worldvapersalliance.com\/wp-content\/uploads\/2022\/01\/unnamed-2.png 512w\" sizes=\"(max-width: 300px) 100vw, 300px\" \/><\/div>\n<p>Ohms do Vapor to nieformalna grupa portugalskich vaper\u00f3w, niezale\u017cna od przemys\u0142u tytoniowego i farmaceutycznego. Grupa promuje wapowanie w\u015br\u00f3d doros\u0142ych by\u0142ych palaczy w spos\u00f3b odpowiedzialny i zr\u00f3wnowa\u017cony. Pomagaj\u0105 informowa\u0107 konsument\u00f3w i wyja\u015bniaj\u0105, jak alternatywne produkty, takie jak e-papierosy, mog\u0105 pom\u00f3c palaczom rzuci\u0107 palenie.<\/p>\n<p>Ohms do Vapor skomentowa\u0142: \u201c<em>Naszym has\u0142em jest \u2018Informacja chce by\u0107 wolna\u2019 \u2013 wolna od interes\u00f3w politycznych i finansowych oraz dost\u0119pna dla ka\u017cdego. Wierzymy, \u017ce to otwarte podej\u015bcie powinno znale\u017a\u0107 zastosowanie r\u00f3wnie\u017c w przypadku waporyzacji.<\/em>\u201d<\/p>\n<p>Zanim do\u0142\u0105czyli do WVA jako organizacja partnerska, wielu cz\u0142onk\u00f3w Ohms do Vapor uko\u0144czy\u0142o\u00a0<a href=\"https:\/\/worldvapersalliance.com\/pl\/academy\/\" data-wpel-link=\"internal\">Akademia WVA<\/a>, uruchomiony wiosn\u0105 2020 r.<\/p>\n<p><em>\u201cWa\u017cne jest podkre\u015blenie roli, jak\u0105 Akademia WVA odegra\u0142a w naszej decyzji, zach\u0119caj\u0105c do aktywizmu, omawiaj\u0105c globalne problemy zwi\u0105zane z wapowaniem i wyja\u015bniaj\u0105c procesy legislacyjne i polityczne, kt\u00f3re b\u0119d\u0105 decydowa\u0107 o przysz\u0142o\u015bci wapowania na ca\u0142ym \u015bwiecie.<\/em><\/p>\n<p><em>Dzi\u0119ki naszym umiej\u0119tno\u015bciom i partnerstwu z WVA mo\u017cemy zapewni\u0107 wi\u0119cej i lepszych informacji, co, mamy nadziej\u0119, rozbudzi tego samego ducha or\u0119downictwa w\u015br\u00f3d naszych zwolennik\u00f3w i innych vaper\u00f3w<\/em>.\u201d<\/p>\n<p>\u015awiatowy Sojusz Vaper\u00f3w z rado\u015bci\u0105 wita Ohms do Vapor na pok\u0142adzie. Nie mo\u017cemy si\u0119 doczeka\u0107 wsp\u00f3lnej obrony waporyzacji!<\/p>\n<p><strong>Dowiedz si\u0119 wi\u0119cej o Ohms do Vapor:<\/strong><\/p>\n<p>Strona internetowa -\u00a0<a href=\"https:\/\/ohmsdovapor.pt\/\" target=\"_blank\" rel=\"nofollow noopener noreferrer\" data-wpel-link=\"external\">https:\/\/ohmsdovapor.pt<\/a><\/p>\n<p>Facebook \u2013\u00a0<a href=\"https:\/\/facebook.com\/ohmsdovapor\" target=\"_blank\" rel=\"nofollow noopener noreferrer\" data-wpel-link=\"external\">https:\/\/facebook.com\/ohmsdovapor<\/a><\/p>\n<p>Instagram \u2013\u00a0<a href=\"https:\/\/instagram.com\/ohmsdovapor\" target=\"_blank\" rel=\"nofollow noopener noreferrer\" data-wpel-link=\"external\">https:\/\/instagram.com\/ohmsdovapor<\/a>z<\/p>\n<p>Youtube \u2013\u00a0<a href=\"https:\/\/youtube.com\/ohmsdovapor\" target=\"_blank\" rel=\"nofollow noopener noreferrer\" data-wpel-link=\"external\">https:\/\/youtube.com\/ohmsdovapor<\/a><\/p>\n<p>Twitter \u2013\u00a0<a href=\"https:\/\/twitter.com\/ohmsdovapor\" target=\"_blank\" rel=\"nofollow noopener noreferrer\" data-wpel-link=\"external\">https:\/\/twitter.com\/ohmsdovapor<\/a><\/p>\n<p>Niezgoda:<a href=\"https:\/\/discord.ohmsdovapor.pt\/\" target=\"_blank\" rel=\"nofollow noopener noreferrer\" data-wpel-link=\"external\">\u00a0https:\/\/discord.ohmsdovapor.pt\/<\/a><\/p>","protected":false},"excerpt":{"rendered":"<p>The World Vapers\u2019 Alliance is delighted to announce its new partnership with\u00a0Ohms do Vapor, a vaping advocacy group based in Portugal.\u00a0 Ohms do Vapor is an informal group of Portuguese vapers, independent from the tobacco or pharmaceutical industry. The group advocates vaping for adult former smokers in a responsible and sustainable way. They help inform [&hellip;]<\/p>\n","protected":false},"author":4,"featured_media":626,"comment_status":"open","ping_status":"open","sticky":false,"template":"","format":"standard","meta":{"footnotes":""},"categories":[17],"tags":[],"class_list":["post-371","post","type-post","status-publish","format-standard","has-post-thumbnail","hentry","category-blog"],"yoast_head":"<!-- This site is optimized with the Yoast SEO plugin v28.4 - https:\/\/yoast.com\/product\/yoast-seo-wordpress\/ -->\n<title>Ohms do Vapor joins the World Vapers\u2019 Alliance - World Vapers&#039; Alliance<\/title>\n<meta name=\"robots\" content=\"index, follow, max-snippet:-1, max-image-preview:large, max-video-preview:-1\" \/>\n<link rel=\"canonical\" href=\"https:\/\/worldvapersalliance.com\/pl\/ohms-do-vapor-joins-the-world-vapers-alliance\/\" \/>\n<meta property=\"og:locale\" content=\"pl_PL\" \/>\n<meta property=\"og:type\" content=\"article\" \/>\n<meta property=\"og:title\" content=\"Ohms do Vapor joins the World Vapers\u2019 Alliance - World Vapers&#039; Alliance\" \/>\n<meta property=\"og:description\" content=\"The World Vapers\u2019 Alliance is delighted to announce its new partnership with\u00a0Ohms do Vapor, a vaping advocacy group based in Portugal.\u00a0 Ohms do Vapor is an informal group of Portuguese vapers, independent from the tobacco or pharmaceutical industry. The group advocates vaping for adult former smokers in a responsible and sustainable way. They help inform [&hellip;]\" \/>\n<meta property=\"og:url\" content=\"https:\/\/worldvapersalliance.com\/pl\/ohms-do-vapor-joins-the-world-vapers-alliance\/\" \/>\n<meta property=\"og:site_name\" content=\"World Vapers&#039; Alliance\" \/>\n<meta property=\"article:published_time\" content=\"2021-11-02T18:36:14+00:00\" \/>\n<meta property=\"article:modified_time\" content=\"2022-02-05T21:54:06+00:00\" \/>\n<meta property=\"og:image\" content=\"https:\/\/worldvapersalliance.com\/wp-content\/uploads\/2021\/11\/ohms-do-vapor-joins-wva.png\" \/>\n\t<meta property=\"og:image:width\" content=\"1000\" \/>\n\t<meta property=\"og:image:height\" content=\"500\" \/>\n\t<meta property=\"og:image:type\" content=\"image\/png\" \/>\n<meta name=\"author\" content=\"Michael Landl\" \/>\n<meta name=\"twitter:card\" content=\"summary_large_image\" \/>\n<meta name=\"twitter:label1\" content=\"Napisane przez\" \/>\n\t<meta name=\"twitter:data1\" content=\"Michael Landl\" \/>\n\t<meta name=\"twitter:label2\" content=\"Szacowany czas czytania\" \/>\n\t<meta name=\"twitter:data2\" content=\"1 minuta\" \/>\n<script type=\"application\/ld+json\" class=\"yoast-schema-graph\">{\"@context\":\"https:\\\/\\\/schema.org\",\"@graph\":[{\"@type\":\"Article\",\"@id\":\"https:\\\/\\\/worldvapersalliance.com\\\/ohms-do-vapor-joins-the-world-vapers-alliance\\\/#article\",\"isPartOf\":{\"@id\":\"https:\\\/\\\/worldvapersalliance.com\\\/ohms-do-vapor-joins-the-world-vapers-alliance\\\/\"},\"author\":{\"name\":\"Michael Landl\",\"@id\":\"https:\\\/\\\/worldvapersalliance.com\\\/#\\\/schema\\\/person\\\/05f663571d787d89a2d5c77c482a6583\"},\"headline\":\"Ohms do Vapor joins the World Vapers\u2019 Alliance\",\"datePublished\":\"2021-11-02T18:36:14+00:00\",\"dateModified\":\"2022-02-05T21:54:06+00:00\",\"mainEntityOfPage\":{\"@id\":\"https:\\\/\\\/worldvapersalliance.com\\\/ohms-do-vapor-joins-the-world-vapers-alliance\\\/\"},\"wordCount\":254,\"commentCount\":0,\"publisher\":{\"@id\":\"https:\\\/\\\/worldvapersalliance.com\\\/#organization\"},\"image\":{\"@id\":\"https:\\\/\\\/worldvapersalliance.com\\\/ohms-do-vapor-joins-the-world-vapers-alliance\\\/#primaryimage\"},\"thumbnailUrl\":\"https:\\\/\\\/worldvapersalliance.com\\\/wp-content\\\/uploads\\\/2021\\\/11\\\/ohms-do-vapor-joins-wva.png\",\"articleSection\":[\"Blog\"],\"inLanguage\":\"pl-PL\",\"potentialAction\":[{\"@type\":\"CommentAction\",\"name\":\"Comment\",\"target\":[\"https:\\\/\\\/worldvapersalliance.com\\\/ohms-do-vapor-joins-the-world-vapers-alliance\\\/#respond\"]}]},{\"@type\":\"WebPage\",\"@id\":\"https:\\\/\\\/worldvapersalliance.com\\\/ohms-do-vapor-joins-the-world-vapers-alliance\\\/\",\"url\":\"https:\\\/\\\/worldvapersalliance.com\\\/ohms-do-vapor-joins-the-world-vapers-alliance\\\/\",\"name\":\"Ohms do Vapor joins the World Vapers\u2019 Alliance - World Vapers&#039; Alliance\",\"isPartOf\":{\"@id\":\"https:\\\/\\\/worldvapersalliance.com\\\/#website\"},\"primaryImageOfPage\":{\"@id\":\"https:\\\/\\\/worldvapersalliance.com\\\/ohms-do-vapor-joins-the-world-vapers-alliance\\\/#primaryimage\"},\"image\":{\"@id\":\"https:\\\/\\\/worldvapersalliance.com\\\/ohms-do-vapor-joins-the-world-vapers-alliance\\\/#primaryimage\"},\"thumbnailUrl\":\"https:\\\/\\\/worldvapersalliance.com\\\/wp-content\\\/uploads\\\/2021\\\/11\\\/ohms-do-vapor-joins-wva.png\",\"datePublished\":\"2021-11-02T18:36:14+00:00\",\"dateModified\":\"2022-02-05T21:54:06+00:00\",\"inLanguage\":\"pl-PL\",\"potentialAction\":[{\"@type\":\"ReadAction\",\"target\":[\"https:\\\/\\\/worldvapersalliance.com\\\/ohms-do-vapor-joins-the-world-vapers-alliance\\\/\"]}]},{\"@type\":\"ImageObject\",\"inLanguage\":\"pl-PL\",\"@id\":\"https:\\\/\\\/worldvapersalliance.com\\\/ohms-do-vapor-joins-the-world-vapers-alliance\\\/#primaryimage\",\"url\":\"https:\\\/\\\/worldvapersalliance.com\\\/wp-content\\\/uploads\\\/2021\\\/11\\\/ohms-do-vapor-joins-wva.png\",\"contentUrl\":\"https:\\\/\\\/worldvapersalliance.com\\\/wp-content\\\/uploads\\\/2021\\\/11\\\/ohms-do-vapor-joins-wva.png\",\"width\":1000,\"height\":500},{\"@type\":\"WebSite\",\"@id\":\"https:\\\/\\\/worldvapersalliance.com\\\/#website\",\"url\":\"https:\\\/\\\/worldvapersalliance.com\\\/\",\"name\":\"World Vapers&#039; Alliance\",\"description\":\"The largest community of vapers\",\"publisher\":{\"@id\":\"https:\\\/\\\/worldvapersalliance.com\\\/#organization\"},\"potentialAction\":[{\"@type\":\"SearchAction\",\"target\":{\"@type\":\"EntryPoint\",\"urlTemplate\":\"https:\\\/\\\/worldvapersalliance.com\\\/?s={search_term_string}\"},\"query-input\":{\"@type\":\"PropertyValueSpecification\",\"valueRequired\":true,\"valueName\":\"search_term_string\"}}],\"inLanguage\":\"pl-PL\"},{\"@type\":\"Organization\",\"@id\":\"https:\\\/\\\/worldvapersalliance.com\\\/#organization\",\"name\":\"World Vapers&#039; Alliance\",\"url\":\"https:\\\/\\\/worldvapersalliance.com\\\/\",\"logo\":{\"@type\":\"ImageObject\",\"inLanguage\":\"pl-PL\",\"@id\":\"https:\\\/\\\/worldvapersalliance.com\\\/#\\\/schema\\\/logo\\\/image\\\/\",\"url\":\"https:\\\/\\\/worldvapersalliance.com\\\/wp-content\\\/uploads\\\/2022\\\/01\\\/WVA_RB_Fist_G.png\",\"contentUrl\":\"https:\\\/\\\/worldvapersalliance.com\\\/wp-content\\\/uploads\\\/2022\\\/01\\\/WVA_RB_Fist_G.png\",\"width\":985,\"height\":1177,\"caption\":\"World Vapers&#039; Alliance\"},\"image\":{\"@id\":\"https:\\\/\\\/worldvapersalliance.com\\\/#\\\/schema\\\/logo\\\/image\\\/\"}},{\"@type\":\"Person\",\"@id\":\"https:\\\/\\\/worldvapersalliance.com\\\/#\\\/schema\\\/person\\\/05f663571d787d89a2d5c77c482a6583\",\"name\":\"Michael Landl\",\"image\":{\"@type\":\"ImageObject\",\"inLanguage\":\"pl-PL\",\"@id\":\"https:\\\/\\\/secure.gravatar.com\\\/avatar\\\/1537a11db5ae7fef0631b6c662f439d8a632c50630c980828d0e2c4de581568b?s=96&d=mm&r=g\",\"url\":\"https:\\\/\\\/secure.gravatar.com\\\/avatar\\\/1537a11db5ae7fef0631b6c662f439d8a632c50630c980828d0e2c4de581568b?s=96&d=mm&r=g\",\"contentUrl\":\"https:\\\/\\\/secure.gravatar.com\\\/avatar\\\/1537a11db5ae7fef0631b6c662f439d8a632c50630c980828d0e2c4de581568b?s=96&d=mm&r=g\",\"caption\":\"Michael Landl\"},\"url\":\"https:\\\/\\\/worldvapersalliance.com\\\/pl\\\/author\\\/michael\\\/\"}]}<\/script>\n<!-- \/ Yoast SEO plugin. -->","yoast_head_json":{"title":"Ohms do Vapor do\u0142\u0105cza do World Vapers&#039; Alliance - World Vapers&#039; Alliance","robots":{"index":"index","follow":"follow","max-snippet":"max-snippet:-1","max-image-preview":"max-image-preview:large","max-video-preview":"max-video-preview:-1"},"canonical":"https:\/\/worldvapersalliance.com\/pl\/ohms-do-vapor-joins-the-world-vapers-alliance\/","og_locale":"pl_PL","og_type":"article","og_title":"Ohms do Vapor joins the World Vapers\u2019 Alliance - World Vapers&#039; Alliance","og_description":"The World Vapers\u2019 Alliance is delighted to announce its new partnership with\u00a0Ohms do Vapor, a vaping advocacy group based in Portugal.\u00a0 Ohms do Vapor is an informal group of Portuguese vapers, independent from the tobacco or pharmaceutical industry. The group advocates vaping for adult former smokers in a responsible and sustainable way. They help inform [&hellip;]","og_url":"https:\/\/worldvapersalliance.com\/pl\/ohms-do-vapor-joins-the-world-vapers-alliance\/","og_site_name":"World Vapers&#039; Alliance","article_published_time":"2021-11-02T18:36:14+00:00","article_modified_time":"2022-02-05T21:54:06+00:00","og_image":[{"width":1000,"height":500,"url":"https:\/\/worldvapersalliance.com\/wp-content\/uploads\/2021\/11\/ohms-do-vapor-joins-wva.png","type":"image\/png"}],"author":"Michael Landl","twitter_card":"summary_large_image","twitter_misc":{"Napisane przez":"Michael Landl","Szacowany czas czytania":"1 minuta"},"schema":{"@context":"https:\/\/schema.org","@graph":[{"@type":"Article","@id":"https:\/\/worldvapersalliance.com\/ohms-do-vapor-joins-the-world-vapers-alliance\/#article","isPartOf":{"@id":"https:\/\/worldvapersalliance.com\/ohms-do-vapor-joins-the-world-vapers-alliance\/"},"author":{"name":"Michael Landl","@id":"https:\/\/worldvapersalliance.com\/#\/schema\/person\/05f663571d787d89a2d5c77c482a6583"},"headline":"Ohms do Vapor joins the World Vapers\u2019 Alliance","datePublished":"2021-11-02T18:36:14+00:00","dateModified":"2022-02-05T21:54:06+00:00","mainEntityOfPage":{"@id":"https:\/\/worldvapersalliance.com\/ohms-do-vapor-joins-the-world-vapers-alliance\/"},"wordCount":254,"commentCount":0,"publisher":{"@id":"https:\/\/worldvapersalliance.com\/#organization"},"image":{"@id":"https:\/\/worldvapersalliance.com\/ohms-do-vapor-joins-the-world-vapers-alliance\/#primaryimage"},"thumbnailUrl":"https:\/\/worldvapersalliance.com\/wp-content\/uploads\/2021\/11\/ohms-do-vapor-joins-wva.png","articleSection":["Blog"],"inLanguage":"pl-PL","potentialAction":[{"@type":"CommentAction","name":"Comment","target":["https:\/\/worldvapersalliance.com\/ohms-do-vapor-joins-the-world-vapers-alliance\/#respond"]}]},{"@type":"WebPage","@id":"https:\/\/worldvapersalliance.com\/ohms-do-vapor-joins-the-world-vapers-alliance\/","url":"https:\/\/worldvapersalliance.com\/ohms-do-vapor-joins-the-world-vapers-alliance\/","name":"Ohms do Vapor do\u0142\u0105cza do World Vapers&#039; Alliance - World Vapers&#039; Alliance","isPartOf":{"@id":"https:\/\/worldvapersalliance.com\/#website"},"primaryImageOfPage":{"@id":"https:\/\/worldvapersalliance.com\/ohms-do-vapor-joins-the-world-vapers-alliance\/#primaryimage"},"image":{"@id":"https:\/\/worldvapersalliance.com\/ohms-do-vapor-joins-the-world-vapers-alliance\/#primaryimage"},"thumbnailUrl":"https:\/\/worldvapersalliance.com\/wp-content\/uploads\/2021\/11\/ohms-do-vapor-joins-wva.png","datePublished":"2021-11-02T18:36:14+00:00","dateModified":"2022-02-05T21:54:06+00:00","inLanguage":"pl-PL","potentialAction":[{"@type":"ReadAction","target":["https:\/\/worldvapersalliance.com\/ohms-do-vapor-joins-the-world-vapers-alliance\/"]}]},{"@type":"ImageObject","inLanguage":"pl-PL","@id":"https:\/\/worldvapersalliance.com\/ohms-do-vapor-joins-the-world-vapers-alliance\/#primaryimage","url":"https:\/\/worldvapersalliance.com\/wp-content\/uploads\/2021\/11\/ohms-do-vapor-joins-wva.png","contentUrl":"https:\/\/worldvapersalliance.com\/wp-content\/uploads\/2021\/11\/ohms-do-vapor-joins-wva.png","width":1000,"height":500},{"@type":"WebSite","@id":"https:\/\/worldvapersalliance.com\/#website","url":"https:\/\/worldvapersalliance.com\/","name":"\u015awiatowy Sojusz Vaper\u00f3w","description":"Najwi\u0119ksza spo\u0142eczno\u015b\u0107 vaper\u00f3w","publisher":{"@id":"https:\/\/worldvapersalliance.com\/#organization"},"potentialAction":[{"@type":"SearchAction","target":{"@type":"EntryPoint","urlTemplate":"https:\/\/worldvapersalliance.com\/?s={search_term_string}"},"query-input":{"@type":"PropertyValueSpecification","valueRequired":true,"valueName":"search_term_string"}}],"inLanguage":"pl-PL"},{"@type":"Organization","@id":"https:\/\/worldvapersalliance.com\/#organization","name":"\u015awiatowy Sojusz Vaper\u00f3w","url":"https:\/\/worldvapersalliance.com\/","logo":{"@type":"ImageObject","inLanguage":"pl-PL","@id":"https:\/\/worldvapersalliance.com\/#\/schema\/logo\/image\/","url":"https:\/\/worldvapersalliance.com\/wp-content\/uploads\/2022\/01\/WVA_RB_Fist_G.png","contentUrl":"https:\/\/worldvapersalliance.com\/wp-content\/uploads\/2022\/01\/WVA_RB_Fist_G.png","width":985,"height":1177,"caption":"World Vapers&#039; Alliance"},"image":{"@id":"https:\/\/worldvapersalliance.com\/#\/schema\/logo\/image\/"}},{"@type":"Person","@id":"https:\/\/worldvapersalliance.com\/#\/schema\/person\/05f663571d787d89a2d5c77c482a6583","name":"Micha\u0142 Landl","image":{"@type":"ImageObject","inLanguage":"pl-PL","@id":"https:\/\/secure.gravatar.com\/avatar\/1537a11db5ae7fef0631b6c662f439d8a632c50630c980828d0e2c4de581568b?s=96&d=mm&r=g","url":"https:\/\/secure.gravatar.com\/avatar\/1537a11db5ae7fef0631b6c662f439d8a632c50630c980828d0e2c4de581568b?s=96&d=mm&r=g","contentUrl":"https:\/\/secure.gravatar.com\/avatar\/1537a11db5ae7fef0631b6c662f439d8a632c50630c980828d0e2c4de581568b?s=96&d=mm&r=g","caption":"Michael Landl"},"url":"https:\/\/worldvapersalliance.com\/pl\/author\/michael\/"}]}},"_links":{"self":[{"href":"https:\/\/worldvapersalliance.com\/pl\/wp-json\/wp\/v2\/posts\/371","targetHints":{"allow":["GET"]}}],"collection":[{"href":"https:\/\/worldvapersalliance.com\/pl\/wp-json\/wp\/v2\/posts"}],"about":[{"href":"https:\/\/worldvapersalliance.com\/pl\/wp-json\/wp\/v2\/types\/post"}],"author":[{"embeddable":true,"href":"https:\/\/worldvapersalliance.com\/pl\/wp-json\/wp\/v2\/users\/4"}],"replies":[{"embeddable":true,"href":"https:\/\/worldvapersalliance.com\/pl\/wp-json\/wp\/v2\/comments?post=371"}],"version-history":[{"count":0,"href":"https:\/\/worldvapersalliance.com\/pl\/wp-json\/wp\/v2\/posts\/371\/revisions"}],"wp:featuredmedia":[{"embeddable":true,"href":"https:\/\/worldvapersalliance.com\/pl\/wp-json\/wp\/v2\/media\/626"}],"wp:attachment":[{"href":"https:\/\/worldvapersalliance.com\/pl\/wp-json\/wp\/v2\/media?parent=371"}],"wp:term":[{"taxonomy":"category","embeddable":true,"href":"https:\/\/worldvapersalliance.com\/pl\/wp-json\/wp\/v2\/categories?post=371"},{"taxonomy":"post_tag","embeddable":true,"href":"https:\/\/worldvapersalliance.com\/pl\/wp-json\/wp\/v2\/tags?post=371"}],"curies":[{"name":"wp","href":"https:\/\/api.w.org\/{rel}","templated":true}]}}