{"id":1581,"date":"2022-07-08T08:56:26","date_gmt":"2022-07-08T12:56:26","guid":{"rendered":"https:\/\/worldvapersalliance.com\/?p=1581"},"modified":"2022-07-08T08:56:26","modified_gmt":"2022-07-08T12:56:26","slug":"flavoured-vapes-face-ban-in-europe-as-part-of-new-plans-to-tackle-cancer","status":"publish","type":"post","link":"https:\/\/worldvapersalliance.com\/pl\/flavoured-vapes-face-ban-in-europe-as-part-of-new-plans-to-tackle-cancer\/","title":{"rendered":"Aromatyczne e-papierosy stan\u0105 przed zakazem w Europie w ramach nowych plan\u00f3w walki z rakiem"},"content":{"rendered":"<h5><strong>Komisja Europejska zaproponowa\u0142a zakaz stosowania aromatyzowanych papieros\u00f3w elektronicznych w ramach planu maj\u0105cego na celu walk\u0119 z rakiem.<\/strong><\/h5>\n<div class=\"css-c2lb2p\">\n<p>W\u0142adza wykonawcza Unii Europejskiej og\u0142osi\u0142a t\u0119 propozycj\u0119 w o\u015bwiadczeniu wydanym w \u015brod\u0119 (29 czerwca), wyja\u015bniaj\u0105c, \u017ce jest ona nast\u0119pstwem znacznego wzrostu sprzeda\u017cy aromatyzowanych e-papieros\u00f3w w 27 krajach <a href=\"https:\/\/www.unilad.com\/world-news\" target=\"_blank\" rel=\"noopener\">narody<\/a>.<\/p>\n<\/div>\n<div class=\"css-12zje5r\">\n<p>Badanie zlecone przez UE ujawni\u0142o 10-procentowy wzrost sprzeda\u017cy tytoniu w ponad pi\u0119ciu pa\u0144stwach cz\u0142onkowskich oraz w ca\u0142ej UE, przy czym sprzeda\u017c podgrzewanego tytoniu przekroczy\u0142a 2,5 procent ca\u0142kowitej sprzeda\u017cy wyrob\u00f3w tytoniowych.<\/p>\n<div class=\"css-c2lb2p\">\n<p>Stella Kyriakides, Komisarz ds. <a href=\"https:\/\/www.unilad.com\/health\" target=\"_blank\" rel=\"noopener\">Zdrowie<\/a> i Bezpiecze\u0144stwa \u017bywno\u015bci, <a href=\"https:\/\/health.ec.europa.eu\/latest-updates\/europes-beating-cancer-plan-commission-proposes-prohibit-flavoured-heated-tobacco-products-2022-06-29_en\" target=\"_blank\" rel=\"noopener\">wyja\u015bnione<\/a> \u017ce wycofuj\u0105c z rynku aromatyzowane e-papierosy, UE \u2018podejmuje kolejny krok w kierunku realizacji naszej wizji w ramach europejskiego planu walki z rakiem, maj\u0105cej na celu stworzenie \u201cpokolenia wolnego od tytoniu\u201d\u2018.<\/p>\n<\/div>\n<div class=\"css-12zje5r\">\n<p>Plan zak\u0142ada, \u017ce do 2040 roku odsetek os\u00f3b pal\u0105cych tyto\u0144 spadnie do mniej ni\u017c 5 procent.<\/p>\n<p>&nbsp;<\/p>\n<\/div>\n<p>Przeczytaj tekst <a href=\"https:\/\/www.unilad.com\/news\/flavoured-vapes-face-ban-in-europe-part-of-new-plans-to-tackle-cancer-20220629\">Tutaj<\/a><\/p>\n<\/div>","protected":false},"excerpt":{"rendered":"<p>The European Commission has proposed a ban on flavoured vapes as part of a plan to help fight cancer. The European Union\u2019s executive branch announced the proposal in a statement on Wednesday (29 June) explaining it comes following a significant increase in the volume of flavoured vapes being sold across its 27 nations. A study [&hellip;]<\/p>\n","protected":false},"author":11,"featured_media":6394,"comment_status":"open","ping_status":"open","sticky":false,"template":"","format":"standard","meta":{"footnotes":""},"categories":[15],"tags":[],"class_list":["post-1581","post","type-post","status-publish","format-standard","has-post-thumbnail","hentry","category-wva-in-the-news"],"yoast_head":"<!-- This site is optimized with the Yoast SEO plugin v27.3 - https:\/\/yoast.com\/product\/yoast-seo-wordpress\/ -->\n<title>Flavoured Vapes Face Ban In Europe As Part Of New Plans To Tackle Cancer - World Vapers&#039; Alliance<\/title>\n<meta name=\"robots\" content=\"index, follow, max-snippet:-1, max-image-preview:large, max-video-preview:-1\" \/>\n<link rel=\"canonical\" href=\"https:\/\/worldvapersalliance.com\/pl\/flavoured-vapes-face-ban-in-europe-as-part-of-new-plans-to-tackle-cancer\/\" \/>\n<meta property=\"og:locale\" content=\"pl_PL\" \/>\n<meta property=\"og:type\" content=\"article\" \/>\n<meta property=\"og:title\" content=\"Flavoured Vapes Face Ban In Europe As Part Of New Plans To Tackle Cancer - World Vapers&#039; Alliance\" \/>\n<meta property=\"og:description\" content=\"The European Commission has proposed a ban on flavoured vapes as part of a plan to help fight cancer. The European Union\u2019s executive branch announced the proposal in a statement on Wednesday (29 June) explaining it comes following a significant increase in the volume of flavoured vapes being sold across its 27 nations. A study [&hellip;]\" \/>\n<meta property=\"og:url\" content=\"https:\/\/worldvapersalliance.com\/pl\/flavoured-vapes-face-ban-in-europe-as-part-of-new-plans-to-tackle-cancer\/\" \/>\n<meta property=\"og:site_name\" content=\"World Vapers&#039; Alliance\" \/>\n<meta property=\"article:published_time\" content=\"2022-07-08T12:56:26+00:00\" \/>\n<meta property=\"og:image\" content=\"https:\/\/worldvapersalliance.com\/wp-content\/uploads\/2022\/03\/World_Vapers_Alliance_Logo_White_Stripes.png\" \/>\n\t<meta property=\"og:image:width\" content=\"2081\" \/>\n\t<meta property=\"og:image:height\" content=\"1920\" \/>\n\t<meta property=\"og:image:type\" content=\"image\/png\" \/>\n<meta name=\"author\" content=\"World Vapers&#039; Alliance\" \/>\n<meta name=\"twitter:card\" content=\"summary_large_image\" \/>\n<meta name=\"twitter:label1\" content=\"Napisane przez\" \/>\n\t<meta name=\"twitter:data1\" content=\"World Vapers&#039; Alliance\" \/>\n\t<meta name=\"twitter:label2\" content=\"Szacowany czas czytania\" \/>\n\t<meta name=\"twitter:data2\" content=\"1 minuta\" \/>\n<script type=\"application\/ld+json\" class=\"yoast-schema-graph\">{\"@context\":\"https:\\\/\\\/schema.org\",\"@graph\":[{\"@type\":\"Article\",\"@id\":\"https:\\\/\\\/worldvapersalliance.com\\\/flavoured-vapes-face-ban-in-europe-as-part-of-new-plans-to-tackle-cancer\\\/#article\",\"isPartOf\":{\"@id\":\"https:\\\/\\\/worldvapersalliance.com\\\/flavoured-vapes-face-ban-in-europe-as-part-of-new-plans-to-tackle-cancer\\\/\"},\"author\":{\"name\":\"World Vapers' Alliance\",\"@id\":\"https:\\\/\\\/worldvapersalliance.com\\\/#\\\/schema\\\/person\\\/18484a6f20bcc6f70a2419c8babe017d\"},\"headline\":\"Flavoured Vapes Face Ban In Europe As Part Of New Plans To Tackle Cancer\",\"datePublished\":\"2022-07-08T12:56:26+00:00\",\"mainEntityOfPage\":{\"@id\":\"https:\\\/\\\/worldvapersalliance.com\\\/flavoured-vapes-face-ban-in-europe-as-part-of-new-plans-to-tackle-cancer\\\/\"},\"wordCount\":165,\"commentCount\":0,\"publisher\":{\"@id\":\"https:\\\/\\\/worldvapersalliance.com\\\/#organization\"},\"image\":{\"@id\":\"https:\\\/\\\/worldvapersalliance.com\\\/flavoured-vapes-face-ban-in-europe-as-part-of-new-plans-to-tackle-cancer\\\/#primaryimage\"},\"thumbnailUrl\":\"https:\\\/\\\/worldvapersalliance.com\\\/wp-content\\\/uploads\\\/2025\\\/08\\\/WVA-in-the-news.png\",\"articleSection\":[\"WVA in the News\"],\"inLanguage\":\"pl-PL\",\"potentialAction\":[{\"@type\":\"CommentAction\",\"name\":\"Comment\",\"target\":[\"https:\\\/\\\/worldvapersalliance.com\\\/flavoured-vapes-face-ban-in-europe-as-part-of-new-plans-to-tackle-cancer\\\/#respond\"]}]},{\"@type\":\"WebPage\",\"@id\":\"https:\\\/\\\/worldvapersalliance.com\\\/flavoured-vapes-face-ban-in-europe-as-part-of-new-plans-to-tackle-cancer\\\/\",\"url\":\"https:\\\/\\\/worldvapersalliance.com\\\/flavoured-vapes-face-ban-in-europe-as-part-of-new-plans-to-tackle-cancer\\\/\",\"name\":\"Flavoured Vapes Face Ban In Europe As Part Of New Plans To Tackle Cancer - World Vapers&#039; Alliance\",\"isPartOf\":{\"@id\":\"https:\\\/\\\/worldvapersalliance.com\\\/#website\"},\"primaryImageOfPage\":{\"@id\":\"https:\\\/\\\/worldvapersalliance.com\\\/flavoured-vapes-face-ban-in-europe-as-part-of-new-plans-to-tackle-cancer\\\/#primaryimage\"},\"image\":{\"@id\":\"https:\\\/\\\/worldvapersalliance.com\\\/flavoured-vapes-face-ban-in-europe-as-part-of-new-plans-to-tackle-cancer\\\/#primaryimage\"},\"thumbnailUrl\":\"https:\\\/\\\/worldvapersalliance.com\\\/wp-content\\\/uploads\\\/2025\\\/08\\\/WVA-in-the-news.png\",\"datePublished\":\"2022-07-08T12:56:26+00:00\",\"inLanguage\":\"pl-PL\",\"potentialAction\":[{\"@type\":\"ReadAction\",\"target\":[\"https:\\\/\\\/worldvapersalliance.com\\\/flavoured-vapes-face-ban-in-europe-as-part-of-new-plans-to-tackle-cancer\\\/\"]}]},{\"@type\":\"ImageObject\",\"inLanguage\":\"pl-PL\",\"@id\":\"https:\\\/\\\/worldvapersalliance.com\\\/flavoured-vapes-face-ban-in-europe-as-part-of-new-plans-to-tackle-cancer\\\/#primaryimage\",\"url\":\"https:\\\/\\\/worldvapersalliance.com\\\/wp-content\\\/uploads\\\/2025\\\/08\\\/WVA-in-the-news.png\",\"contentUrl\":\"https:\\\/\\\/worldvapersalliance.com\\\/wp-content\\\/uploads\\\/2025\\\/08\\\/WVA-in-the-news.png\",\"width\":1264,\"height\":848},{\"@type\":\"WebSite\",\"@id\":\"https:\\\/\\\/worldvapersalliance.com\\\/#website\",\"url\":\"https:\\\/\\\/worldvapersalliance.com\\\/\",\"name\":\"World Vapers&#039; Alliance\",\"description\":\"The largest community of vapers\",\"publisher\":{\"@id\":\"https:\\\/\\\/worldvapersalliance.com\\\/#organization\"},\"potentialAction\":[{\"@type\":\"SearchAction\",\"target\":{\"@type\":\"EntryPoint\",\"urlTemplate\":\"https:\\\/\\\/worldvapersalliance.com\\\/?s={search_term_string}\"},\"query-input\":{\"@type\":\"PropertyValueSpecification\",\"valueRequired\":true,\"valueName\":\"search_term_string\"}}],\"inLanguage\":\"pl-PL\"},{\"@type\":\"Organization\",\"@id\":\"https:\\\/\\\/worldvapersalliance.com\\\/#organization\",\"name\":\"World Vapers&#039; Alliance\",\"url\":\"https:\\\/\\\/worldvapersalliance.com\\\/\",\"logo\":{\"@type\":\"ImageObject\",\"inLanguage\":\"pl-PL\",\"@id\":\"https:\\\/\\\/worldvapersalliance.com\\\/#\\\/schema\\\/logo\\\/image\\\/\",\"url\":\"https:\\\/\\\/worldvapersalliance.com\\\/wp-content\\\/uploads\\\/2022\\\/01\\\/WVA_RB_Fist_G.png\",\"contentUrl\":\"https:\\\/\\\/worldvapersalliance.com\\\/wp-content\\\/uploads\\\/2022\\\/01\\\/WVA_RB_Fist_G.png\",\"width\":985,\"height\":1177,\"caption\":\"World Vapers&#039; Alliance\"},\"image\":{\"@id\":\"https:\\\/\\\/worldvapersalliance.com\\\/#\\\/schema\\\/logo\\\/image\\\/\"}},{\"@type\":\"Person\",\"@id\":\"https:\\\/\\\/worldvapersalliance.com\\\/#\\\/schema\\\/person\\\/18484a6f20bcc6f70a2419c8babe017d\",\"name\":\"World Vapers' Alliance\",\"image\":{\"@type\":\"ImageObject\",\"inLanguage\":\"pl-PL\",\"@id\":\"https:\\\/\\\/secure.gravatar.com\\\/avatar\\\/456bf795c7a47c9ac527a94da4bff150aa49e48726d69bee9937f8383cffa246?s=96&d=mm&r=g\",\"url\":\"https:\\\/\\\/secure.gravatar.com\\\/avatar\\\/456bf795c7a47c9ac527a94da4bff150aa49e48726d69bee9937f8383cffa246?s=96&d=mm&r=g\",\"contentUrl\":\"https:\\\/\\\/secure.gravatar.com\\\/avatar\\\/456bf795c7a47c9ac527a94da4bff150aa49e48726d69bee9937f8383cffa246?s=96&d=mm&r=g\",\"caption\":\"World Vapers' Alliance\"},\"url\":\"https:\\\/\\\/worldvapersalliance.com\\\/pl\\\/author\\\/wva\\\/\"}]}<\/script>\n<!-- \/ Yoast SEO plugin. -->","yoast_head_json":{"title":"Aromatyczne e-papierosy stan\u0105 przed zakazem w Europie w ramach nowych plan\u00f3w walki z rakiem - World Vapers&#039; Alliance","robots":{"index":"index","follow":"follow","max-snippet":"max-snippet:-1","max-image-preview":"max-image-preview:large","max-video-preview":"max-video-preview:-1"},"canonical":"https:\/\/worldvapersalliance.com\/pl\/flavoured-vapes-face-ban-in-europe-as-part-of-new-plans-to-tackle-cancer\/","og_locale":"pl_PL","og_type":"article","og_title":"Flavoured Vapes Face Ban In Europe As Part Of New Plans To Tackle Cancer - World Vapers&#039; Alliance","og_description":"The European Commission has proposed a ban on flavoured vapes as part of a plan to help fight cancer. The European Union\u2019s executive branch announced the proposal in a statement on Wednesday (29 June) explaining it comes following a significant increase in the volume of flavoured vapes being sold across its 27 nations. A study [&hellip;]","og_url":"https:\/\/worldvapersalliance.com\/pl\/flavoured-vapes-face-ban-in-europe-as-part-of-new-plans-to-tackle-cancer\/","og_site_name":"World Vapers&#039; Alliance","article_published_time":"2022-07-08T12:56:26+00:00","og_image":[{"width":2081,"height":1920,"url":"https:\/\/worldvapersalliance.com\/wp-content\/uploads\/2022\/03\/World_Vapers_Alliance_Logo_White_Stripes.png","type":"image\/png"}],"author":"World Vapers' Alliance","twitter_card":"summary_large_image","twitter_misc":{"Napisane przez":"World Vapers' Alliance","Szacowany czas czytania":"1 minuta"},"schema":{"@context":"https:\/\/schema.org","@graph":[{"@type":"Article","@id":"https:\/\/worldvapersalliance.com\/flavoured-vapes-face-ban-in-europe-as-part-of-new-plans-to-tackle-cancer\/#article","isPartOf":{"@id":"https:\/\/worldvapersalliance.com\/flavoured-vapes-face-ban-in-europe-as-part-of-new-plans-to-tackle-cancer\/"},"author":{"name":"World Vapers' Alliance","@id":"https:\/\/worldvapersalliance.com\/#\/schema\/person\/18484a6f20bcc6f70a2419c8babe017d"},"headline":"Flavoured Vapes Face Ban In Europe As Part Of New Plans To Tackle Cancer","datePublished":"2022-07-08T12:56:26+00:00","mainEntityOfPage":{"@id":"https:\/\/worldvapersalliance.com\/flavoured-vapes-face-ban-in-europe-as-part-of-new-plans-to-tackle-cancer\/"},"wordCount":165,"commentCount":0,"publisher":{"@id":"https:\/\/worldvapersalliance.com\/#organization"},"image":{"@id":"https:\/\/worldvapersalliance.com\/flavoured-vapes-face-ban-in-europe-as-part-of-new-plans-to-tackle-cancer\/#primaryimage"},"thumbnailUrl":"https:\/\/worldvapersalliance.com\/wp-content\/uploads\/2025\/08\/WVA-in-the-news.png","articleSection":["WVA in the News"],"inLanguage":"pl-PL","potentialAction":[{"@type":"CommentAction","name":"Comment","target":["https:\/\/worldvapersalliance.com\/flavoured-vapes-face-ban-in-europe-as-part-of-new-plans-to-tackle-cancer\/#respond"]}]},{"@type":"WebPage","@id":"https:\/\/worldvapersalliance.com\/flavoured-vapes-face-ban-in-europe-as-part-of-new-plans-to-tackle-cancer\/","url":"https:\/\/worldvapersalliance.com\/flavoured-vapes-face-ban-in-europe-as-part-of-new-plans-to-tackle-cancer\/","name":"Aromatyczne e-papierosy stan\u0105 przed zakazem w Europie w ramach nowych plan\u00f3w walki z rakiem - World Vapers&#039; Alliance","isPartOf":{"@id":"https:\/\/worldvapersalliance.com\/#website"},"primaryImageOfPage":{"@id":"https:\/\/worldvapersalliance.com\/flavoured-vapes-face-ban-in-europe-as-part-of-new-plans-to-tackle-cancer\/#primaryimage"},"image":{"@id":"https:\/\/worldvapersalliance.com\/flavoured-vapes-face-ban-in-europe-as-part-of-new-plans-to-tackle-cancer\/#primaryimage"},"thumbnailUrl":"https:\/\/worldvapersalliance.com\/wp-content\/uploads\/2025\/08\/WVA-in-the-news.png","datePublished":"2022-07-08T12:56:26+00:00","inLanguage":"pl-PL","potentialAction":[{"@type":"ReadAction","target":["https:\/\/worldvapersalliance.com\/flavoured-vapes-face-ban-in-europe-as-part-of-new-plans-to-tackle-cancer\/"]}]},{"@type":"ImageObject","inLanguage":"pl-PL","@id":"https:\/\/worldvapersalliance.com\/flavoured-vapes-face-ban-in-europe-as-part-of-new-plans-to-tackle-cancer\/#primaryimage","url":"https:\/\/worldvapersalliance.com\/wp-content\/uploads\/2025\/08\/WVA-in-the-news.png","contentUrl":"https:\/\/worldvapersalliance.com\/wp-content\/uploads\/2025\/08\/WVA-in-the-news.png","width":1264,"height":848},{"@type":"WebSite","@id":"https:\/\/worldvapersalliance.com\/#website","url":"https:\/\/worldvapersalliance.com\/","name":"\u015awiatowy Sojusz Vaper\u00f3w","description":"Najwi\u0119ksza spo\u0142eczno\u015b\u0107 vaper\u00f3w","publisher":{"@id":"https:\/\/worldvapersalliance.com\/#organization"},"potentialAction":[{"@type":"SearchAction","target":{"@type":"EntryPoint","urlTemplate":"https:\/\/worldvapersalliance.com\/?s={search_term_string}"},"query-input":{"@type":"PropertyValueSpecification","valueRequired":true,"valueName":"search_term_string"}}],"inLanguage":"pl-PL"},{"@type":"Organization","@id":"https:\/\/worldvapersalliance.com\/#organization","name":"\u015awiatowy Sojusz Vaper\u00f3w","url":"https:\/\/worldvapersalliance.com\/","logo":{"@type":"ImageObject","inLanguage":"pl-PL","@id":"https:\/\/worldvapersalliance.com\/#\/schema\/logo\/image\/","url":"https:\/\/worldvapersalliance.com\/wp-content\/uploads\/2022\/01\/WVA_RB_Fist_G.png","contentUrl":"https:\/\/worldvapersalliance.com\/wp-content\/uploads\/2022\/01\/WVA_RB_Fist_G.png","width":985,"height":1177,"caption":"World Vapers&#039; Alliance"},"image":{"@id":"https:\/\/worldvapersalliance.com\/#\/schema\/logo\/image\/"}},{"@type":"Person","@id":"https:\/\/worldvapersalliance.com\/#\/schema\/person\/18484a6f20bcc6f70a2419c8babe017d","name":"\u015awiatowy Sojusz Vaper\u00f3w","image":{"@type":"ImageObject","inLanguage":"pl-PL","@id":"https:\/\/secure.gravatar.com\/avatar\/456bf795c7a47c9ac527a94da4bff150aa49e48726d69bee9937f8383cffa246?s=96&d=mm&r=g","url":"https:\/\/secure.gravatar.com\/avatar\/456bf795c7a47c9ac527a94da4bff150aa49e48726d69bee9937f8383cffa246?s=96&d=mm&r=g","contentUrl":"https:\/\/secure.gravatar.com\/avatar\/456bf795c7a47c9ac527a94da4bff150aa49e48726d69bee9937f8383cffa246?s=96&d=mm&r=g","caption":"World Vapers' Alliance"},"url":"https:\/\/worldvapersalliance.com\/pl\/author\/wva\/"}]}},"_links":{"self":[{"href":"https:\/\/worldvapersalliance.com\/pl\/wp-json\/wp\/v2\/posts\/1581","targetHints":{"allow":["GET"]}}],"collection":[{"href":"https:\/\/worldvapersalliance.com\/pl\/wp-json\/wp\/v2\/posts"}],"about":[{"href":"https:\/\/worldvapersalliance.com\/pl\/wp-json\/wp\/v2\/types\/post"}],"author":[{"embeddable":true,"href":"https:\/\/worldvapersalliance.com\/pl\/wp-json\/wp\/v2\/users\/11"}],"replies":[{"embeddable":true,"href":"https:\/\/worldvapersalliance.com\/pl\/wp-json\/wp\/v2\/comments?post=1581"}],"version-history":[{"count":0,"href":"https:\/\/worldvapersalliance.com\/pl\/wp-json\/wp\/v2\/posts\/1581\/revisions"}],"wp:featuredmedia":[{"embeddable":true,"href":"https:\/\/worldvapersalliance.com\/pl\/wp-json\/wp\/v2\/media\/6394"}],"wp:attachment":[{"href":"https:\/\/worldvapersalliance.com\/pl\/wp-json\/wp\/v2\/media?parent=1581"}],"wp:term":[{"taxonomy":"category","embeddable":true,"href":"https:\/\/worldvapersalliance.com\/pl\/wp-json\/wp\/v2\/categories?post=1581"},{"taxonomy":"post_tag","embeddable":true,"href":"https:\/\/worldvapersalliance.com\/pl\/wp-json\/wp\/v2\/tags?post=1581"}],"curies":[{"name":"wp","href":"https:\/\/api.w.org\/{rel}","templated":true}]}}