{"id":1495,"date":"2022-06-01T09:48:14","date_gmt":"2022-06-01T13:48:14","guid":{"rendered":"https:\/\/worldvapersalliance.com\/?p=1495"},"modified":"2022-06-06T09:50:43","modified_gmt":"2022-06-06T13:50:43","slug":"tobacco-harm-reduction-groups-celebrate-world-vape-day","status":"publish","type":"post","link":"https:\/\/worldvapersalliance.com\/pl\/tobacco-harm-reduction-groups-celebrate-world-vape-day\/","title":{"rendered":"Grupy zajmuj\u0105ce si\u0119 redukcj\u0105 szk\u00f3d wyrz\u0105dzonych przez tyto\u0144 obchodz\u0105 \u015awiatowy Dzie\u0144 Vape&#039;a"},"content":{"rendered":"<h5>\u015awiatowy Dzie\u0144 Vape&#039;u odby\u0142 si\u0119 ju\u017c po raz trzeci z rz\u0119du, dzie\u0144 przed \u015awiatowym Dniem Bez Tytoniu og\u0142oszonym przez WHO.<\/h5>\n<p>30 maja 2022 r. szereg grup zajmuj\u0105cych si\u0119 redukcj\u0105 szk\u00f3d wyrz\u0105dzanych przez tyto\u0144 i propagowaniem waporyzacji, w tym globalna grupa konsumencka <a href=\"https:\/\/www.vapingpost.com\/2021\/05\/03\/wva-urges-policymakers-to-differentiate-between-vaping-and-smoking\/\">\u015awiatowy Sojusz Vaper\u00f3w<\/a> (WVA) b\u0119dzie obchodzi\u0107 \u015awiatowy Dzie\u0144 Vape&#039;u. Celem wydarzenia jest podniesienie \u015bwiadomo\u015bci na temat wzgl\u0119dnego bezpiecze\u0144stwa e-papieros\u00f3w i ich potencja\u0142u jako narz\u0119dzi redukcji szk\u00f3d i wspomagania rzucania palenia, a tak\u017ce zach\u0119cenie palaczy, kt\u00f3rzy nie s\u0105 w stanie rzuci\u0107 palenia samodzielnie, do przej\u015bcia na bezpieczniejsze alternatywy.<\/p>\n<h5>\u015awiatowy Dzie\u0144 Vape&#039;u obchodzony jest dzie\u0144 przed \u015awiatowym Dniem Bez Tytoniu<\/h5>\n<p>\u015awiatowy Dzie\u0144 Vape&#039;u jest celowo obchodzony zaledwie dzie\u0144 przed dniem wyznaczonym przez WHO <a href=\"https:\/\/www.vapingpost.com\/2021\/05\/28\/who-reaffirms-its-stance-against-vaping-ahead-of-world-no-tobacco-day\/\">\u015awiatowy Dzie\u0144 Bez Tytoniu<\/a>, maj\u0105c nadziej\u0119 zwr\u00f3ci\u0107 uwag\u0119 na fakt, \u017ce bezpieczniejsze produkty alternatywne mog\u0105 pom\u00f3c w zmniejszeniu liczby palaczy.<\/p>\n<p>\u201cRazem chcemy powiedzie\u0107 \u015bwiatu, \u017ce miliony palaczy ju\u017c przesz\u0142y na wapowanie i poprawi\u0142y swoje \u017cycie. Apelujemy do rzecznik\u00f3w i konsument\u00f3w, aby zabrali g\u0142os, promowali wapowanie i pomagali obecnym palaczom w przej\u015bciu na ten na\u0142\u00f3g. Byli\u015bmy \u015bwiadkami wielu bezpodstawnych atak\u00f3w na wapowanie ze strony WHO i\u2026 <a href=\"https:\/\/www.vapingpost.com\/2021\/06\/19\/caphra-world-vape-day-was-an-unprecedented-success\/\">World Vape Day<\/a> \u201dChcemy przeciwdzia\u0142a\u0107 tym dezinformacjom\u2019 \u2013 powiedzia\u0142 dyrektor World Vapers&#039; Alliance, Michael Landl.<\/p>\n<p>&nbsp;<\/p>\n<p>Przeczytaj ca\u0142y artyku\u0142 <a href=\"https:\/\/www.vapingpost.com\/2022\/06\/01\/tobacco-harm-reduction-groups-celebrate-world-vape-day\/\">Tutaj<\/a><\/p>","protected":false},"excerpt":{"rendered":"<p>Held a day before the WHO\u2019s World No Tobacco Day, World Vape Day was held for the third consecutive year. On the 30th of May 2022, a number of tobacco harm reduction and vape advocacy groups including global consumer group World Vapers\u2019 Alliance (WVA) will be celebrating World Vape Day. The aim of the event [&hellip;]<\/p>\n","protected":false},"author":11,"featured_media":6394,"comment_status":"open","ping_status":"open","sticky":false,"template":"","format":"standard","meta":{"footnotes":""},"categories":[15],"tags":[],"class_list":["post-1495","post","type-post","status-publish","format-standard","has-post-thumbnail","hentry","category-wva-in-the-news"],"yoast_head":"<!-- This site is optimized with the Yoast SEO plugin v27.3 - https:\/\/yoast.com\/product\/yoast-seo-wordpress\/ -->\n<title>Tobacco Harm Reduction Groups Celebrate World Vape Day - World Vapers&#039; Alliance<\/title>\n<meta name=\"robots\" content=\"index, follow, max-snippet:-1, max-image-preview:large, max-video-preview:-1\" \/>\n<link rel=\"canonical\" href=\"https:\/\/worldvapersalliance.com\/pl\/tobacco-harm-reduction-groups-celebrate-world-vape-day\/\" \/>\n<meta property=\"og:locale\" content=\"pl_PL\" \/>\n<meta property=\"og:type\" content=\"article\" \/>\n<meta property=\"og:title\" content=\"Tobacco Harm Reduction Groups Celebrate World Vape Day - World Vapers&#039; Alliance\" \/>\n<meta property=\"og:description\" content=\"Held a day before the WHO\u2019s World No Tobacco Day, World Vape Day was held for the third consecutive year. On the 30th of May 2022, a number of tobacco harm reduction and vape advocacy groups including global consumer group World Vapers\u2019 Alliance (WVA) will be celebrating World Vape Day. The aim of the event [&hellip;]\" \/>\n<meta property=\"og:url\" content=\"https:\/\/worldvapersalliance.com\/pl\/tobacco-harm-reduction-groups-celebrate-world-vape-day\/\" \/>\n<meta property=\"og:site_name\" content=\"World Vapers&#039; Alliance\" \/>\n<meta property=\"article:published_time\" content=\"2022-06-01T13:48:14+00:00\" \/>\n<meta property=\"article:modified_time\" content=\"2022-06-06T13:50:43+00:00\" \/>\n<meta property=\"og:image\" content=\"https:\/\/worldvapersalliance.com\/wp-content\/uploads\/2022\/03\/World_Vapers_Alliance_Logo_White_Stripes.png\" \/>\n\t<meta property=\"og:image:width\" content=\"2081\" \/>\n\t<meta property=\"og:image:height\" content=\"1920\" \/>\n\t<meta property=\"og:image:type\" content=\"image\/png\" \/>\n<meta name=\"author\" content=\"World Vapers&#039; Alliance\" \/>\n<meta name=\"twitter:card\" content=\"summary_large_image\" \/>\n<meta name=\"twitter:label1\" content=\"Napisane przez\" \/>\n\t<meta name=\"twitter:data1\" content=\"World Vapers&#039; Alliance\" \/>\n\t<meta name=\"twitter:label2\" content=\"Szacowany czas czytania\" \/>\n\t<meta name=\"twitter:data2\" content=\"1 minuta\" \/>\n<script type=\"application\/ld+json\" class=\"yoast-schema-graph\">{\"@context\":\"https:\\\/\\\/schema.org\",\"@graph\":[{\"@type\":\"Article\",\"@id\":\"https:\\\/\\\/worldvapersalliance.com\\\/tobacco-harm-reduction-groups-celebrate-world-vape-day\\\/#article\",\"isPartOf\":{\"@id\":\"https:\\\/\\\/worldvapersalliance.com\\\/tobacco-harm-reduction-groups-celebrate-world-vape-day\\\/\"},\"author\":{\"name\":\"World Vapers' Alliance\",\"@id\":\"https:\\\/\\\/worldvapersalliance.com\\\/#\\\/schema\\\/person\\\/18484a6f20bcc6f70a2419c8babe017d\"},\"headline\":\"Tobacco Harm Reduction Groups Celebrate World Vape Day\",\"datePublished\":\"2022-06-01T13:48:14+00:00\",\"dateModified\":\"2022-06-06T13:50:43+00:00\",\"mainEntityOfPage\":{\"@id\":\"https:\\\/\\\/worldvapersalliance.com\\\/tobacco-harm-reduction-groups-celebrate-world-vape-day\\\/\"},\"wordCount\":229,\"commentCount\":0,\"publisher\":{\"@id\":\"https:\\\/\\\/worldvapersalliance.com\\\/#organization\"},\"image\":{\"@id\":\"https:\\\/\\\/worldvapersalliance.com\\\/tobacco-harm-reduction-groups-celebrate-world-vape-day\\\/#primaryimage\"},\"thumbnailUrl\":\"https:\\\/\\\/worldvapersalliance.com\\\/wp-content\\\/uploads\\\/2025\\\/08\\\/WVA-in-the-news.png\",\"articleSection\":[\"WVA in the News\"],\"inLanguage\":\"pl-PL\",\"potentialAction\":[{\"@type\":\"CommentAction\",\"name\":\"Comment\",\"target\":[\"https:\\\/\\\/worldvapersalliance.com\\\/tobacco-harm-reduction-groups-celebrate-world-vape-day\\\/#respond\"]}]},{\"@type\":\"WebPage\",\"@id\":\"https:\\\/\\\/worldvapersalliance.com\\\/tobacco-harm-reduction-groups-celebrate-world-vape-day\\\/\",\"url\":\"https:\\\/\\\/worldvapersalliance.com\\\/tobacco-harm-reduction-groups-celebrate-world-vape-day\\\/\",\"name\":\"Tobacco Harm Reduction Groups Celebrate World Vape Day - World Vapers&#039; Alliance\",\"isPartOf\":{\"@id\":\"https:\\\/\\\/worldvapersalliance.com\\\/#website\"},\"primaryImageOfPage\":{\"@id\":\"https:\\\/\\\/worldvapersalliance.com\\\/tobacco-harm-reduction-groups-celebrate-world-vape-day\\\/#primaryimage\"},\"image\":{\"@id\":\"https:\\\/\\\/worldvapersalliance.com\\\/tobacco-harm-reduction-groups-celebrate-world-vape-day\\\/#primaryimage\"},\"thumbnailUrl\":\"https:\\\/\\\/worldvapersalliance.com\\\/wp-content\\\/uploads\\\/2025\\\/08\\\/WVA-in-the-news.png\",\"datePublished\":\"2022-06-01T13:48:14+00:00\",\"dateModified\":\"2022-06-06T13:50:43+00:00\",\"inLanguage\":\"pl-PL\",\"potentialAction\":[{\"@type\":\"ReadAction\",\"target\":[\"https:\\\/\\\/worldvapersalliance.com\\\/tobacco-harm-reduction-groups-celebrate-world-vape-day\\\/\"]}]},{\"@type\":\"ImageObject\",\"inLanguage\":\"pl-PL\",\"@id\":\"https:\\\/\\\/worldvapersalliance.com\\\/tobacco-harm-reduction-groups-celebrate-world-vape-day\\\/#primaryimage\",\"url\":\"https:\\\/\\\/worldvapersalliance.com\\\/wp-content\\\/uploads\\\/2025\\\/08\\\/WVA-in-the-news.png\",\"contentUrl\":\"https:\\\/\\\/worldvapersalliance.com\\\/wp-content\\\/uploads\\\/2025\\\/08\\\/WVA-in-the-news.png\",\"width\":1264,\"height\":848},{\"@type\":\"WebSite\",\"@id\":\"https:\\\/\\\/worldvapersalliance.com\\\/#website\",\"url\":\"https:\\\/\\\/worldvapersalliance.com\\\/\",\"name\":\"World Vapers&#039; Alliance\",\"description\":\"The largest community of vapers\",\"publisher\":{\"@id\":\"https:\\\/\\\/worldvapersalliance.com\\\/#organization\"},\"potentialAction\":[{\"@type\":\"SearchAction\",\"target\":{\"@type\":\"EntryPoint\",\"urlTemplate\":\"https:\\\/\\\/worldvapersalliance.com\\\/?s={search_term_string}\"},\"query-input\":{\"@type\":\"PropertyValueSpecification\",\"valueRequired\":true,\"valueName\":\"search_term_string\"}}],\"inLanguage\":\"pl-PL\"},{\"@type\":\"Organization\",\"@id\":\"https:\\\/\\\/worldvapersalliance.com\\\/#organization\",\"name\":\"World Vapers&#039; Alliance\",\"url\":\"https:\\\/\\\/worldvapersalliance.com\\\/\",\"logo\":{\"@type\":\"ImageObject\",\"inLanguage\":\"pl-PL\",\"@id\":\"https:\\\/\\\/worldvapersalliance.com\\\/#\\\/schema\\\/logo\\\/image\\\/\",\"url\":\"https:\\\/\\\/worldvapersalliance.com\\\/wp-content\\\/uploads\\\/2022\\\/01\\\/WVA_RB_Fist_G.png\",\"contentUrl\":\"https:\\\/\\\/worldvapersalliance.com\\\/wp-content\\\/uploads\\\/2022\\\/01\\\/WVA_RB_Fist_G.png\",\"width\":985,\"height\":1177,\"caption\":\"World Vapers&#039; Alliance\"},\"image\":{\"@id\":\"https:\\\/\\\/worldvapersalliance.com\\\/#\\\/schema\\\/logo\\\/image\\\/\"}},{\"@type\":\"Person\",\"@id\":\"https:\\\/\\\/worldvapersalliance.com\\\/#\\\/schema\\\/person\\\/18484a6f20bcc6f70a2419c8babe017d\",\"name\":\"World Vapers' Alliance\",\"image\":{\"@type\":\"ImageObject\",\"inLanguage\":\"pl-PL\",\"@id\":\"https:\\\/\\\/secure.gravatar.com\\\/avatar\\\/456bf795c7a47c9ac527a94da4bff150aa49e48726d69bee9937f8383cffa246?s=96&d=mm&r=g\",\"url\":\"https:\\\/\\\/secure.gravatar.com\\\/avatar\\\/456bf795c7a47c9ac527a94da4bff150aa49e48726d69bee9937f8383cffa246?s=96&d=mm&r=g\",\"contentUrl\":\"https:\\\/\\\/secure.gravatar.com\\\/avatar\\\/456bf795c7a47c9ac527a94da4bff150aa49e48726d69bee9937f8383cffa246?s=96&d=mm&r=g\",\"caption\":\"World Vapers' Alliance\"},\"url\":\"https:\\\/\\\/worldvapersalliance.com\\\/pl\\\/author\\\/wva\\\/\"}]}<\/script>\n<!-- \/ Yoast SEO plugin. -->","yoast_head_json":{"title":"Grupy dzia\u0142aj\u0105ce na rzecz redukcji szk\u00f3d wyrz\u0105dzonych przez tyto\u0144 \u015bwi\u0119tuj\u0105 \u015awiatowy Dzie\u0144 Vape&#039;a - World Vapers&#039; Alliance","robots":{"index":"index","follow":"follow","max-snippet":"max-snippet:-1","max-image-preview":"max-image-preview:large","max-video-preview":"max-video-preview:-1"},"canonical":"https:\/\/worldvapersalliance.com\/pl\/tobacco-harm-reduction-groups-celebrate-world-vape-day\/","og_locale":"pl_PL","og_type":"article","og_title":"Tobacco Harm Reduction Groups Celebrate World Vape Day - World Vapers&#039; Alliance","og_description":"Held a day before the WHO\u2019s World No Tobacco Day, World Vape Day was held for the third consecutive year. On the 30th of May 2022, a number of tobacco harm reduction and vape advocacy groups including global consumer group World Vapers\u2019 Alliance (WVA) will be celebrating World Vape Day. The aim of the event [&hellip;]","og_url":"https:\/\/worldvapersalliance.com\/pl\/tobacco-harm-reduction-groups-celebrate-world-vape-day\/","og_site_name":"World Vapers&#039; Alliance","article_published_time":"2022-06-01T13:48:14+00:00","article_modified_time":"2022-06-06T13:50:43+00:00","og_image":[{"width":2081,"height":1920,"url":"https:\/\/worldvapersalliance.com\/wp-content\/uploads\/2022\/03\/World_Vapers_Alliance_Logo_White_Stripes.png","type":"image\/png"}],"author":"World Vapers' Alliance","twitter_card":"summary_large_image","twitter_misc":{"Napisane przez":"World Vapers' Alliance","Szacowany czas czytania":"1 minuta"},"schema":{"@context":"https:\/\/schema.org","@graph":[{"@type":"Article","@id":"https:\/\/worldvapersalliance.com\/tobacco-harm-reduction-groups-celebrate-world-vape-day\/#article","isPartOf":{"@id":"https:\/\/worldvapersalliance.com\/tobacco-harm-reduction-groups-celebrate-world-vape-day\/"},"author":{"name":"World Vapers' Alliance","@id":"https:\/\/worldvapersalliance.com\/#\/schema\/person\/18484a6f20bcc6f70a2419c8babe017d"},"headline":"Tobacco Harm Reduction Groups Celebrate World Vape Day","datePublished":"2022-06-01T13:48:14+00:00","dateModified":"2022-06-06T13:50:43+00:00","mainEntityOfPage":{"@id":"https:\/\/worldvapersalliance.com\/tobacco-harm-reduction-groups-celebrate-world-vape-day\/"},"wordCount":229,"commentCount":0,"publisher":{"@id":"https:\/\/worldvapersalliance.com\/#organization"},"image":{"@id":"https:\/\/worldvapersalliance.com\/tobacco-harm-reduction-groups-celebrate-world-vape-day\/#primaryimage"},"thumbnailUrl":"https:\/\/worldvapersalliance.com\/wp-content\/uploads\/2025\/08\/WVA-in-the-news.png","articleSection":["WVA in the News"],"inLanguage":"pl-PL","potentialAction":[{"@type":"CommentAction","name":"Comment","target":["https:\/\/worldvapersalliance.com\/tobacco-harm-reduction-groups-celebrate-world-vape-day\/#respond"]}]},{"@type":"WebPage","@id":"https:\/\/worldvapersalliance.com\/tobacco-harm-reduction-groups-celebrate-world-vape-day\/","url":"https:\/\/worldvapersalliance.com\/tobacco-harm-reduction-groups-celebrate-world-vape-day\/","name":"Grupy dzia\u0142aj\u0105ce na rzecz redukcji szk\u00f3d wyrz\u0105dzonych przez tyto\u0144 \u015bwi\u0119tuj\u0105 \u015awiatowy Dzie\u0144 Vape&#039;a - World Vapers&#039; Alliance","isPartOf":{"@id":"https:\/\/worldvapersalliance.com\/#website"},"primaryImageOfPage":{"@id":"https:\/\/worldvapersalliance.com\/tobacco-harm-reduction-groups-celebrate-world-vape-day\/#primaryimage"},"image":{"@id":"https:\/\/worldvapersalliance.com\/tobacco-harm-reduction-groups-celebrate-world-vape-day\/#primaryimage"},"thumbnailUrl":"https:\/\/worldvapersalliance.com\/wp-content\/uploads\/2025\/08\/WVA-in-the-news.png","datePublished":"2022-06-01T13:48:14+00:00","dateModified":"2022-06-06T13:50:43+00:00","inLanguage":"pl-PL","potentialAction":[{"@type":"ReadAction","target":["https:\/\/worldvapersalliance.com\/tobacco-harm-reduction-groups-celebrate-world-vape-day\/"]}]},{"@type":"ImageObject","inLanguage":"pl-PL","@id":"https:\/\/worldvapersalliance.com\/tobacco-harm-reduction-groups-celebrate-world-vape-day\/#primaryimage","url":"https:\/\/worldvapersalliance.com\/wp-content\/uploads\/2025\/08\/WVA-in-the-news.png","contentUrl":"https:\/\/worldvapersalliance.com\/wp-content\/uploads\/2025\/08\/WVA-in-the-news.png","width":1264,"height":848},{"@type":"WebSite","@id":"https:\/\/worldvapersalliance.com\/#website","url":"https:\/\/worldvapersalliance.com\/","name":"\u015awiatowy Sojusz Vaper\u00f3w","description":"Najwi\u0119ksza spo\u0142eczno\u015b\u0107 vaper\u00f3w","publisher":{"@id":"https:\/\/worldvapersalliance.com\/#organization"},"potentialAction":[{"@type":"SearchAction","target":{"@type":"EntryPoint","urlTemplate":"https:\/\/worldvapersalliance.com\/?s={search_term_string}"},"query-input":{"@type":"PropertyValueSpecification","valueRequired":true,"valueName":"search_term_string"}}],"inLanguage":"pl-PL"},{"@type":"Organization","@id":"https:\/\/worldvapersalliance.com\/#organization","name":"\u015awiatowy Sojusz Vaper\u00f3w","url":"https:\/\/worldvapersalliance.com\/","logo":{"@type":"ImageObject","inLanguage":"pl-PL","@id":"https:\/\/worldvapersalliance.com\/#\/schema\/logo\/image\/","url":"https:\/\/worldvapersalliance.com\/wp-content\/uploads\/2022\/01\/WVA_RB_Fist_G.png","contentUrl":"https:\/\/worldvapersalliance.com\/wp-content\/uploads\/2022\/01\/WVA_RB_Fist_G.png","width":985,"height":1177,"caption":"World Vapers&#039; Alliance"},"image":{"@id":"https:\/\/worldvapersalliance.com\/#\/schema\/logo\/image\/"}},{"@type":"Person","@id":"https:\/\/worldvapersalliance.com\/#\/schema\/person\/18484a6f20bcc6f70a2419c8babe017d","name":"\u015awiatowy Sojusz Vaper\u00f3w","image":{"@type":"ImageObject","inLanguage":"pl-PL","@id":"https:\/\/secure.gravatar.com\/avatar\/456bf795c7a47c9ac527a94da4bff150aa49e48726d69bee9937f8383cffa246?s=96&d=mm&r=g","url":"https:\/\/secure.gravatar.com\/avatar\/456bf795c7a47c9ac527a94da4bff150aa49e48726d69bee9937f8383cffa246?s=96&d=mm&r=g","contentUrl":"https:\/\/secure.gravatar.com\/avatar\/456bf795c7a47c9ac527a94da4bff150aa49e48726d69bee9937f8383cffa246?s=96&d=mm&r=g","caption":"World Vapers' Alliance"},"url":"https:\/\/worldvapersalliance.com\/pl\/author\/wva\/"}]}},"_links":{"self":[{"href":"https:\/\/worldvapersalliance.com\/pl\/wp-json\/wp\/v2\/posts\/1495","targetHints":{"allow":["GET"]}}],"collection":[{"href":"https:\/\/worldvapersalliance.com\/pl\/wp-json\/wp\/v2\/posts"}],"about":[{"href":"https:\/\/worldvapersalliance.com\/pl\/wp-json\/wp\/v2\/types\/post"}],"author":[{"embeddable":true,"href":"https:\/\/worldvapersalliance.com\/pl\/wp-json\/wp\/v2\/users\/11"}],"replies":[{"embeddable":true,"href":"https:\/\/worldvapersalliance.com\/pl\/wp-json\/wp\/v2\/comments?post=1495"}],"version-history":[{"count":0,"href":"https:\/\/worldvapersalliance.com\/pl\/wp-json\/wp\/v2\/posts\/1495\/revisions"}],"wp:featuredmedia":[{"embeddable":true,"href":"https:\/\/worldvapersalliance.com\/pl\/wp-json\/wp\/v2\/media\/6394"}],"wp:attachment":[{"href":"https:\/\/worldvapersalliance.com\/pl\/wp-json\/wp\/v2\/media?parent=1495"}],"wp:term":[{"taxonomy":"category","embeddable":true,"href":"https:\/\/worldvapersalliance.com\/pl\/wp-json\/wp\/v2\/categories?post=1495"},{"taxonomy":"post_tag","embeddable":true,"href":"https:\/\/worldvapersalliance.com\/pl\/wp-json\/wp\/v2\/tags?post=1495"}],"curies":[{"name":"wp","href":"https:\/\/api.w.org\/{rel}","templated":true}]}}