{"id":1021,"date":"2022-02-28T10:58:33","date_gmt":"2022-02-28T15:58:33","guid":{"rendered":"https:\/\/cccwva.wpengine.com\/?p=1021"},"modified":"2022-04-09T03:18:12","modified_gmt":"2022-04-09T07:18:12","slug":"the-swedish-government-has-just-announced-plans-to-ban-vape-flavours","status":"publish","type":"post","link":"https:\/\/worldvapersalliance.com\/pl\/the-swedish-government-has-just-announced-plans-to-ban-vape-flavours\/","title":{"rendered":"Szwedzki rz\u0105d w\u0142a\u015bnie og\u0142osi\u0142 plany zakazu stosowania aromat\u00f3w do e-papieros\u00f3w"},"content":{"rendered":"<div class=\"edit-post-visual-editor__post-title-wrapper\">\n<div data-grammarly-part=\"button\">\n<div class=\"_1rJ5M\">\n<div class=\"_2fxoL\">\n<div><em>Szwedzkie Ministerstwo Spraw Spo\u0142ecznych w\u0142a\u015bnie og\u0142osi\u0142o plany wprowadzenia zakazu wszystkich smak\u00f3w e-papieros\u00f3w poza tytoniem.<\/em><\/div>\n<\/div>\n<\/div>\n<\/div>\n<\/div>\n<div class=\"is-root-container block-editor-block-list__layout\" spellcheck=\"false\" data-is-drop-zone=\"true\">\n<p id=\"block-4b82dd23-6d4a-4617-a0de-ad618c3769e4\" class=\"block-editor-rich-text__editable block-editor-block-list__block wp-block wp-block-paragraph rich-text\" tabindex=\"0\" role=\"document\" contenteditable=\"true\" aria-multiline=\"true\" aria-label=\"Blok akapitu\" data-block=\"4b82dd23-6d4a-4617-a0de-ad618c3769e4\" data-type=\"core\/paragraph\" data-title=\"Paragraph\" data-empty=\"false\">Og\u0142oszenie to z pewno\u015bci\u0105 zaskoczy\u0142o wielu, zw\u0142aszcza bior\u0105c pod uwag\u0119, \u017ce w 2018 r. Szwecja\u00a0<a href=\"https:\/\/www.vapingpost.com\/2018\/11\/28\/sweden-reaches-tobacco-free-target-thanks-to-snus\/\">osi\u0105gn\u0105\u0142 status wolny od dymu tytoniowego<\/a>\u00a0poprzez popieranie stosowania innego produktu zawieraj\u0105cego nikotyn\u0119.<\/p>\n<p id=\"block-9c383170-5e6a-4d92-9e97-2cb1a0645fb4\" class=\"block-editor-rich-text__editable block-editor-block-list__block wp-block wp-block-paragraph rich-text\" tabindex=\"0\" role=\"document\" contenteditable=\"true\" aria-multiline=\"true\" aria-label=\"Blok akapitu\" data-block=\"9c383170-5e6a-4d92-9e97-2cb1a0645fb4\" data-type=\"core\/paragraph\" data-title=\"Paragraph\" data-empty=\"false\">Wykres opublikowany w maju 2017 r. przez UE w ramach badania dotycz\u0105cego zachowa\u0144 zwi\u0105zanych z paleniem w ca\u0142ej Unii Europejskiej, wskaza\u0142 Bu\u0142gari\u0119, Grecj\u0119 i Francj\u0119 jako kraje o najwy\u017cszym wska\u017aniku palenia (odpowiednio 36%, 35% i 33%). Na ko\u0144cu listy znalaz\u0142y si\u0119 Holandia, Dania i\u00a0<a href=\"https:\/\/www.vapingpost.com\/2018\/11\/21\/why-the-uks-smoking-rates-are-plummeting-faster-than-the-eus\/\">Zjednoczone Kr\u00f3lestwo<\/a>, wszystkie z wynikiem 16%, i na koniec Szwecja z imponuj\u0105cym wynikiem 5%.<\/p>\n<h2 id=\"block-fe95a75c-91c0-430f-9189-ff461cdbea5c\" class=\"block-editor-rich-text__editable block-editor-block-list__block wp-block wp-block-heading rich-text\" tabindex=\"0\" role=\"document\" contenteditable=\"true\" aria-multiline=\"true\" aria-label=\"Blok: Nag\u0142\u00f3wek\" data-block=\"fe95a75c-91c0-430f-9189-ff461cdbea5c\" data-type=\"core\/heading\" data-title=\"Heading\">Zniszczy\u0107 sw\u00f3j sukces?<\/h2>\n<p id=\"block-f63f976f-cf02-4f9b-977e-ce95d7faa081\" class=\"block-editor-rich-text__editable block-editor-block-list__block wp-block wp-block-paragraph rich-text\" tabindex=\"0\" role=\"document\" contenteditable=\"true\" aria-multiline=\"true\" aria-label=\"Blok akapitu\" data-block=\"f63f976f-cf02-4f9b-977e-ce95d7faa081\" data-type=\"core\/paragraph\" data-title=\"Paragraph\" data-empty=\"false\">Szwecja jest znana z osi\u0105gni\u0119cia tego statusu\u00a0<a href=\"https:\/\/www.vapingpost.com\/2017\/06\/28\/sweden-urged-to-own-up-to-its-successful-harm-reduction-strategy\/\">poprzez przyj\u0119cie strategii redukcji szk\u00f3d<\/a>\u00a0na rzecz stanowiska zakazuj\u0105cego. Uczyni\u0142 to, popieraj\u0105c u\u017cywanie snusu w celu rzucenia palenia.<\/p>\n<p id=\"block-74bebc49-5203-4cf9-ac7b-9f6267904906\" class=\"block-editor-rich-text__editable block-editor-block-list__block wp-block wp-block-paragraph rich-text\" tabindex=\"0\" role=\"document\" contenteditable=\"true\" aria-multiline=\"true\" aria-label=\"Blok akapitu\" data-block=\"74bebc49-5203-4cf9-ac7b-9f6267904906\" data-type=\"core\/paragraph\" data-title=\"Paragraph\" data-empty=\"false\">Snus to wilgotny woreczek z proszkiem tytoniowym, kt\u00f3ry umieszcza si\u0119 pod g\u00f3rn\u0105 warg\u0105 na d\u0142u\u017cszy czas. W ca\u0142ej UE produkt ten jest legalny tylko w Szwecji, gdzie jest uwa\u017cany za skuteczny \u015brodek redukcji szk\u00f3d. Jest jednak r\u00f3wnie\u017c szeroko stosowany w Danii i Norwegii. W rzeczywisto\u015bci snus nie tylko przyczyni\u0142 si\u0119 do tego, \u017ce Szwecja mo\u017ce pochwali\u0107 si\u0119 najni\u017cszym wska\u017anikiem palenia w Europie, ale co wa\u017cniejsze, r\u00f3wnie\u017c do odnotowania\u2026\u00a0<a href=\"https:\/\/www.vapingpost.com\/2022\/01\/28\/swedish-mep-criticises-eu-for-ignoring-snus-potential-to-reduce-smoking-rates\/\">najni\u017cszy wska\u017anik zachorowa\u0144 na raka p\u0142uc<\/a>\u00a0na ca\u0142ym kontynencie.<\/p>\n<h2 id=\"block-782785f1-acd3-407d-bbe6-32c067b8cc74\" class=\"block-editor-rich-text__editable block-editor-block-list__block wp-block wp-block-heading rich-text\" tabindex=\"0\" role=\"document\" contenteditable=\"true\" aria-multiline=\"true\" aria-label=\"Blok: Nag\u0142\u00f3wek\" data-block=\"782785f1-acd3-407d-bbe6-32c067b8cc74\" data-type=\"core\/heading\" data-title=\"Heading\">Krok wstecz<\/h2>\n<p id=\"block-116a4122-88a3-405e-b83a-8cff4767f67c\" class=\"block-editor-rich-text__editable block-editor-block-list__block wp-block wp-block-paragraph rich-text\" tabindex=\"0\" role=\"document\" contenteditable=\"true\" aria-multiline=\"true\" aria-label=\"Blok akapitu\" data-block=\"116a4122-88a3-405e-b83a-8cff4767f67c\" data-type=\"core\/paragraph\" data-title=\"Paragraph\" data-empty=\"false\">Omawiaj\u0105c planowany zakaz stosowania aromat\u00f3w, dyrektor World Vapers&#039; Alliance (WVA) Michael Landl powiedzia\u0142, \u017ce je\u015bli ustawa wejdzie w \u017cycie, 150 000 by\u0142ych palaczy w Szwecji, kt\u00f3rzy teraz zamiast tego wapuj\u0105, mo\u017ce\u00a0<a href=\"https:\/\/www.vapingpost.com\/2020\/04\/20\/once-again-flavours-are-preferred-by-adults-not-just-teens\/\">by\u0107 zmuszonym do powrotu<\/a>\u00a0do palenia. \u201cZakazanie aromat\u00f3w mo\u017ce zmusi\u0107 tysi\u0105ce by\u0142ych palaczy w Szwecji do ponownego si\u0119gni\u0119cia po ten na\u0142\u00f3g. Badania pokazuj\u0105, \u017ce waperzy s\u0105 ponad dwukrotnie bardziej sk\u0142onni rzuci\u0107 palenie, stosuj\u0105c aromaty. Je\u015bli zostan\u0105 one zakazane, 150 000 waper\u00f3w \u2013 co odpowiada niemal ca\u0142ej populacji Uppsali \u2013 straci swoje aromaty i mo\u017ce wr\u00f3ci\u0107 do palenia. By\u0142by to powa\u017cny cios w walce z paleniem i zwi\u0105zanymi z nim chorobami\u201d.\u201d<\/p>\n<p id=\"block-a99beb97-d609-43bd-bdde-f47246e6590a\" class=\"block-editor-rich-text__editable block-editor-block-list__block wp-block wp-block-paragraph rich-text\" tabindex=\"0\" role=\"document\" contenteditable=\"true\" aria-multiline=\"true\" aria-label=\"Blok akapitu\" data-block=\"a99beb97-d609-43bd-bdde-f47246e6590a\" data-type=\"core\/paragraph\" data-title=\"Paragraph\" data-empty=\"false\">\u201cNiepokoj\u0105ce jest to, \u017ce kraj taki jak Szwecja, s\u0142yn\u0105cy z pragmatyzmu, stosuje tak restrykcyjne podej\u015bcie do wapowania. Politycy stracili zdrowy rozs\u0105dek, a to palacze i palacze b\u0119d\u0105 cierpie\u0107\u201d.<\/p>\n<p id=\"block-886e6ee4-a0a2-418f-a7d0-be537f51c1bf\" class=\"block-editor-rich-text__editable block-editor-block-list__block wp-block wp-block-paragraph rich-text\" tabindex=\"0\" role=\"document\" contenteditable=\"true\" aria-multiline=\"true\" aria-label=\"Blok akapitu\" data-block=\"886e6ee4-a0a2-418f-a7d0-be537f51c1bf\" data-type=\"core\/paragraph\" data-title=\"Paragraph\" data-empty=\"false\">W komunikacie prasowym Landl wyja\u015bni\u0142, \u017ce szwedzki rz\u0105d zamierza wprowadzi\u0107 surowsze przepisy dotycz\u0105ce alternatywnych produkt\u00f3w nikotynowych, w tym waporyzator\u00f3w i saszetek nikotynowych. Zmiany te maj\u0105 wej\u015b\u0107 w \u017cycie 1 sierpnia 2022 r., ale niekt\u00f3re z proponowanych zmian wejd\u0105 w \u017cycie odpowiednio 1 stycznia 2023 r. i 1 stycznia 2024 r., aby da\u0107 zainteresowanym stronom czas na dostosowanie si\u0119 do nowych wymog\u00f3w.<\/p>\n<p id=\"block-2dc36c0a-5e3b-43eb-8f38-5f94431c6ea6\" class=\"block-editor-rich-text__editable block-editor-block-list__block wp-block wp-block-paragraph rich-text\" tabindex=\"0\" role=\"document\" contenteditable=\"true\" aria-multiline=\"true\" aria-label=\"Blok akapitu\" data-block=\"2dc36c0a-5e3b-43eb-8f38-5f94431c6ea6\" data-type=\"core\/paragraph\" data-title=\"Paragraph\" data-empty=\"false\"><a href=\"https:\/\/www.vapingpost.com\/2022\/02\/27\/the-swedish-government-has-just-announced-plans-to-ban-vape-flavours\/\" data-rich-text-format-boundary=\"true\">Oryginalnie opublikowano tutaj.<\/a><\/p>\n<\/div>","protected":false},"excerpt":{"rendered":"<p>Sweden\u2019s Ministry of Social Affairs has just announced plans to ban all vape flavours besides tobacco. The announcement has certainly taken many by surprise, especially given that in 2018 Sweden\u00a0reached a smokefree status\u00a0by endorsing the use of another nicotine alternative product. A chart published in May 2017 by the EU as part of a survey [&hellip;]<\/p>\n","protected":false},"author":7,"featured_media":6394,"comment_status":"open","ping_status":"open","sticky":false,"template":"","format":"standard","meta":{"footnotes":""},"categories":[15],"tags":[],"class_list":["post-1021","post","type-post","status-publish","format-standard","has-post-thumbnail","hentry","category-wva-in-the-news"],"yoast_head":"<!-- This site is optimized with the Yoast SEO plugin v27.3 - https:\/\/yoast.com\/product\/yoast-seo-wordpress\/ -->\n<title>The Swedish government has just announced plans to ban vape flavours - World Vapers&#039; Alliance<\/title>\n<meta name=\"robots\" content=\"index, follow, max-snippet:-1, max-image-preview:large, max-video-preview:-1\" \/>\n<link rel=\"canonical\" href=\"https:\/\/worldvapersalliance.com\/pl\/the-swedish-government-has-just-announced-plans-to-ban-vape-flavours\/\" \/>\n<meta property=\"og:locale\" content=\"pl_PL\" \/>\n<meta property=\"og:type\" content=\"article\" \/>\n<meta property=\"og:title\" content=\"The Swedish government has just announced plans to ban vape flavours - World Vapers&#039; Alliance\" \/>\n<meta property=\"og:description\" content=\"Sweden\u2019s Ministry of Social Affairs has just announced plans to ban all vape flavours besides tobacco. The announcement has certainly taken many by surprise, especially given that in 2018 Sweden\u00a0reached a smokefree status\u00a0by endorsing the use of another nicotine alternative product. A chart published in May 2017 by the EU as part of a survey [&hellip;]\" \/>\n<meta property=\"og:url\" content=\"https:\/\/worldvapersalliance.com\/pl\/the-swedish-government-has-just-announced-plans-to-ban-vape-flavours\/\" \/>\n<meta property=\"og:site_name\" content=\"World Vapers&#039; Alliance\" \/>\n<meta property=\"article:published_time\" content=\"2022-02-28T15:58:33+00:00\" \/>\n<meta property=\"article:modified_time\" content=\"2022-04-09T07:18:12+00:00\" \/>\n<meta property=\"og:image\" content=\"https:\/\/worldvapersalliance.com\/wp-content\/uploads\/2022\/03\/World_Vapers_Alliance_Logo_White_Stripes.png\" \/>\n\t<meta property=\"og:image:width\" content=\"2081\" \/>\n\t<meta property=\"og:image:height\" content=\"1920\" \/>\n\t<meta property=\"og:image:type\" content=\"image\/png\" \/>\n<meta name=\"author\" content=\"Fabio Fernandes\" \/>\n<meta name=\"twitter:card\" content=\"summary_large_image\" \/>\n<meta name=\"twitter:label1\" content=\"Napisane przez\" \/>\n\t<meta name=\"twitter:data1\" content=\"Fabio Fernandes\" \/>\n\t<meta name=\"twitter:label2\" content=\"Szacowany czas czytania\" \/>\n\t<meta name=\"twitter:data2\" content=\"2 minuty\" \/>\n<script type=\"application\/ld+json\" class=\"yoast-schema-graph\">{\"@context\":\"https:\\\/\\\/schema.org\",\"@graph\":[{\"@type\":\"Article\",\"@id\":\"https:\\\/\\\/worldvapersalliance.com\\\/the-swedish-government-has-just-announced-plans-to-ban-vape-flavours\\\/#article\",\"isPartOf\":{\"@id\":\"https:\\\/\\\/worldvapersalliance.com\\\/the-swedish-government-has-just-announced-plans-to-ban-vape-flavours\\\/\"},\"author\":{\"name\":\"Fabio Fernandes\",\"@id\":\"https:\\\/\\\/worldvapersalliance.com\\\/#\\\/schema\\\/person\\\/216fd3755694b5cf40a75104b7567982\"},\"headline\":\"The Swedish government has just announced plans to ban vape flavours\",\"datePublished\":\"2022-02-28T15:58:33+00:00\",\"dateModified\":\"2022-04-09T07:18:12+00:00\",\"mainEntityOfPage\":{\"@id\":\"https:\\\/\\\/worldvapersalliance.com\\\/the-swedish-government-has-just-announced-plans-to-ban-vape-flavours\\\/\"},\"wordCount\":438,\"commentCount\":0,\"publisher\":{\"@id\":\"https:\\\/\\\/worldvapersalliance.com\\\/#organization\"},\"image\":{\"@id\":\"https:\\\/\\\/worldvapersalliance.com\\\/the-swedish-government-has-just-announced-plans-to-ban-vape-flavours\\\/#primaryimage\"},\"thumbnailUrl\":\"https:\\\/\\\/worldvapersalliance.com\\\/wp-content\\\/uploads\\\/2025\\\/08\\\/WVA-in-the-news.png\",\"articleSection\":[\"WVA in the News\"],\"inLanguage\":\"pl-PL\",\"potentialAction\":[{\"@type\":\"CommentAction\",\"name\":\"Comment\",\"target\":[\"https:\\\/\\\/worldvapersalliance.com\\\/the-swedish-government-has-just-announced-plans-to-ban-vape-flavours\\\/#respond\"]}]},{\"@type\":\"WebPage\",\"@id\":\"https:\\\/\\\/worldvapersalliance.com\\\/the-swedish-government-has-just-announced-plans-to-ban-vape-flavours\\\/\",\"url\":\"https:\\\/\\\/worldvapersalliance.com\\\/the-swedish-government-has-just-announced-plans-to-ban-vape-flavours\\\/\",\"name\":\"The Swedish government has just announced plans to ban vape flavours - World Vapers&#039; Alliance\",\"isPartOf\":{\"@id\":\"https:\\\/\\\/worldvapersalliance.com\\\/#website\"},\"primaryImageOfPage\":{\"@id\":\"https:\\\/\\\/worldvapersalliance.com\\\/the-swedish-government-has-just-announced-plans-to-ban-vape-flavours\\\/#primaryimage\"},\"image\":{\"@id\":\"https:\\\/\\\/worldvapersalliance.com\\\/the-swedish-government-has-just-announced-plans-to-ban-vape-flavours\\\/#primaryimage\"},\"thumbnailUrl\":\"https:\\\/\\\/worldvapersalliance.com\\\/wp-content\\\/uploads\\\/2025\\\/08\\\/WVA-in-the-news.png\",\"datePublished\":\"2022-02-28T15:58:33+00:00\",\"dateModified\":\"2022-04-09T07:18:12+00:00\",\"inLanguage\":\"pl-PL\",\"potentialAction\":[{\"@type\":\"ReadAction\",\"target\":[\"https:\\\/\\\/worldvapersalliance.com\\\/the-swedish-government-has-just-announced-plans-to-ban-vape-flavours\\\/\"]}]},{\"@type\":\"ImageObject\",\"inLanguage\":\"pl-PL\",\"@id\":\"https:\\\/\\\/worldvapersalliance.com\\\/the-swedish-government-has-just-announced-plans-to-ban-vape-flavours\\\/#primaryimage\",\"url\":\"https:\\\/\\\/worldvapersalliance.com\\\/wp-content\\\/uploads\\\/2025\\\/08\\\/WVA-in-the-news.png\",\"contentUrl\":\"https:\\\/\\\/worldvapersalliance.com\\\/wp-content\\\/uploads\\\/2025\\\/08\\\/WVA-in-the-news.png\",\"width\":1264,\"height\":848},{\"@type\":\"WebSite\",\"@id\":\"https:\\\/\\\/worldvapersalliance.com\\\/#website\",\"url\":\"https:\\\/\\\/worldvapersalliance.com\\\/\",\"name\":\"World Vapers&#039; Alliance\",\"description\":\"The largest community of vapers\",\"publisher\":{\"@id\":\"https:\\\/\\\/worldvapersalliance.com\\\/#organization\"},\"potentialAction\":[{\"@type\":\"SearchAction\",\"target\":{\"@type\":\"EntryPoint\",\"urlTemplate\":\"https:\\\/\\\/worldvapersalliance.com\\\/?s={search_term_string}\"},\"query-input\":{\"@type\":\"PropertyValueSpecification\",\"valueRequired\":true,\"valueName\":\"search_term_string\"}}],\"inLanguage\":\"pl-PL\"},{\"@type\":\"Organization\",\"@id\":\"https:\\\/\\\/worldvapersalliance.com\\\/#organization\",\"name\":\"World Vapers&#039; Alliance\",\"url\":\"https:\\\/\\\/worldvapersalliance.com\\\/\",\"logo\":{\"@type\":\"ImageObject\",\"inLanguage\":\"pl-PL\",\"@id\":\"https:\\\/\\\/worldvapersalliance.com\\\/#\\\/schema\\\/logo\\\/image\\\/\",\"url\":\"https:\\\/\\\/worldvapersalliance.com\\\/wp-content\\\/uploads\\\/2022\\\/01\\\/WVA_RB_Fist_G.png\",\"contentUrl\":\"https:\\\/\\\/worldvapersalliance.com\\\/wp-content\\\/uploads\\\/2022\\\/01\\\/WVA_RB_Fist_G.png\",\"width\":985,\"height\":1177,\"caption\":\"World Vapers&#039; Alliance\"},\"image\":{\"@id\":\"https:\\\/\\\/worldvapersalliance.com\\\/#\\\/schema\\\/logo\\\/image\\\/\"}},{\"@type\":\"Person\",\"@id\":\"https:\\\/\\\/worldvapersalliance.com\\\/#\\\/schema\\\/person\\\/216fd3755694b5cf40a75104b7567982\",\"name\":\"Fabio Fernandes\",\"image\":{\"@type\":\"ImageObject\",\"inLanguage\":\"pl-PL\",\"@id\":\"https:\\\/\\\/secure.gravatar.com\\\/avatar\\\/d8016ed50889fcf1724876c34d4add2dafff82d053be50f8406714cfd387b500?s=96&d=mm&r=g\",\"url\":\"https:\\\/\\\/secure.gravatar.com\\\/avatar\\\/d8016ed50889fcf1724876c34d4add2dafff82d053be50f8406714cfd387b500?s=96&d=mm&r=g\",\"contentUrl\":\"https:\\\/\\\/secure.gravatar.com\\\/avatar\\\/d8016ed50889fcf1724876c34d4add2dafff82d053be50f8406714cfd387b500?s=96&d=mm&r=g\",\"caption\":\"Fabio Fernandes\"},\"url\":\"https:\\\/\\\/worldvapersalliance.com\\\/pl\\\/author\\\/fabio\\\/\"}]}<\/script>\n<!-- \/ Yoast SEO plugin. -->","yoast_head_json":{"title":"Szwedzki rz\u0105d w\u0142a\u015bnie og\u0142osi\u0142 plany wprowadzenia zakazu stosowania aromat\u00f3w do e-papieros\u00f3w - World Vapers&#039; Alliance","robots":{"index":"index","follow":"follow","max-snippet":"max-snippet:-1","max-image-preview":"max-image-preview:large","max-video-preview":"max-video-preview:-1"},"canonical":"https:\/\/worldvapersalliance.com\/pl\/the-swedish-government-has-just-announced-plans-to-ban-vape-flavours\/","og_locale":"pl_PL","og_type":"article","og_title":"The Swedish government has just announced plans to ban vape flavours - World Vapers&#039; Alliance","og_description":"Sweden\u2019s Ministry of Social Affairs has just announced plans to ban all vape flavours besides tobacco. The announcement has certainly taken many by surprise, especially given that in 2018 Sweden\u00a0reached a smokefree status\u00a0by endorsing the use of another nicotine alternative product. A chart published in May 2017 by the EU as part of a survey [&hellip;]","og_url":"https:\/\/worldvapersalliance.com\/pl\/the-swedish-government-has-just-announced-plans-to-ban-vape-flavours\/","og_site_name":"World Vapers&#039; Alliance","article_published_time":"2022-02-28T15:58:33+00:00","article_modified_time":"2022-04-09T07:18:12+00:00","og_image":[{"width":2081,"height":1920,"url":"https:\/\/worldvapersalliance.com\/wp-content\/uploads\/2022\/03\/World_Vapers_Alliance_Logo_White_Stripes.png","type":"image\/png"}],"author":"Fabio Fernandes","twitter_card":"summary_large_image","twitter_misc":{"Napisane przez":"Fabio Fernandes","Szacowany czas czytania":"2 minuty"},"schema":{"@context":"https:\/\/schema.org","@graph":[{"@type":"Article","@id":"https:\/\/worldvapersalliance.com\/the-swedish-government-has-just-announced-plans-to-ban-vape-flavours\/#article","isPartOf":{"@id":"https:\/\/worldvapersalliance.com\/the-swedish-government-has-just-announced-plans-to-ban-vape-flavours\/"},"author":{"name":"Fabio Fernandes","@id":"https:\/\/worldvapersalliance.com\/#\/schema\/person\/216fd3755694b5cf40a75104b7567982"},"headline":"The Swedish government has just announced plans to ban vape flavours","datePublished":"2022-02-28T15:58:33+00:00","dateModified":"2022-04-09T07:18:12+00:00","mainEntityOfPage":{"@id":"https:\/\/worldvapersalliance.com\/the-swedish-government-has-just-announced-plans-to-ban-vape-flavours\/"},"wordCount":438,"commentCount":0,"publisher":{"@id":"https:\/\/worldvapersalliance.com\/#organization"},"image":{"@id":"https:\/\/worldvapersalliance.com\/the-swedish-government-has-just-announced-plans-to-ban-vape-flavours\/#primaryimage"},"thumbnailUrl":"https:\/\/worldvapersalliance.com\/wp-content\/uploads\/2025\/08\/WVA-in-the-news.png","articleSection":["WVA in the News"],"inLanguage":"pl-PL","potentialAction":[{"@type":"CommentAction","name":"Comment","target":["https:\/\/worldvapersalliance.com\/the-swedish-government-has-just-announced-plans-to-ban-vape-flavours\/#respond"]}]},{"@type":"WebPage","@id":"https:\/\/worldvapersalliance.com\/the-swedish-government-has-just-announced-plans-to-ban-vape-flavours\/","url":"https:\/\/worldvapersalliance.com\/the-swedish-government-has-just-announced-plans-to-ban-vape-flavours\/","name":"Szwedzki rz\u0105d w\u0142a\u015bnie og\u0142osi\u0142 plany wprowadzenia zakazu stosowania aromat\u00f3w do e-papieros\u00f3w - World Vapers&#039; Alliance","isPartOf":{"@id":"https:\/\/worldvapersalliance.com\/#website"},"primaryImageOfPage":{"@id":"https:\/\/worldvapersalliance.com\/the-swedish-government-has-just-announced-plans-to-ban-vape-flavours\/#primaryimage"},"image":{"@id":"https:\/\/worldvapersalliance.com\/the-swedish-government-has-just-announced-plans-to-ban-vape-flavours\/#primaryimage"},"thumbnailUrl":"https:\/\/worldvapersalliance.com\/wp-content\/uploads\/2025\/08\/WVA-in-the-news.png","datePublished":"2022-02-28T15:58:33+00:00","dateModified":"2022-04-09T07:18:12+00:00","inLanguage":"pl-PL","potentialAction":[{"@type":"ReadAction","target":["https:\/\/worldvapersalliance.com\/the-swedish-government-has-just-announced-plans-to-ban-vape-flavours\/"]}]},{"@type":"ImageObject","inLanguage":"pl-PL","@id":"https:\/\/worldvapersalliance.com\/the-swedish-government-has-just-announced-plans-to-ban-vape-flavours\/#primaryimage","url":"https:\/\/worldvapersalliance.com\/wp-content\/uploads\/2025\/08\/WVA-in-the-news.png","contentUrl":"https:\/\/worldvapersalliance.com\/wp-content\/uploads\/2025\/08\/WVA-in-the-news.png","width":1264,"height":848},{"@type":"WebSite","@id":"https:\/\/worldvapersalliance.com\/#website","url":"https:\/\/worldvapersalliance.com\/","name":"\u015awiatowy Sojusz Vaper\u00f3w","description":"Najwi\u0119ksza spo\u0142eczno\u015b\u0107 vaper\u00f3w","publisher":{"@id":"https:\/\/worldvapersalliance.com\/#organization"},"potentialAction":[{"@type":"SearchAction","target":{"@type":"EntryPoint","urlTemplate":"https:\/\/worldvapersalliance.com\/?s={search_term_string}"},"query-input":{"@type":"PropertyValueSpecification","valueRequired":true,"valueName":"search_term_string"}}],"inLanguage":"pl-PL"},{"@type":"Organization","@id":"https:\/\/worldvapersalliance.com\/#organization","name":"\u015awiatowy Sojusz Vaper\u00f3w","url":"https:\/\/worldvapersalliance.com\/","logo":{"@type":"ImageObject","inLanguage":"pl-PL","@id":"https:\/\/worldvapersalliance.com\/#\/schema\/logo\/image\/","url":"https:\/\/worldvapersalliance.com\/wp-content\/uploads\/2022\/01\/WVA_RB_Fist_G.png","contentUrl":"https:\/\/worldvapersalliance.com\/wp-content\/uploads\/2022\/01\/WVA_RB_Fist_G.png","width":985,"height":1177,"caption":"World Vapers&#039; Alliance"},"image":{"@id":"https:\/\/worldvapersalliance.com\/#\/schema\/logo\/image\/"}},{"@type":"Person","@id":"https:\/\/worldvapersalliance.com\/#\/schema\/person\/216fd3755694b5cf40a75104b7567982","name":"Fabio Fernandes","image":{"@type":"ImageObject","inLanguage":"pl-PL","@id":"https:\/\/secure.gravatar.com\/avatar\/d8016ed50889fcf1724876c34d4add2dafff82d053be50f8406714cfd387b500?s=96&d=mm&r=g","url":"https:\/\/secure.gravatar.com\/avatar\/d8016ed50889fcf1724876c34d4add2dafff82d053be50f8406714cfd387b500?s=96&d=mm&r=g","contentUrl":"https:\/\/secure.gravatar.com\/avatar\/d8016ed50889fcf1724876c34d4add2dafff82d053be50f8406714cfd387b500?s=96&d=mm&r=g","caption":"Fabio Fernandes"},"url":"https:\/\/worldvapersalliance.com\/pl\/author\/fabio\/"}]}},"_links":{"self":[{"href":"https:\/\/worldvapersalliance.com\/pl\/wp-json\/wp\/v2\/posts\/1021","targetHints":{"allow":["GET"]}}],"collection":[{"href":"https:\/\/worldvapersalliance.com\/pl\/wp-json\/wp\/v2\/posts"}],"about":[{"href":"https:\/\/worldvapersalliance.com\/pl\/wp-json\/wp\/v2\/types\/post"}],"author":[{"embeddable":true,"href":"https:\/\/worldvapersalliance.com\/pl\/wp-json\/wp\/v2\/users\/7"}],"replies":[{"embeddable":true,"href":"https:\/\/worldvapersalliance.com\/pl\/wp-json\/wp\/v2\/comments?post=1021"}],"version-history":[{"count":0,"href":"https:\/\/worldvapersalliance.com\/pl\/wp-json\/wp\/v2\/posts\/1021\/revisions"}],"wp:featuredmedia":[{"embeddable":true,"href":"https:\/\/worldvapersalliance.com\/pl\/wp-json\/wp\/v2\/media\/6394"}],"wp:attachment":[{"href":"https:\/\/worldvapersalliance.com\/pl\/wp-json\/wp\/v2\/media?parent=1021"}],"wp:term":[{"taxonomy":"category","embeddable":true,"href":"https:\/\/worldvapersalliance.com\/pl\/wp-json\/wp\/v2\/categories?post=1021"},{"taxonomy":"post_tag","embeddable":true,"href":"https:\/\/worldvapersalliance.com\/pl\/wp-json\/wp\/v2\/tags?post=1021"}],"curies":[{"name":"wp","href":"https:\/\/api.w.org\/{rel}","templated":true}]}}