{"id":5463,"date":"2024-03-12T04:40:44","date_gmt":"2024-03-12T08:40:44","guid":{"rendered":"https:\/\/worldvapersalliance.com\/?p=5463"},"modified":"2024-04-01T04:43:51","modified_gmt":"2024-04-01T08:43:51","slug":"protestan-contra-propuesta-de-amlo-que-prohibe-vapeadores","status":"publish","type":"post","link":"https:\/\/worldvapersalliance.com\/nl_nl\/protestan-contra-propuesta-de-amlo-que-prohibe-vapeadores\/","title":{"rendered":"Protestant is tegen de AMLO-propaganda die dampen verbiedt"},"content":{"rendered":"<h4>Manifestaties van de diploma-uitreiking kunnen regelmatig worden uitgevoerd door elektronische apparaten die een alternatief kunnen bieden om de tabaco te verlaten.<\/h4>\n<p>Decennia van persoonlijkheid manifesteren zich in de Kamer van de Diputados tegen de constitutionele hervorming van president Andr\u00e9s Manuel L\u00f3pez Obrador, die het gebruik van elektronische sigaretten of vapeadors kan verbieden.<\/p>\n<p>\u201cHet voornemen is om de wetgevers te informeren over het feit dat een initiatief wordt genomen om de president van de grondwet een grondwetshervorming te laten hervormen, zodat ontelbare gevallen van de Corte-Suprema ongeldig zijn\u201d, zei Luis Felipe Gamboa, co\u00f6rdinator van Alianza voor de Libertad del Vapeo.<\/p>\n<p>Niet-conforme organisaties als Pro Vapeo, de World Vapers Alliance en \u201cYo Vapeo, Yo Voto\u201d, protesteren tegen een gunst die regelmatig wordt verleend door elektrische apparaten die een alternatief bieden om de tabaco te verlaten.<\/p>\n<p>\u201cEr is een regulering en controle op de menores, die geen controle heeft over de verkoop en controle die de Cofepris (Comisi\u00f3n Federal para la Protecci\u00f3n Contra Riesgos Sanitarios) uitoefent om een minimale regelgeving te hebben, die de consument beschermt\u201d, aldus.<\/p>\n<p>Lees de volledige tekst <a href=\"https:\/\/www.forbes.com.mx\/protestan-contra-propuesta-de-amlo-que-prohibe-vapeadores\/\" target=\"_blank\" rel=\"noopener\">hier<\/a><\/p>","protected":false},"excerpt":{"rendered":"<p>Manifestantes en la C\u00e1mara de Diputados piden regularizar estos dispositivos electr\u00f3nicos porque, aseguran, son una alternativa para evitar el tabaco. Decenas de personas se manifestaron este martes en la C\u00e1mara de Diputados contra la reforma constitucional del presidente Andr\u00e9s Manuel L\u00f3pez Obrador que busca prohibir el uso de cigarros electr\u00f3nicos o vapeadores. \u201cLa intenci\u00f3n es [&hellip;]<\/p>\n","protected":false},"author":11,"featured_media":6394,"comment_status":"open","ping_status":"open","sticky":false,"template":"","format":"standard","meta":{"footnotes":""},"categories":[15],"tags":[],"class_list":["post-5463","post","type-post","status-publish","format-standard","has-post-thumbnail","hentry","category-wva-in-the-news"],"yoast_head":"<!-- This site is optimized with the Yoast SEO plugin v27.3 - https:\/\/yoast.com\/product\/yoast-seo-wordpress\/ -->\n<title>Protestan contra propuesta de AMLO que proh\u00edbe vapeadores - World Vapers&#039; Alliance<\/title>\n<meta name=\"robots\" content=\"index, follow, max-snippet:-1, max-image-preview:large, max-video-preview:-1\" \/>\n<link rel=\"canonical\" href=\"https:\/\/worldvapersalliance.com\/nl_nl\/protestan-contra-propuesta-de-amlo-que-prohibe-vapeadores\/\" \/>\n<meta property=\"og:locale\" content=\"nl_NL\" \/>\n<meta property=\"og:type\" content=\"article\" \/>\n<meta property=\"og:title\" content=\"Protestan contra propuesta de AMLO que proh\u00edbe vapeadores - World Vapers&#039; Alliance\" \/>\n<meta property=\"og:description\" content=\"Manifestantes en la C\u00e1mara de Diputados piden regularizar estos dispositivos electr\u00f3nicos porque, aseguran, son una alternativa para evitar el tabaco. Decenas de personas se manifestaron este martes en la C\u00e1mara de Diputados contra la reforma constitucional del presidente Andr\u00e9s Manuel L\u00f3pez Obrador que busca prohibir el uso de cigarros electr\u00f3nicos o vapeadores. \u201cLa intenci\u00f3n es [&hellip;]\" \/>\n<meta property=\"og:url\" content=\"https:\/\/worldvapersalliance.com\/nl_nl\/protestan-contra-propuesta-de-amlo-que-prohibe-vapeadores\/\" \/>\n<meta property=\"og:site_name\" content=\"World Vapers&#039; Alliance\" \/>\n<meta property=\"article:published_time\" content=\"2024-03-12T08:40:44+00:00\" \/>\n<meta property=\"article:modified_time\" content=\"2024-04-01T08:43:51+00:00\" \/>\n<meta property=\"og:image\" content=\"https:\/\/worldvapersalliance.com\/wp-content\/uploads\/2024\/04\/Forbes-Mexico.png\" \/>\n\t<meta property=\"og:image:width\" content=\"2081\" \/>\n\t<meta property=\"og:image:height\" content=\"1920\" \/>\n\t<meta property=\"og:image:type\" content=\"image\/png\" \/>\n<meta name=\"author\" content=\"World Vapers&#039; Alliance\" \/>\n<meta name=\"twitter:card\" content=\"summary_large_image\" \/>\n<meta name=\"twitter:label1\" content=\"Geschreven door\" \/>\n\t<meta name=\"twitter:data1\" content=\"World Vapers&#039; Alliance\" \/>\n\t<meta name=\"twitter:label2\" content=\"Geschatte leestijd\" \/>\n\t<meta name=\"twitter:data2\" content=\"2 minuten\" \/>\n<script type=\"application\/ld+json\" class=\"yoast-schema-graph\">{\"@context\":\"https:\\\/\\\/schema.org\",\"@graph\":[{\"@type\":\"Article\",\"@id\":\"https:\\\/\\\/worldvapersalliance.com\\\/protestan-contra-propuesta-de-amlo-que-prohibe-vapeadores\\\/#article\",\"isPartOf\":{\"@id\":\"https:\\\/\\\/worldvapersalliance.com\\\/protestan-contra-propuesta-de-amlo-que-prohibe-vapeadores\\\/\"},\"author\":{\"name\":\"World Vapers' Alliance\",\"@id\":\"https:\\\/\\\/worldvapersalliance.com\\\/#\\\/schema\\\/person\\\/18484a6f20bcc6f70a2419c8babe017d\"},\"headline\":\"Protestan contra propuesta de AMLO que proh\u00edbe vapeadores\",\"datePublished\":\"2024-03-12T08:40:44+00:00\",\"dateModified\":\"2024-04-01T08:43:51+00:00\",\"mainEntityOfPage\":{\"@id\":\"https:\\\/\\\/worldvapersalliance.com\\\/protestan-contra-propuesta-de-amlo-que-prohibe-vapeadores\\\/\"},\"wordCount\":214,\"commentCount\":0,\"publisher\":{\"@id\":\"https:\\\/\\\/worldvapersalliance.com\\\/#organization\"},\"image\":{\"@id\":\"https:\\\/\\\/worldvapersalliance.com\\\/protestan-contra-propuesta-de-amlo-que-prohibe-vapeadores\\\/#primaryimage\"},\"thumbnailUrl\":\"https:\\\/\\\/worldvapersalliance.com\\\/wp-content\\\/uploads\\\/2025\\\/08\\\/WVA-in-the-news.png\",\"articleSection\":[\"WVA in the News\"],\"inLanguage\":\"nl-NL\",\"potentialAction\":[{\"@type\":\"CommentAction\",\"name\":\"Comment\",\"target\":[\"https:\\\/\\\/worldvapersalliance.com\\\/protestan-contra-propuesta-de-amlo-que-prohibe-vapeadores\\\/#respond\"]}]},{\"@type\":\"WebPage\",\"@id\":\"https:\\\/\\\/worldvapersalliance.com\\\/protestan-contra-propuesta-de-amlo-que-prohibe-vapeadores\\\/\",\"url\":\"https:\\\/\\\/worldvapersalliance.com\\\/protestan-contra-propuesta-de-amlo-que-prohibe-vapeadores\\\/\",\"name\":\"Protestan contra propuesta de AMLO que proh\u00edbe vapeadores - World Vapers&#039; Alliance\",\"isPartOf\":{\"@id\":\"https:\\\/\\\/worldvapersalliance.com\\\/#website\"},\"primaryImageOfPage\":{\"@id\":\"https:\\\/\\\/worldvapersalliance.com\\\/protestan-contra-propuesta-de-amlo-que-prohibe-vapeadores\\\/#primaryimage\"},\"image\":{\"@id\":\"https:\\\/\\\/worldvapersalliance.com\\\/protestan-contra-propuesta-de-amlo-que-prohibe-vapeadores\\\/#primaryimage\"},\"thumbnailUrl\":\"https:\\\/\\\/worldvapersalliance.com\\\/wp-content\\\/uploads\\\/2025\\\/08\\\/WVA-in-the-news.png\",\"datePublished\":\"2024-03-12T08:40:44+00:00\",\"dateModified\":\"2024-04-01T08:43:51+00:00\",\"inLanguage\":\"nl-NL\",\"potentialAction\":[{\"@type\":\"ReadAction\",\"target\":[\"https:\\\/\\\/worldvapersalliance.com\\\/protestan-contra-propuesta-de-amlo-que-prohibe-vapeadores\\\/\"]}]},{\"@type\":\"ImageObject\",\"inLanguage\":\"nl-NL\",\"@id\":\"https:\\\/\\\/worldvapersalliance.com\\\/protestan-contra-propuesta-de-amlo-que-prohibe-vapeadores\\\/#primaryimage\",\"url\":\"https:\\\/\\\/worldvapersalliance.com\\\/wp-content\\\/uploads\\\/2025\\\/08\\\/WVA-in-the-news.png\",\"contentUrl\":\"https:\\\/\\\/worldvapersalliance.com\\\/wp-content\\\/uploads\\\/2025\\\/08\\\/WVA-in-the-news.png\",\"width\":1264,\"height\":848},{\"@type\":\"WebSite\",\"@id\":\"https:\\\/\\\/worldvapersalliance.com\\\/#website\",\"url\":\"https:\\\/\\\/worldvapersalliance.com\\\/\",\"name\":\"World Vapers&#039; Alliance\",\"description\":\"The largest community of vapers\",\"publisher\":{\"@id\":\"https:\\\/\\\/worldvapersalliance.com\\\/#organization\"},\"potentialAction\":[{\"@type\":\"SearchAction\",\"target\":{\"@type\":\"EntryPoint\",\"urlTemplate\":\"https:\\\/\\\/worldvapersalliance.com\\\/?s={search_term_string}\"},\"query-input\":{\"@type\":\"PropertyValueSpecification\",\"valueRequired\":true,\"valueName\":\"search_term_string\"}}],\"inLanguage\":\"nl-NL\"},{\"@type\":\"Organization\",\"@id\":\"https:\\\/\\\/worldvapersalliance.com\\\/#organization\",\"name\":\"World Vapers&#039; Alliance\",\"url\":\"https:\\\/\\\/worldvapersalliance.com\\\/\",\"logo\":{\"@type\":\"ImageObject\",\"inLanguage\":\"nl-NL\",\"@id\":\"https:\\\/\\\/worldvapersalliance.com\\\/#\\\/schema\\\/logo\\\/image\\\/\",\"url\":\"https:\\\/\\\/worldvapersalliance.com\\\/wp-content\\\/uploads\\\/2022\\\/01\\\/WVA_RB_Fist_G.png\",\"contentUrl\":\"https:\\\/\\\/worldvapersalliance.com\\\/wp-content\\\/uploads\\\/2022\\\/01\\\/WVA_RB_Fist_G.png\",\"width\":985,\"height\":1177,\"caption\":\"World Vapers&#039; Alliance\"},\"image\":{\"@id\":\"https:\\\/\\\/worldvapersalliance.com\\\/#\\\/schema\\\/logo\\\/image\\\/\"}},{\"@type\":\"Person\",\"@id\":\"https:\\\/\\\/worldvapersalliance.com\\\/#\\\/schema\\\/person\\\/18484a6f20bcc6f70a2419c8babe017d\",\"name\":\"World Vapers' Alliance\",\"image\":{\"@type\":\"ImageObject\",\"inLanguage\":\"nl-NL\",\"@id\":\"https:\\\/\\\/secure.gravatar.com\\\/avatar\\\/456bf795c7a47c9ac527a94da4bff150aa49e48726d69bee9937f8383cffa246?s=96&d=mm&r=g\",\"url\":\"https:\\\/\\\/secure.gravatar.com\\\/avatar\\\/456bf795c7a47c9ac527a94da4bff150aa49e48726d69bee9937f8383cffa246?s=96&d=mm&r=g\",\"contentUrl\":\"https:\\\/\\\/secure.gravatar.com\\\/avatar\\\/456bf795c7a47c9ac527a94da4bff150aa49e48726d69bee9937f8383cffa246?s=96&d=mm&r=g\",\"caption\":\"World Vapers' Alliance\"},\"url\":\"https:\\\/\\\/worldvapersalliance.com\\\/nl_nl\\\/author\\\/wva\\\/\"}]}<\/script>\n<!-- \/ Yoast SEO plugin. -->","yoast_head_json":{"title":"Protestant tegen de AMLO-propuesta die vapeadores verbiedt - World Vapers&#039; Alliance","robots":{"index":"index","follow":"follow","max-snippet":"max-snippet:-1","max-image-preview":"max-image-preview:large","max-video-preview":"max-video-preview:-1"},"canonical":"https:\/\/worldvapersalliance.com\/nl_nl\/protestan-contra-propuesta-de-amlo-que-prohibe-vapeadores\/","og_locale":"nl_NL","og_type":"article","og_title":"Protestan contra propuesta de AMLO que proh\u00edbe vapeadores - World Vapers&#039; Alliance","og_description":"Manifestantes en la C\u00e1mara de Diputados piden regularizar estos dispositivos electr\u00f3nicos porque, aseguran, son una alternativa para evitar el tabaco. Decenas de personas se manifestaron este martes en la C\u00e1mara de Diputados contra la reforma constitucional del presidente Andr\u00e9s Manuel L\u00f3pez Obrador que busca prohibir el uso de cigarros electr\u00f3nicos o vapeadores. \u201cLa intenci\u00f3n es [&hellip;]","og_url":"https:\/\/worldvapersalliance.com\/nl_nl\/protestan-contra-propuesta-de-amlo-que-prohibe-vapeadores\/","og_site_name":"World Vapers&#039; Alliance","article_published_time":"2024-03-12T08:40:44+00:00","article_modified_time":"2024-04-01T08:43:51+00:00","og_image":[{"width":2081,"height":1920,"url":"https:\/\/worldvapersalliance.com\/wp-content\/uploads\/2024\/04\/Forbes-Mexico.png","type":"image\/png"}],"author":"World Vapers' Alliance","twitter_card":"summary_large_image","twitter_misc":{"Geschreven door":"World Vapers' Alliance","Geschatte leestijd":"2 minuten"},"schema":{"@context":"https:\/\/schema.org","@graph":[{"@type":"Article","@id":"https:\/\/worldvapersalliance.com\/protestan-contra-propuesta-de-amlo-que-prohibe-vapeadores\/#article","isPartOf":{"@id":"https:\/\/worldvapersalliance.com\/protestan-contra-propuesta-de-amlo-que-prohibe-vapeadores\/"},"author":{"name":"World Vapers' Alliance","@id":"https:\/\/worldvapersalliance.com\/#\/schema\/person\/18484a6f20bcc6f70a2419c8babe017d"},"headline":"Protestan contra propuesta de AMLO que proh\u00edbe vapeadores","datePublished":"2024-03-12T08:40:44+00:00","dateModified":"2024-04-01T08:43:51+00:00","mainEntityOfPage":{"@id":"https:\/\/worldvapersalliance.com\/protestan-contra-propuesta-de-amlo-que-prohibe-vapeadores\/"},"wordCount":214,"commentCount":0,"publisher":{"@id":"https:\/\/worldvapersalliance.com\/#organization"},"image":{"@id":"https:\/\/worldvapersalliance.com\/protestan-contra-propuesta-de-amlo-que-prohibe-vapeadores\/#primaryimage"},"thumbnailUrl":"https:\/\/worldvapersalliance.com\/wp-content\/uploads\/2025\/08\/WVA-in-the-news.png","articleSection":["WVA in the News"],"inLanguage":"nl-NL","potentialAction":[{"@type":"CommentAction","name":"Comment","target":["https:\/\/worldvapersalliance.com\/protestan-contra-propuesta-de-amlo-que-prohibe-vapeadores\/#respond"]}]},{"@type":"WebPage","@id":"https:\/\/worldvapersalliance.com\/protestan-contra-propuesta-de-amlo-que-prohibe-vapeadores\/","url":"https:\/\/worldvapersalliance.com\/protestan-contra-propuesta-de-amlo-que-prohibe-vapeadores\/","name":"Protestant tegen de AMLO-propuesta die vapeadores verbiedt - World Vapers&#039; Alliance","isPartOf":{"@id":"https:\/\/worldvapersalliance.com\/#website"},"primaryImageOfPage":{"@id":"https:\/\/worldvapersalliance.com\/protestan-contra-propuesta-de-amlo-que-prohibe-vapeadores\/#primaryimage"},"image":{"@id":"https:\/\/worldvapersalliance.com\/protestan-contra-propuesta-de-amlo-que-prohibe-vapeadores\/#primaryimage"},"thumbnailUrl":"https:\/\/worldvapersalliance.com\/wp-content\/uploads\/2025\/08\/WVA-in-the-news.png","datePublished":"2024-03-12T08:40:44+00:00","dateModified":"2024-04-01T08:43:51+00:00","inLanguage":"nl-NL","potentialAction":[{"@type":"ReadAction","target":["https:\/\/worldvapersalliance.com\/protestan-contra-propuesta-de-amlo-que-prohibe-vapeadores\/"]}]},{"@type":"ImageObject","inLanguage":"nl-NL","@id":"https:\/\/worldvapersalliance.com\/protestan-contra-propuesta-de-amlo-que-prohibe-vapeadores\/#primaryimage","url":"https:\/\/worldvapersalliance.com\/wp-content\/uploads\/2025\/08\/WVA-in-the-news.png","contentUrl":"https:\/\/worldvapersalliance.com\/wp-content\/uploads\/2025\/08\/WVA-in-the-news.png","width":1264,"height":848},{"@type":"WebSite","@id":"https:\/\/worldvapersalliance.com\/#website","url":"https:\/\/worldvapersalliance.com\/","name":"Wereld Vapers&#039; Alliantie","description":"De grootste gemeenschap van vapers","publisher":{"@id":"https:\/\/worldvapersalliance.com\/#organization"},"potentialAction":[{"@type":"SearchAction","target":{"@type":"EntryPoint","urlTemplate":"https:\/\/worldvapersalliance.com\/?s={search_term_string}"},"query-input":{"@type":"PropertyValueSpecification","valueRequired":true,"valueName":"search_term_string"}}],"inLanguage":"nl-NL"},{"@type":"Organization","@id":"https:\/\/worldvapersalliance.com\/#organization","name":"Wereld Vapers&#039; Alliantie","url":"https:\/\/worldvapersalliance.com\/","logo":{"@type":"ImageObject","inLanguage":"nl-NL","@id":"https:\/\/worldvapersalliance.com\/#\/schema\/logo\/image\/","url":"https:\/\/worldvapersalliance.com\/wp-content\/uploads\/2022\/01\/WVA_RB_Fist_G.png","contentUrl":"https:\/\/worldvapersalliance.com\/wp-content\/uploads\/2022\/01\/WVA_RB_Fist_G.png","width":985,"height":1177,"caption":"World Vapers&#039; Alliance"},"image":{"@id":"https:\/\/worldvapersalliance.com\/#\/schema\/logo\/image\/"}},{"@type":"Person","@id":"https:\/\/worldvapersalliance.com\/#\/schema\/person\/18484a6f20bcc6f70a2419c8babe017d","name":"Wereld Vapers&#039; Alliantie","image":{"@type":"ImageObject","inLanguage":"nl-NL","@id":"https:\/\/secure.gravatar.com\/avatar\/456bf795c7a47c9ac527a94da4bff150aa49e48726d69bee9937f8383cffa246?s=96&d=mm&r=g","url":"https:\/\/secure.gravatar.com\/avatar\/456bf795c7a47c9ac527a94da4bff150aa49e48726d69bee9937f8383cffa246?s=96&d=mm&r=g","contentUrl":"https:\/\/secure.gravatar.com\/avatar\/456bf795c7a47c9ac527a94da4bff150aa49e48726d69bee9937f8383cffa246?s=96&d=mm&r=g","caption":"World Vapers' Alliance"},"url":"https:\/\/worldvapersalliance.com\/nl_nl\/author\/wva\/"}]}},"_links":{"self":[{"href":"https:\/\/worldvapersalliance.com\/nl_nl\/wp-json\/wp\/v2\/posts\/5463","targetHints":{"allow":["GET"]}}],"collection":[{"href":"https:\/\/worldvapersalliance.com\/nl_nl\/wp-json\/wp\/v2\/posts"}],"about":[{"href":"https:\/\/worldvapersalliance.com\/nl_nl\/wp-json\/wp\/v2\/types\/post"}],"author":[{"embeddable":true,"href":"https:\/\/worldvapersalliance.com\/nl_nl\/wp-json\/wp\/v2\/users\/11"}],"replies":[{"embeddable":true,"href":"https:\/\/worldvapersalliance.com\/nl_nl\/wp-json\/wp\/v2\/comments?post=5463"}],"version-history":[{"count":0,"href":"https:\/\/worldvapersalliance.com\/nl_nl\/wp-json\/wp\/v2\/posts\/5463\/revisions"}],"wp:featuredmedia":[{"embeddable":true,"href":"https:\/\/worldvapersalliance.com\/nl_nl\/wp-json\/wp\/v2\/media\/6394"}],"wp:attachment":[{"href":"https:\/\/worldvapersalliance.com\/nl_nl\/wp-json\/wp\/v2\/media?parent=5463"}],"wp:term":[{"taxonomy":"category","embeddable":true,"href":"https:\/\/worldvapersalliance.com\/nl_nl\/wp-json\/wp\/v2\/categories?post=5463"},{"taxonomy":"post_tag","embeddable":true,"href":"https:\/\/worldvapersalliance.com\/nl_nl\/wp-json\/wp\/v2\/tags?post=5463"}],"curies":[{"name":"wp","href":"https:\/\/api.w.org\/{rel}","templated":true}]}}