{"id":3135,"date":"2022-09-19T04:41:37","date_gmt":"2022-09-19T08:41:37","guid":{"rendered":"https:\/\/worldvapersalliance.com\/?p=3135"},"modified":"2022-10-12T04:15:42","modified_gmt":"2022-10-12T08:15:42","slug":"when-will-fda-finally-admit-the-so-called-epidemic-is-over","status":"publish","type":"post","link":"https:\/\/worldvapersalliance.com\/nl_nl\/when-will-fda-finally-admit-the-so-called-epidemic-is-over\/","title":{"rendered":"Nu het vapen onder jongeren blijft afnemen, wanneer zal de FDA eindelijk het zogenaamde vapen toestaan?"},"content":{"rendered":"<p><strong>Nu het vapen onder jongeren blijft afnemen, wanneer zal de FDA eindelijk toegeven dat de zogenaamde &#039;epidemie&#039; voorbij is?<\/strong><\/p>\n<p><span style=\"font-weight: 400;\">Vraag het aan elke volwassen vaper en hij of zij zal je zonder twijfel vertellen dat smaken cruciaal zijn om te stoppen met roken en van het roken van sigaretten af te blijven.<\/span><\/p>\n<p><span style=\"font-weight: 400;\">Ik herinner me nog dat ik in 2013 een vape-apparaat kocht. Ik gebruikte ongeveer twee weken een e-liquid met tabaksmaak. Toen veranderde er iets in mijn smaakpapillen en reukvermogen. Ik wilde niets meer dat me aan roken deed denken. Sterker nog, ik kon de smaak niet meer verdragen. Alles wat me aan roken deed denken, sprak me niet aan. Ik stapte snel over op een e-liquid met pi\u00f1a colada-smaak. Daarna ging ik over op andere smaken zoals aardbei-perzik, koffie, bosbessendonut en nog veel meer. Deze ervaring was leuk voor me, omdat het vapen interessant voor me bleef en de mogelijkheden eindeloos waren. Dit maakte vapen niet alleen een manier om definitief van het roken af te komen, maar het zorgde er ook voor dat ik er niet eens meer aan dacht om ooit nog een &quot;roker&quot; te worden.<\/span><\/p>\n<p><span style=\"font-weight: 400;\">Als we dat in gedachten houden, en de cijfers blijven dalen onder jongeren en het verhaal dat &quot;smaken kinderen aantrekken&quot; niet klopt, waarom wil de FDA dan niet toegeven dat deze &quot;crisis&quot; voorbij is?<\/span><\/p>\n<p><span style=\"font-weight: 400;\">Tieners gaan experimenteren; zo is het altijd al gegaan. Als dat niet zo was geweest, had ik op mijn vijftiende nooit een sigaret aangeraakt of de wijn van mijn moeder geproefd. Waarom volwassenen straffen die afhankelijk zijn van deze producten om van verbranding af te blijven, alleen maar om &quot;de jeugd te redden&quot;, terwijl de focus in werkelijkheid niet zou moeten liggen op het aantal jongeren dat dampt, maar op de afname van het roken onder jongeren.<\/span><\/p>\n<p><span style=\"font-weight: 400;\">Cijfers van de volksgezondheidsdienst zijn gebaseerd op jongeren die \u00e9\u00e9n keer in de 30 dagen proberen te vapen. Slechts \u00e9\u00e9n keer en je wordt beschouwd als een vaper. Ze vragen het duidelijk op deze manier, waardoor de volksgezondheidsdienst deze cijfers kan opblazen om ze te laten passen bij hun eigen verhaal.\u00a0<\/span><\/p>\n<p><span style=\"font-weight: 400;\">Nu de cijfers blijven dalen, rijst de echte vraag: hoe kan de volksgezondheid deze redenering doortrekken om smaakjes of vapen in het algemeen te verbieden? Hoe kunnen ze deze data blijven gebruiken als ze niet meer in het verhaal passen?<\/span><\/p>\n<p><span style=\"font-weight: 400;\">Kunnen we ooit de kloof tussen volwassen gebruikers en de volksgezondheid in de VS dichten en een compromis bereiken waar iedereen baat bij heeft?<\/span><\/p>\n<p><span style=\"font-weight: 400;\">Ik hoop dat we dat ooit zullen doen. In het belang van de volksgezondheid moeten we dat doen.<\/span><\/p>\n<p>&nbsp;<\/p>","protected":false},"excerpt":{"rendered":"<p>As youth vaping continues to decline, when will FDA finally admit the so-called \u201cepidemic\u201d is over? Ask any adult vaper and they will tell you without a doubt, flavours are crucial in quitting and staying off combustible cigarettes. I remember back in 2013 when I picked up a vaping device. I used a \u201ctobacco\u201d flavored [&hellip;]<\/p>\n","protected":false},"author":15,"featured_media":1167,"comment_status":"open","ping_status":"open","sticky":false,"template":"","format":"standard","meta":{"footnotes":""},"categories":[17],"tags":[],"class_list":["post-3135","post","type-post","status-publish","format-standard","has-post-thumbnail","hentry","category-blog"],"yoast_head":"<!-- This site is optimized with the Yoast SEO plugin v28.4 - https:\/\/yoast.com\/product\/yoast-seo-wordpress\/ -->\n<title>When will FDA admit the so-called youth vaping \u201cepidemic\u201d is over?<\/title>\n<meta name=\"description\" content=\"As the numbers continue to decline with youth use, why won\u2019t the FDA admit this so-called \u201cepidemic\u201d is over?\" \/>\n<meta name=\"robots\" content=\"index, follow, max-snippet:-1, max-image-preview:large, max-video-preview:-1\" \/>\n<link rel=\"canonical\" href=\"https:\/\/worldvapersalliance.com\/nl_nl\/when-will-fda-finally-admit-the-so-called-epidemic-is-over\/\" \/>\n<meta property=\"og:locale\" content=\"nl_NL\" \/>\n<meta property=\"og:type\" content=\"article\" \/>\n<meta property=\"og:title\" content=\"When will FDA admit the so-called youth vaping \u201cepidemic\u201d is over?\" \/>\n<meta property=\"og:description\" content=\"As the numbers continue to decline with youth use, why won\u2019t the FDA admit this so-called \u201cepidemic\u201d is over?\" \/>\n<meta property=\"og:url\" content=\"https:\/\/worldvapersalliance.com\/nl_nl\/when-will-fda-finally-admit-the-so-called-epidemic-is-over\/\" \/>\n<meta property=\"og:site_name\" content=\"World Vapers&#039; Alliance\" \/>\n<meta property=\"article:published_time\" content=\"2022-09-19T08:41:37+00:00\" \/>\n<meta property=\"article:modified_time\" content=\"2022-10-12T08:15:42+00:00\" \/>\n<meta property=\"og:image\" content=\"https:\/\/worldvapersalliance.com\/wp-content\/uploads\/2022\/05\/WVA-Blog-Image-Template-1024x945.png\" \/>\n\t<meta property=\"og:image:width\" content=\"1024\" \/>\n\t<meta property=\"og:image:height\" content=\"945\" \/>\n\t<meta property=\"og:image:type\" content=\"image\/png\" \/>\n<meta name=\"author\" content=\"Allison Boughner\" \/>\n<meta name=\"twitter:card\" content=\"summary_large_image\" \/>\n<meta name=\"twitter:label1\" content=\"Geschreven door\" \/>\n\t<meta name=\"twitter:data1\" content=\"Allison Boughner\" \/>\n\t<meta name=\"twitter:label2\" content=\"Geschatte leestijd\" \/>\n\t<meta name=\"twitter:data2\" content=\"2 minuten\" \/>\n<script type=\"application\/ld+json\" class=\"yoast-schema-graph\">{\"@context\":\"https:\\\/\\\/schema.org\",\"@graph\":[{\"@type\":\"Article\",\"@id\":\"https:\\\/\\\/worldvapersalliance.com\\\/when-will-fda-finally-admit-the-so-called-epidemic-is-over\\\/#article\",\"isPartOf\":{\"@id\":\"https:\\\/\\\/worldvapersalliance.com\\\/when-will-fda-finally-admit-the-so-called-epidemic-is-over\\\/\"},\"author\":{\"name\":\"Allison Boughner\",\"@id\":\"https:\\\/\\\/worldvapersalliance.com\\\/#\\\/schema\\\/person\\\/4374907c636bd4c714d9e83ffe212210\"},\"headline\":\"As youth vaping continues to decline, when will FDA finally admit the so-ca &hellip;\",\"datePublished\":\"2022-09-19T08:41:37+00:00\",\"dateModified\":\"2022-10-12T08:15:42+00:00\",\"mainEntityOfPage\":{\"@id\":\"https:\\\/\\\/worldvapersalliance.com\\\/when-will-fda-finally-admit-the-so-called-epidemic-is-over\\\/\"},\"wordCount\":421,\"commentCount\":1,\"publisher\":{\"@id\":\"https:\\\/\\\/worldvapersalliance.com\\\/#organization\"},\"image\":{\"@id\":\"https:\\\/\\\/worldvapersalliance.com\\\/when-will-fda-finally-admit-the-so-called-epidemic-is-over\\\/#primaryimage\"},\"thumbnailUrl\":\"https:\\\/\\\/worldvapersalliance.com\\\/wp-content\\\/uploads\\\/2022\\\/05\\\/WVA-Blog-Image-Template.png\",\"articleSection\":[\"Blog\"],\"inLanguage\":\"nl-NL\",\"potentialAction\":[{\"@type\":\"CommentAction\",\"name\":\"Comment\",\"target\":[\"https:\\\/\\\/worldvapersalliance.com\\\/when-will-fda-finally-admit-the-so-called-epidemic-is-over\\\/#respond\"]}]},{\"@type\":\"WebPage\",\"@id\":\"https:\\\/\\\/worldvapersalliance.com\\\/when-will-fda-finally-admit-the-so-called-epidemic-is-over\\\/\",\"url\":\"https:\\\/\\\/worldvapersalliance.com\\\/when-will-fda-finally-admit-the-so-called-epidemic-is-over\\\/\",\"name\":\"When will FDA admit the so-called youth vaping \u201cepidemic\u201d is over?\",\"isPartOf\":{\"@id\":\"https:\\\/\\\/worldvapersalliance.com\\\/#website\"},\"primaryImageOfPage\":{\"@id\":\"https:\\\/\\\/worldvapersalliance.com\\\/when-will-fda-finally-admit-the-so-called-epidemic-is-over\\\/#primaryimage\"},\"image\":{\"@id\":\"https:\\\/\\\/worldvapersalliance.com\\\/when-will-fda-finally-admit-the-so-called-epidemic-is-over\\\/#primaryimage\"},\"thumbnailUrl\":\"https:\\\/\\\/worldvapersalliance.com\\\/wp-content\\\/uploads\\\/2022\\\/05\\\/WVA-Blog-Image-Template.png\",\"datePublished\":\"2022-09-19T08:41:37+00:00\",\"dateModified\":\"2022-10-12T08:15:42+00:00\",\"description\":\"As the numbers continue to decline with youth use, why won\u2019t the FDA admit this so-called \u201cepidemic\u201d is over?\",\"inLanguage\":\"nl-NL\",\"potentialAction\":[{\"@type\":\"ReadAction\",\"target\":[\"https:\\\/\\\/worldvapersalliance.com\\\/when-will-fda-finally-admit-the-so-called-epidemic-is-over\\\/\"]}]},{\"@type\":\"ImageObject\",\"inLanguage\":\"nl-NL\",\"@id\":\"https:\\\/\\\/worldvapersalliance.com\\\/when-will-fda-finally-admit-the-so-called-epidemic-is-over\\\/#primaryimage\",\"url\":\"https:\\\/\\\/worldvapersalliance.com\\\/wp-content\\\/uploads\\\/2022\\\/05\\\/WVA-Blog-Image-Template.png\",\"contentUrl\":\"https:\\\/\\\/worldvapersalliance.com\\\/wp-content\\\/uploads\\\/2022\\\/05\\\/WVA-Blog-Image-Template.png\",\"width\":2081,\"height\":1920},{\"@type\":\"WebSite\",\"@id\":\"https:\\\/\\\/worldvapersalliance.com\\\/#website\",\"url\":\"https:\\\/\\\/worldvapersalliance.com\\\/\",\"name\":\"World Vapers&#039; Alliance\",\"description\":\"The largest community of vapers\",\"publisher\":{\"@id\":\"https:\\\/\\\/worldvapersalliance.com\\\/#organization\"},\"potentialAction\":[{\"@type\":\"SearchAction\",\"target\":{\"@type\":\"EntryPoint\",\"urlTemplate\":\"https:\\\/\\\/worldvapersalliance.com\\\/?s={search_term_string}\"},\"query-input\":{\"@type\":\"PropertyValueSpecification\",\"valueRequired\":true,\"valueName\":\"search_term_string\"}}],\"inLanguage\":\"nl-NL\"},{\"@type\":\"Organization\",\"@id\":\"https:\\\/\\\/worldvapersalliance.com\\\/#organization\",\"name\":\"World Vapers&#039; Alliance\",\"url\":\"https:\\\/\\\/worldvapersalliance.com\\\/\",\"logo\":{\"@type\":\"ImageObject\",\"inLanguage\":\"nl-NL\",\"@id\":\"https:\\\/\\\/worldvapersalliance.com\\\/#\\\/schema\\\/logo\\\/image\\\/\",\"url\":\"https:\\\/\\\/worldvapersalliance.com\\\/wp-content\\\/uploads\\\/2022\\\/01\\\/WVA_RB_Fist_G.png\",\"contentUrl\":\"https:\\\/\\\/worldvapersalliance.com\\\/wp-content\\\/uploads\\\/2022\\\/01\\\/WVA_RB_Fist_G.png\",\"width\":985,\"height\":1177,\"caption\":\"World Vapers&#039; Alliance\"},\"image\":{\"@id\":\"https:\\\/\\\/worldvapersalliance.com\\\/#\\\/schema\\\/logo\\\/image\\\/\"}},{\"@type\":\"Person\",\"@id\":\"https:\\\/\\\/worldvapersalliance.com\\\/#\\\/schema\\\/person\\\/4374907c636bd4c714d9e83ffe212210\",\"name\":\"Allison Boughner\",\"image\":{\"@type\":\"ImageObject\",\"inLanguage\":\"nl-NL\",\"@id\":\"https:\\\/\\\/secure.gravatar.com\\\/avatar\\\/0adda45950b78af1ce831138d0c35a1e961a38a9c71ccb58302e7e4fb54bbf31?s=96&d=mm&r=g\",\"url\":\"https:\\\/\\\/secure.gravatar.com\\\/avatar\\\/0adda45950b78af1ce831138d0c35a1e961a38a9c71ccb58302e7e4fb54bbf31?s=96&d=mm&r=g\",\"contentUrl\":\"https:\\\/\\\/secure.gravatar.com\\\/avatar\\\/0adda45950b78af1ce831138d0c35a1e961a38a9c71ccb58302e7e4fb54bbf31?s=96&d=mm&r=g\",\"caption\":\"Allison Boughner\"},\"url\":\"https:\\\/\\\/worldvapersalliance.com\\\/nl_nl\\\/author\\\/allison\\\/\"}]}<\/script>\n<!-- \/ Yoast SEO plugin. -->","yoast_head_json":{"title":"Wanneer zal de FDA toegeven dat de zogenaamde \u201cepidemie\u201d onder jongeren voorbij is?","description":"Terwijl de cijfers onder jongeren blijven dalen, waarom wil de FDA dan niet toegeven dat deze zogenaamde &#039;epidemie&#039; voorbij is?","robots":{"index":"index","follow":"follow","max-snippet":"max-snippet:-1","max-image-preview":"max-image-preview:large","max-video-preview":"max-video-preview:-1"},"canonical":"https:\/\/worldvapersalliance.com\/nl_nl\/when-will-fda-finally-admit-the-so-called-epidemic-is-over\/","og_locale":"nl_NL","og_type":"article","og_title":"When will FDA admit the so-called youth vaping \u201cepidemic\u201d is over?","og_description":"As the numbers continue to decline with youth use, why won\u2019t the FDA admit this so-called \u201cepidemic\u201d is over?","og_url":"https:\/\/worldvapersalliance.com\/nl_nl\/when-will-fda-finally-admit-the-so-called-epidemic-is-over\/","og_site_name":"World Vapers&#039; Alliance","article_published_time":"2022-09-19T08:41:37+00:00","article_modified_time":"2022-10-12T08:15:42+00:00","og_image":[{"width":1024,"height":945,"url":"https:\/\/worldvapersalliance.com\/wp-content\/uploads\/2022\/05\/WVA-Blog-Image-Template-1024x945.png","type":"image\/png"}],"author":"Allison Boughner","twitter_card":"summary_large_image","twitter_misc":{"Geschreven door":"Allison Boughner","Geschatte leestijd":"2 minuten"},"schema":{"@context":"https:\/\/schema.org","@graph":[{"@type":"Article","@id":"https:\/\/worldvapersalliance.com\/when-will-fda-finally-admit-the-so-called-epidemic-is-over\/#article","isPartOf":{"@id":"https:\/\/worldvapersalliance.com\/when-will-fda-finally-admit-the-so-called-epidemic-is-over\/"},"author":{"name":"Allison Boughner","@id":"https:\/\/worldvapersalliance.com\/#\/schema\/person\/4374907c636bd4c714d9e83ffe212210"},"headline":"As youth vaping continues to decline, when will FDA finally admit the so-ca &hellip;","datePublished":"2022-09-19T08:41:37+00:00","dateModified":"2022-10-12T08:15:42+00:00","mainEntityOfPage":{"@id":"https:\/\/worldvapersalliance.com\/when-will-fda-finally-admit-the-so-called-epidemic-is-over\/"},"wordCount":421,"commentCount":1,"publisher":{"@id":"https:\/\/worldvapersalliance.com\/#organization"},"image":{"@id":"https:\/\/worldvapersalliance.com\/when-will-fda-finally-admit-the-so-called-epidemic-is-over\/#primaryimage"},"thumbnailUrl":"https:\/\/worldvapersalliance.com\/wp-content\/uploads\/2022\/05\/WVA-Blog-Image-Template.png","articleSection":["Blog"],"inLanguage":"nl-NL","potentialAction":[{"@type":"CommentAction","name":"Comment","target":["https:\/\/worldvapersalliance.com\/when-will-fda-finally-admit-the-so-called-epidemic-is-over\/#respond"]}]},{"@type":"WebPage","@id":"https:\/\/worldvapersalliance.com\/when-will-fda-finally-admit-the-so-called-epidemic-is-over\/","url":"https:\/\/worldvapersalliance.com\/when-will-fda-finally-admit-the-so-called-epidemic-is-over\/","name":"Wanneer zal de FDA toegeven dat de zogenaamde \u201cepidemie\u201d onder jongeren voorbij is?","isPartOf":{"@id":"https:\/\/worldvapersalliance.com\/#website"},"primaryImageOfPage":{"@id":"https:\/\/worldvapersalliance.com\/when-will-fda-finally-admit-the-so-called-epidemic-is-over\/#primaryimage"},"image":{"@id":"https:\/\/worldvapersalliance.com\/when-will-fda-finally-admit-the-so-called-epidemic-is-over\/#primaryimage"},"thumbnailUrl":"https:\/\/worldvapersalliance.com\/wp-content\/uploads\/2022\/05\/WVA-Blog-Image-Template.png","datePublished":"2022-09-19T08:41:37+00:00","dateModified":"2022-10-12T08:15:42+00:00","description":"Terwijl de cijfers onder jongeren blijven dalen, waarom wil de FDA dan niet toegeven dat deze zogenaamde &#039;epidemie&#039; voorbij is?","inLanguage":"nl-NL","potentialAction":[{"@type":"ReadAction","target":["https:\/\/worldvapersalliance.com\/when-will-fda-finally-admit-the-so-called-epidemic-is-over\/"]}]},{"@type":"ImageObject","inLanguage":"nl-NL","@id":"https:\/\/worldvapersalliance.com\/when-will-fda-finally-admit-the-so-called-epidemic-is-over\/#primaryimage","url":"https:\/\/worldvapersalliance.com\/wp-content\/uploads\/2022\/05\/WVA-Blog-Image-Template.png","contentUrl":"https:\/\/worldvapersalliance.com\/wp-content\/uploads\/2022\/05\/WVA-Blog-Image-Template.png","width":2081,"height":1920},{"@type":"WebSite","@id":"https:\/\/worldvapersalliance.com\/#website","url":"https:\/\/worldvapersalliance.com\/","name":"Wereld Vapers&#039; Alliantie","description":"De grootste gemeenschap van vapers","publisher":{"@id":"https:\/\/worldvapersalliance.com\/#organization"},"potentialAction":[{"@type":"SearchAction","target":{"@type":"EntryPoint","urlTemplate":"https:\/\/worldvapersalliance.com\/?s={search_term_string}"},"query-input":{"@type":"PropertyValueSpecification","valueRequired":true,"valueName":"search_term_string"}}],"inLanguage":"nl-NL"},{"@type":"Organization","@id":"https:\/\/worldvapersalliance.com\/#organization","name":"Wereld Vapers&#039; Alliantie","url":"https:\/\/worldvapersalliance.com\/","logo":{"@type":"ImageObject","inLanguage":"nl-NL","@id":"https:\/\/worldvapersalliance.com\/#\/schema\/logo\/image\/","url":"https:\/\/worldvapersalliance.com\/wp-content\/uploads\/2022\/01\/WVA_RB_Fist_G.png","contentUrl":"https:\/\/worldvapersalliance.com\/wp-content\/uploads\/2022\/01\/WVA_RB_Fist_G.png","width":985,"height":1177,"caption":"World Vapers&#039; Alliance"},"image":{"@id":"https:\/\/worldvapersalliance.com\/#\/schema\/logo\/image\/"}},{"@type":"Person","@id":"https:\/\/worldvapersalliance.com\/#\/schema\/person\/4374907c636bd4c714d9e83ffe212210","name":"Allison Boughner","image":{"@type":"ImageObject","inLanguage":"nl-NL","@id":"https:\/\/secure.gravatar.com\/avatar\/0adda45950b78af1ce831138d0c35a1e961a38a9c71ccb58302e7e4fb54bbf31?s=96&d=mm&r=g","url":"https:\/\/secure.gravatar.com\/avatar\/0adda45950b78af1ce831138d0c35a1e961a38a9c71ccb58302e7e4fb54bbf31?s=96&d=mm&r=g","contentUrl":"https:\/\/secure.gravatar.com\/avatar\/0adda45950b78af1ce831138d0c35a1e961a38a9c71ccb58302e7e4fb54bbf31?s=96&d=mm&r=g","caption":"Allison Boughner"},"url":"https:\/\/worldvapersalliance.com\/nl_nl\/author\/allison\/"}]}},"_links":{"self":[{"href":"https:\/\/worldvapersalliance.com\/nl_nl\/wp-json\/wp\/v2\/posts\/3135","targetHints":{"allow":["GET"]}}],"collection":[{"href":"https:\/\/worldvapersalliance.com\/nl_nl\/wp-json\/wp\/v2\/posts"}],"about":[{"href":"https:\/\/worldvapersalliance.com\/nl_nl\/wp-json\/wp\/v2\/types\/post"}],"author":[{"embeddable":true,"href":"https:\/\/worldvapersalliance.com\/nl_nl\/wp-json\/wp\/v2\/users\/15"}],"replies":[{"embeddable":true,"href":"https:\/\/worldvapersalliance.com\/nl_nl\/wp-json\/wp\/v2\/comments?post=3135"}],"version-history":[{"count":0,"href":"https:\/\/worldvapersalliance.com\/nl_nl\/wp-json\/wp\/v2\/posts\/3135\/revisions"}],"wp:featuredmedia":[{"embeddable":true,"href":"https:\/\/worldvapersalliance.com\/nl_nl\/wp-json\/wp\/v2\/media\/1167"}],"wp:attachment":[{"href":"https:\/\/worldvapersalliance.com\/nl_nl\/wp-json\/wp\/v2\/media?parent=3135"}],"wp:term":[{"taxonomy":"category","embeddable":true,"href":"https:\/\/worldvapersalliance.com\/nl_nl\/wp-json\/wp\/v2\/categories?post=3135"},{"taxonomy":"post_tag","embeddable":true,"href":"https:\/\/worldvapersalliance.com\/nl_nl\/wp-json\/wp\/v2\/tags?post=3135"}],"curies":[{"name":"wp","href":"https:\/\/api.w.org\/{rel}","templated":true}]}}