{"id":1457,"date":"2022-05-18T07:32:52","date_gmt":"2022-05-18T11:32:52","guid":{"rendered":"https:\/\/worldvapersalliance.com\/?p=1457"},"modified":"2022-05-25T07:34:13","modified_gmt":"2022-05-25T11:34:13","slug":"fiera-della-sigaretta-elettronica-vapitaly-giacomello-7143-volte-grazie","status":"publish","type":"post","link":"https:\/\/worldvapersalliance.com\/nl_nl\/fiera-della-sigaretta-elettronica-vapitaly-giacomello-7143-volte-grazie\/","title":{"rendered":"Fiera della sigaretten elektronische Vapitaly, Giacomello: \u201c7143 volte grazi \u2026"},"content":{"rendered":"<h5 class=\"post-subtitle\">Toen Verona vorig jaar stopte, werd het een hoofdrolspeler in de wereld van vapen.<\/h5>\n<p>Uiteindelijk is het allemaal normaal, de motor gaat door met het rippen van een intercomparto. Het internationale vuur van elektronische sigaretten werd in 2015 gepresenteerd als een moment van confrontatie, een waarschuwing en een gevoel van een intercomparto; Ik heb een einde gemaakt aan de onoplettendheid van het bedrog dat mijn laatste rituelen zijn die nu een ander persoonstarief opleveren. Van 14 tot 16 uur zijn er 7.143 mensen binnengekomen. Zeker, niet in het aantal edities van 2019, terwijl ik een triplo bezoek en een ander punt van ripartenza.<\/p>\n<p>\u201c<em>Voglio dire 7.143 volte grazie<\/em>\u00a0 \u2013 commentaar Mos\u00e8 Giacomello, voorzitter van Vapitaly \u2013 <em>in deze kleur kun je het vuurpad van de padiglione verkennen. Grazie agli espositori che no creduto sin dall&#039;inizio a vventura, grazie ai visitatori che no arricchito l&#039;esposizione con i loro colori en la loro curiosit\u00e0, grazie ai collaboratori dell&#039;organizzazione che si sono fatti carico di tutte le incombenze pratiche en formali, grazie agli ospiti che is animato il palco. Het vuur in de presentatie, het succes, de valorisatie en de waarde van relaties en zakenrelaties zijn groot. Als u een bedrijf bent dat de schuld van de ripartenza en het vet krijgt, is het de jaarlijkse overeenkomst voor een jaarabonnement voor een vergelijking met uw interland. Er is een verantwoordelijkheid die u kunt nemen als u wilt dat u de hele uitgeverij inschakelt om de trampolino van het land te gebruiken voor de professionele damper. Auspichiamo che nel 2023 la fiera del vaping sar\u00e0 la pi\u00f9 grande di sempre\u201d.<\/em><\/p>\n<p>&nbsp;<\/p>\n<p>Lees het volledige artikel <a href=\"https:\/\/www.sigmagazine.it\/2022\/05\/vapitaly-bilancio\/\">hier<\/a><\/p>","protected":false},"excerpt":{"rendered":"<p>Dopo tre anni di stop forzato, Verona \u00e8 tornata ad essere protagonista dell&#8217;evento di riferimento del mondo del vaping. E finalmente si \u00e8 tornati alla normalit\u00e0, il motore \u00e8 stato riavviato per la ripresa di un intero comparto. La fiera internazionale della sigaretta elettronica Vapitaly dal 2015 rappresenta il momento di confronto, approfondimento e conoscenza [&hellip;]<\/p>\n","protected":false},"author":11,"featured_media":6394,"comment_status":"open","ping_status":"open","sticky":false,"template":"","format":"standard","meta":{"footnotes":""},"categories":[15],"tags":[],"class_list":["post-1457","post","type-post","status-publish","format-standard","has-post-thumbnail","hentry","category-wva-in-the-news"],"yoast_head":"<!-- This site is optimized with the Yoast SEO plugin v27.3 - https:\/\/yoast.com\/product\/yoast-seo-wordpress\/ -->\n<title>Fiera della sigaretta elettronica Vapitaly, Giacomello: \u201c7143 volte grazie\u201d - World Vapers&#039; Alliance<\/title>\n<meta name=\"robots\" content=\"index, follow, max-snippet:-1, max-image-preview:large, max-video-preview:-1\" \/>\n<link rel=\"canonical\" href=\"https:\/\/worldvapersalliance.com\/nl_nl\/fiera-della-sigaretta-elettronica-vapitaly-giacomello-7143-volte-grazie\/\" \/>\n<meta property=\"og:locale\" content=\"nl_NL\" \/>\n<meta property=\"og:type\" content=\"article\" \/>\n<meta property=\"og:title\" content=\"Fiera della sigaretta elettronica Vapitaly, Giacomello: \u201c7143 volte grazie\u201d - World Vapers&#039; Alliance\" \/>\n<meta property=\"og:description\" content=\"Dopo tre anni di stop forzato, Verona \u00e8 tornata ad essere protagonista dell&#8217;evento di riferimento del mondo del vaping. E finalmente si \u00e8 tornati alla normalit\u00e0, il motore \u00e8 stato riavviato per la ripresa di un intero comparto. La fiera internazionale della sigaretta elettronica Vapitaly dal 2015 rappresenta il momento di confronto, approfondimento e conoscenza [&hellip;]\" \/>\n<meta property=\"og:url\" content=\"https:\/\/worldvapersalliance.com\/nl_nl\/fiera-della-sigaretta-elettronica-vapitaly-giacomello-7143-volte-grazie\/\" \/>\n<meta property=\"og:site_name\" content=\"World Vapers&#039; Alliance\" \/>\n<meta property=\"article:published_time\" content=\"2022-05-18T11:32:52+00:00\" \/>\n<meta property=\"article:modified_time\" content=\"2022-05-25T11:34:13+00:00\" \/>\n<meta property=\"og:image\" content=\"https:\/\/worldvapersalliance.com\/wp-content\/uploads\/2022\/03\/World_Vapers_Alliance_Logo_White_Stripes.png\" \/>\n\t<meta property=\"og:image:width\" content=\"2081\" \/>\n\t<meta property=\"og:image:height\" content=\"1920\" \/>\n\t<meta property=\"og:image:type\" content=\"image\/png\" \/>\n<meta name=\"author\" content=\"World Vapers&#039; Alliance\" \/>\n<meta name=\"twitter:card\" content=\"summary_large_image\" \/>\n<meta name=\"twitter:label1\" content=\"Geschreven door\" \/>\n\t<meta name=\"twitter:data1\" content=\"World Vapers&#039; Alliance\" \/>\n\t<meta name=\"twitter:label2\" content=\"Geschatte leestijd\" \/>\n\t<meta name=\"twitter:data2\" content=\"1 minuut\" \/>\n<script type=\"application\/ld+json\" class=\"yoast-schema-graph\">{\"@context\":\"https:\\\/\\\/schema.org\",\"@graph\":[{\"@type\":\"Article\",\"@id\":\"https:\\\/\\\/worldvapersalliance.com\\\/fiera-della-sigaretta-elettronica-vapitaly-giacomello-7143-volte-grazie\\\/#article\",\"isPartOf\":{\"@id\":\"https:\\\/\\\/worldvapersalliance.com\\\/fiera-della-sigaretta-elettronica-vapitaly-giacomello-7143-volte-grazie\\\/\"},\"author\":{\"name\":\"World Vapers' Alliance\",\"@id\":\"https:\\\/\\\/worldvapersalliance.com\\\/#\\\/schema\\\/person\\\/18484a6f20bcc6f70a2419c8babe017d\"},\"headline\":\"Fiera della sigaretta elettronica Vapitaly, Giacomello: \u201c7143 volte grazi &hellip;\",\"datePublished\":\"2022-05-18T11:32:52+00:00\",\"dateModified\":\"2022-05-25T11:34:13+00:00\",\"mainEntityOfPage\":{\"@id\":\"https:\\\/\\\/worldvapersalliance.com\\\/fiera-della-sigaretta-elettronica-vapitaly-giacomello-7143-volte-grazie\\\/\"},\"wordCount\":279,\"commentCount\":0,\"publisher\":{\"@id\":\"https:\\\/\\\/worldvapersalliance.com\\\/#organization\"},\"image\":{\"@id\":\"https:\\\/\\\/worldvapersalliance.com\\\/fiera-della-sigaretta-elettronica-vapitaly-giacomello-7143-volte-grazie\\\/#primaryimage\"},\"thumbnailUrl\":\"https:\\\/\\\/worldvapersalliance.com\\\/wp-content\\\/uploads\\\/2025\\\/08\\\/WVA-in-the-news.png\",\"articleSection\":[\"WVA in the News\"],\"inLanguage\":\"nl-NL\",\"potentialAction\":[{\"@type\":\"CommentAction\",\"name\":\"Comment\",\"target\":[\"https:\\\/\\\/worldvapersalliance.com\\\/fiera-della-sigaretta-elettronica-vapitaly-giacomello-7143-volte-grazie\\\/#respond\"]}]},{\"@type\":\"WebPage\",\"@id\":\"https:\\\/\\\/worldvapersalliance.com\\\/fiera-della-sigaretta-elettronica-vapitaly-giacomello-7143-volte-grazie\\\/\",\"url\":\"https:\\\/\\\/worldvapersalliance.com\\\/fiera-della-sigaretta-elettronica-vapitaly-giacomello-7143-volte-grazie\\\/\",\"name\":\"Fiera della sigaretta elettronica Vapitaly, Giacomello: \u201c7143 volte grazie\u201d - World Vapers&#039; Alliance\",\"isPartOf\":{\"@id\":\"https:\\\/\\\/worldvapersalliance.com\\\/#website\"},\"primaryImageOfPage\":{\"@id\":\"https:\\\/\\\/worldvapersalliance.com\\\/fiera-della-sigaretta-elettronica-vapitaly-giacomello-7143-volte-grazie\\\/#primaryimage\"},\"image\":{\"@id\":\"https:\\\/\\\/worldvapersalliance.com\\\/fiera-della-sigaretta-elettronica-vapitaly-giacomello-7143-volte-grazie\\\/#primaryimage\"},\"thumbnailUrl\":\"https:\\\/\\\/worldvapersalliance.com\\\/wp-content\\\/uploads\\\/2025\\\/08\\\/WVA-in-the-news.png\",\"datePublished\":\"2022-05-18T11:32:52+00:00\",\"dateModified\":\"2022-05-25T11:34:13+00:00\",\"inLanguage\":\"nl-NL\",\"potentialAction\":[{\"@type\":\"ReadAction\",\"target\":[\"https:\\\/\\\/worldvapersalliance.com\\\/fiera-della-sigaretta-elettronica-vapitaly-giacomello-7143-volte-grazie\\\/\"]}]},{\"@type\":\"ImageObject\",\"inLanguage\":\"nl-NL\",\"@id\":\"https:\\\/\\\/worldvapersalliance.com\\\/fiera-della-sigaretta-elettronica-vapitaly-giacomello-7143-volte-grazie\\\/#primaryimage\",\"url\":\"https:\\\/\\\/worldvapersalliance.com\\\/wp-content\\\/uploads\\\/2025\\\/08\\\/WVA-in-the-news.png\",\"contentUrl\":\"https:\\\/\\\/worldvapersalliance.com\\\/wp-content\\\/uploads\\\/2025\\\/08\\\/WVA-in-the-news.png\",\"width\":1264,\"height\":848},{\"@type\":\"WebSite\",\"@id\":\"https:\\\/\\\/worldvapersalliance.com\\\/#website\",\"url\":\"https:\\\/\\\/worldvapersalliance.com\\\/\",\"name\":\"World Vapers&#039; Alliance\",\"description\":\"The largest community of vapers\",\"publisher\":{\"@id\":\"https:\\\/\\\/worldvapersalliance.com\\\/#organization\"},\"potentialAction\":[{\"@type\":\"SearchAction\",\"target\":{\"@type\":\"EntryPoint\",\"urlTemplate\":\"https:\\\/\\\/worldvapersalliance.com\\\/?s={search_term_string}\"},\"query-input\":{\"@type\":\"PropertyValueSpecification\",\"valueRequired\":true,\"valueName\":\"search_term_string\"}}],\"inLanguage\":\"nl-NL\"},{\"@type\":\"Organization\",\"@id\":\"https:\\\/\\\/worldvapersalliance.com\\\/#organization\",\"name\":\"World Vapers&#039; Alliance\",\"url\":\"https:\\\/\\\/worldvapersalliance.com\\\/\",\"logo\":{\"@type\":\"ImageObject\",\"inLanguage\":\"nl-NL\",\"@id\":\"https:\\\/\\\/worldvapersalliance.com\\\/#\\\/schema\\\/logo\\\/image\\\/\",\"url\":\"https:\\\/\\\/worldvapersalliance.com\\\/wp-content\\\/uploads\\\/2022\\\/01\\\/WVA_RB_Fist_G.png\",\"contentUrl\":\"https:\\\/\\\/worldvapersalliance.com\\\/wp-content\\\/uploads\\\/2022\\\/01\\\/WVA_RB_Fist_G.png\",\"width\":985,\"height\":1177,\"caption\":\"World Vapers&#039; Alliance\"},\"image\":{\"@id\":\"https:\\\/\\\/worldvapersalliance.com\\\/#\\\/schema\\\/logo\\\/image\\\/\"}},{\"@type\":\"Person\",\"@id\":\"https:\\\/\\\/worldvapersalliance.com\\\/#\\\/schema\\\/person\\\/18484a6f20bcc6f70a2419c8babe017d\",\"name\":\"World Vapers' Alliance\",\"image\":{\"@type\":\"ImageObject\",\"inLanguage\":\"nl-NL\",\"@id\":\"https:\\\/\\\/secure.gravatar.com\\\/avatar\\\/456bf795c7a47c9ac527a94da4bff150aa49e48726d69bee9937f8383cffa246?s=96&d=mm&r=g\",\"url\":\"https:\\\/\\\/secure.gravatar.com\\\/avatar\\\/456bf795c7a47c9ac527a94da4bff150aa49e48726d69bee9937f8383cffa246?s=96&d=mm&r=g\",\"contentUrl\":\"https:\\\/\\\/secure.gravatar.com\\\/avatar\\\/456bf795c7a47c9ac527a94da4bff150aa49e48726d69bee9937f8383cffa246?s=96&d=mm&r=g\",\"caption\":\"World Vapers' Alliance\"},\"url\":\"https:\\\/\\\/worldvapersalliance.com\\\/nl_nl\\\/author\\\/wva\\\/\"}]}<\/script>\n<!-- \/ Yoast SEO plugin. -->","yoast_head_json":{"title":"Fiera della sigaretten elettronica Vapitaly, Giacomello: \u201c7143 volte grazie\u201d - World Vapers&#039; Alliance","robots":{"index":"index","follow":"follow","max-snippet":"max-snippet:-1","max-image-preview":"max-image-preview:large","max-video-preview":"max-video-preview:-1"},"canonical":"https:\/\/worldvapersalliance.com\/nl_nl\/fiera-della-sigaretta-elettronica-vapitaly-giacomello-7143-volte-grazie\/","og_locale":"nl_NL","og_type":"article","og_title":"Fiera della sigaretta elettronica Vapitaly, Giacomello: \u201c7143 volte grazie\u201d - World Vapers&#039; Alliance","og_description":"Dopo tre anni di stop forzato, Verona \u00e8 tornata ad essere protagonista dell&#8217;evento di riferimento del mondo del vaping. E finalmente si \u00e8 tornati alla normalit\u00e0, il motore \u00e8 stato riavviato per la ripresa di un intero comparto. La fiera internazionale della sigaretta elettronica Vapitaly dal 2015 rappresenta il momento di confronto, approfondimento e conoscenza [&hellip;]","og_url":"https:\/\/worldvapersalliance.com\/nl_nl\/fiera-della-sigaretta-elettronica-vapitaly-giacomello-7143-volte-grazie\/","og_site_name":"World Vapers&#039; Alliance","article_published_time":"2022-05-18T11:32:52+00:00","article_modified_time":"2022-05-25T11:34:13+00:00","og_image":[{"width":2081,"height":1920,"url":"https:\/\/worldvapersalliance.com\/wp-content\/uploads\/2022\/03\/World_Vapers_Alliance_Logo_White_Stripes.png","type":"image\/png"}],"author":"World Vapers' Alliance","twitter_card":"summary_large_image","twitter_misc":{"Geschreven door":"World Vapers' Alliance","Geschatte leestijd":"1 minuut"},"schema":{"@context":"https:\/\/schema.org","@graph":[{"@type":"Article","@id":"https:\/\/worldvapersalliance.com\/fiera-della-sigaretta-elettronica-vapitaly-giacomello-7143-volte-grazie\/#article","isPartOf":{"@id":"https:\/\/worldvapersalliance.com\/fiera-della-sigaretta-elettronica-vapitaly-giacomello-7143-volte-grazie\/"},"author":{"name":"World Vapers' Alliance","@id":"https:\/\/worldvapersalliance.com\/#\/schema\/person\/18484a6f20bcc6f70a2419c8babe017d"},"headline":"Fiera della sigaretta elettronica Vapitaly, Giacomello: \u201c7143 volte grazi &hellip;","datePublished":"2022-05-18T11:32:52+00:00","dateModified":"2022-05-25T11:34:13+00:00","mainEntityOfPage":{"@id":"https:\/\/worldvapersalliance.com\/fiera-della-sigaretta-elettronica-vapitaly-giacomello-7143-volte-grazie\/"},"wordCount":279,"commentCount":0,"publisher":{"@id":"https:\/\/worldvapersalliance.com\/#organization"},"image":{"@id":"https:\/\/worldvapersalliance.com\/fiera-della-sigaretta-elettronica-vapitaly-giacomello-7143-volte-grazie\/#primaryimage"},"thumbnailUrl":"https:\/\/worldvapersalliance.com\/wp-content\/uploads\/2025\/08\/WVA-in-the-news.png","articleSection":["WVA in the News"],"inLanguage":"nl-NL","potentialAction":[{"@type":"CommentAction","name":"Comment","target":["https:\/\/worldvapersalliance.com\/fiera-della-sigaretta-elettronica-vapitaly-giacomello-7143-volte-grazie\/#respond"]}]},{"@type":"WebPage","@id":"https:\/\/worldvapersalliance.com\/fiera-della-sigaretta-elettronica-vapitaly-giacomello-7143-volte-grazie\/","url":"https:\/\/worldvapersalliance.com\/fiera-della-sigaretta-elettronica-vapitaly-giacomello-7143-volte-grazie\/","name":"Fiera della sigaretten elettronica Vapitaly, Giacomello: \u201c7143 volte grazie\u201d - World Vapers&#039; Alliance","isPartOf":{"@id":"https:\/\/worldvapersalliance.com\/#website"},"primaryImageOfPage":{"@id":"https:\/\/worldvapersalliance.com\/fiera-della-sigaretta-elettronica-vapitaly-giacomello-7143-volte-grazie\/#primaryimage"},"image":{"@id":"https:\/\/worldvapersalliance.com\/fiera-della-sigaretta-elettronica-vapitaly-giacomello-7143-volte-grazie\/#primaryimage"},"thumbnailUrl":"https:\/\/worldvapersalliance.com\/wp-content\/uploads\/2025\/08\/WVA-in-the-news.png","datePublished":"2022-05-18T11:32:52+00:00","dateModified":"2022-05-25T11:34:13+00:00","inLanguage":"nl-NL","potentialAction":[{"@type":"ReadAction","target":["https:\/\/worldvapersalliance.com\/fiera-della-sigaretta-elettronica-vapitaly-giacomello-7143-volte-grazie\/"]}]},{"@type":"ImageObject","inLanguage":"nl-NL","@id":"https:\/\/worldvapersalliance.com\/fiera-della-sigaretta-elettronica-vapitaly-giacomello-7143-volte-grazie\/#primaryimage","url":"https:\/\/worldvapersalliance.com\/wp-content\/uploads\/2025\/08\/WVA-in-the-news.png","contentUrl":"https:\/\/worldvapersalliance.com\/wp-content\/uploads\/2025\/08\/WVA-in-the-news.png","width":1264,"height":848},{"@type":"WebSite","@id":"https:\/\/worldvapersalliance.com\/#website","url":"https:\/\/worldvapersalliance.com\/","name":"Wereld Vapers&#039; Alliantie","description":"De grootste gemeenschap van vapers","publisher":{"@id":"https:\/\/worldvapersalliance.com\/#organization"},"potentialAction":[{"@type":"SearchAction","target":{"@type":"EntryPoint","urlTemplate":"https:\/\/worldvapersalliance.com\/?s={search_term_string}"},"query-input":{"@type":"PropertyValueSpecification","valueRequired":true,"valueName":"search_term_string"}}],"inLanguage":"nl-NL"},{"@type":"Organization","@id":"https:\/\/worldvapersalliance.com\/#organization","name":"Wereld Vapers&#039; Alliantie","url":"https:\/\/worldvapersalliance.com\/","logo":{"@type":"ImageObject","inLanguage":"nl-NL","@id":"https:\/\/worldvapersalliance.com\/#\/schema\/logo\/image\/","url":"https:\/\/worldvapersalliance.com\/wp-content\/uploads\/2022\/01\/WVA_RB_Fist_G.png","contentUrl":"https:\/\/worldvapersalliance.com\/wp-content\/uploads\/2022\/01\/WVA_RB_Fist_G.png","width":985,"height":1177,"caption":"World Vapers&#039; Alliance"},"image":{"@id":"https:\/\/worldvapersalliance.com\/#\/schema\/logo\/image\/"}},{"@type":"Person","@id":"https:\/\/worldvapersalliance.com\/#\/schema\/person\/18484a6f20bcc6f70a2419c8babe017d","name":"Wereld Vapers&#039; Alliantie","image":{"@type":"ImageObject","inLanguage":"nl-NL","@id":"https:\/\/secure.gravatar.com\/avatar\/456bf795c7a47c9ac527a94da4bff150aa49e48726d69bee9937f8383cffa246?s=96&d=mm&r=g","url":"https:\/\/secure.gravatar.com\/avatar\/456bf795c7a47c9ac527a94da4bff150aa49e48726d69bee9937f8383cffa246?s=96&d=mm&r=g","contentUrl":"https:\/\/secure.gravatar.com\/avatar\/456bf795c7a47c9ac527a94da4bff150aa49e48726d69bee9937f8383cffa246?s=96&d=mm&r=g","caption":"World Vapers' Alliance"},"url":"https:\/\/worldvapersalliance.com\/nl_nl\/author\/wva\/"}]}},"_links":{"self":[{"href":"https:\/\/worldvapersalliance.com\/nl_nl\/wp-json\/wp\/v2\/posts\/1457","targetHints":{"allow":["GET"]}}],"collection":[{"href":"https:\/\/worldvapersalliance.com\/nl_nl\/wp-json\/wp\/v2\/posts"}],"about":[{"href":"https:\/\/worldvapersalliance.com\/nl_nl\/wp-json\/wp\/v2\/types\/post"}],"author":[{"embeddable":true,"href":"https:\/\/worldvapersalliance.com\/nl_nl\/wp-json\/wp\/v2\/users\/11"}],"replies":[{"embeddable":true,"href":"https:\/\/worldvapersalliance.com\/nl_nl\/wp-json\/wp\/v2\/comments?post=1457"}],"version-history":[{"count":0,"href":"https:\/\/worldvapersalliance.com\/nl_nl\/wp-json\/wp\/v2\/posts\/1457\/revisions"}],"wp:featuredmedia":[{"embeddable":true,"href":"https:\/\/worldvapersalliance.com\/nl_nl\/wp-json\/wp\/v2\/media\/6394"}],"wp:attachment":[{"href":"https:\/\/worldvapersalliance.com\/nl_nl\/wp-json\/wp\/v2\/media?parent=1457"}],"wp:term":[{"taxonomy":"category","embeddable":true,"href":"https:\/\/worldvapersalliance.com\/nl_nl\/wp-json\/wp\/v2\/categories?post=1457"},{"taxonomy":"post_tag","embeddable":true,"href":"https:\/\/worldvapersalliance.com\/nl_nl\/wp-json\/wp\/v2\/tags?post=1457"}],"curies":[{"name":"wp","href":"https:\/\/api.w.org\/{rel}","templated":true}]}}