{"id":1031,"date":"2022-02-03T14:26:01","date_gmt":"2022-02-03T19:26:01","guid":{"rendered":"https:\/\/cccwva.wpengine.com\/?p=1031"},"modified":"2022-04-08T06:29:15","modified_gmt":"2022-04-08T10:29:15","slug":"espana-el-vapeo-en-el-punto-de-mira-de-los-legisladores","status":"publish","type":"post","link":"https:\/\/worldvapersalliance.com\/nl_nl\/espana-el-vapeo-en-el-punto-de-mira-de-los-legisladores\/","title":{"rendered":"Espa\u00f1a: de vapeo en het punt van de mira van de wetgevers"},"content":{"rendered":"<p>De espa\u00f1ol van Gobier is een punt waarop een grote fout kan optreden die onvermijdelijk de regulering van de damp veroorzaakt. Terwijl de vliegtuigen van het Ministerio de Sanidad aan de slag gaan, hebben de fumadores de neiging om steeds meer obstakels te vinden om de tabaco uit te schakelen en de publieke belangstelling te vergroten.<\/p>\r\n\r\n\r\n\r\n<p><strong>Het Preventie- en Controleplan van Tabaquismo \u2013 het meest bien, het Plan van Bescherming van Tabaquismo\u00a0<\/strong><\/p>\r\n\r\n\r\n\r\n<p>Publicatie in december 2021, de borrador del lamado\u00a0<em>\u201cPlan Integraal de Preventie en Controle van Tabaquismo 2021-2025\u201d<\/em>als de Gobierno de Espa\u00f1a doet alsof hij de damp van de tabaksmodus gebruikt die op tabak staat. Voor het argument dat de damp een negatief effect heeft op de salud op het plein en wat veel jongeren doen, is het vorige tabaquismo.<\/p>\r\n\r\n\r\n\r\n<p><strong>Een plan dat gebaseerd is op een sesgos en dat u de ciencia negeert<\/strong><\/p>\r\n\r\n\r\n\r\n<p>De legale Borrador presenteert een duidelijke anti-vapeo. Sommige van de meest voorkomende e-studio&#039;s (alweer tegen weerleggingen) kunnen de gevolgen van vapeo tegengaan en geen melding maken\u00a0<a href=\"https:\/\/www.gov.uk\/government\/news\/e-cigarettes-around-95-less-harmful-than-tobacco-estimates-landmark-review\">conclusies van de gezondheidsorganisatie van Gobierno Brits Public Health England<\/a>\u00a0\u2013 concreet, dat de damp een 95% is die fumar is \u2013, het is belangrijk dat het herramient is om het verbruik van tabaksrook te verminderen. Als je echter denkt dat de damp in Spanje met meer dan een miljoen gebruikers wordt gebruikt, worden er veel gebruikt om de tabak te roken. Dankzij de schattingen van het Consumer Choice Center en de World Vapers&#039; Alliance kunnen meer dan 2 miljoen mensen in Spanje alleen maar profiteren van deze cambio. De damp is een van de belangrijkste ontwikkelingen op het gebied van de publieke gezondheid en het vieren van een groot succes.<\/p>\r\n\r\n\r\n\r\n<p><strong>Begrijp het belang van de sabores niet<\/strong><\/p>\r\n\r\n\r\n\r\n<p>Het ministerie van Sanidad Carolina Darias is ervan overtuigd dat het online beschikbaar is, de kosten en de omvang van de sabores, de vormen en kleuren die op de markt verschijnen, de vapeo is een conversie naar een optie die veel toegankelijker en aantrekkelijker is voor jongeren, die begint op het tabblad vapen \u2013 een bevestiging dat het bewijsmateriaal is teruggevonden. Om dit te voorkomen, wil Gobier de ventilatie en de distributie van vapeo-producten beperken, zodat het planten van planten online ventileren verbiedt en alleen een estanco toestaat en speciale gespecialiseerde producten instelt. Als de waarde van deze producten wordt beperkt en de beschikbare kosten worden verhoogd voor volwassenen en vapeadoren, is dit meer een voordeel voor de potenti\u00eble vermindering van de tijd die de damp heeft.<\/p>\r\n\r\n\r\n\r\n<p>De bedoelingen van Gobierno zijn niet van toepassing. Doe alsof u alle sabores (behalve tabaco) verbiedt en algemene zaken en kaarten oplegt. Je ziet het gevecht met vergelijkbare medicijnen in andere landen. In San Francisco, bijvoorbeeld, het verbod op sabores is dat het aantal fumadores wordt geschonden. Het resultaat is dat er op andere delen van de wereld veel meer beperkingen zijn die een groot deel van de sigarenconsumptie mogelijk maken.<\/p>\r\n\r\n\r\n\r\n<p>Hemos hablado muchas veces sobre los sabores (<a href=\"https:\/\/worldvapersalliance.com\/nl_nl\/why-vape-flavours-matter\/\">u kunt nu meer informatie krijgen<\/a>), de sleutel is duidelijk: de sabores zijn de belangrijkste functie van de dampfunctie. Laat volwassen volwassenen het saboreren van de sigaretten toestaan. Als u dit gebruikt, is het waarschijnlijk dat deze vapeadors in de tabaco komen.<\/p>\r\n\r\n\r\n\r\n<p><strong>Gebruik de damp- en andere vormen van afwijkende tabaquismo<\/strong><\/p>\r\n\r\n\r\n\r\n<p>Terwijl dit allemaal medicijnen zijn, biedt Gobierno de mogelijkheid om de damp van de tabak te gebruiken om de tabaco uit te rusten, maar er zijn er ook die dat kunnen doen\u00a0\u00a0<a href=\"https:\/\/www.ncbi.nlm.nih.gov\/pmc\/articles\/PMC7880200\/\">bewijsmateriaal<\/a>\u00a0het is belangrijk dat de producten die aan deze producten worden toegevoegd, op het tabblad van de tabaquismo terechtkomen.<\/p>\r\n\r\n\r\n\r\n<p>Bovendien zijn er steeds meer soorten humoristische dranken, inclusief vapeo en deze categorie en uitrusting voor tabak. Zorg ervoor dat de spuitbussen die worden uitgestoten door de vape-apparaten niet alleen voor hun gebruikelijke gebruiksdoeleinden worden gebruikt, maar ook voor alle waterverbruikers. Na meer realiteitszin, kan een recente studiestudie een feit zijn\u00a0<a href=\"http:\/\/www.openscienceonline.com\/journal\/archive2?journalId=718&amp;paperId=4979#:~:text=Specifically%2C%20at%20a%20distance%20of,use%20of%20the%20e%2Dcigarettes.\">en in een calle de Madrid stel je meer giftige stoffen bloot die een elektronische sigaret inhaleren<\/a>\u00a0We concluderen dat er geen &quot;vapeadores pasivos&quot; bestaan.<\/p>\r\n\r\n\r\n\r\n<p><strong>De politiek is dubbelzinnig \u2013 de vapeadores zijn guiarlos<\/strong><\/p>\r\n\r\n\r\n\r\n<p>In het kort samengevat, de Borrador van Gobierno demoest zich bezig houden met de espa\u00f1ol-politieke materialen in de materia van de vermindering van de dagen en het manifesteren van de noodzaak van de dampen van de president en de geschiedenis van de geschiedenis. De publieke opinie is gebaseerd op de wetenschap en geen estigmatisering van de pasado. Voor de organisatie van espa\u00f1oles-vapeadoren heeft ANESVAP een organisatie georganiseerd\u00a0<a href=\"https:\/\/www.youtube.com\/watch?v=zYFe3lmzk7Q\">evenement<\/a>Er zijn bedrijven erkend die een politieke partij willen helpen\u00a0<a href=\"https:\/\/www.change.org\/p\/el-vapeo-salva-vidas-firma-nuestra-petici%C3%B3n?recruiter=71824789&amp;recruited_by_id=4d7cdbde-8659-445c-8b33-3d96a6c0884c&amp;utm_source=share_petition&amp;utm_medium=copylink&amp;utm_campaign=petition_dashboard\">petitie<\/a>\u00a0con las siguientes demandas:<\/p>\r\n\r\n\r\n\r\n<p>\u2013 Als u de prijzen voor elkaar houdt, kunt u strafbare feiten vermijden.<\/p>\r\n\r\n\r\n\r\n<p>\u2013 Wij garanderen de legale distributie en controle van vapeo-producten en tienvoudige belasting en online.<\/p>\r\n\r\n\r\n\r\n<p>\u2013 De regeling van de lichaamsruimte is niet van toepassing op de meeste manieren op de damper.<\/p>\r\n\r\n\r\n\r\n<p>\u2013 Het is mogelijk dat u een gevarieerd aanbod aan vape-producten kunt gebruiken, zodat de vape-apparaten de tabaco-modus kunnen gebruiken.<\/p>\r\n\r\n\r\n\r\n<p>De WVA beperkt de beperkingen en de animatie van espa\u00f1oles-vapeadoren\u00a0<a href=\"https:\/\/www.change.org\/p\/el-vapeo-salva-vidas-firma-nuestra-petici%C3%B3n?recruiter=71824789&amp;recruited_by_id=4d7cdbde-8659-445c-8b33-3d96a6c0884c&amp;utm_source=share_petition&amp;utm_medium=copylink&amp;utm_campaign=petition_dashboard\">firmar la petici\u00f3n de<\/a>\u00a0<a href=\"https:\/\/www.change.org\/p\/el-vapeo-salva-vidas-firma-nuestra-petici%C3%B3n?recruiter=71824789&amp;recruited_by_id=4d7cdbde-8659-445c-8b33-3d96a6c0884c&amp;utm_source=share_petition&amp;utm_medium=copylink&amp;utm_campaign=petition_dashboard\">ANESVAP<\/a>\u00a0om uw geschiedenis te beschermen en uw geschiedenis te delen. De espa\u00f1ol-politieke belangen moeten conoceren met de vapeo en de salud de miles of ciudadanos wordt groter. \u00a1Alcemos la voz! Hay muchas vidas en juego.<\/p>","protected":false},"excerpt":{"rendered":"<p>El Gobierno espa\u00f1ol est\u00e1 a punto de cometer un gran error endureciendo innecesariamente la regulaci\u00f3n sobre el vapeo. De llevarse a cabo los planes del Ministerio de Sanidad, los fumadores tendr\u00e1n que sortear m\u00e1s obst\u00e1culos para dejar el tabaco y la salud p\u00fablica se ver\u00e1 resentida. El Plan de Prevenci\u00f3n y Control del Tabaquismo \u2013 [&hellip;]<\/p>\n","protected":false},"author":4,"featured_media":1037,"comment_status":"open","ping_status":"open","sticky":false,"template":"","format":"standard","meta":{"footnotes":""},"categories":[17],"tags":[],"class_list":["post-1031","post","type-post","status-publish","format-standard","has-post-thumbnail","hentry","category-blog"],"yoast_head":"<!-- This site is optimized with the Yoast SEO plugin v27.3 - https:\/\/yoast.com\/product\/yoast-seo-wordpress\/ -->\n<title>Espa\u00f1a: el vapeo en el punto de mira de los legisladores - World Vapers&#039; Alliance<\/title>\n<meta name=\"robots\" content=\"index, follow, max-snippet:-1, max-image-preview:large, max-video-preview:-1\" \/>\n<link rel=\"canonical\" href=\"https:\/\/worldvapersalliance.com\/nl_nl\/espana-el-vapeo-en-el-punto-de-mira-de-los-legisladores\/\" \/>\n<meta property=\"og:locale\" content=\"nl_NL\" \/>\n<meta property=\"og:type\" content=\"article\" \/>\n<meta property=\"og:title\" content=\"Espa\u00f1a: el vapeo en el punto de mira de los legisladores - World Vapers&#039; Alliance\" \/>\n<meta property=\"og:description\" content=\"El Gobierno espa\u00f1ol est\u00e1 a punto de cometer un gran error endureciendo innecesariamente la regulaci\u00f3n sobre el vapeo. De llevarse a cabo los planes del Ministerio de Sanidad, los fumadores tendr\u00e1n que sortear m\u00e1s obst\u00e1culos para dejar el tabaco y la salud p\u00fablica se ver\u00e1 resentida. El Plan de Prevenci\u00f3n y Control del Tabaquismo \u2013 [&hellip;]\" \/>\n<meta property=\"og:url\" content=\"https:\/\/worldvapersalliance.com\/nl_nl\/espana-el-vapeo-en-el-punto-de-mira-de-los-legisladores\/\" \/>\n<meta property=\"og:site_name\" content=\"World Vapers&#039; Alliance\" \/>\n<meta property=\"article:published_time\" content=\"2022-02-03T19:26:01+00:00\" \/>\n<meta property=\"article:modified_time\" content=\"2022-04-08T10:29:15+00:00\" \/>\n<meta property=\"og:image\" content=\"https:\/\/worldvapersalliance.com\/wp-content\/uploads\/2022\/02\/Back_Vaping_Beat_Smoking_Barcelona_Launch-1024x945.png\" \/>\n\t<meta property=\"og:image:width\" content=\"1024\" \/>\n\t<meta property=\"og:image:height\" content=\"945\" \/>\n\t<meta property=\"og:image:type\" content=\"image\/png\" \/>\n<meta name=\"author\" content=\"Michael Landl\" \/>\n<meta name=\"twitter:card\" content=\"summary_large_image\" \/>\n<meta name=\"twitter:label1\" content=\"Geschreven door\" \/>\n\t<meta name=\"twitter:data1\" content=\"Michael Landl\" \/>\n\t<meta name=\"twitter:label2\" content=\"Geschatte leestijd\" \/>\n\t<meta name=\"twitter:data2\" content=\"5 minuten\" \/>\n<script type=\"application\/ld+json\" class=\"yoast-schema-graph\">{\"@context\":\"https:\\\/\\\/schema.org\",\"@graph\":[{\"@type\":\"Article\",\"@id\":\"https:\\\/\\\/worldvapersalliance.com\\\/espana-el-vapeo-en-el-punto-de-mira-de-los-legisladores\\\/#article\",\"isPartOf\":{\"@id\":\"https:\\\/\\\/worldvapersalliance.com\\\/espana-el-vapeo-en-el-punto-de-mira-de-los-legisladores\\\/\"},\"author\":{\"name\":\"Michael Landl\",\"@id\":\"https:\\\/\\\/worldvapersalliance.com\\\/#\\\/schema\\\/person\\\/05f663571d787d89a2d5c77c482a6583\"},\"headline\":\"Espa\u00f1a: el vapeo en el punto de mira de los legisladores\",\"datePublished\":\"2022-02-03T19:26:01+00:00\",\"dateModified\":\"2022-04-08T10:29:15+00:00\",\"mainEntityOfPage\":{\"@id\":\"https:\\\/\\\/worldvapersalliance.com\\\/espana-el-vapeo-en-el-punto-de-mira-de-los-legisladores\\\/\"},\"wordCount\":984,\"commentCount\":0,\"publisher\":{\"@id\":\"https:\\\/\\\/worldvapersalliance.com\\\/#organization\"},\"image\":{\"@id\":\"https:\\\/\\\/worldvapersalliance.com\\\/espana-el-vapeo-en-el-punto-de-mira-de-los-legisladores\\\/#primaryimage\"},\"thumbnailUrl\":\"https:\\\/\\\/worldvapersalliance.com\\\/wp-content\\\/uploads\\\/2022\\\/02\\\/Back_Vaping_Beat_Smoking_Barcelona_Launch.png\",\"articleSection\":[\"Blog\"],\"inLanguage\":\"nl-NL\",\"potentialAction\":[{\"@type\":\"CommentAction\",\"name\":\"Comment\",\"target\":[\"https:\\\/\\\/worldvapersalliance.com\\\/espana-el-vapeo-en-el-punto-de-mira-de-los-legisladores\\\/#respond\"]}]},{\"@type\":\"WebPage\",\"@id\":\"https:\\\/\\\/worldvapersalliance.com\\\/espana-el-vapeo-en-el-punto-de-mira-de-los-legisladores\\\/\",\"url\":\"https:\\\/\\\/worldvapersalliance.com\\\/espana-el-vapeo-en-el-punto-de-mira-de-los-legisladores\\\/\",\"name\":\"Espa\u00f1a: el vapeo en el punto de mira de los legisladores - World Vapers&#039; Alliance\",\"isPartOf\":{\"@id\":\"https:\\\/\\\/worldvapersalliance.com\\\/#website\"},\"primaryImageOfPage\":{\"@id\":\"https:\\\/\\\/worldvapersalliance.com\\\/espana-el-vapeo-en-el-punto-de-mira-de-los-legisladores\\\/#primaryimage\"},\"image\":{\"@id\":\"https:\\\/\\\/worldvapersalliance.com\\\/espana-el-vapeo-en-el-punto-de-mira-de-los-legisladores\\\/#primaryimage\"},\"thumbnailUrl\":\"https:\\\/\\\/worldvapersalliance.com\\\/wp-content\\\/uploads\\\/2022\\\/02\\\/Back_Vaping_Beat_Smoking_Barcelona_Launch.png\",\"datePublished\":\"2022-02-03T19:26:01+00:00\",\"dateModified\":\"2022-04-08T10:29:15+00:00\",\"inLanguage\":\"nl-NL\",\"potentialAction\":[{\"@type\":\"ReadAction\",\"target\":[\"https:\\\/\\\/worldvapersalliance.com\\\/espana-el-vapeo-en-el-punto-de-mira-de-los-legisladores\\\/\"]}]},{\"@type\":\"ImageObject\",\"inLanguage\":\"nl-NL\",\"@id\":\"https:\\\/\\\/worldvapersalliance.com\\\/espana-el-vapeo-en-el-punto-de-mira-de-los-legisladores\\\/#primaryimage\",\"url\":\"https:\\\/\\\/worldvapersalliance.com\\\/wp-content\\\/uploads\\\/2022\\\/02\\\/Back_Vaping_Beat_Smoking_Barcelona_Launch.png\",\"contentUrl\":\"https:\\\/\\\/worldvapersalliance.com\\\/wp-content\\\/uploads\\\/2022\\\/02\\\/Back_Vaping_Beat_Smoking_Barcelona_Launch.png\",\"width\":2081,\"height\":1920},{\"@type\":\"WebSite\",\"@id\":\"https:\\\/\\\/worldvapersalliance.com\\\/#website\",\"url\":\"https:\\\/\\\/worldvapersalliance.com\\\/\",\"name\":\"World Vapers&#039; Alliance\",\"description\":\"The largest community of vapers\",\"publisher\":{\"@id\":\"https:\\\/\\\/worldvapersalliance.com\\\/#organization\"},\"potentialAction\":[{\"@type\":\"SearchAction\",\"target\":{\"@type\":\"EntryPoint\",\"urlTemplate\":\"https:\\\/\\\/worldvapersalliance.com\\\/?s={search_term_string}\"},\"query-input\":{\"@type\":\"PropertyValueSpecification\",\"valueRequired\":true,\"valueName\":\"search_term_string\"}}],\"inLanguage\":\"nl-NL\"},{\"@type\":\"Organization\",\"@id\":\"https:\\\/\\\/worldvapersalliance.com\\\/#organization\",\"name\":\"World Vapers&#039; Alliance\",\"url\":\"https:\\\/\\\/worldvapersalliance.com\\\/\",\"logo\":{\"@type\":\"ImageObject\",\"inLanguage\":\"nl-NL\",\"@id\":\"https:\\\/\\\/worldvapersalliance.com\\\/#\\\/schema\\\/logo\\\/image\\\/\",\"url\":\"https:\\\/\\\/worldvapersalliance.com\\\/wp-content\\\/uploads\\\/2022\\\/01\\\/WVA_RB_Fist_G.png\",\"contentUrl\":\"https:\\\/\\\/worldvapersalliance.com\\\/wp-content\\\/uploads\\\/2022\\\/01\\\/WVA_RB_Fist_G.png\",\"width\":985,\"height\":1177,\"caption\":\"World Vapers&#039; Alliance\"},\"image\":{\"@id\":\"https:\\\/\\\/worldvapersalliance.com\\\/#\\\/schema\\\/logo\\\/image\\\/\"}},{\"@type\":\"Person\",\"@id\":\"https:\\\/\\\/worldvapersalliance.com\\\/#\\\/schema\\\/person\\\/05f663571d787d89a2d5c77c482a6583\",\"name\":\"Michael Landl\",\"image\":{\"@type\":\"ImageObject\",\"inLanguage\":\"nl-NL\",\"@id\":\"https:\\\/\\\/secure.gravatar.com\\\/avatar\\\/1537a11db5ae7fef0631b6c662f439d8a632c50630c980828d0e2c4de581568b?s=96&d=mm&r=g\",\"url\":\"https:\\\/\\\/secure.gravatar.com\\\/avatar\\\/1537a11db5ae7fef0631b6c662f439d8a632c50630c980828d0e2c4de581568b?s=96&d=mm&r=g\",\"contentUrl\":\"https:\\\/\\\/secure.gravatar.com\\\/avatar\\\/1537a11db5ae7fef0631b6c662f439d8a632c50630c980828d0e2c4de581568b?s=96&d=mm&r=g\",\"caption\":\"Michael Landl\"},\"url\":\"https:\\\/\\\/worldvapersalliance.com\\\/nl_nl\\\/author\\\/michael\\\/\"}]}<\/script>\n<!-- \/ Yoast SEO plugin. -->","yoast_head_json":{"title":"Espa\u00f1a: de vapeo en het punt van de mira de los wetgevers - World Vapers&#039; Alliance","robots":{"index":"index","follow":"follow","max-snippet":"max-snippet:-1","max-image-preview":"max-image-preview:large","max-video-preview":"max-video-preview:-1"},"canonical":"https:\/\/worldvapersalliance.com\/nl_nl\/espana-el-vapeo-en-el-punto-de-mira-de-los-legisladores\/","og_locale":"nl_NL","og_type":"article","og_title":"Espa\u00f1a: el vapeo en el punto de mira de los legisladores - World Vapers&#039; Alliance","og_description":"El Gobierno espa\u00f1ol est\u00e1 a punto de cometer un gran error endureciendo innecesariamente la regulaci\u00f3n sobre el vapeo. De llevarse a cabo los planes del Ministerio de Sanidad, los fumadores tendr\u00e1n que sortear m\u00e1s obst\u00e1culos para dejar el tabaco y la salud p\u00fablica se ver\u00e1 resentida. El Plan de Prevenci\u00f3n y Control del Tabaquismo \u2013 [&hellip;]","og_url":"https:\/\/worldvapersalliance.com\/nl_nl\/espana-el-vapeo-en-el-punto-de-mira-de-los-legisladores\/","og_site_name":"World Vapers&#039; Alliance","article_published_time":"2022-02-03T19:26:01+00:00","article_modified_time":"2022-04-08T10:29:15+00:00","og_image":[{"width":1024,"height":945,"url":"https:\/\/worldvapersalliance.com\/wp-content\/uploads\/2022\/02\/Back_Vaping_Beat_Smoking_Barcelona_Launch-1024x945.png","type":"image\/png"}],"author":"Michael Landl","twitter_card":"summary_large_image","twitter_misc":{"Geschreven door":"Michael Landl","Geschatte leestijd":"5 minuten"},"schema":{"@context":"https:\/\/schema.org","@graph":[{"@type":"Article","@id":"https:\/\/worldvapersalliance.com\/espana-el-vapeo-en-el-punto-de-mira-de-los-legisladores\/#article","isPartOf":{"@id":"https:\/\/worldvapersalliance.com\/espana-el-vapeo-en-el-punto-de-mira-de-los-legisladores\/"},"author":{"name":"Michael Landl","@id":"https:\/\/worldvapersalliance.com\/#\/schema\/person\/05f663571d787d89a2d5c77c482a6583"},"headline":"Espa\u00f1a: el vapeo en el punto de mira de los legisladores","datePublished":"2022-02-03T19:26:01+00:00","dateModified":"2022-04-08T10:29:15+00:00","mainEntityOfPage":{"@id":"https:\/\/worldvapersalliance.com\/espana-el-vapeo-en-el-punto-de-mira-de-los-legisladores\/"},"wordCount":984,"commentCount":0,"publisher":{"@id":"https:\/\/worldvapersalliance.com\/#organization"},"image":{"@id":"https:\/\/worldvapersalliance.com\/espana-el-vapeo-en-el-punto-de-mira-de-los-legisladores\/#primaryimage"},"thumbnailUrl":"https:\/\/worldvapersalliance.com\/wp-content\/uploads\/2022\/02\/Back_Vaping_Beat_Smoking_Barcelona_Launch.png","articleSection":["Blog"],"inLanguage":"nl-NL","potentialAction":[{"@type":"CommentAction","name":"Comment","target":["https:\/\/worldvapersalliance.com\/espana-el-vapeo-en-el-punto-de-mira-de-los-legisladores\/#respond"]}]},{"@type":"WebPage","@id":"https:\/\/worldvapersalliance.com\/espana-el-vapeo-en-el-punto-de-mira-de-los-legisladores\/","url":"https:\/\/worldvapersalliance.com\/espana-el-vapeo-en-el-punto-de-mira-de-los-legisladores\/","name":"Espa\u00f1a: de vapeo en het punt van de mira de los wetgevers - World Vapers&#039; Alliance","isPartOf":{"@id":"https:\/\/worldvapersalliance.com\/#website"},"primaryImageOfPage":{"@id":"https:\/\/worldvapersalliance.com\/espana-el-vapeo-en-el-punto-de-mira-de-los-legisladores\/#primaryimage"},"image":{"@id":"https:\/\/worldvapersalliance.com\/espana-el-vapeo-en-el-punto-de-mira-de-los-legisladores\/#primaryimage"},"thumbnailUrl":"https:\/\/worldvapersalliance.com\/wp-content\/uploads\/2022\/02\/Back_Vaping_Beat_Smoking_Barcelona_Launch.png","datePublished":"2022-02-03T19:26:01+00:00","dateModified":"2022-04-08T10:29:15+00:00","inLanguage":"nl-NL","potentialAction":[{"@type":"ReadAction","target":["https:\/\/worldvapersalliance.com\/espana-el-vapeo-en-el-punto-de-mira-de-los-legisladores\/"]}]},{"@type":"ImageObject","inLanguage":"nl-NL","@id":"https:\/\/worldvapersalliance.com\/espana-el-vapeo-en-el-punto-de-mira-de-los-legisladores\/#primaryimage","url":"https:\/\/worldvapersalliance.com\/wp-content\/uploads\/2022\/02\/Back_Vaping_Beat_Smoking_Barcelona_Launch.png","contentUrl":"https:\/\/worldvapersalliance.com\/wp-content\/uploads\/2022\/02\/Back_Vaping_Beat_Smoking_Barcelona_Launch.png","width":2081,"height":1920},{"@type":"WebSite","@id":"https:\/\/worldvapersalliance.com\/#website","url":"https:\/\/worldvapersalliance.com\/","name":"Wereld Vapers&#039; Alliantie","description":"De grootste gemeenschap van vapers","publisher":{"@id":"https:\/\/worldvapersalliance.com\/#organization"},"potentialAction":[{"@type":"SearchAction","target":{"@type":"EntryPoint","urlTemplate":"https:\/\/worldvapersalliance.com\/?s={search_term_string}"},"query-input":{"@type":"PropertyValueSpecification","valueRequired":true,"valueName":"search_term_string"}}],"inLanguage":"nl-NL"},{"@type":"Organization","@id":"https:\/\/worldvapersalliance.com\/#organization","name":"Wereld Vapers&#039; Alliantie","url":"https:\/\/worldvapersalliance.com\/","logo":{"@type":"ImageObject","inLanguage":"nl-NL","@id":"https:\/\/worldvapersalliance.com\/#\/schema\/logo\/image\/","url":"https:\/\/worldvapersalliance.com\/wp-content\/uploads\/2022\/01\/WVA_RB_Fist_G.png","contentUrl":"https:\/\/worldvapersalliance.com\/wp-content\/uploads\/2022\/01\/WVA_RB_Fist_G.png","width":985,"height":1177,"caption":"World Vapers&#039; Alliance"},"image":{"@id":"https:\/\/worldvapersalliance.com\/#\/schema\/logo\/image\/"}},{"@type":"Person","@id":"https:\/\/worldvapersalliance.com\/#\/schema\/person\/05f663571d787d89a2d5c77c482a6583","name":"Michael Landl","image":{"@type":"ImageObject","inLanguage":"nl-NL","@id":"https:\/\/secure.gravatar.com\/avatar\/1537a11db5ae7fef0631b6c662f439d8a632c50630c980828d0e2c4de581568b?s=96&d=mm&r=g","url":"https:\/\/secure.gravatar.com\/avatar\/1537a11db5ae7fef0631b6c662f439d8a632c50630c980828d0e2c4de581568b?s=96&d=mm&r=g","contentUrl":"https:\/\/secure.gravatar.com\/avatar\/1537a11db5ae7fef0631b6c662f439d8a632c50630c980828d0e2c4de581568b?s=96&d=mm&r=g","caption":"Michael Landl"},"url":"https:\/\/worldvapersalliance.com\/nl_nl\/author\/michael\/"}]}},"_links":{"self":[{"href":"https:\/\/worldvapersalliance.com\/nl_nl\/wp-json\/wp\/v2\/posts\/1031","targetHints":{"allow":["GET"]}}],"collection":[{"href":"https:\/\/worldvapersalliance.com\/nl_nl\/wp-json\/wp\/v2\/posts"}],"about":[{"href":"https:\/\/worldvapersalliance.com\/nl_nl\/wp-json\/wp\/v2\/types\/post"}],"author":[{"embeddable":true,"href":"https:\/\/worldvapersalliance.com\/nl_nl\/wp-json\/wp\/v2\/users\/4"}],"replies":[{"embeddable":true,"href":"https:\/\/worldvapersalliance.com\/nl_nl\/wp-json\/wp\/v2\/comments?post=1031"}],"version-history":[{"count":0,"href":"https:\/\/worldvapersalliance.com\/nl_nl\/wp-json\/wp\/v2\/posts\/1031\/revisions"}],"wp:featuredmedia":[{"embeddable":true,"href":"https:\/\/worldvapersalliance.com\/nl_nl\/wp-json\/wp\/v2\/media\/1037"}],"wp:attachment":[{"href":"https:\/\/worldvapersalliance.com\/nl_nl\/wp-json\/wp\/v2\/media?parent=1031"}],"wp:term":[{"taxonomy":"category","embeddable":true,"href":"https:\/\/worldvapersalliance.com\/nl_nl\/wp-json\/wp\/v2\/categories?post=1031"},{"taxonomy":"post_tag","embeddable":true,"href":"https:\/\/worldvapersalliance.com\/nl_nl\/wp-json\/wp\/v2\/tags?post=1031"}],"curies":[{"name":"wp","href":"https:\/\/api.w.org\/{rel}","templated":true}]}}