{"id":1019,"date":"2022-03-01T09:59:34","date_gmt":"2022-03-01T14:59:34","guid":{"rendered":"https:\/\/cccwva.wpengine.com\/?p=1019"},"modified":"2022-04-09T03:18:00","modified_gmt":"2022-04-09T07:18:00","slug":"el-parlamento-europeo-confirma-que-el-vapeo-puede-ayudar-a-combatir-el-tabaquismo","status":"publish","type":"post","link":"https:\/\/worldvapersalliance.com\/nl_nl\/el-parlamento-europeo-confirma-que-el-vapeo-puede-ayudar-a-combatir-el-tabaquismo\/","title":{"rendered":"Het Europees Parlement bevestigt dat de damp kan worden bestreden tegen de taba \u2026"},"content":{"rendered":"<p><em>Europa heeft een groot deel van de vape-reconocimiento als een strategie voor het uitzetten van dampen gekregen. Als er een embargo is, kunnen er nog steeds dubbelzinnige vooroordelen bestaan.<\/em><\/p>\r\n\r\n\r\n\r\n<p>Het Europese parlement heeft besloten om het te adopteren\u00a0<a href=\"https:\/\/www.europarl.europa.eu\/doceo\/document\/A-9-2022-0001_EN.html\" target=\"_blank\" rel=\"noreferrer noopener\"><strong>Plan Europeo de Lucha contra el C\u00e1ncer\u00a0<\/strong><\/a>voorgesteld door het Comit\u00e9 Especial de Lucha contra el C\u00e1ncer. Het is de eerste keer dat een Europese instelling openbaar maakt dat de damp een essentieel papiertje is in het verlaten van het fumar-leven. Hoe dan ook, en hoe betreurenswaardig ook, de eurodiputado&#039;s hebben de toekomstige verbodsbepalingen van de sabores niet geschrapt, maar de sabores zijn een methode die comprobado is om de fumar te verlaten.<\/p>\r\n\r\n\r\n\r\n<h3 class=\"wp-block-heading\" id=\"la-posicion-del-parlamento\">La posici\u00f3n del Parlamento<\/h3>\r\n\r\n\r\n\r\n<p>In de \u201cPropuesta de resoluci\u00f3n del Parlamento Europeo sobre el fortalecimiento de Europa en la lucha contra el c\u00e1ncer: hacia a estrategia global and coordinada\u201d, in het gebied van de acci\u00f3n I, \u201cLa prevenci\u00f3n del c\u00e1ncer in todas las europeas pol\u00edticas\u201d, punt 12, zie:<\/p>\r\n\r\n\r\n\r\n<p><em>\u201cPide a la Comisi\u00f3n that hasga un seguimiento de las evaluaties van de tabaksproducten voor de salud relacionados con los elektronische sigaretten, de productos del tabaco para calentar en de nieuwe productos de tabaco, inclusief de evaluatie van de riesgos van deze producten en vergelijking met het verbruik van andere tabaksproducten, en het is in Europa een lijst van duurzame producten en producten die worden geproduceerd om elektrische sigaretten toe te staan die steeds meer vooruitgang boeken; aantrekkelijk voor de menores Er zijn geen fumadores; daarom, bij de evaluatie van de Comisi\u00f3n, in het marco de la Directiva sobre Productos de Tabaco, dat de aroma&#039;s van de elektronische sigaretten bijzonder aantrekkelijk zijn voor de menores en geen rookmelders, en dat u uw verbod en adem voorstelt, dat u een verbod op alle sabores voorstelt kenmerken van tabaksproducten en nieuwe tabaksproducten\u201d.<\/em><\/p>\r\n\r\n\r\n\r\n<h3 class=\"wp-block-heading\" id=\"la-voz-de-los-usuarios\">La voz de los usuarios<\/h3>\r\n\r\n\r\n\r\n<p>La Alianza Mundial de Vapeadores (WVA), die mijlen van de stem van vapeadores vertegenwoordigt in heel Europa, in zijn campagne\u00a0<a href=\"https:\/\/worldvapersalliance.com\/nl_nl\/back-vaping-beat-smoking\/\" target=\"_blank\" rel=\"noreferrer noopener\">Terug Vapen Versla Roken<\/a>\u00a0Ik heb veel tijd gehad dat de vermindering van het aantal dagen en het gebruik van vapeo een herramiente was om het fumar deel van het Europese plan tegen kanker te verlaten.<\/p>\r\n\r\n\r\n\r\n<p>Michael Landl, directeur van WVA, zei over het resultaat van zijn stem:<\/p>\r\n\r\n\r\n\r\n<p>\u201c&quot;Eindelijk heeft een UE-instituut besloten dat de vapeo de rook naar het rookkanaal doet verdwijnen. Dit is een belangrijke stap om de oorzaak van de damp te verminderen. Het kan zijn dat individuele consumenten dit een keer willen doen. Ahora is de draai van de la De comisi\u00f3n de jar de negerar la ciencia en de ervaring van miljoenen consumenten\u201d.<\/p>\r\n\r\n\r\n\r\n<p>Zonder embargo is de positie van de sabotage niet mogelijk. Eurodiputado&#039;s vragen naar de Comisi\u00f3n die de etiquette van vapeo &quot;aantrekkelijk voor de ni\u00f1os&quot; vindt en een verbod op het verbod.<\/p>\r\n\r\n\r\n\r\n<p>Carmine Canino, presidente de\u00a0<a href=\"https:\/\/www.anpvu.it\/\" target=\"_blank\" rel=\"noreferrer noopener\">ANPVU<\/a>\u00a0Itali\u00eb en de adviseur van de WVA zijn het erover eens:<\/p>\r\n\r\n\r\n\r\n<p>\u201c&quot;Wetenschappelijk, de experts op het gebied van het terugdringen van mensen en de consumenten hebben duidelijk de negatieve gevolgen van het verbod op het insluiten van werkverboden ervaren. Een en ander, het onderzoek is gebleken dat de zaken in het bijzonder nodig zijn om het taboe voor volwassenen te verminderen. que nuestros wetisladores escuchen y act\u00faen\u201d.<\/p>\r\n\r\n\r\n\r\n<p>In de toekomst komt de Comisi\u00f3n terecht in de eerste stappen van de actualisatie van onze Directiva-producten op de Tabaco-producten, en we kunnen de votaci\u00f3n van hoe deze wetgeving wordt be\u00efnvloed door de eerbied voor de damp.<\/p>\r\n\r\n\r\n\r\n<p>\u201c&quot;Het is van cruciaal belang dat deskundigen en consumenten steeds meer hun stem gaan uitbrengen. Het is belangrijk dat de toekomstplannen van de Commissie de vermindering van de dagen kunnen onderzoeken. Blijf ons verdedigen tegen nuestros, zorg ervoor dat we onze stem kunnen redden&quot;, concludeert Michael Landl.<\/p>\r\n\r\n\r\n\r\n<h4 class=\"wp-block-heading\" id=\"miembros-del-parlamento-presentes-para-la-votacion-final\">Miembros del Parlamento presenteert de laatste stemronde:<\/h4>\r\n\r\n\r\n\r\n<p>Maria Arena, Bartosz Ar\u0142ukowicz, Sara Cerdas, Angelo Ciocca, Tudor Ciuhodaru, Nathalie Colin-Oesterl\u00e9, Antoni Com\u00edn i Oliveres, Margarita de la Pisa Carri\u00f3n, Cyrus Engerer, Pietro Fiocchi, Loucas Fourlas, Cindy Franssen, S\u00f8ren Gade, Giorgos Georgiou, Nicol\u00e1s Gonz\u00e1lez Casares, Ivars Ijabs, L\u00edvia J\u00e1r\u00f3ka, Ond\u0159ej Knotek, Kate\u0159ina Kone\u010dn\u00e1, Ewa Kopacz, Joanna Kopci\u0144ska, Peter Liese, Marian-Jean Marinescu, Jo\u00eblle M\u00e9lin, Dolors Montserrat, Alessandra Moretti, Manuela Ripa, Mich\u00e8le Rivasi, Bronis Rop\u0117, Maria Spyraki, Nicolae \u015etef\u0103nu\u021b\u0103, V\u00e9ronique Trillet-Lenoir, Stefania Zambelli. Haal het moment van de publicatie van dit artikel, de tekst\u00a0<em>Resolutie van het Europese Parlement van 16 februari 2022 over de Europese vlucht tegen kanker: zorg voor een wereldwijde e-strategie en co\u00f6rdinatie<\/em>\u00a0(2020\/2267(INI)) heeft een publicatieproces ingesteld. Actualisatie is:\u00a0<a href=\"https:\/\/www.europarl.europa.eu\/doceo\/document\/TA-9-2022-0038_EN.html\" target=\"_blank\" rel=\"noreferrer noopener\">https:\/\/www.europarl.europa.eu\/doceo\/document\/TA-9-2022-0038_EN.html<\/a><\/p>\r\n\r\n\r\n\r\n<p><a href=\"https:\/\/www.thevapingtoday.com\/el-parlamento-europeo-confirma-que-el-vapeo-puede-ayudar-a-combatir-el-tabaquismo\/\">Oorspronkelijk hier gepubliceerd.<\/a><\/p>","protected":false},"excerpt":{"rendered":"<p>Europa ha dado un gran paso hacia el reconocimiento del vapeo como una estrategia para dejar de fumar. Sin embargo, a\u00fan persisten algunos prejuicios equivocados. El Parlamento Europeo ha votado hoy para adoptar el\u00a0Plan Europeo de Lucha contra el C\u00e1ncer\u00a0propuesto por el Comit\u00e9 Especial de Lucha contra el C\u00e1ncer. Esta es la primera vez que [&hellip;]<\/p>\n","protected":false},"author":7,"featured_media":6394,"comment_status":"open","ping_status":"open","sticky":false,"template":"","format":"standard","meta":{"footnotes":""},"categories":[15],"tags":[],"class_list":["post-1019","post","type-post","status-publish","format-standard","has-post-thumbnail","hentry","category-wva-in-the-news"],"yoast_head":"<!-- This site is optimized with the Yoast SEO plugin v27.3 - https:\/\/yoast.com\/product\/yoast-seo-wordpress\/ -->\n<title>El Parlamento Europeo confirma que el vapeo puede ayudar a combatir el tabaquismo - World Vapers&#039; Alliance<\/title>\n<meta name=\"robots\" content=\"index, follow, max-snippet:-1, max-image-preview:large, max-video-preview:-1\" \/>\n<link rel=\"canonical\" href=\"https:\/\/worldvapersalliance.com\/nl_nl\/el-parlamento-europeo-confirma-que-el-vapeo-puede-ayudar-a-combatir-el-tabaquismo\/\" \/>\n<meta property=\"og:locale\" content=\"nl_NL\" \/>\n<meta property=\"og:type\" content=\"article\" \/>\n<meta property=\"og:title\" content=\"El Parlamento Europeo confirma que el vapeo puede ayudar a combatir el tabaquismo - World Vapers&#039; Alliance\" \/>\n<meta property=\"og:description\" content=\"Europa ha dado un gran paso hacia el reconocimiento del vapeo como una estrategia para dejar de fumar. Sin embargo, a\u00fan persisten algunos prejuicios equivocados. El Parlamento Europeo ha votado hoy para adoptar el\u00a0Plan Europeo de Lucha contra el C\u00e1ncer\u00a0propuesto por el Comit\u00e9 Especial de Lucha contra el C\u00e1ncer. Esta es la primera vez que [&hellip;]\" \/>\n<meta property=\"og:url\" content=\"https:\/\/worldvapersalliance.com\/nl_nl\/el-parlamento-europeo-confirma-que-el-vapeo-puede-ayudar-a-combatir-el-tabaquismo\/\" \/>\n<meta property=\"og:site_name\" content=\"World Vapers&#039; Alliance\" \/>\n<meta property=\"article:published_time\" content=\"2022-03-01T14:59:34+00:00\" \/>\n<meta property=\"article:modified_time\" content=\"2022-04-09T07:18:00+00:00\" \/>\n<meta property=\"og:image\" content=\"https:\/\/worldvapersalliance.com\/wp-content\/uploads\/2022\/03\/World_Vapers_Alliance_Logo_White_Stripes.png\" \/>\n\t<meta property=\"og:image:width\" content=\"2081\" \/>\n\t<meta property=\"og:image:height\" content=\"1920\" \/>\n\t<meta property=\"og:image:type\" content=\"image\/png\" \/>\n<meta name=\"author\" content=\"Fabio Fernandes\" \/>\n<meta name=\"twitter:card\" content=\"summary_large_image\" \/>\n<meta name=\"twitter:label1\" content=\"Geschreven door\" \/>\n\t<meta name=\"twitter:data1\" content=\"Fabio Fernandes\" \/>\n\t<meta name=\"twitter:label2\" content=\"Geschatte leestijd\" \/>\n\t<meta name=\"twitter:data2\" content=\"4 minuten\" \/>\n<script type=\"application\/ld+json\" class=\"yoast-schema-graph\">{\"@context\":\"https:\\\/\\\/schema.org\",\"@graph\":[{\"@type\":\"Article\",\"@id\":\"https:\\\/\\\/worldvapersalliance.com\\\/el-parlamento-europeo-confirma-que-el-vapeo-puede-ayudar-a-combatir-el-tabaquismo\\\/#article\",\"isPartOf\":{\"@id\":\"https:\\\/\\\/worldvapersalliance.com\\\/el-parlamento-europeo-confirma-que-el-vapeo-puede-ayudar-a-combatir-el-tabaquismo\\\/\"},\"author\":{\"name\":\"Fabio Fernandes\",\"@id\":\"https:\\\/\\\/worldvapersalliance.com\\\/#\\\/schema\\\/person\\\/216fd3755694b5cf40a75104b7567982\"},\"headline\":\"El Parlamento Europeo confirma que el vapeo puede ayudar a combatir el taba &hellip;\",\"datePublished\":\"2022-03-01T14:59:34+00:00\",\"dateModified\":\"2022-04-09T07:18:00+00:00\",\"mainEntityOfPage\":{\"@id\":\"https:\\\/\\\/worldvapersalliance.com\\\/el-parlamento-europeo-confirma-que-el-vapeo-puede-ayudar-a-combatir-el-tabaquismo\\\/\"},\"wordCount\":876,\"commentCount\":0,\"publisher\":{\"@id\":\"https:\\\/\\\/worldvapersalliance.com\\\/#organization\"},\"image\":{\"@id\":\"https:\\\/\\\/worldvapersalliance.com\\\/el-parlamento-europeo-confirma-que-el-vapeo-puede-ayudar-a-combatir-el-tabaquismo\\\/#primaryimage\"},\"thumbnailUrl\":\"https:\\\/\\\/worldvapersalliance.com\\\/wp-content\\\/uploads\\\/2025\\\/08\\\/WVA-in-the-news.png\",\"articleSection\":[\"WVA in the News\"],\"inLanguage\":\"nl-NL\",\"potentialAction\":[{\"@type\":\"CommentAction\",\"name\":\"Comment\",\"target\":[\"https:\\\/\\\/worldvapersalliance.com\\\/el-parlamento-europeo-confirma-que-el-vapeo-puede-ayudar-a-combatir-el-tabaquismo\\\/#respond\"]}]},{\"@type\":\"WebPage\",\"@id\":\"https:\\\/\\\/worldvapersalliance.com\\\/el-parlamento-europeo-confirma-que-el-vapeo-puede-ayudar-a-combatir-el-tabaquismo\\\/\",\"url\":\"https:\\\/\\\/worldvapersalliance.com\\\/el-parlamento-europeo-confirma-que-el-vapeo-puede-ayudar-a-combatir-el-tabaquismo\\\/\",\"name\":\"El Parlamento Europeo confirma que el vapeo puede ayudar a combatir el tabaquismo - World Vapers&#039; Alliance\",\"isPartOf\":{\"@id\":\"https:\\\/\\\/worldvapersalliance.com\\\/#website\"},\"primaryImageOfPage\":{\"@id\":\"https:\\\/\\\/worldvapersalliance.com\\\/el-parlamento-europeo-confirma-que-el-vapeo-puede-ayudar-a-combatir-el-tabaquismo\\\/#primaryimage\"},\"image\":{\"@id\":\"https:\\\/\\\/worldvapersalliance.com\\\/el-parlamento-europeo-confirma-que-el-vapeo-puede-ayudar-a-combatir-el-tabaquismo\\\/#primaryimage\"},\"thumbnailUrl\":\"https:\\\/\\\/worldvapersalliance.com\\\/wp-content\\\/uploads\\\/2025\\\/08\\\/WVA-in-the-news.png\",\"datePublished\":\"2022-03-01T14:59:34+00:00\",\"dateModified\":\"2022-04-09T07:18:00+00:00\",\"inLanguage\":\"nl-NL\",\"potentialAction\":[{\"@type\":\"ReadAction\",\"target\":[\"https:\\\/\\\/worldvapersalliance.com\\\/el-parlamento-europeo-confirma-que-el-vapeo-puede-ayudar-a-combatir-el-tabaquismo\\\/\"]}]},{\"@type\":\"ImageObject\",\"inLanguage\":\"nl-NL\",\"@id\":\"https:\\\/\\\/worldvapersalliance.com\\\/el-parlamento-europeo-confirma-que-el-vapeo-puede-ayudar-a-combatir-el-tabaquismo\\\/#primaryimage\",\"url\":\"https:\\\/\\\/worldvapersalliance.com\\\/wp-content\\\/uploads\\\/2025\\\/08\\\/WVA-in-the-news.png\",\"contentUrl\":\"https:\\\/\\\/worldvapersalliance.com\\\/wp-content\\\/uploads\\\/2025\\\/08\\\/WVA-in-the-news.png\",\"width\":1264,\"height\":848},{\"@type\":\"WebSite\",\"@id\":\"https:\\\/\\\/worldvapersalliance.com\\\/#website\",\"url\":\"https:\\\/\\\/worldvapersalliance.com\\\/\",\"name\":\"World Vapers&#039; Alliance\",\"description\":\"The largest community of vapers\",\"publisher\":{\"@id\":\"https:\\\/\\\/worldvapersalliance.com\\\/#organization\"},\"potentialAction\":[{\"@type\":\"SearchAction\",\"target\":{\"@type\":\"EntryPoint\",\"urlTemplate\":\"https:\\\/\\\/worldvapersalliance.com\\\/?s={search_term_string}\"},\"query-input\":{\"@type\":\"PropertyValueSpecification\",\"valueRequired\":true,\"valueName\":\"search_term_string\"}}],\"inLanguage\":\"nl-NL\"},{\"@type\":\"Organization\",\"@id\":\"https:\\\/\\\/worldvapersalliance.com\\\/#organization\",\"name\":\"World Vapers&#039; Alliance\",\"url\":\"https:\\\/\\\/worldvapersalliance.com\\\/\",\"logo\":{\"@type\":\"ImageObject\",\"inLanguage\":\"nl-NL\",\"@id\":\"https:\\\/\\\/worldvapersalliance.com\\\/#\\\/schema\\\/logo\\\/image\\\/\",\"url\":\"https:\\\/\\\/worldvapersalliance.com\\\/wp-content\\\/uploads\\\/2022\\\/01\\\/WVA_RB_Fist_G.png\",\"contentUrl\":\"https:\\\/\\\/worldvapersalliance.com\\\/wp-content\\\/uploads\\\/2022\\\/01\\\/WVA_RB_Fist_G.png\",\"width\":985,\"height\":1177,\"caption\":\"World Vapers&#039; Alliance\"},\"image\":{\"@id\":\"https:\\\/\\\/worldvapersalliance.com\\\/#\\\/schema\\\/logo\\\/image\\\/\"}},{\"@type\":\"Person\",\"@id\":\"https:\\\/\\\/worldvapersalliance.com\\\/#\\\/schema\\\/person\\\/216fd3755694b5cf40a75104b7567982\",\"name\":\"Fabio Fernandes\",\"image\":{\"@type\":\"ImageObject\",\"inLanguage\":\"nl-NL\",\"@id\":\"https:\\\/\\\/secure.gravatar.com\\\/avatar\\\/d8016ed50889fcf1724876c34d4add2dafff82d053be50f8406714cfd387b500?s=96&d=mm&r=g\",\"url\":\"https:\\\/\\\/secure.gravatar.com\\\/avatar\\\/d8016ed50889fcf1724876c34d4add2dafff82d053be50f8406714cfd387b500?s=96&d=mm&r=g\",\"contentUrl\":\"https:\\\/\\\/secure.gravatar.com\\\/avatar\\\/d8016ed50889fcf1724876c34d4add2dafff82d053be50f8406714cfd387b500?s=96&d=mm&r=g\",\"caption\":\"Fabio Fernandes\"},\"url\":\"https:\\\/\\\/worldvapersalliance.com\\\/nl_nl\\\/author\\\/fabio\\\/\"}]}<\/script>\n<!-- \/ Yoast SEO plugin. -->","yoast_head_json":{"title":"Het Europese parlement bevestigt dat de damp kan worden bestreden tegen de tabaquismo - World Vapers&#039; Alliance","robots":{"index":"index","follow":"follow","max-snippet":"max-snippet:-1","max-image-preview":"max-image-preview:large","max-video-preview":"max-video-preview:-1"},"canonical":"https:\/\/worldvapersalliance.com\/nl_nl\/el-parlamento-europeo-confirma-que-el-vapeo-puede-ayudar-a-combatir-el-tabaquismo\/","og_locale":"nl_NL","og_type":"article","og_title":"El Parlamento Europeo confirma que el vapeo puede ayudar a combatir el tabaquismo - World Vapers&#039; Alliance","og_description":"Europa ha dado un gran paso hacia el reconocimiento del vapeo como una estrategia para dejar de fumar. Sin embargo, a\u00fan persisten algunos prejuicios equivocados. El Parlamento Europeo ha votado hoy para adoptar el\u00a0Plan Europeo de Lucha contra el C\u00e1ncer\u00a0propuesto por el Comit\u00e9 Especial de Lucha contra el C\u00e1ncer. Esta es la primera vez que [&hellip;]","og_url":"https:\/\/worldvapersalliance.com\/nl_nl\/el-parlamento-europeo-confirma-que-el-vapeo-puede-ayudar-a-combatir-el-tabaquismo\/","og_site_name":"World Vapers&#039; Alliance","article_published_time":"2022-03-01T14:59:34+00:00","article_modified_time":"2022-04-09T07:18:00+00:00","og_image":[{"width":2081,"height":1920,"url":"https:\/\/worldvapersalliance.com\/wp-content\/uploads\/2022\/03\/World_Vapers_Alliance_Logo_White_Stripes.png","type":"image\/png"}],"author":"Fabio Fernandes","twitter_card":"summary_large_image","twitter_misc":{"Geschreven door":"Fabio Fernandes","Geschatte leestijd":"4 minuten"},"schema":{"@context":"https:\/\/schema.org","@graph":[{"@type":"Article","@id":"https:\/\/worldvapersalliance.com\/el-parlamento-europeo-confirma-que-el-vapeo-puede-ayudar-a-combatir-el-tabaquismo\/#article","isPartOf":{"@id":"https:\/\/worldvapersalliance.com\/el-parlamento-europeo-confirma-que-el-vapeo-puede-ayudar-a-combatir-el-tabaquismo\/"},"author":{"name":"Fabio Fernandes","@id":"https:\/\/worldvapersalliance.com\/#\/schema\/person\/216fd3755694b5cf40a75104b7567982"},"headline":"El Parlamento Europeo confirma que el vapeo puede ayudar a combatir el taba &hellip;","datePublished":"2022-03-01T14:59:34+00:00","dateModified":"2022-04-09T07:18:00+00:00","mainEntityOfPage":{"@id":"https:\/\/worldvapersalliance.com\/el-parlamento-europeo-confirma-que-el-vapeo-puede-ayudar-a-combatir-el-tabaquismo\/"},"wordCount":876,"commentCount":0,"publisher":{"@id":"https:\/\/worldvapersalliance.com\/#organization"},"image":{"@id":"https:\/\/worldvapersalliance.com\/el-parlamento-europeo-confirma-que-el-vapeo-puede-ayudar-a-combatir-el-tabaquismo\/#primaryimage"},"thumbnailUrl":"https:\/\/worldvapersalliance.com\/wp-content\/uploads\/2025\/08\/WVA-in-the-news.png","articleSection":["WVA in the News"],"inLanguage":"nl-NL","potentialAction":[{"@type":"CommentAction","name":"Comment","target":["https:\/\/worldvapersalliance.com\/el-parlamento-europeo-confirma-que-el-vapeo-puede-ayudar-a-combatir-el-tabaquismo\/#respond"]}]},{"@type":"WebPage","@id":"https:\/\/worldvapersalliance.com\/el-parlamento-europeo-confirma-que-el-vapeo-puede-ayudar-a-combatir-el-tabaquismo\/","url":"https:\/\/worldvapersalliance.com\/el-parlamento-europeo-confirma-que-el-vapeo-puede-ayudar-a-combatir-el-tabaquismo\/","name":"Het Europese parlement bevestigt dat de damp kan worden bestreden tegen de tabaquismo - World Vapers&#039; Alliance","isPartOf":{"@id":"https:\/\/worldvapersalliance.com\/#website"},"primaryImageOfPage":{"@id":"https:\/\/worldvapersalliance.com\/el-parlamento-europeo-confirma-que-el-vapeo-puede-ayudar-a-combatir-el-tabaquismo\/#primaryimage"},"image":{"@id":"https:\/\/worldvapersalliance.com\/el-parlamento-europeo-confirma-que-el-vapeo-puede-ayudar-a-combatir-el-tabaquismo\/#primaryimage"},"thumbnailUrl":"https:\/\/worldvapersalliance.com\/wp-content\/uploads\/2025\/08\/WVA-in-the-news.png","datePublished":"2022-03-01T14:59:34+00:00","dateModified":"2022-04-09T07:18:00+00:00","inLanguage":"nl-NL","potentialAction":[{"@type":"ReadAction","target":["https:\/\/worldvapersalliance.com\/el-parlamento-europeo-confirma-que-el-vapeo-puede-ayudar-a-combatir-el-tabaquismo\/"]}]},{"@type":"ImageObject","inLanguage":"nl-NL","@id":"https:\/\/worldvapersalliance.com\/el-parlamento-europeo-confirma-que-el-vapeo-puede-ayudar-a-combatir-el-tabaquismo\/#primaryimage","url":"https:\/\/worldvapersalliance.com\/wp-content\/uploads\/2025\/08\/WVA-in-the-news.png","contentUrl":"https:\/\/worldvapersalliance.com\/wp-content\/uploads\/2025\/08\/WVA-in-the-news.png","width":1264,"height":848},{"@type":"WebSite","@id":"https:\/\/worldvapersalliance.com\/#website","url":"https:\/\/worldvapersalliance.com\/","name":"Wereld Vapers&#039; Alliantie","description":"De grootste gemeenschap van vapers","publisher":{"@id":"https:\/\/worldvapersalliance.com\/#organization"},"potentialAction":[{"@type":"SearchAction","target":{"@type":"EntryPoint","urlTemplate":"https:\/\/worldvapersalliance.com\/?s={search_term_string}"},"query-input":{"@type":"PropertyValueSpecification","valueRequired":true,"valueName":"search_term_string"}}],"inLanguage":"nl-NL"},{"@type":"Organization","@id":"https:\/\/worldvapersalliance.com\/#organization","name":"Wereld Vapers&#039; Alliantie","url":"https:\/\/worldvapersalliance.com\/","logo":{"@type":"ImageObject","inLanguage":"nl-NL","@id":"https:\/\/worldvapersalliance.com\/#\/schema\/logo\/image\/","url":"https:\/\/worldvapersalliance.com\/wp-content\/uploads\/2022\/01\/WVA_RB_Fist_G.png","contentUrl":"https:\/\/worldvapersalliance.com\/wp-content\/uploads\/2022\/01\/WVA_RB_Fist_G.png","width":985,"height":1177,"caption":"World Vapers&#039; Alliance"},"image":{"@id":"https:\/\/worldvapersalliance.com\/#\/schema\/logo\/image\/"}},{"@type":"Person","@id":"https:\/\/worldvapersalliance.com\/#\/schema\/person\/216fd3755694b5cf40a75104b7567982","name":"Fabio Fernandes","image":{"@type":"ImageObject","inLanguage":"nl-NL","@id":"https:\/\/secure.gravatar.com\/avatar\/d8016ed50889fcf1724876c34d4add2dafff82d053be50f8406714cfd387b500?s=96&d=mm&r=g","url":"https:\/\/secure.gravatar.com\/avatar\/d8016ed50889fcf1724876c34d4add2dafff82d053be50f8406714cfd387b500?s=96&d=mm&r=g","contentUrl":"https:\/\/secure.gravatar.com\/avatar\/d8016ed50889fcf1724876c34d4add2dafff82d053be50f8406714cfd387b500?s=96&d=mm&r=g","caption":"Fabio Fernandes"},"url":"https:\/\/worldvapersalliance.com\/nl_nl\/author\/fabio\/"}]}},"_links":{"self":[{"href":"https:\/\/worldvapersalliance.com\/nl_nl\/wp-json\/wp\/v2\/posts\/1019","targetHints":{"allow":["GET"]}}],"collection":[{"href":"https:\/\/worldvapersalliance.com\/nl_nl\/wp-json\/wp\/v2\/posts"}],"about":[{"href":"https:\/\/worldvapersalliance.com\/nl_nl\/wp-json\/wp\/v2\/types\/post"}],"author":[{"embeddable":true,"href":"https:\/\/worldvapersalliance.com\/nl_nl\/wp-json\/wp\/v2\/users\/7"}],"replies":[{"embeddable":true,"href":"https:\/\/worldvapersalliance.com\/nl_nl\/wp-json\/wp\/v2\/comments?post=1019"}],"version-history":[{"count":0,"href":"https:\/\/worldvapersalliance.com\/nl_nl\/wp-json\/wp\/v2\/posts\/1019\/revisions"}],"wp:featuredmedia":[{"embeddable":true,"href":"https:\/\/worldvapersalliance.com\/nl_nl\/wp-json\/wp\/v2\/media\/6394"}],"wp:attachment":[{"href":"https:\/\/worldvapersalliance.com\/nl_nl\/wp-json\/wp\/v2\/media?parent=1019"}],"wp:term":[{"taxonomy":"category","embeddable":true,"href":"https:\/\/worldvapersalliance.com\/nl_nl\/wp-json\/wp\/v2\/categories?post=1019"},{"taxonomy":"post_tag","embeddable":true,"href":"https:\/\/worldvapersalliance.com\/nl_nl\/wp-json\/wp\/v2\/tags?post=1019"}],"curies":[{"name":"wp","href":"https:\/\/api.w.org\/{rel}","templated":true}]}}