{"id":5927,"date":"2024-11-21T07:14:54","date_gmt":"2024-11-21T12:14:54","guid":{"rendered":"https:\/\/worldvapersalliance.com\/?p=5927"},"modified":"2024-12-06T07:16:23","modified_gmt":"2024-12-06T12:16:23","slug":"el-nuevo-cargo-de-monica-garcia-en-la-oms-un-premio-por-ignorar-la-ciencia-y-castigar-a-los-ciudadanos-en-medio-de-un-escandalo","status":"publish","type":"post","link":"https:\/\/worldvapersalliance.com\/nl_be\/el-nuevo-cargo-de-monica-garcia-en-la-oms-un-premio-por-ignorar-la-ciencia-y-castigar-a-los-ciudadanos-en-medio-de-un-escandalo\/","title":{"rendered":"De nieuwe vracht van M\u00f3nica Garc\u00eda in de OMS: een premie voor het negeren van de maatschappij \u2026"},"content":{"rendered":"<p>El reciente <a href=\"https:\/\/herculesdiario.es\/salud-hercules\/la-oms-ficha-a-monica-garcia-como-representante-de-europa-la-primera-mujer-espanola-en-20-anos\/\">nombramiento<\/a> de M\u00f3nica Garc\u00eda, minister van Sanidad de Espa\u00f1a, als vertegenwoordiger van Europa en het Comit\u00e9 Ejecutivo van de Organizaci\u00f3n Mundial de la Salud (OMS) is een duidelijk ejemplo de c\u00f3mo <strong>de organisatiepremies voor de politiek die politieke verbodsbepalingen en paternalisten implementeren, kunnen op een unieke manier zorg dragen voor de wetenschappelijke basis<\/strong>. Bij het verkennen van de basisstrategie op het bewijsmateriaal, als de vermindering van de tabaquismo, <strong>de OMS-beloning biedt u de mogelijkheid om de ciudadanos te beoordelen en terug te vallen op de lucha contra het tabaquismo.<\/strong><\/p>\n<h4 class=\"wp-block-heading has-medium-font-size\"><strong>Een naam in het midden van de polemiek<\/strong><\/h4>\n<p>De context van de naam van Garc\u00eda kan niet meer worden opgenomen. De dimisi\u00f3n van dit feit, een van de clave-clubs van Sumar, door aanklacht tegen seksuele en seksuele praktijken, heeft een lange duur van de partij gehad. La propia M\u00f3nica Garc\u00eda <a href=\"https:\/\/okdiario.com\/espana\/monica-garcia-admite-que-conocia-denuncia-agresion-sexual-errejon-julio-2023-13717242\">admiti\u00f3<\/a> sinds juli 2023 is dit een probleem, maar u kunt kiezen voor het zwijgen en het ongeval. In dit geval, dat de media door de verwoesting van de DANA in Spanje wordt gedegradeerd, wordt het volledig duidelijk dat een man van de verantwoordelijkheid van Garc\u00eda en zijn partij de verantwoordelijkheid op zich neemt. Omdat er een embargo is, wordt de arbeidsongeschiktheid van het ministerie aangetoond om een internationale crisis van uw partij te bewerkstelligen. Het stilzwijgen en het uitsluiten van bewijsmateriaal zijn onjuiste lid- en principes. Maximaliseer de ex-collega van de partij Tania S\u00e1nchez geeft toe dat haar partij geen belang hecht aan de zaken en de geruchten dat het illegale handelsverdrag &quot;een tijdperk van grote politieke moed&quot; is.<\/p>\n<p>Bovendien, uw historisch persoonlijk karakter wordt gekenmerkt door gevallen waarin u ge\u00efntegreerd bent. Er is een recibido van een <a href=\"https:\/\/www.eldebate.com\/espana\/madrid\/20231121\/polemica-salario-doble-monica-garcia-empana-labor-como-ministra-sanidad_155184.html\">dubbel salaris<\/a> openbaar gemaakt tijdens de verontschuldiging voor een \u00abadministratieve fout\u00bb, waarvan u bekend bent <a href=\"https:\/\/gaceta.es\/uncategorized\/la-familia-de-monica-garcia-cobra-el-bono-social-termico-destinado-a-familias-vulnerables-al-que-dijo-haber-renunciado-20240620-1334\/\">cobrara<\/a> een bono sociale term die bestemd is voor kwetsbare gezinnen, kan ook zijn beloften verzaken. Por si fuera poco, <strong>su chalet en Cercedilla is mogelijk <a href=\"https:\/\/herculesdiario.es\/madrid\/monica-garcia-tendra-que-abandonar-su-chalet-ilegal-en-cercedilla-en-los-proximos-meses\/\">desahucio<\/a> voor legale onregelmatigheden. Er zijn geen gevallen waarin u alleen afbeeldingen kunt maken<\/strong>, Het lijkt erop dat u uw vermogen heeft om Europa en een organisme als OMS te vertegenwoordigen.<\/p>\n<h4 class=\"wp-block-heading has-medium-font-size\"><strong>Politieke promotie valt onder de OMS-stijl<\/strong><\/h4>\n<p>Het Ministerio de Sanidad, het lid van Garc\u00eda, heeft een <strong>als we de OMS-richtlijnen verbieden, negeren we de wetenschappelijke bewijzen en de modellen die uit andere landen komen.<\/strong> Ons voorstel om vape-vloeistoffen en -apparaten te verbieden, is een helder weerspiegeling van deze e-strategische val. De OMS heeft de intentie gehad om tijdens de COP10-conferentie Marco de controle over Tabaco te versterken, en Garc\u00eda wordt geconfronteerd met een veldverdedigingsgebied in zijn politieke land.<\/p>\n<p>De damp is een herramiente sleutel om de da\u00f1os te verminderen. <a href=\"https:\/\/worldvapersalliance.com\/nl_be\/harm-reduction-vaping-fact-sheet\/\">Estudios<\/a> Als u een 95% gebruikt die brandt, wordt de verbranding ge\u00eblimineerd en wordt de blootstelling aan toxines drastisch verminderd. Bovendien is de vapeo meer effectief als traditionele therapie\u00ebn om te roken, terwijl miljoenen mensen de tabaco verlaten. Pa\u00edses como <a href=\"https:\/\/worldvapersalliance.com\/nl_be\/sweden-reduces-smoking-further-an-example-the-eu-can-no-longer-ignore\/\">Suecia<\/a> han demostrado que <strong>Een strategie die gebaseerd is op de vermindering van de da\u00f1os, het promoten van alternatieven als snus en vapeo, kan de fumadores-tasjes tot een minimum beperken.<\/strong> Het is een goed idee om in de wereld van de humor rekening te houden met de 5% van uw mobiele telefoon.<\/p>\n<p>Daarentegen negeert de politiek van Garc\u00eda deze lecciones. <strong>Het verbod op sabores en disposities wordt niet verminderd, omdat het de crecimiento van de negermercado bevordert, zoals het in verschillende pa\u00edses gebeurt<\/strong>. Bovendien, het is een van de beste manieren om te kijken naar de alternatieven die je kunt gebruiken voor je kleine ondernemers die afhankelijk zijn van de ventilatie van dampproducten.<\/p>\n<h4 class=\"wp-block-heading has-medium-font-size\"><strong>De prikkel van de OMS is verkeerd<\/strong><\/h4>\n<p><strong>De naam van Garc\u00eda voor het OMS-deel is een waarschuwingsbericht: de politiek die politiek implementeert is wetenschappelijk gebaseerd, maar ook met de dogma&#039;s die de organisatie verbieden, wordt beloond met internationale prestigieuze vrachten<\/strong>. Dit kan een stimulans zijn om andere mensen te laten leiden door richtlijnen die de publieke gezondheid beschermen, zodat ze het taboe kunnen verminderen en de levensvreugde van de burgers kunnen vergroten.<\/p>\n<p>Terwijl de eerste impuls aan de paternalistische politiek en de rechterlijke macht, de OMS heeft verkend en ge\u00ebxiteerde modellen heeft gepromoot als de Suecia, die de reis van de bezuinigingen zal redden. Als er een embargo is, wordt het geval van M\u00f3nica Garc\u00eda afgewezen<strong> de organisatie is meer ge\u00efnteresseerd in de agenda die effectieve busoplossingen en basadas in de maatschappij bieden.<\/strong><\/p>\n<p>De hemelvaart van M\u00f3nica Garc\u00eda met een vracht bij OMS hoeft geen verkenning te zijn van haar gesti\u00f3n, sino een <strong>De premie voor uw politieke gehoorzaamheid is dat u het bewijsmateriaal en de rechtsstaat van de burgerij negeert.<\/strong> Terwijl de camino een toekomstige vrijheid van humor heeft met efectieve strategie, is Espa\u00f1a een voorbeeld van een verbod dat de publieke opinie en de consumptie van consumenten zal vergroten. OMS zou opnieuw moeten worden geplant als het om een soort promotor ging, waardoor het probleem alleen maar fouten zou blijven veroorzaken.<\/p>\n<p>Oorspronkelijk gepubliceerd <a href=\"https:\/\/herculesdiario.es\/nacional\/el-nuevo-cargo-de-monica-garcia-en-la-oms-un-premio-por-ignorar-la-ciencia-y-castigar-a-los-ciudadanos-en-medio-de-un-escandalo\/\" target=\"_blank\" rel=\"noopener\">hier<\/a><\/p>\n<p>&nbsp;<\/p>","protected":false},"excerpt":{"rendered":"<p>El reciente nombramiento de M\u00f3nica Garc\u00eda, ministra de Sanidad de Espa\u00f1a, como representante de Europa en el Comit\u00e9 Ejecutivo de la Organizaci\u00f3n Mundial de la Salud (OMS) es un claro ejemplo de c\u00f3mo la organizaci\u00f3n premia a los pol\u00edticos que implementan pol\u00edticas prohibicionistas y paternalistas, aunque \u00e9stas carezcan de base cient\u00edfica. En lugar de reconocer [&hellip;]<\/p>\n","protected":false},"author":14,"featured_media":6394,"comment_status":"open","ping_status":"open","sticky":false,"template":"","format":"standard","meta":{"footnotes":""},"categories":[15],"tags":[],"class_list":["post-5927","post","type-post","status-publish","format-standard","has-post-thumbnail","hentry","category-wva-in-the-news"],"yoast_head":"<!-- This site is optimized with the Yoast SEO plugin v27.3 - https:\/\/yoast.com\/product\/yoast-seo-wordpress\/ -->\n<title>El nuevo cargo de M\u00f3nica Garc\u00eda en la OMS: Un premio por ignorar la ciencia y castigar a los ciudadanos en medio de un esc\u00e1ndalo - World Vapers&#039; Alliance<\/title>\n<meta name=\"robots\" content=\"index, follow, max-snippet:-1, max-image-preview:large, max-video-preview:-1\" \/>\n<link rel=\"canonical\" href=\"https:\/\/worldvapersalliance.com\/nl_be\/el-nuevo-cargo-de-monica-garcia-en-la-oms-un-premio-por-ignorar-la-ciencia-y-castigar-a-los-ciudadanos-en-medio-de-un-escandalo\/\" \/>\n<meta property=\"og:locale\" content=\"nl_BE\" \/>\n<meta property=\"og:type\" content=\"article\" \/>\n<meta property=\"og:title\" content=\"El nuevo cargo de M\u00f3nica Garc\u00eda en la OMS: Un premio por ignorar la ciencia y castigar a los ciudadanos en medio de un esc\u00e1ndalo - World Vapers&#039; Alliance\" \/>\n<meta property=\"og:description\" content=\"El reciente nombramiento de M\u00f3nica Garc\u00eda, ministra de Sanidad de Espa\u00f1a, como representante de Europa en el Comit\u00e9 Ejecutivo de la Organizaci\u00f3n Mundial de la Salud (OMS) es un claro ejemplo de c\u00f3mo la organizaci\u00f3n premia a los pol\u00edticos que implementan pol\u00edticas prohibicionistas y paternalistas, aunque \u00e9stas carezcan de base cient\u00edfica. En lugar de reconocer [&hellip;]\" \/>\n<meta property=\"og:url\" content=\"https:\/\/worldvapersalliance.com\/nl_be\/el-nuevo-cargo-de-monica-garcia-en-la-oms-un-premio-por-ignorar-la-ciencia-y-castigar-a-los-ciudadanos-en-medio-de-un-escandalo\/\" \/>\n<meta property=\"og:site_name\" content=\"World Vapers&#039; Alliance\" \/>\n<meta property=\"article:published_time\" content=\"2024-11-21T12:14:54+00:00\" \/>\n<meta property=\"article:modified_time\" content=\"2024-12-06T12:16:23+00:00\" \/>\n<meta property=\"og:image\" content=\"https:\/\/worldvapersalliance.com\/wp-content\/uploads\/2024\/12\/Hercules.png\" \/>\n\t<meta property=\"og:image:width\" content=\"940\" \/>\n\t<meta property=\"og:image:height\" content=\"788\" \/>\n\t<meta property=\"og:image:type\" content=\"image\/png\" \/>\n<meta name=\"author\" content=\"Alberto Hernandez\" \/>\n<meta name=\"twitter:card\" content=\"summary_large_image\" \/>\n<meta name=\"twitter:label1\" content=\"Geschreven door\" \/>\n\t<meta name=\"twitter:data1\" content=\"Alberto Hernandez\" \/>\n\t<meta name=\"twitter:label2\" content=\"Geschatte leestijd\" \/>\n\t<meta name=\"twitter:data2\" content=\"4 minuten\" \/>\n<script type=\"application\/ld+json\" class=\"yoast-schema-graph\">{\"@context\":\"https:\\\/\\\/schema.org\",\"@graph\":[{\"@type\":\"Article\",\"@id\":\"https:\\\/\\\/worldvapersalliance.com\\\/el-nuevo-cargo-de-monica-garcia-en-la-oms-un-premio-por-ignorar-la-ciencia-y-castigar-a-los-ciudadanos-en-medio-de-un-escandalo\\\/#article\",\"isPartOf\":{\"@id\":\"https:\\\/\\\/worldvapersalliance.com\\\/el-nuevo-cargo-de-monica-garcia-en-la-oms-un-premio-por-ignorar-la-ciencia-y-castigar-a-los-ciudadanos-en-medio-de-un-escandalo\\\/\"},\"author\":{\"name\":\"Alberto Hernandez\",\"@id\":\"https:\\\/\\\/worldvapersalliance.com\\\/#\\\/schema\\\/person\\\/9b81eefe507e68fb5ab671aa0ab2bfb6\"},\"headline\":\"El nuevo cargo de M\u00f3nica Garc\u00eda en la OMS: Un premio por ignorar la cienc &hellip;\",\"datePublished\":\"2024-11-21T12:14:54+00:00\",\"dateModified\":\"2024-12-06T12:16:23+00:00\",\"mainEntityOfPage\":{\"@id\":\"https:\\\/\\\/worldvapersalliance.com\\\/el-nuevo-cargo-de-monica-garcia-en-la-oms-un-premio-por-ignorar-la-ciencia-y-castigar-a-los-ciudadanos-en-medio-de-un-escandalo\\\/\"},\"wordCount\":944,\"commentCount\":0,\"publisher\":{\"@id\":\"https:\\\/\\\/worldvapersalliance.com\\\/#organization\"},\"image\":{\"@id\":\"https:\\\/\\\/worldvapersalliance.com\\\/el-nuevo-cargo-de-monica-garcia-en-la-oms-un-premio-por-ignorar-la-ciencia-y-castigar-a-los-ciudadanos-en-medio-de-un-escandalo\\\/#primaryimage\"},\"thumbnailUrl\":\"https:\\\/\\\/worldvapersalliance.com\\\/wp-content\\\/uploads\\\/2025\\\/08\\\/WVA-in-the-news.png\",\"articleSection\":[\"WVA in the News\"],\"inLanguage\":\"nl-BE\",\"potentialAction\":[{\"@type\":\"CommentAction\",\"name\":\"Comment\",\"target\":[\"https:\\\/\\\/worldvapersalliance.com\\\/el-nuevo-cargo-de-monica-garcia-en-la-oms-un-premio-por-ignorar-la-ciencia-y-castigar-a-los-ciudadanos-en-medio-de-un-escandalo\\\/#respond\"]}]},{\"@type\":\"WebPage\",\"@id\":\"https:\\\/\\\/worldvapersalliance.com\\\/el-nuevo-cargo-de-monica-garcia-en-la-oms-un-premio-por-ignorar-la-ciencia-y-castigar-a-los-ciudadanos-en-medio-de-un-escandalo\\\/\",\"url\":\"https:\\\/\\\/worldvapersalliance.com\\\/el-nuevo-cargo-de-monica-garcia-en-la-oms-un-premio-por-ignorar-la-ciencia-y-castigar-a-los-ciudadanos-en-medio-de-un-escandalo\\\/\",\"name\":\"El nuevo cargo de M\u00f3nica Garc\u00eda en la OMS: Un premio por ignorar la ciencia y castigar a los ciudadanos en medio de un esc\u00e1ndalo - World Vapers&#039; Alliance\",\"isPartOf\":{\"@id\":\"https:\\\/\\\/worldvapersalliance.com\\\/#website\"},\"primaryImageOfPage\":{\"@id\":\"https:\\\/\\\/worldvapersalliance.com\\\/el-nuevo-cargo-de-monica-garcia-en-la-oms-un-premio-por-ignorar-la-ciencia-y-castigar-a-los-ciudadanos-en-medio-de-un-escandalo\\\/#primaryimage\"},\"image\":{\"@id\":\"https:\\\/\\\/worldvapersalliance.com\\\/el-nuevo-cargo-de-monica-garcia-en-la-oms-un-premio-por-ignorar-la-ciencia-y-castigar-a-los-ciudadanos-en-medio-de-un-escandalo\\\/#primaryimage\"},\"thumbnailUrl\":\"https:\\\/\\\/worldvapersalliance.com\\\/wp-content\\\/uploads\\\/2025\\\/08\\\/WVA-in-the-news.png\",\"datePublished\":\"2024-11-21T12:14:54+00:00\",\"dateModified\":\"2024-12-06T12:16:23+00:00\",\"inLanguage\":\"nl-BE\",\"potentialAction\":[{\"@type\":\"ReadAction\",\"target\":[\"https:\\\/\\\/worldvapersalliance.com\\\/el-nuevo-cargo-de-monica-garcia-en-la-oms-un-premio-por-ignorar-la-ciencia-y-castigar-a-los-ciudadanos-en-medio-de-un-escandalo\\\/\"]}]},{\"@type\":\"ImageObject\",\"inLanguage\":\"nl-BE\",\"@id\":\"https:\\\/\\\/worldvapersalliance.com\\\/el-nuevo-cargo-de-monica-garcia-en-la-oms-un-premio-por-ignorar-la-ciencia-y-castigar-a-los-ciudadanos-en-medio-de-un-escandalo\\\/#primaryimage\",\"url\":\"https:\\\/\\\/worldvapersalliance.com\\\/wp-content\\\/uploads\\\/2025\\\/08\\\/WVA-in-the-news.png\",\"contentUrl\":\"https:\\\/\\\/worldvapersalliance.com\\\/wp-content\\\/uploads\\\/2025\\\/08\\\/WVA-in-the-news.png\",\"width\":1264,\"height\":848},{\"@type\":\"WebSite\",\"@id\":\"https:\\\/\\\/worldvapersalliance.com\\\/#website\",\"url\":\"https:\\\/\\\/worldvapersalliance.com\\\/\",\"name\":\"World Vapers&#039; Alliance\",\"description\":\"The largest community of vapers\",\"publisher\":{\"@id\":\"https:\\\/\\\/worldvapersalliance.com\\\/#organization\"},\"potentialAction\":[{\"@type\":\"SearchAction\",\"target\":{\"@type\":\"EntryPoint\",\"urlTemplate\":\"https:\\\/\\\/worldvapersalliance.com\\\/?s={search_term_string}\"},\"query-input\":{\"@type\":\"PropertyValueSpecification\",\"valueRequired\":true,\"valueName\":\"search_term_string\"}}],\"inLanguage\":\"nl-BE\"},{\"@type\":\"Organization\",\"@id\":\"https:\\\/\\\/worldvapersalliance.com\\\/#organization\",\"name\":\"World Vapers&#039; Alliance\",\"url\":\"https:\\\/\\\/worldvapersalliance.com\\\/\",\"logo\":{\"@type\":\"ImageObject\",\"inLanguage\":\"nl-BE\",\"@id\":\"https:\\\/\\\/worldvapersalliance.com\\\/#\\\/schema\\\/logo\\\/image\\\/\",\"url\":\"https:\\\/\\\/worldvapersalliance.com\\\/wp-content\\\/uploads\\\/2022\\\/01\\\/WVA_RB_Fist_G.png\",\"contentUrl\":\"https:\\\/\\\/worldvapersalliance.com\\\/wp-content\\\/uploads\\\/2022\\\/01\\\/WVA_RB_Fist_G.png\",\"width\":985,\"height\":1177,\"caption\":\"World Vapers&#039; Alliance\"},\"image\":{\"@id\":\"https:\\\/\\\/worldvapersalliance.com\\\/#\\\/schema\\\/logo\\\/image\\\/\"}},{\"@type\":\"Person\",\"@id\":\"https:\\\/\\\/worldvapersalliance.com\\\/#\\\/schema\\\/person\\\/9b81eefe507e68fb5ab671aa0ab2bfb6\",\"name\":\"Alberto Hernandez\",\"image\":{\"@type\":\"ImageObject\",\"inLanguage\":\"nl-BE\",\"@id\":\"https:\\\/\\\/secure.gravatar.com\\\/avatar\\\/124dc1dd8c5f9c9f352af940db00418f1add423008d32a51d5497b5de2c9ff35?s=96&d=mm&r=g\",\"url\":\"https:\\\/\\\/secure.gravatar.com\\\/avatar\\\/124dc1dd8c5f9c9f352af940db00418f1add423008d32a51d5497b5de2c9ff35?s=96&d=mm&r=g\",\"contentUrl\":\"https:\\\/\\\/secure.gravatar.com\\\/avatar\\\/124dc1dd8c5f9c9f352af940db00418f1add423008d32a51d5497b5de2c9ff35?s=96&d=mm&r=g\",\"caption\":\"Alberto Hernandez\"},\"url\":\"https:\\\/\\\/worldvapersalliance.com\\\/nl_be\\\/author\\\/alberto\\\/\"}]}<\/script>\n<!-- \/ Yoast SEO plugin. -->","yoast_head_json":{"title":"De nieuwe lading van M\u00f3nica Garc\u00eda in de OMS: een premie voor het negeren van de wetenschap en het casten van de burgers in de middellange termijn - World Vapers&#039; Alliance","robots":{"index":"index","follow":"follow","max-snippet":"max-snippet:-1","max-image-preview":"max-image-preview:large","max-video-preview":"max-video-preview:-1"},"canonical":"https:\/\/worldvapersalliance.com\/nl_be\/el-nuevo-cargo-de-monica-garcia-en-la-oms-un-premio-por-ignorar-la-ciencia-y-castigar-a-los-ciudadanos-en-medio-de-un-escandalo\/","og_locale":"nl_BE","og_type":"article","og_title":"El nuevo cargo de M\u00f3nica Garc\u00eda en la OMS: Un premio por ignorar la ciencia y castigar a los ciudadanos en medio de un esc\u00e1ndalo - World Vapers&#039; Alliance","og_description":"El reciente nombramiento de M\u00f3nica Garc\u00eda, ministra de Sanidad de Espa\u00f1a, como representante de Europa en el Comit\u00e9 Ejecutivo de la Organizaci\u00f3n Mundial de la Salud (OMS) es un claro ejemplo de c\u00f3mo la organizaci\u00f3n premia a los pol\u00edticos que implementan pol\u00edticas prohibicionistas y paternalistas, aunque \u00e9stas carezcan de base cient\u00edfica. En lugar de reconocer [&hellip;]","og_url":"https:\/\/worldvapersalliance.com\/nl_be\/el-nuevo-cargo-de-monica-garcia-en-la-oms-un-premio-por-ignorar-la-ciencia-y-castigar-a-los-ciudadanos-en-medio-de-un-escandalo\/","og_site_name":"World Vapers&#039; Alliance","article_published_time":"2024-11-21T12:14:54+00:00","article_modified_time":"2024-12-06T12:16:23+00:00","og_image":[{"width":940,"height":788,"url":"https:\/\/worldvapersalliance.com\/wp-content\/uploads\/2024\/12\/Hercules.png","type":"image\/png"}],"author":"Alberto Hernandez","twitter_card":"summary_large_image","twitter_misc":{"Geschreven door":"Alberto Hernandez","Geschatte leestijd":"4 minuten"},"schema":{"@context":"https:\/\/schema.org","@graph":[{"@type":"Article","@id":"https:\/\/worldvapersalliance.com\/el-nuevo-cargo-de-monica-garcia-en-la-oms-un-premio-por-ignorar-la-ciencia-y-castigar-a-los-ciudadanos-en-medio-de-un-escandalo\/#article","isPartOf":{"@id":"https:\/\/worldvapersalliance.com\/el-nuevo-cargo-de-monica-garcia-en-la-oms-un-premio-por-ignorar-la-ciencia-y-castigar-a-los-ciudadanos-en-medio-de-un-escandalo\/"},"author":{"name":"Alberto Hernandez","@id":"https:\/\/worldvapersalliance.com\/#\/schema\/person\/9b81eefe507e68fb5ab671aa0ab2bfb6"},"headline":"El nuevo cargo de M\u00f3nica Garc\u00eda en la OMS: Un premio por ignorar la cienc &hellip;","datePublished":"2024-11-21T12:14:54+00:00","dateModified":"2024-12-06T12:16:23+00:00","mainEntityOfPage":{"@id":"https:\/\/worldvapersalliance.com\/el-nuevo-cargo-de-monica-garcia-en-la-oms-un-premio-por-ignorar-la-ciencia-y-castigar-a-los-ciudadanos-en-medio-de-un-escandalo\/"},"wordCount":944,"commentCount":0,"publisher":{"@id":"https:\/\/worldvapersalliance.com\/#organization"},"image":{"@id":"https:\/\/worldvapersalliance.com\/el-nuevo-cargo-de-monica-garcia-en-la-oms-un-premio-por-ignorar-la-ciencia-y-castigar-a-los-ciudadanos-en-medio-de-un-escandalo\/#primaryimage"},"thumbnailUrl":"https:\/\/worldvapersalliance.com\/wp-content\/uploads\/2025\/08\/WVA-in-the-news.png","articleSection":["WVA in the News"],"inLanguage":"nl-BE","potentialAction":[{"@type":"CommentAction","name":"Comment","target":["https:\/\/worldvapersalliance.com\/el-nuevo-cargo-de-monica-garcia-en-la-oms-un-premio-por-ignorar-la-ciencia-y-castigar-a-los-ciudadanos-en-medio-de-un-escandalo\/#respond"]}]},{"@type":"WebPage","@id":"https:\/\/worldvapersalliance.com\/el-nuevo-cargo-de-monica-garcia-en-la-oms-un-premio-por-ignorar-la-ciencia-y-castigar-a-los-ciudadanos-en-medio-de-un-escandalo\/","url":"https:\/\/worldvapersalliance.com\/el-nuevo-cargo-de-monica-garcia-en-la-oms-un-premio-por-ignorar-la-ciencia-y-castigar-a-los-ciudadanos-en-medio-de-un-escandalo\/","name":"De nieuwe lading van M\u00f3nica Garc\u00eda in de OMS: een premie voor het negeren van de wetenschap en het casten van de burgers in de middellange termijn - World Vapers&#039; Alliance","isPartOf":{"@id":"https:\/\/worldvapersalliance.com\/#website"},"primaryImageOfPage":{"@id":"https:\/\/worldvapersalliance.com\/el-nuevo-cargo-de-monica-garcia-en-la-oms-un-premio-por-ignorar-la-ciencia-y-castigar-a-los-ciudadanos-en-medio-de-un-escandalo\/#primaryimage"},"image":{"@id":"https:\/\/worldvapersalliance.com\/el-nuevo-cargo-de-monica-garcia-en-la-oms-un-premio-por-ignorar-la-ciencia-y-castigar-a-los-ciudadanos-en-medio-de-un-escandalo\/#primaryimage"},"thumbnailUrl":"https:\/\/worldvapersalliance.com\/wp-content\/uploads\/2025\/08\/WVA-in-the-news.png","datePublished":"2024-11-21T12:14:54+00:00","dateModified":"2024-12-06T12:16:23+00:00","inLanguage":"nl-BE","potentialAction":[{"@type":"ReadAction","target":["https:\/\/worldvapersalliance.com\/el-nuevo-cargo-de-monica-garcia-en-la-oms-un-premio-por-ignorar-la-ciencia-y-castigar-a-los-ciudadanos-en-medio-de-un-escandalo\/"]}]},{"@type":"ImageObject","inLanguage":"nl-BE","@id":"https:\/\/worldvapersalliance.com\/el-nuevo-cargo-de-monica-garcia-en-la-oms-un-premio-por-ignorar-la-ciencia-y-castigar-a-los-ciudadanos-en-medio-de-un-escandalo\/#primaryimage","url":"https:\/\/worldvapersalliance.com\/wp-content\/uploads\/2025\/08\/WVA-in-the-news.png","contentUrl":"https:\/\/worldvapersalliance.com\/wp-content\/uploads\/2025\/08\/WVA-in-the-news.png","width":1264,"height":848},{"@type":"WebSite","@id":"https:\/\/worldvapersalliance.com\/#website","url":"https:\/\/worldvapersalliance.com\/","name":"Wereldalliantie van Vapers","description":"De grootste community van vapers","publisher":{"@id":"https:\/\/worldvapersalliance.com\/#organization"},"potentialAction":[{"@type":"SearchAction","target":{"@type":"EntryPoint","urlTemplate":"https:\/\/worldvapersalliance.com\/?s={search_term_string}"},"query-input":{"@type":"PropertyValueSpecification","valueRequired":true,"valueName":"search_term_string"}}],"inLanguage":"nl-BE"},{"@type":"Organization","@id":"https:\/\/worldvapersalliance.com\/#organization","name":"Wereldalliantie van Vapers","url":"https:\/\/worldvapersalliance.com\/","logo":{"@type":"ImageObject","inLanguage":"nl-BE","@id":"https:\/\/worldvapersalliance.com\/#\/schema\/logo\/image\/","url":"https:\/\/worldvapersalliance.com\/wp-content\/uploads\/2022\/01\/WVA_RB_Fist_G.png","contentUrl":"https:\/\/worldvapersalliance.com\/wp-content\/uploads\/2022\/01\/WVA_RB_Fist_G.png","width":985,"height":1177,"caption":"World Vapers&#039; Alliance"},"image":{"@id":"https:\/\/worldvapersalliance.com\/#\/schema\/logo\/image\/"}},{"@type":"Person","@id":"https:\/\/worldvapersalliance.com\/#\/schema\/person\/9b81eefe507e68fb5ab671aa0ab2bfb6","name":"Alberto Hernandez","image":{"@type":"ImageObject","inLanguage":"nl-BE","@id":"https:\/\/secure.gravatar.com\/avatar\/124dc1dd8c5f9c9f352af940db00418f1add423008d32a51d5497b5de2c9ff35?s=96&d=mm&r=g","url":"https:\/\/secure.gravatar.com\/avatar\/124dc1dd8c5f9c9f352af940db00418f1add423008d32a51d5497b5de2c9ff35?s=96&d=mm&r=g","contentUrl":"https:\/\/secure.gravatar.com\/avatar\/124dc1dd8c5f9c9f352af940db00418f1add423008d32a51d5497b5de2c9ff35?s=96&d=mm&r=g","caption":"Alberto Hernandez"},"url":"https:\/\/worldvapersalliance.com\/nl_be\/author\/alberto\/"}]}},"_links":{"self":[{"href":"https:\/\/worldvapersalliance.com\/nl_be\/wp-json\/wp\/v2\/posts\/5927","targetHints":{"allow":["GET"]}}],"collection":[{"href":"https:\/\/worldvapersalliance.com\/nl_be\/wp-json\/wp\/v2\/posts"}],"about":[{"href":"https:\/\/worldvapersalliance.com\/nl_be\/wp-json\/wp\/v2\/types\/post"}],"author":[{"embeddable":true,"href":"https:\/\/worldvapersalliance.com\/nl_be\/wp-json\/wp\/v2\/users\/14"}],"replies":[{"embeddable":true,"href":"https:\/\/worldvapersalliance.com\/nl_be\/wp-json\/wp\/v2\/comments?post=5927"}],"version-history":[{"count":0,"href":"https:\/\/worldvapersalliance.com\/nl_be\/wp-json\/wp\/v2\/posts\/5927\/revisions"}],"wp:featuredmedia":[{"embeddable":true,"href":"https:\/\/worldvapersalliance.com\/nl_be\/wp-json\/wp\/v2\/media\/6394"}],"wp:attachment":[{"href":"https:\/\/worldvapersalliance.com\/nl_be\/wp-json\/wp\/v2\/media?parent=5927"}],"wp:term":[{"taxonomy":"category","embeddable":true,"href":"https:\/\/worldvapersalliance.com\/nl_be\/wp-json\/wp\/v2\/categories?post=5927"},{"taxonomy":"post_tag","embeddable":true,"href":"https:\/\/worldvapersalliance.com\/nl_be\/wp-json\/wp\/v2\/tags?post=5927"}],"curies":[{"name":"wp","href":"https:\/\/api.w.org\/{rel}","templated":true}]}}