{"id":1371,"date":"2021-07-30T08:55:46","date_gmt":"2021-07-30T12:55:46","guid":{"rendered":"https:\/\/worldvapersalliance.com\/?p=1371"},"modified":"2022-05-16T10:50:17","modified_gmt":"2022-05-16T14:50:17","slug":"world-vapers-alliance-announces-european-vape-bus-tour","status":"publish","type":"post","link":"https:\/\/worldvapersalliance.com\/nl_be\/world-vapers-alliance-announces-european-vape-bus-tour\/","title":{"rendered":"World Vapers&#039; Alliance kondigt Europese &#039;Vape Bus&#039;-tour aan"},"content":{"rendered":"<p><strong><em>Brussel, 30.07.2021 <\/em><\/strong>\u2013 De World Vapers&#039; Alliance heeft vandaag de lancering aangekondigd van de &#039;Vape Bus&#039;, een campagnebus die in augustus en september door Europa zal reizen als onderdeel van de <strong><em>Terug naar vapen. Versla roken. <\/em><\/strong>campagne.<\/p>\n<div class=\"wp-block-image\">\n<figure class=\"alignleft size-full is-resized\"><img fetchpriority=\"high\" decoding=\"async\" class=\"wp-image-2509\" src=\"https:\/\/wvaold.wpengine.com\/wp-content\/uploads\/2021\/07\/BVBS-.png\" alt=\"\" width=\"299\" height=\"239\" \/><\/figure>\n<\/div>\n<p>De elektrische roze bus reist door Europa om de verhalen van vapers te verzamelen en hun boodschappen aan politici over te brengen. De Vape Bus wil de boodschap uitdragen dat er in Europa 19 miljoen levens gered kunnen worden als beleidsmakers een pro-vapingbeleid voeren in de strijd tegen roken. De bustour start eind augustus in Barcelona en doet Spanje, Frankrijk, Duitsland, Itali\u00eb, Polen, Belgi\u00eb, het Verenigd Koninkrijk en Zwitserland aan.<\/p>\n<p>Michael Landl, directeur van de World Vapers&#039; Alliance, zei over de Europese bustour:<\/p>\n<p><em>\u201cDe Vape Bus-tour van de WVA bezoekt vele grote Europese steden om duizenden vapers te ontmoeten en met hen in gesprek te gaan, vapers die het gevoel hebben dat hun stem genegeerd wordt. We kunnen alleen echte verandering teweegbrengen als we als vapers verenigd zijn om de boodschap te verspreiden: Steun vapen, Stop met roken en red 19 miljoen levens in Europa. De rest van het jaar zullen we grootschalige acties, educatieve evenementen en lobbyactiviteiten organiseren om beleidsmakers aan te moedigen vapen te steunen.\u201d.\u00a0<\/em><\/p>\n<p>De <strong><em>Vape Bus <\/em><\/strong>De bus zal stoppen op iconische locaties in grote steden in Europa. Met tal van activiteiten zal de bus het publiek betrekken en hen aanmoedigen om hun stem te laten horen ter verdediging van de rechten van vapers. Er zullen prijzen en weggeefacties zijn en vapers krijgen de kans om de wereld te vertellen wat vapen voor hen betekent. De WVA roept vapers en voorstanders op om de campagne te steunen en de bus te helpen nog meer mensen te bereiken. <a href=\"https:\/\/wvaold.wpengine.com\/donate\/\">het kopen van campagnemateriaal of het doen van een donatie<\/a> of het kopen van campagnemateriaal.<\/p>\n<p>Dit jaar is cruciaal voor de toekomst van de rechten van vapers in Europa en de rest van de wereld. De EU zal haar belangrijkste tabakswetgeving, de Tabaksproductenrichtlijn (TPD), herzien en wereldleiders zullen bijeenkomen om het Kaderverdrag van de Wereldgezondheidsorganisatie inzake tabaksbestrijding (COP9) te bespreken. Beide gebeurtenissen zullen de rechten van vapers de komende jaren be\u00efnvloeden. De Vape Bus zal de verhalen van vapers verzamelen en ervoor zorgen dat beleidsmakers worden geconfronteerd met de feiten en de stemmen van vapers.<\/p>\n<p><em>\u201cWe roepen alle Europese vapers op om hun stem te laten horen. Samen moeten we ervoor zorgen dat vapen toegankelijk en betaalbaar blijft, zodat miljoenen mensen kunnen stoppen met roken. We moeten in actie komen, en wel NU. We hebben maar een paar maanden om de toekomst van het wereldwijde vapenbeleid te be\u00efnvloeden, dus we gaan de straat op om te protesteren en politici met \u00e9\u00e9n stem toe te spreken: Steun vapen. Versla roken. Doe vandaag nog mee!\u201d <\/em>concludeerde Michael Landl.<\/p>","protected":false},"excerpt":{"rendered":"<p>Brussels, 30.07.2021 &#8211;\u00a0The World Vapers\u2019 Alliance has today announced the launch of the \u2018Vape Bus\u2019, a campaign bus that will travel around Europe through August and September as part of the Back Vaping. Beat Smoking campaign. The electric pink bus will travel around Europe, gathering the stories of vapers and delivering their messages to politicians. [&hellip;]<\/p>\n","protected":false},"author":4,"featured_media":0,"comment_status":"open","ping_status":"open","sticky":false,"template":"","format":"standard","meta":{"footnotes":""},"categories":[13],"tags":[],"class_list":["post-1371","post","type-post","status-publish","format-standard","hentry","category-press-releases"],"yoast_head":"<!-- This site is optimized with the Yoast SEO plugin v27.3 - https:\/\/yoast.com\/product\/yoast-seo-wordpress\/ -->\n<title>World Vapers\u2019 Alliance announces European \u2018Vape Bus\u2019 tour - World Vapers&#039; Alliance<\/title>\n<meta name=\"robots\" content=\"index, follow, max-snippet:-1, max-image-preview:large, max-video-preview:-1\" \/>\n<link rel=\"canonical\" href=\"https:\/\/worldvapersalliance.com\/nl_be\/world-vapers-alliance-announces-european-vape-bus-tour\/\" \/>\n<meta property=\"og:locale\" content=\"nl_BE\" \/>\n<meta property=\"og:type\" content=\"article\" \/>\n<meta property=\"og:title\" content=\"World Vapers\u2019 Alliance announces European \u2018Vape Bus\u2019 tour - World Vapers&#039; Alliance\" \/>\n<meta property=\"og:description\" content=\"Brussels, 30.07.2021 &#8211;\u00a0The World Vapers\u2019 Alliance has today announced the launch of the \u2018Vape Bus\u2019, a campaign bus that will travel around Europe through August and September as part of the Back Vaping. Beat Smoking campaign. The electric pink bus will travel around Europe, gathering the stories of vapers and delivering their messages to politicians. [&hellip;]\" \/>\n<meta property=\"og:url\" content=\"https:\/\/worldvapersalliance.com\/nl_be\/world-vapers-alliance-announces-european-vape-bus-tour\/\" \/>\n<meta property=\"og:site_name\" content=\"World Vapers&#039; Alliance\" \/>\n<meta property=\"article:published_time\" content=\"2021-07-30T12:55:46+00:00\" \/>\n<meta property=\"article:modified_time\" content=\"2022-05-16T14:50:17+00:00\" \/>\n<meta property=\"og:image\" content=\"https:\/\/worldvapersalliance.com\/wp-content\/uploads\/2022\/05\/Press-Release.png\" \/>\n\t<meta property=\"og:image:width\" content=\"2081\" \/>\n\t<meta property=\"og:image:height\" content=\"1920\" \/>\n\t<meta property=\"og:image:type\" content=\"image\/png\" \/>\n<meta name=\"author\" content=\"Michael Landl\" \/>\n<meta name=\"twitter:card\" content=\"summary_large_image\" \/>\n<meta name=\"twitter:label1\" content=\"Geschreven door\" \/>\n\t<meta name=\"twitter:data1\" content=\"Michael Landl\" \/>\n\t<meta name=\"twitter:label2\" content=\"Geschatte leestijd\" \/>\n\t<meta name=\"twitter:data2\" content=\"2 minuten\" \/>\n<script type=\"application\/ld+json\" class=\"yoast-schema-graph\">{\"@context\":\"https:\\\/\\\/schema.org\",\"@graph\":[{\"@type\":\"Article\",\"@id\":\"https:\\\/\\\/worldvapersalliance.com\\\/world-vapers-alliance-announces-european-vape-bus-tour\\\/#article\",\"isPartOf\":{\"@id\":\"https:\\\/\\\/worldvapersalliance.com\\\/world-vapers-alliance-announces-european-vape-bus-tour\\\/\"},\"author\":{\"name\":\"Michael Landl\",\"@id\":\"https:\\\/\\\/worldvapersalliance.com\\\/#\\\/schema\\\/person\\\/05f663571d787d89a2d5c77c482a6583\"},\"headline\":\"World Vapers\u2019 Alliance announces European \u2018Vape Bus\u2019 tour\",\"datePublished\":\"2021-07-30T12:55:46+00:00\",\"dateModified\":\"2022-05-16T14:50:17+00:00\",\"mainEntityOfPage\":{\"@id\":\"https:\\\/\\\/worldvapersalliance.com\\\/world-vapers-alliance-announces-european-vape-bus-tour\\\/\"},\"wordCount\":456,\"commentCount\":0,\"publisher\":{\"@id\":\"https:\\\/\\\/worldvapersalliance.com\\\/#organization\"},\"image\":{\"@id\":\"https:\\\/\\\/worldvapersalliance.com\\\/world-vapers-alliance-announces-european-vape-bus-tour\\\/#primaryimage\"},\"thumbnailUrl\":\"https:\\\/\\\/wvaold.wpengine.com\\\/wp-content\\\/uploads\\\/2021\\\/07\\\/BVBS-.png\",\"articleSection\":[\"Press Releases\"],\"inLanguage\":\"nl-BE\",\"potentialAction\":[{\"@type\":\"CommentAction\",\"name\":\"Comment\",\"target\":[\"https:\\\/\\\/worldvapersalliance.com\\\/world-vapers-alliance-announces-european-vape-bus-tour\\\/#respond\"]}]},{\"@type\":\"WebPage\",\"@id\":\"https:\\\/\\\/worldvapersalliance.com\\\/world-vapers-alliance-announces-european-vape-bus-tour\\\/\",\"url\":\"https:\\\/\\\/worldvapersalliance.com\\\/world-vapers-alliance-announces-european-vape-bus-tour\\\/\",\"name\":\"World Vapers\u2019 Alliance announces European \u2018Vape Bus\u2019 tour - World Vapers&#039; Alliance\",\"isPartOf\":{\"@id\":\"https:\\\/\\\/worldvapersalliance.com\\\/#website\"},\"primaryImageOfPage\":{\"@id\":\"https:\\\/\\\/worldvapersalliance.com\\\/world-vapers-alliance-announces-european-vape-bus-tour\\\/#primaryimage\"},\"image\":{\"@id\":\"https:\\\/\\\/worldvapersalliance.com\\\/world-vapers-alliance-announces-european-vape-bus-tour\\\/#primaryimage\"},\"thumbnailUrl\":\"https:\\\/\\\/wvaold.wpengine.com\\\/wp-content\\\/uploads\\\/2021\\\/07\\\/BVBS-.png\",\"datePublished\":\"2021-07-30T12:55:46+00:00\",\"dateModified\":\"2022-05-16T14:50:17+00:00\",\"inLanguage\":\"nl-BE\",\"potentialAction\":[{\"@type\":\"ReadAction\",\"target\":[\"https:\\\/\\\/worldvapersalliance.com\\\/world-vapers-alliance-announces-european-vape-bus-tour\\\/\"]}]},{\"@type\":\"ImageObject\",\"inLanguage\":\"nl-BE\",\"@id\":\"https:\\\/\\\/worldvapersalliance.com\\\/world-vapers-alliance-announces-european-vape-bus-tour\\\/#primaryimage\",\"url\":\"https:\\\/\\\/wvaold.wpengine.com\\\/wp-content\\\/uploads\\\/2021\\\/07\\\/BVBS-.png\",\"contentUrl\":\"https:\\\/\\\/wvaold.wpengine.com\\\/wp-content\\\/uploads\\\/2021\\\/07\\\/BVBS-.png\"},{\"@type\":\"WebSite\",\"@id\":\"https:\\\/\\\/worldvapersalliance.com\\\/#website\",\"url\":\"https:\\\/\\\/worldvapersalliance.com\\\/\",\"name\":\"World Vapers&#039; Alliance\",\"description\":\"The largest community of vapers\",\"publisher\":{\"@id\":\"https:\\\/\\\/worldvapersalliance.com\\\/#organization\"},\"potentialAction\":[{\"@type\":\"SearchAction\",\"target\":{\"@type\":\"EntryPoint\",\"urlTemplate\":\"https:\\\/\\\/worldvapersalliance.com\\\/?s={search_term_string}\"},\"query-input\":{\"@type\":\"PropertyValueSpecification\",\"valueRequired\":true,\"valueName\":\"search_term_string\"}}],\"inLanguage\":\"nl-BE\"},{\"@type\":\"Organization\",\"@id\":\"https:\\\/\\\/worldvapersalliance.com\\\/#organization\",\"name\":\"World Vapers&#039; Alliance\",\"url\":\"https:\\\/\\\/worldvapersalliance.com\\\/\",\"logo\":{\"@type\":\"ImageObject\",\"inLanguage\":\"nl-BE\",\"@id\":\"https:\\\/\\\/worldvapersalliance.com\\\/#\\\/schema\\\/logo\\\/image\\\/\",\"url\":\"https:\\\/\\\/worldvapersalliance.com\\\/wp-content\\\/uploads\\\/2022\\\/01\\\/WVA_RB_Fist_G.png\",\"contentUrl\":\"https:\\\/\\\/worldvapersalliance.com\\\/wp-content\\\/uploads\\\/2022\\\/01\\\/WVA_RB_Fist_G.png\",\"width\":985,\"height\":1177,\"caption\":\"World Vapers&#039; Alliance\"},\"image\":{\"@id\":\"https:\\\/\\\/worldvapersalliance.com\\\/#\\\/schema\\\/logo\\\/image\\\/\"}},{\"@type\":\"Person\",\"@id\":\"https:\\\/\\\/worldvapersalliance.com\\\/#\\\/schema\\\/person\\\/05f663571d787d89a2d5c77c482a6583\",\"name\":\"Michael Landl\",\"image\":{\"@type\":\"ImageObject\",\"inLanguage\":\"nl-BE\",\"@id\":\"https:\\\/\\\/secure.gravatar.com\\\/avatar\\\/1537a11db5ae7fef0631b6c662f439d8a632c50630c980828d0e2c4de581568b?s=96&d=mm&r=g\",\"url\":\"https:\\\/\\\/secure.gravatar.com\\\/avatar\\\/1537a11db5ae7fef0631b6c662f439d8a632c50630c980828d0e2c4de581568b?s=96&d=mm&r=g\",\"contentUrl\":\"https:\\\/\\\/secure.gravatar.com\\\/avatar\\\/1537a11db5ae7fef0631b6c662f439d8a632c50630c980828d0e2c4de581568b?s=96&d=mm&r=g\",\"caption\":\"Michael Landl\"},\"url\":\"https:\\\/\\\/worldvapersalliance.com\\\/nl_be\\\/author\\\/michael\\\/\"}]}<\/script>\n<!-- \/ Yoast SEO plugin. -->","yoast_head_json":{"title":"World Vapers&#039; Alliance kondigt Europese &#039;Vape Bus&#039;-tour aan - World Vapers&#039; Alliance","robots":{"index":"index","follow":"follow","max-snippet":"max-snippet:-1","max-image-preview":"max-image-preview:large","max-video-preview":"max-video-preview:-1"},"canonical":"https:\/\/worldvapersalliance.com\/nl_be\/world-vapers-alliance-announces-european-vape-bus-tour\/","og_locale":"nl_BE","og_type":"article","og_title":"World Vapers\u2019 Alliance announces European \u2018Vape Bus\u2019 tour - World Vapers&#039; Alliance","og_description":"Brussels, 30.07.2021 &#8211;\u00a0The World Vapers\u2019 Alliance has today announced the launch of the \u2018Vape Bus\u2019, a campaign bus that will travel around Europe through August and September as part of the Back Vaping. Beat Smoking campaign. The electric pink bus will travel around Europe, gathering the stories of vapers and delivering their messages to politicians. [&hellip;]","og_url":"https:\/\/worldvapersalliance.com\/nl_be\/world-vapers-alliance-announces-european-vape-bus-tour\/","og_site_name":"World Vapers&#039; Alliance","article_published_time":"2021-07-30T12:55:46+00:00","article_modified_time":"2022-05-16T14:50:17+00:00","og_image":[{"width":2081,"height":1920,"url":"https:\/\/worldvapersalliance.com\/wp-content\/uploads\/2022\/05\/Press-Release.png","type":"image\/png"}],"author":"Michael Landl","twitter_card":"summary_large_image","twitter_misc":{"Geschreven door":"Michael Landl","Geschatte leestijd":"2 minuten"},"schema":{"@context":"https:\/\/schema.org","@graph":[{"@type":"Article","@id":"https:\/\/worldvapersalliance.com\/world-vapers-alliance-announces-european-vape-bus-tour\/#article","isPartOf":{"@id":"https:\/\/worldvapersalliance.com\/world-vapers-alliance-announces-european-vape-bus-tour\/"},"author":{"name":"Michael Landl","@id":"https:\/\/worldvapersalliance.com\/#\/schema\/person\/05f663571d787d89a2d5c77c482a6583"},"headline":"World Vapers\u2019 Alliance announces European \u2018Vape Bus\u2019 tour","datePublished":"2021-07-30T12:55:46+00:00","dateModified":"2022-05-16T14:50:17+00:00","mainEntityOfPage":{"@id":"https:\/\/worldvapersalliance.com\/world-vapers-alliance-announces-european-vape-bus-tour\/"},"wordCount":456,"commentCount":0,"publisher":{"@id":"https:\/\/worldvapersalliance.com\/#organization"},"image":{"@id":"https:\/\/worldvapersalliance.com\/world-vapers-alliance-announces-european-vape-bus-tour\/#primaryimage"},"thumbnailUrl":"https:\/\/wvaold.wpengine.com\/wp-content\/uploads\/2021\/07\/BVBS-.png","articleSection":["Press Releases"],"inLanguage":"nl-BE","potentialAction":[{"@type":"CommentAction","name":"Comment","target":["https:\/\/worldvapersalliance.com\/world-vapers-alliance-announces-european-vape-bus-tour\/#respond"]}]},{"@type":"WebPage","@id":"https:\/\/worldvapersalliance.com\/world-vapers-alliance-announces-european-vape-bus-tour\/","url":"https:\/\/worldvapersalliance.com\/world-vapers-alliance-announces-european-vape-bus-tour\/","name":"World Vapers&#039; Alliance kondigt Europese &#039;Vape Bus&#039;-tour aan - World Vapers&#039; Alliance","isPartOf":{"@id":"https:\/\/worldvapersalliance.com\/#website"},"primaryImageOfPage":{"@id":"https:\/\/worldvapersalliance.com\/world-vapers-alliance-announces-european-vape-bus-tour\/#primaryimage"},"image":{"@id":"https:\/\/worldvapersalliance.com\/world-vapers-alliance-announces-european-vape-bus-tour\/#primaryimage"},"thumbnailUrl":"https:\/\/wvaold.wpengine.com\/wp-content\/uploads\/2021\/07\/BVBS-.png","datePublished":"2021-07-30T12:55:46+00:00","dateModified":"2022-05-16T14:50:17+00:00","inLanguage":"nl-BE","potentialAction":[{"@type":"ReadAction","target":["https:\/\/worldvapersalliance.com\/world-vapers-alliance-announces-european-vape-bus-tour\/"]}]},{"@type":"ImageObject","inLanguage":"nl-BE","@id":"https:\/\/worldvapersalliance.com\/world-vapers-alliance-announces-european-vape-bus-tour\/#primaryimage","url":"https:\/\/wvaold.wpengine.com\/wp-content\/uploads\/2021\/07\/BVBS-.png","contentUrl":"https:\/\/wvaold.wpengine.com\/wp-content\/uploads\/2021\/07\/BVBS-.png"},{"@type":"WebSite","@id":"https:\/\/worldvapersalliance.com\/#website","url":"https:\/\/worldvapersalliance.com\/","name":"Wereldalliantie van Vapers","description":"De grootste community van vapers","publisher":{"@id":"https:\/\/worldvapersalliance.com\/#organization"},"potentialAction":[{"@type":"SearchAction","target":{"@type":"EntryPoint","urlTemplate":"https:\/\/worldvapersalliance.com\/?s={search_term_string}"},"query-input":{"@type":"PropertyValueSpecification","valueRequired":true,"valueName":"search_term_string"}}],"inLanguage":"nl-BE"},{"@type":"Organization","@id":"https:\/\/worldvapersalliance.com\/#organization","name":"Wereldalliantie van Vapers","url":"https:\/\/worldvapersalliance.com\/","logo":{"@type":"ImageObject","inLanguage":"nl-BE","@id":"https:\/\/worldvapersalliance.com\/#\/schema\/logo\/image\/","url":"https:\/\/worldvapersalliance.com\/wp-content\/uploads\/2022\/01\/WVA_RB_Fist_G.png","contentUrl":"https:\/\/worldvapersalliance.com\/wp-content\/uploads\/2022\/01\/WVA_RB_Fist_G.png","width":985,"height":1177,"caption":"World Vapers&#039; Alliance"},"image":{"@id":"https:\/\/worldvapersalliance.com\/#\/schema\/logo\/image\/"}},{"@type":"Person","@id":"https:\/\/worldvapersalliance.com\/#\/schema\/person\/05f663571d787d89a2d5c77c482a6583","name":"Michael Landl","image":{"@type":"ImageObject","inLanguage":"nl-BE","@id":"https:\/\/secure.gravatar.com\/avatar\/1537a11db5ae7fef0631b6c662f439d8a632c50630c980828d0e2c4de581568b?s=96&d=mm&r=g","url":"https:\/\/secure.gravatar.com\/avatar\/1537a11db5ae7fef0631b6c662f439d8a632c50630c980828d0e2c4de581568b?s=96&d=mm&r=g","contentUrl":"https:\/\/secure.gravatar.com\/avatar\/1537a11db5ae7fef0631b6c662f439d8a632c50630c980828d0e2c4de581568b?s=96&d=mm&r=g","caption":"Michael Landl"},"url":"https:\/\/worldvapersalliance.com\/nl_be\/author\/michael\/"}]}},"_links":{"self":[{"href":"https:\/\/worldvapersalliance.com\/nl_be\/wp-json\/wp\/v2\/posts\/1371","targetHints":{"allow":["GET"]}}],"collection":[{"href":"https:\/\/worldvapersalliance.com\/nl_be\/wp-json\/wp\/v2\/posts"}],"about":[{"href":"https:\/\/worldvapersalliance.com\/nl_be\/wp-json\/wp\/v2\/types\/post"}],"author":[{"embeddable":true,"href":"https:\/\/worldvapersalliance.com\/nl_be\/wp-json\/wp\/v2\/users\/4"}],"replies":[{"embeddable":true,"href":"https:\/\/worldvapersalliance.com\/nl_be\/wp-json\/wp\/v2\/comments?post=1371"}],"version-history":[{"count":0,"href":"https:\/\/worldvapersalliance.com\/nl_be\/wp-json\/wp\/v2\/posts\/1371\/revisions"}],"wp:attachment":[{"href":"https:\/\/worldvapersalliance.com\/nl_be\/wp-json\/wp\/v2\/media?parent=1371"}],"wp:term":[{"taxonomy":"category","embeddable":true,"href":"https:\/\/worldvapersalliance.com\/nl_be\/wp-json\/wp\/v2\/categories?post=1371"},{"taxonomy":"post_tag","embeddable":true,"href":"https:\/\/worldvapersalliance.com\/nl_be\/wp-json\/wp\/v2\/tags?post=1371"}],"curies":[{"name":"wp","href":"https:\/\/api.w.org\/{rel}","templated":true}]}}