{"id":616,"date":"2021-11-11T21:15:25","date_gmt":"2021-11-12T02:15:25","guid":{"rendered":"https:\/\/cccwva.wpengine.com\/?p=616"},"modified":"2022-02-05T15:17:54","modified_gmt":"2022-02-05T20:17:54","slug":"vapers-voices-heard-across-geneva-during-cop9","status":"publish","type":"post","link":"https:\/\/worldvapersalliance.com\/it\/vapers-voices-heard-across-geneva-during-cop9\/","title":{"rendered":"Le voci dei vapers ascoltate a Ginevra durante la COP9"},"content":{"rendered":"<p><em>Questa settimana, il &quot;Vape Bus&quot; rosa elettrico della World Vapers&#039; Alliance (WVA) ha percorso le strade di Ginevra, diffondendo le voci dei vapers che raccontavano storie personali su come lo svapo li ha aiutati a smettere di fumare e a cambiare la loro vita.<\/em><\/p>\n<p>La Convenzione quadro dell&#039;OMS sul controllo del tabacco (FCTC) COP9 si sta attualmente tenendo a Ginevra. Il suo ordine del giorno provvisorio, pubblicato il 5 agosto, aveva indicato che il rapporto dell&#039;agenzia sanitaria sui prodotti emergenti a base di nicotina, tra cui le sigarette elettroniche, era stato posticipato alla prossima convenzione che si terr\u00e0 tra 2 anni.<\/p>\n<p><strong>L&#039;OMS esclude gli svapatori dalle discussioni della COP9<\/strong><\/p>\n<p>In risposta a ci\u00f2, innumerevoli esperti di controllo del tabacco hanno sottolineato il fatto che l&#039;OMS sembra vergognosamente felice di continuare a ignorare le prove scientifiche a favore dello svapo come strumento di riduzione del danno da tabacco. Inoltre, la coordinatrice esecutiva della Coalition of Asia Pacific Tobacco Harm Reduction Advocates (CAPHRA) Nancy Loucas ha spiegato che ritiene che le discussioni e le decisioni sulle alternative pi\u00f9 sicure alla nicotina si svolgeranno comunque alla COP9, a porte chiuse. &quot;\u00c8 ormai chiaro, tuttavia, che si \u00e8 trattato di una finzione completa volta a minimizzare una crescente reazione contro l&#039;agenda anti-svapo dell&#039;OMS&quot;, ha affermato Loucas.<\/p>\n<p>A tal fine, \u00e8 stata annunciata una trasmissione globale che ospiter\u00e0 esperti THR e sostenitori dei consumatori per prodotti alla nicotina pi\u00f9 sicuri. L&#039;evento si sta tenendo attualmente, parallelamente alla COP9. sCOPe \u00e8 attualmente in simulcast su YouTube all&#039;indirizzo https:\/\/bit.ly\/3aWBPxi e su Facebook a partire dalle 12:00 ora di Hong Kong di luned\u00ec 8 novembre.<\/p>\n<p><strong>Contro-eventi che danno voce ai vapers<\/strong><\/p>\n<p>Anche la WVA sta facendo la sua parte. Un comunicato stampa del gruppo ha affermato che non solo la FCTC dell&#039;OMS ha escluso i vapers dalla partecipazione alle discussioni della COP 9, ma la dimostrazione della WVA \u00e8 stata anche rapidamente espulsa dall&#039;esterno dell&#039;edificio dell&#039;OMS.<\/p>\n<p>Michael Landl, direttore della World Vapers&#039; Alliance, ha affermato:<\/p>\n<p>&quot;Siamo venuti qui oggi per assicurarci che le voci dei vapers siano ascoltate e che lo svapo sia in prima linea nelle politiche di cessazione del fumo in tutto il mondo. Lo svapo pu\u00f2 salvare 200 milioni di vite in tutto il mondo ed \u00e8 fondamentale che i delegati della COP9 comprendano le storie vere di persone che sono riuscite a smettere di fumare grazie allo svapo.<\/p>\n<p>Abbiamo portato il nostro messaggio alla porta principale dell&#039;OMS e chiesto loro di ascoltare la nostra voce. I delegati della COP9 hanno l&#039;opportunit\u00e0 di fare la storia e salvare vite SE sostengono lo svapo come strumento per sconfiggere il fumo. Il nostro messaggio per loro \u00e8 chiaro: scegliete la scienza e salvate vite&quot;, ha aggiunto.<\/p>\n<p>Quasi 200 milioni di fumatori in tutto il mondo potrebbero passare allo svapo, un&#039;alternativa che \u00e8 95% meno dannosa, se i governi adottassero normative che facilitino e incoraggino lo svapo come mezzo per smettere di fumare. I governi e le autorit\u00e0 sanitarie di Regno Unito, Francia, Canada e Nuova Zelanda lo hanno gi\u00e0 fatto. Eppure l&#039;OMS ha dichiarato una &quot;guerra allo svapo&quot;, rifiutandosi di ascoltare la scienza. La World Vapers&#039; Alliance chiede questa settimana all&#039;OMS e ai leader globali di iniziare a prendere sul serio la riduzione dei danni del tabacco.<\/p>\n<p>&quot;C&#039;\u00e8 il rischio che i leader globali alla COP 9, sotto la pressione degli attivisti anti-svapo, spingano per l&#039;introduzione di leggi che tratterebbero lo svapo esattamente come il fumo. Ci\u00f2 significherebbe un disastro per gli svapatori, per i fumatori e per la salute pubblica globale. Il modo migliore per sconfiggere il fumo \u00e8 promuovere lo svapo come parte delle politiche di salute pubblica&quot;, ha concluso Michael Landl.<\/p>\n<p>Originariamente pubblicato\u00a0<a href=\"https:\/\/www.vapingpost.com\/2021\/11\/11\/vapers-voices-heard-across-geneva-during-cop9\/\" target=\"_blank\" rel=\"nofollow noopener noreferrer\" data-wpel-link=\"external\">Qui<\/a>.<\/p>","protected":false},"excerpt":{"rendered":"<p>This week, the World Vapers\u2019 Alliance (WVA) electric pink \u2018Vape Bus\u2019, drove through the streets of Geneva, broadcasting the voices of vapers relaying personal stories on how vaping helped them quit smoking and change their lives. The WHO\u2019s Framework Convention on Tobacco Control (FCTC) COP9 is being currently held in Geneva. Its provisional agenda released [&hellip;]<\/p>\n","protected":false},"author":4,"featured_media":6394,"comment_status":"open","ping_status":"open","sticky":false,"template":"","format":"standard","meta":{"footnotes":""},"categories":[15],"tags":[],"class_list":["post-616","post","type-post","status-publish","format-standard","has-post-thumbnail","hentry","category-wva-in-the-news"],"yoast_head":"<!-- This site is optimized with the Yoast SEO plugin v27.3 - https:\/\/yoast.com\/product\/yoast-seo-wordpress\/ -->\n<title>Vapers&#039; Voices Heard Across Geneva During COP9 - World Vapers&#039; Alliance<\/title>\n<meta name=\"robots\" content=\"index, follow, max-snippet:-1, max-image-preview:large, max-video-preview:-1\" \/>\n<link rel=\"canonical\" href=\"https:\/\/worldvapersalliance.com\/it\/vapers-voices-heard-across-geneva-during-cop9\/\" \/>\n<meta property=\"og:locale\" content=\"it_IT\" \/>\n<meta property=\"og:type\" content=\"article\" \/>\n<meta property=\"og:title\" content=\"Vapers&#039; Voices Heard Across Geneva During COP9 - World Vapers&#039; Alliance\" \/>\n<meta property=\"og:description\" content=\"This week, the World Vapers\u2019 Alliance (WVA) electric pink \u2018Vape Bus\u2019, drove through the streets of Geneva, broadcasting the voices of vapers relaying personal stories on how vaping helped them quit smoking and change their lives. The WHO\u2019s Framework Convention on Tobacco Control (FCTC) COP9 is being currently held in Geneva. Its provisional agenda released [&hellip;]\" \/>\n<meta property=\"og:url\" content=\"https:\/\/worldvapersalliance.com\/it\/vapers-voices-heard-across-geneva-during-cop9\/\" \/>\n<meta property=\"og:site_name\" content=\"World Vapers&#039; Alliance\" \/>\n<meta property=\"article:published_time\" content=\"2021-11-12T02:15:25+00:00\" \/>\n<meta property=\"article:modified_time\" content=\"2022-02-05T20:17:54+00:00\" \/>\n<meta property=\"og:image\" content=\"https:\/\/worldvapersalliance.com\/wp-content\/uploads\/2022\/02\/geneva-night.jpg\" \/>\n\t<meta property=\"og:image:width\" content=\"1600\" \/>\n\t<meta property=\"og:image:height\" content=\"1066\" \/>\n\t<meta property=\"og:image:type\" content=\"image\/jpeg\" \/>\n<meta name=\"author\" content=\"Michael Landl\" \/>\n<meta name=\"twitter:card\" content=\"summary_large_image\" \/>\n<meta name=\"twitter:label1\" content=\"Scritto da\" \/>\n\t<meta name=\"twitter:data1\" content=\"Michael Landl\" \/>\n\t<meta name=\"twitter:label2\" content=\"Tempo di lettura stimato\" \/>\n\t<meta name=\"twitter:data2\" content=\"3 minuti\" \/>\n<script type=\"application\/ld+json\" class=\"yoast-schema-graph\">{\"@context\":\"https:\\\/\\\/schema.org\",\"@graph\":[{\"@type\":\"Article\",\"@id\":\"https:\\\/\\\/worldvapersalliance.com\\\/vapers-voices-heard-across-geneva-during-cop9\\\/#article\",\"isPartOf\":{\"@id\":\"https:\\\/\\\/worldvapersalliance.com\\\/vapers-voices-heard-across-geneva-during-cop9\\\/\"},\"author\":{\"name\":\"Michael Landl\",\"@id\":\"https:\\\/\\\/worldvapersalliance.com\\\/#\\\/schema\\\/person\\\/05f663571d787d89a2d5c77c482a6583\"},\"headline\":\"Vapers&#8217; Voices Heard Across Geneva During COP9\",\"datePublished\":\"2021-11-12T02:15:25+00:00\",\"dateModified\":\"2022-02-05T20:17:54+00:00\",\"mainEntityOfPage\":{\"@id\":\"https:\\\/\\\/worldvapersalliance.com\\\/vapers-voices-heard-across-geneva-during-cop9\\\/\"},\"wordCount\":562,\"commentCount\":0,\"publisher\":{\"@id\":\"https:\\\/\\\/worldvapersalliance.com\\\/#organization\"},\"image\":{\"@id\":\"https:\\\/\\\/worldvapersalliance.com\\\/vapers-voices-heard-across-geneva-during-cop9\\\/#primaryimage\"},\"thumbnailUrl\":\"https:\\\/\\\/worldvapersalliance.com\\\/wp-content\\\/uploads\\\/2025\\\/08\\\/WVA-in-the-news.png\",\"articleSection\":[\"WVA in the News\"],\"inLanguage\":\"it-IT\",\"potentialAction\":[{\"@type\":\"CommentAction\",\"name\":\"Comment\",\"target\":[\"https:\\\/\\\/worldvapersalliance.com\\\/vapers-voices-heard-across-geneva-during-cop9\\\/#respond\"]}]},{\"@type\":\"WebPage\",\"@id\":\"https:\\\/\\\/worldvapersalliance.com\\\/vapers-voices-heard-across-geneva-during-cop9\\\/\",\"url\":\"https:\\\/\\\/worldvapersalliance.com\\\/vapers-voices-heard-across-geneva-during-cop9\\\/\",\"name\":\"Vapers' Voices Heard Across Geneva During COP9 - World Vapers&#039; Alliance\",\"isPartOf\":{\"@id\":\"https:\\\/\\\/worldvapersalliance.com\\\/#website\"},\"primaryImageOfPage\":{\"@id\":\"https:\\\/\\\/worldvapersalliance.com\\\/vapers-voices-heard-across-geneva-during-cop9\\\/#primaryimage\"},\"image\":{\"@id\":\"https:\\\/\\\/worldvapersalliance.com\\\/vapers-voices-heard-across-geneva-during-cop9\\\/#primaryimage\"},\"thumbnailUrl\":\"https:\\\/\\\/worldvapersalliance.com\\\/wp-content\\\/uploads\\\/2025\\\/08\\\/WVA-in-the-news.png\",\"datePublished\":\"2021-11-12T02:15:25+00:00\",\"dateModified\":\"2022-02-05T20:17:54+00:00\",\"inLanguage\":\"it-IT\",\"potentialAction\":[{\"@type\":\"ReadAction\",\"target\":[\"https:\\\/\\\/worldvapersalliance.com\\\/vapers-voices-heard-across-geneva-during-cop9\\\/\"]}]},{\"@type\":\"ImageObject\",\"inLanguage\":\"it-IT\",\"@id\":\"https:\\\/\\\/worldvapersalliance.com\\\/vapers-voices-heard-across-geneva-during-cop9\\\/#primaryimage\",\"url\":\"https:\\\/\\\/worldvapersalliance.com\\\/wp-content\\\/uploads\\\/2025\\\/08\\\/WVA-in-the-news.png\",\"contentUrl\":\"https:\\\/\\\/worldvapersalliance.com\\\/wp-content\\\/uploads\\\/2025\\\/08\\\/WVA-in-the-news.png\",\"width\":1264,\"height\":848},{\"@type\":\"WebSite\",\"@id\":\"https:\\\/\\\/worldvapersalliance.com\\\/#website\",\"url\":\"https:\\\/\\\/worldvapersalliance.com\\\/\",\"name\":\"World Vapers&#039; Alliance\",\"description\":\"The largest community of vapers\",\"publisher\":{\"@id\":\"https:\\\/\\\/worldvapersalliance.com\\\/#organization\"},\"potentialAction\":[{\"@type\":\"SearchAction\",\"target\":{\"@type\":\"EntryPoint\",\"urlTemplate\":\"https:\\\/\\\/worldvapersalliance.com\\\/?s={search_term_string}\"},\"query-input\":{\"@type\":\"PropertyValueSpecification\",\"valueRequired\":true,\"valueName\":\"search_term_string\"}}],\"inLanguage\":\"it-IT\"},{\"@type\":\"Organization\",\"@id\":\"https:\\\/\\\/worldvapersalliance.com\\\/#organization\",\"name\":\"World Vapers&#039; Alliance\",\"url\":\"https:\\\/\\\/worldvapersalliance.com\\\/\",\"logo\":{\"@type\":\"ImageObject\",\"inLanguage\":\"it-IT\",\"@id\":\"https:\\\/\\\/worldvapersalliance.com\\\/#\\\/schema\\\/logo\\\/image\\\/\",\"url\":\"https:\\\/\\\/worldvapersalliance.com\\\/wp-content\\\/uploads\\\/2022\\\/01\\\/WVA_RB_Fist_G.png\",\"contentUrl\":\"https:\\\/\\\/worldvapersalliance.com\\\/wp-content\\\/uploads\\\/2022\\\/01\\\/WVA_RB_Fist_G.png\",\"width\":985,\"height\":1177,\"caption\":\"World Vapers&#039; Alliance\"},\"image\":{\"@id\":\"https:\\\/\\\/worldvapersalliance.com\\\/#\\\/schema\\\/logo\\\/image\\\/\"}},{\"@type\":\"Person\",\"@id\":\"https:\\\/\\\/worldvapersalliance.com\\\/#\\\/schema\\\/person\\\/05f663571d787d89a2d5c77c482a6583\",\"name\":\"Michael Landl\",\"image\":{\"@type\":\"ImageObject\",\"inLanguage\":\"it-IT\",\"@id\":\"https:\\\/\\\/secure.gravatar.com\\\/avatar\\\/1537a11db5ae7fef0631b6c662f439d8a632c50630c980828d0e2c4de581568b?s=96&d=mm&r=g\",\"url\":\"https:\\\/\\\/secure.gravatar.com\\\/avatar\\\/1537a11db5ae7fef0631b6c662f439d8a632c50630c980828d0e2c4de581568b?s=96&d=mm&r=g\",\"contentUrl\":\"https:\\\/\\\/secure.gravatar.com\\\/avatar\\\/1537a11db5ae7fef0631b6c662f439d8a632c50630c980828d0e2c4de581568b?s=96&d=mm&r=g\",\"caption\":\"Michael Landl\"},\"url\":\"https:\\\/\\\/worldvapersalliance.com\\\/it\\\/author\\\/michael\\\/\"}]}<\/script>\n<!-- \/ Yoast SEO plugin. -->","yoast_head_json":{"title":"Le voci dei vapers ascoltate a Ginevra durante la COP9 - World Vapers&#039; Alliance","robots":{"index":"index","follow":"follow","max-snippet":"max-snippet:-1","max-image-preview":"max-image-preview:large","max-video-preview":"max-video-preview:-1"},"canonical":"https:\/\/worldvapersalliance.com\/it\/vapers-voices-heard-across-geneva-during-cop9\/","og_locale":"it_IT","og_type":"article","og_title":"Vapers' Voices Heard Across Geneva During COP9 - World Vapers&#039; Alliance","og_description":"This week, the World Vapers\u2019 Alliance (WVA) electric pink \u2018Vape Bus\u2019, drove through the streets of Geneva, broadcasting the voices of vapers relaying personal stories on how vaping helped them quit smoking and change their lives. The WHO\u2019s Framework Convention on Tobacco Control (FCTC) COP9 is being currently held in Geneva. Its provisional agenda released [&hellip;]","og_url":"https:\/\/worldvapersalliance.com\/it\/vapers-voices-heard-across-geneva-during-cop9\/","og_site_name":"World Vapers&#039; Alliance","article_published_time":"2021-11-12T02:15:25+00:00","article_modified_time":"2022-02-05T20:17:54+00:00","og_image":[{"width":1600,"height":1066,"url":"https:\/\/worldvapersalliance.com\/wp-content\/uploads\/2022\/02\/geneva-night.jpg","type":"image\/jpeg"}],"author":"Michael Landl","twitter_card":"summary_large_image","twitter_misc":{"Scritto da":"Michael Landl","Tempo di lettura stimato":"3 minuti"},"schema":{"@context":"https:\/\/schema.org","@graph":[{"@type":"Article","@id":"https:\/\/worldvapersalliance.com\/vapers-voices-heard-across-geneva-during-cop9\/#article","isPartOf":{"@id":"https:\/\/worldvapersalliance.com\/vapers-voices-heard-across-geneva-during-cop9\/"},"author":{"name":"Michael Landl","@id":"https:\/\/worldvapersalliance.com\/#\/schema\/person\/05f663571d787d89a2d5c77c482a6583"},"headline":"Vapers&#8217; Voices Heard Across Geneva During COP9","datePublished":"2021-11-12T02:15:25+00:00","dateModified":"2022-02-05T20:17:54+00:00","mainEntityOfPage":{"@id":"https:\/\/worldvapersalliance.com\/vapers-voices-heard-across-geneva-during-cop9\/"},"wordCount":562,"commentCount":0,"publisher":{"@id":"https:\/\/worldvapersalliance.com\/#organization"},"image":{"@id":"https:\/\/worldvapersalliance.com\/vapers-voices-heard-across-geneva-during-cop9\/#primaryimage"},"thumbnailUrl":"https:\/\/worldvapersalliance.com\/wp-content\/uploads\/2025\/08\/WVA-in-the-news.png","articleSection":["WVA in the News"],"inLanguage":"it-IT","potentialAction":[{"@type":"CommentAction","name":"Comment","target":["https:\/\/worldvapersalliance.com\/vapers-voices-heard-across-geneva-during-cop9\/#respond"]}]},{"@type":"WebPage","@id":"https:\/\/worldvapersalliance.com\/vapers-voices-heard-across-geneva-during-cop9\/","url":"https:\/\/worldvapersalliance.com\/vapers-voices-heard-across-geneva-during-cop9\/","name":"Le voci dei vapers ascoltate a Ginevra durante la COP9 - World Vapers&#039; Alliance","isPartOf":{"@id":"https:\/\/worldvapersalliance.com\/#website"},"primaryImageOfPage":{"@id":"https:\/\/worldvapersalliance.com\/vapers-voices-heard-across-geneva-during-cop9\/#primaryimage"},"image":{"@id":"https:\/\/worldvapersalliance.com\/vapers-voices-heard-across-geneva-during-cop9\/#primaryimage"},"thumbnailUrl":"https:\/\/worldvapersalliance.com\/wp-content\/uploads\/2025\/08\/WVA-in-the-news.png","datePublished":"2021-11-12T02:15:25+00:00","dateModified":"2022-02-05T20:17:54+00:00","inLanguage":"it-IT","potentialAction":[{"@type":"ReadAction","target":["https:\/\/worldvapersalliance.com\/vapers-voices-heard-across-geneva-during-cop9\/"]}]},{"@type":"ImageObject","inLanguage":"it-IT","@id":"https:\/\/worldvapersalliance.com\/vapers-voices-heard-across-geneva-during-cop9\/#primaryimage","url":"https:\/\/worldvapersalliance.com\/wp-content\/uploads\/2025\/08\/WVA-in-the-news.png","contentUrl":"https:\/\/worldvapersalliance.com\/wp-content\/uploads\/2025\/08\/WVA-in-the-news.png","width":1264,"height":848},{"@type":"WebSite","@id":"https:\/\/worldvapersalliance.com\/#website","url":"https:\/\/worldvapersalliance.com\/","name":"Alleanza mondiale dei vapers","description":"La pi\u00f9 grande comunit\u00e0 di vapers","publisher":{"@id":"https:\/\/worldvapersalliance.com\/#organization"},"potentialAction":[{"@type":"SearchAction","target":{"@type":"EntryPoint","urlTemplate":"https:\/\/worldvapersalliance.com\/?s={search_term_string}"},"query-input":{"@type":"PropertyValueSpecification","valueRequired":true,"valueName":"search_term_string"}}],"inLanguage":"it-IT"},{"@type":"Organization","@id":"https:\/\/worldvapersalliance.com\/#organization","name":"Alleanza mondiale dei vapers","url":"https:\/\/worldvapersalliance.com\/","logo":{"@type":"ImageObject","inLanguage":"it-IT","@id":"https:\/\/worldvapersalliance.com\/#\/schema\/logo\/image\/","url":"https:\/\/worldvapersalliance.com\/wp-content\/uploads\/2022\/01\/WVA_RB_Fist_G.png","contentUrl":"https:\/\/worldvapersalliance.com\/wp-content\/uploads\/2022\/01\/WVA_RB_Fist_G.png","width":985,"height":1177,"caption":"World Vapers&#039; Alliance"},"image":{"@id":"https:\/\/worldvapersalliance.com\/#\/schema\/logo\/image\/"}},{"@type":"Person","@id":"https:\/\/worldvapersalliance.com\/#\/schema\/person\/05f663571d787d89a2d5c77c482a6583","name":"Michele Landl","image":{"@type":"ImageObject","inLanguage":"it-IT","@id":"https:\/\/secure.gravatar.com\/avatar\/1537a11db5ae7fef0631b6c662f439d8a632c50630c980828d0e2c4de581568b?s=96&d=mm&r=g","url":"https:\/\/secure.gravatar.com\/avatar\/1537a11db5ae7fef0631b6c662f439d8a632c50630c980828d0e2c4de581568b?s=96&d=mm&r=g","contentUrl":"https:\/\/secure.gravatar.com\/avatar\/1537a11db5ae7fef0631b6c662f439d8a632c50630c980828d0e2c4de581568b?s=96&d=mm&r=g","caption":"Michael Landl"},"url":"https:\/\/worldvapersalliance.com\/it\/author\/michael\/"}]}},"_links":{"self":[{"href":"https:\/\/worldvapersalliance.com\/it\/wp-json\/wp\/v2\/posts\/616","targetHints":{"allow":["GET"]}}],"collection":[{"href":"https:\/\/worldvapersalliance.com\/it\/wp-json\/wp\/v2\/posts"}],"about":[{"href":"https:\/\/worldvapersalliance.com\/it\/wp-json\/wp\/v2\/types\/post"}],"author":[{"embeddable":true,"href":"https:\/\/worldvapersalliance.com\/it\/wp-json\/wp\/v2\/users\/4"}],"replies":[{"embeddable":true,"href":"https:\/\/worldvapersalliance.com\/it\/wp-json\/wp\/v2\/comments?post=616"}],"version-history":[{"count":0,"href":"https:\/\/worldvapersalliance.com\/it\/wp-json\/wp\/v2\/posts\/616\/revisions"}],"wp:featuredmedia":[{"embeddable":true,"href":"https:\/\/worldvapersalliance.com\/it\/wp-json\/wp\/v2\/media\/6394"}],"wp:attachment":[{"href":"https:\/\/worldvapersalliance.com\/it\/wp-json\/wp\/v2\/media?parent=616"}],"wp:term":[{"taxonomy":"category","embeddable":true,"href":"https:\/\/worldvapersalliance.com\/it\/wp-json\/wp\/v2\/categories?post=616"},{"taxonomy":"post_tag","embeddable":true,"href":"https:\/\/worldvapersalliance.com\/it\/wp-json\/wp\/v2\/tags?post=616"}],"curies":[{"name":"parola chiave","href":"https:\/\/api.w.org\/{rel}","templated":true}]}}