{"id":5807,"date":"2024-10-08T08:50:45","date_gmt":"2024-10-08T12:50:45","guid":{"rendered":"https:\/\/worldvapersalliance.com\/?p=5807"},"modified":"2024-10-08T08:50:45","modified_gmt":"2024-10-08T12:50:45","slug":"eu-verbotswahn-gefahrdet-osterreichs-rauchentwohnung","status":"publish","type":"post","link":"https:\/\/worldvapersalliance.com\/it\/eu-verbotswahn-gefahrdet-osterreichs-rauchentwohnung\/","title":{"rendered":"EU-Verbotswahn gef\u00e4hrdet \u00d6sterreichs Rauchentw\u00f6hnung"},"content":{"rendered":"<p>Vienna, 8.10.2024 \u2014 La World Vapers&#039; Alliance (WVA) ha annunciato grandi sorprese su die <a href=\"https:\/\/link.mediaoutreach.meltwater.com\/ls\/click?upn=u001.kkA-2B5AE43OxWPGlc5bDzqKwW5Lr7CYfN-2F-2F4bZxu42OKQT7NjQO0GIiAi1rT1dcsWCyrW6imHqA1unTYEd9hBM4WvDD-2FoQf2mV-2Bw-2Fh9VZxGwHaTRPIj17OrBy7aEBY4TBHvPDJScR9PvoXEtylfBE7ZvEUYHtpUMiRxW8uhLPu-2B8-3D0O5y_nbdAMQk13bPuYnrd6UUIy0vhPdifQkI64jVdHO05W-2FzgyILKKjbqwMgh9uOA4mmrnn6ewF3eDZRrHQ-2BW54jw8o8QZuHRvkR6TwV0jvY5Lh39sNWR9ZviEXoEZ0VqhnlSNe6jXNNajI-2BwsnHS0f2QRZ2-2FashSOXCmX-2FU35gxM62Ah-2B7ff7dswcdgq8a1Tzq5hOxYPcWQUFFI0e8v8iLXKZNrMl9Qjjc8KPHrGeM73CxXJFIKUZmMRc8XF12QnBQa8HM7-2FuMLaMwfOZWzJaB3thv9FVsSle-2FNsjVaaEAeX5uLlGDrmMpEI31EGBLUJBksn-2F-2FlQIPfZ7X8OIO7bVCTl0tSHlNlnaXsANzE-2B51PLgIMIviU9ZM6NNhimKrj93Wzb1JJZU6ior7XRdGU3p-2BDOuQ-3D-3D\" target=\"_blank\" rel=\"noopener\" data-saferedirecturl=\"https:\/\/www.google.com\/url?q=https:\/\/link.mediaoutreach.meltwater.com\/ls\/click?upn%3Du001.kkA-2B5AE43OxWPGlc5bDzqKwW5Lr7CYfN-2F-2F4bZxu42OKQT7NjQO0GIiAi1rT1dcsWCyrW6imHqA1unTYEd9hBM4WvDD-2FoQf2mV-2Bw-2Fh9VZxGwHaTRPIj17OrBy7aEBY4TBHvPDJScR9PvoXEtylfBE7ZvEUYHtpUMiRxW8uhLPu-2B8-3D0O5y_nbdAMQk13bPuYnrd6UUIy0vhPdifQkI64jVdHO05W-2FzgyILKKjbqwMgh9uOA4mmrnn6ewF3eDZRrHQ-2BW54jw8o8QZuHRvkR6TwV0jvY5Lh39sNWR9ZviEXoEZ0VqhnlSNe6jXNNajI-2BwsnHS0f2QRZ2-2FashSOXCmX-2FU35gxM62Ah-2B7ff7dswcdgq8a1Tzq5hOxYPcWQUFFI0e8v8iLXKZNrMl9Qjjc8KPHrGeM73CxXJFIKUZmMRc8XF12QnBQa8HM7-2FuMLaMwfOZWzJaB3thv9FVsSle-2FNsjVaaEAeX5uLlGDrmMpEI31EGBLUJBksn-2F-2FlQIPfZ7X8OIO7bVCTl0tSHlNlnaXsANzE-2B51PLgIMIviU9ZM6NNhimKrj93Wzb1JJZU6ior7XRdGU3p-2BDOuQ-3D-3D&amp;source=gmail&amp;ust=1728477651285000&amp;usg=AOvVaw3-aAhf6n_b8b-lmo3l6odQ\">Empfehlung<\/a> der EU-Kommission, das Dampfen (Vapen) in rauchfreien Bereichen zu verbieten und es damit faktisch mit dem Rauchen gleichzusetzen. Die Umsetzung dieser Empfehlungen w\u00fcrde inen massiccian R\u00fcckschritt f\u00fcr die \u00f6sterreichische Gesundheitspolitik bedeuten.<\/p>\n<p>Michael Landl, Leiter der World Vapers&#039; Alliance, afferma:<\/p>\n<p>\u201e&quot;Die Kommission begeht einen gravierenden Fehler, indem sie das Dampfen mit dem Rauchen in einen Topf wirft. Dies sendet ein gef\u00e4hrliches Signal an Tausende von Rauchern in \u00d6sterreich, die das Dampfen als effektiven Ausstieg aus dem Rauchen nutzen. <strong>Es gibt praktisch keinen Passivdampf, und Dampfen ist 95 Prozent weniger sch\u00e4dlich as Rauchen. Deshalb darf die E-Ziagarette nicht mir Traditionalellen Zigaretten gleichgesetzt werden.<\/strong>\u201c<\/p>\n<p>Die Empfehlung der EU-Kommission ignoriert <a href=\"https:\/\/link.mediaoutreach.meltwater.com\/ls\/click?upn=u001.kkA-2B5AE43OxWPGlc5bDzqFOaJQ8Sr9G0IuIdiYfJkDiaRH3O3PfzXqZ-2B3AMPgKxKSQeTAmQmKC5B1D5yo1-2Fj5E7B3UcL-2FIVPjUTSBhc5TVsTZUHKxMF7srJcaCxOx3-2BEObaJDKeR-2FVwkDyMuxLHxgfoFD6sNQrek4MNglOLolAoRSPvRYW-2FU83nnH4NFHaIOuX_L_nbdAMQk13bPuYnrd6UUIy0vhPdifQkI64jVdHO05W-2FzgyILKKjbqwMgh9uOA4mmrnn6ewF3eDZRrHQ-2BW54jw8o8QZuHRvkR6TwV0jvY5Lh39sNWR9ZviEXoEZ0VqhnlSNe6jXNNajI-2BwsnHS0f2QRZ2-2FashSOXCmX-2FU35gxM62Ah-2B7ff7dswcdgq8a1Tzq5hOxYPcWQUFFI0e8v8iLXKZNrMl9Qjjc8KPHrGeM73CxXicNaZpsGdN0jWD7sMIw22CjrTfeRMxGj-2BrwcDLWGksbwDfwy3SPgwslpopMpvBQyW9bURwIt9qqF-2BAMHBiF28ZXqqKl-2F0-2FyV2ME1KBwYr4rWeKeM9gdP3j-2BujrnGIv-2FeGMWx1qY5oy7rr9OzNqiClF7FJ9YfEeYVmLPglI3HXMQ-3D-3D\" target=\"_blank\" rel=\"noopener\" data-saferedirecturl=\"https:\/\/www.google.com\/url?q=https:\/\/link.mediaoutreach.meltwater.com\/ls\/click?upn%3Du001.kkA-2B5AE43OxWPGlc5bDzqFOaJQ8Sr9G0IuIdiYfJkDiaRH3O3PfzXqZ-2B3AMPgKxKSQeTAmQmKC5B1D5yo1-2Fj5E7B3UcL-2FIVPjUTSBhc5TVsTZUHKxMF7srJcaCxOx3-2BEObaJDKeR-2FVwkDyMuxLHxgfoFD6sNQrek4MNglOLolAoRSPvRYW-2FU83nnH4NFHaIOuX_L_nbdAMQk13bPuYnrd6UUIy0vhPdifQkI64jVdHO05W-2FzgyILKKjbqwMgh9uOA4mmrnn6ewF3eDZRrHQ-2BW54jw8o8QZuHRvkR6TwV0jvY5Lh39sNWR9ZviEXoEZ0VqhnlSNe6jXNNajI-2BwsnHS0f2QRZ2-2FashSOXCmX-2FU35gxM62Ah-2B7ff7dswcdgq8a1Tzq5hOxYPcWQUFFI0e8v8iLXKZNrMl9Qjjc8KPHrGeM73CxXicNaZpsGdN0jWD7sMIw22CjrTfeRMxGj-2BrwcDLWGksbwDfwy3SPgwslpopMpvBQyW9bURwIt9qqF-2BAMHBiF28ZXqqKl-2F0-2FyV2ME1KBwYr4rWeKeM9gdP3j-2BujrnGIv-2FeGMWx1qY5oy7rr9OzNqiClF7FJ9YfEeYVmLPglI3HXMQ-3D-3D&amp;source=gmail&amp;ust=1728477651285000&amp;usg=AOvVaw3vOcJwsY-Mvvn9pAi6zmxd\">wissenschaftliche Belege<\/a>, die klar zeigen, dass Passivdampf im Vergleich zu Passivrauch nahezu keine gesundheitlichen Risiken birgt. Sollte \u00d6sterreich dieser Empfehlung folgen und das Dampfen in rauchfreien Bereichen verbieten, besteht die Gefahr, dass weniger Raucher auf weniger sch\u00e4dliche Alternativen umsteigen.<\/p>\n<p>\u201e<strong>Die EU klammert sich stur an ihre gescheiterten Verbotsstrategien \u2013 trotz krachendem Scheitern. Die Raucherquote in Europa wird durch diesen Kurs erst 2100 unter 5 Prozent caduto, ganze 60 Jahre sp\u00e4ter als das eigentliche Ziel. \u00d6sterreich muss sich diesem Verbotswahn entgegenstellen<\/strong>,\u201c erg\u00e4nzte Landl.<\/p>\n<p>Die World Vapers&#039; Alliance fordert die zuk\u00fcnftige Regierung auf, nicht blindlings den Empfehlungen der EU-Kommission zu folgen. Stattdessen sollten sie eine wissenschaftlich fundierte and schadensmindernde Politik unterst\u00fctzen, die den Zugang zu weniger sch\u00e4dlichen Alternativen wie dem Dampfen f\u00f6rdert.<\/p>","protected":false},"excerpt":{"rendered":"<p>Wien, 8.10.2024 \u2014 Die World Vapers&#8217; Alliance (WVA) \u00e4u\u00dfert gro\u00dfe Besorgnis \u00fcber die Empfehlung der EU-Kommission, das Dampfen (Vapen) in rauchfreien Bereichen zu verbieten und es damit faktisch mit dem Rauchen gleichzusetzen. Die Umsetzung dieser Empfehlungen w\u00fcrde einen massiven R\u00fcckschritt f\u00fcr die \u00f6sterreichische Gesundheitspolitik bedeuten. Michael Landl, Leiter der World Vapers&#8217; Alliance, erkl\u00e4rte: \u201eDie Kommission [&hellip;]<\/p>\n","protected":false},"author":11,"featured_media":3245,"comment_status":"open","ping_status":"open","sticky":false,"template":"","format":"standard","meta":{"footnotes":""},"categories":[13],"tags":[],"class_list":["post-5807","post","type-post","status-publish","format-standard","has-post-thumbnail","hentry","category-press-releases"],"yoast_head":"<!-- This site is optimized with the Yoast SEO plugin v27.3 - https:\/\/yoast.com\/product\/yoast-seo-wordpress\/ -->\n<title>EU-Verbotswahn gef\u00e4hrdet \u00d6sterreichs Rauchentw\u00f6hnung - World Vapers&#039; Alliance<\/title>\n<meta name=\"robots\" content=\"index, follow, max-snippet:-1, max-image-preview:large, max-video-preview:-1\" \/>\n<link rel=\"canonical\" href=\"https:\/\/worldvapersalliance.com\/it\/eu-verbotswahn-gefahrdet-osterreichs-rauchentwohnung\/\" \/>\n<meta property=\"og:locale\" content=\"it_IT\" \/>\n<meta property=\"og:type\" content=\"article\" \/>\n<meta property=\"og:title\" content=\"EU-Verbotswahn gef\u00e4hrdet \u00d6sterreichs Rauchentw\u00f6hnung - World Vapers&#039; Alliance\" \/>\n<meta property=\"og:description\" content=\"Wien, 8.10.2024 \u2014 Die World Vapers&#8217; Alliance (WVA) \u00e4u\u00dfert gro\u00dfe Besorgnis \u00fcber die Empfehlung der EU-Kommission, das Dampfen (Vapen) in rauchfreien Bereichen zu verbieten und es damit faktisch mit dem Rauchen gleichzusetzen. Die Umsetzung dieser Empfehlungen w\u00fcrde einen massiven R\u00fcckschritt f\u00fcr die \u00f6sterreichische Gesundheitspolitik bedeuten. Michael Landl, Leiter der World Vapers&#8217; Alliance, erkl\u00e4rte: \u201eDie Kommission [&hellip;]\" \/>\n<meta property=\"og:url\" content=\"https:\/\/worldvapersalliance.com\/it\/eu-verbotswahn-gefahrdet-osterreichs-rauchentwohnung\/\" \/>\n<meta property=\"og:site_name\" content=\"World Vapers&#039; Alliance\" \/>\n<meta property=\"article:published_time\" content=\"2024-10-08T12:50:45+00:00\" \/>\n<meta property=\"og:image\" content=\"https:\/\/worldvapersalliance.com\/wp-content\/uploads\/2022\/10\/WVA_Press-Release_Cover-new.png\" \/>\n\t<meta property=\"og:image:width\" content=\"4162\" \/>\n\t<meta property=\"og:image:height\" content=\"3840\" \/>\n\t<meta property=\"og:image:type\" content=\"image\/png\" \/>\n<meta name=\"author\" content=\"World Vapers&#039; Alliance\" \/>\n<meta name=\"twitter:card\" content=\"summary_large_image\" \/>\n<meta name=\"twitter:label1\" content=\"Scritto da\" \/>\n\t<meta name=\"twitter:data1\" content=\"World Vapers&#039; Alliance\" \/>\n\t<meta name=\"twitter:label2\" content=\"Tempo di lettura stimato\" \/>\n\t<meta name=\"twitter:data2\" content=\"2 minuti\" \/>\n<script type=\"application\/ld+json\" class=\"yoast-schema-graph\">{\"@context\":\"https:\\\/\\\/schema.org\",\"@graph\":[{\"@type\":\"Article\",\"@id\":\"https:\\\/\\\/worldvapersalliance.com\\\/eu-verbotswahn-gefahrdet-osterreichs-rauchentwohnung\\\/#article\",\"isPartOf\":{\"@id\":\"https:\\\/\\\/worldvapersalliance.com\\\/eu-verbotswahn-gefahrdet-osterreichs-rauchentwohnung\\\/\"},\"author\":{\"name\":\"World Vapers' Alliance\",\"@id\":\"https:\\\/\\\/worldvapersalliance.com\\\/#\\\/schema\\\/person\\\/18484a6f20bcc6f70a2419c8babe017d\"},\"headline\":\"EU-Verbotswahn gef\u00e4hrdet \u00d6sterreichs Rauchentw\u00f6hnung\",\"datePublished\":\"2024-10-08T12:50:45+00:00\",\"mainEntityOfPage\":{\"@id\":\"https:\\\/\\\/worldvapersalliance.com\\\/eu-verbotswahn-gefahrdet-osterreichs-rauchentwohnung\\\/\"},\"wordCount\":254,\"commentCount\":0,\"publisher\":{\"@id\":\"https:\\\/\\\/worldvapersalliance.com\\\/#organization\"},\"image\":{\"@id\":\"https:\\\/\\\/worldvapersalliance.com\\\/eu-verbotswahn-gefahrdet-osterreichs-rauchentwohnung\\\/#primaryimage\"},\"thumbnailUrl\":\"https:\\\/\\\/worldvapersalliance.com\\\/wp-content\\\/uploads\\\/2022\\\/10\\\/WVA_Press-Release_Cover-new.png\",\"articleSection\":[\"Press Releases\"],\"inLanguage\":\"it-IT\",\"potentialAction\":[{\"@type\":\"CommentAction\",\"name\":\"Comment\",\"target\":[\"https:\\\/\\\/worldvapersalliance.com\\\/eu-verbotswahn-gefahrdet-osterreichs-rauchentwohnung\\\/#respond\"]}]},{\"@type\":\"WebPage\",\"@id\":\"https:\\\/\\\/worldvapersalliance.com\\\/eu-verbotswahn-gefahrdet-osterreichs-rauchentwohnung\\\/\",\"url\":\"https:\\\/\\\/worldvapersalliance.com\\\/eu-verbotswahn-gefahrdet-osterreichs-rauchentwohnung\\\/\",\"name\":\"EU-Verbotswahn gef\u00e4hrdet \u00d6sterreichs Rauchentw\u00f6hnung - World Vapers&#039; Alliance\",\"isPartOf\":{\"@id\":\"https:\\\/\\\/worldvapersalliance.com\\\/#website\"},\"primaryImageOfPage\":{\"@id\":\"https:\\\/\\\/worldvapersalliance.com\\\/eu-verbotswahn-gefahrdet-osterreichs-rauchentwohnung\\\/#primaryimage\"},\"image\":{\"@id\":\"https:\\\/\\\/worldvapersalliance.com\\\/eu-verbotswahn-gefahrdet-osterreichs-rauchentwohnung\\\/#primaryimage\"},\"thumbnailUrl\":\"https:\\\/\\\/worldvapersalliance.com\\\/wp-content\\\/uploads\\\/2022\\\/10\\\/WVA_Press-Release_Cover-new.png\",\"datePublished\":\"2024-10-08T12:50:45+00:00\",\"inLanguage\":\"it-IT\",\"potentialAction\":[{\"@type\":\"ReadAction\",\"target\":[\"https:\\\/\\\/worldvapersalliance.com\\\/eu-verbotswahn-gefahrdet-osterreichs-rauchentwohnung\\\/\"]}]},{\"@type\":\"ImageObject\",\"inLanguage\":\"it-IT\",\"@id\":\"https:\\\/\\\/worldvapersalliance.com\\\/eu-verbotswahn-gefahrdet-osterreichs-rauchentwohnung\\\/#primaryimage\",\"url\":\"https:\\\/\\\/worldvapersalliance.com\\\/wp-content\\\/uploads\\\/2022\\\/10\\\/WVA_Press-Release_Cover-new.png\",\"contentUrl\":\"https:\\\/\\\/worldvapersalliance.com\\\/wp-content\\\/uploads\\\/2022\\\/10\\\/WVA_Press-Release_Cover-new.png\",\"width\":4162,\"height\":3840},{\"@type\":\"WebSite\",\"@id\":\"https:\\\/\\\/worldvapersalliance.com\\\/#website\",\"url\":\"https:\\\/\\\/worldvapersalliance.com\\\/\",\"name\":\"World Vapers&#039; Alliance\",\"description\":\"The largest community of vapers\",\"publisher\":{\"@id\":\"https:\\\/\\\/worldvapersalliance.com\\\/#organization\"},\"potentialAction\":[{\"@type\":\"SearchAction\",\"target\":{\"@type\":\"EntryPoint\",\"urlTemplate\":\"https:\\\/\\\/worldvapersalliance.com\\\/?s={search_term_string}\"},\"query-input\":{\"@type\":\"PropertyValueSpecification\",\"valueRequired\":true,\"valueName\":\"search_term_string\"}}],\"inLanguage\":\"it-IT\"},{\"@type\":\"Organization\",\"@id\":\"https:\\\/\\\/worldvapersalliance.com\\\/#organization\",\"name\":\"World Vapers&#039; Alliance\",\"url\":\"https:\\\/\\\/worldvapersalliance.com\\\/\",\"logo\":{\"@type\":\"ImageObject\",\"inLanguage\":\"it-IT\",\"@id\":\"https:\\\/\\\/worldvapersalliance.com\\\/#\\\/schema\\\/logo\\\/image\\\/\",\"url\":\"https:\\\/\\\/worldvapersalliance.com\\\/wp-content\\\/uploads\\\/2022\\\/01\\\/WVA_RB_Fist_G.png\",\"contentUrl\":\"https:\\\/\\\/worldvapersalliance.com\\\/wp-content\\\/uploads\\\/2022\\\/01\\\/WVA_RB_Fist_G.png\",\"width\":985,\"height\":1177,\"caption\":\"World Vapers&#039; Alliance\"},\"image\":{\"@id\":\"https:\\\/\\\/worldvapersalliance.com\\\/#\\\/schema\\\/logo\\\/image\\\/\"}},{\"@type\":\"Person\",\"@id\":\"https:\\\/\\\/worldvapersalliance.com\\\/#\\\/schema\\\/person\\\/18484a6f20bcc6f70a2419c8babe017d\",\"name\":\"World Vapers' Alliance\",\"image\":{\"@type\":\"ImageObject\",\"inLanguage\":\"it-IT\",\"@id\":\"https:\\\/\\\/secure.gravatar.com\\\/avatar\\\/456bf795c7a47c9ac527a94da4bff150aa49e48726d69bee9937f8383cffa246?s=96&d=mm&r=g\",\"url\":\"https:\\\/\\\/secure.gravatar.com\\\/avatar\\\/456bf795c7a47c9ac527a94da4bff150aa49e48726d69bee9937f8383cffa246?s=96&d=mm&r=g\",\"contentUrl\":\"https:\\\/\\\/secure.gravatar.com\\\/avatar\\\/456bf795c7a47c9ac527a94da4bff150aa49e48726d69bee9937f8383cffa246?s=96&d=mm&r=g\",\"caption\":\"World Vapers' Alliance\"},\"url\":\"https:\\\/\\\/worldvapersalliance.com\\\/it\\\/author\\\/wva\\\/\"}]}<\/script>\n<!-- \/ Yoast SEO plugin. -->","yoast_head_json":{"title":"EU-Verbotswahn gef\u00e4hrdet \u00d6sterreichs Rauchentw\u00f6hnung - World Vapers&#039; Alliance","robots":{"index":"index","follow":"follow","max-snippet":"max-snippet:-1","max-image-preview":"max-image-preview:large","max-video-preview":"max-video-preview:-1"},"canonical":"https:\/\/worldvapersalliance.com\/it\/eu-verbotswahn-gefahrdet-osterreichs-rauchentwohnung\/","og_locale":"it_IT","og_type":"article","og_title":"EU-Verbotswahn gef\u00e4hrdet \u00d6sterreichs Rauchentw\u00f6hnung - World Vapers&#039; Alliance","og_description":"Wien, 8.10.2024 \u2014 Die World Vapers&#8217; Alliance (WVA) \u00e4u\u00dfert gro\u00dfe Besorgnis \u00fcber die Empfehlung der EU-Kommission, das Dampfen (Vapen) in rauchfreien Bereichen zu verbieten und es damit faktisch mit dem Rauchen gleichzusetzen. Die Umsetzung dieser Empfehlungen w\u00fcrde einen massiven R\u00fcckschritt f\u00fcr die \u00f6sterreichische Gesundheitspolitik bedeuten. Michael Landl, Leiter der World Vapers&#8217; Alliance, erkl\u00e4rte: \u201eDie Kommission [&hellip;]","og_url":"https:\/\/worldvapersalliance.com\/it\/eu-verbotswahn-gefahrdet-osterreichs-rauchentwohnung\/","og_site_name":"World Vapers&#039; Alliance","article_published_time":"2024-10-08T12:50:45+00:00","og_image":[{"width":4162,"height":3840,"url":"https:\/\/worldvapersalliance.com\/wp-content\/uploads\/2022\/10\/WVA_Press-Release_Cover-new.png","type":"image\/png"}],"author":"World Vapers' Alliance","twitter_card":"summary_large_image","twitter_misc":{"Scritto da":"World Vapers' Alliance","Tempo di lettura stimato":"2 minuti"},"schema":{"@context":"https:\/\/schema.org","@graph":[{"@type":"Article","@id":"https:\/\/worldvapersalliance.com\/eu-verbotswahn-gefahrdet-osterreichs-rauchentwohnung\/#article","isPartOf":{"@id":"https:\/\/worldvapersalliance.com\/eu-verbotswahn-gefahrdet-osterreichs-rauchentwohnung\/"},"author":{"name":"World Vapers' Alliance","@id":"https:\/\/worldvapersalliance.com\/#\/schema\/person\/18484a6f20bcc6f70a2419c8babe017d"},"headline":"EU-Verbotswahn gef\u00e4hrdet \u00d6sterreichs Rauchentw\u00f6hnung","datePublished":"2024-10-08T12:50:45+00:00","mainEntityOfPage":{"@id":"https:\/\/worldvapersalliance.com\/eu-verbotswahn-gefahrdet-osterreichs-rauchentwohnung\/"},"wordCount":254,"commentCount":0,"publisher":{"@id":"https:\/\/worldvapersalliance.com\/#organization"},"image":{"@id":"https:\/\/worldvapersalliance.com\/eu-verbotswahn-gefahrdet-osterreichs-rauchentwohnung\/#primaryimage"},"thumbnailUrl":"https:\/\/worldvapersalliance.com\/wp-content\/uploads\/2022\/10\/WVA_Press-Release_Cover-new.png","articleSection":["Press Releases"],"inLanguage":"it-IT","potentialAction":[{"@type":"CommentAction","name":"Comment","target":["https:\/\/worldvapersalliance.com\/eu-verbotswahn-gefahrdet-osterreichs-rauchentwohnung\/#respond"]}]},{"@type":"WebPage","@id":"https:\/\/worldvapersalliance.com\/eu-verbotswahn-gefahrdet-osterreichs-rauchentwohnung\/","url":"https:\/\/worldvapersalliance.com\/eu-verbotswahn-gefahrdet-osterreichs-rauchentwohnung\/","name":"EU-Verbotswahn gef\u00e4hrdet \u00d6sterreichs Rauchentw\u00f6hnung - World Vapers&#039; Alliance","isPartOf":{"@id":"https:\/\/worldvapersalliance.com\/#website"},"primaryImageOfPage":{"@id":"https:\/\/worldvapersalliance.com\/eu-verbotswahn-gefahrdet-osterreichs-rauchentwohnung\/#primaryimage"},"image":{"@id":"https:\/\/worldvapersalliance.com\/eu-verbotswahn-gefahrdet-osterreichs-rauchentwohnung\/#primaryimage"},"thumbnailUrl":"https:\/\/worldvapersalliance.com\/wp-content\/uploads\/2022\/10\/WVA_Press-Release_Cover-new.png","datePublished":"2024-10-08T12:50:45+00:00","inLanguage":"it-IT","potentialAction":[{"@type":"ReadAction","target":["https:\/\/worldvapersalliance.com\/eu-verbotswahn-gefahrdet-osterreichs-rauchentwohnung\/"]}]},{"@type":"ImageObject","inLanguage":"it-IT","@id":"https:\/\/worldvapersalliance.com\/eu-verbotswahn-gefahrdet-osterreichs-rauchentwohnung\/#primaryimage","url":"https:\/\/worldvapersalliance.com\/wp-content\/uploads\/2022\/10\/WVA_Press-Release_Cover-new.png","contentUrl":"https:\/\/worldvapersalliance.com\/wp-content\/uploads\/2022\/10\/WVA_Press-Release_Cover-new.png","width":4162,"height":3840},{"@type":"WebSite","@id":"https:\/\/worldvapersalliance.com\/#website","url":"https:\/\/worldvapersalliance.com\/","name":"Alleanza mondiale dei vapers","description":"La pi\u00f9 grande comunit\u00e0 di vapers","publisher":{"@id":"https:\/\/worldvapersalliance.com\/#organization"},"potentialAction":[{"@type":"SearchAction","target":{"@type":"EntryPoint","urlTemplate":"https:\/\/worldvapersalliance.com\/?s={search_term_string}"},"query-input":{"@type":"PropertyValueSpecification","valueRequired":true,"valueName":"search_term_string"}}],"inLanguage":"it-IT"},{"@type":"Organization","@id":"https:\/\/worldvapersalliance.com\/#organization","name":"Alleanza mondiale dei vapers","url":"https:\/\/worldvapersalliance.com\/","logo":{"@type":"ImageObject","inLanguage":"it-IT","@id":"https:\/\/worldvapersalliance.com\/#\/schema\/logo\/image\/","url":"https:\/\/worldvapersalliance.com\/wp-content\/uploads\/2022\/01\/WVA_RB_Fist_G.png","contentUrl":"https:\/\/worldvapersalliance.com\/wp-content\/uploads\/2022\/01\/WVA_RB_Fist_G.png","width":985,"height":1177,"caption":"World Vapers&#039; Alliance"},"image":{"@id":"https:\/\/worldvapersalliance.com\/#\/schema\/logo\/image\/"}},{"@type":"Person","@id":"https:\/\/worldvapersalliance.com\/#\/schema\/person\/18484a6f20bcc6f70a2419c8babe017d","name":"Alleanza mondiale dei vapers","image":{"@type":"ImageObject","inLanguage":"it-IT","@id":"https:\/\/secure.gravatar.com\/avatar\/456bf795c7a47c9ac527a94da4bff150aa49e48726d69bee9937f8383cffa246?s=96&d=mm&r=g","url":"https:\/\/secure.gravatar.com\/avatar\/456bf795c7a47c9ac527a94da4bff150aa49e48726d69bee9937f8383cffa246?s=96&d=mm&r=g","contentUrl":"https:\/\/secure.gravatar.com\/avatar\/456bf795c7a47c9ac527a94da4bff150aa49e48726d69bee9937f8383cffa246?s=96&d=mm&r=g","caption":"World Vapers' Alliance"},"url":"https:\/\/worldvapersalliance.com\/it\/author\/wva\/"}]}},"_links":{"self":[{"href":"https:\/\/worldvapersalliance.com\/it\/wp-json\/wp\/v2\/posts\/5807","targetHints":{"allow":["GET"]}}],"collection":[{"href":"https:\/\/worldvapersalliance.com\/it\/wp-json\/wp\/v2\/posts"}],"about":[{"href":"https:\/\/worldvapersalliance.com\/it\/wp-json\/wp\/v2\/types\/post"}],"author":[{"embeddable":true,"href":"https:\/\/worldvapersalliance.com\/it\/wp-json\/wp\/v2\/users\/11"}],"replies":[{"embeddable":true,"href":"https:\/\/worldvapersalliance.com\/it\/wp-json\/wp\/v2\/comments?post=5807"}],"version-history":[{"count":0,"href":"https:\/\/worldvapersalliance.com\/it\/wp-json\/wp\/v2\/posts\/5807\/revisions"}],"wp:featuredmedia":[{"embeddable":true,"href":"https:\/\/worldvapersalliance.com\/it\/wp-json\/wp\/v2\/media\/3245"}],"wp:attachment":[{"href":"https:\/\/worldvapersalliance.com\/it\/wp-json\/wp\/v2\/media?parent=5807"}],"wp:term":[{"taxonomy":"category","embeddable":true,"href":"https:\/\/worldvapersalliance.com\/it\/wp-json\/wp\/v2\/categories?post=5807"},{"taxonomy":"post_tag","embeddable":true,"href":"https:\/\/worldvapersalliance.com\/it\/wp-json\/wp\/v2\/tags?post=5807"}],"curies":[{"name":"parola chiave","href":"https:\/\/api.w.org\/{rel}","templated":true}]}}