{"id":5472,"date":"2024-03-27T04:53:15","date_gmt":"2024-03-27T08:53:15","guid":{"rendered":"https:\/\/worldvapersalliance.com\/?p=5472"},"modified":"2024-04-01T04:54:22","modified_gmt":"2024-04-01T08:54:22","slug":"vapers-protest-mexico-vape-ban-as-reforms-seek-to-include-it-in-constitution","status":"publish","type":"post","link":"https:\/\/worldvapersalliance.com\/it\/vapers-protest-mexico-vape-ban-as-reforms-seek-to-include-it-in-constitution\/","title":{"rendered":"I vapers protestano contro il divieto di svapo in Messico mentre le riforme cercano di includerlo nella Costituzione \u2026"},"content":{"rendered":"<p>Nel 2020, il Messico ha implementato un <a href=\"https:\/\/www.vapingpost.com\/2022\/06\/14\/mexico-sets-ban-on-vaping-products\/\">divieto di vendita di prodotti per lo svapo<\/a>, segnando un cambiamento significativo nella posizione del Paese sullo svapo. Riflettendo il sentimento generale espresso dai media globali, la misura \u00e8 arrivata in un contesto di crescenti preoccupazioni sui rischi per la salute associati allo svapo, in particolare tra i giovani.<\/p>\n<p>Naturalmente, il divieto mirava ad affrontare le potenziali conseguenze a lungo termine della dipendenza da nicotina, tuttavia, ha suscitato reazioni contrastanti. Mentre alcuni hanno sostenuto gli sforzi del governo per proteggere la salute pubblica e prevenire lo svapo tra i minorenni, altri hanno criticato la mossa, sostenendo che... <a href=\"https:\/\/www.vapingpost.com\/2024\/02\/21\/science-keeps-indicating-the-effectivity-of-vapes-for-smoking-cessation-yet-falling-on-deaf-ears\/\">accesso limitato ai fumatori adulti<\/a> a un&#039;alternativa potenzialmente meno dannosa alle sigarette tradizionali. Inoltre, c&#039;erano preoccupazioni circa l&#039;impatto del divieto sull&#039;industria dello svapo, compresi rivenditori e produttori.<\/p>\n<p>Nel complesso, il divieto di svapo in Messico <a href=\"https:\/\/www.vapingpost.com\/2024\/01\/14\/mexicos-vape-ban-deemed-unconstitutional\/\">ha scatenato dibattiti<\/a> sulla regolamentazione dei prodotti del tabacco e della nicotina, evidenziando le complessit\u00e0 legate al bilanciamento tra le preoccupazioni per la salute pubblica, le libert\u00e0 individuali e gli interessi economici. Ha inoltre sottolineato la necessit\u00e0 di politiche basate sull&#039;evidenza e di approcci globali per affrontare il consumo di tabacco e nicotina nel Paese.<\/p>\n<p>Leggi il testo completo <a href=\"https:\/\/www.vapingpost.com\/2024\/03\/27\/vapers-protests-local-vape-ban-as-reforms-seek-to-include-it-in-constitution\/\" target=\"_blank\" rel=\"noopener\">Qui<\/a><\/p>","protected":false},"excerpt":{"rendered":"<p>In 2020, Mexico implemented a ban on the sales of vaping products, marking a significant shift in the country\u2019s stance on vaping. Reflecting the general sentiment portrayed by the global media, the measure came amidst growing concerns on the health risks associated with vaping, particularly among young people. Naturally, the ban aimed to address the [&hellip;]<\/p>\n","protected":false},"author":11,"featured_media":6394,"comment_status":"open","ping_status":"open","sticky":false,"template":"","format":"standard","meta":{"footnotes":""},"categories":[15],"tags":[],"class_list":["post-5472","post","type-post","status-publish","format-standard","has-post-thumbnail","hentry","category-wva-in-the-news"],"yoast_head":"<!-- This site is optimized with the Yoast SEO plugin v27.3 - https:\/\/yoast.com\/product\/yoast-seo-wordpress\/ -->\n<title>Vapers Protest Mexico Vape Ban as Reforms Seek to Include it in Constitution - World Vapers&#039; Alliance<\/title>\n<meta name=\"robots\" content=\"index, follow, max-snippet:-1, max-image-preview:large, max-video-preview:-1\" \/>\n<link rel=\"canonical\" href=\"https:\/\/worldvapersalliance.com\/it\/vapers-protest-mexico-vape-ban-as-reforms-seek-to-include-it-in-constitution\/\" \/>\n<meta property=\"og:locale\" content=\"it_IT\" \/>\n<meta property=\"og:type\" content=\"article\" \/>\n<meta property=\"og:title\" content=\"Vapers Protest Mexico Vape Ban as Reforms Seek to Include it in Constitution - World Vapers&#039; Alliance\" \/>\n<meta property=\"og:description\" content=\"In 2020, Mexico implemented a ban on the sales of vaping products, marking a significant shift in the country\u2019s stance on vaping. Reflecting the general sentiment portrayed by the global media, the measure came amidst growing concerns on the health risks associated with vaping, particularly among young people. Naturally, the ban aimed to address the [&hellip;]\" \/>\n<meta property=\"og:url\" content=\"https:\/\/worldvapersalliance.com\/it\/vapers-protest-mexico-vape-ban-as-reforms-seek-to-include-it-in-constitution\/\" \/>\n<meta property=\"og:site_name\" content=\"World Vapers&#039; Alliance\" \/>\n<meta property=\"article:published_time\" content=\"2024-03-27T08:53:15+00:00\" \/>\n<meta property=\"article:modified_time\" content=\"2024-04-01T08:54:22+00:00\" \/>\n<meta property=\"og:image\" content=\"https:\/\/worldvapersalliance.com\/wp-content\/uploads\/2022\/08\/vaping-post.png\" \/>\n\t<meta property=\"og:image:width\" content=\"2081\" \/>\n\t<meta property=\"og:image:height\" content=\"1920\" \/>\n\t<meta property=\"og:image:type\" content=\"image\/png\" \/>\n<meta name=\"author\" content=\"World Vapers&#039; Alliance\" \/>\n<meta name=\"twitter:card\" content=\"summary_large_image\" \/>\n<meta name=\"twitter:label1\" content=\"Scritto da\" \/>\n\t<meta name=\"twitter:data1\" content=\"World Vapers&#039; Alliance\" \/>\n\t<meta name=\"twitter:label2\" content=\"Tempo di lettura stimato\" \/>\n\t<meta name=\"twitter:data2\" content=\"1 minuto\" \/>\n<script type=\"application\/ld+json\" class=\"yoast-schema-graph\">{\"@context\":\"https:\\\/\\\/schema.org\",\"@graph\":[{\"@type\":\"Article\",\"@id\":\"https:\\\/\\\/worldvapersalliance.com\\\/vapers-protest-mexico-vape-ban-as-reforms-seek-to-include-it-in-constitution\\\/#article\",\"isPartOf\":{\"@id\":\"https:\\\/\\\/worldvapersalliance.com\\\/vapers-protest-mexico-vape-ban-as-reforms-seek-to-include-it-in-constitution\\\/\"},\"author\":{\"name\":\"World Vapers' Alliance\",\"@id\":\"https:\\\/\\\/worldvapersalliance.com\\\/#\\\/schema\\\/person\\\/18484a6f20bcc6f70a2419c8babe017d\"},\"headline\":\"Vapers Protest Mexico Vape Ban as Reforms Seek to Include it in Constitutio &hellip;\",\"datePublished\":\"2024-03-27T08:53:15+00:00\",\"dateModified\":\"2024-04-01T08:54:22+00:00\",\"mainEntityOfPage\":{\"@id\":\"https:\\\/\\\/worldvapersalliance.com\\\/vapers-protest-mexico-vape-ban-as-reforms-seek-to-include-it-in-constitution\\\/\"},\"wordCount\":190,\"commentCount\":0,\"publisher\":{\"@id\":\"https:\\\/\\\/worldvapersalliance.com\\\/#organization\"},\"image\":{\"@id\":\"https:\\\/\\\/worldvapersalliance.com\\\/vapers-protest-mexico-vape-ban-as-reforms-seek-to-include-it-in-constitution\\\/#primaryimage\"},\"thumbnailUrl\":\"https:\\\/\\\/worldvapersalliance.com\\\/wp-content\\\/uploads\\\/2025\\\/08\\\/WVA-in-the-news.png\",\"articleSection\":[\"WVA in the News\"],\"inLanguage\":\"it-IT\",\"potentialAction\":[{\"@type\":\"CommentAction\",\"name\":\"Comment\",\"target\":[\"https:\\\/\\\/worldvapersalliance.com\\\/vapers-protest-mexico-vape-ban-as-reforms-seek-to-include-it-in-constitution\\\/#respond\"]}]},{\"@type\":\"WebPage\",\"@id\":\"https:\\\/\\\/worldvapersalliance.com\\\/vapers-protest-mexico-vape-ban-as-reforms-seek-to-include-it-in-constitution\\\/\",\"url\":\"https:\\\/\\\/worldvapersalliance.com\\\/vapers-protest-mexico-vape-ban-as-reforms-seek-to-include-it-in-constitution\\\/\",\"name\":\"Vapers Protest Mexico Vape Ban as Reforms Seek to Include it in Constitution - World Vapers&#039; Alliance\",\"isPartOf\":{\"@id\":\"https:\\\/\\\/worldvapersalliance.com\\\/#website\"},\"primaryImageOfPage\":{\"@id\":\"https:\\\/\\\/worldvapersalliance.com\\\/vapers-protest-mexico-vape-ban-as-reforms-seek-to-include-it-in-constitution\\\/#primaryimage\"},\"image\":{\"@id\":\"https:\\\/\\\/worldvapersalliance.com\\\/vapers-protest-mexico-vape-ban-as-reforms-seek-to-include-it-in-constitution\\\/#primaryimage\"},\"thumbnailUrl\":\"https:\\\/\\\/worldvapersalliance.com\\\/wp-content\\\/uploads\\\/2025\\\/08\\\/WVA-in-the-news.png\",\"datePublished\":\"2024-03-27T08:53:15+00:00\",\"dateModified\":\"2024-04-01T08:54:22+00:00\",\"inLanguage\":\"it-IT\",\"potentialAction\":[{\"@type\":\"ReadAction\",\"target\":[\"https:\\\/\\\/worldvapersalliance.com\\\/vapers-protest-mexico-vape-ban-as-reforms-seek-to-include-it-in-constitution\\\/\"]}]},{\"@type\":\"ImageObject\",\"inLanguage\":\"it-IT\",\"@id\":\"https:\\\/\\\/worldvapersalliance.com\\\/vapers-protest-mexico-vape-ban-as-reforms-seek-to-include-it-in-constitution\\\/#primaryimage\",\"url\":\"https:\\\/\\\/worldvapersalliance.com\\\/wp-content\\\/uploads\\\/2025\\\/08\\\/WVA-in-the-news.png\",\"contentUrl\":\"https:\\\/\\\/worldvapersalliance.com\\\/wp-content\\\/uploads\\\/2025\\\/08\\\/WVA-in-the-news.png\",\"width\":1264,\"height\":848},{\"@type\":\"WebSite\",\"@id\":\"https:\\\/\\\/worldvapersalliance.com\\\/#website\",\"url\":\"https:\\\/\\\/worldvapersalliance.com\\\/\",\"name\":\"World Vapers&#039; Alliance\",\"description\":\"The largest community of vapers\",\"publisher\":{\"@id\":\"https:\\\/\\\/worldvapersalliance.com\\\/#organization\"},\"potentialAction\":[{\"@type\":\"SearchAction\",\"target\":{\"@type\":\"EntryPoint\",\"urlTemplate\":\"https:\\\/\\\/worldvapersalliance.com\\\/?s={search_term_string}\"},\"query-input\":{\"@type\":\"PropertyValueSpecification\",\"valueRequired\":true,\"valueName\":\"search_term_string\"}}],\"inLanguage\":\"it-IT\"},{\"@type\":\"Organization\",\"@id\":\"https:\\\/\\\/worldvapersalliance.com\\\/#organization\",\"name\":\"World Vapers&#039; Alliance\",\"url\":\"https:\\\/\\\/worldvapersalliance.com\\\/\",\"logo\":{\"@type\":\"ImageObject\",\"inLanguage\":\"it-IT\",\"@id\":\"https:\\\/\\\/worldvapersalliance.com\\\/#\\\/schema\\\/logo\\\/image\\\/\",\"url\":\"https:\\\/\\\/worldvapersalliance.com\\\/wp-content\\\/uploads\\\/2022\\\/01\\\/WVA_RB_Fist_G.png\",\"contentUrl\":\"https:\\\/\\\/worldvapersalliance.com\\\/wp-content\\\/uploads\\\/2022\\\/01\\\/WVA_RB_Fist_G.png\",\"width\":985,\"height\":1177,\"caption\":\"World Vapers&#039; Alliance\"},\"image\":{\"@id\":\"https:\\\/\\\/worldvapersalliance.com\\\/#\\\/schema\\\/logo\\\/image\\\/\"}},{\"@type\":\"Person\",\"@id\":\"https:\\\/\\\/worldvapersalliance.com\\\/#\\\/schema\\\/person\\\/18484a6f20bcc6f70a2419c8babe017d\",\"name\":\"World Vapers' Alliance\",\"image\":{\"@type\":\"ImageObject\",\"inLanguage\":\"it-IT\",\"@id\":\"https:\\\/\\\/secure.gravatar.com\\\/avatar\\\/456bf795c7a47c9ac527a94da4bff150aa49e48726d69bee9937f8383cffa246?s=96&d=mm&r=g\",\"url\":\"https:\\\/\\\/secure.gravatar.com\\\/avatar\\\/456bf795c7a47c9ac527a94da4bff150aa49e48726d69bee9937f8383cffa246?s=96&d=mm&r=g\",\"contentUrl\":\"https:\\\/\\\/secure.gravatar.com\\\/avatar\\\/456bf795c7a47c9ac527a94da4bff150aa49e48726d69bee9937f8383cffa246?s=96&d=mm&r=g\",\"caption\":\"World Vapers' Alliance\"},\"url\":\"https:\\\/\\\/worldvapersalliance.com\\\/it\\\/author\\\/wva\\\/\"}]}<\/script>\n<!-- \/ Yoast SEO plugin. -->","yoast_head_json":{"title":"I vapers protestano contro il divieto di svapare in Messico mentre le riforme mirano a includerlo nella Costituzione - World Vapers&#039; Alliance","robots":{"index":"index","follow":"follow","max-snippet":"max-snippet:-1","max-image-preview":"max-image-preview:large","max-video-preview":"max-video-preview:-1"},"canonical":"https:\/\/worldvapersalliance.com\/it\/vapers-protest-mexico-vape-ban-as-reforms-seek-to-include-it-in-constitution\/","og_locale":"it_IT","og_type":"article","og_title":"Vapers Protest Mexico Vape Ban as Reforms Seek to Include it in Constitution - World Vapers&#039; Alliance","og_description":"In 2020, Mexico implemented a ban on the sales of vaping products, marking a significant shift in the country\u2019s stance on vaping. Reflecting the general sentiment portrayed by the global media, the measure came amidst growing concerns on the health risks associated with vaping, particularly among young people. Naturally, the ban aimed to address the [&hellip;]","og_url":"https:\/\/worldvapersalliance.com\/it\/vapers-protest-mexico-vape-ban-as-reforms-seek-to-include-it-in-constitution\/","og_site_name":"World Vapers&#039; Alliance","article_published_time":"2024-03-27T08:53:15+00:00","article_modified_time":"2024-04-01T08:54:22+00:00","og_image":[{"width":2081,"height":1920,"url":"https:\/\/worldvapersalliance.com\/wp-content\/uploads\/2022\/08\/vaping-post.png","type":"image\/png"}],"author":"World Vapers' Alliance","twitter_card":"summary_large_image","twitter_misc":{"Scritto da":"World Vapers' Alliance","Tempo di lettura stimato":"1 minuto"},"schema":{"@context":"https:\/\/schema.org","@graph":[{"@type":"Article","@id":"https:\/\/worldvapersalliance.com\/vapers-protest-mexico-vape-ban-as-reforms-seek-to-include-it-in-constitution\/#article","isPartOf":{"@id":"https:\/\/worldvapersalliance.com\/vapers-protest-mexico-vape-ban-as-reforms-seek-to-include-it-in-constitution\/"},"author":{"name":"World Vapers' Alliance","@id":"https:\/\/worldvapersalliance.com\/#\/schema\/person\/18484a6f20bcc6f70a2419c8babe017d"},"headline":"Vapers Protest Mexico Vape Ban as Reforms Seek to Include it in Constitutio &hellip;","datePublished":"2024-03-27T08:53:15+00:00","dateModified":"2024-04-01T08:54:22+00:00","mainEntityOfPage":{"@id":"https:\/\/worldvapersalliance.com\/vapers-protest-mexico-vape-ban-as-reforms-seek-to-include-it-in-constitution\/"},"wordCount":190,"commentCount":0,"publisher":{"@id":"https:\/\/worldvapersalliance.com\/#organization"},"image":{"@id":"https:\/\/worldvapersalliance.com\/vapers-protest-mexico-vape-ban-as-reforms-seek-to-include-it-in-constitution\/#primaryimage"},"thumbnailUrl":"https:\/\/worldvapersalliance.com\/wp-content\/uploads\/2025\/08\/WVA-in-the-news.png","articleSection":["WVA in the News"],"inLanguage":"it-IT","potentialAction":[{"@type":"CommentAction","name":"Comment","target":["https:\/\/worldvapersalliance.com\/vapers-protest-mexico-vape-ban-as-reforms-seek-to-include-it-in-constitution\/#respond"]}]},{"@type":"WebPage","@id":"https:\/\/worldvapersalliance.com\/vapers-protest-mexico-vape-ban-as-reforms-seek-to-include-it-in-constitution\/","url":"https:\/\/worldvapersalliance.com\/vapers-protest-mexico-vape-ban-as-reforms-seek-to-include-it-in-constitution\/","name":"I vapers protestano contro il divieto di svapare in Messico mentre le riforme mirano a includerlo nella Costituzione - World Vapers&#039; Alliance","isPartOf":{"@id":"https:\/\/worldvapersalliance.com\/#website"},"primaryImageOfPage":{"@id":"https:\/\/worldvapersalliance.com\/vapers-protest-mexico-vape-ban-as-reforms-seek-to-include-it-in-constitution\/#primaryimage"},"image":{"@id":"https:\/\/worldvapersalliance.com\/vapers-protest-mexico-vape-ban-as-reforms-seek-to-include-it-in-constitution\/#primaryimage"},"thumbnailUrl":"https:\/\/worldvapersalliance.com\/wp-content\/uploads\/2025\/08\/WVA-in-the-news.png","datePublished":"2024-03-27T08:53:15+00:00","dateModified":"2024-04-01T08:54:22+00:00","inLanguage":"it-IT","potentialAction":[{"@type":"ReadAction","target":["https:\/\/worldvapersalliance.com\/vapers-protest-mexico-vape-ban-as-reforms-seek-to-include-it-in-constitution\/"]}]},{"@type":"ImageObject","inLanguage":"it-IT","@id":"https:\/\/worldvapersalliance.com\/vapers-protest-mexico-vape-ban-as-reforms-seek-to-include-it-in-constitution\/#primaryimage","url":"https:\/\/worldvapersalliance.com\/wp-content\/uploads\/2025\/08\/WVA-in-the-news.png","contentUrl":"https:\/\/worldvapersalliance.com\/wp-content\/uploads\/2025\/08\/WVA-in-the-news.png","width":1264,"height":848},{"@type":"WebSite","@id":"https:\/\/worldvapersalliance.com\/#website","url":"https:\/\/worldvapersalliance.com\/","name":"Alleanza mondiale dei vapers","description":"La pi\u00f9 grande comunit\u00e0 di vapers","publisher":{"@id":"https:\/\/worldvapersalliance.com\/#organization"},"potentialAction":[{"@type":"SearchAction","target":{"@type":"EntryPoint","urlTemplate":"https:\/\/worldvapersalliance.com\/?s={search_term_string}"},"query-input":{"@type":"PropertyValueSpecification","valueRequired":true,"valueName":"search_term_string"}}],"inLanguage":"it-IT"},{"@type":"Organization","@id":"https:\/\/worldvapersalliance.com\/#organization","name":"Alleanza mondiale dei vapers","url":"https:\/\/worldvapersalliance.com\/","logo":{"@type":"ImageObject","inLanguage":"it-IT","@id":"https:\/\/worldvapersalliance.com\/#\/schema\/logo\/image\/","url":"https:\/\/worldvapersalliance.com\/wp-content\/uploads\/2022\/01\/WVA_RB_Fist_G.png","contentUrl":"https:\/\/worldvapersalliance.com\/wp-content\/uploads\/2022\/01\/WVA_RB_Fist_G.png","width":985,"height":1177,"caption":"World Vapers&#039; Alliance"},"image":{"@id":"https:\/\/worldvapersalliance.com\/#\/schema\/logo\/image\/"}},{"@type":"Person","@id":"https:\/\/worldvapersalliance.com\/#\/schema\/person\/18484a6f20bcc6f70a2419c8babe017d","name":"Alleanza mondiale dei vapers","image":{"@type":"ImageObject","inLanguage":"it-IT","@id":"https:\/\/secure.gravatar.com\/avatar\/456bf795c7a47c9ac527a94da4bff150aa49e48726d69bee9937f8383cffa246?s=96&d=mm&r=g","url":"https:\/\/secure.gravatar.com\/avatar\/456bf795c7a47c9ac527a94da4bff150aa49e48726d69bee9937f8383cffa246?s=96&d=mm&r=g","contentUrl":"https:\/\/secure.gravatar.com\/avatar\/456bf795c7a47c9ac527a94da4bff150aa49e48726d69bee9937f8383cffa246?s=96&d=mm&r=g","caption":"World Vapers' Alliance"},"url":"https:\/\/worldvapersalliance.com\/it\/author\/wva\/"}]}},"_links":{"self":[{"href":"https:\/\/worldvapersalliance.com\/it\/wp-json\/wp\/v2\/posts\/5472","targetHints":{"allow":["GET"]}}],"collection":[{"href":"https:\/\/worldvapersalliance.com\/it\/wp-json\/wp\/v2\/posts"}],"about":[{"href":"https:\/\/worldvapersalliance.com\/it\/wp-json\/wp\/v2\/types\/post"}],"author":[{"embeddable":true,"href":"https:\/\/worldvapersalliance.com\/it\/wp-json\/wp\/v2\/users\/11"}],"replies":[{"embeddable":true,"href":"https:\/\/worldvapersalliance.com\/it\/wp-json\/wp\/v2\/comments?post=5472"}],"version-history":[{"count":0,"href":"https:\/\/worldvapersalliance.com\/it\/wp-json\/wp\/v2\/posts\/5472\/revisions"}],"wp:featuredmedia":[{"embeddable":true,"href":"https:\/\/worldvapersalliance.com\/it\/wp-json\/wp\/v2\/media\/6394"}],"wp:attachment":[{"href":"https:\/\/worldvapersalliance.com\/it\/wp-json\/wp\/v2\/media?parent=5472"}],"wp:term":[{"taxonomy":"category","embeddable":true,"href":"https:\/\/worldvapersalliance.com\/it\/wp-json\/wp\/v2\/categories?post=5472"},{"taxonomy":"post_tag","embeddable":true,"href":"https:\/\/worldvapersalliance.com\/it\/wp-json\/wp\/v2\/tags?post=5472"}],"curies":[{"name":"parola chiave","href":"https:\/\/api.w.org\/{rel}","templated":true}]}}