{"id":4772,"date":"2023-09-12T05:34:43","date_gmt":"2023-09-12T09:34:43","guid":{"rendered":"https:\/\/worldvapersalliance.com\/?p=4772"},"modified":"2023-09-12T05:34:43","modified_gmt":"2023-09-12T09:34:43","slug":"calls-upon-president-von-der-leyen-to-tackle-smoking","status":"publish","type":"post","link":"https:\/\/worldvapersalliance.com\/it\/calls-upon-president-von-der-leyen-to-tackle-smoking\/","title":{"rendered":"Invita la Presidente von der Leyen ad affrontare il problema del fumo"},"content":{"rendered":"<p dir=\"ltr\"><strong>Bruxelles, 12 settembre 2023 \u2014<\/strong> In vista del discorso sullo stato dell&#039;Unione di quest&#039;anno, mercoled\u00ec a Strasburgo, la World Vapers&#039; Alliance esorta vivamente la Presidente Ursula von der Leyen ad affrontare l&#039;impatto devastante delle malattie legate al fumo nell&#039;Unione Europea. L&#039;associazione propone alla Presidente della Commissione Europea di adottare una strategia coerente di riduzione del danno a livello europeo, che includa approcci basati sull&#039;evidenza scientifica per lo svapo e le sigarette elettroniche, che hanno dimostrato di ridurre significativamente i danni rispetto al fumo.<\/p>\n<p dir=\"ltr\">Michael Landl, direttore della World Vapers&#039; Alliance, ha commentato:<\/p>\n<p dir=\"ltr\">\u201c<em>Imploriamo Ursula von der Leyen affinch\u00e9 affronti finalmente gli effetti di vasta portata del fumo. Il fumo \u00e8 un problema di salute pubblica che richiede un&#039;attenzione immediata, causando ogni anno oltre 700.000 decessi nell&#039;UE. \u00c8 evidente che i prodotti alternativi alla nicotina, come lo svapo e le bustine di nicotina, possono rappresentare una svolta nella lotta contro il fumo. \u00c8 giunto il momento di una leadership coraggiosa.<\/em>\u201c<\/p>\n<p dir=\"ltr\">Secondo la World Vapers&#039; Alliance, la Svezia \u00e8 diventata un esempio lampante di come una strategia coerente di riduzione del danno sia la chiave per affrontare con successo le patologie legate al fumo. Non solo la Svezia \u00e8 il primo Paese al mondo a raggiungere l&#039;obiettivo di una lotta al fumo (con 17 anni di anticipo rispetto agli obiettivi dell&#039;UE), ma mantiene anche il suo impegno a favore della riduzione del danno. La scorsa settimana, il governo svedese ha annunciato <a href=\"https:\/\/link.mediaoutreach.meltwater.com\/ls\/click?upn=v2OU6mEZsrF8RQMJ1eCY0sxhlHHaVZReqAZELaM-2BuIFvZMR7R-2FXwFSzC94A3Iijwxma9A-2FllMaA3qcXGW7Xtl9JmKDOvS6fMBZ1FCkEa-2FyyfYdZJvOXJIQL879Hrauk0NGlX_6-2BOayirWiMnL4NNJ9ivl6YavKZeo6-2F4wNJspN1hyqCqN9Iica8t3kuAqeTUsoEZyEPArUXwlTHpmuotWGUYRcpQrE8nNUswQ7G-2Fk02oN1WEWHHt54BxhdFiplpKrmGj1WZ6i2UkJrsgyDF6MlOZmaXywKflb2KDMKkgxRWgMFfesv9oAlkkHhR7dk6XGOOYVrUHnd22C8EbWuRcoLyE3MAYrdqhkH6AZqQTO2AfRAoPKAWShM1UQ0M3V47zP3-2B0UnGv7uFVrqmyTbM0-2B4veWBvIpHi9b8lIl4iCAtH8ByUkkXP-2BjprL1UQoZFM1T-2B2I9kiFT2ftrV6cPCKnaCgWCN9mvDuytl1wGd0rEISYryNvyRH8JD90ZiPXYqiJaEwoQtXBfFzgKru3xpMM2FjFkvQ-3D-3D\" target=\"_blank\" rel=\"noopener\" data-saferedirecturl=\"https:\/\/www.google.com\/url?q=https:\/\/link.mediaoutreach.meltwater.com\/ls\/click?upn%3Dv2OU6mEZsrF8RQMJ1eCY0sxhlHHaVZReqAZELaM-2BuIFvZMR7R-2FXwFSzC94A3Iijwxma9A-2FllMaA3qcXGW7Xtl9JmKDOvS6fMBZ1FCkEa-2FyyfYdZJvOXJIQL879Hrauk0NGlX_6-2BOayirWiMnL4NNJ9ivl6YavKZeo6-2F4wNJspN1hyqCqN9Iica8t3kuAqeTUsoEZyEPArUXwlTHpmuotWGUYRcpQrE8nNUswQ7G-2Fk02oN1WEWHHt54BxhdFiplpKrmGj1WZ6i2UkJrsgyDF6MlOZmaXywKflb2KDMKkgxRWgMFfesv9oAlkkHhR7dk6XGOOYVrUHnd22C8EbWuRcoLyE3MAYrdqhkH6AZqQTO2AfRAoPKAWShM1UQ0M3V47zP3-2B0UnGv7uFVrqmyTbM0-2B4veWBvIpHi9b8lIl4iCAtH8ByUkkXP-2BjprL1UQoZFM1T-2B2I9kiFT2ftrV6cPCKnaCgWCN9mvDuytl1wGd0rEISYryNvyRH8JD90ZiPXYqiJaEwoQtXBfFzgKru3xpMM2FjFkvQ-3D-3D&amp;source=gmail&amp;ust=1694597547703000&amp;usg=AOvVaw0XVuwpUUlcXR4_YGRPmxDv\">il suo piano<\/a> ridurre la tassa sullo snus, un prodotto del tabacco senza fumo simile alle moderne bustine di nicotina, entro il 20%, aumentando al contempo la tassa sulle sigarette e sul tabacco da fumo di 9%.<\/p>\n<p dir=\"ltr\">Svapare \u00e8 ancora un <a href=\"https:\/\/link.mediaoutreach.meltwater.com\/ls\/click?upn=v2OU6mEZsrF8RQMJ1eCY0sl-2FKyz2GKA-2BLA-2BxkKaxWOpb-2FElQ3fWqW5f3dbihHXtg-2FgQ8zg4v-2BqKRM1MP-2F6iNbByCrUBRGizCNbVXSrZc-2B3ZxRZB00wcAAbFMZ17HRBfZVu653aJgpPeF94XjwnuWRA-3D-3DLve5_6-2BOayirWiMnL4NNJ9ivl6YavKZeo6-2F4wNJspN1hyqCqN9Iica8t3kuAqeTUsoEZyEPArUXwlTHpmuotWGUYRcpQrE8nNUswQ7G-2Fk02oN1WEWHHt54BxhdFiplpKrmGj1WZ6i2UkJrsgyDF6MlOZmaXywKflb2KDMKkgxRWgMFfesv9oAlkkHhR7dk6XGOOYVrUHnd22C8EbWuRcoLyE3MAYrdqhkH6AZqQTO2AfRAoNerA8ir4mMPfd4P9Nhibcj-2FeC4QC5LZNOCkRZFC9b7N2Cn-2BTHWfCE9vhWzlWNnv56YIcmgb-2BxEIfULlwz9UrvCiKR-2B77fWZcatRkOx1z0wvEGYtB9f61-2BB0l3hq52cKPuDBKb6Yf2mk1SeSwMz-2BvJYvcZyFmsJqAqvl5Z2AcBbYQ-3D-3D\" target=\"_blank\" rel=\"noopener\" data-saferedirecturl=\"https:\/\/www.google.com\/url?q=https:\/\/link.mediaoutreach.meltwater.com\/ls\/click?upn%3Dv2OU6mEZsrF8RQMJ1eCY0sl-2FKyz2GKA-2BLA-2BxkKaxWOpb-2FElQ3fWqW5f3dbihHXtg-2FgQ8zg4v-2BqKRM1MP-2F6iNbByCrUBRGizCNbVXSrZc-2B3ZxRZB00wcAAbFMZ17HRBfZVu653aJgpPeF94XjwnuWRA-3D-3DLve5_6-2BOayirWiMnL4NNJ9ivl6YavKZeo6-2F4wNJspN1hyqCqN9Iica8t3kuAqeTUsoEZyEPArUXwlTHpmuotWGUYRcpQrE8nNUswQ7G-2Fk02oN1WEWHHt54BxhdFiplpKrmGj1WZ6i2UkJrsgyDF6MlOZmaXywKflb2KDMKkgxRWgMFfesv9oAlkkHhR7dk6XGOOYVrUHnd22C8EbWuRcoLyE3MAYrdqhkH6AZqQTO2AfRAoNerA8ir4mMPfd4P9Nhibcj-2FeC4QC5LZNOCkRZFC9b7N2Cn-2BTHWfCE9vhWzlWNnv56YIcmgb-2BxEIfULlwz9UrvCiKR-2B77fWZcatRkOx1z0wvEGYtB9f61-2BB0l3hq52cKPuDBKb6Yf2mk1SeSwMz-2BvJYvcZyFmsJqAqvl5Z2AcBbYQ-3D-3D&amp;source=gmail&amp;ust=1694597547703000&amp;usg=AOvVaw0vPlqTUl1Qm2xhVSlklvOM\">raccomandato<\/a> mezzi per smettere di fumare per i fumatori in <a href=\"https:\/\/link.mediaoutreach.meltwater.com\/ls\/click?upn=v2OU6mEZsrF8RQMJ1eCY0ndH-2BDNsXs0Ey82fr8x5uR1pM937ioh16l0V6bSdYmbB31o4jE1atmL2PjNfn7ZoBw-3D-3DACHQ_6-2BOayirWiMnL4NNJ9ivl6YavKZeo6-2F4wNJspN1hyqCqN9Iica8t3kuAqeTUsoEZyEPArUXwlTHpmuotWGUYRcpQrE8nNUswQ7G-2Fk02oN1WEWHHt54BxhdFiplpKrmGj1WZ6i2UkJrsgyDF6MlOZmaXywKflb2KDMKkgxRWgMFfesv9oAlkkHhR7dk6XGOOYVrUHnd22C8EbWuRcoLyE3MAYrdqhkH6AZqQTO2AfRAoNPT01y18QQwo4Vp6yC4dtUDnM3poOl3xr4tctbj1EBora6dm-2FnKezL9znU9Rcso2W-2FixZorGGJ27JoWCMWppyX4dSYZ-2FEAYzwByEK-2Fe5HPr86JXDPITdi54ERXR0qBRJhmWGyra4NH-2FLc11h-2BovtKL0bhRF1vEy4GALsQZgNOuzw-3D-3D\" target=\"_blank\" rel=\"noopener\" data-saferedirecturl=\"https:\/\/www.google.com\/url?q=https:\/\/link.mediaoutreach.meltwater.com\/ls\/click?upn%3Dv2OU6mEZsrF8RQMJ1eCY0ndH-2BDNsXs0Ey82fr8x5uR1pM937ioh16l0V6bSdYmbB31o4jE1atmL2PjNfn7ZoBw-3D-3DACHQ_6-2BOayirWiMnL4NNJ9ivl6YavKZeo6-2F4wNJspN1hyqCqN9Iica8t3kuAqeTUsoEZyEPArUXwlTHpmuotWGUYRcpQrE8nNUswQ7G-2Fk02oN1WEWHHt54BxhdFiplpKrmGj1WZ6i2UkJrsgyDF6MlOZmaXywKflb2KDMKkgxRWgMFfesv9oAlkkHhR7dk6XGOOYVrUHnd22C8EbWuRcoLyE3MAYrdqhkH6AZqQTO2AfRAoNPT01y18QQwo4Vp6yC4dtUDnM3poOl3xr4tctbj1EBora6dm-2FnKezL9znU9Rcso2W-2FixZorGGJ27JoWCMWppyX4dSYZ-2FEAYzwByEK-2Fe5HPr86JXDPITdi54ERXR0qBRJhmWGyra4NH-2FLc11h-2BovtKL0bhRF1vEy4GALsQZgNOuzw-3D-3D&amp;source=gmail&amp;ust=1694597547703000&amp;usg=AOvVaw3v63sNW-cbygT2Pj3FTlzL\">Francia<\/a>, IL <a href=\"https:\/\/link.mediaoutreach.meltwater.com\/ls\/click?upn=v2OU6mEZsrF8RQMJ1eCY0lzT9ZmIQHJrWuLWuvRMZkMk1CdpEtmpvWOBUOFTt7-2BmymatjoW-2BtI7DS-2BJUcHBlyOqqZZIMjl4clACfmukHbZpPhF9D7q3QKORCsWN7KyEnC7qf_6-2BOayirWiMnL4NNJ9ivl6YavKZeo6-2F4wNJspN1hyqCqN9Iica8t3kuAqeTUsoEZyEPArUXwlTHpmuotWGUYRcpQrE8nNUswQ7G-2Fk02oN1WEWHHt54BxhdFiplpKrmGj1WZ6i2UkJrsgyDF6MlOZmaXywKflb2KDMKkgxRWgMFfesv9oAlkkHhR7dk6XGOOYVrUHnd22C8EbWuRcoLyE3MAYrdqhkH6AZqQTO2AfRAoOjASuj8h8qYtMJ5tfwluPryLpAEFJTFTvJb8uQpIncYCXvGHMS-2F9AggVwJSMYf3CjSsTwA7-2BAJJlz88Ul2M0TJrkkzPutmSUoBAFvJgT1Cwn8dFli89BJ9hY2wrMPozrFwPYafdtO12BK2IzU21qgBRY4KBuyui3KCwipk6PwsbA-3D-3D\" target=\"_blank\" rel=\"noopener\" data-saferedirecturl=\"https:\/\/www.google.com\/url?q=https:\/\/link.mediaoutreach.meltwater.com\/ls\/click?upn%3Dv2OU6mEZsrF8RQMJ1eCY0lzT9ZmIQHJrWuLWuvRMZkMk1CdpEtmpvWOBUOFTt7-2BmymatjoW-2BtI7DS-2BJUcHBlyOqqZZIMjl4clACfmukHbZpPhF9D7q3QKORCsWN7KyEnC7qf_6-2BOayirWiMnL4NNJ9ivl6YavKZeo6-2F4wNJspN1hyqCqN9Iica8t3kuAqeTUsoEZyEPArUXwlTHpmuotWGUYRcpQrE8nNUswQ7G-2Fk02oN1WEWHHt54BxhdFiplpKrmGj1WZ6i2UkJrsgyDF6MlOZmaXywKflb2KDMKkgxRWgMFfesv9oAlkkHhR7dk6XGOOYVrUHnd22C8EbWuRcoLyE3MAYrdqhkH6AZqQTO2AfRAoOjASuj8h8qYtMJ5tfwluPryLpAEFJTFTvJb8uQpIncYCXvGHMS-2F9AggVwJSMYf3CjSsTwA7-2BAJJlz88Ul2M0TJrkkzPutmSUoBAFvJgT1Cwn8dFli89BJ9hY2wrMPozrFwPYafdtO12BK2IzU21qgBRY4KBuyui3KCwipk6PwsbA-3D-3D&amp;source=gmail&amp;ust=1694597547703000&amp;usg=AOvVaw2RmJfzYdgV-GyNQqkZkGAA\">Regno Unito<\/a>, <a href=\"https:\/\/link.mediaoutreach.meltwater.com\/ls\/click?upn=v2OU6mEZsrF8RQMJ1eCY0ja69Dzk0GFNRwqcAK0YmgvXU3K0F4VAXCs6hqfX8uPNM-2BxoKdzNnIuLSl-2Fnu0XQ-2FSy3afeM865qyWf3jk8VRP0FDWEo-2BP0M0SfCAHSUZaB-2F5Kx__6-2BOayirWiMnL4NNJ9ivl6YavKZeo6-2F4wNJspN1hyqCqN9Iica8t3kuAqeTUsoEZyEPArUXwlTHpmuotWGUYRcpQrE8nNUswQ7G-2Fk02oN1WEWHHt54BxhdFiplpKrmGj1WZ6i2UkJrsgyDF6MlOZmaXywKflb2KDMKkgxRWgMFfesv9oAlkkHhR7dk6XGOOYVrUHnd22C8EbWuRcoLyE3MAYrdqhkH6AZqQTO2AfRAoPAfp-2BtfKmpXsABqmnZCqAc2bLAMTcormuK-2BJV6tkv0mtWTw4UfpzqmtKxjVFzEJ1fV62g-2F42gbxMOI2FIk1mkA-2BkadsdRIAyCwkHypWFqDx9qvG2RnwhPCY3leZ-2FNRoP-2BwnSmUf3C2IiinoCPyJ0BU5FFkCRUU-2FPTbZ7a82Xp2iA-3D-3D\" target=\"_blank\" rel=\"noopener\" data-saferedirecturl=\"https:\/\/www.google.com\/url?q=https:\/\/link.mediaoutreach.meltwater.com\/ls\/click?upn%3Dv2OU6mEZsrF8RQMJ1eCY0ja69Dzk0GFNRwqcAK0YmgvXU3K0F4VAXCs6hqfX8uPNM-2BxoKdzNnIuLSl-2Fnu0XQ-2FSy3afeM865qyWf3jk8VRP0FDWEo-2BP0M0SfCAHSUZaB-2F5Kx__6-2BOayirWiMnL4NNJ9ivl6YavKZeo6-2F4wNJspN1hyqCqN9Iica8t3kuAqeTUsoEZyEPArUXwlTHpmuotWGUYRcpQrE8nNUswQ7G-2Fk02oN1WEWHHt54BxhdFiplpKrmGj1WZ6i2UkJrsgyDF6MlOZmaXywKflb2KDMKkgxRWgMFfesv9oAlkkHhR7dk6XGOOYVrUHnd22C8EbWuRcoLyE3MAYrdqhkH6AZqQTO2AfRAoPAfp-2BtfKmpXsABqmnZCqAc2bLAMTcormuK-2BJV6tkv0mtWTw4UfpzqmtKxjVFzEJ1fV62g-2F42gbxMOI2FIk1mkA-2BkadsdRIAyCwkHypWFqDx9qvG2RnwhPCY3leZ-2FNRoP-2BwnSmUf3C2IiinoCPyJ0BU5FFkCRUU-2FPTbZ7a82Xp2iA-3D-3D&amp;source=gmail&amp;ust=1694597547703000&amp;usg=AOvVaw0sNqV_-CGeuxaIFiudpvUQ\">Salute Canada<\/a>, E <a href=\"https:\/\/link.mediaoutreach.meltwater.com\/ls\/click?upn=v2OU6mEZsrF8RQMJ1eCY0oZywgVHW3meRbCl-2FHkdnVDJFM86OQdf-2FPNc9QD33Y9X_w0a_6-2BOayirWiMnL4NNJ9ivl6YavKZeo6-2F4wNJspN1hyqCqN9Iica8t3kuAqeTUsoEZyEPArUXwlTHpmuotWGUYRcpQrE8nNUswQ7G-2Fk02oN1WEWHHt54BxhdFiplpKrmGj1WZ6i2UkJrsgyDF6MlOZmaXywKflb2KDMKkgxRWgMFfesv9oAlkkHhR7dk6XGOOYVrUHnd22C8EbWuRcoLyE3MAYrdqhkH6AZqQTO2AfRAoOoTEEB-2FZ44tNfHsjkLI-2FZQ-2FLWpKILQZ7CryK6Nci6g5dYbebIoYNhn-2B2wj0VqquWwvlKkRHGvN-2B9c8MjjpIPQBr9XXTjIhI78MMfPexV5P3RSNuJD3DaWzbmYuhcjeaZGKtgeh6rV1dPZrTfcO-2F3p3cux4CECmUDdlTstNmJuAPg-3D-3D\" target=\"_blank\" rel=\"noopener\" data-saferedirecturl=\"https:\/\/www.google.com\/url?q=https:\/\/link.mediaoutreach.meltwater.com\/ls\/click?upn%3Dv2OU6mEZsrF8RQMJ1eCY0oZywgVHW3meRbCl-2FHkdnVDJFM86OQdf-2FPNc9QD33Y9X_w0a_6-2BOayirWiMnL4NNJ9ivl6YavKZeo6-2F4wNJspN1hyqCqN9Iica8t3kuAqeTUsoEZyEPArUXwlTHpmuotWGUYRcpQrE8nNUswQ7G-2Fk02oN1WEWHHt54BxhdFiplpKrmGj1WZ6i2UkJrsgyDF6MlOZmaXywKflb2KDMKkgxRWgMFfesv9oAlkkHhR7dk6XGOOYVrUHnd22C8EbWuRcoLyE3MAYrdqhkH6AZqQTO2AfRAoOoTEEB-2FZ44tNfHsjkLI-2FZQ-2FLWpKILQZ7CryK6Nci6g5dYbebIoYNhn-2B2wj0VqquWwvlKkRHGvN-2B9c8MjjpIPQBr9XXTjIhI78MMfPexV5P3RSNuJD3DaWzbmYuhcjeaZGKtgeh6rV1dPZrTfcO-2F3p3cux4CECmUDdlTstNmJuAPg-3D-3D&amp;source=gmail&amp;ust=1694597547704000&amp;usg=AOvVaw3tT4gHoDTzH794T5xvVLRt\">Nuova Zelanda<\/a>. Questo aprile, il governo del Regno Unito <a href=\"https:\/\/link.mediaoutreach.meltwater.com\/ls\/click?upn=v2OU6mEZsrF8RQMJ1eCY0sl-2FKyz2GKA-2BLA-2BxkKaxWOppKGvgf1KLtDQcyyLRj1wcQS9ckwZGcfaw1GYyAFNJ66qT0P4jpcO-2BuUGzZv-2F6iSUOzYTXRx15VRvq0JVpMa4p5HjLEGJCOtKZ1eRiDmBPKg-3D-3DrrE2_6-2BOayirWiMnL4NNJ9ivl6YavKZeo6-2F4wNJspN1hyqCqN9Iica8t3kuAqeTUsoEZyEPArUXwlTHpmuotWGUYRcpQrE8nNUswQ7G-2Fk02oN1WEWHHt54BxhdFiplpKrmGj1WZ6i2UkJrsgyDF6MlOZmaXywKflb2KDMKkgxRWgMFfesv9oAlkkHhR7dk6XGOOYVrUHnd22C8EbWuRcoLyE3MAYrdqhkH6AZqQTO2AfRAoObD8nRtdi7YdbaTggJyMfRHHCDtI4EsEWkPTXrL1d0oCbiMVu4wRwh1uV0UKQ892i7rFyZs-2Fbeu0yVk86xFnz8r0nH2oe2SWZ7RieFfJArK4oMxjR7VyVMN6ix1NFaZysWUoPfIztEvoCfKSmIawAWyVzkzWwxVXvPtcJU-2FC18zg-3D-3D\" target=\"_blank\" rel=\"noopener\" data-saferedirecturl=\"https:\/\/www.google.com\/url?q=https:\/\/link.mediaoutreach.meltwater.com\/ls\/click?upn%3Dv2OU6mEZsrF8RQMJ1eCY0sl-2FKyz2GKA-2BLA-2BxkKaxWOppKGvgf1KLtDQcyyLRj1wcQS9ckwZGcfaw1GYyAFNJ66qT0P4jpcO-2BuUGzZv-2F6iSUOzYTXRx15VRvq0JVpMa4p5HjLEGJCOtKZ1eRiDmBPKg-3D-3DrrE2_6-2BOayirWiMnL4NNJ9ivl6YavKZeo6-2F4wNJspN1hyqCqN9Iica8t3kuAqeTUsoEZyEPArUXwlTHpmuotWGUYRcpQrE8nNUswQ7G-2Fk02oN1WEWHHt54BxhdFiplpKrmGj1WZ6i2UkJrsgyDF6MlOZmaXywKflb2KDMKkgxRWgMFfesv9oAlkkHhR7dk6XGOOYVrUHnd22C8EbWuRcoLyE3MAYrdqhkH6AZqQTO2AfRAoObD8nRtdi7YdbaTggJyMfRHHCDtI4EsEWkPTXrL1d0oCbiMVu4wRwh1uV0UKQ892i7rFyZs-2Fbeu0yVk86xFnz8r0nH2oe2SWZ7RieFfJArK4oMxjR7VyVMN6ix1NFaZysWUoPfIztEvoCfKSmIawAWyVzkzWwxVXvPtcJU-2FC18zg-3D-3D&amp;source=gmail&amp;ust=1694597547704000&amp;usg=AOvVaw29YfosVX3mf_qsrdWQom5z\">ha lanciato un programma \u201cSwap-to-Stop\u201d<\/a> L&#039;obiettivo era incentivare i fumatori a smettere di fumare scambiando le loro sigarette con dispositivi di svapo gratuiti. A seguito della recente iniziativa della Svezia di ridurre l&#039;aliquota fiscale sullo snus, basata su un approccio normativo basato sul rischio, e del pieno sostegno del Regno Unito allo svapo come strumento per smettere di fumare, la WVA invita l&#039;Unione Europea a seguire il suo esempio nell&#039;adottare una strategia coerente di riduzione del danno.<\/p>\n<p dir=\"ltr\">\u201c<em>In Svezia e nel Regno Unito, abbiamo visto l&#039;incredibile impatto che un approccio di riduzione del danno pu\u00f2 avere sulla riduzione dei tassi di fumo e sul miglioramento della salute pubblica. Questi paesi danno il buon esempio, adottando una strategia equilibrata basata sul rischio che include lo svapo e le sigarette elettroniche come alternative pi\u00f9 sicure al fumo. \u00c8 ora che l&#039;Unione Europea segua il loro esempio. La Presidente von der Leyen ha un&#039;opportunit\u00e0 unica di tracciare un nuovo corso per l&#039;UE nel suo discorso sullo stato dell&#039;Unione, un percorso che abbracci soluzioni innovative e basate sull&#039;evidenza per affrontare la crisi del fumo.<\/em>\u201c&quot;, ha aggiunto Landl.<\/p>","protected":false},"excerpt":{"rendered":"<p>Brussels, 12 September 2023 \u2014 Ahead of this year\u2019s State of the Union address on Wednesday in Strasbourg, the World Vapers\u2019 Alliance strongly urges President Ursula von der Leyen to tackle the devastating impact of smoking-related diseases in the European Union. The association proposes the EU Commission\u2019s President to embrace a coherent EU-wide harm reduction [&hellip;]<\/p>\n","protected":false},"author":11,"featured_media":3245,"comment_status":"open","ping_status":"open","sticky":false,"template":"","format":"standard","meta":{"footnotes":""},"categories":[13],"tags":[],"class_list":["post-4772","post","type-post","status-publish","format-standard","has-post-thumbnail","hentry","category-press-releases"],"yoast_head":"<!-- This site is optimized with the Yoast SEO plugin v27.3 - https:\/\/yoast.com\/product\/yoast-seo-wordpress\/ -->\n<title>Calls upon President von der Leyen to Tackle smoking - World Vapers&#039; Alliance<\/title>\n<meta name=\"description\" content=\"WVA strongly urges President Ursula von der Leyen to tackle the devastating impact of smoking-related diseases in the European Union.\" \/>\n<meta name=\"robots\" content=\"index, follow, max-snippet:-1, max-image-preview:large, max-video-preview:-1\" \/>\n<link rel=\"canonical\" href=\"https:\/\/worldvapersalliance.com\/it\/calls-upon-president-von-der-leyen-to-tackle-smoking\/\" \/>\n<meta property=\"og:locale\" content=\"it_IT\" \/>\n<meta property=\"og:type\" content=\"article\" \/>\n<meta property=\"og:title\" content=\"Calls upon President von der Leyen to Tackle smoking - World Vapers&#039; Alliance\" \/>\n<meta property=\"og:description\" content=\"WVA strongly urges President Ursula von der Leyen to tackle the devastating impact of smoking-related diseases in the European Union.\" \/>\n<meta property=\"og:url\" content=\"https:\/\/worldvapersalliance.com\/it\/calls-upon-president-von-der-leyen-to-tackle-smoking\/\" \/>\n<meta property=\"og:site_name\" content=\"World Vapers&#039; Alliance\" \/>\n<meta property=\"article:published_time\" content=\"2023-09-12T09:34:43+00:00\" \/>\n<meta property=\"og:image\" content=\"https:\/\/worldvapersalliance.com\/wp-content\/uploads\/2022\/10\/WVA_Press-Release_Cover-new.png\" \/>\n\t<meta property=\"og:image:width\" content=\"4162\" \/>\n\t<meta property=\"og:image:height\" content=\"3840\" \/>\n\t<meta property=\"og:image:type\" content=\"image\/png\" \/>\n<meta name=\"author\" content=\"World Vapers&#039; Alliance\" \/>\n<meta name=\"twitter:card\" content=\"summary_large_image\" \/>\n<meta name=\"twitter:label1\" content=\"Scritto da\" \/>\n\t<meta name=\"twitter:data1\" content=\"World Vapers&#039; Alliance\" \/>\n\t<meta name=\"twitter:label2\" content=\"Tempo di lettura stimato\" \/>\n\t<meta name=\"twitter:data2\" content=\"2 minuti\" \/>\n<script type=\"application\/ld+json\" class=\"yoast-schema-graph\">{\"@context\":\"https:\\\/\\\/schema.org\",\"@graph\":[{\"@type\":\"Article\",\"@id\":\"https:\\\/\\\/worldvapersalliance.com\\\/calls-upon-president-von-der-leyen-to-tackle-smoking\\\/#article\",\"isPartOf\":{\"@id\":\"https:\\\/\\\/worldvapersalliance.com\\\/calls-upon-president-von-der-leyen-to-tackle-smoking\\\/\"},\"author\":{\"name\":\"World Vapers' Alliance\",\"@id\":\"https:\\\/\\\/worldvapersalliance.com\\\/#\\\/schema\\\/person\\\/18484a6f20bcc6f70a2419c8babe017d\"},\"headline\":\"Calls upon President von der Leyen to Tackle smoking\",\"datePublished\":\"2023-09-12T09:34:43+00:00\",\"mainEntityOfPage\":{\"@id\":\"https:\\\/\\\/worldvapersalliance.com\\\/calls-upon-president-von-der-leyen-to-tackle-smoking\\\/\"},\"wordCount\":429,\"commentCount\":1,\"publisher\":{\"@id\":\"https:\\\/\\\/worldvapersalliance.com\\\/#organization\"},\"image\":{\"@id\":\"https:\\\/\\\/worldvapersalliance.com\\\/calls-upon-president-von-der-leyen-to-tackle-smoking\\\/#primaryimage\"},\"thumbnailUrl\":\"https:\\\/\\\/worldvapersalliance.com\\\/wp-content\\\/uploads\\\/2022\\\/10\\\/WVA_Press-Release_Cover-new.png\",\"articleSection\":[\"Press Releases\"],\"inLanguage\":\"it-IT\",\"potentialAction\":[{\"@type\":\"CommentAction\",\"name\":\"Comment\",\"target\":[\"https:\\\/\\\/worldvapersalliance.com\\\/calls-upon-president-von-der-leyen-to-tackle-smoking\\\/#respond\"]}]},{\"@type\":\"WebPage\",\"@id\":\"https:\\\/\\\/worldvapersalliance.com\\\/calls-upon-president-von-der-leyen-to-tackle-smoking\\\/\",\"url\":\"https:\\\/\\\/worldvapersalliance.com\\\/calls-upon-president-von-der-leyen-to-tackle-smoking\\\/\",\"name\":\"Calls upon President von der Leyen to Tackle smoking - World Vapers&#039; Alliance\",\"isPartOf\":{\"@id\":\"https:\\\/\\\/worldvapersalliance.com\\\/#website\"},\"primaryImageOfPage\":{\"@id\":\"https:\\\/\\\/worldvapersalliance.com\\\/calls-upon-president-von-der-leyen-to-tackle-smoking\\\/#primaryimage\"},\"image\":{\"@id\":\"https:\\\/\\\/worldvapersalliance.com\\\/calls-upon-president-von-der-leyen-to-tackle-smoking\\\/#primaryimage\"},\"thumbnailUrl\":\"https:\\\/\\\/worldvapersalliance.com\\\/wp-content\\\/uploads\\\/2022\\\/10\\\/WVA_Press-Release_Cover-new.png\",\"datePublished\":\"2023-09-12T09:34:43+00:00\",\"description\":\"WVA strongly urges President Ursula von der Leyen to tackle the devastating impact of smoking-related diseases in the European Union.\",\"inLanguage\":\"it-IT\",\"potentialAction\":[{\"@type\":\"ReadAction\",\"target\":[\"https:\\\/\\\/worldvapersalliance.com\\\/calls-upon-president-von-der-leyen-to-tackle-smoking\\\/\"]}]},{\"@type\":\"ImageObject\",\"inLanguage\":\"it-IT\",\"@id\":\"https:\\\/\\\/worldvapersalliance.com\\\/calls-upon-president-von-der-leyen-to-tackle-smoking\\\/#primaryimage\",\"url\":\"https:\\\/\\\/worldvapersalliance.com\\\/wp-content\\\/uploads\\\/2022\\\/10\\\/WVA_Press-Release_Cover-new.png\",\"contentUrl\":\"https:\\\/\\\/worldvapersalliance.com\\\/wp-content\\\/uploads\\\/2022\\\/10\\\/WVA_Press-Release_Cover-new.png\",\"width\":4162,\"height\":3840},{\"@type\":\"WebSite\",\"@id\":\"https:\\\/\\\/worldvapersalliance.com\\\/#website\",\"url\":\"https:\\\/\\\/worldvapersalliance.com\\\/\",\"name\":\"World Vapers&#039; Alliance\",\"description\":\"The largest community of vapers\",\"publisher\":{\"@id\":\"https:\\\/\\\/worldvapersalliance.com\\\/#organization\"},\"potentialAction\":[{\"@type\":\"SearchAction\",\"target\":{\"@type\":\"EntryPoint\",\"urlTemplate\":\"https:\\\/\\\/worldvapersalliance.com\\\/?s={search_term_string}\"},\"query-input\":{\"@type\":\"PropertyValueSpecification\",\"valueRequired\":true,\"valueName\":\"search_term_string\"}}],\"inLanguage\":\"it-IT\"},{\"@type\":\"Organization\",\"@id\":\"https:\\\/\\\/worldvapersalliance.com\\\/#organization\",\"name\":\"World Vapers&#039; Alliance\",\"url\":\"https:\\\/\\\/worldvapersalliance.com\\\/\",\"logo\":{\"@type\":\"ImageObject\",\"inLanguage\":\"it-IT\",\"@id\":\"https:\\\/\\\/worldvapersalliance.com\\\/#\\\/schema\\\/logo\\\/image\\\/\",\"url\":\"https:\\\/\\\/worldvapersalliance.com\\\/wp-content\\\/uploads\\\/2022\\\/01\\\/WVA_RB_Fist_G.png\",\"contentUrl\":\"https:\\\/\\\/worldvapersalliance.com\\\/wp-content\\\/uploads\\\/2022\\\/01\\\/WVA_RB_Fist_G.png\",\"width\":985,\"height\":1177,\"caption\":\"World Vapers&#039; Alliance\"},\"image\":{\"@id\":\"https:\\\/\\\/worldvapersalliance.com\\\/#\\\/schema\\\/logo\\\/image\\\/\"}},{\"@type\":\"Person\",\"@id\":\"https:\\\/\\\/worldvapersalliance.com\\\/#\\\/schema\\\/person\\\/18484a6f20bcc6f70a2419c8babe017d\",\"name\":\"World Vapers' Alliance\",\"image\":{\"@type\":\"ImageObject\",\"inLanguage\":\"it-IT\",\"@id\":\"https:\\\/\\\/secure.gravatar.com\\\/avatar\\\/456bf795c7a47c9ac527a94da4bff150aa49e48726d69bee9937f8383cffa246?s=96&d=mm&r=g\",\"url\":\"https:\\\/\\\/secure.gravatar.com\\\/avatar\\\/456bf795c7a47c9ac527a94da4bff150aa49e48726d69bee9937f8383cffa246?s=96&d=mm&r=g\",\"contentUrl\":\"https:\\\/\\\/secure.gravatar.com\\\/avatar\\\/456bf795c7a47c9ac527a94da4bff150aa49e48726d69bee9937f8383cffa246?s=96&d=mm&r=g\",\"caption\":\"World Vapers' Alliance\"},\"url\":\"https:\\\/\\\/worldvapersalliance.com\\\/it\\\/author\\\/wva\\\/\"}]}<\/script>\n<!-- \/ Yoast SEO plugin. -->","yoast_head_json":{"title":"Invita la Presidente von der Leyen a combattere il fumo - World Vapers&#039; Alliance","description":"La WVA esorta vivamente la Presidente Ursula von der Leyen ad affrontare l&#039;impatto devastante delle malattie legate al fumo nell&#039;Unione Europea.","robots":{"index":"index","follow":"follow","max-snippet":"max-snippet:-1","max-image-preview":"max-image-preview:large","max-video-preview":"max-video-preview:-1"},"canonical":"https:\/\/worldvapersalliance.com\/it\/calls-upon-president-von-der-leyen-to-tackle-smoking\/","og_locale":"it_IT","og_type":"article","og_title":"Calls upon President von der Leyen to Tackle smoking - World Vapers&#039; Alliance","og_description":"WVA strongly urges President Ursula von der Leyen to tackle the devastating impact of smoking-related diseases in the European Union.","og_url":"https:\/\/worldvapersalliance.com\/it\/calls-upon-president-von-der-leyen-to-tackle-smoking\/","og_site_name":"World Vapers&#039; Alliance","article_published_time":"2023-09-12T09:34:43+00:00","og_image":[{"width":4162,"height":3840,"url":"https:\/\/worldvapersalliance.com\/wp-content\/uploads\/2022\/10\/WVA_Press-Release_Cover-new.png","type":"image\/png"}],"author":"World Vapers' Alliance","twitter_card":"summary_large_image","twitter_misc":{"Scritto da":"World Vapers' Alliance","Tempo di lettura stimato":"2 minuti"},"schema":{"@context":"https:\/\/schema.org","@graph":[{"@type":"Article","@id":"https:\/\/worldvapersalliance.com\/calls-upon-president-von-der-leyen-to-tackle-smoking\/#article","isPartOf":{"@id":"https:\/\/worldvapersalliance.com\/calls-upon-president-von-der-leyen-to-tackle-smoking\/"},"author":{"name":"World Vapers' Alliance","@id":"https:\/\/worldvapersalliance.com\/#\/schema\/person\/18484a6f20bcc6f70a2419c8babe017d"},"headline":"Calls upon President von der Leyen to Tackle smoking","datePublished":"2023-09-12T09:34:43+00:00","mainEntityOfPage":{"@id":"https:\/\/worldvapersalliance.com\/calls-upon-president-von-der-leyen-to-tackle-smoking\/"},"wordCount":429,"commentCount":1,"publisher":{"@id":"https:\/\/worldvapersalliance.com\/#organization"},"image":{"@id":"https:\/\/worldvapersalliance.com\/calls-upon-president-von-der-leyen-to-tackle-smoking\/#primaryimage"},"thumbnailUrl":"https:\/\/worldvapersalliance.com\/wp-content\/uploads\/2022\/10\/WVA_Press-Release_Cover-new.png","articleSection":["Press Releases"],"inLanguage":"it-IT","potentialAction":[{"@type":"CommentAction","name":"Comment","target":["https:\/\/worldvapersalliance.com\/calls-upon-president-von-der-leyen-to-tackle-smoking\/#respond"]}]},{"@type":"WebPage","@id":"https:\/\/worldvapersalliance.com\/calls-upon-president-von-der-leyen-to-tackle-smoking\/","url":"https:\/\/worldvapersalliance.com\/calls-upon-president-von-der-leyen-to-tackle-smoking\/","name":"Invita la Presidente von der Leyen a combattere il fumo - World Vapers&#039; Alliance","isPartOf":{"@id":"https:\/\/worldvapersalliance.com\/#website"},"primaryImageOfPage":{"@id":"https:\/\/worldvapersalliance.com\/calls-upon-president-von-der-leyen-to-tackle-smoking\/#primaryimage"},"image":{"@id":"https:\/\/worldvapersalliance.com\/calls-upon-president-von-der-leyen-to-tackle-smoking\/#primaryimage"},"thumbnailUrl":"https:\/\/worldvapersalliance.com\/wp-content\/uploads\/2022\/10\/WVA_Press-Release_Cover-new.png","datePublished":"2023-09-12T09:34:43+00:00","description":"La WVA esorta vivamente la Presidente Ursula von der Leyen ad affrontare l&#039;impatto devastante delle malattie legate al fumo nell&#039;Unione Europea.","inLanguage":"it-IT","potentialAction":[{"@type":"ReadAction","target":["https:\/\/worldvapersalliance.com\/calls-upon-president-von-der-leyen-to-tackle-smoking\/"]}]},{"@type":"ImageObject","inLanguage":"it-IT","@id":"https:\/\/worldvapersalliance.com\/calls-upon-president-von-der-leyen-to-tackle-smoking\/#primaryimage","url":"https:\/\/worldvapersalliance.com\/wp-content\/uploads\/2022\/10\/WVA_Press-Release_Cover-new.png","contentUrl":"https:\/\/worldvapersalliance.com\/wp-content\/uploads\/2022\/10\/WVA_Press-Release_Cover-new.png","width":4162,"height":3840},{"@type":"WebSite","@id":"https:\/\/worldvapersalliance.com\/#website","url":"https:\/\/worldvapersalliance.com\/","name":"Alleanza mondiale dei vapers","description":"La pi\u00f9 grande comunit\u00e0 di vapers","publisher":{"@id":"https:\/\/worldvapersalliance.com\/#organization"},"potentialAction":[{"@type":"SearchAction","target":{"@type":"EntryPoint","urlTemplate":"https:\/\/worldvapersalliance.com\/?s={search_term_string}"},"query-input":{"@type":"PropertyValueSpecification","valueRequired":true,"valueName":"search_term_string"}}],"inLanguage":"it-IT"},{"@type":"Organization","@id":"https:\/\/worldvapersalliance.com\/#organization","name":"Alleanza mondiale dei vapers","url":"https:\/\/worldvapersalliance.com\/","logo":{"@type":"ImageObject","inLanguage":"it-IT","@id":"https:\/\/worldvapersalliance.com\/#\/schema\/logo\/image\/","url":"https:\/\/worldvapersalliance.com\/wp-content\/uploads\/2022\/01\/WVA_RB_Fist_G.png","contentUrl":"https:\/\/worldvapersalliance.com\/wp-content\/uploads\/2022\/01\/WVA_RB_Fist_G.png","width":985,"height":1177,"caption":"World Vapers&#039; Alliance"},"image":{"@id":"https:\/\/worldvapersalliance.com\/#\/schema\/logo\/image\/"}},{"@type":"Person","@id":"https:\/\/worldvapersalliance.com\/#\/schema\/person\/18484a6f20bcc6f70a2419c8babe017d","name":"Alleanza mondiale dei vapers","image":{"@type":"ImageObject","inLanguage":"it-IT","@id":"https:\/\/secure.gravatar.com\/avatar\/456bf795c7a47c9ac527a94da4bff150aa49e48726d69bee9937f8383cffa246?s=96&d=mm&r=g","url":"https:\/\/secure.gravatar.com\/avatar\/456bf795c7a47c9ac527a94da4bff150aa49e48726d69bee9937f8383cffa246?s=96&d=mm&r=g","contentUrl":"https:\/\/secure.gravatar.com\/avatar\/456bf795c7a47c9ac527a94da4bff150aa49e48726d69bee9937f8383cffa246?s=96&d=mm&r=g","caption":"World Vapers' Alliance"},"url":"https:\/\/worldvapersalliance.com\/it\/author\/wva\/"}]}},"_links":{"self":[{"href":"https:\/\/worldvapersalliance.com\/it\/wp-json\/wp\/v2\/posts\/4772","targetHints":{"allow":["GET"]}}],"collection":[{"href":"https:\/\/worldvapersalliance.com\/it\/wp-json\/wp\/v2\/posts"}],"about":[{"href":"https:\/\/worldvapersalliance.com\/it\/wp-json\/wp\/v2\/types\/post"}],"author":[{"embeddable":true,"href":"https:\/\/worldvapersalliance.com\/it\/wp-json\/wp\/v2\/users\/11"}],"replies":[{"embeddable":true,"href":"https:\/\/worldvapersalliance.com\/it\/wp-json\/wp\/v2\/comments?post=4772"}],"version-history":[{"count":0,"href":"https:\/\/worldvapersalliance.com\/it\/wp-json\/wp\/v2\/posts\/4772\/revisions"}],"wp:featuredmedia":[{"embeddable":true,"href":"https:\/\/worldvapersalliance.com\/it\/wp-json\/wp\/v2\/media\/3245"}],"wp:attachment":[{"href":"https:\/\/worldvapersalliance.com\/it\/wp-json\/wp\/v2\/media?parent=4772"}],"wp:term":[{"taxonomy":"category","embeddable":true,"href":"https:\/\/worldvapersalliance.com\/it\/wp-json\/wp\/v2\/categories?post=4772"},{"taxonomy":"post_tag","embeddable":true,"href":"https:\/\/worldvapersalliance.com\/it\/wp-json\/wp\/v2\/tags?post=4772"}],"curies":[{"name":"parola chiave","href":"https:\/\/api.w.org\/{rel}","templated":true}]}}