{"id":1456,"date":"2022-05-17T07:28:28","date_gmt":"2022-05-17T11:28:28","guid":{"rendered":"https:\/\/worldvapersalliance.com\/?p=1456"},"modified":"2022-05-25T07:30:33","modified_gmt":"2022-05-25T11:30:33","slug":"una-instalacion-de-arte-en-bruselas-para-decirles-a-los-politicos-que-los-sabores-en-el-vapeo-importan","status":"publish","type":"post","link":"https:\/\/worldvapersalliance.com\/it\/una-instalacion-de-arte-en-bruselas-para-decirles-a-los-politicos-que-los-sabores-en-el-vapeo-importan\/","title":{"rendered":"Un&#039;installazione d&#039;arte a Bruxelles per rivolgersi ai politici che los..."},"content":{"rendered":"<h5>Con un semplice messaggio, \u00abLos sabores ayudan a los fumadores a dejar de fumar\u201d, l&#039;Alianza Mundial de Vapeadores (WVA) ha esposto un&#039;installazione d&#039;arte davanti al Parlamento Europeo di Bruxelles per richiamare l&#039;attenzione dei politici europei e pedir que se si oppongono ai possibili divieti dei sabores de vapeo.<\/h5>\n<p>Questo \u00e8 il terzo evento della campagna <a href=\"https:\/\/www.globenewswire.com\/Tracker?data=BRFHnwZwlWfuKrGfME6y2iy9PIEPkgY_L2NjX5B_OUkISJsThSp-0FrGoyBk4L3EdjF6OsUbl3pKRPaWCv1lNLzyOzVbF-P5UJDq_tNfriHgJe4HgQ78wOmF9NyZBEs6K1-ghcEd1_D2wFWBgWsj47h2kXZK-k4MbORzoSgDRGk=\" target=\"_blank\" rel=\"noreferrer noopener\">#FlavoursMatter<\/a> di WVA in tutta Europa. La campagna \u00e8 stata lanciata con un obiettivo: mostrare ai responsabili politici d&#039;Europa e in tutto il mondo che i sabori dello svapo sono fondamentali per dejar de fumar. El grupo ha organizzato manifestazioni a Estocolmo (Suecia) e La Haya (Pa\u00edses Bajos) nel marzo del 2022. Poco dopo la manifestazione, \u00e8 stato annunciato nei Paesi Bassi un applazamiento de seis meses de la prohibici\u00f3n holandesa del sabor en el vapeo.<\/p>\n<p>\u201c&quot;Los sabores juegan un papel crucial para ayudar a los consumidores a dejar de fumar: millones de europeis ya han dejado de fumar al changer al vapeo. La variead de sabores \u00e8 una delle ragioni pi\u00f9 importanti per las que muchas persone changean a cigarrillos elettroniche e non vuelven a fumar. \u00a1Ya hemos visto que vapear funciona! Aiut\u00f2 milioni di persone a cambiare la loro vita e ora abbiamo bisogno di politica per ponernos al d\u00eda.<\/p>\n<p>L&#039;installazione continua con la presenza del membro del Parlamento Europeo Pietro Fiocchi.<\/p>\n<p>&nbsp;<\/p>\n<p>Leggi l&#039;articolo completo <a href=\"https:\/\/thevapingtoday.com\/una-instalacion-de-arte-en-bruselas-para-decirles-a-los-politicos-que-los-sabores-en-el-vapeo-importan\/\">Qui<\/a><\/p>","protected":false},"excerpt":{"rendered":"<p>Con un mensaje simple, \u00abLos sabores ayudan a los fumadores a dejar de fumar\u201d, la Alianza Mundial de Vapeadores (WVA) exhibi\u00f3 una instalaci\u00f3n de arte frente al Parlamento Europeo en Bruselas para llamar la atenci\u00f3n de los pol\u00edticos europeos y pedir que se opongan a las posibles prohibiciones de los sabores de vapeo. Este es [&hellip;]<\/p>\n","protected":false},"author":11,"featured_media":6394,"comment_status":"open","ping_status":"open","sticky":false,"template":"","format":"standard","meta":{"footnotes":""},"categories":[15],"tags":[],"class_list":["post-1456","post","type-post","status-publish","format-standard","has-post-thumbnail","hentry","category-wva-in-the-news"],"yoast_head":"<!-- This site is optimized with the Yoast SEO plugin v27.3 - https:\/\/yoast.com\/product\/yoast-seo-wordpress\/ -->\n<title>Una instalaci\u00f3n de arte en Bruselas para decirles a los pol\u00edticos que los sabores en el vapeo importan - World Vapers&#039; Alliance<\/title>\n<meta name=\"robots\" content=\"index, follow, max-snippet:-1, max-image-preview:large, max-video-preview:-1\" \/>\n<link rel=\"canonical\" href=\"https:\/\/worldvapersalliance.com\/it\/una-instalacion-de-arte-en-bruselas-para-decirles-a-los-politicos-que-los-sabores-en-el-vapeo-importan\/\" \/>\n<meta property=\"og:locale\" content=\"it_IT\" \/>\n<meta property=\"og:type\" content=\"article\" \/>\n<meta property=\"og:title\" content=\"Una instalaci\u00f3n de arte en Bruselas para decirles a los pol\u00edticos que los sabores en el vapeo importan - World Vapers&#039; Alliance\" \/>\n<meta property=\"og:description\" content=\"Con un mensaje simple, \u00abLos sabores ayudan a los fumadores a dejar de fumar\u201d, la Alianza Mundial de Vapeadores (WVA) exhibi\u00f3 una instalaci\u00f3n de arte frente al Parlamento Europeo en Bruselas para llamar la atenci\u00f3n de los pol\u00edticos europeos y pedir que se opongan a las posibles prohibiciones de los sabores de vapeo. Este es [&hellip;]\" \/>\n<meta property=\"og:url\" content=\"https:\/\/worldvapersalliance.com\/it\/una-instalacion-de-arte-en-bruselas-para-decirles-a-los-politicos-que-los-sabores-en-el-vapeo-importan\/\" \/>\n<meta property=\"og:site_name\" content=\"World Vapers&#039; Alliance\" \/>\n<meta property=\"article:published_time\" content=\"2022-05-17T11:28:28+00:00\" \/>\n<meta property=\"article:modified_time\" content=\"2022-05-25T11:30:33+00:00\" \/>\n<meta property=\"og:image\" content=\"https:\/\/worldvapersalliance.com\/wp-content\/uploads\/2022\/03\/World_Vapers_Alliance_Logo_White_Stripes.png\" \/>\n\t<meta property=\"og:image:width\" content=\"2081\" \/>\n\t<meta property=\"og:image:height\" content=\"1920\" \/>\n\t<meta property=\"og:image:type\" content=\"image\/png\" \/>\n<meta name=\"author\" content=\"World Vapers&#039; Alliance\" \/>\n<meta name=\"twitter:card\" content=\"summary_large_image\" \/>\n<meta name=\"twitter:label1\" content=\"Scritto da\" \/>\n\t<meta name=\"twitter:data1\" content=\"World Vapers&#039; Alliance\" \/>\n\t<meta name=\"twitter:label2\" content=\"Tempo di lettura stimato\" \/>\n\t<meta name=\"twitter:data2\" content=\"1 minuto\" \/>\n<script type=\"application\/ld+json\" class=\"yoast-schema-graph\">{\"@context\":\"https:\\\/\\\/schema.org\",\"@graph\":[{\"@type\":\"Article\",\"@id\":\"https:\\\/\\\/worldvapersalliance.com\\\/una-instalacion-de-arte-en-bruselas-para-decirles-a-los-politicos-que-los-sabores-en-el-vapeo-importan\\\/#article\",\"isPartOf\":{\"@id\":\"https:\\\/\\\/worldvapersalliance.com\\\/una-instalacion-de-arte-en-bruselas-para-decirles-a-los-politicos-que-los-sabores-en-el-vapeo-importan\\\/\"},\"author\":{\"name\":\"World Vapers' Alliance\",\"@id\":\"https:\\\/\\\/worldvapersalliance.com\\\/#\\\/schema\\\/person\\\/18484a6f20bcc6f70a2419c8babe017d\"},\"headline\":\"Una instalaci\u00f3n de arte en Bruselas para decirles a los pol\u00edticos que los &hellip;\",\"datePublished\":\"2022-05-17T11:28:28+00:00\",\"dateModified\":\"2022-05-25T11:30:33+00:00\",\"mainEntityOfPage\":{\"@id\":\"https:\\\/\\\/worldvapersalliance.com\\\/una-instalacion-de-arte-en-bruselas-para-decirles-a-los-politicos-que-los-sabores-en-el-vapeo-importan\\\/\"},\"wordCount\":296,\"commentCount\":0,\"publisher\":{\"@id\":\"https:\\\/\\\/worldvapersalliance.com\\\/#organization\"},\"image\":{\"@id\":\"https:\\\/\\\/worldvapersalliance.com\\\/una-instalacion-de-arte-en-bruselas-para-decirles-a-los-politicos-que-los-sabores-en-el-vapeo-importan\\\/#primaryimage\"},\"thumbnailUrl\":\"https:\\\/\\\/worldvapersalliance.com\\\/wp-content\\\/uploads\\\/2025\\\/08\\\/WVA-in-the-news.png\",\"articleSection\":[\"WVA in the News\"],\"inLanguage\":\"it-IT\",\"potentialAction\":[{\"@type\":\"CommentAction\",\"name\":\"Comment\",\"target\":[\"https:\\\/\\\/worldvapersalliance.com\\\/una-instalacion-de-arte-en-bruselas-para-decirles-a-los-politicos-que-los-sabores-en-el-vapeo-importan\\\/#respond\"]}]},{\"@type\":\"WebPage\",\"@id\":\"https:\\\/\\\/worldvapersalliance.com\\\/una-instalacion-de-arte-en-bruselas-para-decirles-a-los-politicos-que-los-sabores-en-el-vapeo-importan\\\/\",\"url\":\"https:\\\/\\\/worldvapersalliance.com\\\/una-instalacion-de-arte-en-bruselas-para-decirles-a-los-politicos-que-los-sabores-en-el-vapeo-importan\\\/\",\"name\":\"Una instalaci\u00f3n de arte en Bruselas para decirles a los pol\u00edticos que los sabores en el vapeo importan - World Vapers&#039; Alliance\",\"isPartOf\":{\"@id\":\"https:\\\/\\\/worldvapersalliance.com\\\/#website\"},\"primaryImageOfPage\":{\"@id\":\"https:\\\/\\\/worldvapersalliance.com\\\/una-instalacion-de-arte-en-bruselas-para-decirles-a-los-politicos-que-los-sabores-en-el-vapeo-importan\\\/#primaryimage\"},\"image\":{\"@id\":\"https:\\\/\\\/worldvapersalliance.com\\\/una-instalacion-de-arte-en-bruselas-para-decirles-a-los-politicos-que-los-sabores-en-el-vapeo-importan\\\/#primaryimage\"},\"thumbnailUrl\":\"https:\\\/\\\/worldvapersalliance.com\\\/wp-content\\\/uploads\\\/2025\\\/08\\\/WVA-in-the-news.png\",\"datePublished\":\"2022-05-17T11:28:28+00:00\",\"dateModified\":\"2022-05-25T11:30:33+00:00\",\"inLanguage\":\"it-IT\",\"potentialAction\":[{\"@type\":\"ReadAction\",\"target\":[\"https:\\\/\\\/worldvapersalliance.com\\\/una-instalacion-de-arte-en-bruselas-para-decirles-a-los-politicos-que-los-sabores-en-el-vapeo-importan\\\/\"]}]},{\"@type\":\"ImageObject\",\"inLanguage\":\"it-IT\",\"@id\":\"https:\\\/\\\/worldvapersalliance.com\\\/una-instalacion-de-arte-en-bruselas-para-decirles-a-los-politicos-que-los-sabores-en-el-vapeo-importan\\\/#primaryimage\",\"url\":\"https:\\\/\\\/worldvapersalliance.com\\\/wp-content\\\/uploads\\\/2025\\\/08\\\/WVA-in-the-news.png\",\"contentUrl\":\"https:\\\/\\\/worldvapersalliance.com\\\/wp-content\\\/uploads\\\/2025\\\/08\\\/WVA-in-the-news.png\",\"width\":1264,\"height\":848},{\"@type\":\"WebSite\",\"@id\":\"https:\\\/\\\/worldvapersalliance.com\\\/#website\",\"url\":\"https:\\\/\\\/worldvapersalliance.com\\\/\",\"name\":\"World Vapers&#039; Alliance\",\"description\":\"The largest community of vapers\",\"publisher\":{\"@id\":\"https:\\\/\\\/worldvapersalliance.com\\\/#organization\"},\"potentialAction\":[{\"@type\":\"SearchAction\",\"target\":{\"@type\":\"EntryPoint\",\"urlTemplate\":\"https:\\\/\\\/worldvapersalliance.com\\\/?s={search_term_string}\"},\"query-input\":{\"@type\":\"PropertyValueSpecification\",\"valueRequired\":true,\"valueName\":\"search_term_string\"}}],\"inLanguage\":\"it-IT\"},{\"@type\":\"Organization\",\"@id\":\"https:\\\/\\\/worldvapersalliance.com\\\/#organization\",\"name\":\"World Vapers&#039; Alliance\",\"url\":\"https:\\\/\\\/worldvapersalliance.com\\\/\",\"logo\":{\"@type\":\"ImageObject\",\"inLanguage\":\"it-IT\",\"@id\":\"https:\\\/\\\/worldvapersalliance.com\\\/#\\\/schema\\\/logo\\\/image\\\/\",\"url\":\"https:\\\/\\\/worldvapersalliance.com\\\/wp-content\\\/uploads\\\/2022\\\/01\\\/WVA_RB_Fist_G.png\",\"contentUrl\":\"https:\\\/\\\/worldvapersalliance.com\\\/wp-content\\\/uploads\\\/2022\\\/01\\\/WVA_RB_Fist_G.png\",\"width\":985,\"height\":1177,\"caption\":\"World Vapers&#039; Alliance\"},\"image\":{\"@id\":\"https:\\\/\\\/worldvapersalliance.com\\\/#\\\/schema\\\/logo\\\/image\\\/\"}},{\"@type\":\"Person\",\"@id\":\"https:\\\/\\\/worldvapersalliance.com\\\/#\\\/schema\\\/person\\\/18484a6f20bcc6f70a2419c8babe017d\",\"name\":\"World Vapers' Alliance\",\"image\":{\"@type\":\"ImageObject\",\"inLanguage\":\"it-IT\",\"@id\":\"https:\\\/\\\/secure.gravatar.com\\\/avatar\\\/456bf795c7a47c9ac527a94da4bff150aa49e48726d69bee9937f8383cffa246?s=96&d=mm&r=g\",\"url\":\"https:\\\/\\\/secure.gravatar.com\\\/avatar\\\/456bf795c7a47c9ac527a94da4bff150aa49e48726d69bee9937f8383cffa246?s=96&d=mm&r=g\",\"contentUrl\":\"https:\\\/\\\/secure.gravatar.com\\\/avatar\\\/456bf795c7a47c9ac527a94da4bff150aa49e48726d69bee9937f8383cffa246?s=96&d=mm&r=g\",\"caption\":\"World Vapers' Alliance\"},\"url\":\"https:\\\/\\\/worldvapersalliance.com\\\/it\\\/author\\\/wva\\\/\"}]}<\/script>\n<!-- \/ Yoast SEO plugin. -->","yoast_head_json":{"title":"Un&#039;installazione artistica a Bruxelles per decidere sui politici che i saperi sullo svapo sono importanti - World Vapers&#039; Alliance","robots":{"index":"index","follow":"follow","max-snippet":"max-snippet:-1","max-image-preview":"max-image-preview:large","max-video-preview":"max-video-preview:-1"},"canonical":"https:\/\/worldvapersalliance.com\/it\/una-instalacion-de-arte-en-bruselas-para-decirles-a-los-politicos-que-los-sabores-en-el-vapeo-importan\/","og_locale":"it_IT","og_type":"article","og_title":"Una instalaci\u00f3n de arte en Bruselas para decirles a los pol\u00edticos que los sabores en el vapeo importan - World Vapers&#039; Alliance","og_description":"Con un mensaje simple, \u00abLos sabores ayudan a los fumadores a dejar de fumar\u201d, la Alianza Mundial de Vapeadores (WVA) exhibi\u00f3 una instalaci\u00f3n de arte frente al Parlamento Europeo en Bruselas para llamar la atenci\u00f3n de los pol\u00edticos europeos y pedir que se opongan a las posibles prohibiciones de los sabores de vapeo. Este es [&hellip;]","og_url":"https:\/\/worldvapersalliance.com\/it\/una-instalacion-de-arte-en-bruselas-para-decirles-a-los-politicos-que-los-sabores-en-el-vapeo-importan\/","og_site_name":"World Vapers&#039; Alliance","article_published_time":"2022-05-17T11:28:28+00:00","article_modified_time":"2022-05-25T11:30:33+00:00","og_image":[{"width":2081,"height":1920,"url":"https:\/\/worldvapersalliance.com\/wp-content\/uploads\/2022\/03\/World_Vapers_Alliance_Logo_White_Stripes.png","type":"image\/png"}],"author":"World Vapers' Alliance","twitter_card":"summary_large_image","twitter_misc":{"Scritto da":"World Vapers' Alliance","Tempo di lettura stimato":"1 minuto"},"schema":{"@context":"https:\/\/schema.org","@graph":[{"@type":"Article","@id":"https:\/\/worldvapersalliance.com\/una-instalacion-de-arte-en-bruselas-para-decirles-a-los-politicos-que-los-sabores-en-el-vapeo-importan\/#article","isPartOf":{"@id":"https:\/\/worldvapersalliance.com\/una-instalacion-de-arte-en-bruselas-para-decirles-a-los-politicos-que-los-sabores-en-el-vapeo-importan\/"},"author":{"name":"World Vapers' Alliance","@id":"https:\/\/worldvapersalliance.com\/#\/schema\/person\/18484a6f20bcc6f70a2419c8babe017d"},"headline":"Una instalaci\u00f3n de arte en Bruselas para decirles a los pol\u00edticos que los &hellip;","datePublished":"2022-05-17T11:28:28+00:00","dateModified":"2022-05-25T11:30:33+00:00","mainEntityOfPage":{"@id":"https:\/\/worldvapersalliance.com\/una-instalacion-de-arte-en-bruselas-para-decirles-a-los-politicos-que-los-sabores-en-el-vapeo-importan\/"},"wordCount":296,"commentCount":0,"publisher":{"@id":"https:\/\/worldvapersalliance.com\/#organization"},"image":{"@id":"https:\/\/worldvapersalliance.com\/una-instalacion-de-arte-en-bruselas-para-decirles-a-los-politicos-que-los-sabores-en-el-vapeo-importan\/#primaryimage"},"thumbnailUrl":"https:\/\/worldvapersalliance.com\/wp-content\/uploads\/2025\/08\/WVA-in-the-news.png","articleSection":["WVA in the News"],"inLanguage":"it-IT","potentialAction":[{"@type":"CommentAction","name":"Comment","target":["https:\/\/worldvapersalliance.com\/una-instalacion-de-arte-en-bruselas-para-decirles-a-los-politicos-que-los-sabores-en-el-vapeo-importan\/#respond"]}]},{"@type":"WebPage","@id":"https:\/\/worldvapersalliance.com\/una-instalacion-de-arte-en-bruselas-para-decirles-a-los-politicos-que-los-sabores-en-el-vapeo-importan\/","url":"https:\/\/worldvapersalliance.com\/una-instalacion-de-arte-en-bruselas-para-decirles-a-los-politicos-que-los-sabores-en-el-vapeo-importan\/","name":"Un&#039;installazione artistica a Bruxelles per decidere sui politici che i saperi sullo svapo sono importanti - World Vapers&#039; Alliance","isPartOf":{"@id":"https:\/\/worldvapersalliance.com\/#website"},"primaryImageOfPage":{"@id":"https:\/\/worldvapersalliance.com\/una-instalacion-de-arte-en-bruselas-para-decirles-a-los-politicos-que-los-sabores-en-el-vapeo-importan\/#primaryimage"},"image":{"@id":"https:\/\/worldvapersalliance.com\/una-instalacion-de-arte-en-bruselas-para-decirles-a-los-politicos-que-los-sabores-en-el-vapeo-importan\/#primaryimage"},"thumbnailUrl":"https:\/\/worldvapersalliance.com\/wp-content\/uploads\/2025\/08\/WVA-in-the-news.png","datePublished":"2022-05-17T11:28:28+00:00","dateModified":"2022-05-25T11:30:33+00:00","inLanguage":"it-IT","potentialAction":[{"@type":"ReadAction","target":["https:\/\/worldvapersalliance.com\/una-instalacion-de-arte-en-bruselas-para-decirles-a-los-politicos-que-los-sabores-en-el-vapeo-importan\/"]}]},{"@type":"ImageObject","inLanguage":"it-IT","@id":"https:\/\/worldvapersalliance.com\/una-instalacion-de-arte-en-bruselas-para-decirles-a-los-politicos-que-los-sabores-en-el-vapeo-importan\/#primaryimage","url":"https:\/\/worldvapersalliance.com\/wp-content\/uploads\/2025\/08\/WVA-in-the-news.png","contentUrl":"https:\/\/worldvapersalliance.com\/wp-content\/uploads\/2025\/08\/WVA-in-the-news.png","width":1264,"height":848},{"@type":"WebSite","@id":"https:\/\/worldvapersalliance.com\/#website","url":"https:\/\/worldvapersalliance.com\/","name":"Alleanza mondiale dei vapers","description":"La pi\u00f9 grande comunit\u00e0 di vapers","publisher":{"@id":"https:\/\/worldvapersalliance.com\/#organization"},"potentialAction":[{"@type":"SearchAction","target":{"@type":"EntryPoint","urlTemplate":"https:\/\/worldvapersalliance.com\/?s={search_term_string}"},"query-input":{"@type":"PropertyValueSpecification","valueRequired":true,"valueName":"search_term_string"}}],"inLanguage":"it-IT"},{"@type":"Organization","@id":"https:\/\/worldvapersalliance.com\/#organization","name":"Alleanza mondiale dei vapers","url":"https:\/\/worldvapersalliance.com\/","logo":{"@type":"ImageObject","inLanguage":"it-IT","@id":"https:\/\/worldvapersalliance.com\/#\/schema\/logo\/image\/","url":"https:\/\/worldvapersalliance.com\/wp-content\/uploads\/2022\/01\/WVA_RB_Fist_G.png","contentUrl":"https:\/\/worldvapersalliance.com\/wp-content\/uploads\/2022\/01\/WVA_RB_Fist_G.png","width":985,"height":1177,"caption":"World Vapers&#039; Alliance"},"image":{"@id":"https:\/\/worldvapersalliance.com\/#\/schema\/logo\/image\/"}},{"@type":"Person","@id":"https:\/\/worldvapersalliance.com\/#\/schema\/person\/18484a6f20bcc6f70a2419c8babe017d","name":"Alleanza mondiale dei vapers","image":{"@type":"ImageObject","inLanguage":"it-IT","@id":"https:\/\/secure.gravatar.com\/avatar\/456bf795c7a47c9ac527a94da4bff150aa49e48726d69bee9937f8383cffa246?s=96&d=mm&r=g","url":"https:\/\/secure.gravatar.com\/avatar\/456bf795c7a47c9ac527a94da4bff150aa49e48726d69bee9937f8383cffa246?s=96&d=mm&r=g","contentUrl":"https:\/\/secure.gravatar.com\/avatar\/456bf795c7a47c9ac527a94da4bff150aa49e48726d69bee9937f8383cffa246?s=96&d=mm&r=g","caption":"World Vapers' Alliance"},"url":"https:\/\/worldvapersalliance.com\/it\/author\/wva\/"}]}},"_links":{"self":[{"href":"https:\/\/worldvapersalliance.com\/it\/wp-json\/wp\/v2\/posts\/1456","targetHints":{"allow":["GET"]}}],"collection":[{"href":"https:\/\/worldvapersalliance.com\/it\/wp-json\/wp\/v2\/posts"}],"about":[{"href":"https:\/\/worldvapersalliance.com\/it\/wp-json\/wp\/v2\/types\/post"}],"author":[{"embeddable":true,"href":"https:\/\/worldvapersalliance.com\/it\/wp-json\/wp\/v2\/users\/11"}],"replies":[{"embeddable":true,"href":"https:\/\/worldvapersalliance.com\/it\/wp-json\/wp\/v2\/comments?post=1456"}],"version-history":[{"count":0,"href":"https:\/\/worldvapersalliance.com\/it\/wp-json\/wp\/v2\/posts\/1456\/revisions"}],"wp:featuredmedia":[{"embeddable":true,"href":"https:\/\/worldvapersalliance.com\/it\/wp-json\/wp\/v2\/media\/6394"}],"wp:attachment":[{"href":"https:\/\/worldvapersalliance.com\/it\/wp-json\/wp\/v2\/media?parent=1456"}],"wp:term":[{"taxonomy":"category","embeddable":true,"href":"https:\/\/worldvapersalliance.com\/it\/wp-json\/wp\/v2\/categories?post=1456"},{"taxonomy":"post_tag","embeddable":true,"href":"https:\/\/worldvapersalliance.com\/it\/wp-json\/wp\/v2\/tags?post=1456"}],"curies":[{"name":"parola chiave","href":"https:\/\/api.w.org\/{rel}","templated":true}]}}