{"id":1031,"date":"2022-02-03T14:26:01","date_gmt":"2022-02-03T19:26:01","guid":{"rendered":"https:\/\/cccwva.wpengine.com\/?p=1031"},"modified":"2022-04-08T06:29:15","modified_gmt":"2022-04-08T10:29:15","slug":"espana-el-vapeo-en-el-punto-de-mira-de-los-legisladores","status":"publish","type":"post","link":"https:\/\/worldvapersalliance.com\/it\/espana-el-vapeo-en-el-punto-de-mira-de-los-legisladores\/","title":{"rendered":"Espa\u00f1a: el vapeo en el punto de mira de los legisladores"},"content":{"rendered":"<p>El Gobierno espa\u00f1ol est\u00e1 a punto de cometer un grande errore sopportando innecesariamente la regulaci\u00f3n sobre el vapeo. De llevarse a cabo los planes del Ministerio de Sanidad, los fumadores tender\u00e1n que sortear m\u00e1s obst\u00e1culos para dejar el tabaco y la salud p\u00fablica se ver\u00e1 risentida.<\/p>\r\n\r\n\r\n\r\n<p><strong>Il Piano di Prevenzione e Controllo del Tabaquismo \u2013 o meglio il Piano di Protezione del Tabaquismo\u00a0<\/strong><\/p>\r\n\r\n\r\n\r\n<p>Pubblicato nel dicembre 2021, el borrador del llamado\u00a0<em>\u201cPiano Integrale di Prevenzione e Controllo del Tabaquismo 2021-2025\u201d<\/em>muestra que el Gobierno de Espa\u00f1a pretende tratar al vapeo del mismo modo que al tabaco. Per lui, si sostiene che lo svapo ha un effetto negativo sul saluto in corto plazo e che, per molti giovani, \u00e8 il passo precedente al tabaquismo.<\/p>\r\n\r\n\r\n\r\n<p><strong>Un piano basato su se stessi e che ignora la scienza<\/strong><\/p>\r\n\r\n\r\n\r\n<p>Il borrador legal de esta ley presenta un chiaro sesgo anti-vapeo. Cita solo studi tendenziosi (alcuni di loro confutati) sugli effetti avversi del vapeo e non menzionarli\u00a0<a href=\"https:\/\/www.gov.uk\/government\/news\/e-cigarettes-around-95-less-harmful-than-tobacco-estimates-landmark-review\">conclusioni alcanzadas por l&#039;agenzia di salute del governo britannico Public Health England<\/a>\u00a0\u2013 concretamente, que vapear es un 95% menos da\u00f1ino que fumar \u2013, ni su importancia como herramienta para reducir el consumo de tabaco fumado. De hecho, se estima que en Espa\u00f1a el vapeo ya cuenta con m\u00e1s de medio mill\u00f3n de usuarios, de los cuales muchos lo utilizan para dejar de fumar tabaco. In accordo con le stime del Consumer Choice Center e della World Vapers&#039; Alliance, potremo salvare pi\u00f9 di 2 milioni di vite solo in Spagna grazie a questo cambio. Lo Vapeo \u00e8 uno dei progressi pi\u00f9 importanti del secolo passato in materia di salute pubblica e dovrebbe essere celebrato durante la persecuzione.<\/p>\r\n\r\n\r\n\r\n<p><strong>Non comprende l&#039;importanza dei saperi<\/strong><\/p>\r\n\r\n\r\n\r\n<p>La ministra della sanit\u00e0 Carolina Darias si \u00e8 assicurata che gracia la sua disponibilit\u00e0 online, il basso costo e il grande surtido di sabores, forme e colori che si trovano sul mercato, il vaporizzatore si \u00e8 convertito in un&#039;opzione molto accessibile e attraente per i giovani, che si avvia nel tabaquismo attraverso lo svapo - una conferma che la prova \u00e8 stata recuperata. Per prevenire questo, il governo vuole limitare i guadagni e la distribuzione dei prodotti vaporizzati, in modo che l&#039;impianto proibisca i loro guadagni online e consentirli solo in postazioni e stabilimenti specializzati. Soddisfare i prezzi di questi prodotti e limitarne la disponibilit\u00e0 avr\u00e0 un costo elevato per i fumatori e vaporizzatori adulti, che trarranno maggior beneficio dal potenziale di riduzione dei danni che tiene lo vaporizzatore.<\/p>\r\n\r\n\r\n\r\n<p>Ma le intenzioni del Governo non si avvicinano qui. Fingere anche di vietare tutti i sabores (eccetto il tabacco) e imporre l&#039;imballaggio generico su dispositivi e cartucce. Ya hemos visto el fracaso de medidas similares en otros pa\u00edses. A San Francisco, ad esempio, il divieto dei sabori ha fatto sparire il numero dei fumatori. Risultati simili in altre parti del mondo dimostrano che le restrizioni massicce comporteranno un maggiore consumo di sigarette.<\/p>\r\n\r\n\r\n\r\n<p>Hemos hablado muchas veces sobre los sabores (<a href=\"https:\/\/worldvapersalliance.com\/it\/why-vape-flavours-matter\/\">puoi leggere le nostre informazioni qui<\/a>), la chiave \u00e8 evidente: los sabores son la principale ragione per cui il vapeo funziona. Lasciare che i fumatori adulti olvidarse il sapore dei sigaretti. Quando ne ostacola l&#039;uso, \u00e8 molto probabile che questi vaporizzatori vogliano andare a caer nel tabaco.<\/p>\r\n\r\n\r\n\r\n<p><strong>Subir los impuestos al vapeo y otras formas de disparar el tabaquismo<\/strong><\/p>\r\n\r\n\r\n\r\n<p>Tra tutti questi medi, il Governo suggerisce anche la possibilit\u00e0 di subire gli impulsi al vapeo per equipaggiarlo con il tabacco, facendolo meno bene nonostante la\u00a0\u00a0<a href=\"https:\/\/www.ncbi.nlm.nih.gov\/pmc\/articles\/PMC7880200\/\">evidenza<\/a>\u00a0sugiere que las subidas de impuestos sobre estos productos empujan a la gente hacia el tabaquismo.<\/p>\r\n\r\n\r\n\r\n<p>Inoltre, desideriamo aumentare il numero di spazi liberi dell&#039;umore, includendo lo svapo in questa categoria e equipaggiandolo con il tabacco. Assicurati che gli aerosol emessi dai dispositivi di vaporizzazione siano pericolosi non solo per i tuoi utenti, ma anche per tutte le acque esposte. Niente di pi\u00f9 della realt\u00e0, quindi un recente studio mostra quello\u00a0<a href=\"http:\/\/www.openscienceonline.com\/journal\/archive2?journalId=718&amp;paperId=4979#:~:text=Specifically%2C%20at%20a%20distance%20of,use%20of%20the%20e%2Dcigarettes.\">andar por una calle de Madrid esporre le pi\u00f9 sostanze tossiche che inalare una sigaretta elettronica<\/a>\u00a0e concludo che i \u201cvapeadores passivi\u201d non esistono.<\/p>\r\n\r\n\r\n\r\n<p><strong>Los pol\u00edticos est\u00e1n equivocados \u2013 los vapeadores deben guiarlos<\/strong><\/p>\r\n\r\n\r\n\r\n<p>Nel riassumere i conti, il borrador del Gobierno dimostra l&#039;escaso conocimiento dei politici spagnoli in materia di riduzione dei danni e pone de manified la necessit\u00e0 che los vapeadores les presionen e les cuenten sus historias. Le leggi sulla salute pubblica devono basarsi sulla scienza e non sugli stimmi del passato. Per lui, l&#039;organizzazione di vaporizzatori spagnoli ANESVAP ha organizzato un\u00a0<a href=\"https:\/\/www.youtube.com\/watch?v=zYFe3lmzk7Q\">evento<\/a>o stai riconoscendo aziende per fare in modo che i politici si uniscano a loro\u00a0<a href=\"https:\/\/www.change.org\/p\/el-vapeo-salva-vidas-firma-nuestra-petici%C3%B3n?recruiter=71824789&amp;recruited_by_id=4d7cdbde-8659-445c-8b33-3d96a6c0884c&amp;utm_source=share_petition&amp;utm_medium=copylink&amp;utm_campaign=petition_dashboard\">petizione<\/a>\u00a0con las siguientes demandas:<\/p>\r\n\r\n\r\n\r\n<p>\u2013 Que se mantengan los precios asequibles para todos, evitando los impuestos punitivos.<\/p>\r\n\r\n\r\n\r\n<p>\u2013 Ci\u00f2 garantisce la distribuzione legale e controllata dei prodotti di vaporizzazione in negozi fisici e online.<\/p>\r\n\r\n\r\n\r\n<p>\u2013 Que la regulaci\u00f3n de los espacios libres de humos non si applica allo stesso modo ai vaporizzatori.<\/p>\r\n\r\n\r\n\r\n<p>\u2013 Que siga estando disponible una variet\u00e0 adeguata di sapori di vaporizzazione che permettono ai vaporizzatori di dimenticare il sapore del tabacco.<\/p>\r\n\r\n\r\n\r\n<p>La WVA contiene le restrizioni proposte e l&#039;anima ai vaporizzatori spagnoli\u00a0<a href=\"https:\/\/www.change.org\/p\/el-vapeo-salva-vidas-firma-nuestra-petici%C3%B3n?recruiter=71824789&amp;recruited_by_id=4d7cdbde-8659-445c-8b33-3d96a6c0884c&amp;utm_source=share_petition&amp;utm_medium=copylink&amp;utm_campaign=petition_dashboard\">firmar la petici\u00f3n de<\/a>\u00a0<a href=\"https:\/\/www.change.org\/p\/el-vapeo-salva-vidas-firma-nuestra-petici%C3%B3n?recruiter=71824789&amp;recruited_by_id=4d7cdbde-8659-445c-8b33-3d96a6c0884c&amp;utm_source=share_petition&amp;utm_medium=copylink&amp;utm_campaign=petition_dashboard\">ANESVAP<\/a>\u00a0para proteger sus derechos ya compartir con nosotros sus historias. Los pol\u00edticos espa\u00f1oles necesitan conocer como el vapeo ha migliorato il salud de miles de ciudadanos. \u00a1Alcemos la voz! Ci sono molte vite nel gioco.<\/p>","protected":false},"excerpt":{"rendered":"<p>El Gobierno espa\u00f1ol est\u00e1 a punto de cometer un gran error endureciendo innecesariamente la regulaci\u00f3n sobre el vapeo. De llevarse a cabo los planes del Ministerio de Sanidad, los fumadores tendr\u00e1n que sortear m\u00e1s obst\u00e1culos para dejar el tabaco y la salud p\u00fablica se ver\u00e1 resentida. El Plan de Prevenci\u00f3n y Control del Tabaquismo \u2013 [&hellip;]<\/p>\n","protected":false},"author":4,"featured_media":1037,"comment_status":"open","ping_status":"open","sticky":false,"template":"","format":"standard","meta":{"footnotes":""},"categories":[17],"tags":[],"class_list":["post-1031","post","type-post","status-publish","format-standard","has-post-thumbnail","hentry","category-blog"],"yoast_head":"<!-- This site is optimized with the Yoast SEO plugin v27.3 - https:\/\/yoast.com\/product\/yoast-seo-wordpress\/ -->\n<title>Espa\u00f1a: el vapeo en el punto de mira de los legisladores - World Vapers&#039; Alliance<\/title>\n<meta name=\"robots\" content=\"index, follow, max-snippet:-1, max-image-preview:large, max-video-preview:-1\" \/>\n<link rel=\"canonical\" href=\"https:\/\/worldvapersalliance.com\/it\/espana-el-vapeo-en-el-punto-de-mira-de-los-legisladores\/\" \/>\n<meta property=\"og:locale\" content=\"it_IT\" \/>\n<meta property=\"og:type\" content=\"article\" \/>\n<meta property=\"og:title\" content=\"Espa\u00f1a: el vapeo en el punto de mira de los legisladores - World Vapers&#039; Alliance\" \/>\n<meta property=\"og:description\" content=\"El Gobierno espa\u00f1ol est\u00e1 a punto de cometer un gran error endureciendo innecesariamente la regulaci\u00f3n sobre el vapeo. De llevarse a cabo los planes del Ministerio de Sanidad, los fumadores tendr\u00e1n que sortear m\u00e1s obst\u00e1culos para dejar el tabaco y la salud p\u00fablica se ver\u00e1 resentida. El Plan de Prevenci\u00f3n y Control del Tabaquismo \u2013 [&hellip;]\" \/>\n<meta property=\"og:url\" content=\"https:\/\/worldvapersalliance.com\/it\/espana-el-vapeo-en-el-punto-de-mira-de-los-legisladores\/\" \/>\n<meta property=\"og:site_name\" content=\"World Vapers&#039; Alliance\" \/>\n<meta property=\"article:published_time\" content=\"2022-02-03T19:26:01+00:00\" \/>\n<meta property=\"article:modified_time\" content=\"2022-04-08T10:29:15+00:00\" \/>\n<meta property=\"og:image\" content=\"https:\/\/worldvapersalliance.com\/wp-content\/uploads\/2022\/02\/Back_Vaping_Beat_Smoking_Barcelona_Launch-1024x945.png\" \/>\n\t<meta property=\"og:image:width\" content=\"1024\" \/>\n\t<meta property=\"og:image:height\" content=\"945\" \/>\n\t<meta property=\"og:image:type\" content=\"image\/png\" \/>\n<meta name=\"author\" content=\"Michael Landl\" \/>\n<meta name=\"twitter:card\" content=\"summary_large_image\" \/>\n<meta name=\"twitter:label1\" content=\"Scritto da\" \/>\n\t<meta name=\"twitter:data1\" content=\"Michael Landl\" \/>\n\t<meta name=\"twitter:label2\" content=\"Tempo di lettura stimato\" \/>\n\t<meta name=\"twitter:data2\" content=\"5 minuti\" \/>\n<script type=\"application\/ld+json\" class=\"yoast-schema-graph\">{\"@context\":\"https:\\\/\\\/schema.org\",\"@graph\":[{\"@type\":\"Article\",\"@id\":\"https:\\\/\\\/worldvapersalliance.com\\\/espana-el-vapeo-en-el-punto-de-mira-de-los-legisladores\\\/#article\",\"isPartOf\":{\"@id\":\"https:\\\/\\\/worldvapersalliance.com\\\/espana-el-vapeo-en-el-punto-de-mira-de-los-legisladores\\\/\"},\"author\":{\"name\":\"Michael Landl\",\"@id\":\"https:\\\/\\\/worldvapersalliance.com\\\/#\\\/schema\\\/person\\\/05f663571d787d89a2d5c77c482a6583\"},\"headline\":\"Espa\u00f1a: el vapeo en el punto de mira de los legisladores\",\"datePublished\":\"2022-02-03T19:26:01+00:00\",\"dateModified\":\"2022-04-08T10:29:15+00:00\",\"mainEntityOfPage\":{\"@id\":\"https:\\\/\\\/worldvapersalliance.com\\\/espana-el-vapeo-en-el-punto-de-mira-de-los-legisladores\\\/\"},\"wordCount\":984,\"commentCount\":0,\"publisher\":{\"@id\":\"https:\\\/\\\/worldvapersalliance.com\\\/#organization\"},\"image\":{\"@id\":\"https:\\\/\\\/worldvapersalliance.com\\\/espana-el-vapeo-en-el-punto-de-mira-de-los-legisladores\\\/#primaryimage\"},\"thumbnailUrl\":\"https:\\\/\\\/worldvapersalliance.com\\\/wp-content\\\/uploads\\\/2022\\\/02\\\/Back_Vaping_Beat_Smoking_Barcelona_Launch.png\",\"articleSection\":[\"Blog\"],\"inLanguage\":\"it-IT\",\"potentialAction\":[{\"@type\":\"CommentAction\",\"name\":\"Comment\",\"target\":[\"https:\\\/\\\/worldvapersalliance.com\\\/espana-el-vapeo-en-el-punto-de-mira-de-los-legisladores\\\/#respond\"]}]},{\"@type\":\"WebPage\",\"@id\":\"https:\\\/\\\/worldvapersalliance.com\\\/espana-el-vapeo-en-el-punto-de-mira-de-los-legisladores\\\/\",\"url\":\"https:\\\/\\\/worldvapersalliance.com\\\/espana-el-vapeo-en-el-punto-de-mira-de-los-legisladores\\\/\",\"name\":\"Espa\u00f1a: el vapeo en el punto de mira de los legisladores - World Vapers&#039; Alliance\",\"isPartOf\":{\"@id\":\"https:\\\/\\\/worldvapersalliance.com\\\/#website\"},\"primaryImageOfPage\":{\"@id\":\"https:\\\/\\\/worldvapersalliance.com\\\/espana-el-vapeo-en-el-punto-de-mira-de-los-legisladores\\\/#primaryimage\"},\"image\":{\"@id\":\"https:\\\/\\\/worldvapersalliance.com\\\/espana-el-vapeo-en-el-punto-de-mira-de-los-legisladores\\\/#primaryimage\"},\"thumbnailUrl\":\"https:\\\/\\\/worldvapersalliance.com\\\/wp-content\\\/uploads\\\/2022\\\/02\\\/Back_Vaping_Beat_Smoking_Barcelona_Launch.png\",\"datePublished\":\"2022-02-03T19:26:01+00:00\",\"dateModified\":\"2022-04-08T10:29:15+00:00\",\"inLanguage\":\"it-IT\",\"potentialAction\":[{\"@type\":\"ReadAction\",\"target\":[\"https:\\\/\\\/worldvapersalliance.com\\\/espana-el-vapeo-en-el-punto-de-mira-de-los-legisladores\\\/\"]}]},{\"@type\":\"ImageObject\",\"inLanguage\":\"it-IT\",\"@id\":\"https:\\\/\\\/worldvapersalliance.com\\\/espana-el-vapeo-en-el-punto-de-mira-de-los-legisladores\\\/#primaryimage\",\"url\":\"https:\\\/\\\/worldvapersalliance.com\\\/wp-content\\\/uploads\\\/2022\\\/02\\\/Back_Vaping_Beat_Smoking_Barcelona_Launch.png\",\"contentUrl\":\"https:\\\/\\\/worldvapersalliance.com\\\/wp-content\\\/uploads\\\/2022\\\/02\\\/Back_Vaping_Beat_Smoking_Barcelona_Launch.png\",\"width\":2081,\"height\":1920},{\"@type\":\"WebSite\",\"@id\":\"https:\\\/\\\/worldvapersalliance.com\\\/#website\",\"url\":\"https:\\\/\\\/worldvapersalliance.com\\\/\",\"name\":\"World Vapers&#039; Alliance\",\"description\":\"The largest community of vapers\",\"publisher\":{\"@id\":\"https:\\\/\\\/worldvapersalliance.com\\\/#organization\"},\"potentialAction\":[{\"@type\":\"SearchAction\",\"target\":{\"@type\":\"EntryPoint\",\"urlTemplate\":\"https:\\\/\\\/worldvapersalliance.com\\\/?s={search_term_string}\"},\"query-input\":{\"@type\":\"PropertyValueSpecification\",\"valueRequired\":true,\"valueName\":\"search_term_string\"}}],\"inLanguage\":\"it-IT\"},{\"@type\":\"Organization\",\"@id\":\"https:\\\/\\\/worldvapersalliance.com\\\/#organization\",\"name\":\"World Vapers&#039; Alliance\",\"url\":\"https:\\\/\\\/worldvapersalliance.com\\\/\",\"logo\":{\"@type\":\"ImageObject\",\"inLanguage\":\"it-IT\",\"@id\":\"https:\\\/\\\/worldvapersalliance.com\\\/#\\\/schema\\\/logo\\\/image\\\/\",\"url\":\"https:\\\/\\\/worldvapersalliance.com\\\/wp-content\\\/uploads\\\/2022\\\/01\\\/WVA_RB_Fist_G.png\",\"contentUrl\":\"https:\\\/\\\/worldvapersalliance.com\\\/wp-content\\\/uploads\\\/2022\\\/01\\\/WVA_RB_Fist_G.png\",\"width\":985,\"height\":1177,\"caption\":\"World Vapers&#039; Alliance\"},\"image\":{\"@id\":\"https:\\\/\\\/worldvapersalliance.com\\\/#\\\/schema\\\/logo\\\/image\\\/\"}},{\"@type\":\"Person\",\"@id\":\"https:\\\/\\\/worldvapersalliance.com\\\/#\\\/schema\\\/person\\\/05f663571d787d89a2d5c77c482a6583\",\"name\":\"Michael Landl\",\"image\":{\"@type\":\"ImageObject\",\"inLanguage\":\"it-IT\",\"@id\":\"https:\\\/\\\/secure.gravatar.com\\\/avatar\\\/1537a11db5ae7fef0631b6c662f439d8a632c50630c980828d0e2c4de581568b?s=96&d=mm&r=g\",\"url\":\"https:\\\/\\\/secure.gravatar.com\\\/avatar\\\/1537a11db5ae7fef0631b6c662f439d8a632c50630c980828d0e2c4de581568b?s=96&d=mm&r=g\",\"contentUrl\":\"https:\\\/\\\/secure.gravatar.com\\\/avatar\\\/1537a11db5ae7fef0631b6c662f439d8a632c50630c980828d0e2c4de581568b?s=96&d=mm&r=g\",\"caption\":\"Michael Landl\"},\"url\":\"https:\\\/\\\/worldvapersalliance.com\\\/it\\\/author\\\/michael\\\/\"}]}<\/script>\n<!-- \/ Yoast SEO plugin. -->","yoast_head_json":{"title":"Spagna: el vapeo en el punto de mira de los legisladores - World Vapers&#039; Alliance","robots":{"index":"index","follow":"follow","max-snippet":"max-snippet:-1","max-image-preview":"max-image-preview:large","max-video-preview":"max-video-preview:-1"},"canonical":"https:\/\/worldvapersalliance.com\/it\/espana-el-vapeo-en-el-punto-de-mira-de-los-legisladores\/","og_locale":"it_IT","og_type":"article","og_title":"Espa\u00f1a: el vapeo en el punto de mira de los legisladores - World Vapers&#039; Alliance","og_description":"El Gobierno espa\u00f1ol est\u00e1 a punto de cometer un gran error endureciendo innecesariamente la regulaci\u00f3n sobre el vapeo. De llevarse a cabo los planes del Ministerio de Sanidad, los fumadores tendr\u00e1n que sortear m\u00e1s obst\u00e1culos para dejar el tabaco y la salud p\u00fablica se ver\u00e1 resentida. El Plan de Prevenci\u00f3n y Control del Tabaquismo \u2013 [&hellip;]","og_url":"https:\/\/worldvapersalliance.com\/it\/espana-el-vapeo-en-el-punto-de-mira-de-los-legisladores\/","og_site_name":"World Vapers&#039; Alliance","article_published_time":"2022-02-03T19:26:01+00:00","article_modified_time":"2022-04-08T10:29:15+00:00","og_image":[{"width":1024,"height":945,"url":"https:\/\/worldvapersalliance.com\/wp-content\/uploads\/2022\/02\/Back_Vaping_Beat_Smoking_Barcelona_Launch-1024x945.png","type":"image\/png"}],"author":"Michael Landl","twitter_card":"summary_large_image","twitter_misc":{"Scritto da":"Michael Landl","Tempo di lettura stimato":"5 minuti"},"schema":{"@context":"https:\/\/schema.org","@graph":[{"@type":"Article","@id":"https:\/\/worldvapersalliance.com\/espana-el-vapeo-en-el-punto-de-mira-de-los-legisladores\/#article","isPartOf":{"@id":"https:\/\/worldvapersalliance.com\/espana-el-vapeo-en-el-punto-de-mira-de-los-legisladores\/"},"author":{"name":"Michael Landl","@id":"https:\/\/worldvapersalliance.com\/#\/schema\/person\/05f663571d787d89a2d5c77c482a6583"},"headline":"Espa\u00f1a: el vapeo en el punto de mira de los legisladores","datePublished":"2022-02-03T19:26:01+00:00","dateModified":"2022-04-08T10:29:15+00:00","mainEntityOfPage":{"@id":"https:\/\/worldvapersalliance.com\/espana-el-vapeo-en-el-punto-de-mira-de-los-legisladores\/"},"wordCount":984,"commentCount":0,"publisher":{"@id":"https:\/\/worldvapersalliance.com\/#organization"},"image":{"@id":"https:\/\/worldvapersalliance.com\/espana-el-vapeo-en-el-punto-de-mira-de-los-legisladores\/#primaryimage"},"thumbnailUrl":"https:\/\/worldvapersalliance.com\/wp-content\/uploads\/2022\/02\/Back_Vaping_Beat_Smoking_Barcelona_Launch.png","articleSection":["Blog"],"inLanguage":"it-IT","potentialAction":[{"@type":"CommentAction","name":"Comment","target":["https:\/\/worldvapersalliance.com\/espana-el-vapeo-en-el-punto-de-mira-de-los-legisladores\/#respond"]}]},{"@type":"WebPage","@id":"https:\/\/worldvapersalliance.com\/espana-el-vapeo-en-el-punto-de-mira-de-los-legisladores\/","url":"https:\/\/worldvapersalliance.com\/espana-el-vapeo-en-el-punto-de-mira-de-los-legisladores\/","name":"Spagna: el vapeo en el punto de mira de los legisladores - World Vapers&#039; Alliance","isPartOf":{"@id":"https:\/\/worldvapersalliance.com\/#website"},"primaryImageOfPage":{"@id":"https:\/\/worldvapersalliance.com\/espana-el-vapeo-en-el-punto-de-mira-de-los-legisladores\/#primaryimage"},"image":{"@id":"https:\/\/worldvapersalliance.com\/espana-el-vapeo-en-el-punto-de-mira-de-los-legisladores\/#primaryimage"},"thumbnailUrl":"https:\/\/worldvapersalliance.com\/wp-content\/uploads\/2022\/02\/Back_Vaping_Beat_Smoking_Barcelona_Launch.png","datePublished":"2022-02-03T19:26:01+00:00","dateModified":"2022-04-08T10:29:15+00:00","inLanguage":"it-IT","potentialAction":[{"@type":"ReadAction","target":["https:\/\/worldvapersalliance.com\/espana-el-vapeo-en-el-punto-de-mira-de-los-legisladores\/"]}]},{"@type":"ImageObject","inLanguage":"it-IT","@id":"https:\/\/worldvapersalliance.com\/espana-el-vapeo-en-el-punto-de-mira-de-los-legisladores\/#primaryimage","url":"https:\/\/worldvapersalliance.com\/wp-content\/uploads\/2022\/02\/Back_Vaping_Beat_Smoking_Barcelona_Launch.png","contentUrl":"https:\/\/worldvapersalliance.com\/wp-content\/uploads\/2022\/02\/Back_Vaping_Beat_Smoking_Barcelona_Launch.png","width":2081,"height":1920},{"@type":"WebSite","@id":"https:\/\/worldvapersalliance.com\/#website","url":"https:\/\/worldvapersalliance.com\/","name":"Alleanza mondiale dei vapers","description":"La pi\u00f9 grande comunit\u00e0 di vapers","publisher":{"@id":"https:\/\/worldvapersalliance.com\/#organization"},"potentialAction":[{"@type":"SearchAction","target":{"@type":"EntryPoint","urlTemplate":"https:\/\/worldvapersalliance.com\/?s={search_term_string}"},"query-input":{"@type":"PropertyValueSpecification","valueRequired":true,"valueName":"search_term_string"}}],"inLanguage":"it-IT"},{"@type":"Organization","@id":"https:\/\/worldvapersalliance.com\/#organization","name":"Alleanza mondiale dei vapers","url":"https:\/\/worldvapersalliance.com\/","logo":{"@type":"ImageObject","inLanguage":"it-IT","@id":"https:\/\/worldvapersalliance.com\/#\/schema\/logo\/image\/","url":"https:\/\/worldvapersalliance.com\/wp-content\/uploads\/2022\/01\/WVA_RB_Fist_G.png","contentUrl":"https:\/\/worldvapersalliance.com\/wp-content\/uploads\/2022\/01\/WVA_RB_Fist_G.png","width":985,"height":1177,"caption":"World Vapers&#039; Alliance"},"image":{"@id":"https:\/\/worldvapersalliance.com\/#\/schema\/logo\/image\/"}},{"@type":"Person","@id":"https:\/\/worldvapersalliance.com\/#\/schema\/person\/05f663571d787d89a2d5c77c482a6583","name":"Michele Landl","image":{"@type":"ImageObject","inLanguage":"it-IT","@id":"https:\/\/secure.gravatar.com\/avatar\/1537a11db5ae7fef0631b6c662f439d8a632c50630c980828d0e2c4de581568b?s=96&d=mm&r=g","url":"https:\/\/secure.gravatar.com\/avatar\/1537a11db5ae7fef0631b6c662f439d8a632c50630c980828d0e2c4de581568b?s=96&d=mm&r=g","contentUrl":"https:\/\/secure.gravatar.com\/avatar\/1537a11db5ae7fef0631b6c662f439d8a632c50630c980828d0e2c4de581568b?s=96&d=mm&r=g","caption":"Michael Landl"},"url":"https:\/\/worldvapersalliance.com\/it\/author\/michael\/"}]}},"_links":{"self":[{"href":"https:\/\/worldvapersalliance.com\/it\/wp-json\/wp\/v2\/posts\/1031","targetHints":{"allow":["GET"]}}],"collection":[{"href":"https:\/\/worldvapersalliance.com\/it\/wp-json\/wp\/v2\/posts"}],"about":[{"href":"https:\/\/worldvapersalliance.com\/it\/wp-json\/wp\/v2\/types\/post"}],"author":[{"embeddable":true,"href":"https:\/\/worldvapersalliance.com\/it\/wp-json\/wp\/v2\/users\/4"}],"replies":[{"embeddable":true,"href":"https:\/\/worldvapersalliance.com\/it\/wp-json\/wp\/v2\/comments?post=1031"}],"version-history":[{"count":0,"href":"https:\/\/worldvapersalliance.com\/it\/wp-json\/wp\/v2\/posts\/1031\/revisions"}],"wp:featuredmedia":[{"embeddable":true,"href":"https:\/\/worldvapersalliance.com\/it\/wp-json\/wp\/v2\/media\/1037"}],"wp:attachment":[{"href":"https:\/\/worldvapersalliance.com\/it\/wp-json\/wp\/v2\/media?parent=1031"}],"wp:term":[{"taxonomy":"category","embeddable":true,"href":"https:\/\/worldvapersalliance.com\/it\/wp-json\/wp\/v2\/categories?post=1031"},{"taxonomy":"post_tag","embeddable":true,"href":"https:\/\/worldvapersalliance.com\/it\/wp-json\/wp\/v2\/tags?post=1031"}],"curies":[{"name":"parola chiave","href":"https:\/\/api.w.org\/{rel}","templated":true}]}}