{"id":6648,"date":"2025-12-24T18:39:39","date_gmt":"2025-12-24T23:39:39","guid":{"rendered":"https:\/\/worldvapersalliance.com\/?p=6648"},"modified":"2025-12-22T08:42:05","modified_gmt":"2025-12-22T13:42:05","slug":"wrapped-our-year-together-at-the-world-vapers-alliance","status":"publish","type":"post","link":"https:\/\/worldvapersalliance.com\/fr_be\/wrapped-our-year-together-at-the-world-vapers-alliance\/","title":{"rendered":"Bilan : Notre ann\u00e9e ensemble \u00e0 la World Vapers Alliance"},"content":{"rendered":"<p><span style=\"font-weight: 400;\">Quelle ann\u00e9e ! 2025 a \u00e9t\u00e9 intense, mais aussi source d&#039;inspiration. J&#039;aimerais donc revenir avec vous sur nos r\u00e9alisations collectives, et partager les moments o\u00f9 nous avons combattu les mauvaises politiques et \u0153uvr\u00e9 pour faire avancer les choses dans la bonne direction.\u00a0\u00a0<\/span><\/p>\n<p><span style=\"font-weight: 400;\">Ceci n&#039;est pas un communiqu\u00e9 de presse. C&#039;est un remerciement personnel. Sans vous, rien de tout cela n&#039;aurait \u00e9t\u00e9 possible.\u00a0\u00a0<\/span><\/p>\n<h4><b>Lettre ouverte \u00e0 l&#039;UE\u00a0: 100\u00a0000 voix qu&#039;ils ne peuvent ignorer\u00a0\u00a0<\/b><\/h4>\n<p><span style=\"font-weight: 400;\">L&#039;un des moments les plus marquants de cette ann\u00e9e a \u00e9t\u00e9 notre <\/span><a href=\"https:\/\/worldvapersalliance.com\/fr_be\/wva-open-letter-100000-europeans-reject-eus-attack-on-vaping-and-pouches\/\" target=\"_blank\" rel=\"noopener\"><span style=\"font-weight: 400;\">lettre ouverte<\/span><\/a><span style=\"font-weight: 400;\"> \u00c0 la Commission europ\u00e9enne et aux \u00c9tats membres de l&#039;UE. Plus de 100\u00a0000 personnes ont sign\u00e9 notre p\u00e9tition contre les nouvelles restrictions sur le vapotage et les sachets de nicotine.\u00a0\u00a0<\/span><\/p>\n<p><span style=\"font-weight: 400;\">Nombre de politiciens continuent de parler du vapotage et des sachets de cigarettes \u00e9lectroniques comme s&#039;il s&#039;agissait de cigarettes. Nous savons tous les deux que c&#039;est une erreur. Ces produits servent \u00e0 se sevrer du tabac. La lettre ouverte l&#039;a clairement d\u00e9montr\u00e9. Elle a d\u00e9nonc\u00e9 l&#039;UE pour son m\u00e9pris des donn\u00e9es scientifiques et des retours d&#039;exp\u00e9rience, ainsi que pour sa volont\u00e9 de promouvoir des r\u00e9glementations susceptibles d&#039;inciter les fumeurs \u00e0 reprendre le tabac ou \u00e0 se tourner vers le march\u00e9 noir.\u00a0\u00a0<\/span><\/p>\n<p><span style=\"font-weight: 400;\">Nous avons commenc\u00e9 \u00e0 recueillir des signatures en 2024, et pour moi, voir ce nombre augmenter a \u00e9t\u00e9 tr\u00e8s \u00e9mouvant. Chaque signature raconte une histoire. Un p\u00e8re qui a arr\u00eat\u00e9 de fumer gr\u00e2ce \u00e0 la cigarette \u00e9lectronique. Une m\u00e8re qui monte d\u00e9sormais les escaliers sans \u00eatre essouffl\u00e9e. Vous avez donn\u00e9 du poids \u00e0 cette lettre. Bruxelles ne peut plus dire que personne ne s&#039;en soucie.\u00a0\u00a0<\/span><\/p>\n<h4><b>Des voix inaudibles de Dublin \u00e0 Gen\u00e8ve\u00a0\u00a0<\/b><\/h4>\n<p><span style=\"font-weight: 400;\">Une autre \u00e9tape importante cette ann\u00e9e a \u00e9t\u00e9 notre campagne <\/span><a href=\"https:\/\/worldvapersalliance.com\/fr_be\/voices-unheard-consumers-matter\/\" target=\"_blank\" rel=\"noopener\"><span style=\"font-weight: 400;\">Les voix inaudibles des consommateurs comptent<\/span><\/a><span style=\"font-weight: 400;\">. Nous l&#039;avons lanc\u00e9 lors de la Conf\u00e9rence mondiale sur la lutte antitabac \u00e0 Dublin car, une fois de plus, les consommateurs ont \u00e9t\u00e9 tenus \u00e0 l&#039;\u00e9cart lorsque des d\u00e9cisions concernant nos vies \u00e9taient prises.\u00a0\u00a0<\/span><\/p>\n<p><span style=\"font-weight: 400;\">Nous y sommes all\u00e9s malgr\u00e9 tout. Nous avons manifest\u00e9 en silence \u00e0 l&#039;ext\u00e9rieur pour montrer que des millions de vapoteurs sont ignor\u00e9s. Pas de cris, pas de sc\u00e8ne. Juste des personnes qui ont chang\u00e9 leur vie gr\u00e2ce \u00e0 des produits moins nocifs, pr\u00e9sentes pour affirmer leur existence.\u00a0<\/span><\/p>\n<p><img fetchpriority=\"high\" decoding=\"async\" class=\"alignnone wp-image-6649\" src=\"https:\/\/worldvapersalliance.com\/wp-content\/uploads\/2025\/12\/Voices-Unheard-protest-image-300x197.png\" alt=\"\" width=\"598\" height=\"393\" srcset=\"https:\/\/worldvapersalliance.com\/wp-content\/uploads\/2025\/12\/Voices-Unheard-protest-image-300x197.png 300w, https:\/\/worldvapersalliance.com\/wp-content\/uploads\/2025\/12\/Voices-Unheard-protest-image-768x504.png 768w, https:\/\/worldvapersalliance.com\/wp-content\/uploads\/2025\/12\/Voices-Unheard-protest-image-18x12.png 18w, https:\/\/worldvapersalliance.com\/wp-content\/uploads\/2025\/12\/Voices-Unheard-protest-image-600x394.png 600w, https:\/\/worldvapersalliance.com\/wp-content\/uploads\/2025\/12\/Voices-Unheard-protest-image.png 785w\" sizes=\"(max-width: 598px) 100vw, 598px\" \/><\/p>\n<p><span style=\"font-weight: 400;\">Les spectacles de lumi\u00e8re \u00e9taient ma partie pr\u00e9f\u00e9r\u00e9e. Nous avons illumin\u00e9 des b\u00e2timents avec des messages appelant \u00e0 ce que la voix des consommateurs soit entendue. Plus tard dans l&#039;ann\u00e9e, nous avons repris cette id\u00e9e \u00e0 Gen\u00e8ve avant la COP11, o\u00f9 l&#039;OMS se r\u00e9unissait pour discuter de la politique mondiale en mati\u00e8re de tabac. De nouveau, des projections lumineuses. De nouveau, le message \u00e9tait simple\u00a0: \u00e9coutez-nous.\u00a0\u00a0<\/span><\/p>\n<p><img decoding=\"async\" class=\"alignnone wp-image-6651\" src=\"https:\/\/worldvapersalliance.com\/wp-content\/uploads\/2025\/12\/Voices-Unheard-image-300x195.png\" alt=\"\" width=\"384\" height=\"249\" srcset=\"https:\/\/worldvapersalliance.com\/wp-content\/uploads\/2025\/12\/Voices-Unheard-image-300x195.png 300w, https:\/\/worldvapersalliance.com\/wp-content\/uploads\/2025\/12\/Voices-Unheard-image-18x12.png 18w, https:\/\/worldvapersalliance.com\/wp-content\/uploads\/2025\/12\/Voices-Unheard-image.png 545w\" sizes=\"(max-width: 384px) 100vw, 384px\" \/> <img decoding=\"async\" class=\"alignnone wp-image-6652\" src=\"https:\/\/worldvapersalliance.com\/wp-content\/uploads\/2025\/12\/Voices-Unheard-Lightshow-image-300x218.png\" alt=\"\" width=\"382\" height=\"278\" srcset=\"https:\/\/worldvapersalliance.com\/wp-content\/uploads\/2025\/12\/Voices-Unheard-Lightshow-image-300x218.png 300w, https:\/\/worldvapersalliance.com\/wp-content\/uploads\/2025\/12\/Voices-Unheard-Lightshow-image-18x12.png 18w, https:\/\/worldvapersalliance.com\/wp-content\/uploads\/2025\/12\/Voices-Unheard-Lightshow-image.png 528w\" sizes=\"(max-width: 382px) 100vw, 382px\" \/><\/p>\n<p><span style=\"font-weight: 400;\">Ces actions peuvent para\u00eetre symboliques vues de l&#039;ext\u00e9rieur, mais les d\u00e9cideurs politiques ont bien compris que nous ne sommes ni des robots ni des lettres. Nous sommes de vraies personnes dans la rue.\u00a0\u00a0<\/span><\/p>\n<h4><b>Les Champions du Changement transforment Bruxelles en stade\u00a0\u00a0<\/b><\/h4>\n<p><span style=\"font-weight: 400;\">Cet \u00e9t\u00e9, nous nous sommes bien amus\u00e9s avec les <\/span><a href=\"https:\/\/worldvapersalliance.com\/fr_be\/champions-of-change\/\" target=\"_blank\" rel=\"noopener\"><span style=\"font-weight: 400;\">Campagne Champions du changement<\/span><\/a><span style=\"font-weight: 400;\">. Bruxelles est g\u00e9n\u00e9ralement grise et bureaucratique, nous avons donc d\u00e9cid\u00e9 d&#039;en faire une sorte d&#039;ar\u00e8ne de la Ligue des champions pour la r\u00e9duction des m\u00e9faits du tabac.\u00a0\u00a0<\/span><\/p>\n<p><span style=\"font-weight: 400;\">Nous avons organis\u00e9 une c\u00e9r\u00e9monie de remise de troph\u00e9es devant le Parlement europ\u00e9en et c\u00e9l\u00e9br\u00e9 les pays qui ont r\u00e9ellement r\u00e9duit le tabagisme en adoptant des alternatives moins nocives. La Su\u00e8de, la R\u00e9publique tch\u00e8que et la Gr\u00e8ce ont \u00e9t\u00e9 nos pays laur\u00e9ats. En Su\u00e8de, le taux de fumeurs quotidiens est d\u00e9sormais inf\u00e9rieur \u00e0 5 % et le taux de cancer y est bien inf\u00e9rieur \u00e0 la moyenne de l&#039;UE. Ce n&#039;est pas un hasard\u00a0: c&#039;est la r\u00e9duction des risques qui porte ses fruits.\u00a0\u00a0<\/span><\/p>\n<p><img loading=\"lazy\" decoding=\"async\" class=\"alignnone wp-image-6356\" src=\"https:\/\/worldvapersalliance.com\/wp-content\/uploads\/2025\/07\/Champions-blog-image-300x277.png\" alt=\"\" width=\"522\" height=\"482\" srcset=\"https:\/\/worldvapersalliance.com\/wp-content\/uploads\/2025\/07\/Champions-blog-image-300x277.png 300w, https:\/\/worldvapersalliance.com\/wp-content\/uploads\/2025\/07\/Champions-blog-image-1024x945.png 1024w, https:\/\/worldvapersalliance.com\/wp-content\/uploads\/2025\/07\/Champions-blog-image-768x709.png 768w, https:\/\/worldvapersalliance.com\/wp-content\/uploads\/2025\/07\/Champions-blog-image-1536x1417.png 1536w, https:\/\/worldvapersalliance.com\/wp-content\/uploads\/2025\/07\/Champions-blog-image-2048x1890.png 2048w, https:\/\/worldvapersalliance.com\/wp-content\/uploads\/2025\/07\/Champions-blog-image-13x12.png 13w, https:\/\/worldvapersalliance.com\/wp-content\/uploads\/2025\/07\/Champions-blog-image-600x554.png 600w\" sizes=\"(max-width: 522px) 100vw, 522px\" \/><\/p>\n<p><span style=\"font-weight: 400;\">En remettant des troph\u00e9es, nous avons adress\u00e9 un message clair aux responsables politiques europ\u00e9ens\u00a0: si vous voulez vaincre le tabagisme, inspirez-vous des vainqueurs. Cessez de sanctionner le vapotage et les sachets de nicotine sous pr\u00e9texte d\u2019id\u00e9ologie ou de dogmes d\u00e9pass\u00e9s. Nombre d\u2019entre vous ont contribu\u00e9 \u00e0 diffuser l\u2019information en ligne, et certains ont particip\u00e9 \u00e0 l\u2019\u00e9v\u00e9nement en personne. Cela a une fois de plus d\u00e9montr\u00e9 que notre mouvement est cr\u00e9atif, et pas seulement empreint de col\u00e8re.\u00a0\u00a0<\/span><\/p>\n<p><img loading=\"lazy\" decoding=\"async\" class=\"alignnone wp-image-6653\" src=\"https:\/\/worldvapersalliance.com\/wp-content\/uploads\/2025\/12\/Brussels-Image-300x198.png\" alt=\"\" width=\"593\" height=\"392\" srcset=\"https:\/\/worldvapersalliance.com\/wp-content\/uploads\/2025\/12\/Brussels-Image-300x198.png 300w, https:\/\/worldvapersalliance.com\/wp-content\/uploads\/2025\/12\/Brussels-Image-768x506.png 768w, https:\/\/worldvapersalliance.com\/wp-content\/uploads\/2025\/12\/Brussels-Image-18x12.png 18w, https:\/\/worldvapersalliance.com\/wp-content\/uploads\/2025\/12\/Brussels-Image.png 967w\" sizes=\"(max-width: 593px) 100vw, 593px\" \/><\/p>\n<h4><b>Sensibilisation politique aupr\u00e8s de plus d&#039;une centaine de d\u00e9cideurs\u00a0\u00a0<\/b><\/h4>\n<p><span style=\"font-weight: 400;\">Une grande partie de notre travail est publique, mais une autre se d\u00e9roule \u00e0 huis clos, lors de congr\u00e8s de partis et dans les coulisses politiques. Tout au long de l&#039;ann\u00e9e 2025, notre \u00e9quipe a rencontr\u00e9 plus d&#039;une centaine de d\u00e9cideurs et de membres cl\u00e9s de leurs \u00e9quipes dans diff\u00e9rents pays du monde. Nous avons \u00e9chang\u00e9 avec des parlementaires, des responsables de la sant\u00e9, des repr\u00e9sentants de groupes parlementaires et des conseillers qui contribuent \u00e0 fa\u00e7onner les positions nationales et europ\u00e9ennes sur le vapotage et les sachets de nicotine.\u00a0\u00a0<\/span><\/p>\n<p><span style=\"font-weight: 400;\">Le congr\u00e8s du SPD en Allemagne en est un exemple. Nous y avons abord\u00e9 la question de la r\u00e9duction des risques avec les d\u00e9l\u00e9gu\u00e9s et les membres, au moment m\u00eame o\u00f9 l&#039;Allemagne envisageait de durcir la r\u00e9glementation sur les ar\u00f4mes et le marketing.\u00a0<\/span><\/p>\n<p><img loading=\"lazy\" decoding=\"async\" class=\"alignnone wp-image-6654\" src=\"https:\/\/worldvapersalliance.com\/wp-content\/uploads\/2025\/12\/SPD-party-conference-image-300x120.png\" alt=\"\" width=\"740\" height=\"296\" srcset=\"https:\/\/worldvapersalliance.com\/wp-content\/uploads\/2025\/12\/SPD-party-conference-image-300x120.png 300w, https:\/\/worldvapersalliance.com\/wp-content\/uploads\/2025\/12\/SPD-party-conference-image-1024x410.png 1024w, https:\/\/worldvapersalliance.com\/wp-content\/uploads\/2025\/12\/SPD-party-conference-image-768x308.png 768w, https:\/\/worldvapersalliance.com\/wp-content\/uploads\/2025\/12\/SPD-party-conference-image-18x7.png 18w, https:\/\/worldvapersalliance.com\/wp-content\/uploads\/2025\/12\/SPD-party-conference-image-600x240.png 600w, https:\/\/worldvapersalliance.com\/wp-content\/uploads\/2025\/12\/SPD-party-conference-image.png 1196w\" sizes=\"(max-width: 740px) 100vw, 740px\" \/><\/p>\n<p><span style=\"font-weight: 400;\">Des conversations similaires ont eu lieu dans d&#039;autres capitales. Il s&#039;agissait parfois simplement d&#039;expliquer \u00e0 un homme politique sceptique qu&#039;une cigarette \u00e9lectronique aromatis\u00e9e vous avait aid\u00e9, vous ou un proche, \u00e0 arr\u00eater de fumer et que son interdiction risquait d&#039;inciter les fumeurs \u00e0 reprendre la cigarette. Avec le temps, ces t\u00e9moignages personnels font \u00e9voluer la r\u00e9flexion des d\u00e9cideurs politiques.\u00a0\u00a0<\/span><\/p>\n<p><span style=\"font-weight: 400;\">La communication avec les m\u00e9dias a constitu\u00e9 un volet essentiel de notre travail cette ann\u00e9e. Nous avons b\u00e9n\u00e9fici\u00e9 de milliers de mentions dans les m\u00e9dias en 2025, WVA \u00e9tant cit\u00e9e ou mise en avant dans des m\u00e9dias du monde entier. Ainsi, chaque fois que les gouvernements \u00e9voquaient de nouvelles restrictions sur le vapotage ou les sachets de nicotine, il y avait de fortes chances qu&#039;un journaliste prenne \u00e9galement en compte le point de vue des consommateurs et explique que des alternatives moins nocives aident les fumeurs \u00e0 se sevrer du tabac. Cette visibilit\u00e9 croissante nous permet de contester les discours unilat\u00e9raux et rend beaucoup plus difficile pour les d\u00e9cideurs de faire comme si notre communaut\u00e9 n&#039;existait pas.<\/span><\/p>\n<h4><b>Vapeo Responsable et Am\u00e9rique Latine\u00a0\u00a0<\/b><\/h4>\n<p><span style=\"font-weight: 400;\">Nous avons \u00e9galement intensifi\u00e9 notre action en Am\u00e9rique latine. En Argentine, nous avons lanc\u00e9 Vapeo Responsable, appelant le gouvernement \u00e0 mettre fin \u00e0 son interdiction irrationnelle du vapotage et \u00e0 la remplacer par une r\u00e9glementation de bon sens.<\/span><\/p>\n<p><img loading=\"lazy\" decoding=\"async\" class=\"alignnone wp-image-6656\" src=\"https:\/\/worldvapersalliance.com\/wp-content\/uploads\/2025\/12\/Vapeo-Responsable-activation-image-300x149.png\" alt=\"\" width=\"658\" height=\"327\" \/><\/p>\n<p><img loading=\"lazy\" decoding=\"async\" class=\"alignnone wp-image-6657\" src=\"https:\/\/worldvapersalliance.com\/wp-content\/uploads\/2025\/12\/Vapeo-Responsable-Media-Hits-image-300x101.png\" alt=\"\" width=\"609\" height=\"205\" srcset=\"https:\/\/worldvapersalliance.com\/wp-content\/uploads\/2025\/12\/Vapeo-Responsable-Media-Hits-image-300x101.png 300w, https:\/\/worldvapersalliance.com\/wp-content\/uploads\/2025\/12\/Vapeo-Responsable-Media-Hits-image-1024x346.png 1024w, https:\/\/worldvapersalliance.com\/wp-content\/uploads\/2025\/12\/Vapeo-Responsable-Media-Hits-image-768x259.png 768w, https:\/\/worldvapersalliance.com\/wp-content\/uploads\/2025\/12\/Vapeo-Responsable-Media-Hits-image-18x6.png 18w, https:\/\/worldvapersalliance.com\/wp-content\/uploads\/2025\/12\/Vapeo-Responsable-Media-Hits-image-600x203.png 600w, https:\/\/worldvapersalliance.com\/wp-content\/uploads\/2025\/12\/Vapeo-Responsable-Media-Hits-image.png 1057w\" sizes=\"(max-width: 609px) 100vw, 609px\" \/><\/p>\n<p><span style=\"font-weight: 400;\">L&#039;id\u00e9e est simple. Le vapotage existe en Argentine, que les politiciens le veuillent ou non. L&#039;interdire ne ferait que le rendre clandestin et contraindre les fumeurs \u00e0 rester fid\u00e8les aux cigarettes. Avec Vapeo Responsable, nous encourageons les utilisateurs \u00e0 s&#039;exprimer, \u00e0 demander des r\u00e8gles raisonnables et \u00e0 montrer que la s\u00e9curit\u00e9, la qualit\u00e9 et le respect des normes sont des valeurs importantes pour les vapoteurs.\u00a0\u00a0<\/span><\/p>\n<p><span style=\"font-weight: 400;\">En Colombie, notre responsable des politiques publiques, Alberto, a particip\u00e9 \u00e0 une table ronde technique au S\u00e9nat sur un projet de loi relatif \u00e0 la taxation des produits de vapotage et des cigarettes. Cette participation est importante car de nombreux gouvernements tentent encore de taxer les produits de vapotage comme les cigarettes, ce qui complique la transition pour les fumeurs. Notre pr\u00e9sence \u00e0 cette table ronde nous a permis d&#039;expliquer que la politique fiscale doit \u00eatre fond\u00e9e sur l&#039;analyse des risques, et non sur des dogmes.\u00a0\u00a0<\/span><\/p>\n<p><img loading=\"lazy\" decoding=\"async\" class=\"alignnone wp-image-6658\" src=\"https:\/\/worldvapersalliance.com\/wp-content\/uploads\/2025\/12\/Testimonial-image-300x205.png\" alt=\"\" width=\"536\" height=\"367\" srcset=\"https:\/\/worldvapersalliance.com\/wp-content\/uploads\/2025\/12\/Testimonial-image-300x205.png 300w, https:\/\/worldvapersalliance.com\/wp-content\/uploads\/2025\/12\/Testimonial-image-18x12.png 18w, https:\/\/worldvapersalliance.com\/wp-content\/uploads\/2025\/12\/Testimonial-image-600x410.png 600w, https:\/\/worldvapersalliance.com\/wp-content\/uploads\/2025\/12\/Testimonial-image.png 682w\" sizes=\"(max-width: 536px) 100vw, 536px\" \/><\/p>\n<h4><b>Plan cardiovasculaire de l&#039;UE quand les preuves sont ignor\u00e9es\u00a0\u00a0<\/b><\/h4>\n<p><span style=\"font-weight: 400;\">L&#039;un des aspects les plus frustrants de l&#039;ann\u00e9e a \u00e9t\u00e9 le plan cardiovasculaire de l&#039;UE (d\u00e9sormais appel\u00e9 plan \u00ab\u00a0C\u0153urs s\u00fbrs\u00a0\u00bb). Plus t\u00f4t dans le processus, lors de la consultation publique men\u00e9e par la Commission europ\u00e9enne, nous <\/span><a href=\"https:\/\/worldvapersalliance.com\/fr_be\/eu-consultation-shows-76-support-for-harm-reduction-in-cardiovascular-policy\/\"><span style=\"font-weight: 400;\">analys\u00e9<\/span><\/a><span style=\"font-weight: 400;\"> Les contributions ont r\u00e9v\u00e9l\u00e9 un fort soutien \u00e0 l&#039;inclusion d&#039;alternatives moins nocives comme outils de r\u00e9duction du tabagisme et des maladies cardiaques. De nombreux citoyens et experts ont clairement soutenu la r\u00e9duction des risques.\u00a0\u00a0<\/span><\/p>\n<p><span style=\"font-weight: 400;\">Mais lorsque le plan final a \u00e9t\u00e9 publi\u00e9, la plupart de ces \u00e9l\u00e9ments ont \u00e9t\u00e9 ignor\u00e9s. La r\u00e9duction des risques a \u00e9t\u00e9 rel\u00e9gu\u00e9e au second plan. C&#039;est pourquoi nous <\/span><a href=\"https:\/\/worldvapersalliance.com\/fr_be\/wva-attacks-eu-safe-hearts-plan-for-ignoring-harm-reduction\/\"><span style=\"font-weight: 400;\">a pris la parole<\/span><\/a><span style=\"font-weight: 400;\"> Ce plan est contest\u00e9 car il ignore la r\u00e9duction des risques et laisse passer une occasion de r\u00e9duire concr\u00e8tement les maladies li\u00e9es au tabagisme. On a l&#039;impression que Bruxelles a une fois de plus privil\u00e9gi\u00e9 l&#039;id\u00e9ologie au d\u00e9triment de solutions efficaces pour les fumeurs sur le terrain.\u00a0\u00a0<\/span><\/p>\n<p><span style=\"font-weight: 400;\">Pour notre communaut\u00e9, c&#039;est d\u00e9cevant, mais pas surprenant. Cela montre combien il est important que nous continuions \u00e0 nous faire entendre et \u00e0 faire pression sur les d\u00e9cideurs. Sans nous, les seules voix qu&#039;ils entendront seront celles de groupes qui veulent tout restreindre et qui nient l&#039;existence d&#039;alternatives moins nocives.\u00a0\u00a0<\/span><\/p>\n<h4><b>Regardons ensemble vers l&#039;avenir\u00a0\u00a0<\/b><\/h4>\n<p><span style=\"font-weight: 400;\">Alors, o\u00f9 en sommes-nous fin 2025\u00a0? Nous avons recueilli 100\u00a0000 signatures europ\u00e9ennes, men\u00e9 d\u2019importantes campagnes \u00e0 Bruxelles, Dublin, Gen\u00e8ve et en Am\u00e9rique latine, obtenu des preuves plus solides du soutien des citoyens \u00e0 la r\u00e9duction des risques et entendu directement les vapoteurs cette ann\u00e9e aupr\u00e8s de plus d\u2019une centaine de d\u00e9cideurs politiques.\u00a0\u00a0<\/span><\/p>\n<p><span style=\"font-weight: 400;\">Parall\u00e8lement, la pression persiste. L&#039;UE envisage toujours de durcir la r\u00e9glementation sur le vapotage et les sachets. L&#039;OMS maintient des positions hostiles \u00e0 la r\u00e9duction des risques. Les gouvernements nationaux continuent de flirter avec l&#039;interdiction des ar\u00f4mes et l&#039;instauration de taxes \u00e9lev\u00e9es. Le plan Safe Hearts d\u00e9montre clairement que m\u00eame lorsque les citoyens s&#039;expriment, les d\u00e9cideurs peuvent rester sourds \u00e0 leurs revendications.\u00a0\u00a0<\/span><\/p>\n<p><span style=\"font-weight: 400;\">Mais cette ann\u00e9e m&#039;a appris quelque chose d&#039;important. Quand les vapoteurs s&#039;organisent et se font entendre, les choses commencent \u00e0 bouger. Les spectacles de lumi\u00e8res \u00e0 Gen\u00e8ve ou les remises de troph\u00e9es \u00e0 Bruxelles peuvent para\u00eetre insignifiants compar\u00e9s aux grandes institutions, mais ils changent la donne. Ils rendent plus difficile pour les d\u00e9cideurs de nous ignorer.\u00a0\u00a0<\/span><\/p>\n<p><span style=\"font-weight: 400;\">Alors merci. D&#039;avoir sign\u00e9. D&#039;\u00eatre venus. D&#039;avoir partag\u00e9 votre histoire. D&#039;avoir d\u00e9battu avec vos amis, les politiciens et m\u00eame parfois les m\u00e9decins. En 2026, nous aurons de nouveau besoin de cette \u00e9nergie. La WVA continuera le combat, mais nous comptons sur votre soutien.\u00a0\u00a0\u00a0<\/span><\/p>\n<p><span style=\"font-weight: 400;\">Nous sommes des vapoteurs. Nous savons ce qui nous convient. Et nous ne laisserons personne nous priver des options moins nocives sans nous battre. Exprimez-vous partout o\u00f9 vous le pouvez, continuez \u00e0 vapoter et bonne ann\u00e9e\u00a0!. <\/span><\/p>","protected":false},"excerpt":{"rendered":"<p>What a year. 2025 was intense but also inspiring. So, I&#8217;d like to look back together with you and share what we accomplished as a community, as well as where we pushed back against bad policy and made efforts to move things in the right direction.\u00a0\u00a0 This is not a press release. It is a [&hellip;]<\/p>\n","protected":false},"author":4,"featured_media":6659,"comment_status":"open","ping_status":"open","sticky":false,"template":"","format":"standard","meta":{"footnotes":""},"categories":[17],"tags":[],"class_list":["post-6648","post","type-post","status-publish","format-standard","has-post-thumbnail","hentry","category-blog"],"yoast_head":"<!-- This site is optimized with the Yoast SEO plugin v27.5 - https:\/\/yoast.com\/product\/yoast-seo-wordpress\/ -->\n<title>Wrapped: Our Year Together at the World Vapers Alliance - World Vapers&#039; Alliance<\/title>\n<meta name=\"description\" content=\"2025 was intense but also inspiring. I&#039;d like to look back and share what we accomplished together as a community.\" \/>\n<meta name=\"robots\" content=\"index, follow, max-snippet:-1, max-image-preview:large, max-video-preview:-1\" \/>\n<link rel=\"canonical\" href=\"https:\/\/worldvapersalliance.com\/fr_be\/wrapped-our-year-together-at-the-world-vapers-alliance\/\" \/>\n<meta property=\"og:locale\" content=\"fr_FR\" \/>\n<meta property=\"og:type\" content=\"article\" \/>\n<meta property=\"og:title\" content=\"Wrapped: Our Year Together at the World Vapers Alliance - World Vapers&#039; Alliance\" \/>\n<meta property=\"og:description\" content=\"2025 was intense but also inspiring. I&#039;d like to look back and share what we accomplished together as a community.\" \/>\n<meta property=\"og:url\" content=\"https:\/\/worldvapersalliance.com\/fr_be\/wrapped-our-year-together-at-the-world-vapers-alliance\/\" \/>\n<meta property=\"og:site_name\" content=\"World Vapers&#039; Alliance\" \/>\n<meta property=\"article:published_time\" content=\"2025-12-24T23:39:39+00:00\" \/>\n<meta property=\"og:image\" content=\"https:\/\/worldvapersalliance.com\/wp-content\/uploads\/2025\/12\/Year-in-review-blog-image-1024x945.png\" \/>\n\t<meta property=\"og:image:width\" content=\"1024\" \/>\n\t<meta property=\"og:image:height\" content=\"945\" \/>\n\t<meta property=\"og:image:type\" content=\"image\/png\" \/>\n<meta name=\"author\" content=\"Michael Landl\" \/>\n<meta name=\"twitter:card\" content=\"summary_large_image\" \/>\n<meta name=\"twitter:label1\" content=\"\u00c9crit par\" \/>\n\t<meta name=\"twitter:data1\" content=\"Michael Landl\" \/>\n\t<meta name=\"twitter:label2\" content=\"Dur\u00e9e de lecture est.\" \/>\n\t<meta name=\"twitter:data2\" content=\"8 minutes\" \/>\n<script type=\"application\/ld+json\" class=\"yoast-schema-graph\">{\"@context\":\"https:\\\/\\\/schema.org\",\"@graph\":[{\"@type\":\"Article\",\"@id\":\"https:\\\/\\\/worldvapersalliance.com\\\/wrapped-our-year-together-at-the-world-vapers-alliance\\\/#article\",\"isPartOf\":{\"@id\":\"https:\\\/\\\/worldvapersalliance.com\\\/wrapped-our-year-together-at-the-world-vapers-alliance\\\/\"},\"author\":{\"name\":\"Michael Landl\",\"@id\":\"https:\\\/\\\/worldvapersalliance.com\\\/#\\\/schema\\\/person\\\/05f663571d787d89a2d5c77c482a6583\"},\"headline\":\"Wrapped: Our Year Together at the World Vapers Alliance\",\"datePublished\":\"2025-12-24T23:39:39+00:00\",\"mainEntityOfPage\":{\"@id\":\"https:\\\/\\\/worldvapersalliance.com\\\/wrapped-our-year-together-at-the-world-vapers-alliance\\\/\"},\"wordCount\":1361,\"commentCount\":0,\"publisher\":{\"@id\":\"https:\\\/\\\/worldvapersalliance.com\\\/#organization\"},\"image\":{\"@id\":\"https:\\\/\\\/worldvapersalliance.com\\\/wrapped-our-year-together-at-the-world-vapers-alliance\\\/#primaryimage\"},\"thumbnailUrl\":\"https:\\\/\\\/worldvapersalliance.com\\\/wp-content\\\/uploads\\\/2025\\\/12\\\/Year-in-review-blog-image.png\",\"articleSection\":[\"Blog\"],\"inLanguage\":\"fr-BE\",\"potentialAction\":[{\"@type\":\"CommentAction\",\"name\":\"Comment\",\"target\":[\"https:\\\/\\\/worldvapersalliance.com\\\/wrapped-our-year-together-at-the-world-vapers-alliance\\\/#respond\"]}]},{\"@type\":\"WebPage\",\"@id\":\"https:\\\/\\\/worldvapersalliance.com\\\/wrapped-our-year-together-at-the-world-vapers-alliance\\\/\",\"url\":\"https:\\\/\\\/worldvapersalliance.com\\\/wrapped-our-year-together-at-the-world-vapers-alliance\\\/\",\"name\":\"Wrapped: Our Year Together at the World Vapers Alliance - World Vapers&#039; Alliance\",\"isPartOf\":{\"@id\":\"https:\\\/\\\/worldvapersalliance.com\\\/#website\"},\"primaryImageOfPage\":{\"@id\":\"https:\\\/\\\/worldvapersalliance.com\\\/wrapped-our-year-together-at-the-world-vapers-alliance\\\/#primaryimage\"},\"image\":{\"@id\":\"https:\\\/\\\/worldvapersalliance.com\\\/wrapped-our-year-together-at-the-world-vapers-alliance\\\/#primaryimage\"},\"thumbnailUrl\":\"https:\\\/\\\/worldvapersalliance.com\\\/wp-content\\\/uploads\\\/2025\\\/12\\\/Year-in-review-blog-image.png\",\"datePublished\":\"2025-12-24T23:39:39+00:00\",\"description\":\"2025 was intense but also inspiring. I'd like to look back and share what we accomplished together as a community.\",\"inLanguage\":\"fr-BE\",\"potentialAction\":[{\"@type\":\"ReadAction\",\"target\":[\"https:\\\/\\\/worldvapersalliance.com\\\/wrapped-our-year-together-at-the-world-vapers-alliance\\\/\"]}]},{\"@type\":\"ImageObject\",\"inLanguage\":\"fr-BE\",\"@id\":\"https:\\\/\\\/worldvapersalliance.com\\\/wrapped-our-year-together-at-the-world-vapers-alliance\\\/#primaryimage\",\"url\":\"https:\\\/\\\/worldvapersalliance.com\\\/wp-content\\\/uploads\\\/2025\\\/12\\\/Year-in-review-blog-image.png\",\"contentUrl\":\"https:\\\/\\\/worldvapersalliance.com\\\/wp-content\\\/uploads\\\/2025\\\/12\\\/Year-in-review-blog-image.png\",\"width\":2081,\"height\":1920},{\"@type\":\"WebSite\",\"@id\":\"https:\\\/\\\/worldvapersalliance.com\\\/#website\",\"url\":\"https:\\\/\\\/worldvapersalliance.com\\\/\",\"name\":\"World Vapers&#039; Alliance\",\"description\":\"The largest community of vapers\",\"publisher\":{\"@id\":\"https:\\\/\\\/worldvapersalliance.com\\\/#organization\"},\"potentialAction\":[{\"@type\":\"SearchAction\",\"target\":{\"@type\":\"EntryPoint\",\"urlTemplate\":\"https:\\\/\\\/worldvapersalliance.com\\\/?s={search_term_string}\"},\"query-input\":{\"@type\":\"PropertyValueSpecification\",\"valueRequired\":true,\"valueName\":\"search_term_string\"}}],\"inLanguage\":\"fr-BE\"},{\"@type\":\"Organization\",\"@id\":\"https:\\\/\\\/worldvapersalliance.com\\\/#organization\",\"name\":\"World Vapers&#039; Alliance\",\"url\":\"https:\\\/\\\/worldvapersalliance.com\\\/\",\"logo\":{\"@type\":\"ImageObject\",\"inLanguage\":\"fr-BE\",\"@id\":\"https:\\\/\\\/worldvapersalliance.com\\\/#\\\/schema\\\/logo\\\/image\\\/\",\"url\":\"https:\\\/\\\/worldvapersalliance.com\\\/wp-content\\\/uploads\\\/2022\\\/01\\\/WVA_RB_Fist_G.png\",\"contentUrl\":\"https:\\\/\\\/worldvapersalliance.com\\\/wp-content\\\/uploads\\\/2022\\\/01\\\/WVA_RB_Fist_G.png\",\"width\":985,\"height\":1177,\"caption\":\"World Vapers&#039; Alliance\"},\"image\":{\"@id\":\"https:\\\/\\\/worldvapersalliance.com\\\/#\\\/schema\\\/logo\\\/image\\\/\"}},{\"@type\":\"Person\",\"@id\":\"https:\\\/\\\/worldvapersalliance.com\\\/#\\\/schema\\\/person\\\/05f663571d787d89a2d5c77c482a6583\",\"name\":\"Michael Landl\",\"image\":{\"@type\":\"ImageObject\",\"inLanguage\":\"fr-BE\",\"@id\":\"https:\\\/\\\/secure.gravatar.com\\\/avatar\\\/1537a11db5ae7fef0631b6c662f439d8a632c50630c980828d0e2c4de581568b?s=96&d=mm&r=g\",\"url\":\"https:\\\/\\\/secure.gravatar.com\\\/avatar\\\/1537a11db5ae7fef0631b6c662f439d8a632c50630c980828d0e2c4de581568b?s=96&d=mm&r=g\",\"contentUrl\":\"https:\\\/\\\/secure.gravatar.com\\\/avatar\\\/1537a11db5ae7fef0631b6c662f439d8a632c50630c980828d0e2c4de581568b?s=96&d=mm&r=g\",\"caption\":\"Michael Landl\"},\"url\":\"https:\\\/\\\/worldvapersalliance.com\\\/fr_be\\\/author\\\/michael\\\/\"}]}<\/script>\n<!-- \/ Yoast SEO plugin. -->","yoast_head_json":{"title":"Bilan : Notre ann\u00e9e ensemble \u00e0 la World Vapers Alliance - World Vapers&#039; Alliance","description":"L&#039;ann\u00e9e 2025 a \u00e9t\u00e9 intense mais aussi source d&#039;inspiration. J&#039;aimerais revenir sur cette p\u00e9riode et partager ce que nous avons accompli ensemble, en tant que communaut\u00e9.","robots":{"index":"index","follow":"follow","max-snippet":"max-snippet:-1","max-image-preview":"max-image-preview:large","max-video-preview":"max-video-preview:-1"},"canonical":"https:\/\/worldvapersalliance.com\/fr_be\/wrapped-our-year-together-at-the-world-vapers-alliance\/","og_locale":"fr_FR","og_type":"article","og_title":"Wrapped: Our Year Together at the World Vapers Alliance - World Vapers&#039; Alliance","og_description":"2025 was intense but also inspiring. I'd like to look back and share what we accomplished together as a community.","og_url":"https:\/\/worldvapersalliance.com\/fr_be\/wrapped-our-year-together-at-the-world-vapers-alliance\/","og_site_name":"World Vapers&#039; Alliance","article_published_time":"2025-12-24T23:39:39+00:00","og_image":[{"width":1024,"height":945,"url":"https:\/\/worldvapersalliance.com\/wp-content\/uploads\/2025\/12\/Year-in-review-blog-image-1024x945.png","type":"image\/png"}],"author":"Michael Landl","twitter_card":"summary_large_image","twitter_misc":{"\u00c9crit par":"Michael Landl","Dur\u00e9e de lecture est.":"8 minutes"},"schema":{"@context":"https:\/\/schema.org","@graph":[{"@type":"Article","@id":"https:\/\/worldvapersalliance.com\/wrapped-our-year-together-at-the-world-vapers-alliance\/#article","isPartOf":{"@id":"https:\/\/worldvapersalliance.com\/wrapped-our-year-together-at-the-world-vapers-alliance\/"},"author":{"name":"Michael Landl","@id":"https:\/\/worldvapersalliance.com\/#\/schema\/person\/05f663571d787d89a2d5c77c482a6583"},"headline":"Wrapped: Our Year Together at the World Vapers Alliance","datePublished":"2025-12-24T23:39:39+00:00","mainEntityOfPage":{"@id":"https:\/\/worldvapersalliance.com\/wrapped-our-year-together-at-the-world-vapers-alliance\/"},"wordCount":1361,"commentCount":0,"publisher":{"@id":"https:\/\/worldvapersalliance.com\/#organization"},"image":{"@id":"https:\/\/worldvapersalliance.com\/wrapped-our-year-together-at-the-world-vapers-alliance\/#primaryimage"},"thumbnailUrl":"https:\/\/worldvapersalliance.com\/wp-content\/uploads\/2025\/12\/Year-in-review-blog-image.png","articleSection":["Blog"],"inLanguage":"fr-BE","potentialAction":[{"@type":"CommentAction","name":"Comment","target":["https:\/\/worldvapersalliance.com\/wrapped-our-year-together-at-the-world-vapers-alliance\/#respond"]}]},{"@type":"WebPage","@id":"https:\/\/worldvapersalliance.com\/wrapped-our-year-together-at-the-world-vapers-alliance\/","url":"https:\/\/worldvapersalliance.com\/wrapped-our-year-together-at-the-world-vapers-alliance\/","name":"Bilan : Notre ann\u00e9e ensemble \u00e0 la World Vapers Alliance - World Vapers&#039; Alliance","isPartOf":{"@id":"https:\/\/worldvapersalliance.com\/#website"},"primaryImageOfPage":{"@id":"https:\/\/worldvapersalliance.com\/wrapped-our-year-together-at-the-world-vapers-alliance\/#primaryimage"},"image":{"@id":"https:\/\/worldvapersalliance.com\/wrapped-our-year-together-at-the-world-vapers-alliance\/#primaryimage"},"thumbnailUrl":"https:\/\/worldvapersalliance.com\/wp-content\/uploads\/2025\/12\/Year-in-review-blog-image.png","datePublished":"2025-12-24T23:39:39+00:00","description":"L&#039;ann\u00e9e 2025 a \u00e9t\u00e9 intense mais aussi source d&#039;inspiration. J&#039;aimerais revenir sur cette p\u00e9riode et partager ce que nous avons accompli ensemble, en tant que communaut\u00e9.","inLanguage":"fr-BE","potentialAction":[{"@type":"ReadAction","target":["https:\/\/worldvapersalliance.com\/wrapped-our-year-together-at-the-world-vapers-alliance\/"]}]},{"@type":"ImageObject","inLanguage":"fr-BE","@id":"https:\/\/worldvapersalliance.com\/wrapped-our-year-together-at-the-world-vapers-alliance\/#primaryimage","url":"https:\/\/worldvapersalliance.com\/wp-content\/uploads\/2025\/12\/Year-in-review-blog-image.png","contentUrl":"https:\/\/worldvapersalliance.com\/wp-content\/uploads\/2025\/12\/Year-in-review-blog-image.png","width":2081,"height":1920},{"@type":"WebSite","@id":"https:\/\/worldvapersalliance.com\/#website","url":"https:\/\/worldvapersalliance.com\/","name":"Alliance mondiale des vapoteurs","description":"La plus grande communaut\u00e9 de vapoteurs","publisher":{"@id":"https:\/\/worldvapersalliance.com\/#organization"},"potentialAction":[{"@type":"SearchAction","target":{"@type":"EntryPoint","urlTemplate":"https:\/\/worldvapersalliance.com\/?s={search_term_string}"},"query-input":{"@type":"PropertyValueSpecification","valueRequired":true,"valueName":"search_term_string"}}],"inLanguage":"fr-BE"},{"@type":"Organization","@id":"https:\/\/worldvapersalliance.com\/#organization","name":"Alliance mondiale des vapoteurs","url":"https:\/\/worldvapersalliance.com\/","logo":{"@type":"ImageObject","inLanguage":"fr-BE","@id":"https:\/\/worldvapersalliance.com\/#\/schema\/logo\/image\/","url":"https:\/\/worldvapersalliance.com\/wp-content\/uploads\/2022\/01\/WVA_RB_Fist_G.png","contentUrl":"https:\/\/worldvapersalliance.com\/wp-content\/uploads\/2022\/01\/WVA_RB_Fist_G.png","width":985,"height":1177,"caption":"World Vapers&#039; Alliance"},"image":{"@id":"https:\/\/worldvapersalliance.com\/#\/schema\/logo\/image\/"}},{"@type":"Person","@id":"https:\/\/worldvapersalliance.com\/#\/schema\/person\/05f663571d787d89a2d5c77c482a6583","name":"Michel Landl","image":{"@type":"ImageObject","inLanguage":"fr-BE","@id":"https:\/\/secure.gravatar.com\/avatar\/1537a11db5ae7fef0631b6c662f439d8a632c50630c980828d0e2c4de581568b?s=96&d=mm&r=g","url":"https:\/\/secure.gravatar.com\/avatar\/1537a11db5ae7fef0631b6c662f439d8a632c50630c980828d0e2c4de581568b?s=96&d=mm&r=g","contentUrl":"https:\/\/secure.gravatar.com\/avatar\/1537a11db5ae7fef0631b6c662f439d8a632c50630c980828d0e2c4de581568b?s=96&d=mm&r=g","caption":"Michael Landl"},"url":"https:\/\/worldvapersalliance.com\/fr_be\/author\/michael\/"}]}},"_links":{"self":[{"href":"https:\/\/worldvapersalliance.com\/fr_be\/wp-json\/wp\/v2\/posts\/6648","targetHints":{"allow":["GET"]}}],"collection":[{"href":"https:\/\/worldvapersalliance.com\/fr_be\/wp-json\/wp\/v2\/posts"}],"about":[{"href":"https:\/\/worldvapersalliance.com\/fr_be\/wp-json\/wp\/v2\/types\/post"}],"author":[{"embeddable":true,"href":"https:\/\/worldvapersalliance.com\/fr_be\/wp-json\/wp\/v2\/users\/4"}],"replies":[{"embeddable":true,"href":"https:\/\/worldvapersalliance.com\/fr_be\/wp-json\/wp\/v2\/comments?post=6648"}],"version-history":[{"count":0,"href":"https:\/\/worldvapersalliance.com\/fr_be\/wp-json\/wp\/v2\/posts\/6648\/revisions"}],"wp:featuredmedia":[{"embeddable":true,"href":"https:\/\/worldvapersalliance.com\/fr_be\/wp-json\/wp\/v2\/media\/6659"}],"wp:attachment":[{"href":"https:\/\/worldvapersalliance.com\/fr_be\/wp-json\/wp\/v2\/media?parent=6648"}],"wp:term":[{"taxonomy":"category","embeddable":true,"href":"https:\/\/worldvapersalliance.com\/fr_be\/wp-json\/wp\/v2\/categories?post=6648"},{"taxonomy":"post_tag","embeddable":true,"href":"https:\/\/worldvapersalliance.com\/fr_be\/wp-json\/wp\/v2\/tags?post=6648"}],"curies":[{"name":"wp","href":"https:\/\/api.w.org\/{rel}","templated":true}]}}