{"id":6404,"date":"2025-07-06T12:12:41","date_gmt":"2025-07-06T16:12:41","guid":{"rendered":"https:\/\/worldvapersalliance.com\/?p=6404"},"modified":"2025-08-08T12:19:15","modified_gmt":"2025-08-08T16:19:15","slug":"when-will-eu-health-policy-makers-look-at-the-successes-in-sweden-the-czech-republic-and-greece","status":"publish","type":"post","link":"https:\/\/worldvapersalliance.com\/fr_be\/when-will-eu-health-policy-makers-look-at-the-successes-in-sweden-the-czech-republic-and-greece\/","title":{"rendered":"Quand les d\u00e9cideurs politiques de l&#039;UE en mati\u00e8re de sant\u00e9 s&#039;int\u00e9resseront-ils aux succ\u00e8s de la Su\u00e8de, de la R\u00e9publique tch\u00e8que\u2026"},"content":{"rendered":"<p class=\"\"><em><strong>Les champions europ\u00e9ens de la r\u00e9duction des risques montent sur le podium \u2013 L\u2019UE suivra-t-elle enfin ?<\/strong><\/em><\/p>\n<p class=\"\"><em><strong>La semaine derni\u00e8re, Bruxelles a accueilli une c\u00e9r\u00e9monie digne de la Ligue des champions, organis\u00e9e juste devant le Parlement europ\u00e9en (photo). La Su\u00e8de, la R\u00e9publique tch\u00e8que et la Gr\u00e8ce ont \u00e9t\u00e9 couronn\u00e9es \u201c\u00a0\u2026\u00a0\u00bb<a href=\"https:\/\/worldvapersalliance.com\/fr_be\/champions-of-change\/\">Champions du changement<\/a>\u201dL\u2019Alliance mondiale des vapoteurs leur a d\u00e9cern\u00e9 ce prix pour leur r\u00f4le moteur dans la r\u00e9duction des risques li\u00e9s au tabac. Ces pays ont d\u00e9montr\u00e9 que des strat\u00e9gies pragmatiques et fond\u00e9es sur des donn\u00e9es probantes \u2013 ax\u00e9es sur des alternatives plus s\u00fbres plut\u00f4t que sur l\u2019interdiction \u2013 constituent le moyen le plus rapide et le plus efficace de r\u00e9duire le tabagisme. Pourtant, malgr\u00e9 ces r\u00e9sultats, l\u2019UE h\u00e9site encore \u00e0 suivre le mouvement, s\u2019accrochant \u00e0 des politiques obsol\u00e8tes qui p\u00e9nalisent des millions de fumeurs. Bruxelles finira-t-elle par en prendre conscience\u00a0?<\/strong><\/em><\/p>\n<p class=\"\">Alors que les institutions de l&#039;UE restent englu\u00e9es dans des d\u00e9bats sur l&#039;interdiction et la sanction, ces trois pays montrent ce qui fonctionne\u00a0: proposer des alternatives plus s\u00fbres et donner aux fumeurs adultes les moyens de changer leurs habitudes.<\/p>\n<ul class=\"\">\n<li><strong>Su\u00e8de<\/strong>\u00a0La Su\u00e8de est sur le point de devenir le premier pays au monde officiellement sans tabac. Avec un taux de tabagisme national de seulement 5,41\u00a0TP4T (et seulement 4,51\u00a0TP4T chez les adultes n\u00e9s en Su\u00e8de), elle atteint l\u2019objectif de l\u2019UE pour 2040 avec 16\u00a0ans d\u2019avance. Ce succ\u00e8s n\u2019est pas d\u00fb \u00e0 des interdictions ni \u00e0 des campagnes de peur, mais \u00e0 des politiques pragmatiques soutenant le snus, les sachets de nicotine et le vapotage.<\/li>\n<li><strong>La R\u00e9publique tch\u00e8que<\/strong>\u00a0La R\u00e9publique tch\u00e8que a enregistr\u00e9 la plus forte baisse du tabagisme au sein de l&#039;UE \u2013 une r\u00e9duction de 231\u00a0000 cigarettes entre 2021 et 2024 \u2013 gr\u00e2ce \u00e0 une strat\u00e9gie globale ax\u00e9e sur la r\u00e9duction des risques. Le gouvernement a int\u00e9gr\u00e9 cette approche dans sa strat\u00e9gie nationale de lutte contre la d\u00e9pendance pour la p\u00e9riode 2019-2027, r\u00e9glement\u00e9 les cigarettes \u00e9lectroniques afin de permettre une large gamme d&#039;ar\u00f4mes et tax\u00e9 les produits de vapotage et le tabac chauff\u00e9 \u00e0 des taux nettement inf\u00e9rieurs \u00e0 ceux des cigarettes. Durant sa pr\u00e9sidence du Conseil de l&#039;UE en 2022, la R\u00e9publique tch\u00e8que a \u00e9galement men\u00e9 la lutte contre les propositions restrictives au niveau europ\u00e9en et continue de le faire par le biais de la proc\u00e9dure de notification TRIS.<\/li>\n<li><strong>Gr\u00e8ce<\/strong>, La Tha\u00eflande, qui figurait parmi les pays europ\u00e9ens o\u00f9 le tabagisme \u00e9tait le plus r\u00e9pandu, a r\u00e9duit sa consommation de tabac de 141\u00a0000\u00a0t\/100\u00a0000\u00a0personnes entre 2021 et 2024. Cette \u00e9volution fait suite au lancement, en 2019, du Plan d\u2019action national contre le tabagisme, qui place la r\u00e9duction des risques au c\u0153ur de ses priorit\u00e9s. Ce plan a \u00e9t\u00e9 renforc\u00e9 par une loi autorisant les all\u00e9gations de sant\u00e9 fond\u00e9es sur des donn\u00e9es scientifiques pour les produits sans fum\u00e9e, et, en 2023, le minist\u00e8re de la Sant\u00e9 a approuv\u00e9 la diffusion de messages de r\u00e9duction des risques pour le tabac chauff\u00e9. Ensemble, ces mesures portent leurs fruits.<\/li>\n<\/ul>\n<p class=\"\"><strong>Pourtant, malgr\u00e9 ces r\u00e9sultats tangibles, l&#039;UE reste camp\u00e9e sur une approche prohibitionniste. Au lieu de reconna\u00eetre et de reproduire le succ\u00e8s de la r\u00e9duction des risques, Bruxelles continue de privil\u00e9gier l&#039;interdiction des ar\u00f4mes, une taxation excessive et une communication publique trompeuse.<\/strong><\/p>\n<p class=\"\">Le danger de cette approche est apparu encore plus clairement il y a quelques semaines, lorsque des documents internes relatifs \u00e0 la prochaine r\u00e9vision de la directive sur les accises sur le tabac (DAT) ont fuit\u00e9. L&#039;analyse d&#039;impact a r\u00e9v\u00e9l\u00e9 l&#039;intention de la Commission d&#039;imposer des taxes d&#039;accise minimales \u00e9lev\u00e9es sur tous les produits nicotiniques alternatifs, ind\u00e9pendamment des risques. Une telle mesure p\u00e9naliserait de mani\u00e8re disproportionn\u00e9e les populations les plus vuln\u00e9rables de l&#039;UE, notamment dans les \u00c9tats membres \u00e0 faible revenu o\u00f9 les taux de tabagisme restent les plus \u00e9lev\u00e9s. Au lieu d&#039;aider les fumeurs \u00e0 arr\u00eater, elle p\u00e9naliserait ceux qui ont le plus besoin d&#039;alternatives plus s\u00fbres.<\/p>\n<p class=\"\">La r\u00e9vision de la directive sur les produits du tabac (DPT) repr\u00e9sente \u00e9galement un enjeu majeur, \u00e0 la fois un risque et une opportunit\u00e9 pour l&#039;UE de changer de cap. Mais au lieu de s&#039;orienter vers la r\u00e9duction des risques, de nombreux \u00c9tats membres prennent la direction oppos\u00e9e.\u00a0<strong>France<\/strong>\u00a0a annonc\u00e9 l&#039;interdiction des sachets de nicotine.\u00a0<strong>Espagne<\/strong>\u00a0fait pression pour interdire les ar\u00f4mes dans les produits de vapotage et les sachets de nicotine, tout en proposant une interdiction de facto des sachets en limitant la teneur en nicotine \u00e0 0,99 mg par sachet. Des interdictions d&#039;ar\u00f4mes ont d\u00e9j\u00e0 \u00e9t\u00e9 mises en \u0153uvre ou sont en cours de discussion dans\u00a0<strong>Danemark, Estonie, Finlande, Hongrie, Lettonie, Lituanie, Pays-Bas,\u00a0<\/strong>et\u00a0<strong>Slov\u00e9nie<\/strong>. Dans\u00a0<strong>Belgique<\/strong>, Les cigarettes \u00e9lectroniques jetables sont d\u00e9sormais interdites. Cette vague de mesures restrictives menace d&#039;an\u00e9antir les progr\u00e8s accomplis dans des pays comme la Su\u00e8de, la R\u00e9publique tch\u00e8que et la Gr\u00e8ce, et risque de pousser des millions de fumeurs \u00e0 retourner \u00e0 la cigarette ou \u00e0 se tourner vers le march\u00e9 illicite.<\/p>\n<p class=\"\">L\u2019UE ne peut se permettre de laisser l\u2019id\u00e9ologie et la d\u00e9sinformation fa\u00e7onner sa prochaine politique antitabac. Elle doit prendre en compte le v\u00e9cu des consommateurs et les r\u00e9ussites d\u00e9j\u00e0 constat\u00e9es en Europe. Des millions de vies sont en jeu et, si la situation reste inchang\u00e9e, l\u2019UE risque de manquer son objectif d\u2019un monde sans tabac d\u2019ici 2040 de plus d\u2019un demi-si\u00e8cle, voire de ne pas l\u2019atteindre avant 2100. Le co\u00fbt humain et mat\u00e9riel se mesurera en vies humaines perdues inutilement.<\/p>\n<p class=\"\">La Su\u00e8de, la R\u00e9publique tch\u00e8que et la Gr\u00e8ce ont d\u00e9montr\u00e9 que lorsque les gouvernements privil\u00e9gient la science et le libre choix du consommateur, le tabagisme diminue. L&#039;UE doit choisir entre pers\u00e9v\u00e9rer dans un mod\u00e8le d\u00e9faillant ou enfin suivre ses d\u00e9fenseurs et soutenir les solutions qui fonctionnent.<\/p>\n<p class=\"\">Le troph\u00e9e remis cette semaine \u00e9tait plus que symbolique. Il rappelait que l&#039;Europe poss\u00e8de d\u00e9j\u00e0 la strat\u00e9gie gagnante. Il est temps maintenant de l&#039;utiliser pour faire de l&#039;UE non seulement un acteur majeur, mais un champion du monde dans la lutte contre le tabagisme.<\/p>\n<p>Initialement publi\u00e9 <a href=\"https:\/\/www.brusselsreport.eu\/2025\/07\/06\/when-will-eu-health-policy-makers-look-at-the-successes-in-sweden-the-czech-republic-and-greece\/\" target=\"_blank\" rel=\"noopener\">ici<\/a><\/p>","protected":false},"excerpt":{"rendered":"<p>Europe\u2019s Harm Reduction Champions Take the Podium\u2014Will the EU Finally Follow? Last week, Brussels became the stage for a Champions League-style ceremony held just outside the European Parliament (picture). Sweden, the Czech Republic, and Greece were crowned \u201cChampions of Change\u201d by the World Vapers\u2019 Alliance for their leadership in tobacco harm reduction. These countries have [&hellip;]<\/p>\n","protected":false},"author":14,"featured_media":6394,"comment_status":"open","ping_status":"open","sticky":false,"template":"","format":"standard","meta":{"footnotes":""},"categories":[15],"tags":[],"class_list":["post-6404","post","type-post","status-publish","format-standard","has-post-thumbnail","hentry","category-wva-in-the-news"],"yoast_head":"<!-- This site is optimized with the Yoast SEO plugin v27.3 - https:\/\/yoast.com\/product\/yoast-seo-wordpress\/ -->\n<title>When will EU health policy makers look at the successes in Sweden, the Czech Republic and Greece? - World Vapers&#039; Alliance<\/title>\n<meta name=\"robots\" content=\"index, follow, max-snippet:-1, max-image-preview:large, max-video-preview:-1\" \/>\n<link rel=\"canonical\" href=\"https:\/\/worldvapersalliance.com\/fr_be\/when-will-eu-health-policy-makers-look-at-the-successes-in-sweden-the-czech-republic-and-greece\/\" \/>\n<meta property=\"og:locale\" content=\"fr_FR\" \/>\n<meta property=\"og:type\" content=\"article\" \/>\n<meta property=\"og:title\" content=\"When will EU health policy makers look at the successes in Sweden, the Czech Republic and Greece? - World Vapers&#039; Alliance\" \/>\n<meta property=\"og:description\" content=\"Europe\u2019s Harm Reduction Champions Take the Podium\u2014Will the EU Finally Follow? Last week, Brussels became the stage for a Champions League-style ceremony held just outside the European Parliament (picture). Sweden, the Czech Republic, and Greece were crowned \u201cChampions of Change\u201d by the World Vapers\u2019 Alliance for their leadership in tobacco harm reduction. These countries have [&hellip;]\" \/>\n<meta property=\"og:url\" content=\"https:\/\/worldvapersalliance.com\/fr_be\/when-will-eu-health-policy-makers-look-at-the-successes-in-sweden-the-czech-republic-and-greece\/\" \/>\n<meta property=\"og:site_name\" content=\"World Vapers&#039; Alliance\" \/>\n<meta property=\"article:published_time\" content=\"2025-07-06T16:12:41+00:00\" \/>\n<meta property=\"article:modified_time\" content=\"2025-08-08T16:19:15+00:00\" \/>\n<meta property=\"og:image\" content=\"https:\/\/worldvapersalliance.com\/wp-content\/uploads\/2025\/08\/WVA-in-the-news.png\" \/>\n\t<meta property=\"og:image:width\" content=\"1264\" \/>\n\t<meta property=\"og:image:height\" content=\"848\" \/>\n\t<meta property=\"og:image:type\" content=\"image\/png\" \/>\n<meta name=\"author\" content=\"Alberto Hernandez\" \/>\n<meta name=\"twitter:card\" content=\"summary_large_image\" \/>\n<meta name=\"twitter:label1\" content=\"\u00c9crit par\" \/>\n\t<meta name=\"twitter:data1\" content=\"Alberto Hernandez\" \/>\n\t<meta name=\"twitter:label2\" content=\"Dur\u00e9e de lecture est.\" \/>\n\t<meta name=\"twitter:data2\" content=\"4 minutes\" \/>\n<script type=\"application\/ld+json\" class=\"yoast-schema-graph\">{\"@context\":\"https:\\\/\\\/schema.org\",\"@graph\":[{\"@type\":\"Article\",\"@id\":\"https:\\\/\\\/worldvapersalliance.com\\\/when-will-eu-health-policy-makers-look-at-the-successes-in-sweden-the-czech-republic-and-greece\\\/#article\",\"isPartOf\":{\"@id\":\"https:\\\/\\\/worldvapersalliance.com\\\/when-will-eu-health-policy-makers-look-at-the-successes-in-sweden-the-czech-republic-and-greece\\\/\"},\"author\":{\"name\":\"Alberto Hernandez\",\"@id\":\"https:\\\/\\\/worldvapersalliance.com\\\/#\\\/schema\\\/person\\\/9b81eefe507e68fb5ab671aa0ab2bfb6\"},\"headline\":\"When will EU health policy makers look at the successes in Sweden, the Czec &hellip;\",\"datePublished\":\"2025-07-06T16:12:41+00:00\",\"dateModified\":\"2025-08-08T16:19:15+00:00\",\"mainEntityOfPage\":{\"@id\":\"https:\\\/\\\/worldvapersalliance.com\\\/when-will-eu-health-policy-makers-look-at-the-successes-in-sweden-the-czech-republic-and-greece\\\/\"},\"wordCount\":774,\"commentCount\":0,\"publisher\":{\"@id\":\"https:\\\/\\\/worldvapersalliance.com\\\/#organization\"},\"image\":{\"@id\":\"https:\\\/\\\/worldvapersalliance.com\\\/when-will-eu-health-policy-makers-look-at-the-successes-in-sweden-the-czech-republic-and-greece\\\/#primaryimage\"},\"thumbnailUrl\":\"https:\\\/\\\/worldvapersalliance.com\\\/wp-content\\\/uploads\\\/2025\\\/08\\\/WVA-in-the-news.png\",\"articleSection\":[\"WVA in the News\"],\"inLanguage\":\"fr-BE\",\"potentialAction\":[{\"@type\":\"CommentAction\",\"name\":\"Comment\",\"target\":[\"https:\\\/\\\/worldvapersalliance.com\\\/when-will-eu-health-policy-makers-look-at-the-successes-in-sweden-the-czech-republic-and-greece\\\/#respond\"]}]},{\"@type\":\"WebPage\",\"@id\":\"https:\\\/\\\/worldvapersalliance.com\\\/when-will-eu-health-policy-makers-look-at-the-successes-in-sweden-the-czech-republic-and-greece\\\/\",\"url\":\"https:\\\/\\\/worldvapersalliance.com\\\/when-will-eu-health-policy-makers-look-at-the-successes-in-sweden-the-czech-republic-and-greece\\\/\",\"name\":\"When will EU health policy makers look at the successes in Sweden, the Czech Republic and Greece? - World Vapers&#039; Alliance\",\"isPartOf\":{\"@id\":\"https:\\\/\\\/worldvapersalliance.com\\\/#website\"},\"primaryImageOfPage\":{\"@id\":\"https:\\\/\\\/worldvapersalliance.com\\\/when-will-eu-health-policy-makers-look-at-the-successes-in-sweden-the-czech-republic-and-greece\\\/#primaryimage\"},\"image\":{\"@id\":\"https:\\\/\\\/worldvapersalliance.com\\\/when-will-eu-health-policy-makers-look-at-the-successes-in-sweden-the-czech-republic-and-greece\\\/#primaryimage\"},\"thumbnailUrl\":\"https:\\\/\\\/worldvapersalliance.com\\\/wp-content\\\/uploads\\\/2025\\\/08\\\/WVA-in-the-news.png\",\"datePublished\":\"2025-07-06T16:12:41+00:00\",\"dateModified\":\"2025-08-08T16:19:15+00:00\",\"inLanguage\":\"fr-BE\",\"potentialAction\":[{\"@type\":\"ReadAction\",\"target\":[\"https:\\\/\\\/worldvapersalliance.com\\\/when-will-eu-health-policy-makers-look-at-the-successes-in-sweden-the-czech-republic-and-greece\\\/\"]}]},{\"@type\":\"ImageObject\",\"inLanguage\":\"fr-BE\",\"@id\":\"https:\\\/\\\/worldvapersalliance.com\\\/when-will-eu-health-policy-makers-look-at-the-successes-in-sweden-the-czech-republic-and-greece\\\/#primaryimage\",\"url\":\"https:\\\/\\\/worldvapersalliance.com\\\/wp-content\\\/uploads\\\/2025\\\/08\\\/WVA-in-the-news.png\",\"contentUrl\":\"https:\\\/\\\/worldvapersalliance.com\\\/wp-content\\\/uploads\\\/2025\\\/08\\\/WVA-in-the-news.png\",\"width\":1264,\"height\":848},{\"@type\":\"WebSite\",\"@id\":\"https:\\\/\\\/worldvapersalliance.com\\\/#website\",\"url\":\"https:\\\/\\\/worldvapersalliance.com\\\/\",\"name\":\"World Vapers&#039; Alliance\",\"description\":\"The largest community of vapers\",\"publisher\":{\"@id\":\"https:\\\/\\\/worldvapersalliance.com\\\/#organization\"},\"potentialAction\":[{\"@type\":\"SearchAction\",\"target\":{\"@type\":\"EntryPoint\",\"urlTemplate\":\"https:\\\/\\\/worldvapersalliance.com\\\/?s={search_term_string}\"},\"query-input\":{\"@type\":\"PropertyValueSpecification\",\"valueRequired\":true,\"valueName\":\"search_term_string\"}}],\"inLanguage\":\"fr-BE\"},{\"@type\":\"Organization\",\"@id\":\"https:\\\/\\\/worldvapersalliance.com\\\/#organization\",\"name\":\"World Vapers&#039; Alliance\",\"url\":\"https:\\\/\\\/worldvapersalliance.com\\\/\",\"logo\":{\"@type\":\"ImageObject\",\"inLanguage\":\"fr-BE\",\"@id\":\"https:\\\/\\\/worldvapersalliance.com\\\/#\\\/schema\\\/logo\\\/image\\\/\",\"url\":\"https:\\\/\\\/worldvapersalliance.com\\\/wp-content\\\/uploads\\\/2022\\\/01\\\/WVA_RB_Fist_G.png\",\"contentUrl\":\"https:\\\/\\\/worldvapersalliance.com\\\/wp-content\\\/uploads\\\/2022\\\/01\\\/WVA_RB_Fist_G.png\",\"width\":985,\"height\":1177,\"caption\":\"World Vapers&#039; Alliance\"},\"image\":{\"@id\":\"https:\\\/\\\/worldvapersalliance.com\\\/#\\\/schema\\\/logo\\\/image\\\/\"}},{\"@type\":\"Person\",\"@id\":\"https:\\\/\\\/worldvapersalliance.com\\\/#\\\/schema\\\/person\\\/9b81eefe507e68fb5ab671aa0ab2bfb6\",\"name\":\"Alberto Hernandez\",\"image\":{\"@type\":\"ImageObject\",\"inLanguage\":\"fr-BE\",\"@id\":\"https:\\\/\\\/secure.gravatar.com\\\/avatar\\\/124dc1dd8c5f9c9f352af940db00418f1add423008d32a51d5497b5de2c9ff35?s=96&d=mm&r=g\",\"url\":\"https:\\\/\\\/secure.gravatar.com\\\/avatar\\\/124dc1dd8c5f9c9f352af940db00418f1add423008d32a51d5497b5de2c9ff35?s=96&d=mm&r=g\",\"contentUrl\":\"https:\\\/\\\/secure.gravatar.com\\\/avatar\\\/124dc1dd8c5f9c9f352af940db00418f1add423008d32a51d5497b5de2c9ff35?s=96&d=mm&r=g\",\"caption\":\"Alberto Hernandez\"},\"url\":\"https:\\\/\\\/worldvapersalliance.com\\\/fr_be\\\/author\\\/alberto\\\/\"}]}<\/script>\n<!-- \/ Yoast SEO plugin. -->","yoast_head_json":{"title":"Quand les d\u00e9cideurs politiques de l&#039;UE en mati\u00e8re de sant\u00e9 s&#039;int\u00e9resseront-ils aux r\u00e9ussites de la Su\u00e8de, de la R\u00e9publique tch\u00e8que et de la Gr\u00e8ce\u00a0? \u2013 Alliance mondiale des vapoteurs","robots":{"index":"index","follow":"follow","max-snippet":"max-snippet:-1","max-image-preview":"max-image-preview:large","max-video-preview":"max-video-preview:-1"},"canonical":"https:\/\/worldvapersalliance.com\/fr_be\/when-will-eu-health-policy-makers-look-at-the-successes-in-sweden-the-czech-republic-and-greece\/","og_locale":"fr_FR","og_type":"article","og_title":"When will EU health policy makers look at the successes in Sweden, the Czech Republic and Greece? - World Vapers&#039; Alliance","og_description":"Europe\u2019s Harm Reduction Champions Take the Podium\u2014Will the EU Finally Follow? Last week, Brussels became the stage for a Champions League-style ceremony held just outside the European Parliament (picture). Sweden, the Czech Republic, and Greece were crowned \u201cChampions of Change\u201d by the World Vapers\u2019 Alliance for their leadership in tobacco harm reduction. These countries have [&hellip;]","og_url":"https:\/\/worldvapersalliance.com\/fr_be\/when-will-eu-health-policy-makers-look-at-the-successes-in-sweden-the-czech-republic-and-greece\/","og_site_name":"World Vapers&#039; Alliance","article_published_time":"2025-07-06T16:12:41+00:00","article_modified_time":"2025-08-08T16:19:15+00:00","og_image":[{"width":1264,"height":848,"url":"https:\/\/worldvapersalliance.com\/wp-content\/uploads\/2025\/08\/WVA-in-the-news.png","type":"image\/png"}],"author":"Alberto Hernandez","twitter_card":"summary_large_image","twitter_misc":{"\u00c9crit par":"Alberto Hernandez","Dur\u00e9e de lecture est.":"4 minutes"},"schema":{"@context":"https:\/\/schema.org","@graph":[{"@type":"Article","@id":"https:\/\/worldvapersalliance.com\/when-will-eu-health-policy-makers-look-at-the-successes-in-sweden-the-czech-republic-and-greece\/#article","isPartOf":{"@id":"https:\/\/worldvapersalliance.com\/when-will-eu-health-policy-makers-look-at-the-successes-in-sweden-the-czech-republic-and-greece\/"},"author":{"name":"Alberto Hernandez","@id":"https:\/\/worldvapersalliance.com\/#\/schema\/person\/9b81eefe507e68fb5ab671aa0ab2bfb6"},"headline":"When will EU health policy makers look at the successes in Sweden, the Czec &hellip;","datePublished":"2025-07-06T16:12:41+00:00","dateModified":"2025-08-08T16:19:15+00:00","mainEntityOfPage":{"@id":"https:\/\/worldvapersalliance.com\/when-will-eu-health-policy-makers-look-at-the-successes-in-sweden-the-czech-republic-and-greece\/"},"wordCount":774,"commentCount":0,"publisher":{"@id":"https:\/\/worldvapersalliance.com\/#organization"},"image":{"@id":"https:\/\/worldvapersalliance.com\/when-will-eu-health-policy-makers-look-at-the-successes-in-sweden-the-czech-republic-and-greece\/#primaryimage"},"thumbnailUrl":"https:\/\/worldvapersalliance.com\/wp-content\/uploads\/2025\/08\/WVA-in-the-news.png","articleSection":["WVA in the News"],"inLanguage":"fr-BE","potentialAction":[{"@type":"CommentAction","name":"Comment","target":["https:\/\/worldvapersalliance.com\/when-will-eu-health-policy-makers-look-at-the-successes-in-sweden-the-czech-republic-and-greece\/#respond"]}]},{"@type":"WebPage","@id":"https:\/\/worldvapersalliance.com\/when-will-eu-health-policy-makers-look-at-the-successes-in-sweden-the-czech-republic-and-greece\/","url":"https:\/\/worldvapersalliance.com\/when-will-eu-health-policy-makers-look-at-the-successes-in-sweden-the-czech-republic-and-greece\/","name":"Quand les d\u00e9cideurs politiques de l&#039;UE en mati\u00e8re de sant\u00e9 s&#039;int\u00e9resseront-ils aux r\u00e9ussites de la Su\u00e8de, de la R\u00e9publique tch\u00e8que et de la Gr\u00e8ce\u00a0? \u2013 Alliance mondiale des vapoteurs","isPartOf":{"@id":"https:\/\/worldvapersalliance.com\/#website"},"primaryImageOfPage":{"@id":"https:\/\/worldvapersalliance.com\/when-will-eu-health-policy-makers-look-at-the-successes-in-sweden-the-czech-republic-and-greece\/#primaryimage"},"image":{"@id":"https:\/\/worldvapersalliance.com\/when-will-eu-health-policy-makers-look-at-the-successes-in-sweden-the-czech-republic-and-greece\/#primaryimage"},"thumbnailUrl":"https:\/\/worldvapersalliance.com\/wp-content\/uploads\/2025\/08\/WVA-in-the-news.png","datePublished":"2025-07-06T16:12:41+00:00","dateModified":"2025-08-08T16:19:15+00:00","inLanguage":"fr-BE","potentialAction":[{"@type":"ReadAction","target":["https:\/\/worldvapersalliance.com\/when-will-eu-health-policy-makers-look-at-the-successes-in-sweden-the-czech-republic-and-greece\/"]}]},{"@type":"ImageObject","inLanguage":"fr-BE","@id":"https:\/\/worldvapersalliance.com\/when-will-eu-health-policy-makers-look-at-the-successes-in-sweden-the-czech-republic-and-greece\/#primaryimage","url":"https:\/\/worldvapersalliance.com\/wp-content\/uploads\/2025\/08\/WVA-in-the-news.png","contentUrl":"https:\/\/worldvapersalliance.com\/wp-content\/uploads\/2025\/08\/WVA-in-the-news.png","width":1264,"height":848},{"@type":"WebSite","@id":"https:\/\/worldvapersalliance.com\/#website","url":"https:\/\/worldvapersalliance.com\/","name":"Alliance mondiale des vapoteurs","description":"La plus grande communaut\u00e9 de vapoteurs","publisher":{"@id":"https:\/\/worldvapersalliance.com\/#organization"},"potentialAction":[{"@type":"SearchAction","target":{"@type":"EntryPoint","urlTemplate":"https:\/\/worldvapersalliance.com\/?s={search_term_string}"},"query-input":{"@type":"PropertyValueSpecification","valueRequired":true,"valueName":"search_term_string"}}],"inLanguage":"fr-BE"},{"@type":"Organization","@id":"https:\/\/worldvapersalliance.com\/#organization","name":"Alliance mondiale des vapoteurs","url":"https:\/\/worldvapersalliance.com\/","logo":{"@type":"ImageObject","inLanguage":"fr-BE","@id":"https:\/\/worldvapersalliance.com\/#\/schema\/logo\/image\/","url":"https:\/\/worldvapersalliance.com\/wp-content\/uploads\/2022\/01\/WVA_RB_Fist_G.png","contentUrl":"https:\/\/worldvapersalliance.com\/wp-content\/uploads\/2022\/01\/WVA_RB_Fist_G.png","width":985,"height":1177,"caption":"World Vapers&#039; Alliance"},"image":{"@id":"https:\/\/worldvapersalliance.com\/#\/schema\/logo\/image\/"}},{"@type":"Person","@id":"https:\/\/worldvapersalliance.com\/#\/schema\/person\/9b81eefe507e68fb5ab671aa0ab2bfb6","name":"Alberto Hernandez","image":{"@type":"ImageObject","inLanguage":"fr-BE","@id":"https:\/\/secure.gravatar.com\/avatar\/124dc1dd8c5f9c9f352af940db00418f1add423008d32a51d5497b5de2c9ff35?s=96&d=mm&r=g","url":"https:\/\/secure.gravatar.com\/avatar\/124dc1dd8c5f9c9f352af940db00418f1add423008d32a51d5497b5de2c9ff35?s=96&d=mm&r=g","contentUrl":"https:\/\/secure.gravatar.com\/avatar\/124dc1dd8c5f9c9f352af940db00418f1add423008d32a51d5497b5de2c9ff35?s=96&d=mm&r=g","caption":"Alberto Hernandez"},"url":"https:\/\/worldvapersalliance.com\/fr_be\/author\/alberto\/"}]}},"_links":{"self":[{"href":"https:\/\/worldvapersalliance.com\/fr_be\/wp-json\/wp\/v2\/posts\/6404","targetHints":{"allow":["GET"]}}],"collection":[{"href":"https:\/\/worldvapersalliance.com\/fr_be\/wp-json\/wp\/v2\/posts"}],"about":[{"href":"https:\/\/worldvapersalliance.com\/fr_be\/wp-json\/wp\/v2\/types\/post"}],"author":[{"embeddable":true,"href":"https:\/\/worldvapersalliance.com\/fr_be\/wp-json\/wp\/v2\/users\/14"}],"replies":[{"embeddable":true,"href":"https:\/\/worldvapersalliance.com\/fr_be\/wp-json\/wp\/v2\/comments?post=6404"}],"version-history":[{"count":0,"href":"https:\/\/worldvapersalliance.com\/fr_be\/wp-json\/wp\/v2\/posts\/6404\/revisions"}],"wp:featuredmedia":[{"embeddable":true,"href":"https:\/\/worldvapersalliance.com\/fr_be\/wp-json\/wp\/v2\/media\/6394"}],"wp:attachment":[{"href":"https:\/\/worldvapersalliance.com\/fr_be\/wp-json\/wp\/v2\/media?parent=6404"}],"wp:term":[{"taxonomy":"category","embeddable":true,"href":"https:\/\/worldvapersalliance.com\/fr_be\/wp-json\/wp\/v2\/categories?post=6404"},{"taxonomy":"post_tag","embeddable":true,"href":"https:\/\/worldvapersalliance.com\/fr_be\/wp-json\/wp\/v2\/tags?post=6404"}],"curies":[{"name":"wp","href":"https:\/\/api.w.org\/{rel}","templated":true}]}}